{"id":276511,"date":"2026-01-08T07:20:55","date_gmt":"2026-01-08T10:20:55","guid":{"rendered":"https:\/\/www.agrobase.com.br\/concursos\/?p=276511"},"modified":"2026-01-07T14:19:35","modified_gmt":"2026-01-07T17:19:35","slug":"prefeitura-antonio-joao-ms-selecao-simplificada-01-2026","status":"publish","type":"post","link":"https:\/\/www.agrobase.com.br\/concursos\/2026\/prefeitura-antonio-joao-ms-selecao-simplificada-01-2026\/","title":{"rendered":"Prefeitura Ant\u00f4nio Jo\u00e3o (MS) &#8211; Sele\u00e7\u00e3o Simplificada 01\/2026"},"content":{"rendered":"<h2>Informa\u00e7\u00f5es Gerais<\/h2>\n<p>O Munic\u00edpio de <strong>Antonio Jo\u00e3o<\/strong>, no Mato Grosso do Sul, publicou o <strong>Edital n\u00ba 001\/2026<\/strong>, que estabelece as normas para a realiza\u00e7\u00e3o de <strong>Processo Seletivo Simplificado<\/strong> destinado \u00e0 contrata\u00e7\u00e3o tempor\u00e1ria de profissionais para atua\u00e7\u00e3o na <strong>Secretaria Municipal de Educa\u00e7\u00e3o e Cultura (SEMEC)<\/strong> durante o ano letivo de 2026.<\/p>\n<p>O certame visa \u00e0 forma\u00e7\u00e3o de <strong>cadastro reserva<\/strong> para diversas fun\u00e7\u00f5es na \u00e1rea da educa\u00e7\u00e3o, com convoca\u00e7\u00f5es realizadas conforme a necessidade do munic\u00edpio. A contrata\u00e7\u00e3o ser\u00e1 por tempo determinado, em regime tempor\u00e1rio, conforme legisla\u00e7\u00e3o municipal vigente.<\/p>\n<p>As oportunidades contemplam profissionais de <strong>todos os n\u00edveis de escolaridade<\/strong>: fundamental incompleto, fundamental completo, m\u00e9dio\/t\u00e9cnico e superior. As vagas abrangem cargos de <strong>Professor Regente<\/strong>, professores de disciplinas espec\u00edficas (L\u00edngua Portuguesa, Matem\u00e1tica, Ci\u00eancias, Hist\u00f3ria, Geografia, Ingl\u00eas, Arte e Educa\u00e7\u00e3o F\u00edsica), al\u00e9m de fun\u00e7\u00f5es de apoio educacional, como Servi\u00e7o de Nutri\u00e7\u00e3o Escolar, Limpeza e Manuten\u00e7\u00e3o, Transporte Escolar e Apoio ao Educador.<\/p>\n<p>O processo seletivo tamb\u00e9m oferece vagas espec\u00edficas para a <strong>Escola Ind\u00edgena MBO EROY TUP\u00c3I ARANDU RE\u00d1OI<\/strong>, com requisitos adicionais relacionados \u00e0 resid\u00eancia em \u00e1rea ind\u00edgena e v\u00ednculo com a etnia Guarani-Kaiow\u00e1.<\/p>\n<p>Continue a leitura para conhecer os detalhes sobre inscri\u00e7\u00f5es, etapas de sele\u00e7\u00e3o e divulga\u00e7\u00e3o dos resultados.<\/p>\n<h2>Inscri\u00e7\u00f5es<\/h2>\n<p>As inscri\u00e7\u00f5es para o Processo Seletivo Simplificado da Prefeitura de Antonio Jo\u00e3o\/MS estar\u00e3o abertas no per\u00edodo de <strong>16 a 22 de janeiro de 2026<\/strong>, nos hor\u00e1rios das <strong>7h30 \u00e0s 10h<\/strong> e das <strong>13h \u00e0s 16h<\/strong>.<\/p>\n<p>A inscri\u00e7\u00e3o dever\u00e1 ser realizada <strong>exclusivamente de forma presencial<\/strong>, na sede da Secretaria Municipal de Educa\u00e7\u00e3o e Cultura (SEMEC), localizada na <strong>Rua Campo Grande, n\u00ba 880, Centro, Antonio Jo\u00e3o\/MS<\/strong>.<\/p>\n<p><strong>N\u00e3o h\u00e1 cobran\u00e7a de taxa de inscri\u00e7\u00e3o<\/strong> para participar deste processo seletivo.<\/p>\n<p>No ato da inscri\u00e7\u00e3o, o candidato dever\u00e1 entregar:<\/p>\n<ul>\n<li>Ficha de inscri\u00e7\u00e3o preenchida (dispon\u00edvel na SEMEC ou nos anexos do edital);<\/li>\n<li>Curr\u00edculo e documentos comprobat\u00f3rios de t\u00edtulos;<\/li>\n<li>Documento oficial com foto (RG ou CNH);<\/li>\n<li>Diploma ou certificado de escolaridade exigida para o cargo;<\/li>\n<li>Certificados de cursos de forma\u00e7\u00e3o (40h, 60h, 80h ou 100h);<\/li>\n<li>Comprovante de tempo de servi\u00e7o (se houver);<\/li>\n<li>Demais documentos conforme exig\u00eancia do cargo pretendido.<\/li>\n<\/ul>\n<p>\u00c9 permitida a inscri\u00e7\u00e3o por meio de <strong>procurador<\/strong>, mediante apresenta\u00e7\u00e3o de procura\u00e7\u00e3o com firma reconhecida. Cada candidato poder\u00e1 realizar inscri\u00e7\u00e3o para, no m\u00e1ximo, <strong>dois cargos<\/strong>, utilizando fichas individualizadas.<\/p>\n<p><strong>N\u00e3o ser\u00e3o aceitas<\/strong> inscri\u00e7\u00f5es via postal, fax, e-mail, WhatsApp ou fora do prazo estabelecido.<\/p>\n<p>O edital completo est\u00e1 dispon\u00edvel para consulta no Di\u00e1rio Oficial da ASSOMASUL e na sede da SEMEC. Recomenda-se a leitura integral do documento para verificar todos os requisitos e procedimentos.<\/p>\n<h2>Etapas e Provas<\/h2>\n<p>O Processo Seletivo Simplificado da Prefeitura de Antonio Jo\u00e3o\/MS ser\u00e1 composto por <strong>etapa \u00fanica<\/strong>, de car\u00e1ter <strong>eliminat\u00f3rio e classificat\u00f3rio<\/strong>:<\/p>\n<p><strong>Avalia\u00e7\u00e3o Curricular e de T\u00edtulos<\/strong><\/p>\n<ul>\n<li>Consiste na an\u00e1lise dos documentos e t\u00edtulos apresentados pelo candidato no momento da inscri\u00e7\u00e3o;<\/li>\n<li>A Comiss\u00e3o designada realizar\u00e1 triagem minuciosa para verificar o cumprimento dos requisitos b\u00e1sicos do cargo;<\/li>\n<li>Candidatos que n\u00e3o comprovarem os requisitos m\u00ednimos ser\u00e3o <strong>eliminados<\/strong>, sem direito \u00e0 pontua\u00e7\u00e3o de t\u00edtulos.<\/li>\n<\/ul>\n<p><strong>Crit\u00e9rios de pontua\u00e7\u00e3o:<\/strong><\/p>\n<ul>\n<li>Certificados ou declara\u00e7\u00f5es de cursos de forma\u00e7\u00e3o com carga hor\u00e1ria m\u00ednima de 40 horas;<\/li>\n<li>Os cursos devem ter sido realizados entre <strong>1\u00ba de janeiro de 2021<\/strong> e a data de publica\u00e7\u00e3o do edital;<\/li>\n<li>Os documentos devem ser expedidos por institui\u00e7\u00e3o oficial reconhecida, devidamente identificados, carimbados e assinados;<\/li>\n<li>Tempo de servi\u00e7o comprovado;<\/li>\n<li>Licenciatura extra e especializa\u00e7\u00f5es (quando aplic\u00e1vel ao cargo).<\/li>\n<\/ul>\n<p>A classifica\u00e7\u00e3o final ser\u00e1 definida pela <strong>ordem decrescente<\/strong> da pontua\u00e7\u00e3o obtida na Avalia\u00e7\u00e3o Curricular e de T\u00edtulos.<\/p>\n<p>Para informa\u00e7\u00f5es detalhadas sobre os crit\u00e9rios de pontua\u00e7\u00e3o, documenta\u00e7\u00e3o aceita e demais regras, consulte o edital completo.<\/p>\n<h2>Resultados e Gabarito<\/h2>\n<p>Ap\u00f3s a conclus\u00e3o da etapa de Avalia\u00e7\u00e3o Curricular e de T\u00edtulos, a <strong>classifica\u00e7\u00e3o preliminar<\/strong> ser\u00e1 divulgada pela Secretaria Municipal de Educa\u00e7\u00e3o e Cultura.<\/p>\n<p><strong>Crit\u00e9rios de desempate:<\/strong><\/p>\n<ul>\n<li>Candidato com maior idade, conforme o Estatuto do Idoso;<\/li>\n<li>Candidato com maior pontua\u00e7\u00e3o no item T\u00edtulos.<\/li>\n<\/ul>\n<p><strong>Recursos:<\/strong><\/p>\n<ul>\n<li>O prazo para interposi\u00e7\u00e3o de recursos \u00e9 de <strong>24 horas<\/strong>, contadas a partir do dia subsequente \u00e0 divulga\u00e7\u00e3o do resultado;<\/li>\n<li>Os recursos devem ser protocolados <strong>presencialmente<\/strong> na sede da SEMEC, endere\u00e7ados \u00e0 Secret\u00e1ria Municipal de Educa\u00e7\u00e3o;<\/li>\n<li>O resultado dos recursos ser\u00e1 publicado na sede da SEMEC e no site da Prefeitura Municipal.<\/li>\n<\/ul>\n<p><strong>Homologa\u00e7\u00e3o:<\/strong><\/p>\n<p>Ap\u00f3s a an\u00e1lise dos recursos, o <strong>Resultado Final<\/strong> ser\u00e1 homologado pela Secret\u00e1ria Municipal de Educa\u00e7\u00e3o e Cultura e publicado no Di\u00e1rio Oficial da ASSOMASUL, al\u00e9m de ser afixado na sede da SEMEC.<\/p>\n<p><strong>Convoca\u00e7\u00e3o:<\/strong><\/p>\n<ul>\n<li>Os candidatos aprovados ser\u00e3o convocados conforme a necessidade do munic\u00edpio, por meio de publica\u00e7\u00e3o em Di\u00e1rio Oficial;<\/li>\n<li>O candidato convocado ter\u00e1 <strong>48 horas<\/strong> para manifestar interesse na vaga, sob pena de perda da classifica\u00e7\u00e3o.<\/li>\n<\/ul>\n<p><strong>Validade:<\/strong> O processo seletivo ter\u00e1 validade de <strong>1 (um) ano<\/strong>, podendo ser prorrogado por igual per\u00edodo.<\/p>\n<p>\u00c9 de <strong>responsabilidade exclusiva do candidato<\/strong> acompanhar todas as publica\u00e7\u00f5es oficiais no Di\u00e1rio Oficial da ASSOMASUL e na sede da SEMEC, mantendo-se atualizado sobre convoca\u00e7\u00f5es, prazos e demais comunicados.<\/p>\n","protected":false},"excerpt":{"rendered":"<p>Inscri\u00e7\u00f5es abrem 16\/01! Sel. Simplificada Pref. Ant\u00f4nio Jo\u00e3o (MS) p\/ Professor e Apoio Escolar (Fund. a Sup.). CR vagas. Prepare-se e veja o edital!<\/p>\n","protected":false},"author":7,"featured_media":276510,"comment_status":"open","ping_status":"open","sticky":false,"template":"","format":"standard","meta":{"_acf_changed":false,"_breakdance_hide_in_design_set":false,"_breakdance_tags":"","footnotes":""},"categories":[145,6433,6434,111,100,20,6871,116,25],"tags":[48],"_amplo":[],"destaque":[],"instituicoes":[],"class_list":["post-276511","post","type-post","status-publish","format-standard","has-post-thumbnail","hentry","category-artes-cenicas","category-biologia-licenciatura","category-educacao-fisica-licenciatura","category-geografia","category-historia","category-letras","category-letras-ingles","category-matematica","category-pedagogia","tag-mato-grosso-do-sul"],"acf":{"_tipo_vagas":"vagas","_numero_vagas":"","_quadro_vagas":"","_cargos":"diversos","_cargos_especificos":"","_salario_max":"","_abertura":"20260116","_encerramento":"20260122","_inscricoes":"http:\/\/diariooficialms.com.br\/assomasul","_executora_concurso":"","_instituicao_concurso":[],"_link_adicional":null,"_anexos":null,"_produtos":null,"_vagas":"CR","_salario_min":"","_instituicao":"Prefeitura de Ant\u00f4nio Jo\u00e3o","_edital":"https:\/\/www.agrobase.com.br\/concursos\/wp-content\/uploads\/sites\/4\/2026\/01\/edital-01-2026-prefeitura-de-antonio-joao-ms.pdf","_anexos_edital":"","_fund_incompleto":"<div>\r\n<table class=\"quadro\">\r\n<thead>\r\n<tr>\r\n<th class=\"hcargo\">Cargo<\/th>\r\n<th class=\"hvagas\">Vagas<\/th>\r\n\r\n<\/tr>\r\n<\/thead>\r\n    <tbody>\r\n      <td class=\"ccargos\">\r\n<span data-balloon-length=\"medium\" aria-label=\"Ensino Fundamental Incompleto.\" data-balloon-pos=\"up\">SERVI\u00c7O DE LAVADEIRA - Geral<\/span><\/td>\r\n<td class=\"cvagas\">CR<\/td>\r\n\r\n<\/tr><td class=\"ccargos\">\r\n<span data-balloon-length=\"medium\" aria-label=\"Ensino Fundamental Incompleto.\" data-balloon-pos=\"up\">SERVI\u00c7O DE LIMPEZA E MANUTEN\u00c7\u00c3O DE INFRAESTRUTURA - Geral<\/span><\/td>\r\n<td class=\"cvagas\">CR<\/td>\r\n\r\n<\/tr><td class=\"ccargos\">\r\n<span data-balloon-length=\"medium\" aria-label=\"Ensino Fundamental Incompleto.\" data-balloon-pos=\"up\">SERVI\u00c7O DE NUTRI\u00c7\u00c3O ESCOLAR - Geral<\/span><\/td>\r\n<td class=\"cvagas\">CR<\/td>\r\n\r\n<\/tr><td class=\"ccargos\">\r\n<span data-balloon-length=\"medium\" aria-label=\"Ensino Fundamental Incompleto.\" data-balloon-pos=\"up\">SERVI\u00c7O DE INSPE\u00c7\u00c3O DE ALUNOS - Geral<\/span><\/td>\r\n<td class=\"cvagas\">CR<\/td>\r\n\r\n<\/tr><td class=\"ccargos\">\r\n<span data-balloon-length=\"medium\" aria-label=\"Ensino Fundamental Incompleto, CNH no m\u00ednimo categoria D, curso de Transporte Escolar ATIVO e exame toxicol\u00f3gico atualizado.\" data-balloon-pos=\"up\">SERVI\u00c7O DE TRANSPORTE ESCOLAR - MOTORISTA - Geral<\/span><\/td>\r\n<td class=\"cvagas\">CR<\/td>\r\n\r\n<\/tr><td class=\"ccargos\">\r\n<span data-balloon-length=\"medium\" aria-label=\"Ensino Fundamental Incompleto. Requisito adicional: Residir em \u00e1rea ind\u00edgena, aprova\u00e7\u00e3o da comunidade e v\u00ednculo com a etnia Guarani - Kaiow\u00e1.\" data-balloon-pos=\"up\">SERVI\u00c7O DE LIMPEZA E MANUTEN\u00c7\u00c3O DE INFRAESTRUTURA (Escola Ind\u00edgena MBO EROY TUP\u00c3I ARANDU RE\u00d1OI)<\/span><\/td>\r\n<td class=\"cvagas\">CR<\/td>\r\n\r\n<\/tr><td class=\"ccargos\">\r\n<span data-balloon-length=\"medium\" aria-label=\"Ensino Fundamental Incompleto. Requisito adicional: Residir em \u00e1rea ind\u00edgena, aprova\u00e7\u00e3o da comunidade e v\u00ednculo com a etnia Guarani - Kaiow\u00e1.\" data-balloon-pos=\"up\">SERVI\u00c7O DE NUTRI\u00c7\u00c3O ESCOLAR (Escola Ind\u00edgena MBO EROY TUP\u00c3I ARANDU RE\u00d1OI)<\/span><\/td>\r\n<td class=\"cvagas\">CR<\/td>\r\n\r\n<\/tr><td class=\"ccargos\">\r\n<span data-balloon-length=\"medium\" aria-label=\"Ensino Fundamental Incompleto. Requisito adicional: Residir em \u00e1rea ind\u00edgena, aprova\u00e7\u00e3o da comunidade e v\u00ednculo com a etnia Guarani - Kaiow\u00e1.\" data-balloon-pos=\"up\">SERVI\u00c7O DE INSPE\u00c7\u00c3O DE ALUNOS (Escola Ind\u00edgena MBO EROY TUP\u00c3I ARANDU RE\u00d1OI)<\/span><\/td>\r\n<td class=\"cvagas\">CR<\/td>\r\n\r\n<\/tr>\r\n    <\/tbody>\r\n  <\/table>\r\n<\/div>","_fund_completo":"<div>\r\n<table class=\"quadro\">\r\n<thead>\r\n<tr>\r\n<th class=\"hcargo\">Cargo<\/th>\r\n<th class=\"hvagas\">Vagas<\/th>\r\n\r\n<\/tr>\r\n<\/thead>\r\n    <tbody>\r\n      <td class=\"ccargos\">\r\n<span data-balloon-length=\"medium\" aria-label=\"Ensino Fundamental Completo.\" data-balloon-pos=\"up\">MONITOR DE TRANSPORTE ESCOLAR - Geral<\/span><\/td>\r\n<td class=\"cvagas\">CR<\/td>\r\n\r\n<\/tr>\r\n    <\/tbody>\r\n  <\/table>\r\n<\/div>","_medio":"<div>\r\n<table class=\"quadro\">\r\n<thead>\r\n<tr>\r\n<th class=\"hcargo\">Cargo<\/th>\r\n<th class=\"hvagas\">Vagas<\/th>\r\n\r\n<\/tr>\r\n<\/thead>\r\n    <tbody>\r\n      <td class=\"ccargos\">\r\n<span data-balloon-length=\"medium\" aria-label=\"Ensino M\u00e9dio Completo.\" data-balloon-pos=\"up\">SERVI\u00c7O DE APOIO AO EDUCADOR - Geral<\/span><\/td>\r\n<td class=\"cvagas\">CR<\/td>\r\n\r\n<\/tr><td class=\"ccargos\">\r\n<span data-balloon-length=\"medium\" aria-label=\"Ensino M\u00e9dio Completo e Curso de forma\u00e7\u00e3o na \u00e1rea de educa\u00e7\u00e3o inclusiva.\" data-balloon-pos=\"up\">SERVI\u00c7O DE APOIO AO EDUCADOR - EDUCA\u00c7\u00c3O INCLUSIVA - Geral<\/span><\/td>\r\n<td class=\"cvagas\">CR<\/td>\r\n\r\n<\/tr><td class=\"ccargos\">\r\n<span data-balloon-length=\"medium\" aria-label=\"Ensino M\u00e9dio Completo.\" data-balloon-pos=\"up\">SERVI\u00c7O DE SUPORTE A ADMINISTRA\u00c7\u00c3O ESCOLAR E MULTI MEIOS DID\u00c1TICOS - ASSISTENTE DE APOIO T\u00c9CNICO EDUCACIONAL - Geral<\/span><\/td>\r\n<td class=\"cvagas\">CR<\/td>\r\n\r\n<\/tr><td class=\"ccargos\">\r\n<span data-balloon-length=\"medium\" aria-label=\"Ensino M\u00e9dio Completo. Requisito adicional: Residir em \u00e1rea ind\u00edgena, aprova\u00e7\u00e3o da comunidade e v\u00ednculo com a etnia Guarani - Kaiow\u00e1.\" data-balloon-pos=\"up\">SERVI\u00c7O DE APOIO AO EDUCADOR (Escola Ind\u00edgena MBO EROY TUP\u00c3I ARANDU RE\u00d1OI)<\/span><\/td>\r\n<td class=\"cvagas\">CR<\/td>\r\n\r\n<\/tr><td class=\"ccargos\">\r\n<span data-balloon-length=\"medium\" aria-label=\"Ensino M\u00e9dio Completo. Requisito adicional: Residir em \u00e1rea ind\u00edgena, aprova\u00e7\u00e3o da comunidade e v\u00ednculo com a etnia Guarani - Kaiow\u00e1.\" data-balloon-pos=\"up\">SERVI\u00c7O DE SUPORTE A ADMINISTRA\u00c7\u00c3O ESCOLAR E MULTI MEIOS DID\u00c1TICOS - ASSISTENTE DE APOIO T\u00c9CNICO EDUCACIONAL (Escola Ind\u00edgena MBO EROY TUP\u00c3I ARANDU RE\u00d1OI)<\/span><\/td>\r\n<td class=\"cvagas\">CR<\/td>\r\n\r\n<\/tr>\r\n    <\/tbody>\r\n  <\/table>\r\n<\/div>","_superior":"<div>\r\n<table class=\"quadro\">\r\n<thead>\r\n<tr>\r\n<th class=\"hcargo\">Cargo<\/th>\r\n<th class=\"hvagas\">Vagas<\/th>\r\n\r\n<\/tr>\r\n<\/thead>\r\n    <tbody>\r\n      <tr>\r\n<td class=\"ccargos\">\r\n<span data-balloon-length=\"medium\" aria-label=\"Licenciatura em PEDAGOGIA\/NORMAL SUPERIOR.\" data-balloon-pos=\"up\">PROFESSOR REGENTE (EDUCA\u00c7\u00c3O INFANTIL\/PROFESSOR DE 1\u00ba AO 5\u00b0) - Geral<\/span><\/td>\r\n<td class=\"cvagas\">CR<\/td>\r\n\r\n<\/tr><tr>\r\n<td class=\"ccargos\">\r\n<span data-balloon-length=\"medium\" aria-label=\"Licenciatura em LETRAS.\" data-balloon-pos=\"up\">PROFESSOR DE LINGUA PORTUGUESA - Geral<\/span><\/td>\r\n<td class=\"cvagas\">CR<\/td>\r\n\r\n<\/tr><tr>\r\n<td class=\"ccargos\">\r\n<span data-balloon-length=\"medium\" aria-label=\"Licenciatura em CI\u00caNCIAS BIOL\u00d3GICAS.\" data-balloon-pos=\"up\">PROFESSOR DE CI\u00caNCIAS (EJA) - Geral<\/span><\/td>\r\n<td class=\"cvagas\">CR<\/td>\r\n\r\n<\/tr><tr>\r\n<td class=\"ccargos\">\r\n<span data-balloon-length=\"medium\" aria-label=\"Licenciatura em MATEMATICA.\" data-balloon-pos=\"up\">PROFESSOR DE MATEMATICA (EJA) - Geral<\/span><\/td>\r\n<td class=\"cvagas\">CR<\/td>\r\n\r\n<\/tr><tr>\r\n<td class=\"ccargos\">\r\n<span data-balloon-length=\"medium\" aria-label=\"Licenciatura em HIST\u00d3RIA.\" data-balloon-pos=\"up\">PROFESSOR DE HIST\u00d3RIA (EJA) - Geral<\/span><\/td>\r\n<td class=\"cvagas\">CR<\/td>\r\n\r\n<\/tr><tr>\r\n<td class=\"ccargos\">\r\n<span data-balloon-length=\"medium\" aria-label=\"Licenciatura em GEOGRAFIA.\" data-balloon-pos=\"up\">PROFESSOR DE GEOGRAFIA (EJA) - Geral<\/span><\/td>\r\n<td class=\"cvagas\">CR<\/td>\r\n\r\n<\/tr><tr>\r\n<td class=\"ccargos\">\r\n<span data-balloon-length=\"medium\" aria-label=\"Licenciatura em Letras \u2013 Habilita\u00e7\u00e3o PORTUGU\u00caS\/INGL\u00caS.\" data-balloon-pos=\"up\">PROFESSOR DE L\u00cdNGUA ESTRANGEIRA MODERNA - INGL\u00caS - Geral<\/span><\/td>\r\n<td class=\"cvagas\">CR<\/td>\r\n\r\n<\/tr><tr>\r\n<td class=\"ccargos\">\r\n<span data-balloon-length=\"medium\" aria-label=\"Licenciatura em ARTES VISUAIS\/ARTES C\u00caNICAS.\" data-balloon-pos=\"up\">PROFESSOR DE ARTE - Geral<\/span><\/td>\r\n<td class=\"cvagas\">CR<\/td>\r\n\r\n<\/tr><tr>\r\n<td class=\"ccargos\">\r\n<span data-balloon-length=\"medium\" aria-label=\"Licenciatura em EDUCA\u00c7\u00c3O F\u00cdSICA.\" data-balloon-pos=\"up\">PROFESSOR DE EDUCA\u00c7\u00c3O F\u00cdSICA - Geral<\/span><\/td>\r\n<td class=\"cvagas\">CR<\/td>\r\n\r\n<\/tr><tr>\r\n<td class=\"ccargos\">\r\n<span data-balloon-length=\"medium\" aria-label=\"Licenciatura em PEDAGOGIA, ESPECIALIZA\u00c7\u00c3O EM EDUCA\u00c7\u00c3O ESPECIAL.\" data-balloon-pos=\"up\">PROFESSOR DE SALA DE RECURSO MULTIFUNCIONAL - Geral<\/span><\/td>\r\n<td class=\"cvagas\">CR<\/td>\r\n\r\n<\/tr><tr>\r\n<td class=\"ccargos\">\r\n<span data-balloon-length=\"medium\" aria-label=\"Licenciatura em PEDAGOGIA, ESPECIALIZA\u00c7\u00c3O EM EDUCA\u00c7\u00c3O ESPECIAL.\" data-balloon-pos=\"up\">PROFESSOR DE APOIO - Geral<\/span><\/td>\r\n<td class=\"cvagas\">CR<\/td>\r\n\r\n<\/tr><tr>\r\n<td class=\"ccargos\">\r\n<span data-balloon-length=\"medium\" aria-label=\"Licenciatura em PEDAGOGIA ou Licenciatura espec\u00edfica de forma\u00e7\u00e3o de professor destinado \u00e0 educa\u00e7\u00e3o ind\u00edgena ou Curso normal m\u00e9dio intercultural. Requisito adicional: Residir em \u00e1rea ind\u00edgena, aprova\u00e7\u00e3o da comunidade e v\u00ednculo com a etnia Guarani - Kaiow\u00e1.\" data-balloon-pos=\"up\">PROFESSOR REGENTE (Escola Ind\u00edgena MBO EROY TUP\u00c3I ARANDU RE\u00d1OI)<\/span><\/td>\r\n<td class=\"cvagas\">CR<\/td>\r\n\r\n<\/tr><tr>\r\n<td class=\"ccargos\">\r\n<span data-balloon-length=\"medium\" aria-label=\"Licenciatura em LETRAS ou Licenciatura espec\u00edfica de forma\u00e7\u00e3o de professor destinado \u00e0 educa\u00e7\u00e3o ind\u00edgena em linguagens ou Curso normal m\u00e9dio intercultural. Requisito adicional: Residir em \u00e1rea ind\u00edgena, aprova\u00e7\u00e3o da comunidade e v\u00ednculo com a etnia Guarani - Kaiow\u00e1.\" data-balloon-pos=\"up\">PROFESSOR DE L\u00cdNGUA PORTUGUESA (Escola Ind\u00edgena MBO EROY TUP\u00c3I ARANDU RE\u00d1OI)<\/span><\/td>\r\n<td class=\"cvagas\">CR<\/td>\r\n\r\n<\/tr><tr>\r\n<td class=\"ccargos\">\r\n<span data-balloon-length=\"medium\" aria-label=\"Licenciatura em PEDAGOGIA ou Licenciatura espec\u00edfica de forma\u00e7\u00e3o de professor destinado \u00e0 educa\u00e7\u00e3o ind\u00edgena ou Curso normal m\u00e9dio intercultural. Requisito adicional: Residir em \u00e1rea ind\u00edgena, aprova\u00e7\u00e3o da comunidade e v\u00ednculo com a etnia Guarani - Kaiow\u00e1.\" data-balloon-pos=\"up\">PROFESSOR DE L\u00cdNGUA MATERNA (Escola Ind\u00edgena MBO EROY TUP\u00c3I ARANDU RE\u00d1OI)<\/span><\/td>\r\n<td class=\"cvagas\">CR<\/td>\r\n\r\n<\/tr><tr>\r\n<td class=\"ccargos\">\r\n<span data-balloon-length=\"medium\" aria-label=\"Licenciatura em ARTES VISUAIS\/ARTES C\u00caNICAS ou Licenciatura espec\u00edfica de forma\u00e7\u00e3o de professor destinado \u00e0 educa\u00e7\u00e3o ind\u00edgena ou Curso normal m\u00e9dio intercultural. Requisito adicional: Residir em \u00e1rea ind\u00edgena, aprova\u00e7\u00e3o da comunidade e v\u00ednculo com a etnia Guarani - Kaiow\u00e1.\" data-balloon-pos=\"up\">PROFESSOR DE ARTE (Escola Ind\u00edgena MBO EROY TUP\u00c3I ARANDU RE\u00d1OI)<\/span><\/td>\r\n<td class=\"cvagas\">CR<\/td>\r\n\r\n<\/tr><tr>\r\n<td class=\"ccargos\">\r\n<span data-balloon-length=\"medium\" aria-label=\"Licenciatura em EDUCA\u00c7\u00c3O F\u00cdSICA ou Licenciatura espec\u00edfica de forma\u00e7\u00e3o de professor destinado \u00e0 educa\u00e7\u00e3o ind\u00edgena ou Curso normal m\u00e9dio intercultural. Requisito adicional: Residir em \u00e1rea ind\u00edgena, aprova\u00e7\u00e3o da comunidade e v\u00ednculo com a etnia Guarani - Kaiow\u00e1.\" data-balloon-pos=\"up\">PROFESSOR DE EDUCA\u00c7\u00c3O F\u00cdSICA (Escola Ind\u00edgena MBO EROY TUP\u00c3I ARANDU RE\u00d1OI)<\/span><\/td>\r\n<td class=\"cvagas\">CR<\/td>\r\n\r\n<\/tr><tr>\r\n<td class=\"ccargos\">\r\n<span data-balloon-length=\"medium\" aria-label=\"Licenciatura em PEDAGOGIA, ESPECIALIZA\u00c7\u00c3O EM EDUCA\u00c7\u00c3O ESPECIAL ou Licenciatura espec\u00edfica de forma\u00e7\u00e3o de professor destinado \u00e0 educa\u00e7\u00e3o ind\u00edgena ou Curso normal m\u00e9dio intercultural. Requisito adicional: Residir em \u00e1rea ind\u00edgena, aprova\u00e7\u00e3o da comunidade e v\u00ednculo com a etnia Guarani - Kaiow\u00e1.\" data-balloon-pos=\"up\">PROFESSOR DE SALA DE RECURSO MULTIFUNCIONAL (Escola Ind\u00edgena MBO EROY TUP\u00c3I ARANDU RE\u00d1OI)<\/span><\/td>\r\n<td class=\"cvagas\">CR<\/td>\r\n\r\n<\/tr><tr>\r\n<td class=\"ccargos\">\r\n<span data-balloon-length=\"medium\" aria-label=\"Licenciatura em PEDAGOGIA, ESPECIALIZA\u00c7\u00c3O EM EDUCA\u00c7\u00c3O ESPECIAL ou Licenciatura espec\u00edfica de forma\u00e7\u00e3o de professor destinado \u00e0 educa\u00e7\u00e3o ind\u00edgena ou Curso normal m\u00e9dio intercultural. Requisito adicional: Residir em \u00e1rea ind\u00edgena, aprova\u00e7\u00e3o da comunidade e v\u00ednculo com a etnia Guarani - Kaiow\u00e1.\" data-balloon-pos=\"up\">PROFESSOR DE APOIO (Escola Ind\u00edgena MBO EROY TUP\u00c3I ARANDU RE\u00d1OI)<\/span><\/td>\r\n<td class=\"cvagas\">CR<\/td>\r\n\r\n<\/tr>\r\n    <\/tbody>\r\n  <\/table>\r\n<\/div>"},"_links":{"self":[{"href":"https:\/\/www.agrobase.com.br\/concursos\/wp-json\/wp\/v2\/posts\/276511","targetHints":{"allow":["GET"]}}],"collection":[{"href":"https:\/\/www.agrobase.com.br\/concursos\/wp-json\/wp\/v2\/posts"}],"about":[{"href":"https:\/\/www.agrobase.com.br\/concursos\/wp-json\/wp\/v2\/types\/post"}],"author":[{"embeddable":true,"href":"https:\/\/www.agrobase.com.br\/concursos\/wp-json\/wp\/v2\/users\/7"}],"replies":[{"embeddable":true,"href":"https:\/\/www.agrobase.com.br\/concursos\/wp-json\/wp\/v2\/comments?post=276511"}],"version-history":[{"count":3,"href":"https:\/\/www.agrobase.com.br\/concursos\/wp-json\/wp\/v2\/posts\/276511\/revisions"}],"predecessor-version":[{"id":276515,"href":"https:\/\/www.agrobase.com.br\/concursos\/wp-json\/wp\/v2\/posts\/276511\/revisions\/276515"}],"wp:featuredmedia":[{"embeddable":true,"href":"https:\/\/www.agrobase.com.br\/concursos\/wp-json\/wp\/v2\/media\/276510"}],"wp:attachment":[{"href":"https:\/\/www.agrobase.com.br\/concursos\/wp-json\/wp\/v2\/media?parent=276511"}],"wp:term":[{"taxonomy":"category","embeddable":true,"href":"https:\/\/www.agrobase.com.br\/concursos\/wp-json\/wp\/v2\/categories?post=276511"},{"taxonomy":"post_tag","embeddable":true,"href":"https:\/\/www.agrobase.com.br\/concursos\/wp-json\/wp\/v2\/tags?post=276511"},{"taxonomy":"_amplo","embeddable":true,"href":"https:\/\/www.agrobase.com.br\/concursos\/wp-json\/wp\/v2\/_amplo?post=276511"},{"taxonomy":"destaque","embeddable":true,"href":"https:\/\/www.agrobase.com.br\/concursos\/wp-json\/wp\/v2\/destaque?post=276511"},{"taxonomy":"instituicoes","embeddable":true,"href":"https:\/\/www.agrobase.com.br\/concursos\/wp-json\/wp\/v2\/instituicoes?post=276511"}],"curies":[{"name":"wp","href":"https:\/\/api.w.org\/{rel}","templated":true}]}}