{"id":276487,"date":"2026-01-07T08:20:04","date_gmt":"2026-01-07T11:20:04","guid":{"rendered":"https:\/\/www.agrobase.com.br\/concursos\/?p=276487"},"modified":"2026-01-06T15:27:29","modified_gmt":"2026-01-06T18:27:29","slug":"prefeitura-antas-ba-selecao-simplificada-01-2026","status":"publish","type":"post","link":"https:\/\/www.agrobase.com.br\/concursos\/2026\/prefeitura-antas-ba-selecao-simplificada-01-2026\/","title":{"rendered":"Prefeitura Antas (BA) &#8211; Sele\u00e7\u00e3o Simplificada 01\/2026"},"content":{"rendered":"<h2>Informa\u00e7\u00f5es Gerais<\/h2>\n<p>A <strong>Prefeitura Municipal de Antas<\/strong>, no estado da Bahia, publicou o edital de seu novo <strong>Processo Seletivo Simplificado (PSS)<\/strong>. Organizado pelo <strong>IBPTEC<\/strong> (Instituto Brasileiro de Pesquisa Tecnologia Ensino e Ci\u00eancia), o certame visa o preenchimento imediato de <strong>71 vagas<\/strong>, al\u00e9m da forma\u00e7\u00e3o de cadastro reserva, para contrata\u00e7\u00e3o tempor\u00e1ria de profissionais.<\/p>\n<p>As oportunidades contemplam candidatos com n\u00edveis <strong>fundamental, m\u00e9dio, t\u00e9cnico e superior<\/strong>, oferecendo remunera\u00e7\u00f5es que variam de <strong>R$ 1.518,00 a R$ 21.400,39<\/strong>. As vagas est\u00e3o distribu\u00eddas entre as Secretarias Municipais de Educa\u00e7\u00e3o e de Sa\u00fade, abrangendo \u00e1reas de apoio, doc\u00eancia e assist\u00eancia m\u00e9dica.<\/p>\n<p>Entre os destaques do quadro de vagas, h\u00e1 oportunidades para profissionais da \u00e1rea de <strong>Nutri\u00e7\u00e3o<\/strong>, al\u00e9m de cargos como Enfermeiro, M\u00e9dico, Odont\u00f3logo, Psicopedagogo e Professores de diversas especialidades. Confira a seguir os detalhes essenciais para garantir sua participa\u00e7\u00e3o.<\/p>\n<h2>Inscri\u00e7\u00f5es<\/h2>\n<p>Os interessados em participar do processo seletivo devem realizar a inscri\u00e7\u00e3o exclusivamente pela internet, atrav\u00e9s do site da banca organizadora. \u00c9 fundamental atentar-se ao prazo de inscri\u00e7\u00e3o, que vai do dia 05 a 15 de janeiro de 2026.<\/p>\n<p>Para confirmar a participa\u00e7\u00e3o, o candidato deve preencher o formul\u00e1rio online e efetuar o pagamento da taxa de inscri\u00e7\u00e3o, cujos valores foram definidos de acordo com o n\u00edvel de escolaridade do cargo pretendido:<\/p>\n<ul>\n<li><strong>N\u00edvel Fundamental:<\/strong> R$ 50,00<\/li>\n<li><strong>N\u00edvel M\u00e9dio e T\u00e9cnico:<\/strong> R$ 51,00<\/li>\n<li><strong>N\u00edvel Superior:<\/strong> R$ 70,00<\/li>\n<\/ul>\n<p>O pagamento deve ser realizado por meio de boleto banc\u00e1rio at\u00e9 a data de vencimento expressa no documento. O edital ressalta que n\u00e3o ser\u00e3o aceitos pagamentos via dep\u00f3sito, transfer\u00eancia ou agendamentos n\u00e3o efetivados. Recomendamos a leitura atenta do edital para verificar as condi\u00e7\u00f5es completas e evitar inconsist\u00eancias no cadastro.<\/p>\n<h2>Etapas e Provas<\/h2>\n<p>A avalia\u00e7\u00e3o dos candidatos ser\u00e1 diferenciada conforme o n\u00edvel de escolaridade do cargo, visando selecionar os profissionais mais aptos para as fun\u00e7\u00f5es tempor\u00e1rias. O processo seletivo ser\u00e1 composto pelas seguintes etapas:<\/p>\n<ul>\n<li><strong>Cargos de N\u00edvel Fundamental:<\/strong> Etapa \u00fanica de <strong>An\u00e1lise de Documentos e T\u00edtulos<\/strong>, de car\u00e1ter classificat\u00f3rio.<\/li>\n<li><strong>Cargos de N\u00edvel M\u00e9dio, T\u00e9cnico e Superior:<\/strong> Composto por <strong>Prova Objetiva<\/strong> e <strong>Prova de T\u00edtulos<\/strong>, ambas de car\u00e1ter classificat\u00f3rio.<\/li>\n<\/ul>\n<p>A <strong>Prova Objetiva<\/strong>, prevista para ser aplicada no munic\u00edpio de Antas\/BA, ter\u00e1 dura\u00e7\u00e3o de 3 horas. O exame consistir\u00e1 em <strong>30 quest\u00f5es<\/strong> de m\u00faltipla escolha, cada uma com 4 alternativas e apenas uma correta. \u00c9 importante destacar que o certame possui car\u00e1ter classificat\u00f3rio, sendo a pontua\u00e7\u00e3o final composta pela soma das notas das etapas aplic\u00e1veis a cada cargo.<\/p>\n<p>Para informa\u00e7\u00f5es detalhadas sobre o conte\u00fado program\u00e1tico, crit\u00e9rios de pontua\u00e7\u00e3o da prova de t\u00edtulos e locais de prova, \u00e9 imprescind\u00edvel a consulta ao edital completo.<\/p>\n<h2>Resultados e Gabarito<\/h2>\n<p>O cronograma do certame prev\u00ea a divulga\u00e7\u00e3o dos gabaritos preliminares e dos cadernos de quest\u00f5es em at\u00e9 um dia ap\u00f3s a aplica\u00e7\u00e3o da Prova Objetiva. Os candidatos devem acompanhar as publica\u00e7\u00f5es oficiais para interpor eventuais recursos dentro dos prazos estipulados.<\/p>\n<p>A classifica\u00e7\u00e3o final ser\u00e1 definida pela ordem decrescente da nota obtida. Em caso de empate, ser\u00e3o aplicados crit\u00e9rios como maior idade (conforme o Estatuto do Idoso) e maiores pontua\u00e7\u00f5es em disciplinas espec\u00edficas (Conhecimentos Espec\u00edficos, L\u00edngua Portuguesa, etc.), conforme detalhado no edital.<\/p>\n<p>A previs\u00e3o para a divulga\u00e7\u00e3o do <strong>Resultado Final<\/strong> varia conforme o n\u00edvel de escolaridade:<\/p>\n<ul>\n<li><strong>N\u00edvel Fundamental:<\/strong> Previsto para 20\/02\/2026.<\/li>\n<li><strong>N\u00edveis M\u00e9dio, T\u00e9cnico e Superior:<\/strong> Previsto para 01\/03\/2026.<\/li>\n<\/ul>\n<p>A homologa\u00e7\u00e3o e as convoca\u00e7\u00f5es ser\u00e3o publicadas no Di\u00e1rio Oficial e no site do IBPTEC. Ressaltamos que \u00e9 de <strong>inteira responsabilidade do candidato<\/strong> o acompanhamento de todos os atos, editais e comunicados referentes a este processo seletivo diretamente nos canais oficiais.<\/p>\n","protected":false},"excerpt":{"rendered":"<p>Sel. Simplificada Pref. Antas (BA) p\/ M\u00e9dico e T\u00e9cnico Enfermagem (Fund. a Sup.). Inscri\u00e7\u00f5es 05 a 15\/01. Sal\u00e1rios at\u00e9 R$21,4k. Confira detalhes!<\/p>\n","protected":false},"author":7,"featured_media":276486,"comment_status":"open","ping_status":"open","sticky":false,"template":"","format":"standard","meta":{"_acf_changed":false,"_breakdance_hide_in_design_set":false,"_breakdance_tags":"","footnotes":""},"categories":[141,12,19,20,21,119,23,24,25,108,134],"tags":[42],"_amplo":[],"destaque":[],"instituicoes":[],"class_list":["post-276487","post","type-post","status-publish","format-standard","has-post-thumbnail","hentry","category-educacao-artistica","category-enfermagem","category-fonoaudiologia","category-letras","category-medicina","category-musica","category-nutricao","category-odontologia","category-pedagogia","category-tecnico-enfermagem","category-terapia-ocupacional","tag-bahia"],"acf":{"_tipo_vagas":"vagas","_numero_vagas":"","_quadro_vagas":"","_cargos":"diversos","_cargos_especificos":"","_salario_max":"R$ 21400.39","_abertura":"20260105","_encerramento":"20260115","_inscricoes":"https:\/\/www.ibptec.org.br","_executora_concurso":"","_instituicao_concurso":[],"_link_adicional":null,"_anexos":null,"_produtos":null,"_vagas":"71 vagas + CR","_salario_min":"R$ 1518","_instituicao":"Prefeitura de Antas","_edital":"https:\/\/www.agrobase.com.br\/concursos\/wp-content\/uploads\/sites\/4\/2026\/01\/edital-01-2026-prefeitura-de-antas-ba.pdf","_anexos_edital":"https:\/\/www.agrobase.com.br\/concursos\/wp-content\/uploads\/sites\/4\/2026\/01\/anexos-edital-01-2026-prefeitura-de-antas-ba.pdf","_fund_incompleto":"","_fund_completo":"<div>\r\n<table class=\"quadro\">\r\n<thead>\r\n<tr>\r\n<th class=\"hcargo\">Cargo<\/th>\r\n<th class=\"hvagas\">Vagas<\/th>\r\n<th class=\"hremuneracao\">Remunera\u00e7\u00e3o<\/th>\r\n<\/tr>\r\n<\/thead>\r\n    <tbody>\r\n      <td class=\"ccargos\">\r\n<span data-balloon-length=\"medium\" aria-label=\"Ensino Fundamental Completo\" data-balloon-pos=\"up\">AGENTE DE PORTARIA<\/span><\/td>\r\n<td class=\"cvagas\">05<\/td>\r\n<td class=\"cremuneracao\">R$ 2.433,88 \/40h<\/td>\r\n<\/tr><td class=\"ccargos\">\r\n<span data-balloon-length=\"medium\" data-balloon-pos=\"up\">CONDUTOR DE VE\u00cdCULO ESPECIAL<\/span><\/td>\r\n<td class=\"cvagas\">01 + CR<\/td>\r\n<td class=\"cremuneracao\">R$ 2.433,88 \/40h<\/td>\r\n<\/tr>\r\n    <\/tbody>\r\n  <\/table>\r\n<\/div>","_medio":"<div>\r\n<table class=\"quadro\">\r\n<thead>\r\n<tr>\r\n<th class=\"hcargo\">Cargo<\/th>\r\n<th class=\"hvagas\">Vagas<\/th>\r\n<th class=\"hremuneracao\">Remunera\u00e7\u00e3o<\/th>\r\n<\/tr>\r\n<\/thead>\r\n    <tbody>\r\n      <td class=\"ccargos\">\r\n<span data-balloon-length=\"medium\" aria-label=\"N\u00edvel m\u00e9dio completo + Curso t\u00e9cnico em Enfermagem e Registro no COREN\" data-balloon-pos=\"up\">T\u00c9CNICO EM ENFERMAGEM<\/span><\/td>\r\n<td class=\"cvagas\">15<\/td>\r\n<td class=\"cremuneracao\">R$ 1.518,00 \/40h<\/td>\r\n<\/tr><td class=\"ccargos\">\r\n<span data-balloon-length=\"medium\" aria-label=\"N\u00edvel m\u00e9dio completo + Curso t\u00e9cnico em Enfermagem+ Curso de urg\u00eancia e emerg\u00eancia e Registro no COREN\" data-balloon-pos=\"up\">T\u00c9CNICO EM ENFERMAGEM<\/span><\/td>\r\n<td class=\"cvagas\">05<\/td>\r\n<td class=\"cremuneracao\">R$ 1.518,00 \/44h<\/td>\r\n<\/tr>\r\n    <\/tbody>\r\n  <\/table>\r\n<\/div>","_superior":"<div>\r\n<table class=\"quadro\">\r\n<thead>\r\n<tr>\r\n<th class=\"hcargo\">Cargo<\/th>\r\n<th class=\"hvagas\">Vagas<\/th>\r\n<th class=\"hremuneracao\">Remunera\u00e7\u00e3o<\/th>\r\n<\/tr>\r\n<\/thead>\r\n    <tbody>\r\n      <tr>\r\n<td class=\"ccargos\">\r\n<span data-balloon-length=\"medium\" aria-label=\"Ensino Superior ou especializa\u00e7\u00e3o em Arte-Educa\u00e7\u00e3o.\" data-balloon-pos=\"up\">ARTE EDUCADOR<\/span><\/td>\r\n<td class=\"cvagas\">02<\/td>\r\n<td class=\"cremuneracao\">R$ 2.500,00 \/20h<\/td>\r\n<\/tr><tr>\r\n<td class=\"ccargos\">\r\n<span data-balloon-length=\"medium\" aria-label=\"Ensino Superior Completo Fonoaudiologia\" data-balloon-pos=\"up\">FONOAUDI\u00d3LOGO<\/span><\/td>\r\n<td class=\"cvagas\">02<\/td>\r\n<td class=\"cremuneracao\">R$ 7.000,00 \/20h<\/td>\r\n<\/tr><tr>\r\n<td class=\"ccargos\">\r\n<span data-balloon-length=\"medium\" aria-label=\"Ensino Superior Medicina + Especializa\u00e7\u00e3o na \u00e1rea.\" data-balloon-pos=\"up\">NEUROPEDIATRA<\/span><\/td>\r\n<td class=\"cvagas\">02<\/td>\r\n<td class=\"cremuneracao\">R$ 2.433,88 \/05h<\/td>\r\n<\/tr><tr>\r\n<td class=\"ccargos\">\r\n<span data-balloon-length=\"medium\" aria-label=\"Ensino Superior Completo - Pedagogia e Especializa\u00e7\u00e3o na \u00e1rea.\" data-balloon-pos=\"up\">NEUROPSICOPEDAGOGO<\/span><\/td>\r\n<td class=\"cvagas\">02<\/td>\r\n<td class=\"cremuneracao\">R$ 2.900,00 \/20h<\/td>\r\n<\/tr><tr>\r\n<td class=\"ccargos\">\r\n<span data-balloon-length=\"medium\" aria-label=\"Ensino Superior completo em Nutri\u00e7\u00e3o\" data-balloon-pos=\"up\">NUTRICIONISTA<\/span><\/td>\r\n<td class=\"cvagas\">02<\/td>\r\n<td class=\"cremuneracao\">R$ 2.433,88 \/30h<\/td>\r\n<\/tr><tr>\r\n<td class=\"ccargos\">\r\n<span data-balloon-length=\"medium\" aria-label=\"Gradua\u00e7\u00e3o em Pedagogia ou \u00e1reas afins, com especializa\u00e7\u00e3o em Educa\u00e7\u00e3o Especial.\" data-balloon-pos=\"up\">PROFESSOR DE BRAILE<\/span><\/td>\r\n<td class=\"cvagas\">01<\/td>\r\n<td class=\"cremuneracao\">R$ 2.433,88 \/20h<\/td>\r\n<\/tr><tr>\r\n<td class=\"ccargos\">\r\n<span data-balloon-length=\"medium\" aria-label=\"Licenciatura em Educa\u00e7\u00e3o F\u00edsica com especializa\u00e7\u00e3o em Dan\u00e7a\" data-balloon-pos=\"up\">PROFESSOR DE DAN\u00c7A<\/span><\/td>\r\n<td class=\"cvagas\">01<\/td>\r\n<td class=\"cremuneracao\">R$ 2.433,88 \/20h<\/td>\r\n<\/tr><tr>\r\n<td class=\"ccargos\">\r\n<span data-balloon-length=\"medium\" aria-label=\"Licenciatura plena com habilita\u00e7\u00e3o em Libras e L\u00edngua Portuguesa\" data-balloon-pos=\"up\">PROFESSOR DE LIBRAS<\/span><\/td>\r\n<td class=\"cvagas\">01<\/td>\r\n<td class=\"cremuneracao\">R$ 2.433,88 \/20h<\/td>\r\n<\/tr><tr>\r\n<td class=\"ccargos\">\r\n<span data-balloon-length=\"medium\" aria-label=\"Licenciatura em M\u00fasica\" data-balloon-pos=\"up\">PROFESSOR DE M\u00daSICA<\/span><\/td>\r\n<td class=\"cvagas\">02<\/td>\r\n<td class=\"cremuneracao\">R$ 2.433,88 \/20h<\/td>\r\n<\/tr><tr>\r\n<td class=\"ccargos\">\r\n<span data-balloon-length=\"medium\" aria-label=\"Ensino Superior completo em Pedagogia com especializa\u00e7\u00e3o na \u00e1rea\" data-balloon-pos=\"up\">PSICOMOTRICISTA<\/span><\/td>\r\n<td class=\"cvagas\">02<\/td>\r\n<td class=\"cremuneracao\">R$ 2.433,00 \/20h<\/td>\r\n<\/tr><tr>\r\n<td class=\"ccargos\">\r\n<span data-balloon-length=\"medium\" aria-label=\"Ensino Superior Completo Pedagogia + Especializa\u00e7\u00e3o\" data-balloon-pos=\"up\">PSICOPEDAGOGO<\/span><\/td>\r\n<td class=\"cvagas\">02<\/td>\r\n<td class=\"cremuneracao\">R$ 2.433,00 \/20h<\/td>\r\n<\/tr><tr>\r\n<td class=\"ccargos\">\r\n<span data-balloon-length=\"medium\" aria-label=\"Ensino Superior Completo em terapia ocupacional.\" data-balloon-pos=\"up\">TERAPEUTA OCUPACIONAL<\/span><\/td>\r\n<td class=\"cvagas\">02<\/td>\r\n<td class=\"cremuneracao\">R$ 4.200,00 \/20h<\/td>\r\n<\/tr><tr>\r\n<td class=\"ccargos\">\r\n<span data-balloon-length=\"medium\" aria-label=\"Ensino Superior Completo em Enfermagem e Registro no COREN\" data-balloon-pos=\"up\">ENFERMEIRO<\/span><\/td>\r\n<td class=\"cvagas\">08<\/td>\r\n<td class=\"cremuneracao\">R$ 2.500,00 \/40h<\/td>\r\n<\/tr><tr>\r\n<td class=\"ccargos\">\r\n<span data-balloon-length=\"medium\" aria-label=\"Ensino Superior Completo em Enfermagem + Curso de urg\u00eancia e emerg\u00eancia e Registro no COREN\" data-balloon-pos=\"up\">ENFERMEIRO<\/span><\/td>\r\n<td class=\"cvagas\">01<\/td>\r\n<td class=\"cremuneracao\">R$ 2.500,00 \/44h<\/td>\r\n<\/tr><tr>\r\n<td class=\"ccargos\">\r\n<span data-balloon-length=\"medium\" aria-label=\"Ensino Superior em Medicina + Registro no Conselho\" data-balloon-pos=\"up\">M\u00c9DICO CL\u00cdNICO GERAL<\/span><\/td>\r\n<td class=\"cvagas\">05 + CR<\/td>\r\n<td class=\"cremuneracao\">R$ 21.400,39 \/40h<\/td>\r\n<\/tr><tr>\r\n<td class=\"ccargos\">\r\n<span data-balloon-length=\"medium\" aria-label=\"Ensino Superior em Odontologia + Registro no Conselho\" data-balloon-pos=\"up\">ODONT\u00d3LOGO<\/span><\/td>\r\n<td class=\"cvagas\">08<\/td>\r\n<td class=\"cremuneracao\">R$ 5.000,00 \/40h<\/td>\r\n<\/tr>\r\n    <\/tbody>\r\n  <\/table>\r\n<\/div>"},"_links":{"self":[{"href":"https:\/\/www.agrobase.com.br\/concursos\/wp-json\/wp\/v2\/posts\/276487","targetHints":{"allow":["GET"]}}],"collection":[{"href":"https:\/\/www.agrobase.com.br\/concursos\/wp-json\/wp\/v2\/posts"}],"about":[{"href":"https:\/\/www.agrobase.com.br\/concursos\/wp-json\/wp\/v2\/types\/post"}],"author":[{"embeddable":true,"href":"https:\/\/www.agrobase.com.br\/concursos\/wp-json\/wp\/v2\/users\/7"}],"replies":[{"embeddable":true,"href":"https:\/\/www.agrobase.com.br\/concursos\/wp-json\/wp\/v2\/comments?post=276487"}],"version-history":[{"count":2,"href":"https:\/\/www.agrobase.com.br\/concursos\/wp-json\/wp\/v2\/posts\/276487\/revisions"}],"predecessor-version":[{"id":276491,"href":"https:\/\/www.agrobase.com.br\/concursos\/wp-json\/wp\/v2\/posts\/276487\/revisions\/276491"}],"wp:featuredmedia":[{"embeddable":true,"href":"https:\/\/www.agrobase.com.br\/concursos\/wp-json\/wp\/v2\/media\/276486"}],"wp:attachment":[{"href":"https:\/\/www.agrobase.com.br\/concursos\/wp-json\/wp\/v2\/media?parent=276487"}],"wp:term":[{"taxonomy":"category","embeddable":true,"href":"https:\/\/www.agrobase.com.br\/concursos\/wp-json\/wp\/v2\/categories?post=276487"},{"taxonomy":"post_tag","embeddable":true,"href":"https:\/\/www.agrobase.com.br\/concursos\/wp-json\/wp\/v2\/tags?post=276487"},{"taxonomy":"_amplo","embeddable":true,"href":"https:\/\/www.agrobase.com.br\/concursos\/wp-json\/wp\/v2\/_amplo?post=276487"},{"taxonomy":"destaque","embeddable":true,"href":"https:\/\/www.agrobase.com.br\/concursos\/wp-json\/wp\/v2\/destaque?post=276487"},{"taxonomy":"instituicoes","embeddable":true,"href":"https:\/\/www.agrobase.com.br\/concursos\/wp-json\/wp\/v2\/instituicoes?post=276487"}],"curies":[{"name":"wp","href":"https:\/\/api.w.org\/{rel}","templated":true}]}}