{"id":276481,"date":"2026-01-07T08:10:27","date_gmt":"2026-01-07T11:10:27","guid":{"rendered":"https:\/\/www.agrobase.com.br\/concursos\/?p=276481"},"modified":"2026-01-06T15:16:47","modified_gmt":"2026-01-06T18:16:47","slug":"furg-rs-concurso-01-2026","status":"publish","type":"post","link":"https:\/\/www.agrobase.com.br\/concursos\/2026\/furg-rs-concurso-01-2026\/","title":{"rendered":"FURG (RS) &#8211; Concurso 01\/2026"},"content":{"rendered":"<h2>Informa\u00e7\u00f5es Gerais<\/h2>\n<p>A <strong>Universidade Federal do Rio Grande (FURG)<\/strong> publicou o edital de abertura para o seu novo concurso p\u00fablico, destinado ao provimento de <strong>22 vagas<\/strong> para a carreira de <strong>Professor do Magist\u00e9rio Superior<\/strong>. Esta \u00e9 uma excelente oportunidade para ingressar no servi\u00e7o p\u00fablico federal sob o regime <strong>Estatut\u00e1rio<\/strong>, que garante estabilidade empregat\u00edcia, com remunera\u00e7\u00f5es que podem chegar a <strong>R$ 13.288,83<\/strong> dependendo da titula\u00e7\u00e3o e carga hor\u00e1ria.<\/p>\n<p>O certame contempla oportunidades para candidatos com n\u00edvel superior (gradua\u00e7\u00e3o, resid\u00eancia, mestrado e doutorado), distribu\u00eddas entre diversas unidades acad\u00eamicas. As vagas abrangem \u00e1reas como Medicina (diversas especialidades), Hist\u00f3ria, Educa\u00e7\u00e3o F\u00edsica, Artes, Letras, F\u00edsica e Educa\u00e7\u00e3o.<\/p>\n<p>Vale destacar que h\u00e1 oportunidades que contemplam profissionais com forma\u00e7\u00e3o em <strong>Ci\u00eancias Biol\u00f3gicas<\/strong> e <strong>Medicina Veterin\u00e1ria<\/strong> (especificamente para a \u00e1rea de Parasitologia), al\u00e9m de Farm\u00e1cia e Biomedicina. Se voc\u00ea busca consolidar sua carreira acad\u00eamica em uma institui\u00e7\u00e3o de ensino federal de refer\u00eancia, confira a seguir os detalhes essenciais para sua prepara\u00e7\u00e3o.<\/p>\n<h2>Inscri\u00e7\u00f5es<\/h2>\n<p>Os interessados em participar do concurso da FURG devem realizar a inscri\u00e7\u00e3o exclusivamente pela internet, no per\u00edodo de 15 de janeiro de 2026 a 03 de fevereiro de 2026. O processo deve ser feito atrav\u00e9s do sistema eletr\u00f4nico da <strong>PROGEP\/FURG<\/strong>, onde o candidato tamb\u00e9m encontrar\u00e1 o edital completo e atualiza\u00e7\u00f5es.<\/p>\n<p>Para confirmar a participa\u00e7\u00e3o, \u00e9 necess\u00e1rio efetuar o pagamento da taxa de inscri\u00e7\u00e3o, cujos valores variam conforme o regime de trabalho da vaga pretendida:<\/p>\n<ul>\n<li><strong>R$ 150,00<\/strong> para classe Assistente 40h;<\/li>\n<li><strong>R$ 210,00<\/strong> para classe Assistente 40h com Dedica\u00e7\u00e3o Exclusiva (DE).<\/li>\n<\/ul>\n<p>O pagamento deve ser realizado na rede banc\u00e1ria at\u00e9 o dia 04\/02\/2026. \u00c9 fundamental que o candidato preencha os dados cadastrais com aten\u00e7\u00e3o, pois a FURG n\u00e3o se responsabiliza por erros de preenchimento. Informa\u00e7\u00f5es sobre a isen\u00e7\u00e3o da taxa devem ser consultadas diretamente no edital de abertura. Recomendamos que o candidato acompanhe a homologa\u00e7\u00e3o de sua inscri\u00e7\u00e3o na \u00e1rea restrita do site oficial ap\u00f3s o pagamento.<\/p>\n<h2>Etapas e Provas<\/h2>\n<p>A sele\u00e7\u00e3o dos candidatos ser\u00e1 rigorosa e composta por etapas distintas, visando avaliar tanto o conhecimento espec\u00edfico quanto a capacidade pedag\u00f3gica e a trajet\u00f3ria acad\u00eamica dos concorrentes. O concurso ser\u00e1 estruturado da seguinte forma:<\/p>\n<ul>\n<li><strong>Prova Escrita (Discursiva ou Dissertativa):<\/strong> De car\u00e1ter <strong>eliminat\u00f3rio<\/strong> e peso 5. O candidato dever\u00e1 utilizar caneta esferogr\u00e1fica de tinta azul e \u00e9 proibida qualquer identifica\u00e7\u00e3o na folha de resposta. A presen\u00e7a no sorteio do ponto \u00e9 obrigat\u00f3ria.<\/li>\n<li><strong>Prova Did\u00e1tica:<\/strong> De car\u00e1ter <strong>eliminat\u00f3rio<\/strong> e peso 5. Consiste em uma aula sobre ponto sorteado. \u00c9 obrigat\u00f3ria a entrega do plano de aula no dia e hora estabelecidos, sob pena de impedimento de realizar a prova.<\/li>\n<li><strong>Exame de T\u00edtulos:<\/strong> De car\u00e1ter <strong>classificat\u00f3rio<\/strong> e peso 3. Os documentos (Grau acad\u00eamico, Produ\u00e7\u00e3o cient\u00edfica, Experi\u00eancia docente e profissional) devem ser enviados em formato PDF (arquivo \u00fanico de at\u00e9 50MB por categoria) via sistema eletr\u00f4nico.<\/li>\n<\/ul>\n<p>Para avan\u00e7ar \u00e0 Prova Did\u00e1tica, o candidato deve obter nota igual ou superior a sete na Prova Escrita e estar classificado dentro do limite de vagas estipulado no edital (at\u00e9 dez candidatos por vaga). Para detalhes sobre o conte\u00fado program\u00e1tico e cronograma de sorteio de pontos, a leitura integral do edital \u00e9 indispens\u00e1vel.<\/p>\n<h2>Resultados e Gabarito<\/h2>\n<p>A divulga\u00e7\u00e3o dos atos oficiais e resultados ocorrer\u00e1 no site da <strong>PROGEP\/FURG<\/strong> e no Di\u00e1rio Oficial da Uni\u00e3o. A homologa\u00e7\u00e3o das inscri\u00e7\u00f5es est\u00e1 prevista para ocorrer em at\u00e9 sete dias ap\u00f3s o encerramento do prazo de cadastro.<\/p>\n<p>A classifica\u00e7\u00e3o final ser\u00e1 organizada em listas distintas (ampla concorr\u00eancia, pessoas com defici\u00eancia, candidatos negros\/pardos e ind\u00edgenas\/quilombolas). Ser\u00e3o considerados classificados at\u00e9 cinco candidatos por vaga, respeitando a ordem decrescente de notas e os crit\u00e9rios de desempate da Resolu\u00e7\u00e3o vigente.<\/p>\n<p>O concurso ter\u00e1 validade de <strong>dois anos<\/strong>, a contar da data de publica\u00e7\u00e3o da homologa\u00e7\u00e3o do resultado final no Di\u00e1rio Oficial da Uni\u00e3o, podendo ser prorrogado por igual per\u00edodo. Ressaltamos que \u00e9 de <strong>inteira responsabilidade do candidato<\/strong> o acompanhamento de todas as publica\u00e7\u00f5es, convoca\u00e7\u00f5es e avisos oficiais diretamente na p\u00e1gina do certame.<\/p>\n","protected":false},"excerpt":{"rendered":"<p>Concurso FURG (RS) com edital publicado! Vagas p\/ Professores de Bio\u00e9tica e Cl\u00ednica M\u00e9dica (Superior). Inscri\u00e7\u00f5es a partir de 15\/01. Sal\u00e1rios at\u00e9 R$13.2k. Confira!<\/p>\n","protected":false},"author":7,"featured_media":276480,"comment_status":"open","ping_status":"open","sticky":false,"template":"","format":"standard","meta":{"_acf_changed":false,"_breakdance_hide_in_design_set":false,"_breakdance_tags":"","footnotes":""},"categories":[140,6433,7,8,6434,17,6436,111,100,20,6872,21,22],"tags":[58],"_amplo":[],"destaque":[],"instituicoes":[],"class_list":["post-276481","post","type-post","status-publish","format-standard","has-post-thumbnail","hentry","category-artes-plasticas","category-biologia-licenciatura","category-biomedicina","category-biotecnologia","category-educacao-fisica-licenciatura","category-farmacia","category-fisica-licenciatura","category-geografia","category-historia","category-letras","category-letras-espanhol","category-medicina","category-veterinaria","tag-rio-grande-sul"],"acf":{"_tipo_vagas":"vagas","_numero_vagas":"","_quadro_vagas":"","_cargos":"diversos","_cargos_especificos":"","_salario_max":"R$ 13288.83","_abertura":"20260115","_encerramento":"20260203","_inscricoes":"http:\/\/progep.furg.br\/bin\/edital\/index.php","_executora_concurso":"","_instituicao_concurso":[],"_link_adicional":null,"_anexos":null,"_produtos":null,"_vagas":"22 vagas","_salario_min":"R$ 4975.59","_instituicao":"FURG","_edital":"https:\/\/www.agrobase.com.br\/concursos\/wp-content\/uploads\/sites\/4\/2026\/01\/edital-01-2026-furg-rs.pdf","_anexos_edital":"","_fund_incompleto":"","_fund_completo":"","_medio":"","_superior":"<div>\r\n<table class=\"quadro\">\r\n<thead>\r\n<tr>\r\n<th class=\"hcargo\">Cargo<\/th>\r\n<th class=\"hvagas\">Vagas<\/th>\r\n<th class=\"hremuneracao\">Remunera\u00e7\u00e3o<\/th>\r\n<\/tr>\r\n<\/thead>\r\n    <tbody>\r\n      <tr>\r\n<td class=\"ccargos\">\r\n<span data-balloon-length=\"medium\" aria-label=\"Gradua\u00e7\u00e3o na \u00e1rea de Ci\u00eancias Humanas ou de Ci\u00eancias Biol\u00f3gicas ou de Ci\u00eancias da Sa\u00fade; com Doutorado na \u00e1rea de Bio\u00e9tica.\" data-balloon-pos=\"up\">Professor do Magist\u00e9rio Superior - Bio\u00e9tica<\/span><\/td>\r\n<td class=\"cvagas\">01<\/td>\r\n<td class=\"cremuneracao\">R$ 13.288,83 \/40h (DE)<\/td>\r\n<\/tr><tr>\r\n<td class=\"ccargos\">\r\n<span data-balloon-length=\"medium\" aria-label=\"Gradua\u00e7\u00e3o em Medicina; com Resid\u00eancia M\u00e9dica reconhecida pelo MEC e\/ou T\u00edtulo de Especialista concedido pelas Sociedades de Especialidades filiadas \u00e0 AMB em Cl\u00ednica M\u00e9dica ou Cardiologia ou Gastroenterologia ou Pneumologia ou Reumatologia ou Nefrologia ou Infectologia ou Neurologia ou Dermatologia ou Hematologia ou Urg\u00eancia e Emerg\u00eancia ou Terapia Intensiva\/Intensivismo.\" data-balloon-pos=\"up\">Professor do Magist\u00e9rio Superior - Cl\u00ednica M\u00e9dica<\/span><\/td>\r\n<td class=\"cvagas\">02<\/td>\r\n<td class=\"cremuneracao\">R$ 4.975,59 \/40h<\/td>\r\n<\/tr><tr>\r\n<td class=\"ccargos\">\r\n<span data-balloon-length=\"medium\" aria-label=\"Gradua\u00e7\u00e3o em Medicina com Resid\u00eancia M\u00e9dica reconhecida pelo MEC e\/ou T\u00edtulo de Especialista concedido pela Sociedade de Especialidade filiada \u00e0 AMB em Pediatria.\" data-balloon-pos=\"up\">Professor do Magist\u00e9rio Superior - Pediatria<\/span><\/td>\r\n<td class=\"cvagas\">01<\/td>\r\n<td class=\"cremuneracao\">R$ 4.975,59 \/40h<\/td>\r\n<\/tr><tr>\r\n<td class=\"ccargos\">\r\n<span data-balloon-length=\"medium\" aria-label=\"Gradua\u00e7\u00e3o em Medicina; com Resid\u00eancia M\u00e9dica reconhecida pelo MEC e\/ou T\u00edtulo de Especialista concedidos pelas Sociedades de Especialidades filiadas \u00e0 AMB em Medicina de Fam\u00edlia e Comunidade ou Medicina Geral e Comunit\u00e1ria ou Medicina Preventiva e Social.\" data-balloon-pos=\"up\">Professor do Magist\u00e9rio Superior - Medicina de Fam\u00edlia e Comunidade\/Medicina Preventiva e Social<\/span><\/td>\r\n<td class=\"cvagas\">01<\/td>\r\n<td class=\"cremuneracao\">R$ 4.975,59 \/40h<\/td>\r\n<\/tr><tr>\r\n<td class=\"ccargos\">\r\n<span data-balloon-length=\"medium\" aria-label=\"Gradua\u00e7\u00e3o em Medicina; com Resid\u00eancia M\u00e9dica reconhecida pelo MEC e\/ou T\u00edtulo de Especialista concedido pelas Sociedades de Especialidades filiadas \u00e0 AMB em Cl\u00ednica M\u00e9dica ou Cardiologia ou Gastroenterologia ou Pneumologia ou Reumatologia ou Nefrologia ou Infectologia ou Neurologia ou Dermatologia ou Hematologia ou Urg\u00eancia e Emerg\u00eancia ou Terapia Intensiva\/Intensivismo ou Cirurgia ou Pediatria.\" data-balloon-pos=\"up\">Professor do Magist\u00e9rio Superior - Medicina (Urg\u00eancia e Emerg\u00eancia)<\/span><\/td>\r\n<td class=\"cvagas\">01<\/td>\r\n<td class=\"cremuneracao\">R$ 4.975,59 \/40h<\/td>\r\n<\/tr><tr>\r\n<td class=\"ccargos\">\r\n<span data-balloon-length=\"medium\" aria-label=\"Gradua\u00e7\u00e3o em Medicina com Resid\u00eancia M\u00e9dica reconhecida pelo MEC e\/ou T\u00edtulo de Especialista concedido pela Sociedade de Especialidade filiada \u00e0 AMB em Ginecologia e Obstetr\u00edcia.\" data-balloon-pos=\"up\">Professor do Magist\u00e9rio Superior - Ginecologia e Obstetr\u00edcia<\/span><\/td>\r\n<td class=\"cvagas\">01<\/td>\r\n<td class=\"cremuneracao\">R$ 4.975,59 \/40h<\/td>\r\n<\/tr><tr>\r\n<td class=\"ccargos\">\r\n<span data-balloon-length=\"medium\" aria-label=\"Gradua\u00e7\u00e3o em Medicina com Resid\u00eancia M\u00e9dica reconhecida pelo MEC e\/ou T\u00edtulo de Especialista concedido pela Sociedade de Especialidade filiada \u00e0 AMB em Cirurgia.\" data-balloon-pos=\"up\">Professor do Magist\u00e9rio Superior - Cirurgia<\/span><\/td>\r\n<td class=\"cvagas\">01<\/td>\r\n<td class=\"cremuneracao\">R$ 4.975,59 \/40h<\/td>\r\n<\/tr><tr>\r\n<td class=\"ccargos\">\r\n<span data-balloon-length=\"medium\" aria-label=\"Gradua\u00e7\u00e3o em Medicina ou em Farm\u00e1cia ou em Ci\u00eancias Biol\u00f3gicas ou em Biomedicina ou em Biotecnologia ou em Medicina Veterin\u00e1ria; com Doutorado na grande \u00e1rea das Ci\u00eancias Biol\u00f3gicas ou da Sa\u00fade ou na \u00e1rea de Medicina Veterin\u00e1ria.\" data-balloon-pos=\"up\">Professor do Magist\u00e9rio Superior - Parasitologia<\/span><\/td>\r\n<td class=\"cvagas\">01<\/td>\r\n<td class=\"cremuneracao\">R$ 13.288,83 \/40h (DE)<\/td>\r\n<\/tr><tr>\r\n<td class=\"ccargos\">\r\n<span data-balloon-length=\"medium\" aria-label=\"Gradua\u00e7\u00e3o em Farm\u00e1cia com Doutorado na grande \u00e1rea de Ci\u00eancias Biol\u00f3gicas ou em Ci\u00eancias da Sa\u00fade.\" data-balloon-pos=\"up\">Professor do Magist\u00e9rio Superior - Ci\u00eancias da Sa\u00fade; Ci\u00eancias Biol\u00f3gicas (Farm\u00e1cia)<\/span><\/td>\r\n<td class=\"cvagas\">01<\/td>\r\n<td class=\"cremuneracao\">R$ 13.288,83 \/40h (DE)<\/td>\r\n<\/tr><tr>\r\n<td class=\"ccargos\">\r\n<span data-balloon-length=\"medium\" aria-label=\"Gradua\u00e7\u00e3o em Farm\u00e1cia com Doutorado na grande \u00e1rea das Ci\u00eancias Biol\u00f3gicas ou das Ci\u00eancias da Sa\u00fade.\" data-balloon-pos=\"up\">Professor do Magist\u00e9rio Superior - Ci\u00eancias da Sa\u00fade; Ci\u00eancias Biol\u00f3gicas (Microbiologia\/Farm\u00e1cia)<\/span><\/td>\r\n<td class=\"cvagas\">01<\/td>\r\n<td class=\"cremuneracao\">R$ 13.288,83 \/40h (DE)<\/td>\r\n<\/tr><tr>\r\n<td class=\"ccargos\">\r\n<span data-balloon-length=\"medium\" aria-label=\"Gradua\u00e7\u00e3o em Hist\u00f3ria com Mestrado e Doutorado em Hist\u00f3ria.\" data-balloon-pos=\"up\">Professor do Magist\u00e9rio Superior - Hist\u00f3ria, Hist\u00f3ria da Am\u00e9rica; Hist\u00f3ria Regional do Brasil<\/span><\/td>\r\n<td class=\"cvagas\">01<\/td>\r\n<td class=\"cremuneracao\">R$ 13.288,83 \/40h (DE)<\/td>\r\n<\/tr><tr>\r\n<td class=\"ccargos\">\r\n<span data-balloon-length=\"medium\" aria-label=\"Licenciatura ou Bacharelado em Educa\u00e7\u00e3o F\u00edsica; com Doutorado em Educa\u00e7\u00e3o F\u00edsica ou na \u00e1rea de Ci\u00eancias Humanas ou na \u00e1rea das Ci\u00eancias da Sa\u00fade.\" data-balloon-pos=\"up\">Professor do Magist\u00e9rio Superior - Ci\u00eancias da Sa\u00fade\/Educa\u00e7\u00e3o F\u00edsica (Esportes)<\/span><\/td>\r\n<td class=\"cvagas\">01<\/td>\r\n<td class=\"cremuneracao\">R$ 13.288,83 \/40h (DE)<\/td>\r\n<\/tr><tr>\r\n<td class=\"ccargos\">\r\n<span data-balloon-length=\"medium\" aria-label=\"Licenciatura ou Bacharelado em Educa\u00e7\u00e3o F\u00edsica; com Doutorado em Educa\u00e7\u00e3o F\u00edsica ou na \u00e1rea de Ci\u00eancias Humanas ou na \u00e1rea das Ci\u00eancias da Sa\u00fade.\" data-balloon-pos=\"up\">Professor do Magist\u00e9rio Superior - Ci\u00eancias da Sa\u00fade\/Educa\u00e7\u00e3o F\u00edsica (Gin\u00e1sticas)<\/span><\/td>\r\n<td class=\"cvagas\">01<\/td>\r\n<td class=\"cremuneracao\">R$ 13.288,83 \/40h (DE)<\/td>\r\n<\/tr><tr>\r\n<td class=\"ccargos\">\r\n<span data-balloon-length=\"medium\" aria-label=\"Licenciatura em Geografia; com Doutorado em Educa\u00e7\u00e3o ou em Educa\u00e7\u00e3o Ambiental ou em Educa\u00e7\u00e3o em Ci\u00eancias.\" data-balloon-pos=\"up\">Professor do Magist\u00e9rio Superior - Educa\u00e7\u00e3o (Did\u00e1tica)<\/span><\/td>\r\n<td class=\"cvagas\">01<\/td>\r\n<td class=\"cremuneracao\">R$ 13.288,83 \/40h (DE)<\/td>\r\n<\/tr><tr>\r\n<td class=\"ccargos\">\r\n<span data-balloon-length=\"medium\" aria-label=\"Licenciatura ou Bacharelado em Educa\u00e7\u00e3o F\u00edsica; com Doutorado em Educa\u00e7\u00e3o F\u00edsica ou na \u00e1rea de Ci\u00eancias Humanas ou na \u00e1rea das Ci\u00eancias da Sa\u00fade.\" data-balloon-pos=\"up\">Professor do Magist\u00e9rio Superior - Ci\u00eancias da Sa\u00fade\/Educa\u00e7\u00e3o F\u00edsica (Estudos da Sa\u00fade)<\/span><\/td>\r\n<td class=\"cvagas\">01<\/td>\r\n<td class=\"cremuneracao\">R$ 13.288,83 \/40h (DE)<\/td>\r\n<\/tr><tr>\r\n<td class=\"ccargos\">\r\n<span data-balloon-length=\"medium\" aria-label=\"Doutorado em Artes Visuais ou em Artes ou em Arte e Cultura Visual ou em Artes, Cultura e Linguagem ou em Artes Pl\u00e1sticas ou em Cinema ou em Comunica\u00e7\u00e3o.\" data-balloon-pos=\"up\">Professor do Magist\u00e9rio Superior - Artes; Lingu\u00edstica, Letras e Artes (Imagem em Movimento)<\/span><\/td>\r\n<td class=\"cvagas\">01<\/td>\r\n<td class=\"cremuneracao\">R$ 13.288,83 \/40h (DE)<\/td>\r\n<\/tr><tr>\r\n<td class=\"ccargos\">\r\n<span data-balloon-length=\"medium\" aria-label=\"Licenciatura em Letras Libras ou em Letras - Libras\/Literatura Surda; com Doutorado em Educa\u00e7\u00e3o ou em Letras ou em Lingu\u00edstica.\" data-balloon-pos=\"up\">Professor do Magist\u00e9rio Superior - Lingu\u00edstica; Letras (Libras)<\/span><\/td>\r\n<td class=\"cvagas\">01<\/td>\r\n<td class=\"cremuneracao\">R$ 13.288,83 \/40h (DE)<\/td>\r\n<\/tr><tr>\r\n<td class=\"ccargos\">\r\n<span data-balloon-length=\"medium\" aria-label=\"Licenciatura em Letras Portugu\u00eas Espanhol com Doutorado em Letras.\" data-balloon-pos=\"up\">Professor do Magist\u00e9rio Superior - Lingu\u00edstica; Letras (L\u00edngua Espanhola Instrumental)<\/span><\/td>\r\n<td class=\"cvagas\">01<\/td>\r\n<td class=\"cremuneracao\">R$ 13.288,83 \/40h (DE)<\/td>\r\n<\/tr><tr>\r\n<td class=\"ccargos\">\r\n<span data-balloon-length=\"medium\" aria-label=\"Doutorado em Hist\u00f3ria da Arte ou em Artes Visuais com \u00eanfase em Hist\u00f3ria, Teoria e Cr\u00edtica.\" data-balloon-pos=\"up\">Professor do Magist\u00e9rio Superior - Artes; Hist\u00f3ria da Arte<\/span><\/td>\r\n<td class=\"cvagas\">01<\/td>\r\n<td class=\"cremuneracao\">R$ 13.288,83 \/40h (DE)<\/td>\r\n<\/tr><tr>\r\n<td class=\"ccargos\">\r\n<span data-balloon-length=\"medium\" aria-label=\"Licenciatura em F\u00edsica ou Licenciatura em Ci\u00eancias Exatas com \u00eanfase em F\u00edsica ou Licenciatura em Ci\u00eancias da Natureza com \u00eanfase em F\u00edsica; com Doutorado em Educa\u00e7\u00e3o ou em Educa\u00e7\u00e3o em Ci\u00eancias ou em Ensino de F\u00edsica ou em Educa\u00e7\u00e3o Cient\u00edfica e Tecnol\u00f3gica.\" data-balloon-pos=\"up\">Professor do Magist\u00e9rio Superior - Ensino; Ensino de Ci\u00eancia e Matem\u00e1tica (F\u00edsica)<\/span><\/td>\r\n<td class=\"cvagas\">01<\/td>\r\n<td class=\"cremuneracao\">R$ 13.288,83 \/40h (DE)<\/td>\r\n<\/tr><tr>\r\n<td class=\"ccargos\">\r\n<span data-balloon-length=\"medium\" aria-label=\"Bacharelado em F\u00edsica M\u00e9dica ou F\u00edsica com \u00eanfase em F\u00edsica M\u00e9dica; e Doutorado em Engenharia Nuclear com \u00eanfase em F\u00edsica Nuclear Aplicada ou Doutorado em Ci\u00eancias com \u00c1rea de concentra\u00e7\u00e3o em: F\u00edsica M\u00e9dica ou Tecnologia Nuclear e Aplica\u00e7\u00f5es ou F\u00edsica Aplicada \u00e0 Medicina e Biologia ou Metrologia das Radia\u00e7\u00f5es ou Radia\u00e7\u00f5es Ionizantes na Sa\u00fade e Biologia ou Engenharia Biom\u00e9dica ou Biof\u00edsica das Radia\u00e7\u00f5es ou Ci\u00eancia e Tecnologia das Radia\u00e7\u00f5es e Reatores Nucleares ou F\u00edsica M\u00e9dica e Biol\u00f3gica.\" data-balloon-pos=\"up\">Professor do Magist\u00e9rio Superior - F\u00edsica (Radioprote\u00e7\u00e3o\/F\u00edsica M\u00e9dica)<\/span><\/td>\r\n<td class=\"cvagas\">01<\/td>\r\n<td class=\"cremuneracao\">R$ 13.288,83 \/40h (DE)<\/td>\r\n<\/tr>\r\n    <\/tbody>\r\n  <\/table>\r\n<\/div>"},"_links":{"self":[{"href":"https:\/\/www.agrobase.com.br\/concursos\/wp-json\/wp\/v2\/posts\/276481","targetHints":{"allow":["GET"]}}],"collection":[{"href":"https:\/\/www.agrobase.com.br\/concursos\/wp-json\/wp\/v2\/posts"}],"about":[{"href":"https:\/\/www.agrobase.com.br\/concursos\/wp-json\/wp\/v2\/types\/post"}],"author":[{"embeddable":true,"href":"https:\/\/www.agrobase.com.br\/concursos\/wp-json\/wp\/v2\/users\/7"}],"replies":[{"embeddable":true,"href":"https:\/\/www.agrobase.com.br\/concursos\/wp-json\/wp\/v2\/comments?post=276481"}],"version-history":[{"count":3,"href":"https:\/\/www.agrobase.com.br\/concursos\/wp-json\/wp\/v2\/posts\/276481\/revisions"}],"predecessor-version":[{"id":276485,"href":"https:\/\/www.agrobase.com.br\/concursos\/wp-json\/wp\/v2\/posts\/276481\/revisions\/276485"}],"wp:featuredmedia":[{"embeddable":true,"href":"https:\/\/www.agrobase.com.br\/concursos\/wp-json\/wp\/v2\/media\/276480"}],"wp:attachment":[{"href":"https:\/\/www.agrobase.com.br\/concursos\/wp-json\/wp\/v2\/media?parent=276481"}],"wp:term":[{"taxonomy":"category","embeddable":true,"href":"https:\/\/www.agrobase.com.br\/concursos\/wp-json\/wp\/v2\/categories?post=276481"},{"taxonomy":"post_tag","embeddable":true,"href":"https:\/\/www.agrobase.com.br\/concursos\/wp-json\/wp\/v2\/tags?post=276481"},{"taxonomy":"_amplo","embeddable":true,"href":"https:\/\/www.agrobase.com.br\/concursos\/wp-json\/wp\/v2\/_amplo?post=276481"},{"taxonomy":"destaque","embeddable":true,"href":"https:\/\/www.agrobase.com.br\/concursos\/wp-json\/wp\/v2\/destaque?post=276481"},{"taxonomy":"instituicoes","embeddable":true,"href":"https:\/\/www.agrobase.com.br\/concursos\/wp-json\/wp\/v2\/instituicoes?post=276481"}],"curies":[{"name":"wp","href":"https:\/\/api.w.org\/{rel}","templated":true}]}}