{"id":276475,"date":"2026-01-07T08:00:37","date_gmt":"2026-01-07T11:00:37","guid":{"rendered":"https:\/\/www.agrobase.com.br\/concursos\/?p=276475"},"modified":"2026-01-08T10:19:09","modified_gmt":"2026-01-08T13:19:09","slug":"ufba-ba-concurso-01-2026","status":"publish","type":"post","link":"https:\/\/www.agrobase.com.br\/concursos\/2026\/ufba-ba-concurso-01-2026\/","title":{"rendered":"UFBA (BA) &#8211; Concurso 01\/2026"},"content":{"rendered":"<h2>Informa\u00e7\u00f5es Gerais<\/h2>\n<p>A <strong>Universidade Federal da Bahia (UFBA)<\/strong> publicou o <strong>Edital n.\u00ba 01\/2026<\/strong> para a realiza\u00e7\u00e3o de um novo Concurso P\u00fablico destinado ao provimento de vagas na carreira de <strong>Magist\u00e9rio Superior<\/strong>. O certame visa o preenchimento imediato de <strong>36 vagas<\/strong> para o cargo de Professor Assistente (Classe A), sob o regime estatut\u00e1rio, que garante estabilidade empregat\u00edcia aos aprovados.<\/p>\n<p>As oportunidades exigem n\u00edvel superior com titula\u00e7\u00e3o espec\u00edfica (Mestrado ou Doutorado, a depender da \u00e1rea) e contemplam diversos departamentos acad\u00eamicos. H\u00e1 vagas distribu\u00eddas entre \u00e1reas de Humanas, Exatas e Sa\u00fade, com destaque especial para oportunidades em <strong>Medicina Veterin\u00e1ria<\/strong>, <strong>Biologia<\/strong> (Sistem\u00e1tica, Bot\u00e2nica e Gen\u00e9tica), <strong>Nutri\u00e7\u00e3o<\/strong> e <strong>Engenharias<\/strong>. A remunera\u00e7\u00e3o e a carga hor\u00e1ria variam conforme a dedica\u00e7\u00e3o exigida (20h ou 40h) e a titula\u00e7\u00e3o do candidato.<\/p>\n<p>Este \u00e9 um momento decisivo para quem busca ingressar na carreira docente em uma das institui\u00e7\u00f5es mais tradicionais do pa\u00eds. Confira a seguir os detalhes sobre prazos, etapas e requisitos para garantir sua participa\u00e7\u00e3o.<\/p>\n<h2>Inscri\u00e7\u00f5es<\/h2>\n<p>As inscri\u00e7\u00f5es para o concurso da UFBA devem ser realizadas exclusivamente pela internet, atrav\u00e9s do Sistema de Concursos (SISCON). O per\u00edodo para cadastro inicia-se no dia <strong>02 de janeiro de 2026<\/strong> e segue aberto at\u00e9 \u00e0s <strong>12h00 (hor\u00e1rio local) do dia 03 de fevereiro de 2026<\/strong>. \u00c9 fundamental que o candidato fique atento ao hor\u00e1rio de encerramento para n\u00e3o perder o prazo.<\/p>\n<p>No ato da inscri\u00e7\u00e3o, \u00e9 obrigat\u00f3rio o preenchimento do formul\u00e1rio online e o anexo de uma c\u00f3pia do <em>Curriculum Vitae<\/em> ou Lattes em formato PDF. A taxa de participa\u00e7\u00e3o varia de acordo com a titula\u00e7\u00e3o exigida para a vaga pretendida:<\/p>\n<ul>\n<li><strong>R$ 150,00<\/strong> para vagas com exig\u00eancia de Gradua\u00e7\u00e3o\/Especializa\u00e7\u00e3o;<\/li>\n<li><strong>R$ 180,00<\/strong> para vagas com exig\u00eancia de Mestrado;<\/li>\n<li><strong>R$ 200,00<\/strong> para vagas com exig\u00eancia de Doutorado.<\/li>\n<\/ul>\n<p>O pagamento deve ser efetuado por meio de Guia de Recolhimento da Uni\u00e3o (GRU), pag\u00e1vel preferencialmente no Banco do Brasil, at\u00e9 o primeiro dia \u00fatil ap\u00f3s o t\u00e9rmino das inscri\u00e7\u00f5es. Candidatos que atendam aos requisitos legais podem solicitar a isen\u00e7\u00e3o da taxa conforme as regras estipuladas no edital. Recomendamos a leitura atenta do documento oficial para conferir todos os detalhes.<\/p>\n<h2>Etapas e Provas<\/h2>\n<p>O processo seletivo ser\u00e1 composto por quatro etapas distintas, realizadas presencialmente em Salvador\/BA, no per\u00edodo prov\u00e1vel de <strong>11 de mar\u00e7o a 30 de abril de 2026<\/strong>. A avalia\u00e7\u00e3o visa mensurar n\u00e3o apenas o conhecimento t\u00e9cnico, mas tamb\u00e9m a capacidade pedag\u00f3gica e a trajet\u00f3ria acad\u00eamica dos candidatos.<\/p>\n<p>As etapas s\u00e3o estruturadas da seguinte forma:<\/p>\n<ul>\n<li><strong>Prova Te\u00f3rico-Pr\u00e1tica ou Escrita (Peso 3):<\/strong> De car\u00e1ter eliminat\u00f3rio e classificat\u00f3rio. \u00c9 a primeira etapa do certame e exige nota m\u00ednima de 7,0 para aprova\u00e7\u00e3o. Avalia a compet\u00eancia t\u00e9cnica, capacidade anal\u00edtica e express\u00e3o escrita.<\/li>\n<li><strong>Prova Did\u00e1tica (Peso 3):<\/strong> De car\u00e1ter classificat\u00f3rio. Consiste em uma aula de 50 a 60 minutos sobre tema sorteado, avaliando plano de aula, dom\u00ednio de conte\u00fado e desempenho did\u00e1tico.<\/li>\n<li><strong>Prova de T\u00edtulos (Peso 2):<\/strong> De car\u00e1ter classificat\u00f3rio. An\u00e1lise da produ\u00e7\u00e3o acad\u00eamica, cient\u00edfica, art\u00edstica e profissional baseada no Curr\u00edculo Lattes comprovado.<\/li>\n<li><strong>Defesa de Memorial (Peso 2):<\/strong> De car\u00e1ter classificat\u00f3rio. Apresenta\u00e7\u00e3o p\u00fablica da trajet\u00f3ria acad\u00eamica do candidato e suas perspectivas de contribui\u00e7\u00e3o institucional.<\/li>\n<\/ul>\n<p>Para obter a aprova\u00e7\u00e3o final, o candidato deve alcan\u00e7ar a nota m\u00ednima de 7,0 (sete) na m\u00e9dia ponderada das etapas, atribu\u00edda pela maioria dos examinadores. Consulte o edital para verificar o cronograma espec\u00edfico de cada \u00e1rea de conhecimento.<\/p>\n<h2>Resultados e Gabarito<\/h2>\n<p>Os resultados de cada etapa ser\u00e3o divulgados publicamente na Unidade Universit\u00e1ria correspondente e no site oficial do certame. A nota final ser\u00e1 calculada atrav\u00e9s da m\u00e9dia ponderada das notas atribu\u00eddas pelos examinadores em todas as fases. Em caso de empate, a classifica\u00e7\u00e3o priorizar\u00e1, sucessivamente, as maiores notas na Prova Escrita\/Te\u00f3rico-Pr\u00e1tica, Prova Did\u00e1tica, Prova de T\u00edtulos e Defesa de Memorial.<\/p>\n<p>O concurso ter\u00e1 validade de <strong>1 (um) ano<\/strong>, contado a partir da data de publica\u00e7\u00e3o da homologa\u00e7\u00e3o do resultado final no Di\u00e1rio Oficial da Uni\u00e3o, podendo ser prorrogado por igual per\u00edodo a crit\u00e9rio da UFBA. A convoca\u00e7\u00e3o dos aprovados para posse ocorrer\u00e1 via publica\u00e7\u00e3o oficial.<\/p>\n<p>Ressaltamos que \u00e9 de <strong>inteira responsabilidade do candidato<\/strong> o acompanhamento de todas as publica\u00e7\u00f5es, retifica\u00e7\u00f5es e convoca\u00e7\u00f5es referentes a este concurso no site da banca organizadora e no Di\u00e1rio Oficial da Uni\u00e3o.<\/p>\n","protected":false},"excerpt":{"rendered":"<p>Concurso UFBA (BA) com edital publicado! 36 vagas p\/ Professores Assistentes (Superior). Inscri\u00e7\u00f5es a partir de 02\/01. Confira detalhes!<\/p>\n","protected":false},"author":7,"featured_media":276474,"comment_status":"open","ping_status":"open","sticky":false,"template":"","format":"standard","meta":{"_acf_changed":false,"_breakdance_hide_in_design_set":false,"_breakdance_tags":"","footnotes":""},"categories":[5,94,6433,126,121,10,117,11,6434,13,79,103,142,133,16,17,112,6436,111,115,100,20,21,22,119,23,98,6435,118,134],"tags":[42],"_amplo":[],"destaque":[6431],"instituicoes":[],"class_list":["post-276475","post","type-post","status-publish","format-standard","has-post-thumbnail","hentry","category-arquitetura","category-biblioteconomia","category-biologia-licenciatura","category-ciencia-computacao","category-ciencias-sociais","category-direito","category-economia","category-educacao-fisica","category-educacao-fisica-licenciatura","category-engenharia-ambiental","category-engenharia-alimentos","category-engenharia-eletrica","category-engenharia-eletronica","category-engenharia-mecatronica","category-engenharia-sanitaria","category-farmacia","category-filosofia","category-fisica-licenciatura","category-geografia","category-geologia","category-historia","category-letras","category-medicina","category-veterinaria","category-musica","category-nutricao","category-oceanografia","category-quimica-licenciatura","category-sociologia","category-terapia-ocupacional","tag-bahia","destaque-destaque"],"acf":{"_tipo_vagas":"vagas","_numero_vagas":"","_quadro_vagas":"","_cargos":"diversos","_cargos_especificos":"","_salario_max":"R$ 13.288,85","_abertura":"20260102","_encerramento":"20260203","_inscricoes":"https:\/\/siscon.ufba.br\/siscon\/Welcome.do","_executora_concurso":"","_instituicao_concurso":[],"_link_adicional":null,"_anexos":null,"_produtos":null,"_vagas":"36 vagas","_salario_min":"R$ 3.090,43","_instituicao":"UFBA","_edital":"https:\/\/www.agrobase.com.br\/concursos\/wp-content\/uploads\/sites\/4\/2026\/01\/edital-01-2026-ufba-ba.pdf","_anexos_edital":"https:\/\/www.agrobase.com.br\/concursos\/wp-content\/uploads\/sites\/4\/2026\/01\/anexos-edital-01-2026-ufba-ba.pdf","_fund_incompleto":"","_fund_completo":"","_medio":"","_superior":"<div>\r\n<table class=\"quadro\">\r\n<thead>\r\n<tr>\r\n<th class=\"hcargo\">Cargo<\/th>\r\n<th class=\"hvagas\">Vagas<\/th>\r\n<th class=\"hremuneracao\">Remunera\u00e7\u00e3o<\/th>\r\n<\/tr>\r\n<\/thead>\r\n    <tbody>\r\n      <tr>\r\n<td class=\"ccargos\">\r\n<span data-balloon-length=\"medium\" aria-label=\"Gradua\u00e7\u00e3o: Engenharia El\u00e9trica; Engenharia de Energia. Mestrado e Doutorado: Engenharia El\u00e9trica; Engenharia Eletr\u00f4nica, Engenharia Mecatr\u00f4nica.\" data-balloon-pos=\"up\">Professor Assistente - Instala\u00e7\u00f5es El\u00e9tricas Prediais e Industriais, Sistemas El\u00e9tricos de Pot\u00eancia (SEP) IE<\/span><\/td>\r\n<td class=\"cvagas\">01<\/td>\r\n<td class=\"cremuneracao\">R$ 0,00 \/40h<\/td>\r\n<\/tr><tr>\r\n<td class=\"ccargos\">\r\n<span data-balloon-length=\"medium\" aria-label=\"Gradua\u00e7\u00e3o em Medicina Veterin\u00e1ria. Doutorado com tema de tese na \u00e1rea de Patologia Cl\u00ednica Veterin\u00e1ria.\" data-balloon-pos=\"up\">Professor Assistente - Patologia Cl\u00ednica Veterin\u00e1ria<\/span><\/td>\r\n<td class=\"cvagas\">01<\/td>\r\n<td class=\"cremuneracao\">R$ 0,00 \/40h<\/td>\r\n<\/tr><tr>\r\n<td class=\"ccargos\">\r\n<span data-balloon-length=\"medium\" aria-label=\"Gradua\u00e7\u00e3o em M\u00fasica, com Mestrado em M\u00fasica.\" data-balloon-pos=\"up\">Professor Assistente - Canto L\u00edrico<\/span><\/td>\r\n<td class=\"cvagas\">01<\/td>\r\n<td class=\"cremuneracao\">R$ 0,00 \/40h<\/td>\r\n<\/tr><tr>\r\n<td class=\"ccargos\">\r\n<span data-balloon-length=\"medium\" aria-label=\"Gradua\u00e7\u00e3o em M\u00fasica, Doutorado em M\u00fasica, \u00e1rea de concentra\u00e7\u00e3o Composi\u00e7\u00e3o.\" data-balloon-pos=\"up\">Professor Assistente - Composi\u00e7\u00e3o e Literatura e Estrutura\u00e7\u00e3o Musical<\/span><\/td>\r\n<td class=\"cvagas\">01<\/td>\r\n<td class=\"cremuneracao\">R$ 0,00 \/40h<\/td>\r\n<\/tr><tr>\r\n<td class=\"ccargos\">\r\n<span data-balloon-length=\"medium\" aria-label=\"Profissional Graduado em Nutri\u00e7\u00e3o com Doutorado, com objeto de Tese relacionado com a \u00e1rea do concurso (Ci\u00eancia da Alimenta\u00e7\u00e3o e Nutri\u00e7\u00e3o com sub\u00e1rea: Administra\u00e7\u00e3o de Servi\u00e7os de Alimenta\u00e7\u00e3o e Nutri\u00e7\u00e3o), em uma das seguintes \u00e1reas: Alimentos, Nutri\u00e7\u00e3o e Sa\u00fade ou Nutri\u00e7\u00e3o ou Ci\u00eancias da Sa\u00fade ou Ci\u00eancia e Tecnologia de Alimentos ou Ci\u00eancias Sociais Aplicadas ou Sa\u00fade P\u00fablica ou Sa\u00fade Coletiva, ou \u00e1reas correlatas desde que o objeto da Tese tenha \u00eanfase na \u00e1rea e sub\u00e1rea do concurso (Ci\u00eancia da Alimenta\u00e7\u00e3o e Nutri\u00e7\u00e3o com sub\u00e1rea em Administra\u00e7\u00e3o de Servi\u00e7os de Alimenta\u00e7\u00e3o e Nutri\u00e7\u00e3o) e Exerc\u00edcio profissional comprovado como nutricionista, em Servi\u00e7os de Alimenta\u00e7\u00e3o e Nutri\u00e7\u00e3o, de no m\u00ednimo 02 anos.\" data-balloon-pos=\"up\">Professor Assistente - Ci\u00eancia da Alimenta\u00e7\u00e3o e Nutri\u00e7\u00e3o com sub\u00e1rea: Administra\u00e7\u00e3o de Servi\u00e7os de Alimenta\u00e7\u00e3o e Nutri\u00e7\u00e3o<\/span><\/td>\r\n<td class=\"cvagas\">01<\/td>\r\n<td class=\"cremuneracao\">R$ 0,00 \/40h<\/td>\r\n<\/tr><tr>\r\n<td class=\"ccargos\">\r\n<span data-balloon-length=\"medium\" aria-label=\"Gradua\u00e7\u00e3o em Arquitetura ou Arquitetura e Urbanismo ou Urbanismo ou Geografia ou Ci\u00eancias Sociais ou Planejamento Territorial ou Engenharia Sanit\u00e1ria e Ambiental ou Economia ou Direito ou outras \u00e1reas afins. Doutorado em Arquitetura ou Arquitetura e Urbanismo ou Urbanismo ou Planejamento Urbano e Regional ou Geografia ou outras \u00e1reas afins.\" data-balloon-pos=\"up\">Professor Assistente - Fundamenta\u00e7\u00e3o do Planejamento Urbano e Regional<\/span><\/td>\r\n<td class=\"cvagas\">02<\/td>\r\n<td class=\"cremuneracao\">R$ 0,00 \/40h<\/td>\r\n<\/tr><tr>\r\n<td class=\"ccargos\">\r\n<span data-balloon-length=\"medium\" aria-label=\"Gradua\u00e7\u00e3o em Arquitetura, Arquitetura e Urbanismo. Doutorado em Arquitetura e Urbanismo ou Engenharias ou \u00e1reas afins.\" data-balloon-pos=\"up\">Professor Assistente - Projeto Bioclim\u00e1tico e de Baixo Impacto Ambiental<\/span><\/td>\r\n<td class=\"cvagas\">01<\/td>\r\n<td class=\"cremuneracao\">R$ 0,00 \/40h<\/td>\r\n<\/tr><tr>\r\n<td class=\"ccargos\">\r\n<span data-balloon-length=\"medium\" aria-label=\"Gradua\u00e7\u00e3o em Arquitetura ou Arquitetura e Urbanismo. Doutorado em Arquitetura, Arquitetura e Urbanismo ou Preserva\u00e7\u00e3o do Patrim\u00f4nio Cultural ou \u00e1reas afins.\" data-balloon-pos=\"up\">Professor Assistente - Projeto de Preserva\u00e7\u00e3o em Patrim\u00f4nio Cultural<\/span><\/td>\r\n<td class=\"cvagas\">01<\/td>\r\n<td class=\"cremuneracao\">R$ 0,00 \/40h<\/td>\r\n<\/tr><tr>\r\n<td class=\"ccargos\">\r\n<span data-balloon-length=\"medium\" aria-label=\"Licenciatura em F\u00edsica, com Doutorado em Educa\u00e7\u00e3o ou Ensino de Ci\u00eancias ou Ensino, Filosofia e Hist\u00f3ria das Ci\u00eancias ou Ensino de F\u00edsica.\" data-balloon-pos=\"up\">Professor Assistente - Metodologia, Est\u00e1gio Supervisionado e Viv\u00eancias em Ensino de F\u00edsica<\/span><\/td>\r\n<td class=\"cvagas\">01<\/td>\r\n<td class=\"cremuneracao\">R$ 0,00 \/40h<\/td>\r\n<\/tr><tr>\r\n<td class=\"ccargos\">\r\n<span data-balloon-length=\"medium\" aria-label=\"Bacharelado ou Licenciatura em Educa\u00e7\u00e3o F\u00edsica e Doutorado.\" data-balloon-pos=\"up\">Professor Assistente - Conhecimento, m\u00e9todo e pr\u00e1ticas em esportes individuais (Atletismo)<\/span><\/td>\r\n<td class=\"cvagas\">01<\/td>\r\n<td class=\"cremuneracao\">R$ 0,00 \/20h<\/td>\r\n<\/tr><tr>\r\n<td class=\"ccargos\">\r\n<span data-balloon-length=\"medium\" aria-label=\"Gradua\u00e7\u00e3o em Farm\u00e1cia, P\u00f3s-Gradua\u00e7\u00e3o lato sensu em Citologia Cl\u00ednica, Citopatologia ou Citologia Onc\u00f3tica e Doutorado em Ci\u00eancias da Sa\u00fade ou afins.\" data-balloon-pos=\"up\">Professor Assistente - Farm\u00e1cia \/ An\u00e1lises Cl\u00ednica s<\/span><\/td>\r\n<td class=\"cvagas\">01<\/td>\r\n<td class=\"cremuneracao\">R$ 0,00 \/40h<\/td>\r\n<\/tr><tr>\r\n<td class=\"ccargos\">\r\n<span data-balloon-length=\"medium\" aria-label=\"Gradua\u00e7\u00e3o em Farm\u00e1cia com Doutorado em Ci\u00eancias Farmac\u00eauticas ou \u00e1reas afins.\" data-balloon-pos=\"up\">Professor Assistente - Controle de Qualidade F\u00edsico-Qu\u00edmico e Microbiol\u00f3gico<\/span><\/td>\r\n<td class=\"cvagas\">01<\/td>\r\n<td class=\"cremuneracao\">R$ 0,00 \/40h<\/td>\r\n<\/tr><tr>\r\n<td class=\"ccargos\">\r\n<span data-balloon-length=\"medium\" aria-label=\"Doutorado em Antropologia ou \u00e1rea afins.\" data-balloon-pos=\"up\">Professor Assistente - Teoria Antropol\u00f3gica<\/span><\/td>\r\n<td class=\"cvagas\">01<\/td>\r\n<td class=\"cremuneracao\">R$ 0,00 \/40h<\/td>\r\n<\/tr><tr>\r\n<td class=\"ccargos\">\r\n<span data-balloon-length=\"medium\" aria-label=\"Gradua\u00e7\u00e3o em Filosofia. Doutorado em Filosofia ou Doutorado em Educa\u00e7\u00e3o.\" data-balloon-pos=\"up\">Professor Assistente - Filosofia \/ Ensino de Filosofia<\/span><\/td>\r\n<td class=\"cvagas\">01<\/td>\r\n<td class=\"cremuneracao\">R$ 0,00 \/40h<\/td>\r\n<\/tr><tr>\r\n<td class=\"ccargos\">\r\n<span data-balloon-length=\"medium\" aria-label=\"Gradua\u00e7\u00e3o em qualquer \u00e1rea. Doutorado em Filosofia.\" data-balloon-pos=\"up\">Professor Assistente - Filosofia \/ Hist\u00f3ria da Filosofia Antiga<\/span><\/td>\r\n<td class=\"cvagas\">01<\/td>\r\n<td class=\"cremuneracao\">R$ 0,00 \/40h<\/td>\r\n<\/tr><tr>\r\n<td class=\"ccargos\">\r\n<span data-balloon-length=\"medium\" aria-label=\"Gradua\u00e7\u00e3o em Terapia Ocupacional, Mestrado e Experi\u00eancia comprovada (de no m\u00ednimo 02 anos) na \u00e1rea de conhecimento.\" data-balloon-pos=\"up\">Professor Assistente - Terapia Ocupacional em Neurodesenvolvimento com enfoque na Reabilita\u00e7\u00e3o F\u00edsica de Crian\u00e7as e Adolescentes<\/span><\/td>\r\n<td class=\"cvagas\">01<\/td>\r\n<td class=\"cremuneracao\">R$ 0,00 \/40h<\/td>\r\n<\/tr><tr>\r\n<td class=\"ccargos\">\r\n<span data-balloon-length=\"medium\" aria-label=\"Gradua\u00e7\u00e3o em Ci\u00eancias Biol\u00f3gicas e Doutorado em Ci\u00eancias ou Biodiversidade ou Bot\u00e2nica ou Biologia Vegetal com tese e produ\u00e7\u00e3o qualificada recente em Sistem\u00e1tica, incluindo Taxonomia, de Espermat\u00f3fitas N\u00e3o Monocotiled\u00f4neas.\" data-balloon-pos=\"up\">Professor Assistente - Sistem\u00e1tica de Espermat\u00f3fitas n\u00e3o Monocotiled\u00f4neas<\/span><\/td>\r\n<td class=\"cvagas\">01<\/td>\r\n<td class=\"cremuneracao\">R$ 0,00 \/40h<\/td>\r\n<\/tr><tr>\r\n<td class=\"ccargos\">\r\n<span data-balloon-length=\"medium\" aria-label=\"Gradua\u00e7\u00e3o em Ci\u00eancias Biol\u00f3gicas ou \u00e1reas afins; Doutorado em Ci\u00eancias ou \u00e1reas afins com tese e produ\u00e7\u00e3o qualificada recente em Sistem\u00e1tica de Macroalgas Marinhas, incluindo taxonomia.\" data-balloon-pos=\"up\">Professor Assistente - Sistem\u00e1tica de Macroalgas Marinhas<\/span><\/td>\r\n<td class=\"cvagas\">01<\/td>\r\n<td class=\"cremuneracao\">R$ 0,00 \/40h<\/td>\r\n<\/tr><tr>\r\n<td class=\"ccargos\">\r\n<span data-balloon-length=\"medium\" aria-label=\"Bacharelado em Biblioteconomia com Doutorado em qualquer \u00e1rea do conhecimento.\" data-balloon-pos=\"up\">Professor Assistente - Representa\u00e7\u00e3o da Informa\u00e7\u00e3o e do Conhecimento<\/span><\/td>\r\n<td class=\"cvagas\">01<\/td>\r\n<td class=\"cremuneracao\">R$ 0,00 \/40h<\/td>\r\n<\/tr><tr>\r\n<td class=\"ccargos\">\r\n<span data-balloon-length=\"medium\" data-balloon-pos=\"up\">Professor Assistente - Ci\u00eancia da Computa\u00e7\u00e3o<\/span><\/td>\r\n<td class=\"cvagas\">01<\/td>\r\n<td class=\"cremuneracao\">R$ 0,00 \/40h<\/td>\r\n<\/tr><tr>\r\n<td class=\"ccargos\">\r\n<span data-balloon-length=\"medium\" data-balloon-pos=\"up\">Professor Assistente - Intelig\u00eancia Artificial<\/span><\/td>\r\n<td class=\"cvagas\">01<\/td>\r\n<td class=\"cremuneracao\">R$ 0,00 \/40h<\/td>\r\n<\/tr><tr>\r\n<td class=\"ccargos\">\r\n<span data-balloon-length=\"medium\" aria-label=\"Gradua\u00e7\u00e3o em F\u00edsica (licenciatura ou bacharelado) e Doutorado em Ensino de Ci\u00eancias ou em Ensino de F\u00edsica ou Doutorado em Educa\u00e7\u00e3o ou em F\u00edsica ou em \u00e1reas afins, com experi\u00eancia comprovada em pesquisa em Ensino de F\u00edsica por meio de tese ou publica\u00e7\u00e3o de artigos em Ensino de F\u00edsica em peri\u00f3dicos indexados.\" data-balloon-pos=\"up\">Professor Assistente - Ensino de F\u00edsica<\/span><\/td>\r\n<td class=\"cvagas\">01<\/td>\r\n<td class=\"cremuneracao\">R$ 0,00 \/40h<\/td>\r\n<\/tr><tr>\r\n<td class=\"ccargos\">\r\n<span data-balloon-length=\"medium\" aria-label=\"Geografia, com doutorado em Geografia ou \u00e1reas afins \u00e0 Cartografia, experi\u00eancia e produ\u00e7\u00e3o cient\u00edfica na \u00e1rea de Cartografia com \u00eanfase em novas tecnologias ou ci\u00eancia de dados.\" data-balloon-pos=\"up\">Professor Assistente - Cartografia<\/span><\/td>\r\n<td class=\"cvagas\">01<\/td>\r\n<td class=\"cremuneracao\">R$ 0,00 \/40h<\/td>\r\n<\/tr><tr>\r\n<td class=\"ccargos\">\r\n<span data-balloon-length=\"medium\" aria-label=\"Gradua\u00e7\u00e3o em Oceanografia, Ci\u00eancias Biol\u00f3gicas ou Geologia, com Doutorado em Geoci\u00eancias, Ci\u00eancias Biol\u00f3gicas ou \u00e1reas afins com atua\u00e7\u00e3o e publica\u00e7\u00f5es no campo da Paleontologia.\" data-balloon-pos=\"up\">Professor Assistente - Paleontologia<\/span><\/td>\r\n<td class=\"cvagas\">01<\/td>\r\n<td class=\"cremuneracao\">R$ 0,00 \/40h<\/td>\r\n<\/tr><tr>\r\n<td class=\"ccargos\">\r\n<span data-balloon-length=\"medium\" aria-label=\"Gradua\u00e7\u00e3o na \u00e1rea de Sa\u00fade, com doutorado em qualquer \u00e1rea do conhecimento.\" data-balloon-pos=\"up\">Professor Assistente - Campo da Sa\u00fade: saberes, pr\u00e1ticas e diversidade \u00e9tnico-racial<\/span><\/td>\r\n<td class=\"cvagas\">01<\/td>\r\n<td class=\"cremuneracao\">R$ 0,00 \/40h<\/td>\r\n<\/tr><tr>\r\n<td class=\"ccargos\">\r\n<span data-balloon-length=\"medium\" aria-label=\"Doutorado em uma das seguintes \u00e1reas: Letras, Lingu\u00edstica, Antropologia, Educa\u00e7\u00e3o, Filosofia, Hist\u00f3ria, Geografia ou Sociologia.\" data-balloon-pos=\"up\">Professor Assistente - Lingu\u00edstica com \u00eanfase em L\u00ednguas Ind\u00edgenas<\/span><\/td>\r\n<td class=\"cvagas\">01<\/td>\r\n<td class=\"cremuneracao\">R$ 0,00 \/40h<\/td>\r\n<\/tr><tr>\r\n<td class=\"ccargos\">\r\n<span data-balloon-length=\"medium\" aria-label=\"Doutorado com experi\u00eancia ou produ\u00e7\u00e3o t\u00e9cnica cient\u00edfica comprovada em curr\u00edculo na \u00e1rea de conhecimento do concurso ou \u00e1rea correlata.\" data-balloon-pos=\"up\">Professor Assistente - Ci\u00eancias Sociais em Sa\u00fade Coletiva<\/span><\/td>\r\n<td class=\"cvagas\">01<\/td>\r\n<td class=\"cremuneracao\">R$ 0,00 \/40h<\/td>\r\n<\/tr><tr>\r\n<td class=\"ccargos\">\r\n<span data-balloon-length=\"medium\" aria-label=\"Gradua\u00e7\u00e3o e Doutorado nas \u00e1reas de Ci\u00eancias da Sa\u00fade ou Ci\u00eancias Biol\u00f3gicas.\" data-balloon-pos=\"up\">Professor Assistente - Anatomia Humana e Antropologia Forense<\/span><\/td>\r\n<td class=\"cvagas\">02<\/td>\r\n<td class=\"cremuneracao\">R$ 0,00 \/40h<\/td>\r\n<\/tr><tr>\r\n<td class=\"ccargos\">\r\n<span data-balloon-length=\"medium\" aria-label=\"Gradua\u00e7\u00e3o em Ci\u00eancias Biol\u00f3gicas ou Ci\u00eancias da Sa\u00fade e Doutorado em Ci\u00eancias Morfol\u00f3gicas e\/ou Biologia Celular e Molecular e\/ou Patologia e\/ou Biologia do Desenvolvimento e\/ou Biologia da Reprodu\u00e7\u00e3o.\" data-balloon-pos=\"up\">Professor Assistente - Citologia, Histologia, Patologia e Embriologia<\/span><\/td>\r\n<td class=\"cvagas\">01<\/td>\r\n<td class=\"cremuneracao\">R$ 0,00 \/40h<\/td>\r\n<\/tr><tr>\r\n<td class=\"ccargos\">\r\n<span data-balloon-length=\"medium\" aria-label=\"Gradua\u00e7\u00e3o em Medicina com registro definitivo e em situa\u00e7\u00e3o regular em Conselho(s) Regional(is) de Medicina no Brasil e Resid\u00eancia M\u00e9dica e\/ou T\u00edtulo de Especialista nos referidos conselhos de especialidade devidamente reconhecidos pela Associa\u00e7\u00e3o M\u00e9dica Brasileira, em Gastroenterologia e\/ou Endocrinologia e\/ou Reumatologia e\/ou Pneumologia\" data-balloon-pos=\"up\">Professor Assistente - Gastroenterologia, Endocrinologia, Reumatologia, Pneumologia \/ Internato<\/span><\/td>\r\n<td class=\"cvagas\">01<\/td>\r\n<td class=\"cremuneracao\">R$ 0,00 \/20h<\/td>\r\n<\/tr><tr>\r\n<td class=\"ccargos\">\r\n<span data-balloon-length=\"medium\" aria-label=\"Gradua\u00e7\u00e3o em Medicina com registro definitivo e em situa\u00e7\u00e3o regular em Conselho(s) Regional(is) de Medicina no Brasil e Resid\u00eancia M\u00e9dica em Infectologia.\" data-balloon-pos=\"up\">Professor Assistente - Infectologia \/ Internato<\/span><\/td>\r\n<td class=\"cvagas\">01<\/td>\r\n<td class=\"cremuneracao\">R$ 0,00 \/20h<\/td>\r\n<\/tr><tr>\r\n<td class=\"ccargos\">\r\n<span data-balloon-length=\"medium\" aria-label=\"Gradua\u00e7\u00e3o em Farm\u00e1cia, Doutorado em Ci\u00eancias Farmac\u00eauticas ou Qu\u00edmica ou \u00e1reas afins com tese defendida na \u00e1rea de conhecimento do concurso.\" data-balloon-pos=\"up\">Professor Assistente - Qu\u00edmica Farmac\u00eautica, Desenvolvimento, Produ\u00e7\u00e3o e Controle de Qualidade de F\u00e1rmacos e Medicamentos<\/span><\/td>\r\n<td class=\"cvagas\">01<\/td>\r\n<td class=\"cremuneracao\">R$ 0,00 \/40h<\/td>\r\n<\/tr><tr>\r\n<td class=\"ccargos\">\r\n<span data-balloon-length=\"medium\" aria-label=\"Gradua\u00e7\u00e3o em Medicina com registro definitivo e em situa\u00e7\u00e3o regular em Conselho(s) Regional(is) de Medicina no Brasil e Resid\u00eancia M\u00e9dica em Medicina de Emerg\u00eancia e\/ou Medicina Intensiva e\/ou em Cl\u00ednica M\u00e9dica e\/ou Cirurgia Geral e\/ou Anestesiologia credenciada pela Comiss\u00e3o Nacional de Resid\u00eancia M\u00e9dica(CNRM). Experi\u00eancia profissional e atua\u00e7\u00e3o em Urg\u00eancia e Emerg\u00eancia de no m\u00ednimo 2 anos.\" data-balloon-pos=\"up\">Professor Assistente - Urg\u00eancia e Emerg\u00eancia \/ Internato<\/span><\/td>\r\n<td class=\"cvagas\">02<\/td>\r\n<td class=\"cremuneracao\">R$ 0,00 \/20h<\/td>\r\n<\/tr>\r\n    <\/tbody>\r\n  <\/table>\r\n<\/div>"},"_links":{"self":[{"href":"https:\/\/www.agrobase.com.br\/concursos\/wp-json\/wp\/v2\/posts\/276475","targetHints":{"allow":["GET"]}}],"collection":[{"href":"https:\/\/www.agrobase.com.br\/concursos\/wp-json\/wp\/v2\/posts"}],"about":[{"href":"https:\/\/www.agrobase.com.br\/concursos\/wp-json\/wp\/v2\/types\/post"}],"author":[{"embeddable":true,"href":"https:\/\/www.agrobase.com.br\/concursos\/wp-json\/wp\/v2\/users\/7"}],"replies":[{"embeddable":true,"href":"https:\/\/www.agrobase.com.br\/concursos\/wp-json\/wp\/v2\/comments?post=276475"}],"version-history":[{"count":2,"href":"https:\/\/www.agrobase.com.br\/concursos\/wp-json\/wp\/v2\/posts\/276475\/revisions"}],"predecessor-version":[{"id":276479,"href":"https:\/\/www.agrobase.com.br\/concursos\/wp-json\/wp\/v2\/posts\/276475\/revisions\/276479"}],"wp:featuredmedia":[{"embeddable":true,"href":"https:\/\/www.agrobase.com.br\/concursos\/wp-json\/wp\/v2\/media\/276474"}],"wp:attachment":[{"href":"https:\/\/www.agrobase.com.br\/concursos\/wp-json\/wp\/v2\/media?parent=276475"}],"wp:term":[{"taxonomy":"category","embeddable":true,"href":"https:\/\/www.agrobase.com.br\/concursos\/wp-json\/wp\/v2\/categories?post=276475"},{"taxonomy":"post_tag","embeddable":true,"href":"https:\/\/www.agrobase.com.br\/concursos\/wp-json\/wp\/v2\/tags?post=276475"},{"taxonomy":"_amplo","embeddable":true,"href":"https:\/\/www.agrobase.com.br\/concursos\/wp-json\/wp\/v2\/_amplo?post=276475"},{"taxonomy":"destaque","embeddable":true,"href":"https:\/\/www.agrobase.com.br\/concursos\/wp-json\/wp\/v2\/destaque?post=276475"},{"taxonomy":"instituicoes","embeddable":true,"href":"https:\/\/www.agrobase.com.br\/concursos\/wp-json\/wp\/v2\/instituicoes?post=276475"}],"curies":[{"name":"wp","href":"https:\/\/api.w.org\/{rel}","templated":true}]}}