{"id":276453,"date":"2026-01-07T07:20:14","date_gmt":"2026-01-07T10:20:14","guid":{"rendered":"https:\/\/www.agrobase.com.br\/concursos\/?p=276453"},"modified":"2026-01-06T12:25:52","modified_gmt":"2026-01-06T15:25:52","slug":"prefeitura-sao-miguel-do-guapore-ro-selecao-simplificada-02-2026","status":"publish","type":"post","link":"https:\/\/www.agrobase.com.br\/concursos\/2026\/prefeitura-sao-miguel-do-guapore-ro-selecao-simplificada-02-2026\/","title":{"rendered":"Prefeitura S\u00e3o Miguel do Guapor\u00e9 (RO) &#8211; Sele\u00e7\u00e3o Simplificada 02\/2026"},"content":{"rendered":"<h2>Informa\u00e7\u00f5es Gerais<\/h2>\n<p>A <strong>Prefeitura de S\u00e3o Miguel do Guapor\u00e9<\/strong>, no estado de Rond\u00f4nia, torna p\u00fablica a abertura do Processo Seletivo Simplificado regido pelo <strong>Edital n\u00ba 002\/SEMED\/SMG\/2025<\/strong>. O certame, organizado pela Secretaria Municipal de Educa\u00e7\u00e3o (SEMED), tem como objetivo a contrata\u00e7\u00e3o imediata e tempor\u00e1ria de profissionais de n\u00edvel superior para suprir car\u00eancias na rede municipal de ensino.<\/p>\n<p>As oportunidades s\u00e3o regidas pelo regime jur\u00eddico <strong>Celetista (CLT)<\/strong>, garantindo os direitos trabalhistas previstos na legisla\u00e7\u00e3o. Os contratos ter\u00e3o vig\u00eancia inicial de 12 meses, podendo ser prorrogados por igual per\u00edodo, a crit\u00e9rio da administra\u00e7\u00e3o p\u00fablica.<\/p>\n<p>As vagas contemplam diversos cargos na \u00e1rea da Educa\u00e7\u00e3o e apoio escolar, incluindo fun\u00e7\u00f5es para Pedagogos, Professores de diversas disciplinas, Psic\u00f3logos, Assistentes Sociais e <strong>Nutricionistas<\/strong>. H\u00e1 tamb\u00e9m oportunidades que exigem forma\u00e7\u00e3o espec\u00edfica em <strong>Biologia<\/strong> (para o cargo de Professor de Ci\u00eancias). Se voc\u00ea busca uma oportunidade de ingresso no servi\u00e7o p\u00fablico com contrata\u00e7\u00e3o r\u00e1pida, confira os detalhes a seguir.<\/p>\n<h2>Inscri\u00e7\u00f5es<\/h2>\n<p>As inscri\u00e7\u00f5es para o Processo Seletivo de S\u00e3o Miguel do Guapor\u00e9 s\u00e3o <strong>gratuitas<\/strong> e devem ser realizadas exclusivamente pela internet, de 05 a 18 de janeiro de 2026. O candidato deve acessar o portal oficial do munic\u00edpio dentro do prazo estipulado para preencher o formul\u00e1rio eletr\u00f4nico.<\/p>\n<p>\u00c9 fundamental que, no ato da inscri\u00e7\u00e3o, o candidato anexe todos os documentos exigidos no edital, incluindo documentos pessoais e os comprovantes para a <strong>Prova de T\u00edtulos<\/strong>. O sistema exige que a documenta\u00e7\u00e3o esteja leg\u00edvel e nos formatos aceitos pela plataforma. Aten\u00e7\u00e3o: \u00e9 permitida a inscri\u00e7\u00e3o para apenas um cargo; caso o candidato realize mais de uma, apenas a \u00faltima ser\u00e1 considerada v\u00e1lida.<\/p>\n<p>N\u00e3o haver\u00e1 cobran\u00e7a de taxa de inscri\u00e7\u00e3o para nenhum dos cargos ofertados. Recomendamos que o candidato verifique a confirma\u00e7\u00e3o de sua inscri\u00e7\u00e3o e o envio correto dos anexos na \u00e1rea restrita do site ap\u00f3s a finaliza\u00e7\u00e3o do cadastro. Para evitar erros que possam levar ao indeferimento, a leitura atenta do edital completo \u00e9 indispens\u00e1vel.<\/p>\n<h2>Etapas e Provas<\/h2>\n<p>A avalia\u00e7\u00e3o dos candidatos ser\u00e1 realizada por meio de uma <strong>Etapa \u00danica<\/strong>, de car\u00e1ter eliminat\u00f3rio e classificat\u00f3rio, consistente em <strong>An\u00e1lise de T\u00edtulos e Curricular<\/strong>. Esta etapa visa pontuar a qualifica\u00e7\u00e3o profissional e acad\u00eamica dos inscritos de acordo com as especificidades de cada cargo.<\/p>\n<p>Os crit\u00e9rios de pontua\u00e7\u00e3o considerar\u00e3o:<\/p>\n<ul>\n<li><strong>Forma\u00e7\u00e3o Acad\u00eamica:<\/strong> T\u00edtulos de Doutorado, Mestrado e P\u00f3s-Gradua\u00e7\u00e3o (Especializa\u00e7\u00e3o) na \u00e1rea de atua\u00e7\u00e3o.<\/li>\n<li><strong>Qualifica\u00e7\u00e3o Profissional:<\/strong> Cursos de aperfei\u00e7oamento e capacita\u00e7\u00e3o, desde que conclu\u00eddos antes da publica\u00e7\u00e3o do edital.<\/li>\n<\/ul>\n<p>A pontua\u00e7\u00e3o m\u00e1xima atribu\u00edda \u00e0 avalia\u00e7\u00e3o de t\u00edtulos ser\u00e1 de <strong>140 pontos<\/strong>. \u00c9 importante ressaltar que o t\u00edtulo utilizado como requisito b\u00e1sico para o cargo n\u00e3o ser\u00e1 contabilizado para fins de pontua\u00e7\u00e3o adicional. Para compreender detalhadamente a tabela de pontos e os documentos aceitos, consulte o edital oficial.<\/p>\n<h2>Resultados e Gabarito<\/h2>\n<p>O acompanhamento dos resultados \u00e9 uma fase crucial do certame. A divulga\u00e7\u00e3o dos atos oficiais, incluindo a homologa\u00e7\u00e3o das inscri\u00e7\u00f5es e as notas preliminares da An\u00e1lise de T\u00edtulos, ocorrer\u00e1 conforme o cronograma oficial, com previs\u00e3o de resultado preliminar da prova de t\u00edtulos para o in\u00edcio de fevereiro de 2026.<\/p>\n<p>A classifica\u00e7\u00e3o final ser\u00e1 determinada pela soma dos pontos obtidos na an\u00e1lise curricular, em ordem decrescente. Em caso de <strong>empate<\/strong> na pontua\u00e7\u00e3o final, ser\u00e3o aplicados os seguintes crit\u00e9rios de desempate, nesta ordem:<\/p>\n<ul>\n<li>Possuir t\u00edtulo de Doutorado na \u00e1rea;<\/li>\n<li>Possuir t\u00edtulo de Mestrado na \u00e1rea;<\/li>\n<li>Possuir maior n\u00famero de t\u00edtulos de P\u00f3s-Gradua\u00e7\u00e3o na \u00e1rea;<\/li>\n<li>Possuir maior n\u00famero de filhos;<\/li>\n<li>Possuir idade mais elevada.<\/li>\n<\/ul>\n<p>A homologa\u00e7\u00e3o final do Processo Seletivo est\u00e1 prevista para ser publicada no dia <strong>06 de fevereiro de 2026<\/strong>. As convoca\u00e7\u00f5es para contrata\u00e7\u00e3o imediata ocorrer\u00e3o ap\u00f3s esta data, respeitando a ordem de classifica\u00e7\u00e3o e o n\u00famero de vagas.<\/p>\n<p>\u00c9 de inteira responsabilidade do candidato acompanhar as publica\u00e7\u00f5es oficiais no <strong>Di\u00e1rio Oficial dos Munic\u00edpios de Rond\u00f4nia (AROM)<\/strong> e no site da <strong>Prefeitura de S\u00e3o Miguel do Guapor\u00e9<\/strong> para n\u00e3o perder prazos de recursos ou convoca\u00e7\u00f5es.<\/p>\n","protected":false},"excerpt":{"rendered":"<p>Sel. Simplificada Pref. S\u00e3o Miguel do Guapor\u00e9 (RO) p\/ Professores e Psic\u00f3logo (Sup.). Inscri\u00e7\u00f5es a partir de 05\/01. Sal\u00e1rios at\u00e9 R$4.8k. Confira detalhes!<\/p>\n","protected":false},"author":7,"featured_media":276452,"comment_status":"open","ping_status":"open","sticky":false,"template":"","format":"standard","meta":{"_acf_changed":false,"_breakdance_hide_in_design_set":false,"_breakdance_tags":"","footnotes":""},"categories":[6433,6434,18,111,100,20,6871,116,23,25,26,101],"tags":[59],"_amplo":[],"destaque":[],"instituicoes":[],"class_list":["post-276453","post","type-post","status-publish","format-standard","has-post-thumbnail","hentry","category-biologia-licenciatura","category-educacao-fisica-licenciatura","category-fisioterapia","category-geografia","category-historia","category-letras","category-letras-ingles","category-matematica","category-nutricao","category-pedagogia","category-psicologia","category-servico-social","tag-rondonia"],"acf":{"_tipo_vagas":"vagas","_numero_vagas":"","_quadro_vagas":"","_cargos":"diversos","_cargos_especificos":"","_salario_max":"R$ 4867.77","_abertura":"20260105","_encerramento":"20260118","_inscricoes":"https:\/\/saomiguel.ro.gov.br\/","_executora_concurso":"","_instituicao_concurso":[],"_link_adicional":null,"_anexos":null,"_produtos":null,"_vagas":"44 vagas","_salario_min":"R$ 3042.25","_instituicao":"Prefeitura de S\u00e3o Miguel do Guapor\u00e9","_edital":"https:\/\/www.agrobase.com.br\/concursos\/wp-content\/uploads\/sites\/4\/2026\/01\/edital-02-2026-prefeitura-de-sao-miguel-do-guapore-ro.pdf","_anexos_edital":"","_fund_incompleto":"","_fund_completo":"","_medio":"","_superior":"<div>\r\n<table class=\"quadro\">\r\n<thead>\r\n<tr>\r\n<th class=\"hcargo\">Cargo<\/th>\r\n<th class=\"hvagas\">Vagas<\/th>\r\n<th class=\"hremuneracao\">Remunera\u00e7\u00e3o<\/th>\r\n<\/tr>\r\n<\/thead>\r\n    <tbody>\r\n      <tr>\r\n<td class=\"ccargos\">\r\n<span data-balloon-length=\"medium\" aria-label=\"Licenciatura Plena em Pedagogia\" data-balloon-pos=\"up\">Professor Pedagogo<\/span><\/td>\r\n<td class=\"cvagas\">17<\/td>\r\n<td class=\"cremuneracao\">R$ 3.042,25 \/25h<\/td>\r\n<\/tr><tr>\r\n<td class=\"ccargos\">\r\n<span data-balloon-length=\"medium\" aria-label=\"Licenciatura Plena em Pedagogia\" data-balloon-pos=\"up\">Professor Pedagogo<\/span><\/td>\r\n<td class=\"cvagas\">49<\/td>\r\n<td class=\"cremuneracao\">R$ 4.867,77 \/40h<\/td>\r\n<\/tr><tr>\r\n<td class=\"ccargos\">\r\n<span data-balloon-length=\"medium\" aria-label=\"Licenciatura em Matem\u00e1tica\" data-balloon-pos=\"up\">Professor de Matem\u00e1tica<\/span><\/td>\r\n<td class=\"cvagas\">2<\/td>\r\n<td class=\"cremuneracao\">R$ 4.867,77 \/40h<\/td>\r\n<\/tr><tr>\r\n<td class=\"ccargos\">\r\n<span data-balloon-length=\"medium\" aria-label=\"Licenciatura em Letras\" data-balloon-pos=\"up\">Professor Letras<\/span><\/td>\r\n<td class=\"cvagas\">2<\/td>\r\n<td class=\"cremuneracao\">R$ 4.867,77 \/40h<\/td>\r\n<\/tr><tr>\r\n<td class=\"ccargos\">\r\n<span data-balloon-length=\"medium\" aria-label=\"Licenciatura em Educa\u00e7\u00e3o F\u00edsica\" data-balloon-pos=\"up\">Professor de Educa\u00e7\u00e3o F\u00edsica<\/span><\/td>\r\n<td class=\"cvagas\">2<\/td>\r\n<td class=\"cremuneracao\">R$ 4.867,77 \/40h<\/td>\r\n<\/tr><tr>\r\n<td class=\"ccargos\">\r\n<span data-balloon-length=\"medium\" aria-label=\"Licenciatura em Hist\u00f3ria\" data-balloon-pos=\"up\">Professor de Hist\u00f3ria<\/span><\/td>\r\n<td class=\"cvagas\">1<\/td>\r\n<td class=\"cremuneracao\">R$ 4.867,77 \/40h<\/td>\r\n<\/tr><tr>\r\n<td class=\"ccargos\">\r\n<span data-balloon-length=\"medium\" aria-label=\"Licenciatura em Geografia\" data-balloon-pos=\"up\">Professor de Geografia<\/span><\/td>\r\n<td class=\"cvagas\">1<\/td>\r\n<td class=\"cremuneracao\">R$ 4.867,77 \/40h<\/td>\r\n<\/tr><tr>\r\n<td class=\"ccargos\">\r\n<span data-balloon-length=\"medium\" aria-label=\"Licenciatura em Biologia ou Pedagogia com especializa\u00e7\u00e3o e\/ou habilita\u00e7\u00e3o em ensino de Ci\u00eancias da Natureza\" data-balloon-pos=\"up\">Professor de Ci\u00eancias<\/span><\/td>\r\n<td class=\"cvagas\">1<\/td>\r\n<td class=\"cremuneracao\">R$ 4.867,77 \/40h<\/td>\r\n<\/tr><tr>\r\n<td class=\"ccargos\">\r\n<span data-balloon-length=\"medium\" aria-label=\"Licenciatura em Ingl\u00eas ou Letras com habilita\u00e7\u00e3o em Ingl\u00eas.\" data-balloon-pos=\"up\">Professor de Ingl\u00eas<\/span><\/td>\r\n<td class=\"cvagas\">2<\/td>\r\n<td class=\"cremuneracao\">R$ 4.867,77 \/40h<\/td>\r\n<\/tr><tr>\r\n<td class=\"ccargos\">\r\n<span data-balloon-length=\"medium\" aria-label=\"Gradua\u00e7\u00e3o em Libras e\/ou Licenciatura Plena em Pedagogia com especializa\u00e7\u00e3o em L\u00edngua Brasileira de Sinais.\" data-balloon-pos=\"up\">Professor Int\u00e9rprete de Libras<\/span><\/td>\r\n<td class=\"cvagas\">2<\/td>\r\n<td class=\"cremuneracao\">R$ 3.042,25 \/25h<\/td>\r\n<\/tr><tr>\r\n<td class=\"ccargos\">\r\n<span data-balloon-length=\"medium\" aria-label=\"Gradua\u00e7\u00e3o em Psicologia e habilita\u00e7\u00e3o em atendimento cl\u00ednico.\" data-balloon-pos=\"up\">Psic\u00f3logo<\/span><\/td>\r\n<td class=\"cvagas\">2<\/td>\r\n<td class=\"cremuneracao\">R$ 3.237,08 \/40h<\/td>\r\n<\/tr><tr>\r\n<td class=\"ccargos\">\r\n<span data-balloon-length=\"medium\" aria-label=\"Licenciatura Plena em Pedagogia e especializa\u00e7\u00e3o em psicopedagogia Cl\u00ednica e Institucional\" data-balloon-pos=\"up\">Psicopedagogo<\/span><\/td>\r\n<td class=\"cvagas\">2<\/td>\r\n<td class=\"cremuneracao\">R$ 4.867,77 \/40h<\/td>\r\n<\/tr><tr>\r\n<td class=\"ccargos\">\r\n<span data-balloon-length=\"medium\" aria-label=\"Gradua\u00e7\u00e3o em Nutri\u00e7\u00e3o\" data-balloon-pos=\"up\">Nutricionista<\/span><\/td>\r\n<td class=\"cvagas\">1<\/td>\r\n<td class=\"cremuneracao\">R$ 3.676,06 \/40h<\/td>\r\n<\/tr><tr>\r\n<td class=\"ccargos\">\r\n<span data-balloon-length=\"medium\" aria-label=\"Gradua\u00e7\u00e3o em Servi\u00e7o Social\" data-balloon-pos=\"up\">Assistente Social<\/span><\/td>\r\n<td class=\"cvagas\">2<\/td>\r\n<td class=\"cremuneracao\">R$ 3.115,30 \/30h<\/td>\r\n<\/tr><tr>\r\n<td class=\"ccargos\">\r\n<span data-balloon-length=\"medium\" aria-label=\"Gradua\u00e7\u00e3o em Fisioterapia\" data-balloon-pos=\"up\">Fisioterapeuta<\/span><\/td>\r\n<td class=\"cvagas\">0<\/td>\r\n<td class=\"cremuneracao\">R$ 4.394,12 \/30h<\/td>\r\n<\/tr>\r\n    <\/tbody>\r\n  <\/table>\r\n<\/div>"},"_links":{"self":[{"href":"https:\/\/www.agrobase.com.br\/concursos\/wp-json\/wp\/v2\/posts\/276453","targetHints":{"allow":["GET"]}}],"collection":[{"href":"https:\/\/www.agrobase.com.br\/concursos\/wp-json\/wp\/v2\/posts"}],"about":[{"href":"https:\/\/www.agrobase.com.br\/concursos\/wp-json\/wp\/v2\/types\/post"}],"author":[{"embeddable":true,"href":"https:\/\/www.agrobase.com.br\/concursos\/wp-json\/wp\/v2\/users\/7"}],"replies":[{"embeddable":true,"href":"https:\/\/www.agrobase.com.br\/concursos\/wp-json\/wp\/v2\/comments?post=276453"}],"version-history":[{"count":2,"href":"https:\/\/www.agrobase.com.br\/concursos\/wp-json\/wp\/v2\/posts\/276453\/revisions"}],"predecessor-version":[{"id":276456,"href":"https:\/\/www.agrobase.com.br\/concursos\/wp-json\/wp\/v2\/posts\/276453\/revisions\/276456"}],"wp:featuredmedia":[{"embeddable":true,"href":"https:\/\/www.agrobase.com.br\/concursos\/wp-json\/wp\/v2\/media\/276452"}],"wp:attachment":[{"href":"https:\/\/www.agrobase.com.br\/concursos\/wp-json\/wp\/v2\/media?parent=276453"}],"wp:term":[{"taxonomy":"category","embeddable":true,"href":"https:\/\/www.agrobase.com.br\/concursos\/wp-json\/wp\/v2\/categories?post=276453"},{"taxonomy":"post_tag","embeddable":true,"href":"https:\/\/www.agrobase.com.br\/concursos\/wp-json\/wp\/v2\/tags?post=276453"},{"taxonomy":"_amplo","embeddable":true,"href":"https:\/\/www.agrobase.com.br\/concursos\/wp-json\/wp\/v2\/_amplo?post=276453"},{"taxonomy":"destaque","embeddable":true,"href":"https:\/\/www.agrobase.com.br\/concursos\/wp-json\/wp\/v2\/destaque?post=276453"},{"taxonomy":"instituicoes","embeddable":true,"href":"https:\/\/www.agrobase.com.br\/concursos\/wp-json\/wp\/v2\/instituicoes?post=276453"}],"curies":[{"name":"wp","href":"https:\/\/api.w.org\/{rel}","templated":true}]}}