{"id":276434,"date":"2026-01-06T09:52:51","date_gmt":"2026-01-06T12:52:51","guid":{"rendered":"https:\/\/www.agrobase.com.br\/concursos\/?p=276434"},"modified":"2026-01-06T09:52:51","modified_gmt":"2026-01-06T12:52:51","slug":"prefeitura-anhembi-sp-concurso-01-2026","status":"publish","type":"post","link":"https:\/\/www.agrobase.com.br\/concursos\/2026\/prefeitura-anhembi-sp-concurso-01-2026\/","title":{"rendered":"Prefeitura Anhembi (SP) &#8211; Concurso 01\/2026"},"content":{"rendered":"<h2>Informa\u00e7\u00f5es Gerais<\/h2>\n<p>A <strong>Prefeitura Municipal de Anhembi<\/strong>, no estado de S\u00e3o Paulo, torna p\u00fablica a realiza\u00e7\u00e3o do Concurso P\u00fablico n\u00ba 001\/2025, organizado pelo <strong>INEPAM<\/strong> (Instituto Nacional Especializado em Pesquisa e Apoio aos Munic\u00edpios). O certame visa ao provimento de <strong>44 vagas imediatas<\/strong>, al\u00e9m da forma\u00e7\u00e3o de cadastro de reserva, para profissionais de n\u00edveis fundamental, m\u00e9dio\/t\u00e9cnico e superior. As contrata\u00e7\u00f5es ser\u00e3o regidas pelo regime da Consolida\u00e7\u00e3o das Leis do Trabalho (CLT), garantindo os direitos previstos na legisla\u00e7\u00e3o trabalhista.<\/p>\n<p>As oportunidades abrangem diversos setores da administra\u00e7\u00e3o municipal, incluindo sa\u00fade, educa\u00e7\u00e3o, obras, servi\u00e7os gerais e administrativo. Merece destaque a oferta de vagas para carreiras de n\u00edvel superior em \u00e1reas especializadas, como <strong>Engenheiro Agr\u00f4nomo<\/strong> e <strong>M\u00e9dico Veterin\u00e1rio<\/strong>, al\u00e9m de cargos para Enfermeiros, M\u00e9dicos, Professores e Assistentes Sociais. O concurso ter\u00e1 validade de dois anos, podendo ser prorrogado por igual per\u00edodo. Confira a seguir os detalhes essenciais para garantir sua participa\u00e7\u00e3o.<\/p>\n<h2>Inscri\u00e7\u00f5es<\/h2>\n<p>As inscri\u00e7\u00f5es para o concurso da Prefeitura de Anhembi devem ser realizadas exclusivamente via internet, atrav\u00e9s do site da banca organizadora, o INEPAM. O per\u00edodo para cadastro inicia-se \u00e0s 10h do dia 07 de janeiro de 2026 e segue aberto at\u00e9 \u00e0s 16h do dia 09 de fevereiro de 2026. \u00c9 fundamental que o candidato preencha a ficha de inscri\u00e7\u00e3o com aten\u00e7\u00e3o, indicando corretamente o cargo pretendido.<\/p>\n<p>Ap\u00f3s o preenchimento do formul\u00e1rio, \u00e9 necess\u00e1rio gerar e imprimir o boleto banc\u00e1rio para pagamento da taxa de inscri\u00e7\u00e3o. O pagamento deve ser efetuado em qualquer ag\u00eancia banc\u00e1ria ou casa lot\u00e9rica at\u00e9 a data de vencimento, fixada em <strong>09 de fevereiro de 2026<\/strong>. Aten\u00e7\u00e3o: n\u00e3o ser\u00e3o aceitos pagamentos via dep\u00f3sito em caixa eletr\u00f4nico, transfer\u00eancia, PIX (salvo se houver op\u00e7\u00e3o espec\u00edfica no boleto), DOC ou agendamento n\u00e3o efetivado dentro do prazo. O candidato deve guardar o comprovante de pagamento e acompanhar a confirma\u00e7\u00e3o da inscri\u00e7\u00e3o na \u00e1rea restrita do site da organizadora. Recomendamos a leitura atenta do edital completo para verificar as condi\u00e7\u00f5es de isen\u00e7\u00e3o, se houver, e os valores espec\u00edficos das taxas para cada n\u00edvel de escolaridade.<\/p>\n<h2>Etapas e Provas<\/h2>\n<p>O processo seletivo ser\u00e1 composto por diferentes etapas, variando conforme o cargo escolhido. Todos os candidatos ser\u00e3o submetidos \u00e0 <strong>Prova Objetiva<\/strong>, de car\u00e1ter eliminat\u00f3rio e classificat\u00f3rio. Esta etapa avaliar\u00e1 o grau de conhecimento te\u00f3rico necess\u00e1rio ao desempenho das fun\u00e7\u00f5es e ser\u00e1 composta por quest\u00f5es de m\u00faltipla escolha (05 alternativas), abrangendo as seguintes disciplinas:<\/p>\n<ul>\n<li>L\u00edngua Portuguesa (10 quest\u00f5es);<\/li>\n<li>Matem\u00e1tica (05 quest\u00f5es);<\/li>\n<li>Conhecimentos Espec\u00edficos (15 quest\u00f5es).<\/li>\n<\/ul>\n<p>A Prova Objetiva ter\u00e1 dura\u00e7\u00e3o de 02 horas e est\u00e1 prevista para ser aplicada em dois domingos: <strong>08\/03\/2026<\/strong> (para determinados cargos) e <strong>15\/03\/2026<\/strong> (para os demais), nos per\u00edodos da manh\u00e3 ou tarde. Al\u00e9m da etapa escrita, haver\u00e1:<\/p>\n<ul>\n<li><strong>Prova Pr\u00e1tica (Eliminat\u00f3ria e Classificat\u00f3ria):<\/strong> Exclusiva para os cargos de Agente Comunit\u00e1rio de Sa\u00fade (teste de aptid\u00e3o f\u00edsica), Motorista e Operador de M\u00e1quinas Rodovi\u00e1rias. Ser\u00e3o convocados apenas os candidatos com as melhores pontua\u00e7\u00f5es na prova objetiva, dentro do limite estabelecido no edital.<\/li>\n<li><strong>Prova de T\u00edtulos (Classificat\u00f3ria):<\/strong> Destinada aos cargos de Diretor Escolar e Professores. Os documentos dever\u00e3o ser entregues no mesmo dia e local da prova objetiva.<\/li>\n<\/ul>\n<p>Para detalhes sobre o conte\u00fado program\u00e1tico de cada disciplina e os crit\u00e9rios espec\u00edficos de pontua\u00e7\u00e3o dos testes f\u00edsicos e pr\u00e1ticos, \u00e9 imprescind\u00edvel a consulta ao edital de abertura.<\/p>\n<h2>Resultados e Gabarito<\/h2>\n<p>O acompanhamento dos resultados \u00e9 de responsabilidade exclusiva do candidato e deve ser feito atrav\u00e9s dos sites oficiais do INEPAM e da Prefeitura de Anhembi. A divulga\u00e7\u00e3o dos gabaritos preliminares das provas objetivas est\u00e1 prevista para o dia seguinte \u00e0 aplica\u00e7\u00e3o de cada prova (09\/03\/2026 e 16\/03\/2026, respectivamente). O per\u00edodo para interposi\u00e7\u00e3o de recursos contra os gabaritos ser\u00e1 de tr\u00eas dias \u00fateis ap\u00f3s a divulga\u00e7\u00e3o.<\/p>\n<p>A classifica\u00e7\u00e3o final ser\u00e1 determinada pela soma das notas obtidas nas etapas aplic\u00e1veis. Em caso de empate, ser\u00e3o utilizados crit\u00e9rios como maior idade, maior nota em Conhecimentos Espec\u00edficos, T\u00edtulos, L\u00edngua Portuguesa, Matem\u00e1tica e participa\u00e7\u00e3o em j\u00fari. A homologa\u00e7\u00e3o final do concurso est\u00e1 prevista para <strong>01 de maio de 2026<\/strong>. Ap\u00f3s essa data, as convoca\u00e7\u00f5es para nomea\u00e7\u00e3o ocorrer\u00e3o exclusivamente atrav\u00e9s do Di\u00e1rio Oficial do Munic\u00edpio. Mantenha seus dados atualizados e acompanhe as publica\u00e7\u00f5es oficiais.<\/p>\n","protected":false},"excerpt":{"rendered":"<p>Concurso Pref. Anhembi (SP) com edital publicado! Vagas p\/ Professor, M\u00e9dico (Fund. a Sup.). Inscri\u00e7\u00f5es a partir de 07\/01. Sal\u00e1rios at\u00e9 R$ 5.2k. Confira detalhes!<\/p>\n","protected":false},"author":7,"featured_media":276433,"comment_status":"open","ping_status":"open","sticky":false,"template":"","format":"standard","meta":{"_acf_changed":false,"_breakdance_hide_in_design_set":false,"_breakdance_tags":"","footnotes":""},"categories":[3,4,6433,9,120,10,117,141,11,6434,12,152,17,18,19,111,100,99,20,6871,116,21,22,24,25,124,110,101,108,157],"tags":[62],"_amplo":[],"destaque":[],"instituicoes":[],"class_list":["post-276434","post","type-post","status-publish","format-standard","has-post-thumbnail","hentry","category-administracao","category-agronomia","category-biologia-licenciatura","category-ciencias-contabeis","category-comunicacao-social","category-direito","category-economia","category-educacao-artistica","category-educacao-fisica","category-educacao-fisica-licenciatura","category-enfermagem","category-engenharia-seguranca-trabalho","category-farmacia","category-fisioterapia","category-fonoaudiologia","category-geografia","category-historia","category-jornalismo","category-letras","category-letras-ingles","category-matematica","category-medicina","category-veterinaria","category-odontologia","category-pedagogia","category-publicidade","category-relacoes-publicas","category-servico-social","category-tecnico-enfermagem","category-tecnico-seguranca-trabalho","tag-sao-paulo"],"acf":{"_tipo_vagas":"vagas","_numero_vagas":"","_quadro_vagas":"","_cargos":"diversos","_cargos_especificos":"","_salario_max":"R$ 5259.28","_abertura":"20260107","_encerramento":"20260209","_inscricoes":"https:\/\/www.inepam.org.br","_executora_concurso":"","_instituicao_concurso":[],"_link_adicional":null,"_anexos":null,"_produtos":null,"_vagas":"44 vagas + CR","_salario_min":"R$ 1075.82","_instituicao":"Prefeitura de Anhembi","_edital":"https:\/\/www.agrobase.com.br\/concursos\/wp-content\/uploads\/sites\/4\/2026\/01\/edital-01-2026-prefeitura-de-anhembi-sp.pdf","_anexos_edital":"https:\/\/www.agrobase.com.br\/concursos\/wp-content\/uploads\/sites\/4\/2026\/01\/anexos-edital-01-2026-prefeitura-de-anhembi-sp.pdf","_fund_incompleto":"","_fund_completo":"<div>\r\n<table class=\"quadro\">\r\n<thead>\r\n<tr>\r\n<th class=\"hcargo\">Cargo<\/th>\r\n<th class=\"hvagas\">Vagas<\/th>\r\n<th class=\"hremuneracao\">Remunera\u00e7\u00e3o<\/th>\r\n<\/tr>\r\n<\/thead>\r\n    <tbody>\r\n      <td class=\"ccargos\">\r\n<span data-balloon-length=\"medium\" aria-label=\"Ensino Fundamental Completo\" data-balloon-pos=\"up\">Atendente<\/span><\/td>\r\n<td class=\"cvagas\">01 + CR<\/td>\r\n<td class=\"cremuneracao\">R$ 1.885,47 \/40h<\/td>\r\n<\/tr><td class=\"ccargos\">\r\n<span data-balloon-length=\"medium\" aria-label=\"Ensino Fundamental Completo\" data-balloon-pos=\"up\">Auxiliar de Servi\u00e7os Diversos<\/span><\/td>\r\n<td class=\"cvagas\">01 + CR<\/td>\r\n<td class=\"cremuneracao\">R$ 1.800,61 \/40h<\/td>\r\n<\/tr><td class=\"ccargos\">\r\n<span data-balloon-length=\"medium\" aria-label=\"Ensino Fundamental Completo\" data-balloon-pos=\"up\">Auxiliar de Servi\u00e7os Infantil<\/span><\/td>\r\n<td class=\"cvagas\">01 + CR<\/td>\r\n<td class=\"cremuneracao\">R$ 2.256,29 \/40h<\/td>\r\n<\/tr><td class=\"ccargos\">\r\n<span data-balloon-length=\"medium\" aria-label=\"Ensino Fundamental Completo\" data-balloon-pos=\"up\">Cozinheira<\/span><\/td>\r\n<td class=\"cvagas\">01 + CR<\/td>\r\n<td class=\"cremuneracao\">R$ 1.853,05 \/44h<\/td>\r\n<\/tr><td class=\"ccargos\">\r\n<span data-balloon-length=\"medium\" aria-label=\"Ensino Fundamental Completo\" data-balloon-pos=\"up\">Operador de M\u00e1quinas Rodovi\u00e1rias<\/span><\/td>\r\n<td class=\"cvagas\">01 + CR<\/td>\r\n<td class=\"cremuneracao\">R$ 2.454,75 \/44h<\/td>\r\n<\/tr><td class=\"ccargos\">\r\n<span data-balloon-length=\"medium\" aria-label=\"Ensino Fundamental Completo\" data-balloon-pos=\"up\">Pedreiro<\/span><\/td>\r\n<td class=\"cvagas\">01 + CR<\/td>\r\n<td class=\"cremuneracao\">R$ 2.120,75 \/40h<\/td>\r\n<\/tr><td class=\"ccargos\">\r\n<span data-balloon-length=\"medium\" aria-label=\"Ensino Fundamental Completo\" data-balloon-pos=\"up\">Pintor<\/span><\/td>\r\n<td class=\"cvagas\">01 + CR<\/td>\r\n<td class=\"cremuneracao\">R$ 2.120,75 \/40h<\/td>\r\n<\/tr><td class=\"ccargos\">\r\n<span data-balloon-length=\"medium\" aria-label=\"Ensino Fundamental Completo\" data-balloon-pos=\"up\">Sepultador<\/span><\/td>\r\n<td class=\"cvagas\">01 + CR<\/td>\r\n<td class=\"cremuneracao\">R$ 1.800,61 \/40h<\/td>\r\n<\/tr>\r\n    <\/tbody>\r\n  <\/table>\r\n<\/div>","_medio":"<div>\r\n<table class=\"quadro\">\r\n<thead>\r\n<tr>\r\n<th class=\"hcargo\">Cargo<\/th>\r\n<th class=\"hvagas\">Vagas<\/th>\r\n<th class=\"hremuneracao\">Remunera\u00e7\u00e3o<\/th>\r\n<\/tr>\r\n<\/thead>\r\n    <tbody>\r\n      <td class=\"ccargos\">\r\n<span data-balloon-length=\"medium\" aria-label=\"Ensino M\u00e9dio completo, ter conclu\u00eddo com aproveitamento curso de qualifica\u00e7\u00e3o b\u00e1sica para a forma\u00e7\u00e3o de Agente Comunit\u00e1rio de Sa\u00fade, conforme Lei Federal n\u00ba 10.507, de 10 de julho de 2002, conhecimento em inform\u00e1tica (editores de texto e planilhas e c\u00e1lculos) Residir na \u00e1rea de abrang\u00eancia da ESF.\" data-balloon-pos=\"up\">Agente Comunit\u00e1rio de Sa\u00fade ESF Morada do Sol<\/span><\/td>\r\n<td class=\"cvagas\">01 + CR<\/td>\r\n<td class=\"cremuneracao\">R$ 3.189,72 \/40h<\/td>\r\n<\/tr><td class=\"ccargos\">\r\n<span data-balloon-length=\"medium\" aria-label=\"Ensino M\u00e9dio completo, ter conclu\u00eddo com aproveitamento curso de qualifica\u00e7\u00e3o b\u00e1sica para a forma\u00e7\u00e3o de Agente Comunit\u00e1rio de Sa\u00fade, conforme Lei Federal n\u00ba 10.507, de 10 de julho de 2002, conhecimento em inform\u00e1tica (editores de texto e planilhas e c\u00e1lculos) Residir na \u00e1rea de abrang\u00eancia da ESF.\" data-balloon-pos=\"up\">Agente Comunit\u00e1rio de Sa\u00fade ESF Zulmira<\/span><\/td>\r\n<td class=\"cvagas\">01 + CR<\/td>\r\n<td class=\"cremuneracao\">R$ 3.189,72 \/40h<\/td>\r\n<\/tr><td class=\"ccargos\">\r\n<span data-balloon-length=\"medium\" aria-label=\"Ensino M\u00e9dio completo, ter conclu\u00eddo com aproveitamento curso de qualifica\u00e7\u00e3o b\u00e1sica para a forma\u00e7\u00e3o de Agente Comunit\u00e1rio de Sa\u00fade, conforme Lei Federal n\u00ba 10.507, de 10 de julho de 2002, conhecimento em inform\u00e1tica (editores de texto e planilhas e c\u00e1lculos) Residir na \u00e1rea de abrang\u00eancia da ESF.\" data-balloon-pos=\"up\">Agente Comunit\u00e1rio de Sa\u00fade UBS Piramboi<\/span><\/td>\r\n<td class=\"cvagas\">01 + CR<\/td>\r\n<td class=\"cremuneracao\">R$ 3.189,72 \/40h<\/td>\r\n<\/tr><td class=\"ccargos\">\r\n<span data-balloon-length=\"medium\" aria-label=\"Ensino M\u00e9dio Completo e Curso Profissionalizante de Auxiliar de Farm\u00e1cia, m\u00ednimo 80 horas.\" data-balloon-pos=\"up\">Auxiliar de Farm\u00e1cia<\/span><\/td>\r\n<td class=\"cvagas\">01 + CR<\/td>\r\n<td class=\"cremuneracao\">R$ 2.256,30 \/40h<\/td>\r\n<\/tr><td class=\"ccargos\">\r\n<span data-balloon-length=\"medium\" aria-label=\"Ensino M\u00e9dio Completo\" data-balloon-pos=\"up\">Agente de Saneamento B\u00e1sico<\/span><\/td>\r\n<td class=\"cvagas\">01 + CR<\/td>\r\n<td class=\"cremuneracao\">R$ 1.940,90 \/44h<\/td>\r\n<\/tr><td class=\"ccargos\">\r\n<span data-balloon-length=\"medium\" aria-label=\"Ensino M\u00e9dio Completo\" data-balloon-pos=\"up\">Escritur\u00e1rio<\/span><\/td>\r\n<td class=\"cvagas\">01 + CR<\/td>\r\n<td class=\"cremuneracao\">R$ 2.256,29 \/40h<\/td>\r\n<\/tr><td class=\"ccargos\">\r\n<span data-balloon-length=\"medium\" aria-label=\"Ensino M\u00e9dio Completo\" data-balloon-pos=\"up\">Fiscal Municipal<\/span><\/td>\r\n<td class=\"cvagas\">01 + CR<\/td>\r\n<td class=\"cremuneracao\">R$ 2.454,75 \/44h<\/td>\r\n<\/tr><td class=\"ccargos\">\r\n<span data-balloon-length=\"medium\" aria-label=\"Ensino M\u00e9dio Completo\" data-balloon-pos=\"up\">Inspetor de Alunos<\/span><\/td>\r\n<td class=\"cvagas\">01 + CR<\/td>\r\n<td class=\"cremuneracao\">R$ 1.885,47 \/40h<\/td>\r\n<\/tr><td class=\"ccargos\">\r\n<span data-balloon-length=\"medium\" aria-label=\"Ensino M\u00e9dio Completo e curso de no\u00e7\u00f5es b\u00e1sicas de mec\u00e2nica automotiva\" data-balloon-pos=\"up\">Mec\u00e2nico<\/span><\/td>\r\n<td class=\"cvagas\">01 + CR<\/td>\r\n<td class=\"cremuneracao\">R$ 2.454,75 \/40h<\/td>\r\n<\/tr><td class=\"ccargos\">\r\n<span data-balloon-length=\"medium\" data-balloon-pos=\"up\">Motorista<\/span><\/td>\r\n<td class=\"cvagas\">01 + CR<\/td>\r\n<td class=\"cremuneracao\">R$ 2.120,75 \/44h<\/td>\r\n<\/tr><td class=\"ccargos\">\r\n<span data-balloon-length=\"medium\" aria-label=\"Ensino M\u00e9dio Completo com curso espec\u00edfico de T\u00e9cnico de Enfermagem e registro no Conselho Regional de Enfermagem \u2013 COREN. - Experi\u00eancia m\u00ednima de 6 meses na fun\u00e7\u00e3o.\" data-balloon-pos=\"up\">T\u00e9cnico de Enfermagem<\/span><\/td>\r\n<td class=\"cvagas\">01 + CR<\/td>\r\n<td class=\"cremuneracao\">R$ 2.454,75 \/44h<\/td>\r\n<\/tr><td class=\"ccargos\">\r\n<span data-balloon-length=\"medium\" aria-label=\"Ensino M\u00e9dio Completo, curso t\u00e9cnico espec\u00edfico em Enfermagem do Trabalho, ser registrado no Conselho Regional de Enfermagem (Coren) e possuir o diploma ou certificado reconhecido pelo Minist\u00e9rio da Educa\u00e7\u00e3o (MEC), Experi\u00eancia m\u00ednima de 6 meses na fun\u00e7\u00e3o\" data-balloon-pos=\"up\">T\u00e9cnico em Enfermagem do Trabalho<\/span><\/td>\r\n<td class=\"cvagas\">01 + CR<\/td>\r\n<td class=\"cremuneracao\">R$ 2.454,75 \/40h<\/td>\r\n<\/tr><td class=\"ccargos\">\r\n<span data-balloon-length=\"medium\" aria-label=\"Ensino M\u00e9dio Completo curso t\u00e9cnico seguran\u00e7a do trabalho, e registro no CREA\" data-balloon-pos=\"up\">T\u00e9cnico de Seguran\u00e7a do Trabalho<\/span><\/td>\r\n<td class=\"cvagas\">01 + CR<\/td>\r\n<td class=\"cremuneracao\">R$ 4.335,41 \/40h<\/td>\r\n<\/tr>\r\n    <\/tbody>\r\n  <\/table>\r\n<\/div>","_superior":"<div>\r\n<table class=\"quadro\">\r\n<thead>\r\n<tr>\r\n<th class=\"hcargo\">Cargo<\/th>\r\n<th class=\"hvagas\">Vagas<\/th>\r\n<th class=\"hremuneracao\">Remunera\u00e7\u00e3o<\/th>\r\n<\/tr>\r\n<\/thead>\r\n    <tbody>\r\n      <tr>\r\n<td class=\"ccargos\">\r\n<span data-balloon-length=\"medium\" aria-label=\"Ensino Superior em Jornalismo, ou Publicidade e Propaganda, ou Rela\u00e7\u00e3o P\u00fablicas ou Comunica\u00e7\u00e3o Social\" data-balloon-pos=\"up\">Assessor de Imprensa<\/span><\/td>\r\n<td class=\"cvagas\">01 + CR<\/td>\r\n<td class=\"cremuneracao\">R$ 3.626,17 \/40h<\/td>\r\n<\/tr><tr>\r\n<td class=\"ccargos\">\r\n<span data-balloon-length=\"medium\" aria-label=\"Ensino Superior Completo em Direito\" data-balloon-pos=\"up\">Analista de Procuradoria<\/span><\/td>\r\n<td class=\"cvagas\">01 + CR<\/td>\r\n<td class=\"cremuneracao\">R$ 3.626,17 \/40h<\/td>\r\n<\/tr><tr>\r\n<td class=\"ccargos\">\r\n<span data-balloon-length=\"medium\" aria-label=\"Ensino Superior Completo em Servi\u00e7o Social e Registro no Conselho Regional de Servi\u00e7o Social (CRESS)\" data-balloon-pos=\"up\">Assistente Social<\/span><\/td>\r\n<td class=\"cvagas\">01 + CR<\/td>\r\n<td class=\"cremuneracao\">R$ 4.133,12 \/30h<\/td>\r\n<\/tr><tr>\r\n<td class=\"ccargos\">\r\n<span data-balloon-length=\"medium\" aria-label=\"Ensino Superior Completo em administra\u00e7\u00e3o, Ci\u00eancias Cont\u00e1beis, Economia ou Direito\" data-balloon-pos=\"up\">Auditor Fiscal<\/span><\/td>\r\n<td class=\"cvagas\">01 + CR<\/td>\r\n<td class=\"cremuneracao\">R$ 3.867,57 \/40h<\/td>\r\n<\/tr><tr>\r\n<td class=\"ccargos\">\r\n<span data-balloon-length=\"medium\" aria-label=\"Ensino Superior Completo em Odontologia com especializa\u00e7\u00e3o em Endodontia e registro no conselho de classe\" data-balloon-pos=\"up\">Cirurgi\u00e3o PCGE\/Endodontia<\/span><\/td>\r\n<td class=\"cvagas\">01 + CR<\/td>\r\n<td class=\"cremuneracao\">R$ 4.133,12 \/20h<\/td>\r\n<\/tr><tr>\r\n<td class=\"ccargos\">\r\n<span data-balloon-length=\"medium\" aria-label=\"Forma\u00e7\u00e3o em n\u00edvel superior, com habilita\u00e7\u00e3o em Pedagogia c\/ Adm Escolar e ter no m\u00ednimo 05 anos de exerc\u00edcio comprovado no Ensino Fundamental\" data-balloon-pos=\"up\">Diretor de Unidade Escolar<\/span><\/td>\r\n<td class=\"cvagas\">01 + CR<\/td>\r\n<td class=\"cremuneracao\">R$ 4.427,25 \/40h<\/td>\r\n<\/tr><tr>\r\n<td class=\"ccargos\">\r\n<span data-balloon-length=\"medium\" aria-label=\"Curso Superior Completo em Enfermagem e Registro Regional de Enfermagem \u2013 COREN- Experi\u00eancia m\u00ednima de 6 meses na fun\u00e7\u00e3o\" data-balloon-pos=\"up\">Enfermeiro<\/span><\/td>\r\n<td class=\"cvagas\">01 + CR<\/td>\r\n<td class=\"cremuneracao\">R$ 4.335,41 \/40h<\/td>\r\n<\/tr><tr>\r\n<td class=\"ccargos\">\r\n<span data-balloon-length=\"medium\" aria-label=\"Ensino Superior em Enfermagem, P\u00f3s gradua\u00e7\u00e3o em Enfermagem do Trabalho e Registro Regional de Enfermagem \u2013 COREN\" data-balloon-pos=\"up\">Enfermeiro do Trabalho<\/span><\/td>\r\n<td class=\"cvagas\">01 + CR<\/td>\r\n<td class=\"cremuneracao\">R$ 4.335,41 \/40h<\/td>\r\n<\/tr><tr>\r\n<td class=\"ccargos\">\r\n<span data-balloon-length=\"medium\" aria-label=\"Curso superior em Agronomia e registro no Conselho Regional de Engenharia e Agronomia (CREA)\" data-balloon-pos=\"up\">Engenheiro Agr\u00f4nomo<\/span><\/td>\r\n<td class=\"cvagas\">01 + CR<\/td>\r\n<td class=\"cremuneracao\">R$ 5.259,28 \/40h<\/td>\r\n<\/tr><tr>\r\n<td class=\"ccargos\">\r\n<span data-balloon-length=\"medium\" aria-label=\"Gradua\u00e7\u00e3o em Engenharia, seguida de uma especializa\u00e7\u00e3o (p\u00f3s gradua\u00e7\u00e3o) em Engenharia de Seguran\u00e7a do Trabalho e o registro no Conselho Regional de Engenharia e Agronomia (CREA)\" data-balloon-pos=\"up\">Engenheiro do Trabalho<\/span><\/td>\r\n<td class=\"cvagas\">01 + CR<\/td>\r\n<td class=\"cremuneracao\">R$ 5.259,28 \/20h<\/td>\r\n<\/tr><tr>\r\n<td class=\"ccargos\">\r\n<span data-balloon-length=\"medium\" aria-label=\"Ensino Superior em Farm\u00e1cia e inscri\u00e7\u00e3o no C.R.F + Experi\u00eancia: comprovada de um ano.\" data-balloon-pos=\"up\">Farmac\u00eautico<\/span><\/td>\r\n<td class=\"cvagas\">01 + CR<\/td>\r\n<td class=\"cremuneracao\">R$ 3.867,57 \/30h<\/td>\r\n<\/tr><tr>\r\n<td class=\"ccargos\">\r\n<span data-balloon-length=\"medium\" aria-label=\"Forma\u00e7\u00e3o em N\u00edvel superior e Carteira Nacional de Habilita\u00e7\u00e3o (CNH) B\" data-balloon-pos=\"up\">Fiscal do Departamento de Defesa do Consumidor<\/span><\/td>\r\n<td class=\"cvagas\">01 + CR<\/td>\r\n<td class=\"cremuneracao\">R$ 2.454,76 \/40h<\/td>\r\n<\/tr><tr>\r\n<td class=\"ccargos\">\r\n<span data-balloon-length=\"medium\" aria-label=\"Ensino Superior Completo em Fisioterapia e registro no CREFITO\" data-balloon-pos=\"up\">Fisioterapeuta<\/span><\/td>\r\n<td class=\"cvagas\">01 + CR<\/td>\r\n<td class=\"cremuneracao\">R$ 2.742,82 \/30h<\/td>\r\n<\/tr><tr>\r\n<td class=\"ccargos\">\r\n<span data-balloon-length=\"medium\" aria-label=\"Ensino Superior Completo em Fonoaudiologia e registro CREFONO\" data-balloon-pos=\"up\">Fonoaudi\u00f3logo<\/span><\/td>\r\n<td class=\"cvagas\">01 + CR<\/td>\r\n<td class=\"cremuneracao\">R$ 2.474,82 \/30h<\/td>\r\n<\/tr><tr>\r\n<td class=\"ccargos\">\r\n<span data-balloon-length=\"medium\" aria-label=\"Curso Superior em Medicina e Registro no CRM\" data-balloon-pos=\"up\">M\u00e9dico<\/span><\/td>\r\n<td class=\"cvagas\">01 + CR<\/td>\r\n<td class=\"cremuneracao\">R$ 5.259,28 \/40h<\/td>\r\n<\/tr><tr>\r\n<td class=\"ccargos\">\r\n<span data-balloon-length=\"medium\" aria-label=\"Forma\u00e7\u00e3o em medicina e registro no CRM\" data-balloon-pos=\"up\">M\u00e9dico do Trabalho<\/span><\/td>\r\n<td class=\"cvagas\">01 + CR<\/td>\r\n<td class=\"cremuneracao\">R$ 5.259,28 \/20h<\/td>\r\n<\/tr><tr>\r\n<td class=\"ccargos\">\r\n<span data-balloon-length=\"medium\" aria-label=\"Curso Superior em Medicina, com Registro no CRM e especializa\u00e7\u00e3o na \u00e1rea\" data-balloon-pos=\"up\">M\u00e9dico Ginecologista<\/span><\/td>\r\n<td class=\"cvagas\">01 + CR<\/td>\r\n<td class=\"cremuneracao\">R$ 3.286,38 \/20h<\/td>\r\n<\/tr><tr>\r\n<td class=\"ccargos\">\r\n<span data-balloon-length=\"medium\" aria-label=\"Curso Superior em Medicina, com Registro no CRM e especializa\u00e7\u00e3o na \u00e1rea\" data-balloon-pos=\"up\">M\u00e9dico Pediatra<\/span><\/td>\r\n<td class=\"cvagas\">01 + CR<\/td>\r\n<td class=\"cremuneracao\">R$ 3.286,38 \/20h<\/td>\r\n<\/tr><tr>\r\n<td class=\"ccargos\">\r\n<span data-balloon-length=\"medium\" aria-label=\"Curso Superior em Medicina, com Registro no CRM\" data-balloon-pos=\"up\">M\u00e9dico Plantonista<\/span><\/td>\r\n<td class=\"cvagas\">01 + CR<\/td>\r\n<td class=\"cremuneracao\">R$ 1.075,82 \/20h<\/td>\r\n<\/tr><tr>\r\n<td class=\"ccargos\">\r\n<span data-balloon-length=\"medium\" aria-label=\"Ensino Superior Completo em Medicina Veterin\u00e1ria e Registro no CRMV\" data-balloon-pos=\"up\">M\u00e9dico Veterin\u00e1rio<\/span><\/td>\r\n<td class=\"cvagas\">01 + CR<\/td>\r\n<td class=\"cremuneracao\">R$ 4.133,12 \/40h<\/td>\r\n<\/tr><tr>\r\n<td class=\"ccargos\">\r\n<span data-balloon-length=\"medium\" aria-label=\"Ensino Superior Completo\" data-balloon-pos=\"up\">Ouvidor<\/span><\/td>\r\n<td class=\"cvagas\">01 + CR<\/td>\r\n<td class=\"cremuneracao\">R$ 3.626,17 \/40h<\/td>\r\n<\/tr><tr>\r\n<td class=\"ccargos\">\r\n<span data-balloon-length=\"medium\" aria-label=\"Licenciatura em pedagogia\" data-balloon-pos=\"up\">Professor Educa\u00e7\u00e3o B\u00e1sica I 1\u00ba ao 5\u00ba ano<\/span><\/td>\r\n<td class=\"cvagas\">01 + CR<\/td>\r\n<td class=\"cremuneracao\">R$ 3.146,85 \/30h<\/td>\r\n<\/tr><tr>\r\n<td class=\"ccargos\">\r\n<span data-balloon-length=\"medium\" aria-label=\"Curso Superior com Licenciatura Plena na \u00c1rea Espec\u00edfica\" data-balloon-pos=\"up\">Professor de Educa\u00e7\u00e3o B\u00e1sica II Artes<\/span><\/td>\r\n<td class=\"cvagas\">CR<\/td>\r\n<td class=\"cremuneracao\">R$ 4.195,80 \/40h<\/td>\r\n<\/tr><tr>\r\n<td class=\"ccargos\">\r\n<span data-balloon-length=\"medium\" aria-label=\"Curso Superior com Licenciatura Plena na \u00c1rea Espec\u00edfica\" data-balloon-pos=\"up\">Professor de Educa\u00e7\u00e3o B\u00e1sica II Ci\u00eancias<\/span><\/td>\r\n<td class=\"cvagas\">01<\/td>\r\n<td class=\"cremuneracao\">R$ 4.195,80 \/40h<\/td>\r\n<\/tr><tr>\r\n<td class=\"ccargos\">\r\n<span data-balloon-length=\"medium\" aria-label=\"Curso Superior com Licenciatura Plena na \u00c1rea Espec\u00edfica\" data-balloon-pos=\"up\">Professor de Educa\u00e7\u00e3o B\u00e1sica II Educa\u00e7\u00e3o F\u00edsica<\/span><\/td>\r\n<td class=\"cvagas\">CR<\/td>\r\n<td class=\"cremuneracao\">R$ 4.195,80 \/40h<\/td>\r\n<\/tr><tr>\r\n<td class=\"ccargos\">\r\n<span data-balloon-length=\"medium\" aria-label=\"Curso Superior com Licenciatura Plena na \u00c1rea Espec\u00edfica\" data-balloon-pos=\"up\">Professor de Educa\u00e7\u00e3o B\u00e1sica II Ingl\u00eas<\/span><\/td>\r\n<td class=\"cvagas\">CR<\/td>\r\n<td class=\"cremuneracao\">R$ 4.195,80 \/40h<\/td>\r\n<\/tr><tr>\r\n<td class=\"ccargos\">\r\n<span data-balloon-length=\"medium\" aria-label=\"Curso Superior com Licenciatura Plena na \u00c1rea Espec\u00edfica\" data-balloon-pos=\"up\">Professor de Educa\u00e7\u00e3o B\u00e1sica II Geografia<\/span><\/td>\r\n<td class=\"cvagas\">CR<\/td>\r\n<td class=\"cremuneracao\">R$ 4.195,80 \/40h<\/td>\r\n<\/tr><tr>\r\n<td class=\"ccargos\">\r\n<span data-balloon-length=\"medium\" aria-label=\"Curso Superior com Licenciatura Plena na \u00c1rea Espec\u00edfica\" data-balloon-pos=\"up\">Professor de Educa\u00e7\u00e3o B\u00e1sica II Hist\u00f3ria<\/span><\/td>\r\n<td class=\"cvagas\">CR<\/td>\r\n<td class=\"cremuneracao\">R$ 4.195,80 \/40h<\/td>\r\n<\/tr><tr>\r\n<td class=\"ccargos\">\r\n<span data-balloon-length=\"medium\" aria-label=\"Curso Superior com Licenciatura Plena na \u00c1rea Espec\u00edfica\" data-balloon-pos=\"up\">Professor de Educa\u00e7\u00e3o B\u00e1sica II Portugu\u00eas<\/span><\/td>\r\n<td class=\"cvagas\">CR<\/td>\r\n<td class=\"cremuneracao\">R$ 4.195,80 \/40h<\/td>\r\n<\/tr><tr>\r\n<td class=\"ccargos\">\r\n<span data-balloon-length=\"medium\" aria-label=\"Curso Superior com Licenciatura Plena na \u00c1rea Espec\u00edfica\" data-balloon-pos=\"up\">Professor de Educa\u00e7\u00e3o B\u00e1sica II Matem\u00e1tica<\/span><\/td>\r\n<td class=\"cvagas\">CR<\/td>\r\n<td class=\"cremuneracao\">R$ 4.195,80 \/40h<\/td>\r\n<\/tr><tr>\r\n<td class=\"ccargos\">\r\n<span data-balloon-length=\"medium\" aria-label=\"Magist\u00e9rio ou licenciatura em pedagogia ou normal superior\" data-balloon-pos=\"up\">Professor de Educa\u00e7\u00e3o Infantil<\/span><\/td>\r\n<td class=\"cvagas\">01 + CR<\/td>\r\n<td class=\"cremuneracao\">R$ 2.622,38 \/25h<\/td>\r\n<\/tr><tr>\r\n<td class=\"ccargos\">\r\n<span data-balloon-length=\"medium\" aria-label=\"Conclus\u00e3o de Licenciatura Plena ou Bacharelado em Educa\u00e7\u00e3o F\u00edsica ou Bacharelado em Esportes + Registro no Conselho Regional de Educa\u00e7\u00e3o F\u00edsica (CREF).\" data-balloon-pos=\"up\">T\u00e9cnico Esportivo<\/span><\/td>\r\n<td class=\"cvagas\">01 + CR<\/td>\r\n<td class=\"cremuneracao\">R$ 2.742,82 \/40h<\/td>\r\n<\/tr>\r\n    <\/tbody>\r\n  <\/table>\r\n<\/div>"},"_links":{"self":[{"href":"https:\/\/www.agrobase.com.br\/concursos\/wp-json\/wp\/v2\/posts\/276434","targetHints":{"allow":["GET"]}}],"collection":[{"href":"https:\/\/www.agrobase.com.br\/concursos\/wp-json\/wp\/v2\/posts"}],"about":[{"href":"https:\/\/www.agrobase.com.br\/concursos\/wp-json\/wp\/v2\/types\/post"}],"author":[{"embeddable":true,"href":"https:\/\/www.agrobase.com.br\/concursos\/wp-json\/wp\/v2\/users\/7"}],"replies":[{"embeddable":true,"href":"https:\/\/www.agrobase.com.br\/concursos\/wp-json\/wp\/v2\/comments?post=276434"}],"version-history":[{"count":2,"href":"https:\/\/www.agrobase.com.br\/concursos\/wp-json\/wp\/v2\/posts\/276434\/revisions"}],"predecessor-version":[{"id":276438,"href":"https:\/\/www.agrobase.com.br\/concursos\/wp-json\/wp\/v2\/posts\/276434\/revisions\/276438"}],"wp:featuredmedia":[{"embeddable":true,"href":"https:\/\/www.agrobase.com.br\/concursos\/wp-json\/wp\/v2\/media\/276433"}],"wp:attachment":[{"href":"https:\/\/www.agrobase.com.br\/concursos\/wp-json\/wp\/v2\/media?parent=276434"}],"wp:term":[{"taxonomy":"category","embeddable":true,"href":"https:\/\/www.agrobase.com.br\/concursos\/wp-json\/wp\/v2\/categories?post=276434"},{"taxonomy":"post_tag","embeddable":true,"href":"https:\/\/www.agrobase.com.br\/concursos\/wp-json\/wp\/v2\/tags?post=276434"},{"taxonomy":"_amplo","embeddable":true,"href":"https:\/\/www.agrobase.com.br\/concursos\/wp-json\/wp\/v2\/_amplo?post=276434"},{"taxonomy":"destaque","embeddable":true,"href":"https:\/\/www.agrobase.com.br\/concursos\/wp-json\/wp\/v2\/destaque?post=276434"},{"taxonomy":"instituicoes","embeddable":true,"href":"https:\/\/www.agrobase.com.br\/concursos\/wp-json\/wp\/v2\/instituicoes?post=276434"}],"curies":[{"name":"wp","href":"https:\/\/api.w.org\/{rel}","templated":true}]}}