{"id":276429,"date":"2026-01-06T08:40:44","date_gmt":"2026-01-06T11:40:44","guid":{"rendered":"https:\/\/www.agrobase.com.br\/concursos\/?p=276429"},"modified":"2026-01-05T15:26:19","modified_gmt":"2026-01-05T18:26:19","slug":"prefeitura-lebon-regis-sc-selecao-publica-01-2026","status":"publish","type":"post","link":"https:\/\/www.agrobase.com.br\/concursos\/2026\/prefeitura-lebon-regis-sc-selecao-publica-01-2026\/","title":{"rendered":"Prefeitura Lebon Regis (SC) &#8211; Sele\u00e7\u00e3o P\u00fablica 01\/2026"},"content":{"rendered":"<h2>Informa\u00e7\u00f5es Gerais<\/h2>\n<p>O <strong>Munic\u00edpio de Lebon Regis<\/strong>, no estado de Santa Catarina, torna p\u00fablica a realiza\u00e7\u00e3o de um novo <strong>Processo Seletivo<\/strong> regido pelo <strong>Edital n.\u00ba 001\/2026<\/strong>. Organizado pelo <strong>Instituto DOM<\/strong>, o certame tem como objetivo o preenchimento de <strong>27 vagas imediatas<\/strong>, al\u00e9m da forma\u00e7\u00e3o de cadastro de reserva, para contrata\u00e7\u00e3o tempor\u00e1ria de profissionais.<\/p>\n<p>As oportunidades contemplam candidatos com n\u00edveis de escolaridade <strong>Fundamental Completo e Superior<\/strong>. As vagas est\u00e3o distribu\u00eddas entre o setor de <strong>Transporte Escolar<\/strong> (Motorista) e, majoritariamente, na \u00e1rea da <strong>Educa\u00e7\u00e3o<\/strong>, abrangendo diversos cargos de Professor (Habilitados e N\u00e3o Habilitados) para atua\u00e7\u00e3o na Educa\u00e7\u00e3o Infantil, Ensino Fundamental e Educa\u00e7\u00e3o Especial. As remunera\u00e7\u00f5es variam de <strong>R$ 1.216,94 a R$ 4.867,76<\/strong>, conforme a carga hor\u00e1ria e a titula\u00e7\u00e3o.<\/p>\n<p>Se voc\u00ea busca uma oportunidade de atua\u00e7\u00e3o no servi\u00e7o p\u00fablico municipal, confira a seguir os detalhes sobre prazos, etapas e requisitos para participar desta sele\u00e7\u00e3o.<\/p>\n<h2>Inscri\u00e7\u00f5es<\/h2>\n<p>As inscri\u00e7\u00f5es para o Processo Seletivo de Lebon Regis devem ser realizadas exclusivamente pela internet, no site da banca organizadora, o <strong>Instituto DOM<\/strong>. \u00c9 fundamental que o candidato esteja atento ao curto per\u00edodo de candidatura, que ocorre entre os dias <strong>05 e 09 de janeiro de 2026<\/strong>.<\/p>\n<p>Para confirmar a participa\u00e7\u00e3o, \u00e9 necess\u00e1rio efetuar o pagamento da taxa de inscri\u00e7\u00e3o por meio de boleto banc\u00e1rio. O documento deve ser impresso logo ap\u00f3s a conclus\u00e3o do cadastro e pode ser pago na rede banc\u00e1ria ou lot\u00e9ricas. Os valores foram definidos conforme o n\u00edvel de escolaridade do cargo pretendido:<\/p>\n<ul>\n<li><strong>N\u00edvel Fundamental:<\/strong> R$ 30,00<\/li>\n<li><strong>N\u00edvel Superior:<\/strong> R$ 80,00<\/li>\n<\/ul>\n<p>O candidato poder\u00e1 se inscrever para mais de um cargo, desde que haja compatibilidade de hor\u00e1rios para a realiza\u00e7\u00e3o das provas, devendo optar por apenas um caso haja coincid\u00eancia. Recomendamos a leitura atenta do edital para verificar as regras de isen\u00e7\u00e3o e os prazos de compensa\u00e7\u00e3o banc\u00e1ria.<\/p>\n<h2>Etapas e Provas<\/h2>\n<p>A avalia\u00e7\u00e3o dos candidatos ser\u00e1 composta por etapas distintas, variando de acordo com o cargo pleiteado. O processo visa aferir conhecimentos te\u00f3ricos, pr\u00e1ticos e a qualifica\u00e7\u00e3o profissional dos inscritos. As fases s\u00e3o:<\/p>\n<ul>\n<li><strong>Prova Objetiva:<\/strong> De car\u00e1ter eliminat\u00f3rio e classificat\u00f3rio, obrigat\u00f3ria para <strong>todos os cargos<\/strong>. A avalia\u00e7\u00e3o conter\u00e1 quest\u00f5es de L\u00edngua Portuguesa, Matem\u00e1tica e Racioc\u00ednio L\u00f3gico, Conhecimentos Gerais e, para o n\u00edvel superior, Conhecimentos Espec\u00edficos. A aplica\u00e7\u00e3o est\u00e1 prevista para o dia <strong>25 de janeiro de 2026<\/strong>.<\/li>\n<li><strong>Prova Veicular (Pr\u00e1tica):<\/strong> De car\u00e1ter eliminat\u00f3rio e classificat\u00f3rio, exclusiva para o cargo de <strong>Motorista de Ve\u00edculo Escolar<\/strong>. O teste avaliar\u00e1 a condu\u00e7\u00e3o em trajeto de rua e baliza, com dura\u00e7\u00e3o m\u00e1xima de 15 minutos.<\/li>\n<li><strong>Avalia\u00e7\u00e3o de T\u00edtulos:<\/strong> De car\u00e1ter apenas classificat\u00f3rio, destinada aos cargos de <strong>Professor (Habilitados)<\/strong> aprovados na prova objetiva. Ser\u00e3o pontuados certificados de Especializa\u00e7\u00e3o, Mestrado e Doutorado.<\/li>\n<\/ul>\n<p>A prova objetiva ter\u00e1 dura\u00e7\u00e3o de 1 hora. Para detalhes sobre o conte\u00fado program\u00e1tico, crit\u00e9rios de pontua\u00e7\u00e3o e regras de execu\u00e7\u00e3o das provas pr\u00e1ticas, \u00e9 imprescind\u00edvel a consulta ao edital completo.<\/p>\n<h2>Resultados e Gabarito<\/h2>\n<p>A divulga\u00e7\u00e3o dos atos oficiais e resultados ser\u00e1 realizada nos sites do <strong>Instituto DOM<\/strong> e da Prefeitura de Lebon Regis. O cronograma prev\u00ea uma tramita\u00e7\u00e3o \u00e1gil do certame:<\/p>\n<ul>\n<li><strong>Gabaritos Preliminares:<\/strong> Previs\u00e3o de publica\u00e7\u00e3o ap\u00f3s as 19h do dia da prova objetiva (25\/01\/2026).<\/li>\n<li><strong>Resultados Preliminares:<\/strong> Divulga\u00e7\u00e3o das notas das provas objetiva, veicular e de t\u00edtulos prevista para 29\/01\/2026.<\/li>\n<li><strong>Homologa\u00e7\u00e3o Final:<\/strong> O resultado final, ap\u00f3s a an\u00e1lise de recursos, est\u00e1 previsto para <strong>02 de fevereiro de 2026<\/strong>.<\/li>\n<\/ul>\n<p>A classifica\u00e7\u00e3o final ser\u00e1 ordenada pela m\u00e9dia aritm\u00e9tica das notas obtidas nas etapas. Em caso de empate, ser\u00e3o aplicados crit\u00e9rios como idade igual ou superior a 60 anos (Estatuto do Idoso), maiores notas em disciplinas espec\u00edficas e fun\u00e7\u00e3o de jurado.<\/p>\n<p>Ressaltamos que \u00e9 de <strong>inteira responsabilidade do candidato<\/strong> acompanhar as publica\u00e7\u00f5es oficiais e convoca\u00e7\u00f5es diretamente na p\u00e1gina da banca organizadora e no Di\u00e1rio Oficial, n\u00e3o cabendo alega\u00e7\u00e3o de desconhecimento.<\/p>\n","protected":false},"excerpt":{"rendered":"<p>Processo Seletivo Pref. Lebon R\u00e9gis (SC) com edital publicado! Vagas p\/ Motorista e Professor (Fund. a Sup.). Inscri\u00e7\u00f5es a partir de 05\/01. Confira detalhes!<\/p>\n","protected":false},"author":7,"featured_media":276428,"comment_status":"open","ping_status":"open","sticky":false,"template":"","format":"standard","meta":{"_acf_changed":false,"_breakdance_hide_in_design_set":false,"_breakdance_tags":"","footnotes":""},"categories":[141,6434,100,6871,116,119,25],"tags":[61],"_amplo":[],"destaque":[],"instituicoes":[],"class_list":["post-276429","post","type-post","status-publish","format-standard","has-post-thumbnail","hentry","category-educacao-artistica","category-educacao-fisica-licenciatura","category-historia","category-letras-ingles","category-matematica","category-musica","category-pedagogia","tag-santa-catarina"],"acf":{"_tipo_vagas":"vagas","_numero_vagas":"","_quadro_vagas":"","_cargos":"diversos","_cargos_especificos":"","_salario_max":"R$ 4867.76","_abertura":"20260105","_encerramento":"20260109","_inscricoes":"https:\/\/www.institutodom.com","_executora_concurso":"","_instituicao_concurso":[],"_link_adicional":null,"_anexos":null,"_produtos":null,"_vagas":"27 vagas + CR","_salario_min":"R$ 1216.94","_instituicao":"Prefeitura de Lebon Regis","_edital":"https:\/\/www.agrobase.com.br\/concursos\/wp-content\/uploads\/sites\/4\/2026\/01\/edital-01-2026-prefeitura-de-lebon-regis-sc.pdf","_anexos_edital":"https:\/\/www.agrobase.com.br\/concursos\/wp-content\/uploads\/sites\/4\/2026\/01\/anexos-edital-01-2026-prefeitura-de-lebon-regis-sc.pdf","_fund_incompleto":"","_fund_completo":"<div>\r\n<table class=\"quadro\">\r\n<thead>\r\n<tr>\r\n<th class=\"hcargo\">Cargo<\/th>\r\n<th class=\"hvagas\">Vagas<\/th>\r\n<th class=\"hremuneracao\">Remunera\u00e7\u00e3o<\/th>\r\n<\/tr>\r\n<\/thead>\r\n    <tbody>\r\n      <td class=\"ccargos\">\r\n<span data-balloon-length=\"medium\" aria-label=\"Ensino Fundamental Completo, CNH D e Curso para condutores de Ve\u00edculo de Transporte coletivo de passageiros.\" data-balloon-pos=\"up\">Motorista de Ve\u00edculo Escolar<\/span><\/td>\r\n<td class=\"cvagas\">03 + CR<\/td>\r\n<td class=\"cremuneracao\">R$ 2.032,42 \/40h<\/td>\r\n<\/tr>\r\n    <\/tbody>\r\n  <\/table>\r\n<\/div>","_medio":"","_superior":"<div>\r\n<table class=\"quadro\">\r\n<thead>\r\n<tr>\r\n<th class=\"hcargo\">Cargo<\/th>\r\n<th class=\"hvagas\">Vagas<\/th>\r\n<th class=\"hremuneracao\">Remunera\u00e7\u00e3o<\/th>\r\n<\/tr>\r\n<\/thead>\r\n    <tbody>\r\n      <tr>\r\n<td class=\"ccargos\">\r\n<span data-balloon-length=\"medium\" aria-label=\"Licenciatura Plena em Pedagogia.\" data-balloon-pos=\"up\">Professor de Anos Iniciais do Ensino Fundamental (1\u00ba a 5\u00ba Anos) - Habilitado<\/span><\/td>\r\n<td class=\"cvagas\">04 + CR<\/td>\r\n<td class=\"cremuneracao\">R$ 4.867,76 \/40h<\/td>\r\n<\/tr><tr>\r\n<td class=\"ccargos\">\r\n<span data-balloon-length=\"medium\" aria-label=\"Cursando Licenciatura Plena em Pedagogia.\" data-balloon-pos=\"up\">Professor de Anos Iniciais do Ensino Fundamental (1\u00ba a 5\u00ba Anos) - N\u00e3o Habilitado<\/span><\/td>\r\n<td class=\"cvagas\">CR<\/td>\r\n<td class=\"cremuneracao\">R$ 4.867,76 \/40h<\/td>\r\n<\/tr><tr>\r\n<td class=\"ccargos\">\r\n<span data-balloon-length=\"medium\" aria-label=\"Licenciatura Plena em Artes.\" data-balloon-pos=\"up\">Professor de Artes - Habilitado<\/span><\/td>\r\n<td class=\"cvagas\">03 + CR<\/td>\r\n<td class=\"cremuneracao\">R$ 4.867,76 \/40h<\/td>\r\n<\/tr><tr>\r\n<td class=\"ccargos\">\r\n<span data-balloon-length=\"medium\" aria-label=\"Cursando Licenciatura Plena em Artes.\" data-balloon-pos=\"up\">Professor de Artes - N\u00e3o Habilitado<\/span><\/td>\r\n<td class=\"cvagas\">CR<\/td>\r\n<td class=\"cremuneracao\">R$ 4.867,76 \/40h<\/td>\r\n<\/tr><tr>\r\n<td class=\"ccargos\">\r\n<span data-balloon-length=\"medium\" aria-label=\"Licenciatura Plena em Educa\u00e7\u00e3o Especial.\" data-balloon-pos=\"up\">Professor de Educa\u00e7\u00e3o Especial e Inclusiva - Habilitado<\/span><\/td>\r\n<td class=\"cvagas\">02 + CR<\/td>\r\n<td class=\"cremuneracao\">R$ 4.867,76 \/40h<\/td>\r\n<\/tr><tr>\r\n<td class=\"ccargos\">\r\n<span data-balloon-length=\"medium\" aria-label=\"Cursando Licenciatura Plena em Educa\u00e7\u00e3o Especial.\" data-balloon-pos=\"up\">Professor de Educa\u00e7\u00e3o Especial e Inclusiva \u2013 N\u00e3o Habilitado<\/span><\/td>\r\n<td class=\"cvagas\">CR<\/td>\r\n<td class=\"cremuneracao\">R$ 4.867,76 \/40h<\/td>\r\n<\/tr><tr>\r\n<td class=\"ccargos\">\r\n<span data-balloon-length=\"medium\" aria-label=\"Licenciatura Plena em Educa\u00e7\u00e3o F\u00edsica e Registro no respectivo Conselho de Classe.\" data-balloon-pos=\"up\">Professor de Educa\u00e7\u00e3o F\u00edsica - Habilitado<\/span><\/td>\r\n<td class=\"cvagas\">03 + CR<\/td>\r\n<td class=\"cremuneracao\">R$ 4.867,76 \/40h<\/td>\r\n<\/tr><tr>\r\n<td class=\"ccargos\">\r\n<span data-balloon-length=\"medium\" aria-label=\"Gradua\u00e7\u00e3o em Licenciatura Plena em Pedagogia com habilita\u00e7\u00e3o em Educa\u00e7\u00e3o Infantil, ou Licenciatura em Pedagogia. Com base na Resolu\u00e7\u00e3o CNE\/CP n\u00ba 1, de 15 de maio de 2006, ou Forma\u00e7\u00e3o no Ensino M\u00e9dio em Magist\u00e9rio, com habilita\u00e7\u00e3o em Educa\u00e7\u00e3o Infantil.\" data-balloon-pos=\"up\">Professor de Educa\u00e7\u00e3o Infantil (Ber\u00e7\u00e1rio \u00e0 Pr\u00e9-escola) - Habilitado<\/span><\/td>\r\n<td class=\"cvagas\">07 + CR<\/td>\r\n<td class=\"cremuneracao\">R$ 4.867,76 \/40h<\/td>\r\n<\/tr><tr>\r\n<td class=\"ccargos\">\r\n<span data-balloon-length=\"medium\" aria-label=\"Cursando Licenciatura Plena em Pedagogia.\" data-balloon-pos=\"up\">Professor de Educa\u00e7\u00e3o Infantil (Ber\u00e7\u00e1rio \u00e0 Pr\u00e9-escola) - N\u00e3o Habilitado<\/span><\/td>\r\n<td class=\"cvagas\">CR<\/td>\r\n<td class=\"cremuneracao\">R$ 4.867,76 \/40h<\/td>\r\n<\/tr><tr>\r\n<td class=\"ccargos\">\r\n<span data-balloon-length=\"medium\" aria-label=\"Licenciatura Plena em Hist\u00f3ria.\" data-balloon-pos=\"up\">Professor de Hist\u00f3ria - Habilitado<\/span><\/td>\r\n<td class=\"cvagas\">CR<\/td>\r\n<td class=\"cremuneracao\">R$ 4.867,76 \/40h<\/td>\r\n<\/tr><tr>\r\n<td class=\"ccargos\">\r\n<span data-balloon-length=\"medium\" aria-label=\"Licenciatura Plena em Pedagogia e\/ou Educa\u00e7\u00e3o Especial e, no m\u00ednimo 180 horas de curso espec\u00edfico na \u00e1rea de Libras.\" data-balloon-pos=\"up\">Professor Int\u00e9rprete de Libras - Habilitado<\/span><\/td>\r\n<td class=\"cvagas\">01 + CR<\/td>\r\n<td class=\"cremuneracao\">R$ 4.867,76 \/40h<\/td>\r\n<\/tr><tr>\r\n<td class=\"ccargos\">\r\n<span data-balloon-length=\"medium\" aria-label=\"Licenciatura Plena em Letras-Bil\u00edngue: L\u00edngua Portuguesa e Ingl\u00eas.\" data-balloon-pos=\"up\">Professor de Letras Bil\u00edngue - L\u00edngua Portuguesa e Ingl\u00eas - Habilitado<\/span><\/td>\r\n<td class=\"cvagas\">CR<\/td>\r\n<td class=\"cremuneracao\">R$ 4.867,76 \/40h<\/td>\r\n<\/tr><tr>\r\n<td class=\"ccargos\">\r\n<span data-balloon-length=\"medium\" aria-label=\"Cursando Licenciatura Plena em Letras-Bil\u00edngue: L\u00edngua Portuguesa e Ingl\u00eas.\" data-balloon-pos=\"up\">Professor de Letras Bil\u00edngue - L\u00edngua Portuguesa e Ingl\u00eas - N\u00e3o Habilitado<\/span><\/td>\r\n<td class=\"cvagas\">CR<\/td>\r\n<td class=\"cremuneracao\">R$ 4.867,76 \/40h<\/td>\r\n<\/tr><tr>\r\n<td class=\"ccargos\">\r\n<span data-balloon-length=\"medium\" aria-label=\"Licenciatura Plena em Matem\u00e1tica.\" data-balloon-pos=\"up\">Professor de Matem\u00e1tica - Habilitado<\/span><\/td>\r\n<td class=\"cvagas\">CR<\/td>\r\n<td class=\"cremuneracao\">R$ 4.867,76 \/40h<\/td>\r\n<\/tr><tr>\r\n<td class=\"ccargos\">\r\n<span data-balloon-length=\"medium\" aria-label=\"Cursando Licenciatura Plena em Matem\u00e1tica.\" data-balloon-pos=\"up\">Professor de Matem\u00e1tica - N\u00e3o Habilitado<\/span><\/td>\r\n<td class=\"cvagas\">CR<\/td>\r\n<td class=\"cremuneracao\">R$ 1.216,94 \/10h<\/td>\r\n<\/tr><tr>\r\n<td class=\"ccargos\">\r\n<span data-balloon-length=\"medium\" aria-label=\"Licenciatura Plena em M\u00fasica.\" data-balloon-pos=\"up\">Professor de M\u00fasica - Habilitado<\/span><\/td>\r\n<td class=\"cvagas\">01 + CR<\/td>\r\n<td class=\"cremuneracao\">R$ 4.867,76 \/40h<\/td>\r\n<\/tr><tr>\r\n<td class=\"ccargos\">\r\n<span data-balloon-length=\"medium\" aria-label=\"Cursando Licenciatura Plena em M\u00fasica.\" data-balloon-pos=\"up\">Professor de M\u00fasica - N\u00e3o Habilitado<\/span><\/td>\r\n<td class=\"cvagas\">CR<\/td>\r\n<td class=\"cremuneracao\">R$ 4.867,76 \/40h<\/td>\r\n<\/tr><tr>\r\n<td class=\"ccargos\">\r\n<span data-balloon-length=\"medium\" aria-label=\"Licenciatura Plena em Tecnologia Educacional ou Licenciatura Plena em Inform\u00e1tica.\" data-balloon-pos=\"up\">Professor de Tecnologias Educacionais - Habilitado<\/span><\/td>\r\n<td class=\"cvagas\">03 + CR<\/td>\r\n<td class=\"cremuneracao\">R$ 1.216,94 \/10h<\/td>\r\n<\/tr><tr>\r\n<td class=\"ccargos\">\r\n<span data-balloon-length=\"medium\" aria-label=\"Cursando Licenciatura Plena em Tecnologia Educacional ou Licenciatura Plena em Inform\u00e1tica.\" data-balloon-pos=\"up\">Professor de Tecnologias Educacionais - N\u00e3o Habilitado<\/span><\/td>\r\n<td class=\"cvagas\">CR<\/td>\r\n<td class=\"cremuneracao\">R$ 2.433,88 \/20h<\/td>\r\n<\/tr>\r\n    <\/tbody>\r\n  <\/table>\r\n<\/div>"},"_links":{"self":[{"href":"https:\/\/www.agrobase.com.br\/concursos\/wp-json\/wp\/v2\/posts\/276429","targetHints":{"allow":["GET"]}}],"collection":[{"href":"https:\/\/www.agrobase.com.br\/concursos\/wp-json\/wp\/v2\/posts"}],"about":[{"href":"https:\/\/www.agrobase.com.br\/concursos\/wp-json\/wp\/v2\/types\/post"}],"author":[{"embeddable":true,"href":"https:\/\/www.agrobase.com.br\/concursos\/wp-json\/wp\/v2\/users\/7"}],"replies":[{"embeddable":true,"href":"https:\/\/www.agrobase.com.br\/concursos\/wp-json\/wp\/v2\/comments?post=276429"}],"version-history":[{"count":1,"href":"https:\/\/www.agrobase.com.br\/concursos\/wp-json\/wp\/v2\/posts\/276429\/revisions"}],"predecessor-version":[{"id":276431,"href":"https:\/\/www.agrobase.com.br\/concursos\/wp-json\/wp\/v2\/posts\/276429\/revisions\/276431"}],"wp:featuredmedia":[{"embeddable":true,"href":"https:\/\/www.agrobase.com.br\/concursos\/wp-json\/wp\/v2\/media\/276428"}],"wp:attachment":[{"href":"https:\/\/www.agrobase.com.br\/concursos\/wp-json\/wp\/v2\/media?parent=276429"}],"wp:term":[{"taxonomy":"category","embeddable":true,"href":"https:\/\/www.agrobase.com.br\/concursos\/wp-json\/wp\/v2\/categories?post=276429"},{"taxonomy":"post_tag","embeddable":true,"href":"https:\/\/www.agrobase.com.br\/concursos\/wp-json\/wp\/v2\/tags?post=276429"},{"taxonomy":"_amplo","embeddable":true,"href":"https:\/\/www.agrobase.com.br\/concursos\/wp-json\/wp\/v2\/_amplo?post=276429"},{"taxonomy":"destaque","embeddable":true,"href":"https:\/\/www.agrobase.com.br\/concursos\/wp-json\/wp\/v2\/destaque?post=276429"},{"taxonomy":"instituicoes","embeddable":true,"href":"https:\/\/www.agrobase.com.br\/concursos\/wp-json\/wp\/v2\/instituicoes?post=276429"}],"curies":[{"name":"wp","href":"https:\/\/api.w.org\/{rel}","templated":true}]}}