{"id":276424,"date":"2026-01-06T08:30:29","date_gmt":"2026-01-06T11:30:29","guid":{"rendered":"https:\/\/www.agrobase.com.br\/concursos\/?p=276424"},"modified":"2026-01-05T14:42:09","modified_gmt":"2026-01-05T17:42:09","slug":"prefeitura-riqueza-sc-concurso-01-2026","status":"publish","type":"post","link":"https:\/\/www.agrobase.com.br\/concursos\/2026\/prefeitura-riqueza-sc-concurso-01-2026\/","title":{"rendered":"Prefeitura Riqueza (SC) &#8211; Concurso 01\/2026"},"content":{"rendered":"<h2>Informa\u00e7\u00f5es Gerais<\/h2>\n<p>O <strong>Munic\u00edpio de Riqueza<\/strong>, no estado de Santa Catarina, torna p\u00fablica a realiza\u00e7\u00e3o de um novo Concurso P\u00fablico destinado ao provimento de vagas efetivas e forma\u00e7\u00e3o de cadastro de reserva. O certame \u00e9 organizado pelo <strong>IPPEC<\/strong> e visa contratar profissionais sob o regime <strong>Estatut\u00e1rio<\/strong>, garantindo estabilidade empregat\u00edcia aos aprovados.<\/p>\n<p>As oportunidades contemplam candidatos com n\u00edveis de escolaridade <strong>M\u00e9dio, T\u00e9cnico e Superior<\/strong>. As vagas est\u00e3o distribu\u00eddas entre setores essenciais da administra\u00e7\u00e3o municipal, abrangendo as \u00e1reas de <strong>Educa\u00e7\u00e3o, Sa\u00fade, Assist\u00eancia Social e Apoio Administrativo<\/strong>. \u00c9 uma excelente chance para ingressar no servi\u00e7o p\u00fablico municipal com remunera\u00e7\u00f5es atrativas.<\/p>\n<p>Continue a leitura para conferir os prazos, etapas de avalia\u00e7\u00e3o e detalhes sobre como garantir sua participa\u00e7\u00e3o nesta sele\u00e7\u00e3o.<\/p>\n<h2>Inscri\u00e7\u00f5es<\/h2>\n<p>As inscri\u00e7\u00f5es para o Concurso P\u00fablico de Riqueza &#8211; SC devem ser realizadas exclusivamente pela internet, atrav\u00e9s do site da banca organizadora, o <strong>IPPEC<\/strong>. O per\u00edodo de candidatura permanece aberto entre os dias <strong>05 de janeiro de 2026 e 12 de fevereiro de 2026<\/strong>.<\/p>\n<p>Para confirmar a participa\u00e7\u00e3o, o candidato deve preencher o formul\u00e1rio online e efetuar o pagamento da taxa de inscri\u00e7\u00e3o via <strong>boleto banc\u00e1rio<\/strong>. \u00c9 fundamental atentar-se \u00e0s regras de pagamento: <strong>n\u00e3o ser\u00e3o aceitas<\/strong> inscri\u00e7\u00f5es pagas via PIX, dep\u00f3sito, transfer\u00eancia banc\u00e1ria ou agendamento n\u00e3o efetivado. O valor da taxa varia conforme o n\u00edvel de escolaridade do cargo pretendido os valores s\u00e3o de R$ 80,00 ou R$ 120,00.<\/p>\n<p>Recomendamos que o candidato leia atentamente o edital completo para verificar os requisitos espec\u00edficos de cada cargo e as possibilidades de isen\u00e7\u00e3o da taxa, caso aplic\u00e1vel. Ap\u00f3s o pagamento, acompanhe a confirma\u00e7\u00e3o da inscri\u00e7\u00e3o na \u00e1rea restrita do candidato.<\/p>\n<h2>Etapas e Provas<\/h2>\n<p>A sele\u00e7\u00e3o dos candidatos ser\u00e1 composta por etapas distintas, variando de acordo com o cargo pleiteado. A etapa comum a todos os inscritos \u00e9 a <strong>Prova Objetiva<\/strong>, de car\u00e1ter eliminat\u00f3rio e classificat\u00f3rio.<\/p>\n<p>A Prova Objetiva est\u00e1 prevista para ser aplicada no dia <strong>22 de fevereiro de 2026<\/strong> e ter\u00e1 dura\u00e7\u00e3o de 3 horas. O exame consistir\u00e1 em 40 quest\u00f5es de m\u00faltipla escolha, distribu\u00eddas entre as seguintes disciplinas:<\/p>\n<ul>\n<li>L\u00edngua Portuguesa;<\/li>\n<li>Matem\u00e1tica\/Racioc\u00ednio L\u00f3gico;<\/li>\n<li>Conhecimentos Gerais;<\/li>\n<li>Conhecimentos Espec\u00edficos do cargo.<\/li>\n<\/ul>\n<p>Para ser aprovado nesta etapa, o candidato deve obter nota igual ou superior a <strong>50 pontos<\/strong>. Al\u00e9m da prova escrita, haver\u00e1 <strong>Prova de T\u00edtulos<\/strong> (car\u00e1ter classificat\u00f3rio) exclusivamente para os cargos de Professor (Arte, Ensino Fundamental, Ensino Infantil, Inform\u00e1tica e Ingl\u00eas), desde que aprovados na etapa objetiva.<\/p>\n<p>Por fim, todos os candidatos convocados passar\u00e3o por exame pr\u00e9-admissional. Sugerimos a leitura minuciosa do edital para compreender o conte\u00fado program\u00e1tico e os crit\u00e9rios de pontua\u00e7\u00e3o detalhados.<\/p>\n<h2>Resultados e Gabarito<\/h2>\n<p>O cronograma do certame prev\u00ea uma divulga\u00e7\u00e3o \u00e1gil dos resultados. O <strong>gabarito preliminar<\/strong> da prova objetiva dever\u00e1 ser publicado no site do IPPEC na mesma data da prova, <strong>22 de fevereiro de 2026<\/strong>, a partir das 20h.<\/p>\n<p>A publica\u00e7\u00e3o do resultado da prova escrita e da prova de t\u00edtulos est\u00e1 prevista para o dia <strong>27 de fevereiro de 2026<\/strong>. A classifica\u00e7\u00e3o final ser\u00e1 definida pela ordem decrescente da nota final (soma da prova objetiva e t\u00edtulos, quando houver). Em caso de empate, ser\u00e3o aplicados crit\u00e9rios como idade igual ou superior a 60 anos, maior pontua\u00e7\u00e3o em Conhecimentos Espec\u00edficos, L\u00edngua Portuguesa, Matem\u00e1tica\/Racioc\u00ednio L\u00f3gico e Conhecimentos Gerais, sucessivamente.<\/p>\n<p>A <strong>homologa\u00e7\u00e3o final<\/strong> do concurso est\u00e1 agendada para <strong>04 de mar\u00e7o de 2026<\/strong>. \u00c9 de inteira responsabilidade do candidato acompanhar todas as publica\u00e7\u00f5es oficiais, convoca\u00e7\u00f5es e avisos no site da banca organizadora e no Di\u00e1rio Oficial do Munic\u00edpio.<\/p>\n","protected":false},"excerpt":{"rendered":"<p>Concurso Pref. Riqueza (SC) com edital publicado! Vagas p\/ Professores (M\u00e9dio a Sup.). Inscri\u00e7\u00f5es a partir de 05\/01. Sal\u00e1rios at\u00e9 R$ 8k. Confira detalhes!<\/p>\n","protected":false},"author":7,"featured_media":276423,"comment_status":"open","ping_status":"open","sticky":false,"template":"","format":"standard","meta":{"_acf_changed":false,"_breakdance_hide_in_design_set":false,"_breakdance_tags":"","footnotes":""},"categories":[121,141,11,19,6871,24,25,26,101,143],"tags":[61],"_amplo":[],"destaque":[],"instituicoes":[],"class_list":["post-276424","post","type-post","status-publish","format-standard","has-post-thumbnail","hentry","category-ciencias-sociais","category-educacao-artistica","category-educacao-fisica","category-fonoaudiologia","category-letras-ingles","category-odontologia","category-pedagogia","category-psicologia","category-servico-social","category-tecnico-odontologia","tag-santa-catarina"],"acf":{"_tipo_vagas":"vagas","_numero_vagas":"","_quadro_vagas":"","_cargos":"diversos","_cargos_especificos":"","_salario_max":"R$ 8077.77","_abertura":"20260105","_encerramento":"20260212","_inscricoes":"https:\/\/www.ippec.org.br","_executora_concurso":"","_instituicao_concurso":[],"_link_adicional":null,"_anexos":null,"_produtos":null,"_vagas":"8 vagas + CR","_salario_min":"R$ 1563.52","_instituicao":"Prefeitura de Riqueza","_edital":"https:\/\/www.agrobase.com.br\/concursos\/wp-content\/uploads\/sites\/4\/2026\/01\/edital-01-2026-prefeitura-de-riqueza-sc.pdf","_anexos_edital":"","_fund_incompleto":"","_fund_completo":"","_medio":"<div>\r\n<table class=\"quadro\">\r\n<thead>\r\n<tr>\r\n<th class=\"hcargo\">Cargo<\/th>\r\n<th class=\"hvagas\">Vagas<\/th>\r\n<th class=\"hremuneracao\">Remunera\u00e7\u00e3o<\/th>\r\n<\/tr>\r\n<\/thead>\r\n    <tbody>\r\n      <td class=\"ccargos\">\r\n<span data-balloon-length=\"medium\" aria-label=\"Ensino M\u00e9dio Completo\" data-balloon-pos=\"up\">Agente de Defesa Civil<\/span><\/td>\r\n<td class=\"cvagas\">CR<\/td>\r\n<td class=\"cremuneracao\">R$ 2.547,00 \/40h<\/td>\r\n<\/tr><td class=\"ccargos\">\r\n<span data-balloon-length=\"medium\" aria-label=\"Ensino M\u00e9dio Completo\" data-balloon-pos=\"up\">Instrutor<\/span><\/td>\r\n<td class=\"cvagas\">1 + CR<\/td>\r\n<td class=\"cremuneracao\">R$ 2.600,00 \/40h<\/td>\r\n<\/tr><td class=\"ccargos\">\r\n<span data-balloon-length=\"medium\" aria-label=\"T\u00e9cnico em Sa\u00fade Bucal. Possuir registro no respectivo conselho de classe.\" data-balloon-pos=\"up\">T\u00e9cnico em Sa\u00fade Bucal<\/span><\/td>\r\n<td class=\"cvagas\">1 + CR<\/td>\r\n<td class=\"cremuneracao\">R$ 2.949,25 \/40h<\/td>\r\n<\/tr>\r\n    <\/tbody>\r\n  <\/table>\r\n<\/div>","_superior":"<div>\r\n<table class=\"quadro\">\r\n<thead>\r\n<tr>\r\n<th class=\"hcargo\">Cargo<\/th>\r\n<th class=\"hvagas\">Vagas<\/th>\r\n<th class=\"hremuneracao\">Remunera\u00e7\u00e3o<\/th>\r\n<\/tr>\r\n<\/thead>\r\n    <tbody>\r\n      <tr>\r\n<td class=\"ccargos\">\r\n<span data-balloon-length=\"medium\" aria-label=\"Ensino superior em Odontologia. Possuir registro no respectivo conselho de classe.\" data-balloon-pos=\"up\">Cirurgi\u00e3o Dentista<\/span><\/td>\r\n<td class=\"cvagas\">01<\/td>\r\n<td class=\"cremuneracao\">R$ 8.077,77 \/40h<\/td>\r\n<\/tr><tr>\r\n<td class=\"ccargos\">\r\n<span data-balloon-length=\"medium\" aria-label=\"Ensino superior em Servi\u00e7o Social, Psicologia, Pedagogia ou \u00e1reas afins das Ci\u00eancias Humanas ou Sociais\" data-balloon-pos=\"up\">Coordenador do CRAS<\/span><\/td>\r\n<td class=\"cvagas\">01<\/td>\r\n<td class=\"cremuneracao\">R$ 4.500,00 \/40h<\/td>\r\n<\/tr><tr>\r\n<td class=\"ccargos\">\r\n<span data-balloon-length=\"medium\" aria-label=\"Ensino superior em Educa\u00e7\u00e3o F\u00edsica-Bacharelado. Possuir registro no respectivo conselho de classe.\" data-balloon-pos=\"up\">Educador F\u00edsico<\/span><\/td>\r\n<td class=\"cvagas\">01<\/td>\r\n<td class=\"cremuneracao\">R$ 3.127,08 \/20h<\/td>\r\n<\/tr><tr>\r\n<td class=\"ccargos\">\r\n<span data-balloon-length=\"medium\" aria-label=\"Ensino superior em Fonoaudiologia. Possuir registro no respectivo conselho de classe.\" data-balloon-pos=\"up\">Fonoaudi\u00f3logo<\/span><\/td>\r\n<td class=\"cvagas\">01<\/td>\r\n<td class=\"cremuneracao\">R$ 2.840,34 \/20h<\/td>\r\n<\/tr><tr>\r\n<td class=\"ccargos\">\r\n<span data-balloon-length=\"medium\" aria-label=\"Licenciatura em Artes\" data-balloon-pos=\"up\">Professor de Arte<\/span><\/td>\r\n<td class=\"cvagas\">1 + CR<\/td>\r\n<td class=\"cremuneracao\">R$ 3.127,08 \/20h<\/td>\r\n<\/tr><tr>\r\n<td class=\"ccargos\">\r\n<span data-balloon-length=\"medium\" aria-label=\"Licenciatura em Pedagogia\" data-balloon-pos=\"up\">Professor de Ensino Fundamental<\/span><\/td>\r\n<td class=\"cvagas\">CR<\/td>\r\n<td class=\"cremuneracao\">R$ 3.127,08 \/20h<\/td>\r\n<\/tr><tr>\r\n<td class=\"ccargos\">\r\n<span data-balloon-length=\"medium\" aria-label=\"Licenciatura em Pedagogia\" data-balloon-pos=\"up\">Professor de Ensino Infantil<\/span><\/td>\r\n<td class=\"cvagas\">CR<\/td>\r\n<td class=\"cremuneracao\">R$ 3.127,08 \/20h<\/td>\r\n<\/tr><tr>\r\n<td class=\"ccargos\">\r\n<span data-balloon-length=\"medium\" aria-label=\"Licenciatura de Inform\u00e1tica\" data-balloon-pos=\"up\">Professor de Inform\u00e1tica<\/span><\/td>\r\n<td class=\"cvagas\">1 + CR<\/td>\r\n<td class=\"cremuneracao\">R$ 1.563,52 \/10h<\/td>\r\n<\/tr><tr>\r\n<td class=\"ccargos\">\r\n<span data-balloon-length=\"medium\" aria-label=\"Licenciatura em Letras, com habilita\u00e7\u00e3o em l\u00edngua estrangeira Ingl\u00eas\" data-balloon-pos=\"up\">Professor de Ingl\u00eas<\/span><\/td>\r\n<td class=\"cvagas\">1 + CR<\/td>\r\n<td class=\"cremuneracao\">R$ 3.127,08 \/20h<\/td>\r\n<\/tr><tr>\r\n<td class=\"ccargos\">\r\n<span data-balloon-length=\"medium\" aria-label=\"Ensino superior em Psicopedagogia\" data-balloon-pos=\"up\">Psicopedagogo<\/span><\/td>\r\n<td class=\"cvagas\">01<\/td>\r\n<td class=\"cremuneracao\">R$ 5.162,00 \/40h<\/td>\r\n<\/tr>\r\n    <\/tbody>\r\n  <\/table>\r\n<\/div>"},"_links":{"self":[{"href":"https:\/\/www.agrobase.com.br\/concursos\/wp-json\/wp\/v2\/posts\/276424","targetHints":{"allow":["GET"]}}],"collection":[{"href":"https:\/\/www.agrobase.com.br\/concursos\/wp-json\/wp\/v2\/posts"}],"about":[{"href":"https:\/\/www.agrobase.com.br\/concursos\/wp-json\/wp\/v2\/types\/post"}],"author":[{"embeddable":true,"href":"https:\/\/www.agrobase.com.br\/concursos\/wp-json\/wp\/v2\/users\/7"}],"replies":[{"embeddable":true,"href":"https:\/\/www.agrobase.com.br\/concursos\/wp-json\/wp\/v2\/comments?post=276424"}],"version-history":[{"count":2,"href":"https:\/\/www.agrobase.com.br\/concursos\/wp-json\/wp\/v2\/posts\/276424\/revisions"}],"predecessor-version":[{"id":276427,"href":"https:\/\/www.agrobase.com.br\/concursos\/wp-json\/wp\/v2\/posts\/276424\/revisions\/276427"}],"wp:featuredmedia":[{"embeddable":true,"href":"https:\/\/www.agrobase.com.br\/concursos\/wp-json\/wp\/v2\/media\/276423"}],"wp:attachment":[{"href":"https:\/\/www.agrobase.com.br\/concursos\/wp-json\/wp\/v2\/media?parent=276424"}],"wp:term":[{"taxonomy":"category","embeddable":true,"href":"https:\/\/www.agrobase.com.br\/concursos\/wp-json\/wp\/v2\/categories?post=276424"},{"taxonomy":"post_tag","embeddable":true,"href":"https:\/\/www.agrobase.com.br\/concursos\/wp-json\/wp\/v2\/tags?post=276424"},{"taxonomy":"_amplo","embeddable":true,"href":"https:\/\/www.agrobase.com.br\/concursos\/wp-json\/wp\/v2\/_amplo?post=276424"},{"taxonomy":"destaque","embeddable":true,"href":"https:\/\/www.agrobase.com.br\/concursos\/wp-json\/wp\/v2\/destaque?post=276424"},{"taxonomy":"instituicoes","embeddable":true,"href":"https:\/\/www.agrobase.com.br\/concursos\/wp-json\/wp\/v2\/instituicoes?post=276424"}],"curies":[{"name":"wp","href":"https:\/\/api.w.org\/{rel}","templated":true}]}}