{"id":276366,"date":"2026-01-05T08:40:17","date_gmt":"2026-01-05T11:40:17","guid":{"rendered":"https:\/\/www.agrobase.com.br\/concursos\/?p=276366"},"modified":"2026-01-02T15:20:54","modified_gmt":"2026-01-02T18:20:54","slug":"ifam-am-selecao-simplificada-11-2025-2","status":"publish","type":"post","link":"https:\/\/www.agrobase.com.br\/concursos\/2026\/ifam-am-selecao-simplificada-11-2025-2\/","title":{"rendered":"IFAM (AM) &#8211; Sele\u00e7\u00e3o Simplificada 11\/2025"},"content":{"rendered":"<h2>Informa\u00e7\u00f5es Gerais<\/h2>\n<p>O <strong>Instituto Federal de Educa\u00e7\u00e3o, Ci\u00eancia e Tecnologia do Amazonas (IFAM)<\/strong>, por meio do Campus L\u00e1brea, publicou o edital n\u00ba 11\/2025 referente ao seu novo Processo Seletivo Simplificado (PSS). O certame tem como objetivo o preenchimento de vagas imediatas e forma\u00e7\u00e3o de cadastro reserva para o cargo de <strong>Professor Substituto<\/strong>, visando atender \u00e0 necessidade tempor\u00e1ria de excepcional interesse p\u00fablico da institui\u00e7\u00e3o.<\/p>\n<p>As oportunidades exigem <strong>n\u00edvel superior<\/strong> e contemplam as \u00e1reas de <strong>Administra\u00e7\u00e3o<\/strong> e <strong>Hist\u00f3ria<\/strong>. Os profissionais selecionados ser\u00e3o contratados sob o regime da Lei n\u00ba 8.745\/1993, com contratos v\u00e1lidos por um ano, podendo ser prorrogados por igual per\u00edodo, a crit\u00e9rio da administra\u00e7\u00e3o. Esta \u00e9 uma excelente chance para docentes que desejam atuar na rede federal de ensino tecnol\u00f3gico. Confira a seguir os detalhes sobre prazos, etapas e requisitos.<\/p>\n<h2>Inscri\u00e7\u00f5es<\/h2>\n<p>As inscri\u00e7\u00f5es para o processo seletivo do IFAM Campus L\u00e1brea s\u00e3o <strong>gratuitas<\/strong> e devem ser realizadas exclusivamente pela internet. O per\u00edodo de candidatura inicia-se no dia <strong>05 de janeiro de 2026<\/strong> e segue aberto at\u00e9 \u00e0s <strong>20h do dia 16 de janeiro de 2026<\/strong> (hor\u00e1rio local).<\/p>\n<p>Para efetivar a participa\u00e7\u00e3o, o candidato deve acessar o sistema eletr\u00f4nico oficial, preencher a ficha de inscri\u00e7\u00e3o optando por uma \u00fanica \u00e1rea e transmitir os dados conforme as instru\u00e7\u00f5es. \u00c9 fundamental atentar-se a um detalhe importante deste edital: no ato da inscri\u00e7\u00e3o, \u00e9 necess\u00e1rio realizar o envio (upload) da documenta\u00e7\u00e3o comprobat\u00f3ria para a Avalia\u00e7\u00e3o Curricular (Ficha de Avalia\u00e7\u00e3o, <em>Curriculum Vitae<\/em> ou Lattes e c\u00f3pias dos t\u00edtulos), conforme o cronograma.<\/p>\n<p>Recomendamos a leitura atenta do edital completo para conferir a lista detalhada de documentos exigidos e garantir que o envio seja feito corretamente dentro do prazo estipulado.<\/p>\n<h2>Etapas e Provas<\/h2>\n<p>A sele\u00e7\u00e3o dos candidatos ser\u00e1 realizada mediante duas etapas distintas, destinadas a verificar tanto a capacidade pedag\u00f3gica quanto a qualifica\u00e7\u00e3o profissional dos inscritos:<\/p>\n<ul>\n<li><strong>Prova de Desempenho Did\u00e1tico (Eliminat\u00f3ria e Classificat\u00f3ria):<\/strong> Consiste em uma aula de 30 a 45 minutos, seguida de argui\u00e7\u00e3o de at\u00e9 10 minutos, perante uma Banca Examinadora. O tema ser\u00e1 sorteado com 24 horas de anteced\u00eancia. Esta etapa vale at\u00e9 100 pontos, sendo necess\u00e1rio obter no m\u00ednimo 60 pontos para n\u00e3o ser eliminado. A prova ocorrer\u00e1 presencialmente no Campus L\u00e1brea.<\/li>\n<li><strong>Avalia\u00e7\u00e3o Curricular (Classificat\u00f3ria):<\/strong> Etapa exclusiva para os candidatos aprovados na prova did\u00e1tica. A pontua\u00e7\u00e3o m\u00e1xima \u00e9 de 40 pontos, atribu\u00edda conforme a titula\u00e7\u00e3o e experi\u00eancia apresentada (Anexo III do edital).<\/li>\n<\/ul>\n<p>Para compreender os crit\u00e9rios de pontua\u00e7\u00e3o da an\u00e1lise de t\u00edtulos e os temas previstos para o sorteio da prova did\u00e1tica, \u00e9 imprescind\u00edvel a consulta ao edital de abertura.<\/p>\n<h2>Resultados e Gabarito<\/h2>\n<p>O resultado final ser\u00e1 obtido pelo somat\u00f3rio dos pontos das duas etapas, sendo considerados aprovados os candidatos que alcan\u00e7arem pontua\u00e7\u00e3o igual ou superior a 60 pontos. Em caso de empate, a prefer\u00eancia ser\u00e1 dada, sucessivamente, ao candidato com maior nota na prova de desempenho did\u00e1tico, maior nota na avalia\u00e7\u00e3o curricular e maior idade (respeitando o Estatuto do Idoso).<\/p>\n<p>O cronograma prev\u00ea a divulga\u00e7\u00e3o do resultado da prova de desempenho did\u00e1tico e da avalia\u00e7\u00e3o curricular a partir de <strong>26 de janeiro de 2026<\/strong>. Ap\u00f3s o per\u00edodo recursal, o <strong>resultado final<\/strong> est\u00e1 previsto para ser divulgado a partir de <strong>28 de janeiro de 2026<\/strong>, com homologa\u00e7\u00e3o no Di\u00e1rio Oficial da Uni\u00e3o em 30 de janeiro de 2026.<\/p>\n<p>Lembramos que \u00e9 de inteira responsabilidade do candidato acompanhar a publica\u00e7\u00e3o de todos os atos, editais e comunicados referentes a este processo seletivo diretamente no site oficial do IFAM e no Di\u00e1rio Oficial da Uni\u00e3o.<\/p>\n","protected":false},"excerpt":{"rendered":"<p>Proc. Seletivo IFAM (AM) com edital publicado! Vagas p\/ Prof. Adm. e Hist\u00f3ria (Superior). Inscri\u00e7\u00f5es a partir de 05\/01. Sal\u00e1rios at\u00e9 R$5.5k. Confira detalhes!<\/p>\n","protected":false},"author":7,"featured_media":276365,"comment_status":"open","ping_status":"open","sticky":false,"template":"","format":"standard","meta":{"_acf_changed":false,"_breakdance_hide_in_design_set":false,"_breakdance_tags":"","footnotes":""},"categories":[3,100],"tags":[41],"_amplo":[],"destaque":[],"instituicoes":[],"class_list":["post-276366","post","type-post","status-publish","format-standard","has-post-thumbnail","hentry","category-administracao","category-historia","tag-amazonas"],"acf":{"_tipo_vagas":"vagas","_numero_vagas":"","_quadro_vagas":"","_cargos":"diversos","_cargos_especificos":"","_salario_max":"R$ 5501.6","_abertura":"20260105","_encerramento":"20260116","_inscricoes":"https:\/\/clab.ifam.edu.br","_executora_concurso":"","_instituicao_concurso":[],"_link_adicional":null,"_anexos":null,"_produtos":null,"_vagas":"2 vagas + CR","_salario_min":"R$ 3677.93","_instituicao":"IFAM","_edital":"https:\/\/www.agrobase.com.br\/concursos\/wp-content\/uploads\/sites\/4\/2026\/01\/edital-11-2025-ifam-am.pdf","_anexos_edital":"","_fund_incompleto":"","_fund_completo":"","_medio":"","_superior":"<div>\r\n<table class=\"quadro\">\r\n<thead>\r\n<tr>\r\n<th class=\"hcargo\">Cargo<\/th>\r\n<th class=\"hvagas\">Vagas<\/th>\r\n<th class=\"hremuneracao\">Remunera\u00e7\u00e3o<\/th>\r\n<\/tr>\r\n<\/thead>\r\n    <tbody>\r\n      <tr>\r\n<td class=\"ccargos\">\r\n<span data-balloon-length=\"medium\" aria-label=\"Gradua\u00e7\u00e3o em Administra\u00e7\u00e3o ou Gest\u00e3o P\u00fablica ou Tecnologia em Gest\u00e3o Comercial ou Tecnologia em Administra\u00e7\u00e3o.\" data-balloon-pos=\"up\">Professor Substituto - Administra\u00e7\u00e3o<\/span><\/td>\r\n<td class=\"cvagas\">01<\/td>\r\n<td class=\"cremuneracao\">R$ 5.501,60 \/40h<\/td>\r\n<\/tr><tr>\r\n<td class=\"ccargos\">\r\n<span data-balloon-length=\"medium\" aria-label=\"Licenciatura em Hist\u00f3ria.\" data-balloon-pos=\"up\">Professor Substituto - Hist\u00f3ria<\/span><\/td>\r\n<td class=\"cvagas\">01<\/td>\r\n<td class=\"cremuneracao\">R$ 3.677,93 \/20h<\/td>\r\n<\/tr>\r\n    <\/tbody>\r\n  <\/table>\r\n<\/div>"},"_links":{"self":[{"href":"https:\/\/www.agrobase.com.br\/concursos\/wp-json\/wp\/v2\/posts\/276366","targetHints":{"allow":["GET"]}}],"collection":[{"href":"https:\/\/www.agrobase.com.br\/concursos\/wp-json\/wp\/v2\/posts"}],"about":[{"href":"https:\/\/www.agrobase.com.br\/concursos\/wp-json\/wp\/v2\/types\/post"}],"author":[{"embeddable":true,"href":"https:\/\/www.agrobase.com.br\/concursos\/wp-json\/wp\/v2\/users\/7"}],"replies":[{"embeddable":true,"href":"https:\/\/www.agrobase.com.br\/concursos\/wp-json\/wp\/v2\/comments?post=276366"}],"version-history":[{"count":1,"href":"https:\/\/www.agrobase.com.br\/concursos\/wp-json\/wp\/v2\/posts\/276366\/revisions"}],"predecessor-version":[{"id":276368,"href":"https:\/\/www.agrobase.com.br\/concursos\/wp-json\/wp\/v2\/posts\/276366\/revisions\/276368"}],"wp:featuredmedia":[{"embeddable":true,"href":"https:\/\/www.agrobase.com.br\/concursos\/wp-json\/wp\/v2\/media\/276365"}],"wp:attachment":[{"href":"https:\/\/www.agrobase.com.br\/concursos\/wp-json\/wp\/v2\/media?parent=276366"}],"wp:term":[{"taxonomy":"category","embeddable":true,"href":"https:\/\/www.agrobase.com.br\/concursos\/wp-json\/wp\/v2\/categories?post=276366"},{"taxonomy":"post_tag","embeddable":true,"href":"https:\/\/www.agrobase.com.br\/concursos\/wp-json\/wp\/v2\/tags?post=276366"},{"taxonomy":"_amplo","embeddable":true,"href":"https:\/\/www.agrobase.com.br\/concursos\/wp-json\/wp\/v2\/_amplo?post=276366"},{"taxonomy":"destaque","embeddable":true,"href":"https:\/\/www.agrobase.com.br\/concursos\/wp-json\/wp\/v2\/destaque?post=276366"},{"taxonomy":"instituicoes","embeddable":true,"href":"https:\/\/www.agrobase.com.br\/concursos\/wp-json\/wp\/v2\/instituicoes?post=276366"}],"curies":[{"name":"wp","href":"https:\/\/api.w.org\/{rel}","templated":true}]}}