{"id":276351,"date":"2026-01-05T08:10:21","date_gmt":"2026-01-05T11:10:21","guid":{"rendered":"https:\/\/www.agrobase.com.br\/concursos\/?p=276351"},"modified":"2026-01-02T14:07:50","modified_gmt":"2026-01-02T17:07:50","slug":"prefeitura-bofete-sp-selecao-publica-04-2025","status":"publish","type":"post","link":"https:\/\/www.agrobase.com.br\/concursos\/2026\/prefeitura-bofete-sp-selecao-publica-04-2025\/","title":{"rendered":"Prefeitura Bofete (SP) &#8211; Sele\u00e7\u00e3o P\u00fablica 04\/2025"},"content":{"rendered":"<h2>Informa\u00e7\u00f5es Gerais<\/h2>\n<p>A <strong>Prefeitura Municipal de Bofete<\/strong>, no estado de S\u00e3o Paulo, torna p\u00fablica a abertura do <strong>Processo Seletivo n\u00ba 004\/2025<\/strong>. Organizado pela banca <strong>CONSCAM<\/strong>, o certame tem como objetivo a forma\u00e7\u00e3o de <strong>Cadastro Reserva<\/strong> para contrata\u00e7\u00e3o tempor\u00e1ria de profissionais de <strong>N\u00edvel Superior<\/strong>, sob o regime da Consolida\u00e7\u00e3o das Leis do Trabalho (CLT).<\/p>\n<p>As oportunidades s\u00e3o voltadas para a \u00e1rea da Educa\u00e7\u00e3o, contemplando cargos de doc\u00eancia para Educa\u00e7\u00e3o Infantil e Ensino Fundamental. Merece destaque a oportunidade para <strong>Professor de Ci\u00eancias<\/strong>, que exige Licenciatura em <strong>Biologia<\/strong> ou Ci\u00eancias Biol\u00f3gicas, atendendo diretamente aos profissionais desta \u00e1rea de forma\u00e7\u00e3o. Al\u00e9m disso, h\u00e1 vagas para Arte, Educa\u00e7\u00e3o F\u00edsica, Hist\u00f3ria, L\u00edngua Portuguesa, Matem\u00e1tica e Pedagogia.<\/p>\n<p>Com validade inicial de um ano, podendo ser prorrogado por igual per\u00edodo, este processo seletivo \u00e9 uma excelente chance para ingressar no servi\u00e7o p\u00fablico municipal. Confira a seguir os detalhes sobre prazos, etapas e crit\u00e9rios de avalia\u00e7\u00e3o.<\/p>\n<h2>Inscri\u00e7\u00f5es<\/h2>\n<p>As inscri\u00e7\u00f5es para o Processo Seletivo de Bofete\/SP devem ser realizadas exclusivamente pela internet, no site da organizadora <strong>CONSCAM<\/strong>. \u00c9 fundamental que os candidatos fiquem atentos ao cronograma, pois o per\u00edodo de participa\u00e7\u00e3o \u00e9 curto (01 a 09 de janeiro de 2026).<\/p>\n<p>Ap\u00f3s o preenchimento da ficha cadastral, o candidato deve imprimir o boleto banc\u00e1rio e efetuar o pagamento da taxa de inscri\u00e7\u00e3o at\u00e9 a data de vencimento estipulada. O pagamento pode ser feito em qualquer ag\u00eancia banc\u00e1ria ou casa lot\u00e9rica. \u00c9 importante ressaltar que n\u00e3o ser\u00e3o aceitos pagamentos via dep\u00f3sito em caixa eletr\u00f4nico, transfer\u00eancia, PIX ou agendamento n\u00e3o efetivado.<\/p>\n<p>Para confirmar sua participa\u00e7\u00e3o, recomenda-se acessar a \u00e1rea do candidato no site da banca ap\u00f3s o pagamento e verificar a efetiva\u00e7\u00e3o da inscri\u00e7\u00e3o. A leitura atenta do edital completo \u00e9 indispens\u00e1vel para conferir os valores das taxas e demais requisitos espec\u00edficos de cada fun\u00e7\u00e3o.<\/p>\n<h2>Etapas e Provas<\/h2>\n<p>A sele\u00e7\u00e3o dos candidatos ser\u00e1 realizada por meio de duas etapas distintas, abrangendo conhecimentos te\u00f3ricos e an\u00e1lise curricular. As fases s\u00e3o:<\/p>\n<ul>\n<li><strong>Prova Objetiva:<\/strong> De car\u00e1ter eliminat\u00f3rio e classificat\u00f3rio, prevista para ser aplicada no dia <strong>18 de janeiro de 2026<\/strong>. A avalia\u00e7\u00e3o ter\u00e1 dura\u00e7\u00e3o de 02 (duas) horas e ser\u00e1 composta por quest\u00f5es de m\u00faltipla escolha. Para ser aprovado, o candidato deve obter nota igual ou superior a 50 pontos. As disciplinas cobradas envolvem L\u00edngua Portuguesa, Matem\u00e1tica e Conhecimentos Espec\u00edficos.<\/li>\n<li><strong>Prova de T\u00edtulos:<\/strong> De car\u00e1ter classificat\u00f3rio. Um ponto de aten\u00e7\u00e3o crucial \u00e9 que os documentos comprobat\u00f3rios (Doutorado, Mestrado ou P\u00f3s-Gradua\u00e7\u00e3o) dever\u00e3o ser <strong>entregues no mesmo dia, local e hor\u00e1rio da prova objetiva<\/strong>, em c\u00f3pias autenticadas ou com verifica\u00e7\u00e3o eletr\u00f4nica.<\/li>\n<\/ul>\n<p>Recomenda-se a leitura minuciosa do edital para compreender o conte\u00fado program\u00e1tico detalhado e as normas de conduta no dia da aplica\u00e7\u00e3o das provas.<\/p>\n<h2>Resultados e Gabarito<\/h2>\n<p>O cronograma do Processo Seletivo \u00e9 \u00e1gil. A divulga\u00e7\u00e3o do <strong>gabarito preliminar<\/strong> est\u00e1 prevista para o dia <strong>19 de janeiro de 2026<\/strong>. J\u00e1 a publica\u00e7\u00e3o das notas da prova objetiva e de t\u00edtulos ocorrer\u00e1 em 26 de janeiro de 2026.<\/p>\n<p>A <strong>homologa\u00e7\u00e3o do resultado final<\/strong> est\u00e1 agendada para o dia <strong>29 de janeiro de 2026<\/strong>. A classifica\u00e7\u00e3o final ser\u00e1 ordenada de forma decrescente, somando-se as notas da prova objetiva e dos t\u00edtulos. Em caso de empate, os crit\u00e9rios de desempate incluem: maior idade, maior pontua\u00e7\u00e3o em conhecimentos espec\u00edficos, t\u00edtulos, l\u00edngua portuguesa, matem\u00e1tica e participa\u00e7\u00e3o em j\u00fari.<\/p>\n<p>\u00c9 de inteira responsabilidade do candidato acompanhar todas as publica\u00e7\u00f5es oficiais, convoca\u00e7\u00f5es e avisos no Mural da Prefeitura Municipal de Bofete e nos sites da CONSCAM e da Prefeitura, bem como no Di\u00e1rio Oficial Eletr\u00f4nico do Munic\u00edpio.<\/p>\n","protected":false},"excerpt":{"rendered":"<p>Proc. Seletivo Pref. Bofete (SP) com edital publicado! Vagas p\/ Professores (Superior). Inscri\u00e7\u00f5es a partir de 05\/01. Sal\u00e1rios at\u00e9 R$ 4.6k. Confira detalhes!<\/p>\n","protected":false},"author":7,"featured_media":276350,"comment_status":"open","ping_status":"open","sticky":false,"template":"","format":"standard","meta":{"_acf_changed":false,"_breakdance_hide_in_design_set":false,"_breakdance_tags":"","footnotes":""},"categories":[145,140,6433,121,141,6434,111,100,20,116,119,25],"tags":[62],"_amplo":[],"destaque":[],"instituicoes":[],"class_list":["post-276351","post","type-post","status-publish","format-standard","has-post-thumbnail","hentry","category-artes-cenicas","category-artes-plasticas","category-biologia-licenciatura","category-ciencias-sociais","category-educacao-artistica","category-educacao-fisica-licenciatura","category-geografia","category-historia","category-letras","category-matematica","category-musica","category-pedagogia","tag-sao-paulo"],"acf":{"_tipo_vagas":"vagas","_numero_vagas":"","_quadro_vagas":"","_cargos":"diversos","_cargos_especificos":"","_salario_max":"R$ 4623.84","_abertura":"20260105","_encerramento":"20260109","_inscricoes":"https:\/\/www.conscamweb.com.br","_executora_concurso":"","_instituicao_concurso":[],"_link_adicional":null,"_anexos":null,"_produtos":null,"_vagas":"CR","_salario_min":"R$ 3650.4","_instituicao":"Prefeitura de Bofete","_edital":"https:\/\/www.agrobase.com.br\/concursos\/wp-content\/uploads\/sites\/4\/2026\/01\/edital-04-2025-prefeitura-de-bofete-sp.pdf","_anexos_edital":"https:\/\/www.agrobase.com.br\/concursos\/wp-content\/uploads\/sites\/4\/2026\/01\/anexos-edital-04-2025-prefeitura-de-bofete-sp.pdf","_fund_incompleto":"","_fund_completo":"","_medio":"","_superior":"<div>\r\n<table class=\"quadro\">\r\n<thead>\r\n<tr>\r\n<th class=\"hcargo\">Cargo<\/th>\r\n<th class=\"hvagas\">Vagas<\/th>\r\n\r\n<\/tr>\r\n<\/thead>\r\n    <tbody>\r\n      <tr>\r\n<td class=\"ccargos\">\r\n<span data-balloon-length=\"medium\" aria-label=\"Licenciatura em Arte, em qualquer das linguagens: Artes Visuais, Artes Pl\u00e1sticas, Design, M\u00fasica, Teatro, Artes C\u00eanicas e Dan\u00e7a\" data-balloon-pos=\"up\">Professor de Arte - Ensino Fundamental - Etapa I e II<\/span><\/td>\r\n<td class=\"cvagas\">CR<\/td>\r\n\r\n<\/tr><tr>\r\n<td class=\"ccargos\">\r\n<span data-balloon-length=\"medium\" aria-label=\"Licenciatura em Biologia; Licenciatura em Ci\u00eancias Biol\u00f3gicas; Licenciatura em Ci\u00eancias, com habilita\u00e7\u00e3o em Biologia; Licenciatura em Hist\u00f3ria Natural; Licenciatura em Ci\u00eancias da Natureza; Licenciatura em Ci\u00eancias Exatas, Licenciatura em Ci\u00eancias Naturais, com habilita\u00e7\u00e3o em Biologia\" data-balloon-pos=\"up\">Professor de Ci\u00eancias - Ensino Fundamental - Etapa I e II<\/span><\/td>\r\n<td class=\"cvagas\">CR<\/td>\r\n\r\n<\/tr><tr>\r\n<td class=\"ccargos\">\r\n<span data-balloon-length=\"medium\" aria-label=\"Licenciatura em Educa\u00e7\u00e3o F\u00edsica e registro no respectivo conselho de classe\" data-balloon-pos=\"up\">Professor de Educa\u00e7\u00e3o F\u00edsica - Ensino Infantil, Fundamental - Etapas I e II<\/span><\/td>\r\n<td class=\"cvagas\">CR<\/td>\r\n\r\n<\/tr><tr>\r\n<td class=\"ccargos\">\r\n<span data-balloon-length=\"medium\" aria-label=\"Licenciatura em Pedagogia\" data-balloon-pos=\"up\">Professor de Educa\u00e7\u00e3o Infantil<\/span><\/td>\r\n<td class=\"cvagas\">CR<\/td>\r\n\r\n<\/tr><tr>\r\n<td class=\"ccargos\">\r\n<span data-balloon-length=\"medium\" aria-label=\"Licenciatura em Pedagogia\" data-balloon-pos=\"up\">Professor de Ensino Fundamental - Etapa I<\/span><\/td>\r\n<td class=\"cvagas\">CR<\/td>\r\n\r\n<\/tr><tr>\r\n<td class=\"ccargos\">\r\n<span data-balloon-length=\"medium\" aria-label=\"Licenciatura em Hist\u00f3ria; Licenciatura em Estudos Sociais, com habilita\u00e7\u00e3o em Hist\u00f3ria; Licenciatura em Ci\u00eancias Sociais, com Habilita\u00e7\u00e3o em Hist\u00f3ria; Licenciatura em Geografia, com habilita\u00e7\u00e3o em Hist\u00f3ria\" data-balloon-pos=\"up\">Professor de Hist\u00f3ria - Ensino Fundamental - Etapa II<\/span><\/td>\r\n<td class=\"cvagas\">CR<\/td>\r\n\r\n<\/tr><tr>\r\n<td class=\"ccargos\">\r\n<span data-balloon-length=\"medium\" aria-label=\"Licenciatura em Letras, com habilita\u00e7\u00e3o em L\u00edngua Portuguesa; Licenciatura em Letras, com habilita\u00e7\u00e3o em Tradu\u00e7\u00e3o e Int\u00e9rprete Portugu\u00eas\/L\u00edngua Estrangeira do curr\u00edculo\" data-balloon-pos=\"up\">Professor de L\u00edngua Portuguesa - Ensino Fundamental - Etapa II<\/span><\/td>\r\n<td class=\"cvagas\">CR<\/td>\r\n\r\n<\/tr><tr>\r\n<td class=\"ccargos\">\r\n<span data-balloon-length=\"medium\" aria-label=\"Licenciatura em Matem\u00e1tica\" data-balloon-pos=\"up\">Professor de Matem\u00e1tica - Ensino Fundamental - Etapa II<\/span><\/td>\r\n<td class=\"cvagas\">CR<\/td>\r\n\r\n<\/tr>\r\n    <\/tbody>\r\n  <\/table>\r\n<\/div>"},"_links":{"self":[{"href":"https:\/\/www.agrobase.com.br\/concursos\/wp-json\/wp\/v2\/posts\/276351","targetHints":{"allow":["GET"]}}],"collection":[{"href":"https:\/\/www.agrobase.com.br\/concursos\/wp-json\/wp\/v2\/posts"}],"about":[{"href":"https:\/\/www.agrobase.com.br\/concursos\/wp-json\/wp\/v2\/types\/post"}],"author":[{"embeddable":true,"href":"https:\/\/www.agrobase.com.br\/concursos\/wp-json\/wp\/v2\/users\/7"}],"replies":[{"embeddable":true,"href":"https:\/\/www.agrobase.com.br\/concursos\/wp-json\/wp\/v2\/comments?post=276351"}],"version-history":[{"count":2,"href":"https:\/\/www.agrobase.com.br\/concursos\/wp-json\/wp\/v2\/posts\/276351\/revisions"}],"predecessor-version":[{"id":276355,"href":"https:\/\/www.agrobase.com.br\/concursos\/wp-json\/wp\/v2\/posts\/276351\/revisions\/276355"}],"wp:featuredmedia":[{"embeddable":true,"href":"https:\/\/www.agrobase.com.br\/concursos\/wp-json\/wp\/v2\/media\/276350"}],"wp:attachment":[{"href":"https:\/\/www.agrobase.com.br\/concursos\/wp-json\/wp\/v2\/media?parent=276351"}],"wp:term":[{"taxonomy":"category","embeddable":true,"href":"https:\/\/www.agrobase.com.br\/concursos\/wp-json\/wp\/v2\/categories?post=276351"},{"taxonomy":"post_tag","embeddable":true,"href":"https:\/\/www.agrobase.com.br\/concursos\/wp-json\/wp\/v2\/tags?post=276351"},{"taxonomy":"_amplo","embeddable":true,"href":"https:\/\/www.agrobase.com.br\/concursos\/wp-json\/wp\/v2\/_amplo?post=276351"},{"taxonomy":"destaque","embeddable":true,"href":"https:\/\/www.agrobase.com.br\/concursos\/wp-json\/wp\/v2\/destaque?post=276351"},{"taxonomy":"instituicoes","embeddable":true,"href":"https:\/\/www.agrobase.com.br\/concursos\/wp-json\/wp\/v2\/instituicoes?post=276351"}],"curies":[{"name":"wp","href":"https:\/\/api.w.org\/{rel}","templated":true}]}}