{"id":276340,"date":"2026-01-05T07:50:06","date_gmt":"2026-01-05T10:50:06","guid":{"rendered":"https:\/\/www.agrobase.com.br\/concursos\/?p=276340"},"modified":"2026-01-02T13:06:47","modified_gmt":"2026-01-02T16:06:47","slug":"prefeitura-pereira-barreto-sp-concurso-01-2025","status":"publish","type":"post","link":"https:\/\/www.agrobase.com.br\/concursos\/2026\/prefeitura-pereira-barreto-sp-concurso-01-2025\/","title":{"rendered":"Prefeitura Pereira Barreto (SP) &#8211; Concurso 01\/2025"},"content":{"rendered":"<h2>Informa\u00e7\u00f5es Gerais<\/h2>\n<p>O <strong>Munic\u00edpio de Pereira Barreto<\/strong>, localizado no estado de S\u00e3o Paulo, publicou o edital n\u00ba 002\/2025 para a realiza\u00e7\u00e3o de um novo Concurso P\u00fablico. Sob a organiza\u00e7\u00e3o e execu\u00e7\u00e3o do <strong>Instituto Consulplan<\/strong>, o certame tem como objetivo o preenchimento de <strong>4 vagas imediatas<\/strong>, al\u00e9m da forma\u00e7\u00e3o de cadastro reserva para futuras contrata\u00e7\u00f5es durante o prazo de validade da sele\u00e7\u00e3o.<\/p>\n<p>As oportunidades contemplam candidatos com n\u00edveis de escolaridade <strong>Fundamental, M\u00e9dio, T\u00e9cnico e Superior<\/strong>. Os aprovados ser\u00e3o nomeados sob o <strong>regime Estatut\u00e1rio<\/strong>, que assegura estabilidade ao servidor ap\u00f3s o est\u00e1gio probat\u00f3rio. As vagas est\u00e3o distribu\u00eddas entre diversos setores, abrangendo \u00e1reas da <strong>Sa\u00fade, Educa\u00e7\u00e3o, Jur\u00eddica, Engenharia e Servi\u00e7os Gerais<\/strong>.<\/p>\n<p>Se voc\u00ea busca estabilidade e bons sal\u00e1rios no servi\u00e7o p\u00fablico, confira a seguir os detalhes essenciais sobre prazos, taxas e etapas deste processo seletivo.<\/p>\n<h2>Inscri\u00e7\u00f5es<\/h2>\n<p>As inscri\u00e7\u00f5es para o concurso p\u00fablico devem ser realizadas exclusivamente pela internet, atrav\u00e9s do site da banca organizadora. O per\u00edodo de cadastro inicia-se \u00e0s <strong>16h00min do dia 15 de dezembro de 2025<\/strong> e permanece aberto at\u00e9 \u00e0s <strong>16h00min do dia 22 de janeiro de 2026<\/strong>.<\/p>\n<p>Para efetivar a participa\u00e7\u00e3o, o candidato deve gerar e pagar o boleto banc\u00e1rio, cujos valores variam conforme o n\u00edvel de escolaridade do cargo:<\/p>\n<ul>\n<li><strong>N\u00edvel Fundamental:<\/strong> R$ 50,00<\/li>\n<li><strong>N\u00edvel M\u00e9dio e T\u00e9cnico:<\/strong> R$ 80,00<\/li>\n<li><strong>N\u00edvel Superior:<\/strong> R$ 100,00<\/li>\n<\/ul>\n<p>Os candidatos que desejarem solicitar a <strong>isen\u00e7\u00e3o da taxa de inscri\u00e7\u00e3o<\/strong> devem atentar-se ao prazo espec\u00edfico, que ocorre entre <strong>15 e 19 de dezembro de 2025<\/strong>. O pagamento do boleto deve ser efetuado impreterivelmente at\u00e9 a data de vencimento constante no documento. \u00c9 fundamental que o candidato acompanhe a confirma\u00e7\u00e3o do pagamento e o status da inscri\u00e7\u00e3o na \u00e1rea restrita do site da organizadora.<\/p>\n<p>Recomendamos a leitura integral do edital para ci\u00eancia de todos os requisitos e normas para a solicita\u00e7\u00e3o de isen\u00e7\u00e3o e condi\u00e7\u00f5es especiais.<\/p>\n<h2>Etapas e Provas<\/h2>\n<p>O processo seletivo ser\u00e1 composto por diferentes etapas de avalia\u00e7\u00e3o, a depender do cargo pleiteado. A aplica\u00e7\u00e3o das provas est\u00e1 prevista para o dia <strong>1\u00ba de mar\u00e7o de 2026<\/strong>, sendo realizada na cidade de Pereira Barreto\/SP, em dois turnos distintos.<\/p>\n<p>As etapas do certame incluem:<\/p>\n<ul>\n<li><strong>Prova Objetiva (Todos os cargos):<\/strong> De car\u00e1ter eliminat\u00f3rio e classificat\u00f3rio. Ser\u00e1 composta por quest\u00f5es de m\u00faltipla escolha (com 4 alternativas cada). Para ser considerado aprovado, o candidato deve obter, no m\u00ednimo, 50% de aproveitamento dos pontos.<\/li>\n<li><strong>Prova Discursiva (Cargos espec\u00edficos):<\/strong> Aplicada no mesmo dia da prova objetiva, exclusivamente para os cargos de <em>Controlador Geral do Munic\u00edpio<\/em> e <em>Procurador do Munic\u00edpio<\/em>. Possui car\u00e1ter eliminat\u00f3rio e classificat\u00f3rio.<\/li>\n<li><strong>Avalia\u00e7\u00e3o de T\u00edtulos (N\u00edvel Superior):<\/strong> De car\u00e1ter apenas classificat\u00f3rio. Os documentos devem ser enviados digitalmente durante o per\u00edodo de inscri\u00e7\u00f5es.<\/li>\n<\/ul>\n<p>Haver\u00e1 ainda uma etapa posterior de comprova\u00e7\u00e3o de requisitos e exames m\u00e9dicos, de car\u00e1ter eliminat\u00f3rio. Sugerimos a consulta ao edital para verificar o conte\u00fado program\u00e1tico, o n\u00famero de quest\u00f5es e a dura\u00e7\u00e3o espec\u00edfica da prova para o seu cargo.<\/p>\n<h2>Resultados e Gabarito<\/h2>\n<p>Os gabaritos oficiais preliminares das provas objetivas ser\u00e3o divulgados no site do Instituto Consulplan a partir das 16h00min do dia <strong>2 de mar\u00e7o de 2026<\/strong>. O candidato que discordar do gabarito poder\u00e1 interpor recurso administrativo no prazo de dois dias \u00fateis ap\u00f3s a divulga\u00e7\u00e3o.<\/p>\n<p>A classifica\u00e7\u00e3o final ser\u00e1 determinada pela soma das notas obtidas em todas as etapas aplic\u00e1veis (objetiva, discursiva e t\u00edtulos). O concurso ter\u00e1 validade de <strong>dois anos<\/strong>, contados a partir da data de sua homologa\u00e7\u00e3o, podendo ser prorrogado uma \u00fanica vez por igual per\u00edodo. A convoca\u00e7\u00e3o dos aprovados ocorrer\u00e1 conforme a necessidade da Administra\u00e7\u00e3o Municipal e a disponibilidade de vagas.<\/p>\n<p>Ressaltamos que \u00e9 de <strong>responsabilidade exclusiva do candidato<\/strong> acompanhar todas as publica\u00e7\u00f5es, convoca\u00e7\u00f5es e atos oficiais referentes ao certame no site da banca organizadora e no Di\u00e1rio Oficial.<\/p>\n","protected":false},"excerpt":{"rendered":"<p>Concurso Pref. Pereira Barreto (SP) com edital publicado! Vagas p\/ Controlador e Procurador (Fund. a Sup.). Inscri\u00e7\u00f5es a partir de 15\/12. Confira detalhes!<\/p>\n","protected":false},"author":7,"featured_media":276339,"comment_status":"open","ping_status":"open","sticky":false,"template":"","format":"standard","meta":{"_acf_changed":false,"_breakdance_hide_in_design_set":false,"_breakdance_tags":"","footnotes":""},"categories":[3,9,10,11,12,103,17,18,19,6871,21,24,25,108,161,143,157,134],"tags":[62],"_amplo":[],"destaque":[],"instituicoes":[],"class_list":["post-276340","post","type-post","status-publish","format-standard","has-post-thumbnail","hentry","category-administracao","category-ciencias-contabeis","category-direito","category-educacao-fisica","category-enfermagem","category-engenharia-eletrica","category-farmacia","category-fisioterapia","category-fonoaudiologia","category-letras-ingles","category-medicina","category-odontologia","category-pedagogia","category-tecnico-enfermagem","category-tecnico-laboratorio","category-tecnico-odontologia","category-tecnico-seguranca-trabalho","category-terapia-ocupacional","tag-sao-paulo"],"acf":{"_tipo_vagas":"vagas","_numero_vagas":"","_quadro_vagas":"","_cargos":"diversos","_cargos_especificos":"","_salario_max":"R$ 10136.74","_abertura":"20251215","_encerramento":"20260122","_inscricoes":"http:\/\/www.institutoconsulplan.org.br","_executora_concurso":"","_instituicao_concurso":[],"_link_adicional":null,"_anexos":null,"_produtos":null,"_vagas":"4 vagas + CR","_salario_min":"R$ 1480.2","_instituicao":"Prefeitura de Pereira Barreto","_edital":"https:\/\/www.agrobase.com.br\/concursos\/wp-content\/uploads\/sites\/4\/2026\/01\/edital-01-2025-prefeitura-de-pereira-barreto-sp.pdf","_anexos_edital":"https:\/\/www.agrobase.com.br\/concursos\/wp-content\/uploads\/sites\/4\/2026\/01\/anexos-edital-01-2025-prefeitura-de-pereira-barreto-sp.pdf","_fund_incompleto":"","_fund_completo":"<div>\r\n<table class=\"quadro\">\r\n<thead>\r\n<tr>\r\n<th class=\"hcargo\">Cargo<\/th>\r\n<th class=\"hvagas\">Vagas<\/th>\r\n<th class=\"hremuneracao\">Remunera\u00e7\u00e3o<\/th>\r\n<\/tr>\r\n<\/thead>\r\n    <tbody>\r\n      <td class=\"ccargos\">\r\n<span data-balloon-length=\"medium\" aria-label=\"Ensino Fundamental Completo\" data-balloon-pos=\"up\">AGENTE DE ORIENTA\u00c7\u00c3O ESCOLAR (INSPETOR DE ALUNOS)<\/span><\/td>\r\n<td class=\"cvagas\">CR<\/td>\r\n<td class=\"cremuneracao\">R$ 2.153,69 \/8h<\/td>\r\n<\/tr><td class=\"ccargos\">\r\n<span data-balloon-length=\"medium\" aria-label=\"Ter conclu\u00eddo a 4\u00aa s\u00e9rie do ensino fundamental\" data-balloon-pos=\"up\">AUXILIAR DE SERVI\u00c7OS ESCOLARES II (SERVI\u00c7OS GERAIS)<\/span><\/td>\r\n<td class=\"cvagas\">CR<\/td>\r\n<td class=\"cremuneracao\">R$ 2.153,69 \/8h<\/td>\r\n<\/tr><td class=\"ccargos\">\r\n<span data-balloon-length=\"medium\" aria-label=\"Ter conclu\u00eddo a 4\u00aa s\u00e9rie do ensino fundamental\" data-balloon-pos=\"up\">SERVI\u00c7OS GERAIS<\/span><\/td>\r\n<td class=\"cvagas\">CR<\/td>\r\n<td class=\"cremuneracao\">R$ 2.153,69 \/8h<\/td>\r\n<\/tr>\r\n    <\/tbody>\r\n  <\/table>\r\n<\/div>","_medio":"<div>\r\n<table class=\"quadro\">\r\n<thead>\r\n<tr>\r\n<th class=\"hcargo\">Cargo<\/th>\r\n<th class=\"hvagas\">Vagas<\/th>\r\n<th class=\"hremuneracao\">Remunera\u00e7\u00e3o<\/th>\r\n<\/tr>\r\n<\/thead>\r\n    <tbody>\r\n      <td class=\"ccargos\">\r\n<span data-balloon-length=\"medium\" aria-label=\"Ensino M\u00e9dio Completo e Residir na \u00e1rea da comunidade em que atuar desde a data da publica\u00e7\u00e3o do edital do Concurso P\u00fablico\" data-balloon-pos=\"up\">AGENTE COMUNIT\u00c1RIO DE SA\u00daDE - SETOR 3 - UBS ANT\u00d4NIO DOMICIANO BARBOSA<\/span><\/td>\r\n<td class=\"cvagas\">1 + CR<\/td>\r\n<td class=\"cremuneracao\">R$ 3.036,01 \/8h<\/td>\r\n<\/tr><td class=\"ccargos\">\r\n<span data-balloon-length=\"medium\" aria-label=\"Ensino M\u00e9dio Completo e Residir na \u00e1rea da comunidade em que atuar desde a data da publica\u00e7\u00e3o do edital do Concurso P\u00fablico\" data-balloon-pos=\"up\">AGENTE COMUNIT\u00c1RIO DE SA\u00daDE - SETOR 4 - UBS DR. JOS\u00c9 ALEXANDRINO FILHO<\/span><\/td>\r\n<td class=\"cvagas\">1 + CR<\/td>\r\n<td class=\"cremuneracao\">R$ 3.036,01 \/8h<\/td>\r\n<\/tr><td class=\"ccargos\">\r\n<span data-balloon-length=\"medium\" aria-label=\"Ensino M\u00e9dio Completo e Residir na \u00e1rea da comunidade em que atuar desde a data da publica\u00e7\u00e3o do edital do Concurso P\u00fablico\" data-balloon-pos=\"up\">AGENTE COMUNIT\u00c1RIO DE SA\u00daDE - SETOR 5 - UBS VALTER GATTI<\/span><\/td>\r\n<td class=\"cvagas\">CR<\/td>\r\n<td class=\"cremuneracao\">R$ 3.036,01 \/8h<\/td>\r\n<\/tr><td class=\"ccargos\">\r\n<span data-balloon-length=\"medium\" aria-label=\"Ensino M\u00e9dio Completo\" data-balloon-pos=\"up\">AGENTE DE SANEAMENTO<\/span><\/td>\r\n<td class=\"cvagas\">CR<\/td>\r\n<td class=\"cremuneracao\">R$ 3.549,13 \/8h<\/td>\r\n<\/tr><td class=\"ccargos\">\r\n<span data-balloon-length=\"medium\" aria-label=\"Ensino M\u00e9dio Completo\" data-balloon-pos=\"up\">AGENTE DE VIGIL\u00c2NCIA EM SA\u00daDE<\/span><\/td>\r\n<td class=\"cvagas\">CR<\/td>\r\n<td class=\"cremuneracao\">R$ 2.153,69 \/8h<\/td>\r\n<\/tr><td class=\"ccargos\">\r\n<span data-balloon-length=\"medium\" aria-label=\"Forma\u00e7\u00e3o em curso de Auxiliar de Enfermagem e Registro no Conselho Regional de Enfermagem - COREN\" data-balloon-pos=\"up\">AUXILIAR DE ENFERMAGEM<\/span><\/td>\r\n<td class=\"cvagas\">CR<\/td>\r\n<td class=\"cremuneracao\">R$ 2.709,08 \/8h<\/td>\r\n<\/tr><td class=\"ccargos\">\r\n<span data-balloon-length=\"medium\" aria-label=\"Curso T\u00e9cnico de Auxiliar de Sa\u00fade Bucal e Registro no Conselho Regional de Odontologia - CRO\" data-balloon-pos=\"up\">AUXILIAR DE SA\u00daDE BUCAL<\/span><\/td>\r\n<td class=\"cvagas\">CR<\/td>\r\n<td class=\"cremuneracao\">R$ 2.499,42 \/8h<\/td>\r\n<\/tr><td class=\"ccargos\">\r\n<span data-balloon-length=\"medium\" aria-label=\"Ensino M\u00e9dio Completo\" data-balloon-pos=\"up\">AUXILIAR DE VIDA ESCOLAR<\/span><\/td>\r\n<td class=\"cvagas\">CR<\/td>\r\n<td class=\"cremuneracao\">R$ 2.153,69 \/8h<\/td>\r\n<\/tr><td class=\"ccargos\">\r\n<span data-balloon-length=\"medium\" aria-label=\"Curso t\u00e9cnico espec\u00edfico ou M\u00e9dio Profissionalizante e registro no Conselho de Classe\" data-balloon-pos=\"up\">T\u00c9CNICO DE LABORAT\u00d3RIO<\/span><\/td>\r\n<td class=\"cvagas\">CR<\/td>\r\n<td class=\"cremuneracao\">R$ 3.348,24 \/8h<\/td>\r\n<\/tr><td class=\"ccargos\">\r\n<span data-balloon-length=\"medium\" aria-label=\"N\u00edvel m\u00e9dio profissionalizante em t\u00e9cnico em seguran\u00e7a do trabalho, ou n\u00edvel m\u00e9dio completo mais o curso t\u00e9cnico profissionalizante e Registro profissional do T\u00e9cnico em Seguran\u00e7a do Trabalho\" data-balloon-pos=\"up\">T\u00c9CNICO DE SEGURAN\u00c7A DO TRABALHO<\/span><\/td>\r\n<td class=\"cvagas\">1 + CR<\/td>\r\n<td class=\"cremuneracao\">R$ 3.348,24 \/8h<\/td>\r\n<\/tr>\r\n    <\/tbody>\r\n  <\/table>\r\n<\/div>","_superior":"<div>\r\n<table class=\"quadro\">\r\n<thead>\r\n<tr>\r\n<th class=\"hcargo\">Cargo<\/th>\r\n<th class=\"hvagas\">Vagas<\/th>\r\n<th class=\"hremuneracao\">Remunera\u00e7\u00e3o<\/th>\r\n<\/tr>\r\n<\/thead>\r\n    <tbody>\r\n      <tr>\r\n<td class=\"ccargos\">\r\n<span data-balloon-length=\"medium\" aria-label=\"Curso superior de Ci\u00eancias Cont\u00e1beis, Administra\u00e7\u00e3o, Direito ou Gest\u00e3o P\u00fablica\" data-balloon-pos=\"up\">CONTROLADOR GERAL DO MUNIC\u00cdPIO<\/span><\/td>\r\n<td class=\"cvagas\">1 + CR<\/td>\r\n<td class=\"cremuneracao\">R$ 5.158,97 \/8h<\/td>\r\n<\/tr><tr>\r\n<td class=\"ccargos\">\r\n<span data-balloon-length=\"medium\" aria-label=\"Curso superior em Odontologia e Registro no Conselho Regional de Odontologia - CRO\" data-balloon-pos=\"up\">DENTISTA 4 HORAS<\/span><\/td>\r\n<td class=\"cvagas\">CR<\/td>\r\n<td class=\"cremuneracao\">R$ 3.868,03 \/4h<\/td>\r\n<\/tr><tr>\r\n<td class=\"ccargos\">\r\n<span data-balloon-length=\"medium\" aria-label=\"Curso superior em Odontologia e Registro no Conselho Regional de Odontologia - CRO\" data-balloon-pos=\"up\">DENTISTA 8 HORAS<\/span><\/td>\r\n<td class=\"cvagas\">CR<\/td>\r\n<td class=\"cremuneracao\">R$ 5.158,97 \/8h<\/td>\r\n<\/tr><tr>\r\n<td class=\"ccargos\">\r\n<span data-balloon-length=\"medium\" aria-label=\"Curso superior em Enfermagem e Registro no Conselho Regional de Enfermagem - COREN\" data-balloon-pos=\"up\">ENFERMEIRO PADR\u00c3O<\/span><\/td>\r\n<td class=\"cvagas\">CR<\/td>\r\n<td class=\"cremuneracao\">R$ 5.158,97 \/8h<\/td>\r\n<\/tr><tr>\r\n<td class=\"ccargos\">\r\n<span data-balloon-length=\"medium\" aria-label=\"Curso superior de Engenharia El\u00e9trica e Registro no Conselho Regional de Engenharia e Agronomia - CREA\" data-balloon-pos=\"up\">ENGENHEIRO ELETRICISTA<\/span><\/td>\r\n<td class=\"cvagas\">CR<\/td>\r\n<td class=\"cremuneracao\">R$ 5.158,97 \/4h<\/td>\r\n<\/tr><tr>\r\n<td class=\"ccargos\">\r\n<span data-balloon-length=\"medium\" aria-label=\"Curso Superior de Farm\u00e1cia com forma\u00e7\u00e3o generalista e Registro no Conselho Regional de Farm\u00e1cia - CRF\" data-balloon-pos=\"up\">FARMAC\u00caUTICO 8 HORAS<\/span><\/td>\r\n<td class=\"cvagas\">CR<\/td>\r\n<td class=\"cremuneracao\">R$ 5.158,97 \/8h<\/td>\r\n<\/tr><tr>\r\n<td class=\"ccargos\">\r\n<span data-balloon-length=\"medium\" aria-label=\"Curso superior de Fisioterapia e Registro no Conselho Regional de Fisioterapia e Terapia Ocupacional - CREFITO\" data-balloon-pos=\"up\">FISIOTERAPEUTA 4 HORAS<\/span><\/td>\r\n<td class=\"cvagas\">CR<\/td>\r\n<td class=\"cremuneracao\">R$ 3.549,13 \/4h<\/td>\r\n<\/tr><tr>\r\n<td class=\"ccargos\">\r\n<span data-balloon-length=\"medium\" aria-label=\"Curso superior em Fonoaudiologia e Registro no Conselho Regional de Fonoaudiologia - CREFONO\" data-balloon-pos=\"up\">FONOAUDI\u00d3LOGO 4 HORAS<\/span><\/td>\r\n<td class=\"cvagas\">CR<\/td>\r\n<td class=\"cremuneracao\">R$ 3.549,13 \/4h<\/td>\r\n<\/tr><tr>\r\n<td class=\"ccargos\">\r\n<span data-balloon-length=\"medium\" aria-label=\"Curso superior em Fonoaudiologia e Registro no Conselho Regional de Fonoaudiologia - CREFONO\" data-balloon-pos=\"up\">FONOAUDI\u00d3LOGO 8 HORAS<\/span><\/td>\r\n<td class=\"cvagas\">CR<\/td>\r\n<td class=\"cremuneracao\">R$ 5.158,97 \/8h<\/td>\r\n<\/tr><tr>\r\n<td class=\"ccargos\">\r\n<span data-balloon-length=\"medium\" aria-label=\"Curso superior de Educa\u00e7\u00e3o F\u00edsica e Registro no Conselho Regional de Educa\u00e7\u00e3o F\u00edsica - CREF\" data-balloon-pos=\"up\">INSTRUTOR DE ESPORTE E LAZER<\/span><\/td>\r\n<td class=\"cvagas\">CR<\/td>\r\n<td class=\"cremuneracao\">R$ 2.499,42 \/4h<\/td>\r\n<\/tr><tr>\r\n<td class=\"ccargos\">\r\n<span data-balloon-length=\"medium\" aria-label=\"Curso superior em Medicina e Registro no Conselho Regional de Medicina - CRM\" data-balloon-pos=\"up\">M\u00c9DICO SA\u00daDE DA FAM\u00cdLIA<\/span><\/td>\r\n<td class=\"cvagas\">CR<\/td>\r\n<td class=\"cremuneracao\">R$ 10.136,74 \/8h<\/td>\r\n<\/tr><tr>\r\n<td class=\"ccargos\">\r\n<span data-balloon-length=\"medium\" aria-label=\"Curso superior em Direito e Registro na Ordem dos Advogados do Brasil - OAB.\" data-balloon-pos=\"up\">PROCURADOR DO MUNIC\u00cdPIO<\/span><\/td>\r\n<td class=\"cvagas\">1 + CR<\/td>\r\n<td class=\"cremuneracao\">R$ 5.158,97 \/4h<\/td>\r\n<\/tr><tr>\r\n<td class=\"ccargos\">\r\n<span data-balloon-length=\"medium\" aria-label=\"Curso Superior, licenciatura de gradua\u00e7\u00e3o plena ou curso normal em n\u00edvel m\u00e9dio ou superior.\" data-balloon-pos=\"up\">PROFESSOR DE EDUCA\u00c7\u00c3O B\u00c1SICA I - PEB I<\/span><\/td>\r\n<td class=\"cvagas\">CR<\/td>\r\n<td class=\"cremuneracao\">R$ 1.480,20 \/60h<\/td>\r\n<\/tr><tr>\r\n<td class=\"ccargos\">\r\n<span data-balloon-length=\"medium\" aria-label=\"Curso Superior, licenciatura de gradua\u00e7\u00e3o, com habilita\u00e7\u00e3o espec\u00edfica em \u00e1rea pr\u00f3pria ou forma\u00e7\u00e3o superior em \u00e1rea correspondente e Complementa\u00e7\u00e3o nos termos da legisla\u00e7\u00e3o vigente.\" data-balloon-pos=\"up\">PROFESSOR DE EDUCA\u00c7\u00c3O B\u00c1SICA II - PEB II - INGL\u00caS<\/span><\/td>\r\n<td class=\"cvagas\">CR<\/td>\r\n<td class=\"cremuneracao\">R$ 1.480,20 \/60h<\/td>\r\n<\/tr><tr>\r\n<td class=\"ccargos\">\r\n<span data-balloon-length=\"medium\" aria-label=\"Curso Superior, licenciatura de gradua\u00e7\u00e3o plena ou curso normal em n\u00edvel m\u00e9dio ou superior\" data-balloon-pos=\"up\">PROFESSOR DE EDUCA\u00c7\u00c3O INFANTIL, CRECHES E EDUCA\u00c7\u00c3O DE JOVENS E ADULTOS<\/span><\/td>\r\n<td class=\"cvagas\">CR<\/td>\r\n<td class=\"cremuneracao\">R$ 1.480,20 \/60h<\/td>\r\n<\/tr><tr>\r\n<td class=\"ccargos\">\r\n<span data-balloon-length=\"medium\" aria-label=\"Curso Superior de Terapia Ocupacional e Registro no Conselho Regional de Fisioterapia e Terapia Ocupacional - CREFITO\" data-balloon-pos=\"up\">TERAPEUTA OCUPACIONAL 4 HORAS<\/span><\/td>\r\n<td class=\"cvagas\">CR<\/td>\r\n<td class=\"cremuneracao\">R$ 3.549,13 \/4h<\/td>\r\n<\/tr>\r\n    <\/tbody>\r\n  <\/table>\r\n<\/div>"},"_links":{"self":[{"href":"https:\/\/www.agrobase.com.br\/concursos\/wp-json\/wp\/v2\/posts\/276340","targetHints":{"allow":["GET"]}}],"collection":[{"href":"https:\/\/www.agrobase.com.br\/concursos\/wp-json\/wp\/v2\/posts"}],"about":[{"href":"https:\/\/www.agrobase.com.br\/concursos\/wp-json\/wp\/v2\/types\/post"}],"author":[{"embeddable":true,"href":"https:\/\/www.agrobase.com.br\/concursos\/wp-json\/wp\/v2\/users\/7"}],"replies":[{"embeddable":true,"href":"https:\/\/www.agrobase.com.br\/concursos\/wp-json\/wp\/v2\/comments?post=276340"}],"version-history":[{"count":1,"href":"https:\/\/www.agrobase.com.br\/concursos\/wp-json\/wp\/v2\/posts\/276340\/revisions"}],"predecessor-version":[{"id":276342,"href":"https:\/\/www.agrobase.com.br\/concursos\/wp-json\/wp\/v2\/posts\/276340\/revisions\/276342"}],"wp:featuredmedia":[{"embeddable":true,"href":"https:\/\/www.agrobase.com.br\/concursos\/wp-json\/wp\/v2\/media\/276339"}],"wp:attachment":[{"href":"https:\/\/www.agrobase.com.br\/concursos\/wp-json\/wp\/v2\/media?parent=276340"}],"wp:term":[{"taxonomy":"category","embeddable":true,"href":"https:\/\/www.agrobase.com.br\/concursos\/wp-json\/wp\/v2\/categories?post=276340"},{"taxonomy":"post_tag","embeddable":true,"href":"https:\/\/www.agrobase.com.br\/concursos\/wp-json\/wp\/v2\/tags?post=276340"},{"taxonomy":"_amplo","embeddable":true,"href":"https:\/\/www.agrobase.com.br\/concursos\/wp-json\/wp\/v2\/_amplo?post=276340"},{"taxonomy":"destaque","embeddable":true,"href":"https:\/\/www.agrobase.com.br\/concursos\/wp-json\/wp\/v2\/destaque?post=276340"},{"taxonomy":"instituicoes","embeddable":true,"href":"https:\/\/www.agrobase.com.br\/concursos\/wp-json\/wp\/v2\/instituicoes?post=276340"}],"curies":[{"name":"wp","href":"https:\/\/api.w.org\/{rel}","templated":true}]}}