{"id":276329,"date":"2026-01-16T08:20:52","date_gmt":"2026-01-16T11:20:52","guid":{"rendered":"https:\/\/www.agrobase.com.br\/concursos\/?p=276329"},"modified":"2026-01-15T15:44:40","modified_gmt":"2026-01-15T18:44:40","slug":"feas-curitiba-pr-selecao-publica-01-2025","status":"publish","type":"post","link":"https:\/\/www.agrobase.com.br\/concursos\/2026\/feas-curitiba-pr-selecao-publica-01-2025\/","title":{"rendered":"FEAS Curitiba (PR) &#8211; Sele\u00e7\u00e3o P\u00fablica 01\/2025 [prorrogado]"},"content":{"rendered":"<h2>Informa\u00e7\u00f5es Gerais<\/h2>\n<p>A <strong>Funda\u00e7\u00e3o Estatal de Aten\u00e7\u00e3o \u00e0 Sa\u00fade (FEAS)<\/strong>, vinculada \u00e0 administra\u00e7\u00e3o municipal de Curitiba (PR), torna p\u00fablica a realiza\u00e7\u00e3o de um novo Processo Seletivo P\u00fablico. O certame, organizado pelo <strong>Instituto Avalia<\/strong>, visa ao preenchimento de <strong>153 vagas imediatas<\/strong>, al\u00e9m da forma\u00e7\u00e3o de cadastro reserva, para cargos de n\u00edveis m\u00e9dio, t\u00e9cnico e superior.<\/p>\n<p>As oportunidades s\u00e3o regidas pelo regime da Consolida\u00e7\u00e3o das Leis do Trabalho (CLT), garantindo os direitos trabalhistas previstos na legisla\u00e7\u00e3o federal. A sele\u00e7\u00e3o contempla uma ampla variedade de fun\u00e7\u00f5es, com destaque para as \u00e1reas de <strong>Sa\u00fade<\/strong> (incluindo diversas especialidades m\u00e9dicas, enfermagem, odontologia e terapias), <strong>Administrativa<\/strong>, <strong>Jur\u00eddica<\/strong> e de <strong>Manuten\u00e7\u00e3o<\/strong>.<\/p>\n<p>A validade do processo seletivo ser\u00e1 de dois anos, contados a partir da homologa\u00e7\u00e3o do resultado final, podendo ser prorrogado uma \u00fanica vez por igual per\u00edodo. Esta \u00e9 uma excelente oportunidade para profissionais que buscam estabilidade e desenvolvimento profissional na rede de sa\u00fade p\u00fablica da capital paranaense. Continue a leitura para conferir os prazos, etapas e detalhes do edital.<\/p>\n<h2>Inscri\u00e7\u00f5es<\/h2>\n<p>As inscri\u00e7\u00f5es para o Processo Seletivo da FEAS Curitiba devem ser realizadas exclusivamente pela internet, no site da banca organizadora, o <strong>Instituto Avalia<\/strong>. O per\u00edodo de participa\u00e7\u00e3o estar\u00e1 aberto entre 15 de dezembro de 2025 e <del datetime=\"2026-01-15T18:43:16+00:00\">15<\/del>20 de janeiro de 2026, conforme as datas estipuladas no cronograma oficial.<\/p>\n<p>Para confirmar a participa\u00e7\u00e3o, o candidato deve preencher o Formul\u00e1rio de Solicita\u00e7\u00e3o de Inscri\u00e7\u00e3o e efetuar o pagamento da taxa correspondente. O pagamento pode ser realizado via boleto banc\u00e1rio ou PIX (atrav\u00e9s do QR Code gerado no boleto), devendo ser quitado impreterivelmente at\u00e9 a data de vencimento indicada no documento.<\/p>\n<p>\u00c9 importante ressaltar que o candidato pode se inscrever para mais de um emprego, desde que os hor\u00e1rios de aplica\u00e7\u00e3o das provas objetivas (manh\u00e3 e tarde) sejam compat\u00edveis. Al\u00e9m disso, o envio de documentos para a <strong>Prova de T\u00edtulos e Experi\u00eancia Profissional<\/strong> deve ser realizado dentro do mesmo per\u00edodo das inscri\u00e7\u00f5es, atrav\u00e9s de link espec\u00edfico na \u00e1rea do candidato.<\/p>\n<p>Recomendamos que os interessados leiam atentamente o edital completo para verificar os requisitos espec\u00edficos de cada cargo, bem como as regras para isen\u00e7\u00e3o da taxa, caso aplic\u00e1vel.<\/p>\n<h2>Etapas e Provas<\/h2>\n<p>A avalia\u00e7\u00e3o dos candidatos ser\u00e1 composta por etapas distintas, variando conforme o cargo pretendido. O processo seletivo busca aferir conhecimentos te\u00f3ricos e a qualifica\u00e7\u00e3o profissional dos participantes.<\/p>\n<ul>\n<li><strong>Prova Objetiva (Eliminat\u00f3ria e Classificat\u00f3ria):<\/strong> Aplicada a todos os cargos. A prova conter\u00e1 60 quest\u00f5es de m\u00faltipla escolha, cada uma com 4 alternativas e apenas uma correta. Para ser aprovado, o candidato deve obter 50% ou mais na nota final, 50% ou mais em conhecimentos espec\u00edficos e n\u00e3o zerar nenhuma disciplina. A aplica\u00e7\u00e3o est\u00e1 prevista para ocorrer em <strong>Curitiba\/PR<\/strong>, com dura\u00e7\u00e3o e hor\u00e1rios a serem detalhados no Cart\u00e3o de Informa\u00e7\u00e3o do Candidato.<\/li>\n<li><strong>Prova de T\u00edtulos e Experi\u00eancia Profissional (Classificat\u00f3ria):<\/strong> Destinada a todos os empregos (Cuidador em Sa\u00fade e demais cargos). Esta etapa consiste na an\u00e1lise de documentos que comprovem a forma\u00e7\u00e3o acad\u00eamica e a trajet\u00f3ria profissional do candidato, devendo ser enviados digitalmente durante o per\u00edodo de inscri\u00e7\u00f5es.<\/li>\n<\/ul>\n<p>\u00c9 responsabilidade do candidato comparecer ao local de prova com anteced\u00eancia m\u00ednima de 60 minutos, portando documento oficial de identifica\u00e7\u00e3o com foto e caneta esferogr\u00e1fica de tinta azul ou preta (material transparente). Para detalhes sobre o conte\u00fado program\u00e1tico e crit\u00e9rios de pontua\u00e7\u00e3o, consulte o edital.<\/p>\n<h2>Resultados e Gabarito<\/h2>\n<p>O acompanhamento dos resultados \u00e9 de responsabilidade exclusiva do candidato e deve ser feito atrav\u00e9s do site do Instituto Avalia e do Di\u00e1rio Oficial Eletr\u00f4nico do Munic\u00edpio de Curitiba. O gabarito preliminar da prova objetiva tem previs\u00e3o de divulga\u00e7\u00e3o para o dia seguinte \u00e0 aplica\u00e7\u00e3o da prova.<\/p>\n<p>Os crit\u00e9rios de desempate seguir\u00e3o a seguinte ordem de prefer\u00eancia: idade igual ou superior a 60 anos (Estatuto da Pessoa Idosa), efetivo exerc\u00edcio da fun\u00e7\u00e3o de jurado, maior nota na prova objetiva, maior nota em Conhecimentos Espec\u00edficos, maior nota em Normas da FEAS, maior nota em L\u00edngua Portuguesa e, por fim, maior idade.<\/p>\n<p>A homologa\u00e7\u00e3o do resultado final e a convoca\u00e7\u00e3o dos aprovados ocorrer\u00e3o conforme a necessidade e disponibilidade or\u00e7ament\u00e1ria da FEAS. As convoca\u00e7\u00f5es ser\u00e3o publicadas nos meios oficiais e comunicadas via postal (AR), e-mail ou telefone. Mantenha seus dados cadastrais sempre atualizados junto \u00e0 banca organizadora.<\/p>\n","protected":false},"excerpt":{"rendered":"<p>Proc. Seletivo FEAS Curitiba (PR) com edital publicado! Vagas p\/ T\u00e9cnico Enfermagem e M\u00e9dico (M\u00e9dio\/T\u00e9c. e Sup.). Inscri\u00e7\u00f5es a partir de 15\/12. Confira detalhes!<\/p>\n","protected":false},"author":7,"featured_media":276328,"comment_status":"open","ping_status":"open","sticky":false,"template":"","format":"standard","meta":{"_acf_changed":false,"_breakdance_hide_in_design_set":false,"_breakdance_tags":"","footnotes":""},"categories":[9,10,12,19,99,21,24,26,108,161,143,134],"tags":[52],"_amplo":[6427],"destaque":[],"instituicoes":[],"class_list":["post-276329","post","type-post","status-publish","format-standard","has-post-thumbnail","hentry","category-ciencias-contabeis","category-direito","category-enfermagem","category-fonoaudiologia","category-jornalismo","category-medicina","category-odontologia","category-psicologia","category-tecnico-enfermagem","category-tecnico-laboratorio","category-tecnico-odontologia","category-terapia-ocupacional","tag-parana","_amplo-nivel-medio"],"acf":{"_tipo_vagas":"vagas","_numero_vagas":"","_quadro_vagas":"","_cargos":"diversos","_cargos_especificos":"","_salario_max":"R$ 11323.53","_abertura":"20251215","_encerramento":"20260120","_inscricoes":"https:\/\/www.avalia.org.br","_executora_concurso":"","_instituicao_concurso":[],"_link_adicional":null,"_anexos":[{"_arquivo_anexo":276899,"_titulo_anexo":"Edital de Prorroga\u00e7\u00e3o"}],"_produtos":null,"_vagas":"153 vagas + CR","_salario_min":"R$ 122.85","_instituicao":"FEAS de Curitiba","_edital":"https:\/\/www.agrobase.com.br\/concursos\/wp-content\/uploads\/sites\/4\/2026\/01\/edital-01-2025-feas-de-curitiba-pr.pdf","_anexos_edital":"https:\/\/www.agrobase.com.br\/concursos\/wp-content\/uploads\/sites\/4\/2026\/01\/anexos-edital-01-2025-feas-curitiba-pr.pdf","_fund_incompleto":"","_fund_completo":"","_medio":"<div>\r\n<table class=\"quadro\">\r\n<thead>\r\n<tr>\r\n<th class=\"hcargo\">Cargo<\/th>\r\n<th class=\"hvagas\">Vagas<\/th>\r\n<th class=\"hremuneracao\">Remunera\u00e7\u00e3o<\/th>\r\n<\/tr>\r\n<\/thead>\r\n    <tbody>\r\n      <td class=\"ccargos\">\r\n<span data-balloon-length=\"medium\" aria-label=\"Ensino M\u00e9dio completo\" data-balloon-pos=\"up\">ASSISTENTE ADMINISTRATIVO<\/span><\/td>\r\n<td class=\"cvagas\">51 + CR<\/td>\r\n<td class=\"cremuneracao\">R$ 2.151,57 \/36\/40h<\/td>\r\n<\/tr><td class=\"ccargos\">\r\n<span data-balloon-length=\"medium\" aria-label=\"Ensino M\u00e9dio completo e Curso na \u00e1rea de Manuten\u00e7\u00e3o Predial\" data-balloon-pos=\"up\">AUXILIAR DE MANUTEN\u00c7\u00c3O PREDIAL<\/span><\/td>\r\n<td class=\"cvagas\">CR<\/td>\r\n<td class=\"cremuneracao\">R$ 2.153,36 \/36h<\/td>\r\n<\/tr><td class=\"ccargos\">\r\n<span data-balloon-length=\"medium\" aria-label=\"Ensino M\u00e9dio completo e Curso de Auxiliar de Consult\u00f3rio Dent\u00e1rio ou de T\u00e9cnico em Sa\u00fade Bucal, com registro no CRO\" data-balloon-pos=\"up\">AUXILIAR EM SA\u00daDE BUCAL<\/span><\/td>\r\n<td class=\"cvagas\">CR<\/td>\r\n<td class=\"cremuneracao\">R$ 2.151,57 \/36\/40h<\/td>\r\n<\/tr><td class=\"ccargos\">\r\n<span data-balloon-length=\"medium\" aria-label=\"Ensino M\u00e9dio completo e Curso de Cuidador em Sa\u00fade\" data-balloon-pos=\"up\">CUIDADOR EM SA\u00daDE<\/span><\/td>\r\n<td class=\"cvagas\">10 + CR<\/td>\r\n<td class=\"cremuneracao\">R$ 2.151,57 \/36h<\/td>\r\n<\/tr><td class=\"ccargos\">\r\n<span data-balloon-length=\"medium\" aria-label=\"Ensino M\u00e9dio completo e Curso de Eletricista\" data-balloon-pos=\"up\">ELETRICISTA<\/span><\/td>\r\n<td class=\"cvagas\">CR<\/td>\r\n<td class=\"cremuneracao\">R$ 3.232,00 \/40h<\/td>\r\n<\/tr><td class=\"ccargos\">\r\n<span data-balloon-length=\"medium\" aria-label=\"Ensino M\u00e9dio completo e Curso T\u00e9cnico em Enfermagem, com Registro Profissional no Conselho de Classe do Estado do Paran\u00e1\" data-balloon-pos=\"up\">T\u00c9CNICO DE ENFERMAGEM<\/span><\/td>\r\n<td class=\"cvagas\">51 + CR<\/td>\r\n<td class=\"cremuneracao\">R$ 2.720,45 \/36\/40h<\/td>\r\n<\/tr><td class=\"ccargos\">\r\n<span data-balloon-length=\"medium\" aria-label=\"Ensino M\u00e9dio completo e Curso T\u00e9cnico em Enfermagem, com Registro Profissional no Conselho de Classe do Estado do Paran\u00e1, e curso de instrumenta\u00e7\u00e3o cir\u00fargica\" data-balloon-pos=\"up\">T\u00c9CNICO DE ENFERMAGEM - INSTRUMENTADOR CIR\u00daRGICO<\/span><\/td>\r\n<td class=\"cvagas\">1 + CR<\/td>\r\n<td class=\"cremuneracao\">R$ 2.720,45 \/36h<\/td>\r\n<\/tr><td class=\"ccargos\">\r\n<span data-balloon-length=\"medium\" aria-label=\"Ensino M\u00e9dio completo e Curso T\u00e9cnico em Laborat\u00f3rio, com Registro Profissional no Conselho de Classe do Estado do Paran\u00e1\" data-balloon-pos=\"up\">T\u00c9CNICO DE LABORAT\u00d3RIO<\/span><\/td>\r\n<td class=\"cvagas\">4 + CR<\/td>\r\n<td class=\"cremuneracao\">R$ 2.632,78 \/36h<\/td>\r\n<\/tr><td class=\"ccargos\">\r\n<span data-balloon-length=\"medium\" aria-label=\"Ensino M\u00e9dio completo e Curso T\u00e9cnico em Sa\u00fade Bucal, com Registro Profissional no Conselho de Classe do Estado do Paran\u00e1\" data-balloon-pos=\"up\">T\u00c9CNICO EM SA\u00daDE BUCAL<\/span><\/td>\r\n<td class=\"cvagas\">CR<\/td>\r\n<td class=\"cremuneracao\">R$ 2.632,78 \/36\/40h<\/td>\r\n<\/tr>\r\n    <\/tbody>\r\n  <\/table>\r\n<\/div>","_superior":"<div>\r\n<table class=\"quadro\">\r\n<thead>\r\n<tr>\r\n<th class=\"hcargo\">Cargo<\/th>\r\n<th class=\"hvagas\">Vagas<\/th>\r\n<th class=\"hremuneracao\">Remunera\u00e7\u00e3o<\/th>\r\n<\/tr>\r\n<\/thead>\r\n    <tbody>\r\n      <tr>\r\n<td class=\"ccargos\">\r\n<span data-balloon-length=\"medium\" aria-label=\"Ensino Superior completo em Direito com Registro na OAB\" data-balloon-pos=\"up\">ADVOGADO<\/span><\/td>\r\n<td class=\"cvagas\">CR<\/td>\r\n<td class=\"cremuneracao\">R$ 11.323,51 \/40h<\/td>\r\n<\/tr><tr>\r\n<td class=\"ccargos\">\r\n<span data-balloon-length=\"medium\" aria-label=\"Ensino Superior completo em Odontologia, com registro no CRO\" data-balloon-pos=\"up\">CIRURGI\u00c3O DENTISTA<\/span><\/td>\r\n<td class=\"cvagas\">CR<\/td>\r\n<td class=\"cremuneracao\">R$ 4.894,06 \/20\/24\/40h<\/td>\r\n<\/tr><tr>\r\n<td class=\"ccargos\">\r\n<span data-balloon-length=\"medium\" aria-label=\"Ensino Superior completo em Odontologia, com registro no CRO e especializa\u00e7\u00e3o em Endodontia\" data-balloon-pos=\"up\">CIRURGI\u00c3O DENTISTA ENDODONTISTA<\/span><\/td>\r\n<td class=\"cvagas\">4 + CR<\/td>\r\n<td class=\"cremuneracao\">R$ 4.894,06 \/20\/24\/40h<\/td>\r\n<\/tr><tr>\r\n<td class=\"ccargos\">\r\n<span data-balloon-length=\"medium\" aria-label=\"Ensino Superior completo em Ci\u00eancias Cont\u00e1beis, com Registro Profissional no Conselho de Classe do Estado do Paran\u00e1\" data-balloon-pos=\"up\">CONTADOR<\/span><\/td>\r\n<td class=\"cvagas\">CR<\/td>\r\n<td class=\"cremuneracao\">R$ 6.331,93 \/40h<\/td>\r\n<\/tr><tr>\r\n<td class=\"ccargos\">\r\n<span data-balloon-length=\"medium\" aria-label=\"Ensino Superior completo em Enfermagem com Registro Profissional no Conselho de Classe do Estado do Paran\u00e1\" data-balloon-pos=\"up\">ENFERMEIRO<\/span><\/td>\r\n<td class=\"cvagas\">CR<\/td>\r\n<td class=\"cremuneracao\">R$ 4.593,83 \/36\/40h<\/td>\r\n<\/tr><tr>\r\n<td class=\"ccargos\">\r\n<span data-balloon-length=\"medium\" aria-label=\"Ensino Superior completo em Enfermagem com Registro Profissional no Conselho de Classe do Estado do Paran\u00e1, e experi\u00eancia em SCIH\" data-balloon-pos=\"up\">ENFERMEIRO SCIH \u2013 SERVI\u00c7O DE CONTROLE DE INFEC\u00c7\u00c3O HOSPITALAR<\/span><\/td>\r\n<td class=\"cvagas\">1 + CR<\/td>\r\n<td class=\"cremuneracao\">R$ 4.593,83 \/36h<\/td>\r\n<\/tr><tr>\r\n<td class=\"ccargos\">\r\n<span data-balloon-length=\"medium\" aria-label=\"Ensino Superior completo em Engenharia com Registro Profissional no Conselho de Classe do Estado do Paran\u00e1 e P\u00f3s-Gradua\u00e7\u00e3o em Engenharia Cl\u00ednica ou \u00e1reas correlatas\" data-balloon-pos=\"up\">ENGENHEIRO CL\u00cdNICO<\/span><\/td>\r\n<td class=\"cvagas\">CR<\/td>\r\n<td class=\"cremuneracao\">R$ 11.323,53 \/40h<\/td>\r\n<\/tr><tr>\r\n<td class=\"ccargos\">\r\n<span data-balloon-length=\"medium\" aria-label=\"Ensino Superior completo em Fonoaudiologia com Registro Profissional no Conselho de Classe do Estado do Paran\u00e1\" data-balloon-pos=\"up\">FONOAUDIOLOGO<\/span><\/td>\r\n<td class=\"cvagas\">2 + CR<\/td>\r\n<td class=\"cremuneracao\">R$ 4.955,57 \/36h<\/td>\r\n<\/tr><tr>\r\n<td class=\"ccargos\">\r\n<span data-balloon-length=\"medium\" aria-label=\"Ensino Superior completo em Comunica\u00e7\u00e3o Social com habilita\u00e7\u00e3o em Jornalismo ou registro profissional\" data-balloon-pos=\"up\">JORNALISTA<\/span><\/td>\r\n<td class=\"cvagas\">CR<\/td>\r\n<td class=\"cremuneracao\">R$ 4.967,05 \/25h<\/td>\r\n<\/tr><tr>\r\n<td class=\"ccargos\">\r\n<span data-balloon-length=\"medium\" aria-label=\"Ensino Superior em Medicina, Registro no CRM do Paran\u00e1, Resid\u00eancia M\u00e9dica em Cardiologia ou T\u00edtulo de Especialista em Cardiologia registrado no CRM\" data-balloon-pos=\"up\">M\u00c9DICO CARDIOLOGISTA<\/span><\/td>\r\n<td class=\"cvagas\">CR<\/td>\r\n<td class=\"cremuneracao\">R$ 122,85 \/12 a 36h<\/td>\r\n<\/tr><tr>\r\n<td class=\"ccargos\">\r\n<span data-balloon-length=\"medium\" aria-label=\"Ensino Superior em Medicina, Registro no CRM do Paran\u00e1, Resid\u00eancia M\u00e9dica em Cirurgia Geral e em Coloproctologia ou T\u00edtulo de Especialista em Coloproctologia registrado no CRM\" data-balloon-pos=\"up\">M\u00c9DICO CIRURGI\u00c3O COLOPROCTOLOGISTA<\/span><\/td>\r\n<td class=\"cvagas\">1 + CR<\/td>\r\n<td class=\"cremuneracao\">R$ 122,85 \/12 a 36h<\/td>\r\n<\/tr><tr>\r\n<td class=\"ccargos\">\r\n<span data-balloon-length=\"medium\" aria-label=\"Ensino Superior em Medicina, Registro no CRM do Paran\u00e1, Resid\u00eancia M\u00e9dica em Dermatologia ou T\u00edtulo de Especialista em Dermatologia registrado no CRM\" data-balloon-pos=\"up\">M\u00c9DICO DERMATOLOGISTA<\/span><\/td>\r\n<td class=\"cvagas\">CR<\/td>\r\n<td class=\"cremuneracao\">R$ 122,85 \/12 a 36h<\/td>\r\n<\/tr><tr>\r\n<td class=\"ccargos\">\r\n<span data-balloon-length=\"medium\" aria-label=\"Ensino Superior em Medicina, Registro no CRM do Paran\u00e1, Resid\u00eancia M\u00e9dica em Radiologia e Diagn\u00f3stico por Imagem ou T\u00edtulo de Especialista em Radiologia e Diagn\u00f3stico por Imagem registrado no CRM\" data-balloon-pos=\"up\">M\u00c9DICO DIAGN\u00d3STICO POR IMAGEM \u2013 ULTRASSONOGRAFIA GERAL<\/span><\/td>\r\n<td class=\"cvagas\">CR<\/td>\r\n<td class=\"cremuneracao\">R$ 122,85 \/12 a 36h<\/td>\r\n<\/tr><tr>\r\n<td class=\"ccargos\">\r\n<span data-balloon-length=\"medium\" aria-label=\"Ensino Superior em Medicina, Registro no CRM do Paran\u00e1, Resid\u00eancia M\u00e9dica em Cl\u00ednica M\u00e9dica ou Cirurgia Geral e em Endoscopia ou T\u00edtulo de Especialista em Endoscopia registrado no CRM\" data-balloon-pos=\"up\">M\u00c9DICO ENDOSCOPIA DIGESTIVA<\/span><\/td>\r\n<td class=\"cvagas\">2 + CR<\/td>\r\n<td class=\"cremuneracao\">R$ 122,85 \/12 a 36h<\/td>\r\n<\/tr><tr>\r\n<td class=\"ccargos\">\r\n<span data-balloon-length=\"medium\" aria-label=\"Ensino Superior em Medicina, Registro no CRM do Paran\u00e1, Resid\u00eancia M\u00e9dica em Gastroenterologia ou T\u00edtulo de Especialista em Gastroenterologia registrado no CRM\" data-balloon-pos=\"up\">M\u00c9DICO GASTROENTEROLOGISTA<\/span><\/td>\r\n<td class=\"cvagas\">CR<\/td>\r\n<td class=\"cremuneracao\">R$ 122,85 \/12 a 36h<\/td>\r\n<\/tr><tr>\r\n<td class=\"ccargos\">\r\n<span data-balloon-length=\"medium\" aria-label=\"Ensino Superior em Medicina, Registro no CRM do Paran\u00e1, Resid\u00eancia M\u00e9dica em Pediatria e em Gastroenterologia Pedi\u00e1trica ou T\u00edtulo de Especialista em Gastroenterologia Pedi\u00e1trica registrado no CRM\" data-balloon-pos=\"up\">M\u00c9DICO GASTROENTEROLOGISTA PEDI\u00c1TRICO<\/span><\/td>\r\n<td class=\"cvagas\">CR<\/td>\r\n<td class=\"cremuneracao\">R$ 122,85 \/12 a 36h<\/td>\r\n<\/tr><tr>\r\n<td class=\"ccargos\">\r\n<span data-balloon-length=\"medium\" aria-label=\"Ensino Superior em Medicina, Registro no CRM do Paran\u00e1, Resid\u00eancia M\u00e9dica em Geriatria ou T\u00edtulo de Especialista em Geriatria registrado no CRM\" data-balloon-pos=\"up\">M\u00c9DICO GERIATRA<\/span><\/td>\r\n<td class=\"cvagas\">1 + CR<\/td>\r\n<td class=\"cremuneracao\">R$ 122,85 \/12 a 36h<\/td>\r\n<\/tr><tr>\r\n<td class=\"ccargos\">\r\n<span data-balloon-length=\"medium\" aria-label=\"Ensino Superior em Medicina, Registro no CRM do Paran\u00e1, Resid\u00eancia M\u00e9dica em Ginecologia e Obstetr\u00edcia ou T\u00edtulo de Especialista em Ginecologia e Obstetr\u00edcia registrado no CRM\" data-balloon-pos=\"up\">M\u00c9DICO GINECOLOGISTA E OBSTETRA<\/span><\/td>\r\n<td class=\"cvagas\">1 + CR<\/td>\r\n<td class=\"cremuneracao\">R$ 122,85 \/12 a 36h<\/td>\r\n<\/tr><tr>\r\n<td class=\"ccargos\">\r\n<span data-balloon-length=\"medium\" aria-label=\"Ensino Superior em Medicina, Registro no CRM do Paran\u00e1, Resid\u00eancia M\u00e9dica em Medicina Intensiva ou T\u00edtulo de Especialista em Medicina Intensiva registrado no CRM\" data-balloon-pos=\"up\">M\u00c9DICO INTENSIVISTA<\/span><\/td>\r\n<td class=\"cvagas\">1 + CR<\/td>\r\n<td class=\"cremuneracao\">R$ 122,85 \/12 a 36h<\/td>\r\n<\/tr><tr>\r\n<td class=\"ccargos\">\r\n<span data-balloon-length=\"medium\" aria-label=\"Ensino Superior em Medicina, Registro no CRM do Paran\u00e1, Resid\u00eancia M\u00e9dica em Medicina Preventiva e Social ou T\u00edtulo de Especialista em Medicina Preventiva e Social registrado no CRM\" data-balloon-pos=\"up\">M\u00c9DICO \u2013 MEDICINA PREVENTIVA E SOCIAL<\/span><\/td>\r\n<td class=\"cvagas\">1 + CR<\/td>\r\n<td class=\"cremuneracao\">R$ 122,85 \/12 a 36h<\/td>\r\n<\/tr><tr>\r\n<td class=\"ccargos\">\r\n<span data-balloon-length=\"medium\" aria-label=\"Ensino Superior em Medicina, Registro no CRM do Paran\u00e1, Resid\u00eancia M\u00e9dica em Pediatria e em Neurologia Pedi\u00e1trica ou T\u00edtulo de Especialista em Neurologia Pedi\u00e1trica registrado no CRM\" data-balloon-pos=\"up\">M\u00c9DICO NEUROLOGISTA PEDI\u00c1TRICO<\/span><\/td>\r\n<td class=\"cvagas\">2 + CR<\/td>\r\n<td class=\"cremuneracao\">R$  \/12 a 36h<\/td>\r\n<\/tr><tr>\r\n<td class=\"ccargos\">\r\n<span data-balloon-length=\"medium\" aria-label=\"Ensino Superior em Medicina, Registro no CRM do Paran\u00e1, Resid\u00eancia M\u00e9dica em Otorrinolaringologia ou T\u00edtulo de Especialista em Otorrinolaringologia registrado no CRM\" data-balloon-pos=\"up\">M\u00c9DICO OTORRINOLARINGOLOGISTA<\/span><\/td>\r\n<td class=\"cvagas\">CR<\/td>\r\n<td class=\"cremuneracao\">R$ 122,85 \/12 a 36h<\/td>\r\n<\/tr><tr>\r\n<td class=\"ccargos\">\r\n<span data-balloon-length=\"medium\" aria-label=\"Ensino Superior em Medicina, Registro no CRM do Paran\u00e1, Resid\u00eancia M\u00e9dica em Pneumologia ou T\u00edtulo de Especialista em Pneumologia registrado no CRM\" data-balloon-pos=\"up\">M\u00c9DICO PNEUMOLOGISTA<\/span><\/td>\r\n<td class=\"cvagas\">1 + CR<\/td>\r\n<td class=\"cremuneracao\">R$ 122,85 \/12 a 36h<\/td>\r\n<\/tr><tr>\r\n<td class=\"ccargos\">\r\n<span data-balloon-length=\"medium\" aria-label=\"Ensino Superior em Medicina, Registro no CRM do Paran\u00e1, Resid\u00eancia M\u00e9dica em Psiquiatria ou T\u00edtulo de Especialista em Psiquiatria registrado no CRM\" data-balloon-pos=\"up\">M\u00c9DICO PSIQUIATRA<\/span><\/td>\r\n<td class=\"cvagas\">6 + CR<\/td>\r\n<td class=\"cremuneracao\">R$ 122,85 \/12 a 36h<\/td>\r\n<\/tr><tr>\r\n<td class=\"ccargos\">\r\n<span data-balloon-length=\"medium\" aria-label=\"Ensino Superior em Medicina, Registro no CRM do Paran\u00e1, Resid\u00eancia M\u00e9dica em Radiologia e Diagn\u00f3stico por Imagem ou T\u00edtulo de Especialista em Radiologia e Diagn\u00f3stico por Imagem registrado no CRM\" data-balloon-pos=\"up\">M\u00c9DICO RADIOLOGISTA E DIAGN\u00d3STICO POR IMAGEM<\/span><\/td>\r\n<td class=\"cvagas\">1 + CR<\/td>\r\n<td class=\"cremuneracao\">R$ 122,85 \/12 a 36h<\/td>\r\n<\/tr><tr>\r\n<td class=\"ccargos\">\r\n<span data-balloon-length=\"medium\" aria-label=\"Ensino Superior em Medicina, Registro no CRM do Paran\u00e1, Resid\u00eancia M\u00e9dica em Radiologia e Diagn\u00f3stico por Imagem, e Experi\u00eancia comprovada em Angiotomografia ou T\u00edtulo de Especialista em Radiologia e Diagn\u00f3stico por Imagem registrado no CRM\" data-balloon-pos=\"up\">M\u00c9DICO RADIOLOGISTA E DIAGN\u00d3STICO POR IMAGEM \u2013 COM EXPERI\u00caNCIA EM ANGIOTOMOGRAFIA<\/span><\/td>\r\n<td class=\"cvagas\">1 + CR<\/td>\r\n<td class=\"cremuneracao\">R$ 122,85 \/12 a 36h<\/td>\r\n<\/tr><tr>\r\n<td class=\"ccargos\">\r\n<span data-balloon-length=\"medium\" aria-label=\"Ensino Superior completo em Musicoterapia com registro profissional\" data-balloon-pos=\"up\">MUSICOTERAPEUTA<\/span><\/td>\r\n<td class=\"cvagas\">CR<\/td>\r\n<td class=\"cremuneracao\">R$ 3.930,53 \/30h<\/td>\r\n<\/tr><tr>\r\n<td class=\"ccargos\">\r\n<span data-balloon-length=\"medium\" aria-label=\"Ensino Superior em Medicina, Registro no CRM do Paran\u00e1, Resid\u00eancia M\u00e9dica em Ginecologia e Obstetr\u00edcia e Experi\u00eancia em Ultrassonografia ou T\u00edtulo de Especialista em Ginecologia e Obstetr\u00edcia registrado no CRM\" data-balloon-pos=\"up\">M\u00c9DICO \u2013 ULTRASSONOGRAFIA EM GINECOLOGIA E OBSTETR\u00cdCIA<\/span><\/td>\r\n<td class=\"cvagas\">1 + CR<\/td>\r\n<td class=\"cremuneracao\">R$ 122,85 \/12 a 36h<\/td>\r\n<\/tr><tr>\r\n<td class=\"ccargos\">\r\n<span data-balloon-length=\"medium\" aria-label=\"Ensino Superior completo em Psicologia com Registro Profissional no Conselho de Classe do Estado do Paran\u00e1\" data-balloon-pos=\"up\">PSIC\u00d3LOGO CL\u00cdNICO<\/span><\/td>\r\n<td class=\"cvagas\">5 + CR<\/td>\r\n<td class=\"cremuneracao\">R$ 4.460,02 \/36h<\/td>\r\n<\/tr><tr>\r\n<td class=\"ccargos\">\r\n<span data-balloon-length=\"medium\" aria-label=\"Ensino Superior completo em Terapia Ocupacional com Registro Profissional no Conselho de Classe do Estado do Paran\u00e1\" data-balloon-pos=\"up\">TERAPEUTA OCUPACIONAL<\/span><\/td>\r\n<td class=\"cvagas\">5 + CR<\/td>\r\n<td class=\"cremuneracao\">R$ 3.930,53 \/30h<\/td>\r\n<\/tr>\r\n    <\/tbody>\r\n  <\/table>\r\n<\/div>"},"_links":{"self":[{"href":"https:\/\/www.agrobase.com.br\/concursos\/wp-json\/wp\/v2\/posts\/276329","targetHints":{"allow":["GET"]}}],"collection":[{"href":"https:\/\/www.agrobase.com.br\/concursos\/wp-json\/wp\/v2\/posts"}],"about":[{"href":"https:\/\/www.agrobase.com.br\/concursos\/wp-json\/wp\/v2\/types\/post"}],"author":[{"embeddable":true,"href":"https:\/\/www.agrobase.com.br\/concursos\/wp-json\/wp\/v2\/users\/7"}],"replies":[{"embeddable":true,"href":"https:\/\/www.agrobase.com.br\/concursos\/wp-json\/wp\/v2\/comments?post=276329"}],"version-history":[{"count":4,"href":"https:\/\/www.agrobase.com.br\/concursos\/wp-json\/wp\/v2\/posts\/276329\/revisions"}],"predecessor-version":[{"id":276900,"href":"https:\/\/www.agrobase.com.br\/concursos\/wp-json\/wp\/v2\/posts\/276329\/revisions\/276900"}],"wp:featuredmedia":[{"embeddable":true,"href":"https:\/\/www.agrobase.com.br\/concursos\/wp-json\/wp\/v2\/media\/276328"}],"wp:attachment":[{"href":"https:\/\/www.agrobase.com.br\/concursos\/wp-json\/wp\/v2\/media?parent=276329"}],"wp:term":[{"taxonomy":"category","embeddable":true,"href":"https:\/\/www.agrobase.com.br\/concursos\/wp-json\/wp\/v2\/categories?post=276329"},{"taxonomy":"post_tag","embeddable":true,"href":"https:\/\/www.agrobase.com.br\/concursos\/wp-json\/wp\/v2\/tags?post=276329"},{"taxonomy":"_amplo","embeddable":true,"href":"https:\/\/www.agrobase.com.br\/concursos\/wp-json\/wp\/v2\/_amplo?post=276329"},{"taxonomy":"destaque","embeddable":true,"href":"https:\/\/www.agrobase.com.br\/concursos\/wp-json\/wp\/v2\/destaque?post=276329"},{"taxonomy":"instituicoes","embeddable":true,"href":"https:\/\/www.agrobase.com.br\/concursos\/wp-json\/wp\/v2\/instituicoes?post=276329"}],"curies":[{"name":"wp","href":"https:\/\/api.w.org\/{rel}","templated":true}]}}