{"id":276262,"date":"2026-01-02T07:10:47","date_gmt":"2026-01-02T10:10:47","guid":{"rendered":"https:\/\/www.agrobase.com.br\/concursos\/?p=276262"},"modified":"2026-01-01T17:15:38","modified_gmt":"2026-01-01T20:15:38","slug":"prefeitura-goiana-mg-concurso-001-2025","status":"publish","type":"post","link":"https:\/\/www.agrobase.com.br\/concursos\/2026\/prefeitura-goiana-mg-concurso-001-2025\/","title":{"rendered":"Prefeitura Goian\u00e1 (MG) &#8211; Concurso 001\/2025"},"content":{"rendered":"<h2>Informa\u00e7\u00f5es Gerais<\/h2>\n<p>A <strong>Prefeitura Municipal de Goian\u00e1<\/strong>, no estado de Minas Gerais, publicou o edital n\u00ba 001\/2025 para a realiza\u00e7\u00e3o de um novo Concurso P\u00fablico. O certame, organizado pelo <strong>Instituto IMESO<\/strong>, visa o preenchimento imediato de <strong>24 vagas<\/strong>, al\u00e9m da forma\u00e7\u00e3o de cadastro reserva, sob o regime estatut\u00e1rio, que garante estabilidade ao servidor.<\/p>\n<p>As oportunidades contemplam candidatos com n\u00edveis de escolaridade <strong>Fundamental, M\u00e9dio, T\u00e9cnico e Superior<\/strong>. As vagas est\u00e3o distribu\u00eddas entre setores administrativos, operacionais, de sa\u00fade e educa\u00e7\u00e3o. Para os leitores da nossa \u00e1rea, destacamos a oportunidade para <strong>Nutricionista Escolar<\/strong>, al\u00e9m de vagas para Assistente Social, Psic\u00f3logo, Enfermeiro, M\u00e9dico, entre outros.<\/p>\n<p>Com remunera\u00e7\u00f5es que podem chegar a <strong>R$ 17.189,28<\/strong>, esta \u00e9 uma excelente chance para ingressar no servi\u00e7o p\u00fablico municipal. Confira a seguir os detalhes sobre prazos, etapas e requisitos.<\/p>\n<h2>Inscri\u00e7\u00f5es<\/h2>\n<p>As inscri\u00e7\u00f5es para o Concurso P\u00fablico de Goian\u00e1\/MG estar\u00e3o abertas entre os dias <strong>02 de mar\u00e7o e 02 de abril de 2026<\/strong>. O processo deve ser realizado preferencialmente pela internet, no site da banca organizadora, o <strong>Instituto IMESO<\/strong>.<\/p>\n<p>Para os candidatos que n\u00e3o possuem acesso \u00e0 internet, haver\u00e1 um ponto de inscri\u00e7\u00e3o presencial na sede da Prefeitura Municipal (Av. 21 de Dezembro, 850, Centro), funcionando em dias \u00fateis das 08h30 \u00e0s 10h30 e das 12h \u00e0s 16h30.<\/p>\n<p>A efetiva\u00e7\u00e3o da inscri\u00e7\u00e3o ocorre mediante o pagamento do boleto banc\u00e1rio at\u00e9 a data de vencimento. Candidatos que se enquadrem nos crit\u00e9rios de isen\u00e7\u00e3o da taxa (hipossufici\u00eancia financeira) poder\u00e3o solicitar o benef\u00edcio exclusivamente entre os dias <strong>02 e 04 de mar\u00e7o de 2026<\/strong>, conforme as regras estipuladas no edital.<\/p>\n<p>\u00c9 fundamental que o candidato acompanhe a homologa\u00e7\u00e3o de sua inscri\u00e7\u00e3o na \u00e1rea restrita do site da organizadora e leia atentamente o edital completo antes de efetuar o pagamento.<\/p>\n<h2>Etapas e Provas<\/h2>\n<p>O processo seletivo ser\u00e1 composto por diferentes etapas, variando conforme o cargo pretendido. A etapa comum a todos os candidatos \u00e9 a <strong>Prova Objetiva<\/strong>, de car\u00e1ter eliminat\u00f3rio e classificat\u00f3rio, prevista para ser aplicada no dia <strong>17 de maio de 2026<\/strong>.<\/p>\n<p>Confira os detalhes das avalia\u00e7\u00f5es:<\/p>\n<ul>\n<li><strong>Prova Objetiva (Todos os cargos):<\/strong> Composta por 30 quest\u00f5es de m\u00faltipla escolha (A, B, C, D). Ter\u00e1 dura\u00e7\u00e3o de 2h30. Para ser aprovado, o candidato deve obter no m\u00ednimo 50% do total de pontos, n\u00e3o zerar a prova, acertar pelo menos 40% de L\u00edngua Portuguesa e 50% de Conhecimentos Espec\u00edficos (ou Matem\u00e1tica, quando n\u00e3o houver espec\u00edficos).<\/li>\n<li><strong>Prova Pr\u00e1tica (Eliminat\u00f3ria):<\/strong> Exclusiva para os cargos de Motorista, Pedreiro e Operador de M\u00e1quinas Pesadas. Ser\u00e1 avaliada na escala de 0 a 100 pontos, exigindo aproveitamento m\u00ednimo de 50%.<\/li>\n<li><strong>Prova de T\u00edtulos (Classificat\u00f3ria):<\/strong> Destinada exclusivamente aos cargos de N\u00edvel Superior da \u00c1rea da Educa\u00e7\u00e3o. A pontua\u00e7\u00e3o m\u00e1xima \u00e9 de 4 pontos.<\/li>\n<\/ul>\n<p>Recomendamos a leitura minuciosa do conte\u00fado program\u00e1tico no edital para um direcionamento adequado dos estudos.<\/p>\n<h2>Resultados e Gabarito<\/h2>\n<p>O cronograma prev\u00ea a divulga\u00e7\u00e3o dos <strong>gabaritos oficiais<\/strong> preliminares no dia <strong>18 de maio de 2026<\/strong>, a partir das 14h. Os candidatos poder\u00e3o interpor recursos contra os gabaritos entre os dias 19 e 21 de maio de 2026, atrav\u00e9s da \u00e1rea do candidato no site do IMESO.<\/p>\n<p>A divulga\u00e7\u00e3o dos resultados seguir\u00e1 a seguinte ordem:<\/p>\n<ul>\n<li><strong>Resultado das Provas Objetivas:<\/strong> Previsto para 11 de junho de 2026.<\/li>\n<li><strong>Resultado Final (Homologa\u00e7\u00e3o):<\/strong> Para a maioria dos cargos, a previs\u00e3o \u00e9 26 de junho de 2026. Para os cargos que exigem Prova Pr\u00e1tica ou de T\u00edtulos (N\u00edvel Superior da Educa\u00e7\u00e3o), o resultado final est\u00e1 previsto para <strong>21 de julho de 2026<\/strong>.<\/li>\n<\/ul>\n<p>Em caso de empate na pontua\u00e7\u00e3o final, ter\u00e3o prefer\u00eancia os candidatos com idade igual ou superior a 60 anos, seguidos por aqueles com maior nota em Conhecimentos Espec\u00edficos, Matem\u00e1tica\/Racioc\u00ednio L\u00f3gico e L\u00edngua Portuguesa, sucessivamente.<\/p>\n<p>Lembramos que \u00e9 de inteira responsabilidade do candidato acompanhar as publica\u00e7\u00f5es oficiais, convoca\u00e7\u00f5es e eventuais retifica\u00e7\u00f5es diretamente no site da banca organizadora e no quadro de avisos da Prefeitura.<\/p>\n","protected":false},"excerpt":{"rendered":"<p>Concurso Pref. Goian\u00e1 (MG) com edital publicado! Vagas p\/ Professor, M\u00e9dico (Fund. a Sup.). Inscri\u00e7\u00f5es a partir de 02\/03. Sal\u00e1rios at\u00e9 R$17.1k. Confira detalhes!<\/p>\n","protected":false},"author":5229,"featured_media":276261,"comment_status":"open","ping_status":"open","sticky":false,"template":"","format":"standard","meta":{"_acf_changed":false,"_breakdance_hide_in_design_set":false,"_breakdance_tags":"","footnotes":""},"categories":[6434,12,19,21,23,24,25,26,101,108],"tags":[50],"_amplo":[],"destaque":[],"instituicoes":[],"class_list":["post-276262","post","type-post","status-publish","format-standard","has-post-thumbnail","hentry","category-educacao-fisica-licenciatura","category-enfermagem","category-fonoaudiologia","category-medicina","category-nutricao","category-odontologia","category-pedagogia","category-psicologia","category-servico-social","category-tecnico-enfermagem","tag-minas-gerais"],"acf":{"_tipo_vagas":"vagas","_numero_vagas":"","_quadro_vagas":"","_cargos":"diversos","_cargos_especificos":"","_salario_max":"R$ 17189.28","_abertura":"20260302","_encerramento":"20260402","_inscricoes":"https:\/\/portal.imeso.com.br\/","_executora_concurso":"","_instituicao_concurso":[],"_link_adicional":null,"_anexos":null,"_produtos":null,"_vagas":"24 vagas","_salario_min":"R$ 1518","_instituicao":"Prefeitura Municipal de Goian\u00e1","_edital":"https:\/\/www.agrobase.com.br\/concursos\/wp-content\/uploads\/sites\/4\/2026\/01\/edital-001-2025-prefeitura-goiana-mg.pdf","_anexos_edital":"","_fund_incompleto":"","_fund_completo":"<div>\r\n<table class=\"quadro\">\r\n<thead>\r\n<tr>\r\n<th class=\"hcargo\">Cargo<\/th>\r\n<th class=\"hvagas\">Vagas<\/th>\r\n<th class=\"hremuneracao\">Remunera\u00e7\u00e3o<\/th>\r\n<\/tr>\r\n<\/thead>\r\n    <tbody>\r\n      <td class=\"ccargos\">\r\n<span data-balloon-length=\"medium\" aria-label=\"Ensino Fundamental Completo\" data-balloon-pos=\"up\">PROFISSIONAL DE LIMPEZA<\/span><\/td>\r\n<td class=\"cvagas\">05<\/td>\r\n<td class=\"cremuneracao\">R$ 1.518,00 \/40h<\/td>\r\n<\/tr><td class=\"ccargos\">\r\n<span data-balloon-length=\"medium\" aria-label=\"Ensino Fundamental Completo\" data-balloon-pos=\"up\">PEDREIRO<\/span><\/td>\r\n<td class=\"cvagas\">01<\/td>\r\n<td class=\"cremuneracao\">R$ 1.832,56 \/40h<\/td>\r\n<\/tr><td class=\"ccargos\">\r\n<span data-balloon-length=\"medium\" aria-label=\"Ensino Fundamental Completo\" data-balloon-pos=\"up\">OPERADOR DE M\u00c1QUINAS PESADAS + CNH<\/span><\/td>\r\n<td class=\"cvagas\">01<\/td>\r\n<td class=\"cremuneracao\">R$ 2.235,57 \/40h<\/td>\r\n<\/tr><td class=\"ccargos\">\r\n<span data-balloon-length=\"medium\" aria-label=\"Ensino Fundamental Completo\" data-balloon-pos=\"up\">AUXILIAR DE SERVI\u00c7O DA ESCOLA B\u00c1SICA<\/span><\/td>\r\n<td class=\"cvagas\">02<\/td>\r\n<td class=\"cremuneracao\">R$ 1.518,00 \/30h<\/td>\r\n<\/tr>\r\n    <\/tbody>\r\n  <\/table>\r\n<\/div>","_medio":"<div>\r\n<table class=\"quadro\">\r\n<thead>\r\n<tr>\r\n<th class=\"hcargo\">Cargo<\/th>\r\n<th class=\"hvagas\">Vagas<\/th>\r\n<th class=\"hremuneracao\">Remunera\u00e7\u00e3o<\/th>\r\n<\/tr>\r\n<\/thead>\r\n    <tbody>\r\n      <td class=\"ccargos\">\r\n<span data-balloon-length=\"medium\" aria-label=\"Ensino M\u00e9dio Completo\" data-balloon-pos=\"up\">ASSISTENTE ADMINISTRATIVO<\/span><\/td>\r\n<td class=\"cvagas\">01<\/td>\r\n<td class=\"cremuneracao\">R$ 1.691,59 \/40h<\/td>\r\n<\/tr><td class=\"ccargos\">\r\n<span data-balloon-length=\"medium\" aria-label=\"Ensino M\u00e9dio Completo\" data-balloon-pos=\"up\">MOTORISTA + CNH<\/span><\/td>\r\n<td class=\"cvagas\">01<\/td>\r\n<td class=\"cremuneracao\">R$ 2.255,43 \/40h<\/td>\r\n<\/tr><td class=\"ccargos\">\r\n<span data-balloon-length=\"medium\" aria-label=\"Curso T\u00e9cnico de Enfermagem com Registro no \u00d3rg\u00e3o Competente (COREN)\" data-balloon-pos=\"up\">T\u00c9CNICO DE ENFERMAGEM<\/span><\/td>\r\n<td class=\"cvagas\">01<\/td>\r\n<td class=\"cremuneracao\">R$ 4.002,60 \/40h<\/td>\r\n<\/tr><td class=\"ccargos\">\r\n<span data-balloon-length=\"medium\" aria-label=\"Ensino M\u00e9dio Completo\" data-balloon-pos=\"up\">AUXILIAR DA SECRETARIA MUNICIPAL DE EDUCA\u00c7\u00c3O<\/span><\/td>\r\n<td class=\"cvagas\">CR<\/td>\r\n<td class=\"cremuneracao\">R$ 1.518,00 \/40h<\/td>\r\n<\/tr><td class=\"ccargos\">\r\n<span data-balloon-length=\"medium\" aria-label=\"Ensino M\u00e9dio Completo\" data-balloon-pos=\"up\">AUXILIAR DE SECRETARIA<\/span><\/td>\r\n<td class=\"cvagas\">CR<\/td>\r\n<td class=\"cremuneracao\">R$ 1.518,00 \/30h<\/td>\r\n<\/tr><td class=\"ccargos\">\r\n<span data-balloon-length=\"medium\" aria-label=\"Ensino M\u00e9dio Completo\" data-balloon-pos=\"up\">SECRET\u00c1RIO ESCOLAR<\/span><\/td>\r\n<td class=\"cvagas\">01<\/td>\r\n<td class=\"cremuneracao\">R$ 1.708,67 \/30h<\/td>\r\n<\/tr><td class=\"ccargos\">\r\n<span data-balloon-length=\"medium\" aria-label=\"Ensino M\u00e9dio, com forma\u00e7\u00e3o de Magist\u00e9rio ou com forma\u00e7\u00e3o de Cuidador Infantil\" data-balloon-pos=\"up\">MONITOR DE CRECHE<\/span><\/td>\r\n<td class=\"cvagas\">01<\/td>\r\n<td class=\"cremuneracao\">R$ 1.691,59 \/25h<\/td>\r\n<\/tr>\r\n    <\/tbody>\r\n  <\/table>\r\n<\/div>","_superior":"<div>\r\n<table class=\"quadro\">\r\n<thead>\r\n<tr>\r\n<th class=\"hcargo\">Cargo<\/th>\r\n<th class=\"hvagas\">Vagas<\/th>\r\n<th class=\"hremuneracao\">Remunera\u00e7\u00e3o<\/th>\r\n<\/tr>\r\n<\/thead>\r\n    <tbody>\r\n      <tr>\r\n<td class=\"ccargos\">\r\n<span data-balloon-length=\"medium\" aria-label=\"Diploma de gradua\u00e7\u00e3o em Assist\u00eancia Social e registro ativo no Conselho Regional de Servi\u00e7o Social (CRESS)\" data-balloon-pos=\"up\">ASSISTENTE SOCIAL PSE<\/span><\/td>\r\n<td class=\"cvagas\">01<\/td>\r\n<td class=\"cremuneracao\">R$ 2.819,34 \/30h<\/td>\r\n<\/tr><tr>\r\n<td class=\"ccargos\">\r\n<span data-balloon-length=\"medium\" aria-label=\"Diploma de gradua\u00e7\u00e3o em Assist\u00eancia Social e registro ativo no Conselho Regional de Servi\u00e7o Social (CRESS)\" data-balloon-pos=\"up\">ASISTENTE SOCIAL PSB<\/span><\/td>\r\n<td class=\"cvagas\">01<\/td>\r\n<td class=\"cremuneracao\">R$ 2.819,34 \/30h<\/td>\r\n<\/tr><tr>\r\n<td class=\"ccargos\">\r\n<span data-balloon-length=\"medium\" aria-label=\"Curso Superior em Servi\u00e7o Social, com registro no respectivo \u00d3rg\u00e3o competente (CRESS)\" data-balloon-pos=\"up\">ASSISTENTE SOCIAL ESCOLAR<\/span><\/td>\r\n<td class=\"cvagas\">01<\/td>\r\n<td class=\"cremuneracao\">R$ 2.819,34 \/30h<\/td>\r\n<\/tr><tr>\r\n<td class=\"ccargos\">\r\n<span data-balloon-length=\"medium\" aria-label=\"Diploma de gradua\u00e7\u00e3o em Psicologia e registro ativo no Conselho Regional de Psicologia (CRP)\" data-balloon-pos=\"up\">PSIC\u00d3LOGO PSE<\/span><\/td>\r\n<td class=\"cvagas\">01<\/td>\r\n<td class=\"cremuneracao\">R$ 2.819,34 \/30h<\/td>\r\n<\/tr><tr>\r\n<td class=\"ccargos\">\r\n<span data-balloon-length=\"medium\" aria-label=\"Diploma de gradua\u00e7\u00e3o em Psicologia e registro ativo no Conselho Regional de Psicologia (CRP)\" data-balloon-pos=\"up\">PSIC\u00d3LOGO PSB<\/span><\/td>\r\n<td class=\"cvagas\">01<\/td>\r\n<td class=\"cremuneracao\">R$ 2.819,34 \/30h<\/td>\r\n<\/tr><tr>\r\n<td class=\"ccargos\">\r\n<span data-balloon-length=\"medium\" aria-label=\"Curso Superior em Psicologia, com registro no \u00d3rg\u00e3o competente\" data-balloon-pos=\"up\">PSIC\u00d3LOGO<\/span><\/td>\r\n<td class=\"cvagas\">CR<\/td>\r\n<td class=\"cremuneracao\">R$ 2.819,34 \/20h<\/td>\r\n<\/tr><tr>\r\n<td class=\"ccargos\">\r\n<span data-balloon-length=\"medium\" aria-label=\"Curso Superior em Psicologia, com registro de Psic\u00f3logo no respectivo Conselho (CRP)\" data-balloon-pos=\"up\">PSIC\u00d3LOGO ESCOLAR<\/span><\/td>\r\n<td class=\"cvagas\">01<\/td>\r\n<td class=\"cremuneracao\">R$ 2.819,34 \/30h<\/td>\r\n<\/tr><tr>\r\n<td class=\"ccargos\">\r\n<span data-balloon-length=\"medium\" aria-label=\"Curso Superior em Odontologia com registro no \u00d3rg\u00e3o Competente (CRO)\" data-balloon-pos=\"up\">CIRURGI\u00c3O DENTISTA PLENO<\/span><\/td>\r\n<td class=\"cvagas\">01<\/td>\r\n<td class=\"cremuneracao\">R$ 3.366,26 \/20h<\/td>\r\n<\/tr><tr>\r\n<td class=\"ccargos\">\r\n<span data-balloon-length=\"medium\" aria-label=\"Curso Superior em Enfermagem com registro no \u00d3rg\u00e3o Competente.\" data-balloon-pos=\"up\">ENFERMEIRO<\/span><\/td>\r\n<td class=\"cvagas\">CR<\/td>\r\n<td class=\"cremuneracao\">R$ 5.718,00 \/40h<\/td>\r\n<\/tr><tr>\r\n<td class=\"ccargos\">\r\n<span data-balloon-length=\"medium\" aria-label=\"Curso Superior em Pedagogia ou Curso normal Superior\" data-balloon-pos=\"up\">PROFESSOR DOS ANOS INICIAIS DO ENSINO FUNDAMENTAL (1\u00b0 AO 5\u00b0 ANO)<\/span><\/td>\r\n<td class=\"cvagas\">02<\/td>\r\n<td class=\"cremuneracao\">R$ 3.042,27 \/25h<\/td>\r\n<\/tr><tr>\r\n<td class=\"ccargos\">\r\n<span data-balloon-length=\"medium\" aria-label=\"Licenciatura em Educa\u00e7\u00e3o F\u00edsica\" data-balloon-pos=\"up\">PROFESSOR DE EDUCA\u00c7\u00c3O F\u00cdSICA ESCOLAR<\/span><\/td>\r\n<td class=\"cvagas\">01<\/td>\r\n<td class=\"cremuneracao\">R$ 3.042,27 \/25h<\/td>\r\n<\/tr><tr>\r\n<td class=\"ccargos\">\r\n<span data-balloon-length=\"medium\" aria-label=\"Curso Superior em Pedagogia ou Curso Normal Superior\" data-balloon-pos=\"up\">PROFESSOR DE EDUCA\u00c7\u00c3O INFANTIL<\/span><\/td>\r\n<td class=\"cvagas\">01<\/td>\r\n<td class=\"cremuneracao\">R$ 3.042,27 \/25h<\/td>\r\n<\/tr><tr>\r\n<td class=\"ccargos\">\r\n<span data-balloon-length=\"medium\" aria-label=\"Curso Superior em Nutri\u00e7\u00e3o com Registro no \u00d3rg\u00e3o Competente\" data-balloon-pos=\"up\">NUTRICIONISTA ESCOLAR<\/span><\/td>\r\n<td class=\"cvagas\">CR<\/td>\r\n<td class=\"cremuneracao\">R$ 2.255,43 \/20h<\/td>\r\n<\/tr><tr>\r\n<td class=\"ccargos\">\r\n<span data-balloon-length=\"medium\" aria-label=\"Curso de Pedagogia Com Habilita\u00e7\u00e3o e Supervis\u00e3o Escolar, para o exerc\u00edcio nas escolas de 1\u00ba grau, com obrigatoriedade de est\u00e1gio supervisionado de no m\u00ednimo 110 horas, na \u00e1rea correspondente a habilita\u00e7\u00e3o.\" data-balloon-pos=\"up\">SUPERVISOR PEDAG\u00d3GICO<\/span><\/td>\r\n<td class=\"cvagas\">CR<\/td>\r\n<td class=\"cremuneracao\">R$ 3.417,37 \/20h<\/td>\r\n<\/tr><tr>\r\n<td class=\"ccargos\">\r\n<span data-balloon-length=\"medium\" aria-label=\"Curso Superior em Pedagogia, Psicologia, Licenciatura ou Fonoaudiologia, com curso de especializa\u00e7\u00e3o em Psicopedagogia, com dura\u00e7\u00e3o m\u00ednima de 600 horas.\" data-balloon-pos=\"up\">PSICOPEDAGOGO<\/span><\/td>\r\n<td class=\"cvagas\">CR<\/td>\r\n<td class=\"cremuneracao\">R$ 3.417,37 \/25h<\/td>\r\n<\/tr><tr>\r\n<td class=\"ccargos\">\r\n<span data-balloon-length=\"medium\" aria-label=\"Curso Superior em Medicina com registro no \u00d3rg\u00e3o competente (CRM)\" data-balloon-pos=\"up\">M\u00c9DICO DA ESF<\/span><\/td>\r\n<td class=\"cvagas\">CR<\/td>\r\n<td class=\"cremuneracao\">R$ 17.189,28 \/40h<\/td>\r\n<\/tr><tr>\r\n<td class=\"ccargos\">\r\n<span data-balloon-length=\"medium\" aria-label=\"Curso Superior em Enfermagem, com registro no \u00d3rg\u00e3o competente (COREN)\" data-balloon-pos=\"up\">ENFERMEIRO DA ESF<\/span><\/td>\r\n<td class=\"cvagas\">CR<\/td>\r\n<td class=\"cremuneracao\">R$ 5.718,00 \/40h<\/td>\r\n<\/tr><tr>\r\n<td class=\"ccargos\">\r\n<span data-balloon-length=\"medium\" aria-label=\"Curso Superior em Odontologia, com registro no \u00d3rg\u00e3o competente (CRO)\" data-balloon-pos=\"up\">CIRURGI\u00c3O DENTISTA DA ESF<\/span><\/td>\r\n<td class=\"cvagas\">CR<\/td>\r\n<td class=\"cremuneracao\">R$ 6.733,80 \/40h<\/td>\r\n<\/tr>\r\n    <\/tbody>\r\n  <\/table>\r\n<\/div>"},"_links":{"self":[{"href":"https:\/\/www.agrobase.com.br\/concursos\/wp-json\/wp\/v2\/posts\/276262","targetHints":{"allow":["GET"]}}],"collection":[{"href":"https:\/\/www.agrobase.com.br\/concursos\/wp-json\/wp\/v2\/posts"}],"about":[{"href":"https:\/\/www.agrobase.com.br\/concursos\/wp-json\/wp\/v2\/types\/post"}],"author":[{"embeddable":true,"href":"https:\/\/www.agrobase.com.br\/concursos\/wp-json\/wp\/v2\/users\/5229"}],"replies":[{"embeddable":true,"href":"https:\/\/www.agrobase.com.br\/concursos\/wp-json\/wp\/v2\/comments?post=276262"}],"version-history":[{"count":2,"href":"https:\/\/www.agrobase.com.br\/concursos\/wp-json\/wp\/v2\/posts\/276262\/revisions"}],"predecessor-version":[{"id":276275,"href":"https:\/\/www.agrobase.com.br\/concursos\/wp-json\/wp\/v2\/posts\/276262\/revisions\/276275"}],"wp:featuredmedia":[{"embeddable":true,"href":"https:\/\/www.agrobase.com.br\/concursos\/wp-json\/wp\/v2\/media\/276261"}],"wp:attachment":[{"href":"https:\/\/www.agrobase.com.br\/concursos\/wp-json\/wp\/v2\/media?parent=276262"}],"wp:term":[{"taxonomy":"category","embeddable":true,"href":"https:\/\/www.agrobase.com.br\/concursos\/wp-json\/wp\/v2\/categories?post=276262"},{"taxonomy":"post_tag","embeddable":true,"href":"https:\/\/www.agrobase.com.br\/concursos\/wp-json\/wp\/v2\/tags?post=276262"},{"taxonomy":"_amplo","embeddable":true,"href":"https:\/\/www.agrobase.com.br\/concursos\/wp-json\/wp\/v2\/_amplo?post=276262"},{"taxonomy":"destaque","embeddable":true,"href":"https:\/\/www.agrobase.com.br\/concursos\/wp-json\/wp\/v2\/destaque?post=276262"},{"taxonomy":"instituicoes","embeddable":true,"href":"https:\/\/www.agrobase.com.br\/concursos\/wp-json\/wp\/v2\/instituicoes?post=276262"}],"curies":[{"name":"wp","href":"https:\/\/api.w.org\/{rel}","templated":true}]}}