{"id":276254,"date":"2026-01-02T07:30:08","date_gmt":"2026-01-02T10:30:08","guid":{"rendered":"https:\/\/www.agrobase.com.br\/concursos\/?p=276254"},"modified":"2026-01-01T17:44:06","modified_gmt":"2026-01-01T20:44:06","slug":"prefeitura-tangua-rj-concurso-02-2025","status":"publish","type":"post","link":"https:\/\/www.agrobase.com.br\/concursos\/2026\/prefeitura-tangua-rj-concurso-02-2025\/","title":{"rendered":"Prefeitura Tangu\u00e1 (RJ) &#8211; Concurso 02\/2025"},"content":{"rendered":"<h2>Informa\u00e7\u00f5es Gerais<\/h2>\n<p>A <strong>Prefeitura Municipal de Tangu\u00e1<\/strong>, no estado do Rio de Janeiro, torna p\u00fablica a realiza\u00e7\u00e3o de um novo Concurso P\u00fablico, regido pelo edital sob responsabilidade t\u00e9cnica e administrativa do <strong>Instituto IBDO de Gest\u00e3o e Projetos<\/strong>. O certame tem como objetivo o provimento de <strong>37 vagas imediatas<\/strong>, al\u00e9m da forma\u00e7\u00e3o de cadastro de reserva, para compor o quadro de servidores efetivos do Poder Executivo Municipal.<\/p>\n<p>As oportunidades s\u00e3o destinadas a profissionais de <strong>n\u00edvel superior<\/strong>, sob o Regime Jur\u00eddico dos Servidores P\u00fablicos (Estatut\u00e1rio), o que garante estabilidade empregat\u00edcia ap\u00f3s o est\u00e1gio probat\u00f3rio. As vagas contemplam diversas especialidades da \u00e1rea m\u00e9dica e, com destaque para as \u00e1reas de interesse do nosso portal, h\u00e1 oferta para o cargo de <strong>M\u00e9dico Veterin\u00e1rio<\/strong> (Vigil\u00e2ncia Ambiental). Continue a leitura para conferir os prazos, etapas e detalhes essenciais para sua prepara\u00e7\u00e3o.<\/p>\n<h2>Inscri\u00e7\u00f5es<\/h2>\n<p>As inscri\u00e7\u00f5es para o Concurso P\u00fablico de Tangu\u00e1 devem ser realizadas exclusivamente pela internet, atrav\u00e9s do site do organizador, o <strong>Instituto IBDO<\/strong>. \u00c9 fundamental que o candidato leia atentamente o edital antes de preencher o formul\u00e1rio eletr\u00f4nico, certificando-se de que atende a todos os requisitos exigidos para a investidura no cargo.<\/p>\n<p>Ap\u00f3s o preenchimento da ficha de inscri\u00e7\u00e3o, ser\u00e1 gerado um boleto banc\u00e1rio referente \u00e0 taxa de participa\u00e7\u00e3o, cujo valor varia conforme o n\u00edvel do cargo e deve ser consultado diretamente na tabela do edital. O pagamento do boleto deve ser efetuado at\u00e9 a data limite prevista no cronograma, sendo este o ato que efetiva a participa\u00e7\u00e3o no certame. Candidatos que necessitem solicitar isen\u00e7\u00e3o da taxa ou atendimento especial devem observar os prazos e regras espec\u00edficas detalhadas no documento oficial.<\/p>\n<p>Recomenda-se que, ap\u00f3s o pagamento, o candidato acesse a &#8220;\u00c1rea do Candidato&#8221; no site da banca para confirmar a homologa\u00e7\u00e3o de sua inscri\u00e7\u00e3o e acompanhar as futuras convoca\u00e7\u00f5es.<\/p>\n<h2>Etapas e Provas<\/h2>\n<p>A avalia\u00e7\u00e3o dos candidatos ser\u00e1 realizada em duas etapas distintas, visando mensurar tanto o conhecimento te\u00f3rico quanto a qualifica\u00e7\u00e3o profissional dos concorrentes. As fases s\u00e3o:<\/p>\n<ul>\n<li><strong>Prova Objetiva de M\u00faltipla Escolha:<\/strong> De car\u00e1ter eliminat\u00f3rio e classificat\u00f3rio para todos os cargos. A prova ser\u00e1 composta por <strong>30 quest\u00f5es<\/strong>, cada uma com quatro alternativas (A, B, C, D), abrangendo \u00e1reas de conhecimento definidas no edital. A dura\u00e7\u00e3o m\u00e1xima para realiza\u00e7\u00e3o do exame ser\u00e1 de 3 horas. Para ser aprovado, o candidato deve obter, no m\u00ednimo, <strong>50% da pontua\u00e7\u00e3o total<\/strong>.<\/li>\n<li><strong>Prova de T\u00edtulos:<\/strong> De car\u00e1ter apenas classificat\u00f3rio, aplicada a todos os cargos de n\u00edvel superior aprovados na etapa anterior. Ser\u00e3o pontuados cursos de P\u00f3s-Gradua\u00e7\u00e3o <em>Lato Sensu<\/em> (Especializa\u00e7\u00e3o), Mestrado e Doutorado, podendo somar at\u00e9 10 pontos na nota final.<\/li>\n<\/ul>\n<p>As provas objetivas est\u00e3o previstas para serem aplicadas na cidade de Tangu\u00e1 &#8211; RJ. \u00c9 imprescind\u00edvel a leitura do edital completo para conhecimento do conte\u00fado program\u00e1tico (disciplinas), pesos das quest\u00f5es e regras de conduta no dia da aplica\u00e7\u00e3o.<\/p>\n<h2>Resultados e Gabarito<\/h2>\n<p>O cronograma do concurso prev\u00ea a divulga\u00e7\u00e3o do <strong>gabarito provis\u00f3rio<\/strong> da prova objetiva para o dia 31 de mar\u00e7o de 2026, com o gabarito definitivo e o resultado preliminar programados para 23 de abril de 2026. A homologa\u00e7\u00e3o do <strong>Resultado Final<\/strong> est\u00e1 prevista para 15 de maio de 2026.<\/p>\n<p>A classifica\u00e7\u00e3o final ser\u00e1 apresentada em ordem decrescente de pontos. Em caso de empate na pontua\u00e7\u00e3o final, ser\u00e3o aplicados crit\u00e9rios como: idade igual ou superior a 60 anos (Estatuto do Idoso), maior nota em Conhecimentos Espec\u00edficos, L\u00edngua Portuguesa, Legisla\u00e7\u00e3o e maior idade, sucessivamente.<\/p>\n<p>Ressaltamos que \u00e9 de <strong>responsabilidade exclusiva do candidato<\/strong> acompanhar as publica\u00e7\u00f5es oficiais, convoca\u00e7\u00f5es e eventuais retifica\u00e7\u00f5es no site do Instituto IBDO e no Di\u00e1rio Oficial do Munic\u00edpio, n\u00e3o cabendo alega\u00e7\u00e3o de desconhecimento dos prazos.<\/p>\n","protected":false},"excerpt":{"rendered":"<p>Concurso Pref. Tangu\u00e1 (RJ) com edital publicado! Vagas p\/ M\u00e9dicos (Superior). Inscri\u00e7\u00f5es a partir de 05\/01. Sal\u00e1rios at\u00e9 R$ 5.5k. Confira detalhes!<\/p>\n","protected":false},"author":5229,"featured_media":276253,"comment_status":"open","ping_status":"open","sticky":false,"template":"","format":"standard","meta":{"_acf_changed":false,"_breakdance_hide_in_design_set":false,"_breakdance_tags":"","footnotes":""},"categories":[21,22],"tags":[56],"_amplo":[],"destaque":[],"instituicoes":[],"class_list":["post-276254","post","type-post","status-publish","format-standard","has-post-thumbnail","hentry","category-medicina","category-veterinaria","tag-rio-de-janeiro"],"acf":{"_tipo_vagas":"vagas","_numero_vagas":"","_quadro_vagas":"","_cargos":"diversos","_cargos_especificos":"","_salario_max":"R$ 5589.9","_abertura":"20260105","_encerramento":"20260212","_inscricoes":"https:\/\/www.ibdoprojetos.org.br","_executora_concurso":"","_instituicao_concurso":[],"_link_adicional":null,"_anexos":null,"_produtos":null,"_vagas":"37 vagas + CR","_salario_min":"R$ 2076.25","_instituicao":"Prefeitura Tangu\u00e1","_edital":"https:\/\/www.agrobase.com.br\/concursos\/wp-content\/uploads\/sites\/4\/2026\/01\/edital-02-2025-prefeitura-tangua-rj.pdf","_anexos_edital":"","_fund_incompleto":"","_fund_completo":"","_medio":"","_superior":"<div>\r\n<table class=\"quadro\">\r\n<thead>\r\n<tr>\r\n<th class=\"hcargo\">Cargo<\/th>\r\n<th class=\"hvagas\">Vagas<\/th>\r\n<th class=\"hremuneracao\">Remunera\u00e7\u00e3o<\/th>\r\n<\/tr>\r\n<\/thead>\r\n    <tbody>\r\n      <tr>\r\n<td class=\"ccargos\">\r\n<span data-balloon-length=\"medium\" aria-label=\"Curso de N\u00edvel Superior em Medicina e registro profissional no Conselho Regional de Medicina (CRM), al\u00e9m P\u00f3s-gradua\u00e7\u00e3o ou Cursos de especializa\u00e7\u00e3o, conforme especializa\u00e7\u00e3o\" data-balloon-pos=\"up\">M\u00e9dico Alergista<\/span><\/td>\r\n<td class=\"cvagas\">01 + CR<\/td>\r\n<td class=\"cremuneracao\">R$ 2.076,25 \/20h<\/td>\r\n<\/tr><tr>\r\n<td class=\"ccargos\">\r\n<span data-balloon-length=\"medium\" aria-label=\"Curso de N\u00edvel Superior em Medicina e registro profissional no Conselho Regional de Medicina (CRM), al\u00e9m P\u00f3s-gradua\u00e7\u00e3o ou Cursos de especializa\u00e7\u00e3o, conforme especializa\u00e7\u00e3o\" data-balloon-pos=\"up\">M\u00e9dico Anestesiologista<\/span><\/td>\r\n<td class=\"cvagas\">01 + CR<\/td>\r\n<td class=\"cremuneracao\">R$ 2.076,25 \/20h<\/td>\r\n<\/tr><tr>\r\n<td class=\"ccargos\">\r\n<span data-balloon-length=\"medium\" aria-label=\"Curso de N\u00edvel Superior em Medicina e registro profissional no Conselho Regional de Medicina (CRM), al\u00e9m P\u00f3s-gradua\u00e7\u00e3o ou Cursos de especializa\u00e7\u00e3o, conforme especializa\u00e7\u00e3o\" data-balloon-pos=\"up\">M\u00e9dico Angiologista<\/span><\/td>\r\n<td class=\"cvagas\">01 + CR<\/td>\r\n<td class=\"cremuneracao\">R$ 2.076,25 \/20h<\/td>\r\n<\/tr><tr>\r\n<td class=\"ccargos\">\r\n<span data-balloon-length=\"medium\" aria-label=\"Curso de N\u00edvel Superior em Medicina e registro profissional no Conselho Regional de Medicina (CRM), al\u00e9m P\u00f3s-gradua\u00e7\u00e3o ou Cursos de especializa\u00e7\u00e3o, conforme especializa\u00e7\u00e3o\" data-balloon-pos=\"up\">M\u00e9dico Cardiologista<\/span><\/td>\r\n<td class=\"cvagas\">02 + CR<\/td>\r\n<td class=\"cremuneracao\">R$ 2.076,25 \/20h<\/td>\r\n<\/tr><tr>\r\n<td class=\"ccargos\">\r\n<span data-balloon-length=\"medium\" aria-label=\"Curso de N\u00edvel Superior em Medicina e registro profissional\" data-balloon-pos=\"up\">M\u00e9dico Cl\u00ednico Geral 24 horas<\/span><\/td>\r\n<td class=\"cvagas\">03 + CR<\/td>\r\n<td class=\"cremuneracao\">R$ 5.589,90 \/24h<\/td>\r\n<\/tr><tr>\r\n<td class=\"ccargos\">\r\n<span data-balloon-length=\"medium\" aria-label=\"Curso de N\u00edvel Superior em Medicina e registro profissional no Conselho Regional de Medicina (CRM), al\u00e9m P\u00f3s-gradua\u00e7\u00e3o ou Cursos de especializa\u00e7\u00e3o, conforme especializa\u00e7\u00e3o\" data-balloon-pos=\"up\">M\u00e9dico Dermatologista<\/span><\/td>\r\n<td class=\"cvagas\">01 + CR<\/td>\r\n<td class=\"cremuneracao\">R$ 2.076,25 \/20h<\/td>\r\n<\/tr><tr>\r\n<td class=\"ccargos\">\r\n<span data-balloon-length=\"medium\" aria-label=\"Curso de N\u00edvel Superior em Medicina e registro profissional no Conselho Regional de Medicina (CRM), al\u00e9m P\u00f3s-gradua\u00e7\u00e3o ou Cursos de especializa\u00e7\u00e3o, conforme especializa\u00e7\u00e3o\" data-balloon-pos=\"up\">M\u00e9dico Gastroenterologista<\/span><\/td>\r\n<td class=\"cvagas\">01 + CR<\/td>\r\n<td class=\"cremuneracao\">R$ 2.076,25 \/20h<\/td>\r\n<\/tr><tr>\r\n<td class=\"ccargos\">\r\n<span data-balloon-length=\"medium\" aria-label=\"Curso de N\u00edvel Superior em Medicina e registro profissional no Conselho Regional de Medicina (CRM), al\u00e9m P\u00f3s-gradua\u00e7\u00e3o ou Cursos de especializa\u00e7\u00e3o, conforme especializa\u00e7\u00e3o\" data-balloon-pos=\"up\">M\u00e9dico Geriatra<\/span><\/td>\r\n<td class=\"cvagas\">01 + CR<\/td>\r\n<td class=\"cremuneracao\">R$ 2.076,25 \/20h<\/td>\r\n<\/tr><tr>\r\n<td class=\"ccargos\">\r\n<span data-balloon-length=\"medium\" aria-label=\"Curso de N\u00edvel Superior em Medicina e registro profissional no Conselho Regional de Medicina (CRM), al\u00e9m P\u00f3s-gradua\u00e7\u00e3o ou Cursos de especializa\u00e7\u00e3o, conforme especializa\u00e7\u00e3o\" data-balloon-pos=\"up\">M\u00e9dico Ginecologista<\/span><\/td>\r\n<td class=\"cvagas\">01 + CR<\/td>\r\n<td class=\"cremuneracao\">R$ 2.076,25 \/20h<\/td>\r\n<\/tr><tr>\r\n<td class=\"ccargos\">\r\n<span data-balloon-length=\"medium\" aria-label=\"Curso de N\u00edvel Superior em Medicina e registro profissional no Conselho Regional de Medicina (CRM), al\u00e9m P\u00f3s-gradua\u00e7\u00e3o ou Cursos de especializa\u00e7\u00e3o, conforme especializa\u00e7\u00e3o\" data-balloon-pos=\"up\">M\u00e9dico Infectologista<\/span><\/td>\r\n<td class=\"cvagas\">01 + CR<\/td>\r\n<td class=\"cremuneracao\">R$ 2.076,25 \/20h<\/td>\r\n<\/tr><tr>\r\n<td class=\"ccargos\">\r\n<span data-balloon-length=\"medium\" aria-label=\"Curso de N\u00edvel Superior em Medicina e registro profissional no Conselho Regional de Medicina (CRM), al\u00e9m P\u00f3s-gradua\u00e7\u00e3o ou Cursos de especializa\u00e7\u00e3o, conforme especializa\u00e7\u00e3o\" data-balloon-pos=\"up\">M\u00e9dico Mastologista<\/span><\/td>\r\n<td class=\"cvagas\">01 + CR<\/td>\r\n<td class=\"cremuneracao\">R$ 2.076,25 \/20h<\/td>\r\n<\/tr><tr>\r\n<td class=\"ccargos\">\r\n<span data-balloon-length=\"medium\" aria-label=\"Curso de N\u00edvel Superior em Medicina e registro profissional no Conselho Regional de Medicina (CRM), al\u00e9m P\u00f3s-gradua\u00e7\u00e3o ou Cursos de especializa\u00e7\u00e3o, conforme especializa\u00e7\u00e3o\" data-balloon-pos=\"up\">M\u00e9dico Nefrologista<\/span><\/td>\r\n<td class=\"cvagas\">01 + CR<\/td>\r\n<td class=\"cremuneracao\">R$ 2.076,25 \/20h<\/td>\r\n<\/tr><tr>\r\n<td class=\"ccargos\">\r\n<span data-balloon-length=\"medium\" aria-label=\"Curso de N\u00edvel Superior em Medicina e registro profissional no Conselho Regional de Medicina (CRM), al\u00e9m P\u00f3s-gradua\u00e7\u00e3o ou Cursos de especializa\u00e7\u00e3o, conforme especializa\u00e7\u00e3o\" data-balloon-pos=\"up\">M\u00e9dico Neurologista<\/span><\/td>\r\n<td class=\"cvagas\">02 + CR<\/td>\r\n<td class=\"cremuneracao\">R$ 2.076,25 \/20h<\/td>\r\n<\/tr><tr>\r\n<td class=\"ccargos\">\r\n<span data-balloon-length=\"medium\" aria-label=\"Curso de N\u00edvel Superior em Medicina e registro profissional no Conselho Regional de Medicina (CRM), al\u00e9m P\u00f3s-gradua\u00e7\u00e3o ou Cursos de especializa\u00e7\u00e3o, conforme especializa\u00e7\u00e3o\" data-balloon-pos=\"up\">M\u00e9dico Neurologista pedi\u00e1trico<\/span><\/td>\r\n<td class=\"cvagas\">02 + CR<\/td>\r\n<td class=\"cremuneracao\">R$ 2.076,25 \/20h<\/td>\r\n<\/tr><tr>\r\n<td class=\"ccargos\">\r\n<span data-balloon-length=\"medium\" aria-label=\"Curso de N\u00edvel Superior em Medicina e registro profissional no Conselho Regional de Medicina (CRM), al\u00e9m P\u00f3s-gradua\u00e7\u00e3o ou Cursos de especializa\u00e7\u00e3o, conforme especializa\u00e7\u00e3o\" data-balloon-pos=\"up\">M\u00e9dico Obstetra<\/span><\/td>\r\n<td class=\"cvagas\">01 + CR<\/td>\r\n<td class=\"cremuneracao\">R$ 2.076,25 \/20h<\/td>\r\n<\/tr><tr>\r\n<td class=\"ccargos\">\r\n<span data-balloon-length=\"medium\" aria-label=\"Curso de N\u00edvel Superior em Medicina e registro profissional no Conselho Regional de Medicina (CRM), al\u00e9m P\u00f3s-gradua\u00e7\u00e3o ou Cursos de especializa\u00e7\u00e3o, conforme especializa\u00e7\u00e3o\" data-balloon-pos=\"up\">M\u00e9dico Ortopedista<\/span><\/td>\r\n<td class=\"cvagas\">02 + CR<\/td>\r\n<td class=\"cremuneracao\">R$ 2.076,25 \/20h<\/td>\r\n<\/tr><tr>\r\n<td class=\"ccargos\">\r\n<span data-balloon-length=\"medium\" aria-label=\"Curso de N\u00edvel Superior em Medicina e registro profissional no Conselho Regional de Medicina (CRM), al\u00e9m P\u00f3s-gradua\u00e7\u00e3o ou Cursos de especializa\u00e7\u00e3o, conforme especializa\u00e7\u00e3o\" data-balloon-pos=\"up\">M\u00e9dico Otorrinolaringologista<\/span><\/td>\r\n<td class=\"cvagas\">01 + CR<\/td>\r\n<td class=\"cremuneracao\">R$ 2.076,25 \/20h<\/td>\r\n<\/tr><tr>\r\n<td class=\"ccargos\">\r\n<span data-balloon-length=\"medium\" aria-label=\"Curso de N\u00edvel Superior em Medicina e registro profissional no Conselho Regional de Medicina (CRM), al\u00e9m P\u00f3s-gradua\u00e7\u00e3o ou Cursos de especializa\u00e7\u00e3o, conforme especializa\u00e7\u00e3o\" data-balloon-pos=\"up\">M\u00e9dico Pediatra<\/span><\/td>\r\n<td class=\"cvagas\">01 + CR<\/td>\r\n<td class=\"cremuneracao\">R$ 2.076,25 \/20h<\/td>\r\n<\/tr><tr>\r\n<td class=\"ccargos\">\r\n<span data-balloon-length=\"medium\" aria-label=\"Curso de N\u00edvel Superior em Medicina e registro profissional\" data-balloon-pos=\"up\">M\u00e9dico Pediatra 24 horas<\/span><\/td>\r\n<td class=\"cvagas\">03 + CR<\/td>\r\n<td class=\"cremuneracao\">R$ 5.589,90 \/24h<\/td>\r\n<\/tr><tr>\r\n<td class=\"ccargos\">\r\n<span data-balloon-length=\"medium\" aria-label=\"Curso de N\u00edvel Superior em Medicina e registro profissional no Conselho Regional de Medicina (CRM), al\u00e9m P\u00f3s-gradua\u00e7\u00e3o ou Cursos de especializa\u00e7\u00e3o, conforme especializa\u00e7\u00e3o\" data-balloon-pos=\"up\">M\u00e9dico Pneumologista<\/span><\/td>\r\n<td class=\"cvagas\">01 + CR<\/td>\r\n<td class=\"cremuneracao\">R$ 2.076,25 \/20h<\/td>\r\n<\/tr><tr>\r\n<td class=\"ccargos\">\r\n<span data-balloon-length=\"medium\" aria-label=\"Curso de N\u00edvel Superior em Medicina e registro profissional no Conselho Regional de Medicina (CRM), al\u00e9m P\u00f3s-gradua\u00e7\u00e3o ou Cursos de especializa\u00e7\u00e3o, conforme especializa\u00e7\u00e3o\" data-balloon-pos=\"up\">M\u00e9dico Psiquiatra<\/span><\/td>\r\n<td class=\"cvagas\">03 + CR<\/td>\r\n<td class=\"cremuneracao\">R$ 2.076,25 \/20h<\/td>\r\n<\/tr><tr>\r\n<td class=\"ccargos\">\r\n<span data-balloon-length=\"medium\" aria-label=\"Curso de N\u00edvel Superior em Medicina e registro profissional no Conselho Regional de Medicina (CRM), al\u00e9m P\u00f3s-gradua\u00e7\u00e3o ou Cursos de especializa\u00e7\u00e3o, conforme especializa\u00e7\u00e3o\" data-balloon-pos=\"up\">M\u00e9dico Ultrassonografista<\/span><\/td>\r\n<td class=\"cvagas\">01 + CR<\/td>\r\n<td class=\"cremuneracao\">R$ 2.076,25 \/20h<\/td>\r\n<\/tr><tr>\r\n<td class=\"ccargos\">\r\n<span data-balloon-length=\"medium\" aria-label=\"Curso de N\u00edvel Superior em Medicina e registro profissional no Conselho Regional de Medicina (CRM), al\u00e9m P\u00f3s-gradua\u00e7\u00e3o ou Cursos de especializa\u00e7\u00e3o, conforme especializa\u00e7\u00e3o\" data-balloon-pos=\"up\">M\u00e9dico Urologista<\/span><\/td>\r\n<td class=\"cvagas\">01 + CR<\/td>\r\n<td class=\"cremuneracao\">R$ 2.076,25 \/20h<\/td>\r\n<\/tr><tr>\r\n<td class=\"ccargos\">\r\n<span data-balloon-length=\"medium\" aria-label=\"Curso de N\u00edvel Superior em Medicina e registro profissional no Conselho Regional de Medicina (CRM), al\u00e9m P\u00f3s-gradua\u00e7\u00e3o ou Cursos de especializa\u00e7\u00e3o, conforme especializa\u00e7\u00e3o\" data-balloon-pos=\"up\">M\u00e9dico do Trabalho<\/span><\/td>\r\n<td class=\"cvagas\">01 + CR<\/td>\r\n<td class=\"cremuneracao\">R$ 2.076,25 \/20h<\/td>\r\n<\/tr><tr>\r\n<td class=\"ccargos\">\r\n<span data-balloon-length=\"medium\" aria-label=\"Curso de N\u00edvel Superior em Medicina e registro profissional no Conselho Regional de Medicina (CRM), al\u00e9m P\u00f3s-gradua\u00e7\u00e3o ou Cursos de especializa\u00e7\u00e3o, conforme especializa\u00e7\u00e3o\" data-balloon-pos=\"up\">M\u00e9dico Psiquiatra Infantil<\/span><\/td>\r\n<td class=\"cvagas\">01 + CR<\/td>\r\n<td class=\"cremuneracao\">R$ 2.076,25 \/20h<\/td>\r\n<\/tr><tr>\r\n<td class=\"ccargos\">\r\n<span data-balloon-length=\"medium\" aria-label=\"Curso de N\u00edvel Superior em Medicina e registro profissional no Conselho Regional de Medicina (CRM), al\u00e9m P\u00f3s-gradua\u00e7\u00e3o ou Cursos de especializa\u00e7\u00e3o, conforme especializa\u00e7\u00e3o\" data-balloon-pos=\"up\">M\u00e9dico Reumatologista<\/span><\/td>\r\n<td class=\"cvagas\">01 + CR<\/td>\r\n<td class=\"cremuneracao\">R$ 2.076,25 \/20h<\/td>\r\n<\/tr><tr>\r\n<td class=\"ccargos\">\r\n<span data-balloon-length=\"medium\" aria-label=\"Curso de N\u00edvel Superior em Medicina Veterin\u00e1ria e registro\" data-balloon-pos=\"up\">M\u00e9dico Veterin\u00e1rio (Vigil\u00e2ncia Ambiental)<\/span><\/td>\r\n<td class=\"cvagas\">01 + CR<\/td>\r\n<td class=\"cremuneracao\">R$ 2.395,67 \/24h<\/td>\r\n<\/tr>\r\n    <\/tbody>\r\n  <\/table>\r\n<\/div>"},"_links":{"self":[{"href":"https:\/\/www.agrobase.com.br\/concursos\/wp-json\/wp\/v2\/posts\/276254","targetHints":{"allow":["GET"]}}],"collection":[{"href":"https:\/\/www.agrobase.com.br\/concursos\/wp-json\/wp\/v2\/posts"}],"about":[{"href":"https:\/\/www.agrobase.com.br\/concursos\/wp-json\/wp\/v2\/types\/post"}],"author":[{"embeddable":true,"href":"https:\/\/www.agrobase.com.br\/concursos\/wp-json\/wp\/v2\/users\/5229"}],"replies":[{"embeddable":true,"href":"https:\/\/www.agrobase.com.br\/concursos\/wp-json\/wp\/v2\/comments?post=276254"}],"version-history":[{"count":3,"href":"https:\/\/www.agrobase.com.br\/concursos\/wp-json\/wp\/v2\/posts\/276254\/revisions"}],"predecessor-version":[{"id":276292,"href":"https:\/\/www.agrobase.com.br\/concursos\/wp-json\/wp\/v2\/posts\/276254\/revisions\/276292"}],"wp:featuredmedia":[{"embeddable":true,"href":"https:\/\/www.agrobase.com.br\/concursos\/wp-json\/wp\/v2\/media\/276253"}],"wp:attachment":[{"href":"https:\/\/www.agrobase.com.br\/concursos\/wp-json\/wp\/v2\/media?parent=276254"}],"wp:term":[{"taxonomy":"category","embeddable":true,"href":"https:\/\/www.agrobase.com.br\/concursos\/wp-json\/wp\/v2\/categories?post=276254"},{"taxonomy":"post_tag","embeddable":true,"href":"https:\/\/www.agrobase.com.br\/concursos\/wp-json\/wp\/v2\/tags?post=276254"},{"taxonomy":"_amplo","embeddable":true,"href":"https:\/\/www.agrobase.com.br\/concursos\/wp-json\/wp\/v2\/_amplo?post=276254"},{"taxonomy":"destaque","embeddable":true,"href":"https:\/\/www.agrobase.com.br\/concursos\/wp-json\/wp\/v2\/destaque?post=276254"},{"taxonomy":"instituicoes","embeddable":true,"href":"https:\/\/www.agrobase.com.br\/concursos\/wp-json\/wp\/v2\/instituicoes?post=276254"}],"curies":[{"name":"wp","href":"https:\/\/api.w.org\/{rel}","templated":true}]}}