{"id":276246,"date":"2026-01-02T07:40:36","date_gmt":"2026-01-02T10:40:36","guid":{"rendered":"https:\/\/www.agrobase.com.br\/concursos\/?p=276246"},"modified":"2026-01-01T17:53:40","modified_gmt":"2026-01-01T20:53:40","slug":"prefeitura-ibertioga-mg-concurso-01-2025","status":"publish","type":"post","link":"https:\/\/www.agrobase.com.br\/concursos\/2026\/prefeitura-ibertioga-mg-concurso-01-2025\/","title":{"rendered":"Prefeitura Ibertioga (MG) &#8211; Concurso 01\/2025"},"content":{"rendered":"<h2>Informa\u00e7\u00f5es Gerais<\/h2>\n<p>A <strong>Prefeitura Municipal de Ibertioga<\/strong>, no estado de Minas Gerais, publicou o edital de seu novo Concurso P\u00fablico, organizado pela banca <strong>JCM \u2013 Consultoria Municipal<\/strong>. O certame tem como objetivo o preenchimento de vagas imediatas e a forma\u00e7\u00e3o de cadastro de reserva para o quadro de servidores efetivos do munic\u00edpio, sob o <strong>regime estatut\u00e1rio<\/strong>, que assegura estabilidade empregat\u00edcia ap\u00f3s o est\u00e1gio probat\u00f3rio.<\/p>\n<p>As oportunidades contemplam candidatos de n\u00edveis <strong>Fundamental (completo), M\u00e9dio, T\u00e9cnico e Superior<\/strong>, abrangendo diversos setores da administra\u00e7\u00e3o p\u00fablica, como sa\u00fade, educa\u00e7\u00e3o, obras e administrativo. Merecem destaque as vagas destinadas a profissionais das \u00e1reas de <strong>Medicina Veterin\u00e1ria<\/strong> e <strong>Nutri\u00e7\u00e3o<\/strong>, al\u00e9m de oportunidades para Engenharia e outras especialidades, conforme a demanda do munic\u00edpio.<\/p>\n<p>Se voc\u00ea busca uma oportunidade no servi\u00e7o p\u00fablico mineiro, confira a seguir os detalhes essenciais sobre prazos, etapas e requisitos deste processo seletivo.<\/p>\n<h2>Inscri\u00e7\u00f5es<\/h2>\n<p>As inscri\u00e7\u00f5es para o Concurso P\u00fablico de Ibertioga devem ser realizadas exclusivamente pela internet, no site da organizadora <strong>JCM Consultoria<\/strong>. O per\u00edodo de participa\u00e7\u00e3o estar\u00e1 aberto entre os dias <strong>02 de mar\u00e7o e 01 de abril de 2026<\/strong>. \u00c9 fundamental que o candidato preencha o formul\u00e1rio eletr\u00f4nico e efetue o pagamento do boleto banc\u00e1rio referente \u00e0 taxa de inscri\u00e7\u00e3o at\u00e9 a data de vencimento expressa no documento.<\/p>\n<p>Para os candidatos que n\u00e3o possuem acesso \u00e0 internet, a Prefeitura disponibilizar\u00e1 um posto de atendimento presencial na sede do \u00f3rg\u00e3o (Rua Evaristo de Carvalho, n\u00ba 56, Centro), funcionando em dias \u00fateis das 13h \u00e0s 17h. Os valores das taxas de inscri\u00e7\u00e3o variam conforme o n\u00edvel de escolaridade do cargo pretendido e est\u00e3o detalhados no Anexo I do edital oficial.<\/p>\n<p>Candidatos que se enquadrem nos crit\u00e9rios para <strong>isen\u00e7\u00e3o da taxa<\/strong> devem estar atentos aos prazos e documentos exigidos para a solicita\u00e7\u00e3o, conforme regulamento. Recomendamos a leitura atenta do edital completo para conferir todas as regras de pagamento e isen\u00e7\u00e3o.<\/p>\n<h2>Etapas e Provas<\/h2>\n<p>O processo de sele\u00e7\u00e3o dos candidatos ser\u00e1 composto por diferentes etapas, variando de acordo com o cargo pleiteado. A etapa comum a todos os inscritos \u00e9 a <strong>Prova Objetiva<\/strong>, de car\u00e1ter eliminat\u00f3rio e classificat\u00f3rio.<\/p>\n<ul>\n<li><strong>Prova Objetiva:<\/strong> Composta por quest\u00f5es de m\u00faltipla escolha (quatro alternativas), com dura\u00e7\u00e3o total de 3 horas. A prova vale 100 pontos, sendo considerado aprovado o candidato que obtiver, no m\u00ednimo, 50 pontos.<\/li>\n<li><strong>Prova Pr\u00e1tica:<\/strong> Etapa exclusiva e de car\u00e1ter eliminat\u00f3rio para os cargos de Coveiro, Eletricista, Operador de Motoniveladora, Operador de Retroescavadeira, Pedreiro e Tratorista. Ser\u00e3o convocados apenas os aprovados na prova objetiva, dentro do limite de classifica\u00e7\u00e3o estabelecido.<\/li>\n<li><strong>Prova de T\u00edtulos:<\/strong> De car\u00e1ter classificat\u00f3rio, destinada aos candidatos de n\u00edvel Superior aprovados na etapa objetiva.<\/li>\n<\/ul>\n<p>\u00c9 imprescind\u00edvel que o candidato consulte o conte\u00fado program\u00e1tico (Anexo III do edital) para direcionar seus estudos e verifique no cronograma a data prevista para a aplica\u00e7\u00e3o das provas.<\/p>\n<h2>Resultados e Gabarito<\/h2>\n<p>A divulga\u00e7\u00e3o dos gabaritos preliminares e definitivos, bem como dos resultados de cada etapa, ser\u00e1 realizada no site da <strong>JCM Consultoria<\/strong> e no quadro de avisos da Prefeitura Municipal de Ibertioga. A classifica\u00e7\u00e3o final ser\u00e1 ordenada de forma decrescente conforme a pontua\u00e7\u00e3o obtida.<\/p>\n<p>Em caso de empate na pontua\u00e7\u00e3o final, ser\u00e3o aplicados os crit\u00e9rios de desempate previstos em lei, com prefer\u00eancia inicial para candidatos idosos (conforme o Estatuto do Idoso) e, sucessivamente, para aqueles com maior idade. O Concurso P\u00fablico ter\u00e1 validade de <strong>dois anos<\/strong>, a contar da data de homologa\u00e7\u00e3o do resultado final, podendo ser prorrogado uma \u00fanica vez por igual per\u00edodo.<\/p>\n<p>Ressaltamos que \u00e9 de <strong>inteira responsabilidade do candidato<\/strong> o acompanhamento de todas as publica\u00e7\u00f5es oficiais, convoca\u00e7\u00f5es e avisos referentes ao certame diretamente na p\u00e1gina da banca organizadora e no Di\u00e1rio Oficial do Munic\u00edpio.<\/p>\n","protected":false},"excerpt":{"rendered":"<p>Concurso Pref. Ibertioga (MG) com edital publicado! Vagas p\/ Professor e Enfermeiro (Fund. a Sup.). Inscri\u00e7\u00f5es a partir de 02\/03. Sal\u00e1rios at\u00e9 R$ 5.7k. Confira detalhes!<\/p>\n","protected":false},"author":5229,"featured_media":276245,"comment_status":"open","ping_status":"open","sticky":false,"template":"","format":"standard","meta":{"_acf_changed":false,"_breakdance_hide_in_design_set":false,"_breakdance_tags":"","footnotes":""},"categories":[12,17,18,19,21,22,23,24,25,26,101,108],"tags":[50],"_amplo":[],"destaque":[],"instituicoes":[],"class_list":["post-276246","post","type-post","status-publish","format-standard","has-post-thumbnail","hentry","category-enfermagem","category-farmacia","category-fisioterapia","category-fonoaudiologia","category-medicina","category-veterinaria","category-nutricao","category-odontologia","category-pedagogia","category-psicologia","category-servico-social","category-tecnico-enfermagem","tag-minas-gerais"],"acf":{"_tipo_vagas":"vagas","_numero_vagas":"","_quadro_vagas":"","_cargos":"diversos","_cargos_especificos":"","_salario_max":"R$ 5730.62","_abertura":"20260302","_encerramento":"20260401","_inscricoes":"https:\/\/www.jcmconcursos.com.br","_executora_concurso":"","_instituicao_concurso":[],"_link_adicional":null,"_anexos":null,"_produtos":null,"_vagas":"95 vagas","_salario_min":"R$ 1518","_instituicao":"Prefeitura Ibertioga","_edital":"https:\/\/www.agrobase.com.br\/concursos\/wp-content\/uploads\/sites\/4\/2026\/01\/edital-01-2025-prefeitura-ibertioga-mg.pdf","_anexos_edital":"","_fund_incompleto":"","_fund_completo":"<div>\r\n<table class=\"quadro\">\r\n<thead>\r\n<tr>\r\n<th class=\"hcargo\">Cargo<\/th>\r\n<th class=\"hvagas\">Vagas<\/th>\r\n<th class=\"hremuneracao\">Remunera\u00e7\u00e3o<\/th>\r\n<\/tr>\r\n<\/thead>\r\n    <tbody>\r\n      <td class=\"ccargos\">Auxiliar Administrativo I<\/td>\r\n<td class=\"cvagas\">06<\/td>\r\n<td class=\"cremuneracao\">R$ 1.518,00 \/40h<\/td>\r\n<\/tr><td class=\"ccargos\">Auxiliar de Servi\u00e7os Gerais<\/td>\r\n<td class=\"cvagas\">14<\/td>\r\n<td class=\"cremuneracao\">R$ 1.518,00 \/40h<\/td>\r\n<\/tr><td class=\"ccargos\">Coveiro<\/td>\r\n<td class=\"cvagas\">01<\/td>\r\n<td class=\"cremuneracao\">R$ 1.518,00 \/44h<\/td>\r\n<\/tr><td class=\"ccargos\">Faxineiro<\/td>\r\n<td class=\"cvagas\">02<\/td>\r\n<td class=\"cremuneracao\">R$ 1.518,00 \/40h<\/td>\r\n<\/tr><td class=\"ccargos\">Motorista<\/td>\r\n<td class=\"cvagas\">08<\/td>\r\n<td class=\"cremuneracao\">R$ 2.313,96 \/40h<\/td>\r\n<\/tr><td class=\"ccargos\">Operador de Motoniveladora<\/td>\r\n<td class=\"cvagas\">01<\/td>\r\n<td class=\"cremuneracao\">R$ 2.682,09 \/40h<\/td>\r\n<\/tr><td class=\"ccargos\">Operador de Retroescavadeira<\/td>\r\n<td class=\"cvagas\">03<\/td>\r\n<td class=\"cremuneracao\">R$ 1.893,24 \/40h<\/td>\r\n<\/tr><td class=\"ccargos\">Pedreiro<\/td>\r\n<td class=\"cvagas\">01<\/td>\r\n<td class=\"cremuneracao\">R$ 1.893,24 \/40h<\/td>\r\n<\/tr><td class=\"ccargos\">Servente Escolar<\/td>\r\n<td class=\"cvagas\">01<\/td>\r\n<td class=\"cremuneracao\">R$ 1.518,00 \/36h<\/td>\r\n<\/tr><td class=\"ccargos\">Tratorista<\/td>\r\n<td class=\"cvagas\">01<\/td>\r\n<td class=\"cremuneracao\">R$ 1.893,24 \/40h<\/td>\r\n<\/tr><td class=\"ccargos\">Vigia<\/td>\r\n<td class=\"cvagas\">02<\/td>\r\n<td class=\"cremuneracao\">R$ 1.518,00 \/42h<\/td>\r\n<\/tr><td class=\"ccargos\">Zelador<\/td>\r\n<td class=\"cvagas\">01<\/td>\r\n<td class=\"cremuneracao\">R$ 1.518,00 \/40h<\/td>\r\n<\/tr>\r\n    <\/tbody>\r\n  <\/table>\r\n<\/div>","_medio":"<div>\r\n<table class=\"quadro\">\r\n<thead>\r\n<tr>\r\n<th class=\"hcargo\">Cargo<\/th>\r\n<th class=\"hvagas\">Vagas<\/th>\r\n<th class=\"hremuneracao\">Remunera\u00e7\u00e3o<\/th>\r\n<\/tr>\r\n<\/thead>\r\n    <tbody>\r\n      <td class=\"ccargos\">Agente Fiscal Sanit\u00e1rio<\/td>\r\n<td class=\"cvagas\">01<\/td>\r\n<td class=\"cremuneracao\">R$ 1.973,00 \/40h<\/td>\r\n<\/tr><td class=\"ccargos\">Auxiliar Administrativo III<\/td>\r\n<td class=\"cvagas\">01<\/td>\r\n<td class=\"cremuneracao\">R$ 2.045,56 \/40h<\/td>\r\n<\/tr><td class=\"ccargos\">Eletricista<\/td>\r\n<td class=\"cvagas\">01<\/td>\r\n<td class=\"cremuneracao\">R$ 1.893,24 \/40h<\/td>\r\n<\/tr><td class=\"ccargos\">Fiscal Tribut\u00e1rio<\/td>\r\n<td class=\"cvagas\">01<\/td>\r\n<td class=\"cremuneracao\">R$ 2.629,50 \/40h<\/td>\r\n<\/tr><td class=\"ccargos\">Monitor de Apoio<\/td>\r\n<td class=\"cvagas\">06<\/td>\r\n<td class=\"cremuneracao\">R$ 1.518,00 \/40h<\/td>\r\n<\/tr><td class=\"ccargos\">Monitor de Educa\u00e7\u00e3o Infantil<\/td>\r\n<td class=\"cvagas\">05<\/td>\r\n<td class=\"cremuneracao\">R$ 1.518,00 \/40h<\/td>\r\n<\/tr><td class=\"ccargos\">Secret\u00e1rio Escolar<\/td>\r\n<td class=\"cvagas\">01<\/td>\r\n<td class=\"cremuneracao\">R$ 1.893,24 \/40h<\/td>\r\n<\/tr><td class=\"ccargos\">T\u00e9cnico de Enfermagem<\/td>\r\n<td class=\"cvagas\">01<\/td>\r\n<td class=\"cremuneracao\">R$ 1.893,24 \/40h<\/td>\r\n<\/tr>\r\n    <\/tbody>\r\n  <\/table>\r\n<\/div>","_superior":"<div>\r\n<table class=\"quadro\">\r\n<thead>\r\n<tr>\r\n<th class=\"hcargo\">Cargo<\/th>\r\n<th class=\"hvagas\">Vagas<\/th>\r\n<th class=\"hremuneracao\">Remunera\u00e7\u00e3o<\/th>\r\n<\/tr>\r\n<\/thead>\r\n    <tbody>\r\n      <tr>\r\n<td class=\"ccargos\">Assistente Social<\/td>\r\n<td class=\"cvagas\">01<\/td>\r\n<td class=\"cremuneracao\">R$ 4.063,12 \/30h<\/td>\r\n<\/tr><tr>\r\n<td class=\"ccargos\">Assistente Social Educa\u00e7\u00e3o<\/td>\r\n<td class=\"cvagas\">01<\/td>\r\n<td class=\"cremuneracao\">R$ 4.063,12 \/30h<\/td>\r\n<\/tr><tr>\r\n<td class=\"ccargos\">Controlador Interno<\/td>\r\n<td class=\"cvagas\">01<\/td>\r\n<td class=\"cremuneracao\">R$ 3.564,14 \/40h<\/td>\r\n<\/tr><tr>\r\n<td class=\"ccargos\">Dentista I<\/td>\r\n<td class=\"cvagas\">01<\/td>\r\n<td class=\"cremuneracao\">R$ 3.313,37 \/16h<\/td>\r\n<\/tr><tr>\r\n<td class=\"ccargos\">Enfermeiro da UBS<\/td>\r\n<td class=\"cvagas\">01<\/td>\r\n<td class=\"cremuneracao\">R$ 5.730,62 \/40h<\/td>\r\n<\/tr><tr>\r\n<td class=\"ccargos\">Farmac\u00eautico<\/td>\r\n<td class=\"cvagas\">01<\/td>\r\n<td class=\"cremuneracao\">R$ 5.405,87 \/40h<\/td>\r\n<\/tr><tr>\r\n<td class=\"ccargos\">Fisioterapeuta<\/td>\r\n<td class=\"cvagas\">01<\/td>\r\n<td class=\"cremuneracao\">R$ 3.230,64 \/30h<\/td>\r\n<\/tr><tr>\r\n<td class=\"ccargos\">Fonoaudi\u00f3logo<\/td>\r\n<td class=\"cvagas\">02<\/td>\r\n<td class=\"cremuneracao\">R$ 3.230,64 \/30h<\/td>\r\n<\/tr><tr>\r\n<td class=\"ccargos\">M\u00e9dico Cl\u00ednico Geral<\/td>\r\n<td class=\"cvagas\">02<\/td>\r\n<td class=\"cremuneracao\">R$ 4.553,19 \/08h<\/td>\r\n<\/tr><tr>\r\n<td class=\"ccargos\">M\u00e9dico Regulador<\/td>\r\n<td class=\"cvagas\">01<\/td>\r\n<td class=\"cremuneracao\">R$ 4.553,19 \/08h<\/td>\r\n<\/tr><tr>\r\n<td class=\"ccargos\">M\u00e9dico Veterin\u00e1rio<\/td>\r\n<td class=\"cvagas\">01<\/td>\r\n<td class=\"cremuneracao\">R$ 4.352,07 \/40h<\/td>\r\n<\/tr><tr>\r\n<td class=\"ccargos\">Nutricionista<\/td>\r\n<td class=\"cvagas\">01<\/td>\r\n<td class=\"cremuneracao\">R$ 3.099,52 \/30h<\/td>\r\n<\/tr><tr>\r\n<td class=\"ccargos\">Professor Municipal<\/td>\r\n<td class=\"cvagas\">10<\/td>\r\n<td class=\"cremuneracao\">R$ 3.650,83 \/30h<\/td>\r\n<\/tr><tr>\r\n<td class=\"ccargos\">Psic\u00f3logo<\/td>\r\n<td class=\"cvagas\">02<\/td>\r\n<td class=\"cremuneracao\">R$ 3.230,64 \/30h<\/td>\r\n<\/tr><tr>\r\n<td class=\"ccargos\">Psic\u00f3logo Educa\u00e7\u00e3o<\/td>\r\n<td class=\"cvagas\">01<\/td>\r\n<td class=\"cremuneracao\">R$ 3.230,64 \/30h<\/td>\r\n<\/tr><tr>\r\n<td class=\"ccargos\">Supervisor Pedag\u00f3gico<\/td>\r\n<td class=\"cvagas\">01<\/td>\r\n<td class=\"cremuneracao\">R$ 3.654,00 \/30h<\/td>\r\n<\/tr>\r\n    <\/tbody>\r\n  <\/table>\r\n<\/div>"},"_links":{"self":[{"href":"https:\/\/www.agrobase.com.br\/concursos\/wp-json\/wp\/v2\/posts\/276246","targetHints":{"allow":["GET"]}}],"collection":[{"href":"https:\/\/www.agrobase.com.br\/concursos\/wp-json\/wp\/v2\/posts"}],"about":[{"href":"https:\/\/www.agrobase.com.br\/concursos\/wp-json\/wp\/v2\/types\/post"}],"author":[{"embeddable":true,"href":"https:\/\/www.agrobase.com.br\/concursos\/wp-json\/wp\/v2\/users\/5229"}],"replies":[{"embeddable":true,"href":"https:\/\/www.agrobase.com.br\/concursos\/wp-json\/wp\/v2\/comments?post=276246"}],"version-history":[{"count":3,"href":"https:\/\/www.agrobase.com.br\/concursos\/wp-json\/wp\/v2\/posts\/276246\/revisions"}],"predecessor-version":[{"id":276296,"href":"https:\/\/www.agrobase.com.br\/concursos\/wp-json\/wp\/v2\/posts\/276246\/revisions\/276296"}],"wp:featuredmedia":[{"embeddable":true,"href":"https:\/\/www.agrobase.com.br\/concursos\/wp-json\/wp\/v2\/media\/276245"}],"wp:attachment":[{"href":"https:\/\/www.agrobase.com.br\/concursos\/wp-json\/wp\/v2\/media?parent=276246"}],"wp:term":[{"taxonomy":"category","embeddable":true,"href":"https:\/\/www.agrobase.com.br\/concursos\/wp-json\/wp\/v2\/categories?post=276246"},{"taxonomy":"post_tag","embeddable":true,"href":"https:\/\/www.agrobase.com.br\/concursos\/wp-json\/wp\/v2\/tags?post=276246"},{"taxonomy":"_amplo","embeddable":true,"href":"https:\/\/www.agrobase.com.br\/concursos\/wp-json\/wp\/v2\/_amplo?post=276246"},{"taxonomy":"destaque","embeddable":true,"href":"https:\/\/www.agrobase.com.br\/concursos\/wp-json\/wp\/v2\/destaque?post=276246"},{"taxonomy":"instituicoes","embeddable":true,"href":"https:\/\/www.agrobase.com.br\/concursos\/wp-json\/wp\/v2\/instituicoes?post=276246"}],"curies":[{"name":"wp","href":"https:\/\/api.w.org\/{rel}","templated":true}]}}