{"id":276234,"date":"2026-01-02T08:05:31","date_gmt":"2026-01-02T11:05:31","guid":{"rendered":"https:\/\/www.agrobase.com.br\/concursos\/?p=276234"},"modified":"2026-01-01T18:23:39","modified_gmt":"2026-01-01T21:23:39","slug":"prefeitura-ipuacu-sc-concurso-02-2025","status":"publish","type":"post","link":"https:\/\/www.agrobase.com.br\/concursos\/2026\/prefeitura-ipuacu-sc-concurso-02-2025\/","title":{"rendered":"Prefeitura Ipua\u00e7u (SC) &#8211; Concurso 02\/2025"},"content":{"rendered":"<h2>Informa\u00e7\u00f5es Gerais<\/h2>\n<p>O <strong>Munic\u00edpio de Ipua\u00e7u<\/strong>, no estado de Santa Catarina, publicou o edital de seu novo Concurso P\u00fablico, organizado pela Funda\u00e7\u00e3o Universit\u00e1ria do Desenvolvimento do Oeste (FUNDESTE). O certame visa o preenchimento imediato de 33 vagas, al\u00e9m da forma\u00e7\u00e3o de cadastro de reserva, para profissionais de n\u00edveis fundamental (incompleto e completo), m\u00e9dio, t\u00e9cnico e superior. As contrata\u00e7\u00f5es ser\u00e3o regidas pelo <strong>regime Estatut\u00e1rio<\/strong>, garantindo estabilidade aos servidores aprovados.<\/p>\n<p>As oportunidades abrangem diversos setores da administra\u00e7\u00e3o municipal, incluindo sa\u00fade, educa\u00e7\u00e3o, obras e administrativo. Merecem destaque as vagas destinadas \u00e0s \u00e1reas de <strong>Nutri\u00e7\u00e3o<\/strong> e <strong>Medicina Veterin\u00e1ria<\/strong>, carreiras essenciais para o desenvolvimento local. A remunera\u00e7\u00e3o inicial varia de R$ 1.711,16 a R$ 10.400,69, a depender do cargo e da carga hor\u00e1ria. Confira a seguir os detalhes sobre prazos, etapas e requisitos para garantir sua participa\u00e7\u00e3o.<\/p>\n<h2>Inscri\u00e7\u00f5es<\/h2>\n<p>As inscri\u00e7\u00f5es para o Concurso P\u00fablico de Ipua\u00e7u devem ser realizadas exclusivamente pela internet, atrav\u00e9s do site da organizadora FUNDESTE. O per\u00edodo para cadastro inicia-se \u00e0s 00h do dia <strong>09 de janeiro de 2026<\/strong> e segue at\u00e9 o dia <strong>09 de fevereiro de 2026<\/strong>. \u00c9 fundamental que o candidato preencha o Requerimento de Inscri\u00e7\u00e3o com aten\u00e7\u00e3o e emita o boleto banc\u00e1rio para pagamento.<\/p>\n<p>Os valores das taxas de inscri\u00e7\u00e3o foram definidos conforme o n\u00edvel de escolaridade exigido para o cargo:<\/p>\n<ul>\n<li><strong>N\u00edvel Fundamental e Alfabetizado:<\/strong> R$ 100,00<\/li>\n<li><strong>N\u00edvel M\u00e9dio e T\u00e9cnico:<\/strong> R$ 150,00<\/li>\n<li><strong>N\u00edvel Superior:<\/strong> R$ 200,00<\/li>\n<\/ul>\n<p>O pagamento do boleto deve ser efetuado at\u00e9 o dia <strong>10 de fevereiro de 2026<\/strong>. Candidatos que cumpram os requisitos legais para isen\u00e7\u00e3o da taxa devem protocolar o pedido entre os dias <strong>09 e 15 de janeiro de 2026<\/strong>, seguindo as normas estipuladas no edital. Recomendamos a leitura atenta do documento oficial para conferir todas as regras de isen\u00e7\u00e3o e valida\u00e7\u00e3o da inscri\u00e7\u00e3o.<\/p>\n<h2>Etapas e Provas<\/h2>\n<p>O processo seletivo ser\u00e1 composto por diferentes etapas, variando de acordo com o cargo pretendido. A etapa comum a todos os candidatos \u00e9 a <strong>Prova Objetiva<\/strong>, de car\u00e1ter eliminat\u00f3rio e classificat\u00f3rio, prevista para ser aplicada no dia <strong>01 de mar\u00e7o de 2026<\/strong>. Esta avalia\u00e7\u00e3o ter\u00e1 dura\u00e7\u00e3o de 4 horas e consistir\u00e1 em 40 quest\u00f5es de m\u00faltipla escolha, distribu\u00eddas entre:<\/p>\n<ul>\n<li>Conhecimentos Espec\u00edficos (20 quest\u00f5es);<\/li>\n<li>L\u00edngua Portuguesa (08 quest\u00f5es);<\/li>\n<li>Matem\u00e1tica (07 quest\u00f5es);<\/li>\n<li>No\u00e7\u00f5es de Inform\u00e1tica (05 quest\u00f5es).<\/li>\n<\/ul>\n<p>Al\u00e9m da etapa objetiva, haver\u00e1 fases espec\u00edficas para determinados cargos:<\/p>\n<ul>\n<li><strong>Prova Pr\u00e1tica:<\/strong> De car\u00e1ter eliminat\u00f3rio e classificat\u00f3rio, exclusiva para os cargos de Motorista e Borracheiro.<\/li>\n<li><strong>Prova de T\u00edtulos:<\/strong> De car\u00e1ter classificat\u00f3rio, para os cargos de Advogado e Professores (diversas especialidades).<\/li>\n<li><strong>Prova de Desempenho Did\u00e1tico\/Banca:<\/strong> Para cargos do magist\u00e9rio, M\u00e9dico Veterin\u00e1rio, Psic\u00f3logo e Advogado, consistindo em aula ou estudo de caso, conforme a fun\u00e7\u00e3o.<\/li>\n<\/ul>\n<p>Para ser aprovado na prova objetiva, o candidato deve obter nota igual ou superior a 5,00. \u00c9 imprescind\u00edvel consultar o edital completo para verificar o conte\u00fado program\u00e1tico detalhado e os crit\u00e9rios espec\u00edficos de pontua\u00e7\u00e3o para as provas pr\u00e1ticas e de desempenho.<\/p>\n<h2>Resultados e Gabarito<\/h2>\n<p>O cronograma oficial prev\u00ea a divulga\u00e7\u00e3o dos gabaritos preliminares da prova objetiva e dos cadernos de prova no dia <strong>02 de mar\u00e7o de 2026<\/strong>. Os candidatos poder\u00e3o acessar o espelho do cart\u00e3o-resposta na \u00e1rea restrita do site da banca a partir de 04 de mar\u00e7o. O per\u00edodo para interposi\u00e7\u00e3o de recursos contra o gabarito preliminar ser\u00e1 no dia 05 de mar\u00e7o de 2026.<\/p>\n<p>Os resultados das etapas subsequentes seguir\u00e3o o seguinte fluxo:<\/p>\n<ul>\n<li><strong>Resultado da Prova Objetiva (Nota Oficial):<\/strong> 18 de mar\u00e7o de 2026.<\/li>\n<li><strong>Notas Oficiais de T\u00edtulos, Pr\u00e1tica e Desempenho:<\/strong> Previstas para o in\u00edcio de abril de 2026.<\/li>\n<li><strong>Resultado Final e Homologa\u00e7\u00e3o:<\/strong> A publica\u00e7\u00e3o da classifica\u00e7\u00e3o definitiva e a homologa\u00e7\u00e3o do concurso est\u00e3o agendadas para o dia <strong>17 de abril de 2026<\/strong>.<\/li>\n<\/ul>\n<p>A convoca\u00e7\u00e3o dos aprovados obedecer\u00e1 rigorosamente \u00e0 ordem de classifica\u00e7\u00e3o e \u00e0 necessidade do Munic\u00edpio. \u00c9 de inteira responsabilidade do candidato acompanhar todas as publica\u00e7\u00f5es e atos oficiais referentes a este certame no site da <strong>FUNDESTE\/Unochapec\u00f3<\/strong> e no <strong>Di\u00e1rio Oficial dos Munic\u00edpios de Santa Catarina (DOM\/SC)<\/strong>.<\/p>\n","protected":false},"excerpt":{"rendered":"<p>Concurso Pref. Ipua\u00e7u (SC) com edital publicado! Vagas p\/ Professor, Motorista (Fund. a Sup.). Inscri\u00e7\u00f5es a partir de 09\/01. Sal\u00e1rios at\u00e9 R$10.4k. Confira detalhes!<\/p>\n","protected":false},"author":5229,"featured_media":276233,"comment_status":"open","ping_status":"open","sticky":false,"template":"","format":"standard","meta":{"_acf_changed":false,"_breakdance_hide_in_design_set":false,"_breakdance_tags":"","footnotes":""},"categories":[3,5,9,10,141,6434,12,14,18,19,6871,21,22,23,25,26,108,143,134],"tags":[61],"_amplo":[],"destaque":[],"instituicoes":[],"class_list":["post-276234","post","type-post","status-publish","format-standard","has-post-thumbnail","hentry","category-administracao","category-arquitetura","category-ciencias-contabeis","category-direito","category-educacao-artistica","category-educacao-fisica-licenciatura","category-enfermagem","category-engenharia","category-fisioterapia","category-fonoaudiologia","category-letras-ingles","category-medicina","category-veterinaria","category-nutricao","category-pedagogia","category-psicologia","category-tecnico-enfermagem","category-tecnico-odontologia","category-terapia-ocupacional","tag-santa-catarina"],"acf":{"_tipo_vagas":"vagas","_numero_vagas":"","_quadro_vagas":"","_cargos":"diversos","_cargos_especificos":"","_salario_max":"R$ 10400.69","_abertura":"20260109","_encerramento":"20260209","_inscricoes":"https:\/\/acafe.org.br\/uno\/ipuacu\/002","_executora_concurso":"","_instituicao_concurso":[],"_link_adicional":null,"_anexos":null,"_produtos":null,"_vagas":"33 vagas + CR","_salario_min":"R$ 1711.16","_instituicao":"Prefeitura Ipua\u00e7u","_edital":"https:\/\/www.agrobase.com.br\/concursos\/wp-content\/uploads\/sites\/4\/2026\/01\/edital-02-2025-prefeitura-ipuacu-sc.pdf","_anexos_edital":"","_fund_incompleto":"<div>\r\n<table class=\"quadro\">\r\n<thead>\r\n<tr>\r\n<th class=\"hcargo\">Cargo<\/th>\r\n<th class=\"hvagas\">Vagas<\/th>\r\n<th class=\"hremuneracao\">Remunera\u00e7\u00e3o<\/th>\r\n<\/tr>\r\n<\/thead>\r\n    <tbody>\r\n      <td class=\"ccargos\">\r\n<span data-balloon-length=\"medium\" data-balloon-pos=\"up\">Motorista<\/span><\/td>\r\n<td class=\"cvagas\">05 + CR<\/td>\r\n<td class=\"cremuneracao\">R$ 2.310,31 \/40h<\/td>\r\n<\/tr>\r\n    <\/tbody>\r\n  <\/table>\r\n<\/div>","_fund_completo":"<div>\r\n<table class=\"quadro\">\r\n<thead>\r\n<tr>\r\n<th class=\"hcargo\">Cargo<\/th>\r\n<th class=\"hvagas\">Vagas<\/th>\r\n<th class=\"hremuneracao\">Remunera\u00e7\u00e3o<\/th>\r\n<\/tr>\r\n<\/thead>\r\n    <tbody>\r\n      <td class=\"ccargos\">\r\n<span data-balloon-length=\"medium\" aria-label=\"Ensino Fundamental.\" data-balloon-pos=\"up\">Borracheiro<\/span><\/td>\r\n<td class=\"cvagas\">01<\/td>\r\n<td class=\"cremuneracao\">R$ 3.000,00 \/40h<\/td>\r\n<\/tr>\r\n    <\/tbody>\r\n  <\/table>\r\n<\/div>","_medio":"<div>\r\n<table class=\"quadro\">\r\n<thead>\r\n<tr>\r\n<th class=\"hcargo\">Cargo<\/th>\r\n<th class=\"hvagas\">Vagas<\/th>\r\n<th class=\"hremuneracao\">Remunera\u00e7\u00e3o<\/th>\r\n<\/tr>\r\n<\/thead>\r\n    <tbody>\r\n      <td class=\"ccargos\">\r\n<span data-balloon-length=\"medium\" aria-label=\"Ensino M\u00e9dio.\" data-balloon-pos=\"up\">Auxiliar de gest\u00e3o administrativa<\/span><\/td>\r\n<td class=\"cvagas\">01<\/td>\r\n<td class=\"cremuneracao\">R$ 3.500,00 \/40h<\/td>\r\n<\/tr><td class=\"ccargos\">\r\n<span data-balloon-length=\"medium\" aria-label=\"Ensino M\u00e9dio e Superior incompleto em qualquer licenciatura na \u00e1rea da educa\u00e7\u00e3o.\" data-balloon-pos=\"up\">Monitor Educacional<\/span><\/td>\r\n<td class=\"cvagas\">03 + CR<\/td>\r\n<td class=\"cremuneracao\">R$ 1.711,16 \/20h<\/td>\r\n<\/tr><td class=\"ccargos\">\r\n<span data-balloon-length=\"medium\" aria-label=\"Ensino M\u00e9dio t\u00e9cnico ou com complementa\u00e7\u00e3o espec\u00edfica e inscri\u00e7\u00e3o no respectivo Conselho Regional da Profiss\u00e3o.\" data-balloon-pos=\"up\">T\u00e9cnico em Enfermagem<\/span><\/td>\r\n<td class=\"cvagas\">02 + CR<\/td>\r\n<td class=\"cremuneracao\">R$ 3.289,45 \/40h<\/td>\r\n<\/tr><td class=\"ccargos\">\r\n<span data-balloon-length=\"medium\" aria-label=\"Ensino M\u00e9dio, Curso T\u00e9cnico em Farm\u00e1cia, realizado em institui\u00e7\u00e3o de ensino reconhecida pelo Minist\u00e9rio da Educa\u00e7\u00e3o (MEC).\" data-balloon-pos=\"up\">T\u00e9cnico em Farm\u00e1cia<\/span><\/td>\r\n<td class=\"cvagas\">01 + CR<\/td>\r\n<td class=\"cremuneracao\">R$ 3.045,00 \/40h<\/td>\r\n<\/tr><td class=\"ccargos\">\r\n<span data-balloon-length=\"medium\" aria-label=\"Ensino M\u00e9dio, Curso T\u00e9cnico na \u00e1rea de atua\u00e7\u00e3o do cargo e inscri\u00e7\u00e3o no respectivo Conselho Regional da Profiss\u00e3o.\" data-balloon-pos=\"up\">T\u00e9cnico em Sa\u00fade Bucal<\/span><\/td>\r\n<td class=\"cvagas\">01 + CR<\/td>\r\n<td class=\"cremuneracao\">R$ 2.940,79 \/40h<\/td>\r\n<\/tr>\r\n    <\/tbody>\r\n  <\/table>\r\n<\/div>","_superior":"<div>\r\n<table class=\"quadro\">\r\n<thead>\r\n<tr>\r\n<th class=\"hcargo\">Cargo<\/th>\r\n<th class=\"hvagas\">Vagas<\/th>\r\n<th class=\"hremuneracao\">Remunera\u00e7\u00e3o<\/th>\r\n<\/tr>\r\n<\/thead>\r\n    <tbody>\r\n      <tr>\r\n<td class=\"ccargos\">\r\n<span data-balloon-length=\"medium\" aria-label=\"Curso Superior em Direito e Registro no respectivo Conselho Regional da Profiss\u00e3o.\" data-balloon-pos=\"up\">Advogado<\/span><\/td>\r\n<td class=\"cvagas\">CR<\/td>\r\n<td class=\"cremuneracao\">R$ 9.334,53 \/16h<\/td>\r\n<\/tr><tr>\r\n<td class=\"ccargos\">\r\n<span data-balloon-length=\"medium\" data-balloon-pos=\"up\">Agente da Defesa Civil<\/span><\/td>\r\n<td class=\"cvagas\">01<\/td>\r\n<td class=\"cremuneracao\">R$ 4.302,26 \/40h<\/td>\r\n<\/tr><tr>\r\n<td class=\"ccargos\">\r\n<span data-balloon-length=\"medium\" aria-label=\"Curso Superior em qualquer \u00e1rea.\" data-balloon-pos=\"up\">Assistente Administrativo<\/span><\/td>\r\n<td class=\"cvagas\">01 + CR<\/td>\r\n<td class=\"cremuneracao\">R$ 4.500,00 \/40h<\/td>\r\n<\/tr><tr>\r\n<td class=\"ccargos\">\r\n<span data-balloon-length=\"medium\" aria-label=\"Curso Superior em Enfermagem e Registro no respectivo Conselho Regional da Profiss\u00e3o.\" data-balloon-pos=\"up\">Enfermeiro<\/span><\/td>\r\n<td class=\"cvagas\">02 + CR<\/td>\r\n<td class=\"cremuneracao\">R$ 6.866,46 \/40h<\/td>\r\n<\/tr><tr>\r\n<td class=\"ccargos\">\r\n<span data-balloon-length=\"medium\" aria-label=\"Curso Superior em Direito, Ci\u00eancias Cont\u00e1beis, Administra\u00e7\u00e3o, Engenharia Civil ou Arquitetura e Urbanismo.\" data-balloon-pos=\"up\">Fiscal de Obras e Posturas<\/span><\/td>\r\n<td class=\"cvagas\">01<\/td>\r\n<td class=\"cremuneracao\">R$ 5.000,00 \/40h<\/td>\r\n<\/tr><tr>\r\n<td class=\"ccargos\">\r\n<span data-balloon-length=\"medium\" aria-label=\"Curso Superior em Fisioterapia e Registro no respectivo Conselho Regional da Profiss\u00e3o.\" data-balloon-pos=\"up\">Fisioterapeuta<\/span><\/td>\r\n<td class=\"cvagas\">01<\/td>\r\n<td class=\"cremuneracao\">R$ 3.931,62 \/20h<\/td>\r\n<\/tr><tr>\r\n<td class=\"ccargos\">\r\n<span data-balloon-length=\"medium\" aria-label=\"Curso Superior em Fonoaudiologia e Registro no respectivo Conselho Regional da Profiss\u00e3o.\" data-balloon-pos=\"up\">Fonoaudi\u00f3logo<\/span><\/td>\r\n<td class=\"cvagas\">01 + CR<\/td>\r\n<td class=\"cremuneracao\">R$ 3.433,00 \/20h<\/td>\r\n<\/tr><tr>\r\n<td class=\"ccargos\">\r\n<span data-balloon-length=\"medium\" aria-label=\"Curso Superior em Medicina e Registro no respectivo Conselho Regional da Profiss\u00e3o.\" data-balloon-pos=\"up\">M\u00e9dico<\/span><\/td>\r\n<td class=\"cvagas\">CR<\/td>\r\n<td class=\"cremuneracao\">R$ 10.400,69 \/20h<\/td>\r\n<\/tr><tr>\r\n<td class=\"ccargos\">\r\n<span data-balloon-length=\"medium\" aria-label=\"Curso Superior em Medicina Veterin\u00e1ria e Registro no respectivo Conselho Regional da Profiss\u00e3o.\" data-balloon-pos=\"up\">M\u00e9dico Veterin\u00e1rio<\/span><\/td>\r\n<td class=\"cvagas\">01<\/td>\r\n<td class=\"cremuneracao\">R$ 9.543,08 \/40h<\/td>\r\n<\/tr><tr>\r\n<td class=\"ccargos\">\r\n<span data-balloon-length=\"medium\" aria-label=\"Curso Superior em Nutri\u00e7\u00e3o e Registro no respectivo Conselho Regional da Profiss\u00e3o.\" data-balloon-pos=\"up\">Nutricionista<\/span><\/td>\r\n<td class=\"cvagas\">01<\/td>\r\n<td class=\"cremuneracao\">R$ 3.433,00 \/20h<\/td>\r\n<\/tr><tr>\r\n<td class=\"ccargos\">\r\n<span data-balloon-length=\"medium\" aria-label=\"Curso Superior em Pedagogia.\" data-balloon-pos=\"up\">Professor Pedagogo Prote\u00e7\u00e3o Social<\/span><\/td>\r\n<td class=\"cvagas\">01<\/td>\r\n<td class=\"cremuneracao\">R$ 5.000,00 \/40h<\/td>\r\n<\/tr><tr>\r\n<td class=\"ccargos\">\r\n<span data-balloon-length=\"medium\" aria-label=\"Curso Superior de Licenciatura plena em Educa\u00e7\u00e3o F\u00edsica e Registro no respectivo Conselho Regional da Profiss\u00e3o.\" data-balloon-pos=\"up\">Professor II - Educa\u00e7\u00e3o F\u00edsica<\/span><\/td>\r\n<td class=\"cvagas\">01 + CR<\/td>\r\n<td class=\"cremuneracao\">R$ 2.433,84 \/20h<\/td>\r\n<\/tr><tr>\r\n<td class=\"ccargos\">\r\n<span data-balloon-length=\"medium\" aria-label=\"Curso Superior de Licenciatura plena em Educa\u00e7\u00e3o F\u00edsica e Registro no respectivo Conselho Regional da Profiss\u00e3o.\" data-balloon-pos=\"up\">Professor II - Educa\u00e7\u00e3o F\u00edsica<\/span><\/td>\r\n<td class=\"cvagas\">CR<\/td>\r\n<td class=\"cremuneracao\">R$ 4.867,77 \/40h<\/td>\r\n<\/tr><tr>\r\n<td class=\"ccargos\">\r\n<span data-balloon-length=\"medium\" aria-label=\"Curso Superior de Licenciatura plena em Letras - Ingl\u00eas.\" data-balloon-pos=\"up\">Professor II - Ingl\u00eas<\/span><\/td>\r\n<td class=\"cvagas\">01 + CR<\/td>\r\n<td class=\"cremuneracao\">R$ 3.650,82 \/30h<\/td>\r\n<\/tr><tr>\r\n<td class=\"ccargos\">\r\n<span data-balloon-length=\"medium\" aria-label=\"Curso Superior de Licenciatura plena em Artes.\" data-balloon-pos=\"up\">Professor II - Artes<\/span><\/td>\r\n<td class=\"cvagas\">01 + CR<\/td>\r\n<td class=\"cremuneracao\">R$ 2.433,84 \/20h<\/td>\r\n<\/tr><tr>\r\n<td class=\"ccargos\">\r\n<span data-balloon-length=\"medium\" aria-label=\"Diploma e Hist\u00f3rico Escolar de Conclus\u00e3o de Curso Superior de Licenciatura Plena em Pedagogia, ou Licenciatura Plena ou Licenciatura Plena em Pedagogia \u2013 Educa\u00e7\u00e3o Infantil, ou Curso Normal Superior.\" data-balloon-pos=\"up\">Professor II - Educa\u00e7\u00e3o Infantil<\/span><\/td>\r\n<td class=\"cvagas\">05 + CR<\/td>\r\n<td class=\"cremuneracao\">R$ 2.433,84 \/20h<\/td>\r\n<\/tr><tr>\r\n<td class=\"ccargos\">\r\n<span data-balloon-length=\"medium\" aria-label=\"Curso Superior em Psicopedagogia.\" data-balloon-pos=\"up\">Professor II - Psicopedagoga<\/span><\/td>\r\n<td class=\"cvagas\">01 + CR<\/td>\r\n<td class=\"cremuneracao\">R$ 2.433,84 \/20h<\/td>\r\n<\/tr><tr>\r\n<td class=\"ccargos\">\r\n<span data-balloon-length=\"medium\" aria-label=\"Curso Superior em Psicologia e Registro no respectivo Conselho Regional da Profiss\u00e3o.\" data-balloon-pos=\"up\">Psic\u00f3logo<\/span><\/td>\r\n<td class=\"cvagas\">01 + CR<\/td>\r\n<td class=\"cremuneracao\">R$ 6.766,46 \/40h<\/td>\r\n<\/tr><tr>\r\n<td class=\"ccargos\">\r\n<span data-balloon-length=\"medium\" aria-label=\"Curso Superior em Terapia Ocupacional e Registro no respectivo Conselho Regional da Profiss\u00e3o.\" data-balloon-pos=\"up\">Terapeuta Ocupacional<\/span><\/td>\r\n<td class=\"cvagas\">01<\/td>\r\n<td class=\"cremuneracao\">R$ 2.746,00 \/16h<\/td>\r\n<\/tr>\r\n    <\/tbody>\r\n  <\/table>\r\n<\/div>"},"_links":{"self":[{"href":"https:\/\/www.agrobase.com.br\/concursos\/wp-json\/wp\/v2\/posts\/276234","targetHints":{"allow":["GET"]}}],"collection":[{"href":"https:\/\/www.agrobase.com.br\/concursos\/wp-json\/wp\/v2\/posts"}],"about":[{"href":"https:\/\/www.agrobase.com.br\/concursos\/wp-json\/wp\/v2\/types\/post"}],"author":[{"embeddable":true,"href":"https:\/\/www.agrobase.com.br\/concursos\/wp-json\/wp\/v2\/users\/5229"}],"replies":[{"embeddable":true,"href":"https:\/\/www.agrobase.com.br\/concursos\/wp-json\/wp\/v2\/comments?post=276234"}],"version-history":[{"count":3,"href":"https:\/\/www.agrobase.com.br\/concursos\/wp-json\/wp\/v2\/posts\/276234\/revisions"}],"predecessor-version":[{"id":276303,"href":"https:\/\/www.agrobase.com.br\/concursos\/wp-json\/wp\/v2\/posts\/276234\/revisions\/276303"}],"wp:featuredmedia":[{"embeddable":true,"href":"https:\/\/www.agrobase.com.br\/concursos\/wp-json\/wp\/v2\/media\/276233"}],"wp:attachment":[{"href":"https:\/\/www.agrobase.com.br\/concursos\/wp-json\/wp\/v2\/media?parent=276234"}],"wp:term":[{"taxonomy":"category","embeddable":true,"href":"https:\/\/www.agrobase.com.br\/concursos\/wp-json\/wp\/v2\/categories?post=276234"},{"taxonomy":"post_tag","embeddable":true,"href":"https:\/\/www.agrobase.com.br\/concursos\/wp-json\/wp\/v2\/tags?post=276234"},{"taxonomy":"_amplo","embeddable":true,"href":"https:\/\/www.agrobase.com.br\/concursos\/wp-json\/wp\/v2\/_amplo?post=276234"},{"taxonomy":"destaque","embeddable":true,"href":"https:\/\/www.agrobase.com.br\/concursos\/wp-json\/wp\/v2\/destaque?post=276234"},{"taxonomy":"instituicoes","embeddable":true,"href":"https:\/\/www.agrobase.com.br\/concursos\/wp-json\/wp\/v2\/instituicoes?post=276234"}],"curies":[{"name":"wp","href":"https:\/\/api.w.org\/{rel}","templated":true}]}}