{"id":276230,"date":"2026-01-02T08:00:28","date_gmt":"2026-01-02T11:00:28","guid":{"rendered":"https:\/\/www.agrobase.com.br\/concursos\/?p=276230"},"modified":"2026-01-01T18:15:21","modified_gmt":"2026-01-01T21:15:21","slug":"prefeitura-irani-sc-concurso-01-2025","status":"publish","type":"post","link":"https:\/\/www.agrobase.com.br\/concursos\/2026\/prefeitura-irani-sc-concurso-01-2025\/","title":{"rendered":"Prefeitura Irani (SC) &#8211; Concurso 01\/2025"},"content":{"rendered":"<h2>Informa\u00e7\u00f5es Gerais<\/h2>\n<p>O <strong>Munic\u00edpio de Irani<\/strong>, no estado de Santa Catarina, torna p\u00fablica a realiza\u00e7\u00e3o do <strong>Concurso P\u00fablico n\u00ba 01\/2025<\/strong>, sob organiza\u00e7\u00e3o da AMAUC (Associa\u00e7\u00e3o de Munic\u00edpios do Alto Uruguai Catarinense). O certame visa o provimento de <strong>21 vagas imediatas<\/strong>, al\u00e9m da forma\u00e7\u00e3o de cadastro de reserva, para profissionais de todos os n\u00edveis de escolaridade: fundamental, m\u00e9dio, t\u00e9cnico e superior.<\/p>\n<p>As oportunidades abrangem diversas \u00e1reas da administra\u00e7\u00e3o municipal, incluindo setores operacionais, administrativos, sa\u00fade, educa\u00e7\u00e3o e engenharia. Os candidatos aprovados e convocados ser\u00e3o contratados sob o <strong>regime Estatut\u00e1rio<\/strong>, garantindo estabilidade empregat\u00edcia conforme a legisla\u00e7\u00e3o local. As remunera\u00e7\u00f5es iniciais variam de <strong>R$ 1.742,50 a R$ 10.415,09<\/strong>, dependendo do cargo e da carga hor\u00e1ria.<\/p>\n<p>Este \u00e9 um momento oportuno para ingressar no servi\u00e7o p\u00fablico catarinense. Confira abaixo os detalhes sobre prazos, etapas de avalia\u00e7\u00e3o e crit\u00e9rios de classifica\u00e7\u00e3o.<\/p>\n<h2>Inscri\u00e7\u00f5es<\/h2>\n<p>As inscri\u00e7\u00f5es para o Concurso de Irani\/SC devem ser realizadas exclusivamente pela internet, no site da banca organizadora <strong>AMAUC<\/strong>. O per\u00edodo para cadastro inicia-se no dia <strong>07 de janeiro de 2026<\/strong> e segue aberto at\u00e9 o dia <strong>05 de fevereiro de 2026<\/strong>.<\/p>\n<p>Para efetivar a participa\u00e7\u00e3o, o candidato deve preencher o formul\u00e1rio eletr\u00f4nico e emitir o boleto banc\u00e1rio. O pagamento da taxa de inscri\u00e7\u00e3o deve ser efetuado at\u00e9 o dia <strong>06 de fevereiro de 2026<\/strong> em qualquer ag\u00eancia banc\u00e1ria, terminal de autoatendimento ou via internet banking. \u00c9 fundamental atentar-se aos hor\u00e1rios de processamento banc\u00e1rio para evitar a perda do prazo.<\/p>\n<p>Os valores das taxas de inscri\u00e7\u00e3o variam conforme o n\u00edvel de escolaridade do cargo pretendido e devem ser consultados diretamente no edital oficial, uma vez que o pagamento em valor divergente ou fora do prazo implicar\u00e1 no indeferimento da inscri\u00e7\u00e3o. Recomenda-se que o candidato acompanhe a homologa\u00e7\u00e3o das inscri\u00e7\u00f5es na \u00e1rea restrita do site da organizadora.<\/p>\n<p>Antes de se inscrever, leia atentamente o edital completo para verificar os requisitos espec\u00edficos de cada cargo e as normas detalhadas do certame.<\/p>\n<h2>Etapas e Provas<\/h2>\n<p>O processo seletivo ser\u00e1 composto por diferentes etapas de avalia\u00e7\u00e3o, variando conforme o cargo pleiteado. A etapa comum a todos os candidatos \u00e9 a <strong>Prova Escrita Objetiva<\/strong>, de car\u00e1ter eliminat\u00f3rio e classificat\u00f3rio.<\/p>\n<ul>\n<li><strong>Prova Escrita Objetiva:<\/strong> Prevista para o dia <strong>22 de fevereiro de 2026<\/strong>. Ser\u00e1 composta por 40 quest\u00f5es de m\u00faltipla escolha, com 05 alternativas cada. A dura\u00e7\u00e3o da prova ser\u00e1 de, no m\u00ednimo, 1 hora e, no m\u00e1ximo, 3 horas. O candidato deve comparecer ao local com anteced\u00eancia m\u00ednima de 30 minutos, portando documento de identidade e caneta esferogr\u00e1fica de material transparente (tinta azul ou preta).<\/li>\n<li><strong>Prova Pr\u00e1tica:<\/strong> De car\u00e1ter classificat\u00f3rio, destinada exclusivamente aos cargos de Mec\u00e2nico, Operador de M\u00e1quinas Rodovi\u00e1rias (I, II e III), Agente de Constru\u00e7\u00e3o e Manuten\u00e7\u00e3o e Motorista. A aplica\u00e7\u00e3o est\u00e1 prevista para <strong>01 de mar\u00e7o de 2026<\/strong>. Esta etapa avalia o desempenho t\u00e9cnico e as habilidades inerentes \u00e0 fun\u00e7\u00e3o.<\/li>\n<li><strong>Prova de T\u00edtulos:<\/strong> De car\u00e1ter classificat\u00f3rio, exclusiva para cargos de n\u00edvel superior espec\u00edficos (como Professores, Auditor Tribut\u00e1rio, Analista de Licita\u00e7\u00f5es, entre outros listados no edital). Os documentos devem ser enviados em formato PDF durante o per\u00edodo de inscri\u00e7\u00f5es.<\/li>\n<\/ul>\n<p>Para ser considerado aprovado na prova objetiva, o candidato deve obter nota final igual ou superior a 5,00 pontos. Para detalhes sobre o conte\u00fado program\u00e1tico e crit\u00e9rios espec\u00edficos de pontua\u00e7\u00e3o, a leitura do edital \u00e9 indispens\u00e1vel.<\/p>\n<h2>Resultados e Gabarito<\/h2>\n<p>O gabarito preliminar e os cadernos de quest\u00f5es ser\u00e3o disponibilizados no dia seguinte \u00e0 aplica\u00e7\u00e3o da prova escrita. A divulga\u00e7\u00e3o da homologa\u00e7\u00e3o final das inscri\u00e7\u00f5es, contendo os locais de prova, est\u00e1 prevista para <strong>12 de fevereiro de 2026<\/strong>.<\/p>\n<p>A classifica\u00e7\u00e3o final ser\u00e1 organizada em ordem decrescente de nota. Em caso de empate, ser\u00e3o aplicados crit\u00e9rios como: idade igual ou superior a 60 anos (Estatuto do Idoso), maior pontua\u00e7\u00e3o em Conhecimentos Espec\u00edficos, L\u00edngua Portuguesa, Conhecimentos Gerais e maior idade.<\/p>\n<p>A <strong>homologa\u00e7\u00e3o do resultado final<\/strong> est\u00e1 prevista para ser publicada em <strong>13 de mar\u00e7o de 2026<\/strong>. O concurso ter\u00e1 validade de 2 anos, podendo ser prorrogado uma \u00fanica vez por igual per\u00edodo.<\/p>\n<p>\u00c9 de inteira responsabilidade do candidato acompanhar todas as publica\u00e7\u00f5es, convoca\u00e7\u00f5es e avisos oficiais referentes a este concurso p\u00fablico diretamente no site da <strong>AMAUC<\/strong> e no Di\u00e1rio Oficial dos Munic\u00edpios.<\/p>\n","protected":false},"excerpt":{"rendered":"<p>Concurso Pref. Irani (SC) com edital publicado! Vagas p\/ Auditor e Eng. Civil (Fund. a Sup.). Inscri\u00e7\u00f5es a partir de 07\/01. Sal\u00e1rios at\u00e9 R$10,4k. Confira!<\/p>\n","protected":false},"author":5229,"featured_media":276229,"comment_status":"open","ping_status":"open","sticky":false,"template":"","format":"standard","meta":{"_acf_changed":false,"_breakdance_hide_in_design_set":false,"_breakdance_tags":"","footnotes":""},"categories":[3,9,10,117,141,6434,12,14,100,20,6871,116,25,26,101,108,143],"tags":[61],"_amplo":[],"destaque":[],"instituicoes":[],"class_list":["post-276230","post","type-post","status-publish","format-standard","has-post-thumbnail","hentry","category-administracao","category-ciencias-contabeis","category-direito","category-economia","category-educacao-artistica","category-educacao-fisica-licenciatura","category-enfermagem","category-engenharia","category-historia","category-letras","category-letras-ingles","category-matematica","category-pedagogia","category-psicologia","category-servico-social","category-tecnico-enfermagem","category-tecnico-odontologia","tag-santa-catarina"],"acf":{"_tipo_vagas":"vagas","_numero_vagas":"","_quadro_vagas":"","_cargos":"diversos","_cargos_especificos":"","_salario_max":"R$ 10415.09","_abertura":"20260107","_encerramento":"20260205","_inscricoes":"https:\/\/amauc.selecao.net.br\/","_executora_concurso":"","_instituicao_concurso":[],"_link_adicional":null,"_anexos":null,"_produtos":null,"_vagas":"21 vagas + CR","_salario_min":"R$ 1742.5","_instituicao":"Prefeitura de Irani","_edital":"https:\/\/www.agrobase.com.br\/concursos\/wp-content\/uploads\/sites\/4\/2026\/01\/edital-01-2025-prefeitura-irani-sc.pdf","_anexos_edital":"","_fund_incompleto":"<div>\r\n<table class=\"quadro\">\r\n<thead>\r\n<tr>\r\n<th class=\"hcargo\">Cargo<\/th>\r\n<th class=\"hvagas\">Vagas<\/th>\r\n<th class=\"hremuneracao\">Remunera\u00e7\u00e3o<\/th>\r\n<\/tr>\r\n<\/thead>\r\n    <tbody>\r\n      <td class=\"ccargos\">\r\n<span data-balloon-length=\"medium\" aria-label=\"Ensino Fundamental (m\u00ednimo at\u00e9 o 4\u00ba ano)\" data-balloon-pos=\"up\">Auxiliar de Servi\u00e7os Gerais<\/span><\/td>\r\n<td class=\"cvagas\">CR<\/td>\r\n<td class=\"cremuneracao\">R$ 1.742,50 \/40h<\/td>\r\n<\/tr><td class=\"ccargos\">\r\n<span data-balloon-length=\"medium\" aria-label=\"Ensino Fundamental (m\u00ednimo at\u00e9 o 4\u00ba ano), CNH categoria 'C' ou superior (conforme Art. 143, III e Art. 144 do CTB) e comprovada capacidade t\u00e9cnica para operar retroescavadeira, mini carregadeira e rolo compactador.\" data-balloon-pos=\"up\">Operador de M\u00e1quinas Rodovi\u00e1rias I<\/span><\/td>\r\n<td class=\"cvagas\">01 + CR<\/td>\r\n<td class=\"cremuneracao\">R$ 3.171,64 \/40h<\/td>\r\n<\/tr><td class=\"ccargos\">\r\n<span data-balloon-length=\"medium\" aria-label=\"Ensino Fundamental (m\u00ednimo at\u00e9 o 4\u00ba ano), CNH categoria 'C' ou superior (conforme Art. 143, III e Art. 144 do CTB) e comprovada capacidade t\u00e9cnica para operar escavadeira hidr\u00e1ulica, p\u00e1 carregadeira e trator.\" data-balloon-pos=\"up\">Operador de M\u00e1quinas Rodovi\u00e1rias II<\/span><\/td>\r\n<td class=\"cvagas\">CR<\/td>\r\n<td class=\"cremuneracao\">R$ 3.488,81 \/40h<\/td>\r\n<\/tr><td class=\"ccargos\">\r\n<span data-balloon-length=\"medium\" aria-label=\"Ensino Fundamental (m\u00ednimo at\u00e9 o 4\u00ba ano), CNH categoria 'C' ou superior (conforme Art. 143, III e Art. 144 do CTB) e comprovada capacidade t\u00e9cnica para operar motoniveladora (patrola).\" data-balloon-pos=\"up\">Operador de M\u00e1quinas Rodovi\u00e1rias III<\/span><\/td>\r\n<td class=\"cvagas\">CR<\/td>\r\n<td class=\"cremuneracao\">R$ 3.802,80 \/40h<\/td>\r\n<\/tr><td class=\"ccargos\">\r\n<span data-balloon-length=\"medium\" aria-label=\"Ensino Fundamental (m\u00ednimo at\u00e9 o 4\u00ba ano)\" data-balloon-pos=\"up\">Agente de Constru\u00e7\u00e3o e Manuten\u00e7\u00e3o<\/span><\/td>\r\n<td class=\"cvagas\">01 + CR<\/td>\r\n<td class=\"cremuneracao\">R$ 3.488,81 \/40h<\/td>\r\n<\/tr><td class=\"ccargos\">\r\n<span data-balloon-length=\"medium\" aria-label=\"Ensino Fundamental (m\u00ednimo at\u00e9 o 4\u00ba ano)\" data-balloon-pos=\"up\">Agente de Copa e Limpeza<\/span><\/td>\r\n<td class=\"cvagas\">CR<\/td>\r\n<td class=\"cremuneracao\">R$ 1.742,50 \/40h<\/td>\r\n<\/tr><td class=\"ccargos\">\r\n<span data-balloon-length=\"medium\" aria-label=\"Ensino Fundamental (m\u00ednimo at\u00e9 o 4\u00ba ano) e CNH categoria 'D' ou 'E' (conforme Art. 143, IV, c\/c Arts. 138, 145 e 146 do CTB)\" data-balloon-pos=\"up\">Motorista<\/span><\/td>\r\n<td class=\"cvagas\">01 + CR<\/td>\r\n<td class=\"cremuneracao\">R$ 2.574,39 \/40h<\/td>\r\n<\/tr>\r\n    <\/tbody>\r\n  <\/table>\r\n<\/div>","_fund_completo":"<div>\r\n<table class=\"quadro\">\r\n<thead>\r\n<tr>\r\n<th class=\"hcargo\">Cargo<\/th>\r\n<th class=\"hvagas\">Vagas<\/th>\r\n<th class=\"hremuneracao\">Remunera\u00e7\u00e3o<\/th>\r\n<\/tr>\r\n<\/thead>\r\n    <tbody>\r\n      <td class=\"ccargos\">\r\n<span data-balloon-length=\"medium\" aria-label=\"Ensino Fundamental Completo e comprova\u00e7\u00e3o da capacidade pr\u00e1tica para o desenvolvimento da fun\u00e7\u00e3o\" data-balloon-pos=\"up\">Mec\u00e2nico<\/span><\/td>\r\n<td class=\"cvagas\">CR<\/td>\r\n<td class=\"cremuneracao\">R$ 3.171,64 \/40h<\/td>\r\n<\/tr>\r\n    <\/tbody>\r\n  <\/table>\r\n<\/div>","_medio":"<div>\r\n<table class=\"quadro\">\r\n<thead>\r\n<tr>\r\n<th class=\"hcargo\">Cargo<\/th>\r\n<th class=\"hvagas\">Vagas<\/th>\r\n<th class=\"hremuneracao\">Remunera\u00e7\u00e3o<\/th>\r\n<\/tr>\r\n<\/thead>\r\n    <tbody>\r\n      <td class=\"ccargos\">\r\n<span data-balloon-length=\"medium\" aria-label=\"Ensino M\u00e9dio Completo\" data-balloon-pos=\"up\">Agente Comunit\u00e1ria de Sa\u00fade - \u00c1REA 01 - UBS MARLEI ALVES BATISTA<\/span><\/td>\r\n<td class=\"cvagas\">01 + CR<\/td>\r\n<td class=\"cremuneracao\">R$ 3.066,36 \/40h<\/td>\r\n<\/tr><td class=\"ccargos\">\r\n<span data-balloon-length=\"medium\" aria-label=\"Ensino M\u00e9dio Completo\" data-balloon-pos=\"up\">Agente Comunit\u00e1ria de Sa\u00fade - \u00c1REA 02 - UBS JO\u00c3O GILBERTO MEDEIROS DOS SANTOS<\/span><\/td>\r\n<td class=\"cvagas\">01 + CR<\/td>\r\n<td class=\"cremuneracao\">R$ 3.066,36 \/40h<\/td>\r\n<\/tr><td class=\"ccargos\">\r\n<span data-balloon-length=\"medium\" aria-label=\"Ensino M\u00e9dio Completo\" data-balloon-pos=\"up\">Agente Comunit\u00e1ria de Sa\u00fade \u2013 \u00c1REA 03 - UBS JO\u00c3O GILBERTO<\/span><\/td>\r\n<td class=\"cvagas\">01 + CR<\/td>\r\n<td class=\"cremuneracao\">R$ 3.066,36 \/40h<\/td>\r\n<\/tr><td class=\"ccargos\">\r\n<span data-balloon-length=\"medium\" aria-label=\"Ensino M\u00e9dio Completo\" data-balloon-pos=\"up\">Agente Comunit\u00e1ria de Sa\u00fade - \u00c1REA 04 \u2013 UBS SEDE<\/span><\/td>\r\n<td class=\"cvagas\">01 + CR<\/td>\r\n<td class=\"cremuneracao\">R$ 3.066,36 \/40h<\/td>\r\n<\/tr><td class=\"ccargos\">\r\n<span data-balloon-length=\"medium\" aria-label=\"Ensino M\u00e9dio Completo\" data-balloon-pos=\"up\">Agente Comunit\u00e1ria de Sa\u00fade - \u00c1REA 05 - UBS NOELI TEREZINHA MARCON<\/span><\/td>\r\n<td class=\"cvagas\">01 + CR<\/td>\r\n<td class=\"cremuneracao\">R$ 3.066,36 \/40h<\/td>\r\n<\/tr><td class=\"ccargos\">\r\n<span data-balloon-length=\"medium\" aria-label=\"Ensino M\u00e9dio Completo\" data-balloon-pos=\"up\">Agente Administrativo<\/span><\/td>\r\n<td class=\"cvagas\">01 + CR<\/td>\r\n<td class=\"cremuneracao\">R$ 2.296,31 \/40h<\/td>\r\n<\/tr><td class=\"ccargos\">\r\n<span data-balloon-length=\"medium\" aria-label=\"Ensino M\u00e9dio Completo\" data-balloon-pos=\"up\">Agente de Recursos Humanos<\/span><\/td>\r\n<td class=\"cvagas\">CR<\/td>\r\n<td class=\"cremuneracao\">R$ 4.432,17 \/40h<\/td>\r\n<\/tr><td class=\"ccargos\">\r\n<span data-balloon-length=\"medium\" aria-label=\"Ensino M\u00e9dio Completo\" data-balloon-pos=\"up\">Auxiliar de Creche<\/span><\/td>\r\n<td class=\"cvagas\">01 + CR<\/td>\r\n<td class=\"cremuneracao\">R$ 1.916,75 \/40h<\/td>\r\n<\/tr><td class=\"ccargos\">\r\n<span data-balloon-length=\"medium\" aria-label=\"Ensino m\u00e9dio t\u00e9cnico em Enfermagem ou Ensino M\u00e9dio completo com complementa\u00e7\u00e3o espec\u00edfica em Enfermagem e registro no respectivo Conselho Regional (COREN)\" data-balloon-pos=\"up\">T\u00e9cnico em Enfermagem<\/span><\/td>\r\n<td class=\"cvagas\">01 + CR<\/td>\r\n<td class=\"cremuneracao\">R$ 3.802,80 \/40h<\/td>\r\n<\/tr><td class=\"ccargos\">\r\n<span data-balloon-length=\"medium\" aria-label=\"Ensino M\u00e9dio Completo, Curso de Auxiliar em Sa\u00fade Bucal e registro no Conselho ou \u00d3rg\u00e3o Fiscalizador da profiss\u00e3o.\" data-balloon-pos=\"up\">Auxiliar de Consult\u00f3rio Dent\u00e1rio<\/span><\/td>\r\n<td class=\"cvagas\">01 + CR<\/td>\r\n<td class=\"cremuneracao\">R$ 1.916,75 \/40h<\/td>\r\n<\/tr>\r\n    <\/tbody>\r\n  <\/table>\r\n<\/div>","_superior":"<div>\r\n<table class=\"quadro\">\r\n<thead>\r\n<tr>\r\n<th class=\"hcargo\">Cargo<\/th>\r\n<th class=\"hvagas\">Vagas<\/th>\r\n<th class=\"hremuneracao\">Remunera\u00e7\u00e3o<\/th>\r\n<\/tr>\r\n<\/thead>\r\n    <tbody>\r\n      <tr>\r\n<td class=\"ccargos\">\r\n<span data-balloon-length=\"medium\" aria-label=\"Ensino Superior Completo em Direito, Ci\u00eancias Cont\u00e1beis, Economia ou Administra\u00e7\u00e3o\" data-balloon-pos=\"up\">Auditor Tribut\u00e1rio<\/span><\/td>\r\n<td class=\"cvagas\">01 + CR<\/td>\r\n<td class=\"cremuneracao\">R$ 6.943,38 \/40h<\/td>\r\n<\/tr><tr>\r\n<td class=\"ccargos\">\r\n<span data-balloon-length=\"medium\" aria-label=\"N\u00edvel superior em Engenharia Civil e registro no respectivo Conselho Profissional (CREA)\" data-balloon-pos=\"up\">Engenheiro Civil<\/span><\/td>\r\n<td class=\"cvagas\">CR<\/td>\r\n<td class=\"cremuneracao\">R$ 5.216,67 \/20h<\/td>\r\n<\/tr><tr>\r\n<td class=\"ccargos\">\r\n<span data-balloon-length=\"medium\" aria-label=\"N\u00edvel superior em Servi\u00e7o Social e registro no respectivo Conselho Profissional (CRESS)\" data-balloon-pos=\"up\">Assistente Social<\/span><\/td>\r\n<td class=\"cvagas\">CR<\/td>\r\n<td class=\"cremuneracao\">R$ 6.312,17 \/40h<\/td>\r\n<\/tr><tr>\r\n<td class=\"ccargos\">\r\n<span data-balloon-length=\"medium\" aria-label=\"N\u00edvel superior em Psicologia e registro no respectivo Conselho Profissional (CRP)\" data-balloon-pos=\"up\">Psic\u00f3logo<\/span><\/td>\r\n<td class=\"cvagas\">01 + CR<\/td>\r\n<td class=\"cremuneracao\">R$ 6.312,17 \/40h<\/td>\r\n<\/tr><tr>\r\n<td class=\"ccargos\">\r\n<span data-balloon-length=\"medium\" aria-label=\"N\u00edvel superior em Engenharia Civil e registro no respectivo Conselho Profissional (CREA)\" data-balloon-pos=\"up\">Engenheiro Civil<\/span><\/td>\r\n<td class=\"cvagas\">01 + CR<\/td>\r\n<td class=\"cremuneracao\">R$ 10.415,09 \/40h<\/td>\r\n<\/tr><tr>\r\n<td class=\"ccargos\">\r\n<span data-balloon-length=\"medium\" aria-label=\"Habilita\u00e7\u00e3o em n\u00edvel superior, Licenciatura Plena em Artes\" data-balloon-pos=\"up\">Professor de Arte<\/span><\/td>\r\n<td class=\"cvagas\">CR<\/td>\r\n<td class=\"cremuneracao\">R$ 2.888,79 \/20h<\/td>\r\n<\/tr><tr>\r\n<td class=\"ccargos\">\r\n<span data-balloon-length=\"medium\" aria-label=\"Habilita\u00e7\u00e3o em n\u00edvel superior, Licenciatura Plena em Pedagogia ou \u00e1rea correlata para Ensino Fundamental I\" data-balloon-pos=\"up\">Professor de Ensino Fundamental I<\/span><\/td>\r\n<td class=\"cvagas\">01 + CR<\/td>\r\n<td class=\"cremuneracao\">R$ 2.888,79 \/20h<\/td>\r\n<\/tr><tr>\r\n<td class=\"ccargos\">\r\n<span data-balloon-length=\"medium\" aria-label=\"Habilita\u00e7\u00e3o em n\u00edvel superior, Licenciatura Plena em Hist\u00f3ria\" data-balloon-pos=\"up\">Professor de Hist\u00f3ria<\/span><\/td>\r\n<td class=\"cvagas\">CR<\/td>\r\n<td class=\"cremuneracao\">R$ 2.888,79 \/20h<\/td>\r\n<\/tr><tr>\r\n<td class=\"ccargos\">\r\n<span data-balloon-length=\"medium\" aria-label=\"Habilita\u00e7\u00e3o em n\u00edvel superior, Licenciatura Plena em Letras (L\u00edngua Inglesa)\" data-balloon-pos=\"up\">Professor de L\u00edngua Inglesa<\/span><\/td>\r\n<td class=\"cvagas\">CR<\/td>\r\n<td class=\"cremuneracao\">R$ 2.888,79 \/20h<\/td>\r\n<\/tr><tr>\r\n<td class=\"ccargos\">\r\n<span data-balloon-length=\"medium\" aria-label=\"N\u00edvel superior em Psicologia e registro no respectivo Conselho Profissional (CRP)\" data-balloon-pos=\"up\">Psic\u00f3logo Escolar<\/span><\/td>\r\n<td class=\"cvagas\">01 + CR<\/td>\r\n<td class=\"cremuneracao\">R$ 6.312,17 \/40h<\/td>\r\n<\/tr><tr>\r\n<td class=\"ccargos\">\r\n<span data-balloon-length=\"medium\" aria-label=\"Habilita\u00e7\u00e3o em n\u00edvel superior, Licenciatura plena em Pedagogia e\/ou habilita\u00e7\u00e3o em orienta\u00e7\u00e3o escolar\" data-balloon-pos=\"up\">Orientador Educacional<\/span><\/td>\r\n<td class=\"cvagas\">01 + CR<\/td>\r\n<td class=\"cremuneracao\">R$ 5.329,88 \/40h<\/td>\r\n<\/tr><tr>\r\n<td class=\"ccargos\">\r\n<span data-balloon-length=\"medium\" aria-label=\"Habilita\u00e7\u00e3o em n\u00edvel superior, Licenciatura Plena em Educa\u00e7\u00e3o F\u00edsica e registro no CREF\" data-balloon-pos=\"up\">Professor de Educa\u00e7\u00e3o F\u00edsica<\/span><\/td>\r\n<td class=\"cvagas\">CR<\/td>\r\n<td class=\"cremuneracao\">R$ 2.888,79 \/20h<\/td>\r\n<\/tr><tr>\r\n<td class=\"ccargos\">\r\n<span data-balloon-length=\"medium\" aria-label=\"Habilita\u00e7\u00e3o em n\u00edvel superior, Licenciatura Plena em Pedagogia ou \u00e1rea correlata para Educa\u00e7\u00e3o Infantil\" data-balloon-pos=\"up\">Professor de Educa\u00e7\u00e3o Infantil<\/span><\/td>\r\n<td class=\"cvagas\">CR<\/td>\r\n<td class=\"cremuneracao\">R$ 2.888,79 \/20h<\/td>\r\n<\/tr><tr>\r\n<td class=\"ccargos\">\r\n<span data-balloon-length=\"medium\" aria-label=\"Habilita\u00e7\u00e3o em n\u00edvel superior, Licenciatura Plena em Letras (L\u00edngua Portuguesa)\" data-balloon-pos=\"up\">Professor de L\u00edngua Portuguesa<\/span><\/td>\r\n<td class=\"cvagas\">CR<\/td>\r\n<td class=\"cremuneracao\">R$ 2.888,79 \/20h<\/td>\r\n<\/tr><tr>\r\n<td class=\"ccargos\">\r\n<span data-balloon-length=\"medium\" aria-label=\"Habilita\u00e7\u00e3o em n\u00edvel superior, Licenciatura Plena em Matem\u00e1tica\" data-balloon-pos=\"up\">Professor de Matem\u00e1tica<\/span><\/td>\r\n<td class=\"cvagas\">CR<\/td>\r\n<td class=\"cremuneracao\">R$ 2.888,79 \/20h<\/td>\r\n<\/tr><tr>\r\n<td class=\"ccargos\">\r\n<span data-balloon-length=\"medium\" aria-label=\"Habilita\u00e7\u00e3o em n\u00edvel superior em Educa\u00e7\u00e3o Especial ou Licenciatura Plena em Pedagogia, com curso de complementa\u00e7\u00e3o pedag\u00f3gica em educa\u00e7\u00e3o especial apostilado ao diploma\" data-balloon-pos=\"up\">Professor Educa\u00e7\u00e3o Especial AEE<\/span><\/td>\r\n<td class=\"cvagas\">01 + CR<\/td>\r\n<td class=\"cremuneracao\">R$ 2.888,79 \/20h<\/td>\r\n<\/tr><tr>\r\n<td class=\"ccargos\">\r\n<span data-balloon-length=\"medium\" aria-label=\"Licenciatura plena em Educa\u00e7\u00e3o Especial ou Pedagogia\" data-balloon-pos=\"up\">Auxiliar de Sala<\/span><\/td>\r\n<td class=\"cvagas\">CR<\/td>\r\n<td class=\"cremuneracao\">R$ 2.479,33 \/20h<\/td>\r\n<\/tr><tr>\r\n<td class=\"ccargos\">\r\n<span data-balloon-length=\"medium\" aria-label=\"N\u00edvel superior em Enfermagem e registro no respectivo Conselho Profissional (COREN)\" data-balloon-pos=\"up\">Enfermeiro<\/span><\/td>\r\n<td class=\"cvagas\">CR<\/td>\r\n<td class=\"cremuneracao\">R$ 6.312,17 \/40h<\/td>\r\n<\/tr><tr>\r\n<td class=\"ccargos\">\r\n<span data-balloon-length=\"medium\" aria-label=\"Ensino Superior Completo em Administra\u00e7\u00e3o, Contabilidade, Engenharia Civil, Direito ou Economia\" data-balloon-pos=\"up\">Analista de Licita\u00e7\u00f5es e Contratos<\/span><\/td>\r\n<td class=\"cvagas\">01 + CR<\/td>\r\n<td class=\"cremuneracao\">R$ 4.432,17 \/40h<\/td>\r\n<\/tr><tr>\r\n<td class=\"ccargos\">\r\n<span data-balloon-length=\"medium\" aria-label=\"Ensino Superior em Contabilidade, Direito ou Administra\u00e7\u00e3o\" data-balloon-pos=\"up\">Agente de Controle Patrimonial<\/span><\/td>\r\n<td class=\"cvagas\">CR<\/td>\r\n<td class=\"cremuneracao\">R$ 3.992,93 \/40h<\/td>\r\n<\/tr>\r\n    <\/tbody>\r\n  <\/table>\r\n<\/div>"},"_links":{"self":[{"href":"https:\/\/www.agrobase.com.br\/concursos\/wp-json\/wp\/v2\/posts\/276230","targetHints":{"allow":["GET"]}}],"collection":[{"href":"https:\/\/www.agrobase.com.br\/concursos\/wp-json\/wp\/v2\/posts"}],"about":[{"href":"https:\/\/www.agrobase.com.br\/concursos\/wp-json\/wp\/v2\/types\/post"}],"author":[{"embeddable":true,"href":"https:\/\/www.agrobase.com.br\/concursos\/wp-json\/wp\/v2\/users\/5229"}],"replies":[{"embeddable":true,"href":"https:\/\/www.agrobase.com.br\/concursos\/wp-json\/wp\/v2\/comments?post=276230"}],"version-history":[{"count":3,"href":"https:\/\/www.agrobase.com.br\/concursos\/wp-json\/wp\/v2\/posts\/276230\/revisions"}],"predecessor-version":[{"id":276301,"href":"https:\/\/www.agrobase.com.br\/concursos\/wp-json\/wp\/v2\/posts\/276230\/revisions\/276301"}],"wp:featuredmedia":[{"embeddable":true,"href":"https:\/\/www.agrobase.com.br\/concursos\/wp-json\/wp\/v2\/media\/276229"}],"wp:attachment":[{"href":"https:\/\/www.agrobase.com.br\/concursos\/wp-json\/wp\/v2\/media?parent=276230"}],"wp:term":[{"taxonomy":"category","embeddable":true,"href":"https:\/\/www.agrobase.com.br\/concursos\/wp-json\/wp\/v2\/categories?post=276230"},{"taxonomy":"post_tag","embeddable":true,"href":"https:\/\/www.agrobase.com.br\/concursos\/wp-json\/wp\/v2\/tags?post=276230"},{"taxonomy":"_amplo","embeddable":true,"href":"https:\/\/www.agrobase.com.br\/concursos\/wp-json\/wp\/v2\/_amplo?post=276230"},{"taxonomy":"destaque","embeddable":true,"href":"https:\/\/www.agrobase.com.br\/concursos\/wp-json\/wp\/v2\/destaque?post=276230"},{"taxonomy":"instituicoes","embeddable":true,"href":"https:\/\/www.agrobase.com.br\/concursos\/wp-json\/wp\/v2\/instituicoes?post=276230"}],"curies":[{"name":"wp","href":"https:\/\/api.w.org\/{rel}","templated":true}]}}