{"id":276150,"date":"2025-12-31T07:45:32","date_gmt":"2025-12-31T10:45:32","guid":{"rendered":"https:\/\/www.agrobase.com.br\/concursos\/?p=276150"},"modified":"2025-12-30T19:19:05","modified_gmt":"2025-12-30T22:19:05","slug":"prefeitura-itapaje-ce-selecao-simplificada-005-2025","status":"publish","type":"post","link":"https:\/\/www.agrobase.com.br\/concursos\/2025\/prefeitura-itapaje-ce-selecao-simplificada-005-2025\/","title":{"rendered":"Prefeitura Itapaj\u00e9 (CE) &#8211; Sele\u00e7\u00e3o Simplificada 005\/2025"},"content":{"rendered":"<h2>Informa\u00e7\u00f5es Gerais<\/h2>\n<p>A <strong>Prefeitura Municipal de Itapaj\u00e9<\/strong>, no estado do Cear\u00e1, publicou o <strong>Edital n\u00ba 005\/2025<\/strong> referente ao seu novo Processo Seletivo Simplificado (PSS). O certame visa a contrata\u00e7\u00e3o tempor\u00e1ria e forma\u00e7\u00e3o de cadastro reserva para atender a necessidades de excepcional interesse p\u00fablico na administra\u00e7\u00e3o municipal.<\/p>\n<p>As oportunidades contemplam candidatos com n\u00edveis <strong>fundamental, m\u00e9dio\/t\u00e9cnico e superior<\/strong>. As vagas s\u00e3o destinadas a diversos setores, incluindo Educa\u00e7\u00e3o, Sa\u00fade, Assist\u00eancia Social e Infraestrutura. Merecem destaque as oportunidades para profissionais das \u00e1reas de <strong>Nutri\u00e7\u00e3o, T\u00e9cnico em Agropecu\u00e1ria e Professor de Ci\u00eancias (Biologia)<\/strong>, al\u00e9m de cargos como Motorista, Assistente Social, Psic\u00f3logo e diversos docentes.<\/p>\n<p>O regime de contrata\u00e7\u00e3o ser\u00e1 tempor\u00e1rio, com prazo de at\u00e9 06 (seis) meses, podendo ser prorrogado uma \u00fanica vez por igual per\u00edodo. Confira a seguir os detalhes essenciais sobre prazos, etapas e requisitos para participar desta sele\u00e7\u00e3o.<\/p>\n<h2>Inscri\u00e7\u00f5es<\/h2>\n<p>As inscri\u00e7\u00f5es para o Processo Seletivo de Itapaj\u00e9\/CE s\u00e3o <strong>presenciais<\/strong> e ocorrem em um per\u00edodo curto. Os interessados devem comparecer ao <strong>Audit\u00f3rio da Secretaria da Educa\u00e7\u00e3o<\/strong> (Rua Dom Aureliano Matos, n\u00ba 1761, Centro, Itapaj\u00e9\/CE), respeitando os hor\u00e1rios de atendimento: das 08h \u00e0s 11h e das 14h \u00e0s 16h.<\/p>\n<p>No ato da inscri\u00e7\u00e3o, \u00e9 obrigat\u00f3ria a entrega da ficha preenchida e c\u00f3pias dos documentos exigidos, como documento de identidade com foto, CPF, comprovantes de escolaridade e t\u00edtulos para avalia\u00e7\u00e3o. N\u00e3o ser\u00e1 aceita inscri\u00e7\u00e3o condicional ou por correspond\u00eancia, embora seja permitida a inscri\u00e7\u00e3o por procura\u00e7\u00e3o com firma reconhecida.<\/p>\n<p>\u00c9 fundamental que o candidato leia atentamente o edital para conferir a lista completa de documentos necess\u00e1rios, pois a aus\u00eancia de qualquer item pode acarretar a anula\u00e7\u00e3o da inscri\u00e7\u00e3o. O acompanhamento de todas as publica\u00e7\u00f5es deve ser feito pelo site oficial da Prefeitura.<\/p>\n<h2>Etapas e Provas<\/h2>\n<p>A sele\u00e7\u00e3o dos candidatos ser\u00e1 realizada mediante duas etapas principais, aplic\u00e1veis tanto para os cargos de n\u00edvel m\u00e9dio\/t\u00e9cnico quanto para os de n\u00edvel superior. A dura\u00e7\u00e3o total para realiza\u00e7\u00e3o das provas escritas ser\u00e1 de <strong>03 (tr\u00eas) horas<\/strong>.<\/p>\n<ul>\n<li><strong>1\u00aa Etapa (Eliminat\u00f3ria e Classificat\u00f3ria):<\/strong> Composta por Prova Objetiva e Subjetiva (Reda\u00e7\u00e3o).\n<ul>\n<li>Conhecimentos Gerais: 10 quest\u00f5es (1,0 ponto cada);<\/li>\n<li>Conhecimentos Espec\u00edficos: 20 quest\u00f5es (1,5 ponto cada);<\/li>\n<li>Prova de Reda\u00e7\u00e3o: Texto de 20 a 30 linhas (30 pontos).<\/li>\n<\/ul>\n<\/li>\n<li><strong>2\u00aa Etapa (Classificat\u00f3ria):<\/strong> An\u00e1lise de T\u00edtulos, exclusiva para candidatos que obtiverem pelo menos 50% da pontua\u00e7\u00e3o total na primeira etapa (m\u00ednimo de 35 pontos).<\/li>\n<\/ul>\n<p>A reda\u00e7\u00e3o para cargos do magist\u00e9rio abordar\u00e1 temas de Educa\u00e7\u00e3o\/Did\u00e1tica, enquanto para os demais cargos de n\u00edvel superior versar\u00e1 sobre a \u00e1rea de atua\u00e7\u00e3o espec\u00edfica. Recomendamos a leitura integral do edital para compreender os crit\u00e9rios de pontua\u00e7\u00e3o da prova de t\u00edtulos e o conte\u00fado program\u00e1tico.<\/p>\n<h2>Resultados e Gabarito<\/h2>\n<p>O cronograma do certame \u00e9 \u00e1gil. A divulga\u00e7\u00e3o do <strong>gabarito preliminar<\/strong> est\u00e1 prevista para o dia 11\/01\/2026, com a vers\u00e3o definitiva (p\u00f3s-recursos) sendo publicada em 13\/01\/2026. O <strong>resultado de classifica\u00e7\u00e3o preliminar<\/strong> deve ser liberado em 19\/01\/2026, seguido pelo resultado definitivo em 20\/01\/2026.<\/p>\n<p>A classifica\u00e7\u00e3o final ser\u00e1 a soma das notas das etapas objetiva, subjetiva e de t\u00edtulos. Em caso de empate, ter\u00e3o prefer\u00eancia candidatos com maior pontua\u00e7\u00e3o na prova objetiva, seguida da subjetiva e t\u00edtulos, al\u00e9m do crit\u00e9rio de idade (Estatuto do Idoso).<\/p>\n<p>As convoca\u00e7\u00f5es ser\u00e3o realizadas atrav\u00e9s do site oficial da Prefeitura. \u00c9 de <strong>inteira responsabilidade do candidato<\/strong> acompanhar as publica\u00e7\u00f5es no endere\u00e7o eletr\u00f4nico da organizadora e no Di\u00e1rio Oficial para n\u00e3o perder os prazos de apresenta\u00e7\u00e3o de documentos e contrata\u00e7\u00e3o.<\/p>\n","protected":false},"excerpt":{"rendered":"<p>Proc. Seletivo Pref. Itapaj\u00e9 (CE) com edital publicado! Vagas p\/ Professor, Psic\u00f3logo (Fund. a Sup.). Inscri\u00e7\u00f5es a partir de 05\/01. Sal\u00e1rios at\u00e9 R$3k. Confira!<\/p>\n","protected":false},"author":5229,"featured_media":276149,"comment_status":"open","ping_status":"open","sticky":false,"template":"","format":"standard","meta":{"_acf_changed":false,"_breakdance_hide_in_design_set":false,"_breakdance_tags":"","footnotes":""},"categories":[6433,6434,6436,18,19,111,100,20,6871,116,23,25,26,6435,101,30,134],"tags":[43],"_amplo":[],"destaque":[],"instituicoes":[],"class_list":["post-276150","post","type-post","status-publish","format-standard","has-post-thumbnail","hentry","category-biologia-licenciatura","category-educacao-fisica-licenciatura","category-fisica-licenciatura","category-fisioterapia","category-fonoaudiologia","category-geografia","category-historia","category-letras","category-letras-ingles","category-matematica","category-nutricao","category-pedagogia","category-psicologia","category-quimica-licenciatura","category-servico-social","category-tecnico-agropecuaria","category-terapia-ocupacional","tag-ceara"],"acf":{"_tipo_vagas":"vagas","_numero_vagas":"","_quadro_vagas":"","_cargos":"diversos","_cargos_especificos":"","_salario_max":"R$ 3000","_abertura":"20260105","_encerramento":"20260107","_inscricoes":"http:\/\/www.itapaje.ce.gov.br","_executora_concurso":"","_instituicao_concurso":[],"_link_adicional":null,"_anexos":null,"_produtos":null,"_vagas":"CR","_salario_min":"R$ 1320","_instituicao":"Prefeitura Itapaj\u00e9","_edital":"https:\/\/www.agrobase.com.br\/concursos\/wp-content\/uploads\/sites\/4\/2025\/12\/edital-005-2025-prefeitura-itapaje-ce.pdf","_anexos_edital":"","_fund_incompleto":"","_fund_completo":"","_medio":"<div>\r\n<table class=\"quadro\">\r\n<thead>\r\n<tr>\r\n<th class=\"hcargo\">Cargo<\/th>\r\n<th class=\"hvagas\">Vagas<\/th>\r\n<th class=\"hremuneracao\">Remunera\u00e7\u00e3o<\/th>\r\n<\/tr>\r\n<\/thead>\r\n    <tbody>\r\n      <td class=\"ccargos\">\r\n<span data-balloon-length=\"medium\" data-balloon-pos=\"up\">Motorista \"D\"<\/span><\/td>\r\n<td class=\"cvagas\">CR<\/td>\r\n<td class=\"cremuneracao\">R$ 1.620,00 \/200h<\/td>\r\n<\/tr><td class=\"ccargos\">\r\n<span data-balloon-length=\"medium\" aria-label=\"Ensino Fundamental Completo e Carteira Nacional de Habilita\u00e7\u00e3o Categoria \u201cC\u201d ou acima\" data-balloon-pos=\"up\">Operador de M\u00e1quinas Pesadas<\/span><\/td>\r\n<td class=\"cvagas\">CR<\/td>\r\n<td class=\"cremuneracao\">R$ 1.320,00 \/200h<\/td>\r\n<\/tr><td class=\"ccargos\">\r\n<span data-balloon-length=\"medium\" aria-label=\"Ensino M\u00e9dio Completo - Curso T\u00e9cnico na \u00e1rea correlata e Registro no Conselho\" data-balloon-pos=\"up\">T\u00e9cnico em Agropecu\u00e1ria<\/span><\/td>\r\n<td class=\"cvagas\">CR<\/td>\r\n<td class=\"cremuneracao\">R$ 1.320,00 \/200h<\/td>\r\n<\/tr>\r\n    <\/tbody>\r\n  <\/table>\r\n<\/div>","_superior":"<div>\r\n<table class=\"quadro\">\r\n<thead>\r\n<tr>\r\n<th class=\"hcargo\">Cargo<\/th>\r\n<th class=\"hvagas\">Vagas<\/th>\r\n<th class=\"hremuneracao\">Remunera\u00e7\u00e3o<\/th>\r\n<\/tr>\r\n<\/thead>\r\n    <tbody>\r\n      <tr>\r\n<td class=\"ccargos\">\r\n<span data-balloon-length=\"medium\" aria-label=\"Ensino Superior Completo Gradua\u00e7\u00e3o em Servi\u00e7o Social com Registro Profissional\" data-balloon-pos=\"up\">Assistente Social<\/span><\/td>\r\n<td class=\"cvagas\">CR<\/td>\r\n<td class=\"cremuneracao\">R$ 2.000,00 \/150h<\/td>\r\n<\/tr><tr>\r\n<td class=\"ccargos\">\r\n<span data-balloon-length=\"medium\" aria-label=\"Ensino Superior Completo Gradua\u00e7\u00e3o em Fisioterapia com Registro Profissional\" data-balloon-pos=\"up\">Fisioterapeuta<\/span><\/td>\r\n<td class=\"cvagas\">CR<\/td>\r\n<td class=\"cremuneracao\">R$ 2.000,00 \/150h<\/td>\r\n<\/tr><tr>\r\n<td class=\"ccargos\">\r\n<span data-balloon-length=\"medium\" aria-label=\"Ensino Superior Completo Gradua\u00e7\u00e3o em Fonoaudiologia com Registro Profissional\" data-balloon-pos=\"up\">Fonoaudi\u00f3logo<\/span><\/td>\r\n<td class=\"cvagas\">CR<\/td>\r\n<td class=\"cremuneracao\">R$ 2.000,00 \/150h<\/td>\r\n<\/tr><tr>\r\n<td class=\"ccargos\">\r\n<span data-balloon-length=\"medium\" aria-label=\"Ensino Superior Completo Gradua\u00e7\u00e3o em Nutri\u00e7\u00e3o com Registro Profissional\" data-balloon-pos=\"up\">Nutricionista<\/span><\/td>\r\n<td class=\"cvagas\">CR<\/td>\r\n<td class=\"cremuneracao\">R$ 2.000,00 \/200h<\/td>\r\n<\/tr><tr>\r\n<td class=\"ccargos\">\r\n<span data-balloon-length=\"medium\" aria-label=\"Ensino Superior Completo Gradua\u00e7\u00e3o em Psicologia com Registro Profissional\" data-balloon-pos=\"up\">Psic\u00f3logo<\/span><\/td>\r\n<td class=\"cvagas\">CR<\/td>\r\n<td class=\"cremuneracao\">R$ 3.000,00 \/200h<\/td>\r\n<\/tr><tr>\r\n<td class=\"ccargos\">\r\n<span data-balloon-length=\"medium\" aria-label=\"Ensino superior em psicopedagogia ou ensino superior em pedagogia com especializa\u00e7\u00e3o em psicopedagogia.\" data-balloon-pos=\"up\">Psicopedagogo<\/span><\/td>\r\n<td class=\"cvagas\">CR<\/td>\r\n<td class=\"cremuneracao\">R$ 2.000,00 \/200h<\/td>\r\n<\/tr><tr>\r\n<td class=\"ccargos\">\r\n<span data-balloon-length=\"medium\" aria-label=\"Ensino Superior Completo Gradua\u00e7\u00e3o em Terapia Ocupacional e Registro no Conselho\" data-balloon-pos=\"up\">Terapeuta Ocupacional<\/span><\/td>\r\n<td class=\"cvagas\">CR<\/td>\r\n<td class=\"cremuneracao\">R$ 2.000,00 \/150h<\/td>\r\n<\/tr><tr>\r\n<td class=\"ccargos\">\r\n<span data-balloon-length=\"medium\" aria-label=\"Ensino Superior Completo - Licenciatura em Pedagogia, ou estar cursando a partir do 6\u00ba per\u00edodo.\" data-balloon-pos=\"up\">Professor de Educa\u00e7\u00e3o B\u00e1sica - Pedagogia<\/span><\/td>\r\n<td class=\"cvagas\">CR<\/td>\r\n<td class=\"cremuneracao\">R$ 2.433,89 \/100h<\/td>\r\n<\/tr><tr>\r\n<td class=\"ccargos\">\r\n<span data-balloon-length=\"medium\" aria-label=\"Ensino Superior Completo - Licenciatura em Letras\/Portugu\u00eas, ou estar cursando a partir do 6\u00ba per\u00edodo.\" data-balloon-pos=\"up\">Professor de Educa\u00e7\u00e3o B\u00e1sica - Letras\/Portugu\u00eas<\/span><\/td>\r\n<td class=\"cvagas\">CR<\/td>\r\n<td class=\"cremuneracao\">R$ 2.433,89 \/100h<\/td>\r\n<\/tr><tr>\r\n<td class=\"ccargos\">\r\n<span data-balloon-length=\"medium\" aria-label=\"Ensino Superior Completo - Licenciatura em Matem\u00e1tica, ou estar cursando a partir do 6\u00ba per\u00edodo.\" data-balloon-pos=\"up\">Professor de Educa\u00e7\u00e3o B\u00e1sica - Matem\u00e1tica<\/span><\/td>\r\n<td class=\"cvagas\">CR<\/td>\r\n<td class=\"cremuneracao\">R$ 2.433,89 \/100h<\/td>\r\n<\/tr><tr>\r\n<td class=\"ccargos\">\r\n<span data-balloon-length=\"medium\" aria-label=\"Ensino Superior Completo - Licenciatura em Biologia, Qu\u00edmica ou F\u00edsica ou estar cursando a partir do 6\u00ba per\u00edodo.\" data-balloon-pos=\"up\">Professor de Educa\u00e7\u00e3o B\u00e1sica - Ci\u00eancias<\/span><\/td>\r\n<td class=\"cvagas\">CR<\/td>\r\n<td class=\"cremuneracao\">R$ 2.433,89 \/100h<\/td>\r\n<\/tr><tr>\r\n<td class=\"ccargos\">\r\n<span data-balloon-length=\"medium\" aria-label=\"Ensino Superior Completo - Licenciatura em Hist\u00f3ria, ou estar cursando a partir do 6\u00ba per\u00edodo.\" data-balloon-pos=\"up\">Professor de Educa\u00e7\u00e3o B\u00e1sica - Hist\u00f3ria<\/span><\/td>\r\n<td class=\"cvagas\">CR<\/td>\r\n<td class=\"cremuneracao\">R$ 2.433,89 \/100h<\/td>\r\n<\/tr><tr>\r\n<td class=\"ccargos\">\r\n<span data-balloon-length=\"medium\" aria-label=\"Ensino Superior Completo - Licenciatura em Geografia, ou estar cursando a partir do 6\u00ba per\u00edodo.\" data-balloon-pos=\"up\">Professor de Educa\u00e7\u00e3o B\u00e1sica - Geografia<\/span><\/td>\r\n<td class=\"cvagas\">CR<\/td>\r\n<td class=\"cremuneracao\">R$  \/100h<\/td>\r\n<\/tr><tr>\r\n<td class=\"ccargos\">\r\n<span data-balloon-length=\"medium\" aria-label=\"Ensino Superior Completo - Licenciatura em Letras\/Ingl\u00eas, ou estar cursando a partir do 6\u00ba per\u00edodo.\" data-balloon-pos=\"up\">Professor de Educa\u00e7\u00e3o B\u00e1sica - Letras\/Ingl\u00eas<\/span><\/td>\r\n<td class=\"cvagas\">CR<\/td>\r\n<td class=\"cremuneracao\">R$ 2.433,89 \/100h<\/td>\r\n<\/tr><tr>\r\n<td class=\"ccargos\">\r\n<span data-balloon-length=\"medium\" aria-label=\"Ensino Superior Completo - Licenciatura Educa\u00e7\u00e3o F\u00edsica, ou estar cursando a partir do 6\u00ba per\u00edodo.\" data-balloon-pos=\"up\">Professor de Educa\u00e7\u00e3o B\u00e1sica - Educa\u00e7\u00e3o F\u00edsica<\/span><\/td>\r\n<td class=\"cvagas\">CR<\/td>\r\n<td class=\"cremuneracao\">R$ 2.433,89 \/100h<\/td>\r\n<\/tr>\r\n    <\/tbody>\r\n  <\/table>\r\n<\/div>"},"_links":{"self":[{"href":"https:\/\/www.agrobase.com.br\/concursos\/wp-json\/wp\/v2\/posts\/276150","targetHints":{"allow":["GET"]}}],"collection":[{"href":"https:\/\/www.agrobase.com.br\/concursos\/wp-json\/wp\/v2\/posts"}],"about":[{"href":"https:\/\/www.agrobase.com.br\/concursos\/wp-json\/wp\/v2\/types\/post"}],"author":[{"embeddable":true,"href":"https:\/\/www.agrobase.com.br\/concursos\/wp-json\/wp\/v2\/users\/5229"}],"replies":[{"embeddable":true,"href":"https:\/\/www.agrobase.com.br\/concursos\/wp-json\/wp\/v2\/comments?post=276150"}],"version-history":[{"count":2,"href":"https:\/\/www.agrobase.com.br\/concursos\/wp-json\/wp\/v2\/posts\/276150\/revisions"}],"predecessor-version":[{"id":276222,"href":"https:\/\/www.agrobase.com.br\/concursos\/wp-json\/wp\/v2\/posts\/276150\/revisions\/276222"}],"wp:featuredmedia":[{"embeddable":true,"href":"https:\/\/www.agrobase.com.br\/concursos\/wp-json\/wp\/v2\/media\/276149"}],"wp:attachment":[{"href":"https:\/\/www.agrobase.com.br\/concursos\/wp-json\/wp\/v2\/media?parent=276150"}],"wp:term":[{"taxonomy":"category","embeddable":true,"href":"https:\/\/www.agrobase.com.br\/concursos\/wp-json\/wp\/v2\/categories?post=276150"},{"taxonomy":"post_tag","embeddable":true,"href":"https:\/\/www.agrobase.com.br\/concursos\/wp-json\/wp\/v2\/tags?post=276150"},{"taxonomy":"_amplo","embeddable":true,"href":"https:\/\/www.agrobase.com.br\/concursos\/wp-json\/wp\/v2\/_amplo?post=276150"},{"taxonomy":"destaque","embeddable":true,"href":"https:\/\/www.agrobase.com.br\/concursos\/wp-json\/wp\/v2\/destaque?post=276150"},{"taxonomy":"instituicoes","embeddable":true,"href":"https:\/\/www.agrobase.com.br\/concursos\/wp-json\/wp\/v2\/instituicoes?post=276150"}],"curies":[{"name":"wp","href":"https:\/\/api.w.org\/{rel}","templated":true}]}}