{"id":276142,"date":"2025-12-31T08:05:19","date_gmt":"2025-12-31T11:05:19","guid":{"rendered":"https:\/\/www.agrobase.com.br\/concursos\/?p=276142"},"modified":"2025-12-30T19:22:29","modified_gmt":"2025-12-30T22:22:29","slug":"prefeitura-urubici-sc-concurso-01-2025","status":"publish","type":"post","link":"https:\/\/www.agrobase.com.br\/concursos\/2025\/prefeitura-urubici-sc-concurso-01-2025\/","title":{"rendered":"Prefeitura Urubici (SC) &#8211; Concurso 01\/2025"},"content":{"rendered":"<h2>Informa\u00e7\u00f5es Gerais<\/h2>\n<p>A <strong>Prefeitura de Urubici<\/strong>, no estado de Santa Catarina, publicou o edital n\u00ba 001\/2025 para a realiza\u00e7\u00e3o de um novo Concurso P\u00fablico. Sob a organiza\u00e7\u00e3o da Funda\u00e7\u00e3o de Estudos e Pesquisas Socioecon\u00f4micos (<strong>FEPESE<\/strong>), o certame visa ao provimento de <strong>85 vagas imediatas<\/strong>, al\u00e9m da forma\u00e7\u00e3o de cadastro de reserva, para cargos de n\u00edveis fundamental, m\u00e9dio, t\u00e9cnico e superior.<\/p>\n<p>Os profissionais selecionados ser\u00e3o contratados sob o <strong>regime Estatut\u00e1rio<\/strong>, garantindo estabilidade empregat\u00edcia ap\u00f3s o est\u00e1gio probat\u00f3rio. As remunera\u00e7\u00f5es iniciais variam de <strong>R$ 1.657,28 a R$ 19.965,60<\/strong>, dependendo do cargo e da carga hor\u00e1ria. O concurso abrange diversos setores da administra\u00e7\u00e3o municipal, incluindo sa\u00fade, obras, administrativo e operacional.<\/p>\n<p>Merece destaque especial a oferta de oportunidades para profissionais das \u00e1reas de Ci\u00eancias Agr\u00e1rias e Ambientais, com vagas para <strong>Engenheiro Agr\u00f4nomo<\/strong> e para o cargo de <strong>Fiscal de Obras e Meio Ambiente<\/strong> (que admite forma\u00e7\u00e3o em Engenharia Agron\u00f4mica). Confira a seguir os detalhes sobre prazos, etapas e requisitos para participar desta sele\u00e7\u00e3o.<\/p>\n<h2>Inscri\u00e7\u00f5es<\/h2>\n<p>As inscri\u00e7\u00f5es para o Concurso P\u00fablico de Urubici devem ser realizadas exclusivamente pela internet, atrav\u00e9s do site da banca organizadora FEPESE. O per\u00edodo de candidatura inicia-se \u00e0s <strong>16h do dia 6 de janeiro de 2026<\/strong> e segue aberto at\u00e9 \u00e0s <strong>16h do dia 27 de janeiro de 2026<\/strong>. \u00c9 fundamental que o candidato esteja atento ao hor\u00e1rio oficial de Bras\u00edlia.<\/p>\n<p>Para confirmar a participa\u00e7\u00e3o, \u00e9 necess\u00e1rio efetuar o pagamento da taxa de inscri\u00e7\u00e3o, cujos valores foram definidos conforme o n\u00edvel de escolaridade do cargo pretendido:<\/p>\n<ul>\n<li><strong>N\u00edvel Superior:<\/strong> R$ 150,00<\/li>\n<li><strong>N\u00edvel M\u00e9dio\/T\u00e9cnico:<\/strong> R$ 120,00<\/li>\n<li><strong>N\u00edvel Fundamental:<\/strong> R$ 100,00<\/li>\n<\/ul>\n<p>O pagamento do boleto banc\u00e1rio deve ser realizado at\u00e9 o \u00faltimo dia das inscri\u00e7\u00f5es, respeitando o hor\u00e1rio limite de compensa\u00e7\u00e3o banc\u00e1ria. \u00c9 permitida a inscri\u00e7\u00e3o para mais de um cargo, desde que as provas sejam aplicadas em turnos distintos. Recomendamos a leitura atenta do edital completo para verificar as regras de isen\u00e7\u00e3o e os requisitos espec\u00edficos de cada fun\u00e7\u00e3o.<\/p>\n<h2>Etapas e Provas<\/h2>\n<p>O processo seletivo ser\u00e1 composto por etapas distintas, variando de acordo com o cargo pleiteado. A etapa comum a todos os candidatos \u00e9 a <strong>Prova Objetiva<\/strong>, de car\u00e1ter eliminat\u00f3rio e classificat\u00f3rio, prevista para ser aplicada no dia <strong>22 de fevereiro de 2026<\/strong>, no munic\u00edpio de Urubici (SC).<\/p>\n<p>A avalia\u00e7\u00e3o objetiva ter\u00e1 dura\u00e7\u00e3o de 3 horas e consistir\u00e1 em quest\u00f5es de m\u00faltipla escolha. As disciplinas cobradas variam conforme o n\u00edvel de escolaridade, abrangendo:<\/p>\n<ul>\n<li>L\u00edngua Portuguesa;<\/li>\n<li>No\u00e7\u00f5es de Matem\u00e1tica;<\/li>\n<li>Temas de Atualidade (para n\u00edveis m\u00e9dio e superior);<\/li>\n<li>Higiene e Seguran\u00e7a no Trabalho (para n\u00edvel fundamental);<\/li>\n<li>Conhecimentos Espec\u00edficos do cargo.<\/li>\n<\/ul>\n<p>Al\u00e9m da etapa te\u00f3rica, haver\u00e1 <strong>Prova Pr\u00e1tica<\/strong>, tamb\u00e9m de car\u00e1ter eliminat\u00f3rio e classificat\u00f3rio, exclusivamente para os cargos de <strong>Motorista, Operador de Escavadeira e Operador de Retroescavadeira<\/strong>. Esta fase visa aferir o conhecimento t\u00e9cnico e a habilidade operacional dos candidatos e est\u00e1 prevista para ocorrer em meados de mar\u00e7o de 2026. Para detalhes sobre o conte\u00fado program\u00e1tico e crit\u00e9rios de pontua\u00e7\u00e3o, consulte o edital oficial.<\/p>\n<h2>Resultados e Gabarito<\/h2>\n<p>O gabarito preliminar da Prova Objetiva ser\u00e1 divulgado no site da FEPESE at\u00e9 as 23h59min do pr\u00f3prio dia da aplica\u00e7\u00e3o da prova. Os candidatos devem ficar atentos ao cronograma oficial para a interposi\u00e7\u00e3o de recursos e acompanhamento das fases subsequentes.<\/p>\n<p>A divulga\u00e7\u00e3o do <strong>resultado preliminar<\/strong> est\u00e1 prevista para o dia <strong>25 de mar\u00e7o de 2026<\/strong>, enquanto o <strong>resultado final<\/strong> do Concurso P\u00fablico deve ser publicado em <strong>31 de mar\u00e7o de 2026<\/strong>. A classifica\u00e7\u00e3o final ser\u00e1 definida pela nota da prova objetiva ou, no caso dos cargos com etapa pr\u00e1tica, pela m\u00e9dia ponderada entre as avalia\u00e7\u00f5es.<\/p>\n<p>Lembramos que \u00e9 de inteira responsabilidade do candidato acompanhar todas as publica\u00e7\u00f5es, convoca\u00e7\u00f5es e avisos oficiais referentes a este certame diretamente no site da banca organizadora e no Di\u00e1rio Oficial.<\/p>\n","protected":false},"excerpt":{"rendered":"<p>Concurso Pref. Urubici (SC) com edital publicado! Vagas p\/ M\u00e9dico e Contador (Fund. a Sup.). Inscri\u00e7\u00f5es a partir de 06\/01. Sal\u00e1rios at\u00e9 R$19.9k. Confira!<\/p>\n","protected":false},"author":5229,"featured_media":276141,"comment_status":"open","ping_status":"open","sticky":false,"template":"","format":"standard","meta":{"_acf_changed":false,"_breakdance_hide_in_design_set":false,"_breakdance_tags":"","footnotes":""},"categories":[3,4,5,9,10,117,12,14,17,18,21,24,25,26,101,108,130,143],"tags":[61],"_amplo":[],"destaque":[],"instituicoes":[],"class_list":["post-276142","post","type-post","status-publish","format-standard","has-post-thumbnail","hentry","category-administracao","category-agronomia","category-arquitetura","category-ciencias-contabeis","category-direito","category-economia","category-enfermagem","category-engenharia","category-farmacia","category-fisioterapia","category-medicina","category-odontologia","category-pedagogia","category-psicologia","category-servico-social","category-tecnico-enfermagem","category-tecnico-informatica","category-tecnico-odontologia","tag-santa-catarina"],"acf":{"_tipo_vagas":"vagas","_numero_vagas":"","_quadro_vagas":"","_cargos":"diversos","_cargos_especificos":"","_salario_max":"R$ 19965.6","_abertura":"20260106","_encerramento":"20260127","_inscricoes":"https:\/\/2025cpurubici.fepese.org.br","_executora_concurso":"","_instituicao_concurso":[],"_link_adicional":null,"_anexos":null,"_produtos":null,"_vagas":"85 vagas + CR","_salario_min":"R$ 1657.28","_instituicao":"Prefeitura Urubici","_edital":"https:\/\/www.agrobase.com.br\/concursos\/wp-content\/uploads\/sites\/4\/2025\/12\/edital-01-2025-prefeitura-urubici-sc.pdf","_anexos_edital":"","_fund_incompleto":"","_fund_completo":"<div>\r\n<table class=\"quadro\">\r\n<thead>\r\n<tr>\r\n<th class=\"hcargo\">Cargo<\/th>\r\n<th class=\"hvagas\">Vagas<\/th>\r\n<th class=\"hremuneracao\">Remunera\u00e7\u00e3o<\/th>\r\n<\/tr>\r\n<\/thead>\r\n    <tbody>\r\n      <td class=\"ccargos\">\r\n<span data-balloon-length=\"medium\" aria-label=\"Certificado de conclus\u00e3o das s\u00e9ries iniciais do ensino fundamental.\" data-balloon-pos=\"up\">Auxiliar de Servi\u00e7os Gerais<\/span><\/td>\r\n<td class=\"cvagas\">5 + CR<\/td>\r\n<td class=\"cremuneracao\">R$ 1.657,28 \/40h<\/td>\r\n<\/tr><td class=\"ccargos\">\r\n<span data-balloon-length=\"medium\" aria-label=\"Certificado de conclus\u00e3o das s\u00e9ries iniciais do ensino fundamental.\" data-balloon-pos=\"up\">Mec\u00e2nico Eletricista<\/span><\/td>\r\n<td class=\"cvagas\">1 + CR<\/td>\r\n<td class=\"cremuneracao\">R$ 3.186,00 \/40h<\/td>\r\n<\/tr><td class=\"ccargos\">\r\n<span data-balloon-length=\"medium\" aria-label=\"Certificado de conclus\u00e3o das s\u00e9ries iniciais do ensino fundamental.\" data-balloon-pos=\"up\">Mec\u00e2nico de M\u00e1quinas e Equipamentos Rodovi\u00e1rios<\/span><\/td>\r\n<td class=\"cvagas\">1 + CR<\/td>\r\n<td class=\"cremuneracao\">R$ 3.186,00 \/40h<\/td>\r\n<\/tr><td class=\"ccargos\">\r\n<span data-balloon-length=\"medium\" data-balloon-pos=\"up\">Motorista<\/span><\/td>\r\n<td class=\"cvagas\">2 + CR<\/td>\r\n<td class=\"cremuneracao\">R$ 1.985,74 \/40h<\/td>\r\n<\/tr><td class=\"ccargos\">\r\n<span data-balloon-length=\"medium\" data-balloon-pos=\"up\">Operador de Escavadeira<\/span><\/td>\r\n<td class=\"cvagas\">1 + CR<\/td>\r\n<td class=\"cremuneracao\">R$ 3.186,00 \/40h<\/td>\r\n<\/tr><td class=\"ccargos\">\r\n<span data-balloon-length=\"medium\" data-balloon-pos=\"up\">Operador de Retroescavadeira<\/span><\/td>\r\n<td class=\"cvagas\">2 + CR<\/td>\r\n<td class=\"cremuneracao\">R$ 3.186,00 \/40h<\/td>\r\n<\/tr><td class=\"ccargos\">\r\n<span data-balloon-length=\"medium\" data-balloon-pos=\"up\">Pedreiro<\/span><\/td>\r\n<td class=\"cvagas\">2 + CR<\/td>\r\n<td class=\"cremuneracao\">R$ 2.655,00 \/40h<\/td>\r\n<\/tr>\r\n    <\/tbody>\r\n  <\/table>\r\n<\/div>","_medio":"<div>\r\n<table class=\"quadro\">\r\n<thead>\r\n<tr>\r\n<th class=\"hcargo\">Cargo<\/th>\r\n<th class=\"hvagas\">Vagas<\/th>\r\n<th class=\"hremuneracao\">Remunera\u00e7\u00e3o<\/th>\r\n<\/tr>\r\n<\/thead>\r\n    <tbody>\r\n      <td class=\"ccargos\">\r\n<span data-balloon-length=\"medium\" aria-label=\"Ensino M\u00e9dio e experi\u00eancia na \u00e1rea de atua\u00e7\u00e3o.\" data-balloon-pos=\"up\">Assistente Administrativo<\/span><\/td>\r\n<td class=\"cvagas\">10 + CR<\/td>\r\n<td class=\"cremuneracao\">R$ 2.548,80 \/40h<\/td>\r\n<\/tr><td class=\"ccargos\">\r\n<span data-balloon-length=\"medium\" aria-label=\"Certificado de conclus\u00e3o de ensino m\u00e9dio; certificado de conclus\u00e3o de curso de auxiliar de farm\u00e1cia.\" data-balloon-pos=\"up\">Atendente de Farm\u00e1cia<\/span><\/td>\r\n<td class=\"cvagas\">2 + CR<\/td>\r\n<td class=\"cremuneracao\">R$ 1.657,28 \/40h<\/td>\r\n<\/tr><td class=\"ccargos\">\r\n<span data-balloon-length=\"medium\" aria-label=\"Certificado de conclus\u00e3o de ensino m\u00e9dio; certificado de conclus\u00e3o de curso de auxiliar de sa\u00fade bucal, e registro profissional correspondente no CRO-SC.\" data-balloon-pos=\"up\">Auxiliar de Consult\u00f3rio Dent\u00e1rio<\/span><\/td>\r\n<td class=\"cvagas\">2 + CR<\/td>\r\n<td class=\"cremuneracao\">R$ 1.657,28 \/40h<\/td>\r\n<\/tr><td class=\"ccargos\">\r\n<span data-balloon-length=\"medium\" aria-label=\"Certificado de Conclus\u00e3o de Ensino M\u00e9dio.\" data-balloon-pos=\"up\">Borracheiro<\/span><\/td>\r\n<td class=\"cvagas\">1 + CR<\/td>\r\n<td class=\"cremuneracao\">R$ 2.655,00 \/40h<\/td>\r\n<\/tr><td class=\"ccargos\">\r\n<span data-balloon-length=\"medium\" aria-label=\"Certificado de conclus\u00e3o de ensino m\u00e9dio.\" data-balloon-pos=\"up\">Fiscal de Obras<\/span><\/td>\r\n<td class=\"cvagas\">1 + CR<\/td>\r\n<td class=\"cremuneracao\">R$ 2.655,00 \/40h<\/td>\r\n<\/tr><td class=\"ccargos\">\r\n<span data-balloon-length=\"medium\" aria-label=\"Certificado de conclus\u00e3o de ensino m\u00e9dio.\" data-balloon-pos=\"up\">Fiscal de Tributos<\/span><\/td>\r\n<td class=\"cvagas\">2 + CR<\/td>\r\n<td class=\"cremuneracao\">R$ 2.655,00 \/40h<\/td>\r\n<\/tr><td class=\"ccargos\">\r\n<span data-balloon-length=\"medium\" aria-label=\"Certificado de conclus\u00e3o de ensino m\u00e9dio.\" data-balloon-pos=\"up\">Monitor do Abrigo Institucional<\/span><\/td>\r\n<td class=\"cvagas\">2 + CR<\/td>\r\n<td class=\"cremuneracao\">R$ 1.821,51 \/40h<\/td>\r\n<\/tr><td class=\"ccargos\">\r\n<span data-balloon-length=\"medium\" aria-label=\"Certificado de Conclus\u00e3o de Ensino M\u00e9dio.\" data-balloon-pos=\"up\">Recepcionista<\/span><\/td>\r\n<td class=\"cvagas\">1 + CR<\/td>\r\n<td class=\"cremuneracao\">R$ 1.657,28 \/40h<\/td>\r\n<\/tr><td class=\"ccargos\">\r\n<span data-balloon-length=\"medium\" aria-label=\"Certificado de conclus\u00e3o de ensino m\u00e9dio t\u00e9cnico.\" data-balloon-pos=\"up\">T\u00e9cnico em Enfermagem<\/span><\/td>\r\n<td class=\"cvagas\">5 + CR<\/td>\r\n<td class=\"cremuneracao\">R$ 3.531,15 \/40h<\/td>\r\n<\/tr><td class=\"ccargos\">\r\n<span data-balloon-length=\"medium\" aria-label=\"Certificado de Conclus\u00e3o de Ensino M\u00e9dio T\u00e9cnico em Tecnologia da Informa\u00e7\u00e3o.\" data-balloon-pos=\"up\">T\u00e9cnico de Tecnologia da Informa\u00e7\u00e3o<\/span><\/td>\r\n<td class=\"cvagas\">2 + CR<\/td>\r\n<td class=\"cremuneracao\">R$ 2.548,80 \/40h<\/td>\r\n<\/tr>\r\n    <\/tbody>\r\n  <\/table>\r\n<\/div>","_superior":"<div>\r\n<table class=\"quadro\">\r\n<thead>\r\n<tr>\r\n<th class=\"hcargo\">Cargo<\/th>\r\n<th class=\"hvagas\">Vagas<\/th>\r\n<th class=\"hremuneracao\">Remunera\u00e7\u00e3o<\/th>\r\n<\/tr>\r\n<\/thead>\r\n    <tbody>\r\n      <tr>\r\n<td class=\"ccargos\">\r\n<span data-balloon-length=\"medium\" aria-label=\"Certificado de Conclus\u00e3o de Curso Superior em uma das seguintes \u00e1reas: Administra\u00e7\u00e3o, Ci\u00eancias Cont\u00e1beis, Direito, Economia ou Gest\u00e3o P\u00fablica.\" data-balloon-pos=\"up\">Agente Administrativo<\/span><\/td>\r\n<td class=\"cvagas\">6 + CR<\/td>\r\n<td class=\"cremuneracao\">R$ 4.060,73 \/40h<\/td>\r\n<\/tr><tr>\r\n<td class=\"ccargos\">\r\n<span data-balloon-length=\"medium\" aria-label=\"Certificado de conclus\u00e3o de curso superior de Servi\u00e7o Social com registro no Conselho Regional de Servi\u00e7o Social (CRESS 12\u00aa Regi\u00e3o).\" data-balloon-pos=\"up\">Assistente Social<\/span><\/td>\r\n<td class=\"cvagas\">6 + CR<\/td>\r\n<td class=\"cremuneracao\">R$ 4.060,73 \/30h<\/td>\r\n<\/tr><tr>\r\n<td class=\"ccargos\">\r\n<span data-balloon-length=\"medium\" aria-label=\"Certificado de conclus\u00e3o de curso superior em Administra\u00e7\u00e3o, Economia, Ci\u00eancia Cont\u00e1beis e\/ou Direito com registro no Conselho Regional correspondente.\" data-balloon-pos=\"up\">Auditor de Tributos<\/span><\/td>\r\n<td class=\"cvagas\">1 + CR<\/td>\r\n<td class=\"cremuneracao\">R$ 4.060,73 \/40h<\/td>\r\n<\/tr><tr>\r\n<td class=\"ccargos\">\r\n<span data-balloon-length=\"medium\" aria-label=\"Certificado de conclus\u00e3o de curso superior de Direito com registro na Ordem dos Advogados do Brasil (OAB-SC).\" data-balloon-pos=\"up\">Consultor Jur\u00eddico<\/span><\/td>\r\n<td class=\"cvagas\">1 + CR<\/td>\r\n<td class=\"cremuneracao\">R$ 4.248,00 \/40h<\/td>\r\n<\/tr><tr>\r\n<td class=\"ccargos\">\r\n<span data-balloon-length=\"medium\" aria-label=\"Certificado de conclus\u00e3o de curso superior de Contabilidade com registro no Conselho Regional de Contabilidade de Santa Catarina (CRCSC).\" data-balloon-pos=\"up\">Contador<\/span><\/td>\r\n<td class=\"cvagas\">1 + CR<\/td>\r\n<td class=\"cremuneracao\">R$ 7.434,00 \/40h<\/td>\r\n<\/tr><tr>\r\n<td class=\"ccargos\">\r\n<span data-balloon-length=\"medium\" aria-label=\"Certificado de conclus\u00e3o de curso superior em uma das seguintes \u00e1reas: Ci\u00eancias Cont\u00e1beis, Administra\u00e7\u00e3o, Economia e\/ou Direito com registro no Conselho Regional correspondente.\" data-balloon-pos=\"up\">Controlador Interno<\/span><\/td>\r\n<td class=\"cvagas\">1 + CR<\/td>\r\n<td class=\"cremuneracao\">R$ 7.434,00 \/40h<\/td>\r\n<\/tr><tr>\r\n<td class=\"ccargos\">\r\n<span data-balloon-length=\"medium\" aria-label=\"Certificado de conclus\u00e3o de curso superior de Enfermagem com registro no Conselho Regional de Enfermagem de Santa Catarina (COREN\/SC).\" data-balloon-pos=\"up\">Enfermeiro<\/span><\/td>\r\n<td class=\"cvagas\">2 + CR<\/td>\r\n<td class=\"cremuneracao\">R$ 5.044,50 \/40h<\/td>\r\n<\/tr><tr>\r\n<td class=\"ccargos\">\r\n<span data-balloon-length=\"medium\" aria-label=\"Certificado de conclus\u00e3o de curso superior de Enfermagem com registro no Conselho Regional de Enfermagem de Santa Catarina (COREN\/SC).\" data-balloon-pos=\"up\">Enfermeiro de Sa\u00fade da Fam\u00edlia (ESF)<\/span><\/td>\r\n<td class=\"cvagas\">1 + CR<\/td>\r\n<td class=\"cremuneracao\">R$ 5.044,50 \/40h<\/td>\r\n<\/tr><tr>\r\n<td class=\"ccargos\">\r\n<span data-balloon-length=\"medium\" aria-label=\"Certificado de conclus\u00e3o de curso superior de Engenharia Agron\u00f4mica com registro no CREA-SC - Conselho Regional de Engenharia e Agronomia de Santa Catarina (CREA-SC).\" data-balloon-pos=\"up\">Engenheiro Agr\u00f4nomo<\/span><\/td>\r\n<td class=\"cvagas\">1 + CR<\/td>\r\n<td class=\"cremuneracao\">R$ 7.434,00 \/40h<\/td>\r\n<\/tr><tr>\r\n<td class=\"ccargos\">\r\n<span data-balloon-length=\"medium\" aria-label=\"Certificado de conclus\u00e3o de curso superior de Farm\u00e1cia com registro no Conselho Regional de Farm\u00e1cia de Santa Catarina (CRF-SC).\" data-balloon-pos=\"up\">Farmac\u00eautico<\/span><\/td>\r\n<td class=\"cvagas\">2 + CR<\/td>\r\n<td class=\"cremuneracao\">R$ 4.060,73 \/40h<\/td>\r\n<\/tr><tr>\r\n<td class=\"ccargos\">\r\n<span data-balloon-length=\"medium\" aria-label=\"Certificado de conclus\u00e3o de curso superior em Engenharia Civil, Engenharia Agron\u00f4mica ou Arquitetura com registro no Conselho Regional de Engenharia e Agronomia de Santa Catarina (CREA-SC).\" data-balloon-pos=\"up\">Fiscal de Obras e Meio Ambiente<\/span><\/td>\r\n<td class=\"cvagas\">1 + CR<\/td>\r\n<td class=\"cremuneracao\">R$ 7.434,00 \/40h<\/td>\r\n<\/tr><tr>\r\n<td class=\"ccargos\">\r\n<span data-balloon-length=\"medium\" aria-label=\"Certificado de conclus\u00e3o de curso superior de Fisioterapia com registro no Conselho Regional de Fisioterapia e Terapia Ocupacional da 10\u00aa Regi\u00e3o (CREFITO-10).\" data-balloon-pos=\"up\">Fisioterapeuta<\/span><\/td>\r\n<td class=\"cvagas\">3 + CR<\/td>\r\n<td class=\"cremuneracao\">R$ 4.060,73 \/30h<\/td>\r\n<\/tr><tr>\r\n<td class=\"ccargos\">\r\n<span data-balloon-length=\"medium\" aria-label=\"Certificado de conclus\u00e3o de curso superior de Medicina com registro no Conselho Regional de Medicina de Santa Catarina (CRM-SC) e portar certificado de conclus\u00e3o de curso de resid\u00eancia ou especializa\u00e7\u00e3o na respectiva \u00e1rea.\" data-balloon-pos=\"up\">M\u00e9dico<\/span><\/td>\r\n<td class=\"cvagas\">3 + CR<\/td>\r\n<td class=\"cremuneracao\">R$ 9.982,80 \/20h<\/td>\r\n<\/tr><tr>\r\n<td class=\"ccargos\">\r\n<span data-balloon-length=\"medium\" aria-label=\"Certificado de conclus\u00e3o de curso superior de Medicina com registro no Conselho Regional de Medicina de Santa Catarina (CRM-SC).\" data-balloon-pos=\"up\">M\u00e9dico da Sa\u00fade da Fam\u00edlia<\/span><\/td>\r\n<td class=\"cvagas\">2 + CR<\/td>\r\n<td class=\"cremuneracao\">R$ 19.965,60 \/40h<\/td>\r\n<\/tr><tr>\r\n<td class=\"ccargos\">\r\n<span data-balloon-length=\"medium\" aria-label=\"Certificado de conclus\u00e3o de Ensino Superior em Medicina, especializa\u00e7\u00e3o em Psiquiatria e registro no respectivo conselho de classe.\" data-balloon-pos=\"up\">M\u00e9dico Psiquiatra<\/span><\/td>\r\n<td class=\"cvagas\">1 + CR<\/td>\r\n<td class=\"cremuneracao\">R$ 9.982,80 \/20h<\/td>\r\n<\/tr><tr>\r\n<td class=\"ccargos\">\r\n<span data-balloon-length=\"medium\" aria-label=\"Certificado de conclus\u00e3o de curso superior de Odontologia com registro no Conselho Regional de Odontologia de Santa Catarina (CROSC).\" data-balloon-pos=\"up\">Odont\u00f3logo Cirurgi\u00e3o Dentista (PSB)<\/span><\/td>\r\n<td class=\"cvagas\">4 + CR<\/td>\r\n<td class=\"cremuneracao\">R$ 5.822,88 \/40h<\/td>\r\n<\/tr><tr>\r\n<td class=\"ccargos\">\r\n<span data-balloon-length=\"medium\" aria-label=\"Certificado de Conclus\u00e3o de Ensino Superior em Pedagogia.\" data-balloon-pos=\"up\">Orientador Social<\/span><\/td>\r\n<td class=\"cvagas\">4 + CR<\/td>\r\n<td class=\"cremuneracao\">R$ 4.784,84 \/40h<\/td>\r\n<\/tr><tr>\r\n<td class=\"ccargos\">\r\n<span data-balloon-length=\"medium\" aria-label=\"Certificado de conclus\u00e3o de curso superior de Psicologia com registro no Conselho Regional de Psicologia Santa Catarina (CRP-SC).\" data-balloon-pos=\"up\">Psic\u00f3logo<\/span><\/td>\r\n<td class=\"cvagas\">4 + CR<\/td>\r\n<td class=\"cremuneracao\">R$ 4.060,73 \/40h<\/td>\r\n<\/tr>\r\n    <\/tbody>\r\n  <\/table>\r\n<\/div>"},"_links":{"self":[{"href":"https:\/\/www.agrobase.com.br\/concursos\/wp-json\/wp\/v2\/posts\/276142","targetHints":{"allow":["GET"]}}],"collection":[{"href":"https:\/\/www.agrobase.com.br\/concursos\/wp-json\/wp\/v2\/posts"}],"about":[{"href":"https:\/\/www.agrobase.com.br\/concursos\/wp-json\/wp\/v2\/types\/post"}],"author":[{"embeddable":true,"href":"https:\/\/www.agrobase.com.br\/concursos\/wp-json\/wp\/v2\/users\/5229"}],"replies":[{"embeddable":true,"href":"https:\/\/www.agrobase.com.br\/concursos\/wp-json\/wp\/v2\/comments?post=276142"}],"version-history":[{"count":2,"href":"https:\/\/www.agrobase.com.br\/concursos\/wp-json\/wp\/v2\/posts\/276142\/revisions"}],"predecessor-version":[{"id":276225,"href":"https:\/\/www.agrobase.com.br\/concursos\/wp-json\/wp\/v2\/posts\/276142\/revisions\/276225"}],"wp:featuredmedia":[{"embeddable":true,"href":"https:\/\/www.agrobase.com.br\/concursos\/wp-json\/wp\/v2\/media\/276141"}],"wp:attachment":[{"href":"https:\/\/www.agrobase.com.br\/concursos\/wp-json\/wp\/v2\/media?parent=276142"}],"wp:term":[{"taxonomy":"category","embeddable":true,"href":"https:\/\/www.agrobase.com.br\/concursos\/wp-json\/wp\/v2\/categories?post=276142"},{"taxonomy":"post_tag","embeddable":true,"href":"https:\/\/www.agrobase.com.br\/concursos\/wp-json\/wp\/v2\/tags?post=276142"},{"taxonomy":"_amplo","embeddable":true,"href":"https:\/\/www.agrobase.com.br\/concursos\/wp-json\/wp\/v2\/_amplo?post=276142"},{"taxonomy":"destaque","embeddable":true,"href":"https:\/\/www.agrobase.com.br\/concursos\/wp-json\/wp\/v2\/destaque?post=276142"},{"taxonomy":"instituicoes","embeddable":true,"href":"https:\/\/www.agrobase.com.br\/concursos\/wp-json\/wp\/v2\/instituicoes?post=276142"}],"curies":[{"name":"wp","href":"https:\/\/api.w.org\/{rel}","templated":true}]}}