{"id":276138,"date":"2025-12-31T07:55:55","date_gmt":"2025-12-31T10:55:55","guid":{"rendered":"https:\/\/www.agrobase.com.br\/concursos\/?p=276138"},"modified":"2025-12-30T19:23:15","modified_gmt":"2025-12-30T22:23:15","slug":"prefeitura-carlinda-mt-concurso-01-2025","status":"publish","type":"post","link":"https:\/\/www.agrobase.com.br\/concursos\/2025\/prefeitura-carlinda-mt-concurso-01-2025\/","title":{"rendered":"Prefeitura Carlinda (MT) &#8211; Concurso 01\/2025"},"content":{"rendered":"<h2>Informa\u00e7\u00f5es Gerais<\/h2>\n<p>A <strong>Prefeitura Municipal de Carlinda<\/strong>, no estado de Mato Grosso, publicou o edital n\u00ba 001\/2025 para a realiza\u00e7\u00e3o de um novo concurso p\u00fablico. O certame visa o preenchimento de <strong>133 vagas imediatas<\/strong>, al\u00e9m da forma\u00e7\u00e3o de cadastro reserva, para cargos de todos os n\u00edveis de escolaridade (fundamental, m\u00e9dio, t\u00e9cnico e superior). As contrata\u00e7\u00f5es ser\u00e3o regidas pelo <strong>regime estatut\u00e1rio<\/strong>, garantindo estabilidade aos servidores aprovados.<\/p>\n<p>As oportunidades abrangem diversas \u00e1reas da administra\u00e7\u00e3o p\u00fablica, incluindo Sa\u00fade, Educa\u00e7\u00e3o, Obras e Administrativo. Os vencimentos iniciais variam de <strong>R$ 1.518,00 a R$ 15.318,70<\/strong>, conforme o cargo e a jornada de trabalho. Merecem destaque as vagas destinadas aos profissionais das \u00e1reas de <strong>Nutri\u00e7\u00e3o<\/strong> e <strong>T\u00e9cnico Agropecu\u00e1rio<\/strong>, al\u00e9m de oportunidades para Engenharia Civil, Enfermagem e Medicina.<\/p>\n<p>Este \u00e9 um concurso de m\u00e9dio porte organizado pelo <strong>INEPAM<\/strong>, com validade de dois anos, prorrog\u00e1vel por igual per\u00edodo. Se voc\u00ea busca uma oportunidade no servi\u00e7o p\u00fablico mato-grossense, confira a seguir os detalhes sobre prazos, etapas e requisitos.<\/p>\n<h2>Inscri\u00e7\u00f5es<\/h2>\n<p>Os interessados em participar do concurso da Prefeitura de Carlinda devem realizar a inscri\u00e7\u00e3o exclusivamente pela internet, atrav\u00e9s do site do <strong>INEPAM<\/strong>. O per\u00edodo de candidaturas estar\u00e1 aberto entre os dias <strong>16 de janeiro e 13 de fevereiro de 2026<\/strong>. \u00c9 fundamental que o candidato leia atentamente o edital antes de preencher o formul\u00e1rio eletr\u00f4nico.<\/p>\n<p>Ap\u00f3s o preenchimento da ficha de inscri\u00e7\u00e3o, ser\u00e1 necess\u00e1rio gerar e imprimir o boleto banc\u00e1rio para pagamento da taxa. O edital alerta que o candidato deve salvar o arquivo do boleto em seu dispositivo, pois o acesso via link n\u00e3o ser\u00e1 poss\u00edvel ap\u00f3s o fechamento das inscri\u00e7\u00f5es. O pagamento deve ser efetuado at\u00e9 a data de vencimento em qualquer ag\u00eancia banc\u00e1ria ou casa lot\u00e9rica.<\/p>\n<p>N\u00e3o ser\u00e3o aceitas inscri\u00e7\u00f5es condicionais, extempor\u00e2neas ou via correio. Para confirmar a efetiva\u00e7\u00e3o da inscri\u00e7\u00e3o, o candidato deve acompanhar a \u00e1rea restrita no site da banca organizadora ap\u00f3s a compensa\u00e7\u00e3o banc\u00e1ria. Recomendamos a leitura integral do edital para verificar as condi\u00e7\u00f5es de isen\u00e7\u00e3o da taxa, caso aplic\u00e1vel.<\/p>\n<h2>Etapas e Provas<\/h2>\n<p>A sele\u00e7\u00e3o dos candidatos ser\u00e1 composta por diferentes etapas, variando de acordo com o n\u00edvel de escolaridade e a natureza do cargo. Todos os inscritos ser\u00e3o submetidos \u00e0 <strong>Prova Objetiva<\/strong>, de car\u00e1ter eliminat\u00f3rio e classificat\u00f3rio. A aplica\u00e7\u00e3o est\u00e1 prevista para ocorrer em dois domingos: <strong>15 de mar\u00e7o de 2026<\/strong> (1\u00ba, 2\u00ba e 3\u00ba per\u00edodos) e <strong>22 de mar\u00e7o de 2026<\/strong> (4\u00ba, 5\u00ba e 6\u00ba per\u00edodos), no munic\u00edpio de Carlinda\/MT.<\/p>\n<p>Al\u00e9m da etapa te\u00f3rica, o certame prev\u00ea fases espec\u00edficas:<\/p>\n<ul>\n<li><strong>Prova de T\u00edtulos:<\/strong> De car\u00e1ter classificat\u00f3rio, exclusiva para todos os cargos de <strong>N\u00edvel Superior<\/strong>. Aten\u00e7\u00e3o: os documentos dever\u00e3o ser entregues no mesmo dia, local e hor\u00e1rio da realiza\u00e7\u00e3o da Prova Objetiva.<\/li>\n<li><strong>Prova Pr\u00e1tica:<\/strong> De car\u00e1ter eliminat\u00f3rio e classificat\u00f3rio, destinada aos cargos de Motorista de Transporte Escolar, Motorista (CNH D\/E), Operador de M\u00e1quinas e Operador de M\u00e1quinas Pesadas. Ser\u00e3o convocados apenas os 20 primeiros classificados na prova objetiva para esta fase.<\/li>\n<\/ul>\n<p>A prova objetiva ter\u00e1 dura\u00e7\u00e3o de 3 horas e valer\u00e1 de 0 a 100 pontos, sendo necess\u00e1rio obter no m\u00ednimo 50 pontos para n\u00e3o ser eliminado. O conte\u00fado program\u00e1tico e o n\u00famero de quest\u00f5es por disciplina devem ser consultados diretamente nos anexos do edital.<\/p>\n<h2>Resultados e Gabarito<\/h2>\n<p>O cronograma do concurso prev\u00ea a divulga\u00e7\u00e3o dos gabaritos preliminares das provas objetivas nos dias <strong>16 e 23 de mar\u00e7o de 2026<\/strong>, dependendo da data de aplica\u00e7\u00e3o da prova do candidato. A divulga\u00e7\u00e3o das notas da prova objetiva e de t\u00edtulos est\u00e1 agendada para abril, enquanto o resultado da prova pr\u00e1tica deve ser publicado no final do mesmo m\u00eas.<\/p>\n<p>A classifica\u00e7\u00e3o final ser\u00e1 ordenada de forma decrescente de pontua\u00e7\u00e3o. Em caso de empate, ser\u00e3o aplicados crit\u00e9rios como idade igual ou superior a 60 anos (Estatuto do Idoso), maior pontua\u00e7\u00e3o em conhecimentos espec\u00edficos, l\u00edngua portuguesa, matem\u00e1tica, entre outros. A <strong>homologa\u00e7\u00e3o final<\/strong> do concurso est\u00e1 prevista para <strong>13 de maio de 2026<\/strong>.<\/p>\n<p>\u00c9 de responsabilidade exclusiva do candidato acompanhar todas as publica\u00e7\u00f5es, convoca\u00e7\u00f5es e retifica\u00e7\u00f5es no Di\u00e1rio Oficial Eletr\u00f4nico da Prefeitura Municipal de Carlinda e no site do INEPAM. A validade do concurso come\u00e7a a contar a partir da data de homologa\u00e7\u00e3o.<\/p>\n","protected":false},"excerpt":{"rendered":"<p>Concurso Pref. Carlinda (MT) com edital publicado! Vagas p\/ Professor e M\u00e9dico (Fund. a Sup.). Inscri\u00e7\u00f5es a partir de 16\/01. Sal\u00e1rios at\u00e9 R$15.3k. Confira!<\/p>\n","protected":false},"author":5229,"featured_media":276137,"comment_status":"open","ping_status":"open","sticky":false,"template":"","format":"standard","meta":{"_acf_changed":false,"_breakdance_hide_in_design_set":false,"_breakdance_tags":"","footnotes":""},"categories":[7,106,9,10,6434,12,14,17,18,19,21,23,24,25,26,30,108,161,143],"tags":[47],"_amplo":[],"destaque":[],"instituicoes":[],"class_list":["post-276138","post","type-post","status-publish","format-standard","has-post-thumbnail","hentry","category-biomedicina","category-bioquimica","category-ciencias-contabeis","category-direito","category-educacao-fisica-licenciatura","category-enfermagem","category-engenharia","category-farmacia","category-fisioterapia","category-fonoaudiologia","category-medicina","category-nutricao","category-odontologia","category-pedagogia","category-psicologia","category-tecnico-agropecuaria","category-tecnico-enfermagem","category-tecnico-laboratorio","category-tecnico-odontologia","tag-mato-grosso"],"acf":{"_tipo_vagas":"vagas","_numero_vagas":"","_quadro_vagas":"","_cargos":"diversos","_cargos_especificos":"","_salario_max":"R$ 15318.7","_abertura":"20260116","_encerramento":"20260213","_inscricoes":"https:\/\/www.inepam.org.br","_executora_concurso":"","_instituicao_concurso":[],"_link_adicional":null,"_anexos":null,"_produtos":null,"_vagas":"133 vagas + CR","_salario_min":"R$ 1518","_instituicao":"Prefeitura Municipal de Carlinda","_edital":"https:\/\/www.agrobase.com.br\/concursos\/wp-content\/uploads\/sites\/4\/2025\/12\/edital-01-2025-prefeitura-carlinda-mt.pdf","_anexos_edital":"","_fund_incompleto":"<div>\r\n<table class=\"quadro\">\r\n<thead>\r\n<tr>\r\n<th class=\"hcargo\">Cargo<\/th>\r\n<th class=\"hvagas\">Vagas<\/th>\r\n<th class=\"hremuneracao\">Remunera\u00e7\u00e3o<\/th>\r\n<\/tr>\r\n<\/thead>\r\n    <tbody>\r\n      <td class=\"ccargos\">\r\n<span data-balloon-length=\"medium\" aria-label=\"Ensino Fundamental incompleto.\" data-balloon-pos=\"up\">Servi\u00e7os Complementares<\/span><\/td>\r\n<td class=\"cvagas\">20 + CR<\/td>\r\n<td class=\"cremuneracao\">R$ 1.518,00 \/40h<\/td>\r\n<\/tr><td class=\"ccargos\">\r\n<span data-balloon-length=\"medium\" aria-label=\"Ensino Fundamental incompleto.\" data-balloon-pos=\"up\">Servi\u00e7os Externos<\/span><\/td>\r\n<td class=\"cvagas\">20<\/td>\r\n<td class=\"cremuneracao\">R$ 1.518,00 \/40h<\/td>\r\n<\/tr>\r\n    <\/tbody>\r\n  <\/table>\r\n<\/div>","_fund_completo":"<div>\r\n<table class=\"quadro\">\r\n<thead>\r\n<tr>\r\n<th class=\"hcargo\">Cargo<\/th>\r\n<th class=\"hvagas\">Vagas<\/th>\r\n<th class=\"hremuneracao\">Remunera\u00e7\u00e3o<\/th>\r\n<\/tr>\r\n<\/thead>\r\n    <tbody>\r\n      <td class=\"ccargos\">\r\n<span data-balloon-length=\"medium\" aria-label=\"Ensino Fundamental Completo e Carteira Nacional de Habilita\u00e7\u00e3o - Categoria A, B\" data-balloon-pos=\"up\">Motorista CNH A\/B<\/span><\/td>\r\n<td class=\"cvagas\">03 + CR<\/td>\r\n<td class=\"cremuneracao\">R$ 1.661,94 \/40h<\/td>\r\n<\/tr><td class=\"ccargos\">\r\n<span data-balloon-length=\"medium\" aria-label=\"Ensino Fundamental Completo e Carteira Nacional de Habilita\u00e7\u00e3o - Categoria D ou E.\" data-balloon-pos=\"up\">Motorista CNH D\/E<\/span><\/td>\r\n<td class=\"cvagas\">05 + CR<\/td>\r\n<td class=\"cremuneracao\">R$ 2.023,22 \/40h<\/td>\r\n<\/tr><td class=\"ccargos\">\r\n<span data-balloon-length=\"medium\" aria-label=\"Ensino Fundamental Completo e Carteira Nacional de Habilita\u00e7\u00e3o - Categoria D ou E.\" data-balloon-pos=\"up\">Motorista de Transporte Escolar CNH D\/E<\/span><\/td>\r\n<td class=\"cvagas\">12<\/td>\r\n<td class=\"cremuneracao\">R$ 2.221,67 \/40h<\/td>\r\n<\/tr><td class=\"ccargos\">\r\n<span data-balloon-length=\"medium\" aria-label=\"Ensino Fundamental Completo e Carteira Nacional de Habilita\u00e7\u00e3o - Categoria D ou E.\" data-balloon-pos=\"up\">Operador de M\u00e1quinas<\/span><\/td>\r\n<td class=\"cvagas\">03 + CR<\/td>\r\n<td class=\"cremuneracao\">R$ 2.023,22 \/40h<\/td>\r\n<\/tr><td class=\"ccargos\">\r\n<span data-balloon-length=\"medium\" aria-label=\"Ensino Fundamental Completo e Carteira Nacional de Habilita\u00e7\u00e3o - Categoria D ou E\" data-balloon-pos=\"up\">Operador de M\u00e1quinas Pesadas<\/span><\/td>\r\n<td class=\"cvagas\">03 + CR<\/td>\r\n<td class=\"cremuneracao\">R$ 2.529,03 \/40h<\/td>\r\n<\/tr>\r\n    <\/tbody>\r\n  <\/table>\r\n<\/div>","_medio":"<div>\r\n<table class=\"quadro\">\r\n<thead>\r\n<tr>\r\n<th class=\"hcargo\">Cargo<\/th>\r\n<th class=\"hvagas\">Vagas<\/th>\r\n<th class=\"hremuneracao\">Remunera\u00e7\u00e3o<\/th>\r\n<\/tr>\r\n<\/thead>\r\n    <tbody>\r\n      <td class=\"ccargos\">\r\n<span data-balloon-length=\"medium\" aria-label=\"Ensino M\u00e9dio completo.\" data-balloon-pos=\"up\">Assistente Jur\u00eddico<\/span><\/td>\r\n<td class=\"cvagas\">01<\/td>\r\n<td class=\"cremuneracao\">R$ 1.878,70 \/40h<\/td>\r\n<\/tr><td class=\"ccargos\">\r\n<span data-balloon-length=\"medium\" aria-label=\"Ensino M\u00e9dio completo.\" data-balloon-pos=\"up\">Assistente Previdenci\u00e1rio<\/span><\/td>\r\n<td class=\"cvagas\">01<\/td>\r\n<td class=\"cremuneracao\">R$ 1.775,87 \/40h<\/td>\r\n<\/tr><td class=\"ccargos\">\r\n<span data-balloon-length=\"medium\" aria-label=\"Ensino M\u00e9dio completo.\" data-balloon-pos=\"up\">Auxiliar Administrativo<\/span><\/td>\r\n<td class=\"cvagas\">20<\/td>\r\n<td class=\"cremuneracao\">R$ 1.518,00 \/40h<\/td>\r\n<\/tr><td class=\"ccargos\">\r\n<span data-balloon-length=\"medium\" aria-label=\"Ensino M\u00e9dio completo e Curso Profissionalizante na \u00e1rea.\" data-balloon-pos=\"up\">Auxiliar de Sa\u00fade Bucal<\/span><\/td>\r\n<td class=\"cvagas\">02<\/td>\r\n<td class=\"cremuneracao\">R$ 1.518,00 \/40h<\/td>\r\n<\/tr><td class=\"ccargos\">\r\n<span data-balloon-length=\"medium\" aria-label=\"Ensino M\u00e9dio completo.\" data-balloon-pos=\"up\">Fiscal de Tributos<\/span><\/td>\r\n<td class=\"cvagas\">CR<\/td>\r\n<td class=\"cremuneracao\">R$ 1.618,56 \/40h<\/td>\r\n<\/tr><td class=\"ccargos\">\r\n<span data-balloon-length=\"medium\" aria-label=\"Ensino M\u00e9dio completo.\" data-balloon-pos=\"up\">Fiscal de Vigil\u00e2ncia Sanit\u00e1ria<\/span><\/td>\r\n<td class=\"cvagas\">CR<\/td>\r\n<td class=\"cremuneracao\">R$ 1.618,56 \/40h<\/td>\r\n<\/tr><td class=\"ccargos\">\r\n<span data-balloon-length=\"medium\" aria-label=\"Ensino M\u00e9dio completo.\" data-balloon-pos=\"up\">Monitor de Sala<\/span><\/td>\r\n<td class=\"cvagas\">05 + CR<\/td>\r\n<td class=\"cremuneracao\">R$ 1.518,00 \/40h<\/td>\r\n<\/tr><td class=\"ccargos\">\r\n<span data-balloon-length=\"medium\" aria-label=\"Ensino M\u00e9dio completo mais curso t\u00e9cnico de RH, (t\u00e9cnico de n\u00edvel m\u00e9dio ou superior).\" data-balloon-pos=\"up\">T\u00e9cnico Administrativo de RH<\/span><\/td>\r\n<td class=\"cvagas\">CR<\/td>\r\n<td class=\"cremuneracao\">R$ 2.312,25 \/40h<\/td>\r\n<\/tr><td class=\"ccargos\">\r\n<span data-balloon-length=\"medium\" aria-label=\"Ensino M\u00e9dio completo mais curso t\u00e9cnico de agropecu\u00e1ria, (t\u00e9cnico de n\u00edvel m\u00e9dio ou superior).\" data-balloon-pos=\"up\">T\u00e9cnico Agropecu\u00e1rio<\/span><\/td>\r\n<td class=\"cvagas\">02<\/td>\r\n<td class=\"cremuneracao\">R$ 2.312,25 \/40h<\/td>\r\n<\/tr><td class=\"ccargos\">\r\n<span data-balloon-length=\"medium\" aria-label=\"Ensino m\u00e9dio completo, curso t\u00e9cnico de qualifica\u00e7\u00e3o e registro no Coren.\" data-balloon-pos=\"up\">T\u00e9cnico de Enfermagem<\/span><\/td>\r\n<td class=\"cvagas\">05 + CR<\/td>\r\n<td class=\"cremuneracao\">R$ 3.665,81 \/40h<\/td>\r\n<\/tr><td class=\"ccargos\">\r\n<span data-balloon-length=\"medium\" aria-label=\"Ensino M\u00e9dio completo, curso t\u00e9cnico de laborat\u00f3rio e\/ou an\u00e1lises cl\u00ednicas\" data-balloon-pos=\"up\">T\u00e9cnico de Laborat\u00f3rio<\/span><\/td>\r\n<td class=\"cvagas\">01<\/td>\r\n<td class=\"cremuneracao\">R$ 1.618,56 \/40h<\/td>\r\n<\/tr><td class=\"ccargos\">\r\n<span data-balloon-length=\"medium\" aria-label=\"Ensino M\u00e9dio completo. (t\u00e9cnico de n\u00edvel m\u00e9dio ou superior).\" data-balloon-pos=\"up\">T\u00e9cnico de Vigil\u00e2ncia Sanit\u00e1ria<\/span><\/td>\r\n<td class=\"cvagas\">CR<\/td>\r\n<td class=\"cremuneracao\">R$ 1.878,70 \/40h<\/td>\r\n<\/tr>\r\n    <\/tbody>\r\n  <\/table>\r\n<\/div>","_superior":"<div>\r\n<table class=\"quadro\">\r\n<thead>\r\n<tr>\r\n<th class=\"hcargo\">Cargo<\/th>\r\n<th class=\"hvagas\">Vagas<\/th>\r\n<th class=\"hremuneracao\">Remunera\u00e7\u00e3o<\/th>\r\n<\/tr>\r\n<\/thead>\r\n    <tbody>\r\n      <tr>\r\n<td class=\"ccargos\">\r\n<span data-balloon-length=\"medium\" aria-label=\"Curso de N\u00edvel Superior em Ci\u00eancias Cont\u00e1beis com registro no respectivo conselho de classe.\" data-balloon-pos=\"up\">Contador<\/span><\/td>\r\n<td class=\"cvagas\">01<\/td>\r\n<td class=\"cremuneracao\">R$ 4.624,52 \/40h<\/td>\r\n<\/tr><tr>\r\n<td class=\"ccargos\">\r\n<span data-balloon-length=\"medium\" aria-label=\"Curso de N\u00edvel Superior de Enfermagem com registro no respectivo conselho de classe.\" data-balloon-pos=\"up\">Enfermeiro<\/span><\/td>\r\n<td class=\"cvagas\">05 + CR<\/td>\r\n<td class=\"cremuneracao\">R$ 5.236,88 \/40h<\/td>\r\n<\/tr><tr>\r\n<td class=\"ccargos\">\r\n<span data-balloon-length=\"medium\" aria-label=\"Curso de N\u00edvel Superior de Engenharia Civil com registro no respectivo conselho de classe.\" data-balloon-pos=\"up\">Engenheiro Civil<\/span><\/td>\r\n<td class=\"cvagas\">01<\/td>\r\n<td class=\"cremuneracao\">R$ 3.612,90 \/40h<\/td>\r\n<\/tr><tr>\r\n<td class=\"ccargos\">\r\n<span data-balloon-length=\"medium\" aria-label=\"Curso de N\u00edvel Superior de Farm\u00e1cia \/ Bioqu\u00edmica \/biomedicina com registro no respectivo conselho de classe\" data-balloon-pos=\"up\">Farmac\u00eautico\/Biom\u00e9dico<\/span><\/td>\r\n<td class=\"cvagas\">01<\/td>\r\n<td class=\"cremuneracao\">R$ 3.612,90 \/40h<\/td>\r\n<\/tr><tr>\r\n<td class=\"ccargos\">\r\n<span data-balloon-length=\"medium\" aria-label=\"Curso de N\u00edvel Superior de Fisioterapia, com registro no respectivo conselho de classe.\" data-balloon-pos=\"up\">Fisioterapeuta<\/span><\/td>\r\n<td class=\"cvagas\">01 + CR<\/td>\r\n<td class=\"cremuneracao\">R$ 3.612,90 \/40h<\/td>\r\n<\/tr><tr>\r\n<td class=\"ccargos\">\r\n<span data-balloon-length=\"medium\" aria-label=\"Curso de N\u00edvel Superior de Fonoaudiologia com registro no respectivo conselho de classe quando se tratar de profiss\u00e3o regulamentada.\" data-balloon-pos=\"up\">Fonoaudi\u00f3logo<\/span><\/td>\r\n<td class=\"cvagas\">01<\/td>\r\n<td class=\"cremuneracao\">R$ 3.612,90 \/40h<\/td>\r\n<\/tr><tr>\r\n<td class=\"ccargos\">\r\n<span data-balloon-length=\"medium\" aria-label=\"Curso de N\u00edvel Superior de Medicina com registro no respectivo conselho de classe.\" data-balloon-pos=\"up\">M\u00e9dico Cl\u00ednico Geral<\/span><\/td>\r\n<td class=\"cvagas\">01 + CR<\/td>\r\n<td class=\"cremuneracao\">R$ 15.318,70 \/40h<\/td>\r\n<\/tr><tr>\r\n<td class=\"ccargos\">\r\n<span data-balloon-length=\"medium\" aria-label=\"Curso de N\u00edvel Superior de Nutri\u00e7\u00e3o com registro no respectivo conselho de classe.\" data-balloon-pos=\"up\">Nutricionista<\/span><\/td>\r\n<td class=\"cvagas\">02<\/td>\r\n<td class=\"cremuneracao\">R$ 3.612,90 \/40h<\/td>\r\n<\/tr><tr>\r\n<td class=\"ccargos\">\r\n<span data-balloon-length=\"medium\" aria-label=\"Curso de N\u00edvel Superior de Odontologia com registro no respectivo conselho de classe.\" data-balloon-pos=\"up\">Odont\u00f3logo<\/span><\/td>\r\n<td class=\"cvagas\">02<\/td>\r\n<td class=\"cremuneracao\">R$ 4.624,52 \/40h<\/td>\r\n<\/tr><tr>\r\n<td class=\"ccargos\">\r\n<span data-balloon-length=\"medium\" aria-label=\"N\u00edvel Superior completo em Direito, com devido registro na OAB.\" data-balloon-pos=\"up\">Procurador Jur\u00eddico<\/span><\/td>\r\n<td class=\"cvagas\">01<\/td>\r\n<td class=\"cremuneracao\">R$ 9.393,58 \/40h<\/td>\r\n<\/tr><tr>\r\n<td class=\"ccargos\">\r\n<span data-balloon-length=\"medium\" aria-label=\"Licenciatura em educa\u00e7\u00e3o f\u00edsica e com registro no respectivo conselho de classe\" data-balloon-pos=\"up\">Professor de Educa\u00e7\u00e3o F\u00edsica<\/span><\/td>\r\n<td class=\"cvagas\">01 + CR<\/td>\r\n<td class=\"cremuneracao\">R$ 4.164,07 \/30h<\/td>\r\n<\/tr><tr>\r\n<td class=\"ccargos\">\r\n<span data-balloon-length=\"medium\" aria-label=\"Licenciatura em Pedagogia\" data-balloon-pos=\"up\">Professor de Pedagogia<\/span><\/td>\r\n<td class=\"cvagas\">12<\/td>\r\n<td class=\"cremuneracao\">R$ 4.164,07 \/30h<\/td>\r\n<\/tr><tr>\r\n<td class=\"ccargos\">\r\n<span data-balloon-length=\"medium\" aria-label=\"Curso de N\u00edvel Superior em Psicologia com registro no respectivo conselho de classe.\" data-balloon-pos=\"up\">Psic\u00f3logo<\/span><\/td>\r\n<td class=\"cvagas\">02<\/td>\r\n<td class=\"cremuneracao\">R$ 3.612,90 \/40h<\/td>\r\n<\/tr><tr>\r\n<td class=\"ccargos\">\r\n<span data-balloon-length=\"medium\" aria-label=\"Licenciatura em pedagogia com especializa\u00e7\u00e3o em psicopedagogia e ou gradua\u00e7\u00e3o em psicopedagogia\" data-balloon-pos=\"up\">Psicopedagogo<\/span><\/td>\r\n<td class=\"cvagas\">01<\/td>\r\n<td class=\"cremuneracao\">R$ 3.612,90 \/30h<\/td>\r\n<\/tr>\r\n    <\/tbody>\r\n  <\/table>\r\n<\/div>"},"_links":{"self":[{"href":"https:\/\/www.agrobase.com.br\/concursos\/wp-json\/wp\/v2\/posts\/276138","targetHints":{"allow":["GET"]}}],"collection":[{"href":"https:\/\/www.agrobase.com.br\/concursos\/wp-json\/wp\/v2\/posts"}],"about":[{"href":"https:\/\/www.agrobase.com.br\/concursos\/wp-json\/wp\/v2\/types\/post"}],"author":[{"embeddable":true,"href":"https:\/\/www.agrobase.com.br\/concursos\/wp-json\/wp\/v2\/users\/5229"}],"replies":[{"embeddable":true,"href":"https:\/\/www.agrobase.com.br\/concursos\/wp-json\/wp\/v2\/comments?post=276138"}],"version-history":[{"count":2,"href":"https:\/\/www.agrobase.com.br\/concursos\/wp-json\/wp\/v2\/posts\/276138\/revisions"}],"predecessor-version":[{"id":276226,"href":"https:\/\/www.agrobase.com.br\/concursos\/wp-json\/wp\/v2\/posts\/276138\/revisions\/276226"}],"wp:featuredmedia":[{"embeddable":true,"href":"https:\/\/www.agrobase.com.br\/concursos\/wp-json\/wp\/v2\/media\/276137"}],"wp:attachment":[{"href":"https:\/\/www.agrobase.com.br\/concursos\/wp-json\/wp\/v2\/media?parent=276138"}],"wp:term":[{"taxonomy":"category","embeddable":true,"href":"https:\/\/www.agrobase.com.br\/concursos\/wp-json\/wp\/v2\/categories?post=276138"},{"taxonomy":"post_tag","embeddable":true,"href":"https:\/\/www.agrobase.com.br\/concursos\/wp-json\/wp\/v2\/tags?post=276138"},{"taxonomy":"_amplo","embeddable":true,"href":"https:\/\/www.agrobase.com.br\/concursos\/wp-json\/wp\/v2\/_amplo?post=276138"},{"taxonomy":"destaque","embeddable":true,"href":"https:\/\/www.agrobase.com.br\/concursos\/wp-json\/wp\/v2\/destaque?post=276138"},{"taxonomy":"instituicoes","embeddable":true,"href":"https:\/\/www.agrobase.com.br\/concursos\/wp-json\/wp\/v2\/instituicoes?post=276138"}],"curies":[{"name":"wp","href":"https:\/\/api.w.org\/{rel}","templated":true}]}}