{"id":276099,"date":"2025-12-30T10:11:12","date_gmt":"2025-12-30T13:11:12","guid":{"rendered":"https:\/\/www.agrobase.com.br\/concursos\/?p=276099"},"modified":"2025-12-30T10:11:12","modified_gmt":"2025-12-30T13:11:12","slug":"prefeitura-cabo-frio-rj-selecao-simplificada-01-2025","status":"publish","type":"post","link":"https:\/\/www.agrobase.com.br\/concursos\/2025\/prefeitura-cabo-frio-rj-selecao-simplificada-01-2025\/","title":{"rendered":"Prefeitura Cabo Frio (RJ) &#8211; Sele\u00e7\u00e3o Simplificada 01\/2025"},"content":{"rendered":"<h2>Informa\u00e7\u00f5es Gerais<\/h2>\n<p>A <strong>Prefeitura Municipal de Cabo Frio<\/strong>, no estado do Rio de Janeiro, torna p\u00fablico o edital n\u00ba 001\/2025 referente ao seu novo Processo Seletivo Simplificado. O certame \u00e9 organizado pela Secretaria Municipal de Sa\u00fade e visa o preenchimento de <strong>124 vagas imediatas<\/strong>, al\u00e9m da forma\u00e7\u00e3o de cadastro de reserva, para contrata\u00e7\u00e3o tempor\u00e1ria por excepcional interesse p\u00fablico.<\/p>\n<p>As oportunidades abrangem candidatos de n\u00edveis <strong>fundamental, m\u00e9dio, t\u00e9cnico e superior<\/strong>, com remunera\u00e7\u00f5es que variam de <strong>R$ 1.292,80 a R$ 6.248,54<\/strong>. O regime de contrata\u00e7\u00e3o ser\u00e1 o administrativo (tempor\u00e1rio), com validade de 12 meses, podendo ser prorrogado por igual per\u00edodo.<\/p>\n<p>O edital contempla diversos cargos na \u00e1rea da sa\u00fade e apoio operacional. Destacamos especialmente as oportunidades para <strong>Nutricionista<\/strong> e <strong>Bi\u00f3logo<\/strong>, carreiras de grande relev\u00e2ncia contempladas neste certame. Continue a leitura para conferir os prazos, requisitos e etapas de avalia\u00e7\u00e3o.<\/p>\n<h2>Inscri\u00e7\u00f5es<\/h2>\n<p>As inscri\u00e7\u00f5es devem ser realizadas exclusivamente pela internet, atrav\u00e9s do <strong>Sistema PROSSIM<\/strong> (plataforma da UERJ). O candidato deve estar atento ao cronograma, pois o per\u00edodo de inscri\u00e7\u00e3o varia de acordo com o grupo de cargos:<\/p>\n<ul>\n<li><strong>Grupo I:<\/strong> de 05\/01\/2026 a 21\/01\/2026;<\/li>\n<li><strong>Grupo II:<\/strong> de 12\/02\/2026 a 23\/02\/2026;<\/li>\n<li><strong>Grupo III:<\/strong> de 20\/03\/2026 a 30\/03\/2026.<\/li>\n<\/ul>\n<p>Para efetivar a participa\u00e7\u00e3o, \u00e9 necess\u00e1rio preencher o formul\u00e1rio online e realizar o <em>upload<\/em> dos documentos obrigat\u00f3rios (identidade, CPF, comprovantes de escolaridade, t\u00edtulos e experi\u00eancia profissional). Os arquivos devem estar em formato <strong>PDF<\/strong>, coloridos, leg\u00edveis e com tamanho m\u00e1ximo de 10MB cada. O edital n\u00e3o menciona a cobran\u00e7a de taxa de inscri\u00e7\u00e3o.<\/p>\n<p>\u00c9 imprescind\u00edvel a leitura completa do edital para identificar em qual grupo seu cargo se enquadra e seguir corretamente as instru\u00e7\u00f5es de envio da documenta\u00e7\u00e3o.<\/p>\n<h2>Etapas e Provas<\/h2>\n<p>A avalia\u00e7\u00e3o dos candidatos ser\u00e1 realizada em <strong>etapa \u00fanica<\/strong>, de car\u00e1ter classificat\u00f3rio, consistente na <strong>An\u00e1lise Curricular<\/strong> (Prova de T\u00edtulos e Experi\u00eancia Profissional). A pontua\u00e7\u00e3o ser\u00e1 atribu\u00edda com base nos documentos anexados no ato da inscri\u00e7\u00e3o.<\/p>\n<p>Os crit\u00e9rios de pontua\u00e7\u00e3o consideram:<\/p>\n<ul>\n<li><strong>Prova de T\u00edtulos:<\/strong> Pontua\u00e7\u00e3o para Ensino M\u00e9dio, Gradua\u00e7\u00e3o, P\u00f3s-Gradua\u00e7\u00e3o (Lato e Stricto Sensu) e RQE (para m\u00e9dicos), respeitando os limites de quantidade estabelecidos no edital;<\/li>\n<li><strong>Experi\u00eancia Profissional:<\/strong> Pontua\u00e7\u00e3o atribu\u00edda ao tempo de servi\u00e7o comprovado na fun\u00e7\u00e3o ou cargo correspondente, variando de 10 a 70 pontos.<\/li>\n<\/ul>\n<p>Ser\u00e3o desclassificados os candidatos que obtiverem pontua\u00e7\u00e3o inferior a 10 pontos ou que n\u00e3o comprovarem os requisitos b\u00e1sicos do cargo. Recomendamos consultar o edital para visualizar a tabela detalhada de pontos.<\/p>\n<h2>Resultados e Gabarito<\/h2>\n<p>A divulga\u00e7\u00e3o dos resultados ocorrer\u00e1 de forma escalonada, respeitando o cronograma de cada grupo, simultaneamente no Sistema PROSSIM e no Di\u00e1rio Oficial Eletr\u00f4nico do Munic\u00edpio de Cabo Frio:<\/p>\n<ul>\n<li><strong>Grupo I:<\/strong> Resultado Final em 10\/02\/2026;<\/li>\n<li><strong>Grupo II:<\/strong> Resultado Final em 19\/03\/2026;<\/li>\n<li><strong>Grupo III:<\/strong> Resultado Final em 28\/04\/2026.<\/li>\n<\/ul>\n<p>A homologa\u00e7\u00e3o final do processo seletivo est\u00e1 prevista para <strong>30\/04\/2026<\/strong>. Em caso de empate, a prefer\u00eancia ser\u00e1 dada ao candidato com maior pontua\u00e7\u00e3o na prova de t\u00edtulos, seguido pela experi\u00eancia profissional e maior idade.<\/p>\n<p>O acompanhamento das publica\u00e7\u00f5es oficiais, incluindo a convoca\u00e7\u00e3o para contrata\u00e7\u00e3o, \u00e9 de responsabilidade exclusiva do candidato e deve ser feito atrav\u00e9s do site da organizadora e da imprensa oficial do munic\u00edpio.<\/p>\n","protected":false},"excerpt":{"rendered":"<p>Proc. Seletivo Simplificado Pref. Cabo Frio (RJ) com edital publicado! Vagas p\/ M\u00e9dico e Enfermeiro (Fund. a Sup.). Inscri\u00e7\u00f5es a partir de 05\/01. Confira detalhes!<\/p>\n","protected":false},"author":5229,"featured_media":276098,"comment_status":"open","ping_status":"open","sticky":false,"template":"","format":"standard","meta":{"_acf_changed":false,"_breakdance_hide_in_design_set":false,"_breakdance_tags":"","footnotes":""},"categories":[6,11,12,17,18,19,21,23,24,26,101,108,161,143],"tags":[56],"_amplo":[],"destaque":[],"instituicoes":[],"class_list":["post-276099","post","type-post","status-publish","format-standard","has-post-thumbnail","hentry","category-biologia","category-educacao-fisica","category-enfermagem","category-farmacia","category-fisioterapia","category-fonoaudiologia","category-medicina","category-nutricao","category-odontologia","category-psicologia","category-servico-social","category-tecnico-enfermagem","category-tecnico-laboratorio","category-tecnico-odontologia","tag-rio-de-janeiro"],"acf":{"_tipo_vagas":"vagas","_numero_vagas":"","_quadro_vagas":"","_cargos":"diversos","_cargos_especificos":"","_salario_max":"R$ 6248.54","_abertura":"20260105","_encerramento":"20260330","_inscricoes":"https:\/\/prossim.uerj.br\/","_executora_concurso":"","_instituicao_concurso":[],"_link_adicional":null,"_anexos":null,"_produtos":null,"_vagas":"124 vagas + CR","_salario_min":"R$ 1292.8","_instituicao":"Prefeitura Cabo Frio","_edital":"https:\/\/www.agrobase.com.br\/concursos\/wp-content\/uploads\/sites\/4\/2025\/12\/edital-01-2025-prefeitura-cabo-frio-rj.pdf","_anexos_edital":"","_fund_incompleto":"","_fund_completo":"<div>\r\n<table class=\"quadro\">\r\n<thead>\r\n<tr>\r\n<th class=\"hcargo\">Cargo<\/th>\r\n<th class=\"hvagas\">Vagas<\/th>\r\n<th class=\"hremuneracao\">Remunera\u00e7\u00e3o<\/th>\r\n<\/tr>\r\n<\/thead>\r\n    <tbody>\r\n      <td class=\"ccargos\">\r\n<span data-balloon-length=\"medium\" aria-label=\"Ensino Fundamental Completo\" data-balloon-pos=\"up\">Auxiliar de Servi\u00e7os Gerais<\/span><\/td>\r\n<td class=\"cvagas\">12 + CR<\/td>\r\n<td class=\"cremuneracao\">R$ 1.292,80 \/40h<\/td>\r\n<\/tr><td class=\"ccargos\">\r\n<span data-balloon-length=\"medium\" data-balloon-pos=\"up\">Motorista<\/span><\/td>\r\n<td class=\"cvagas\">1 + CR<\/td>\r\n<td class=\"cremuneracao\">R$ 1.508,26 \/40h<\/td>\r\n<\/tr><td class=\"ccargos\">\r\n<span data-balloon-length=\"medium\" data-balloon-pos=\"up\">Motorista II<\/span><\/td>\r\n<td class=\"cvagas\">1 + CR<\/td>\r\n<td class=\"cremuneracao\">R$ 1.723,75 \/40h<\/td>\r\n<\/tr><td class=\"ccargos\">\r\n<span data-balloon-length=\"medium\" aria-label=\"Ensino Fundamental Completo\" data-balloon-pos=\"up\">Vigia<\/span><\/td>\r\n<td class=\"cvagas\">3 + CR<\/td>\r\n<td class=\"cremuneracao\">R$ 1.645,38 \/42h<\/td>\r\n<\/tr>\r\n    <\/tbody>\r\n  <\/table>\r\n<\/div>","_medio":"<div>\r\n<table class=\"quadro\">\r\n<thead>\r\n<tr>\r\n<th class=\"hcargo\">Cargo<\/th>\r\n<th class=\"hvagas\">Vagas<\/th>\r\n<th class=\"hremuneracao\">Remunera\u00e7\u00e3o<\/th>\r\n<\/tr>\r\n<\/thead>\r\n    <tbody>\r\n      <td class=\"ccargos\">\r\n<span data-balloon-length=\"medium\" aria-label=\"Ensino M\u00e9dio Completo\" data-balloon-pos=\"up\">Auxiliar Administrativo<\/span><\/td>\r\n<td class=\"cvagas\">36 + CR<\/td>\r\n<td class=\"cremuneracao\">R$ 1.762,90 \/40h<\/td>\r\n<\/tr><td class=\"ccargos\">\r\n<span data-balloon-length=\"medium\" aria-label=\"Ensino M\u00e9dio Completo + Curso de Cuidador\" data-balloon-pos=\"up\">Cuidador<\/span><\/td>\r\n<td class=\"cvagas\">7 + CR<\/td>\r\n<td class=\"cremuneracao\">R$ 1.845,07 \/42h<\/td>\r\n<\/tr><td class=\"ccargos\">\r\n<span data-balloon-length=\"medium\" aria-label=\"Ensino M\u00e9dio Completo + Curso de ASB + CRO Ativo\" data-balloon-pos=\"up\">Auxiliar de Sa\u00fade Bucal<\/span><\/td>\r\n<td class=\"cvagas\">3 + CR<\/td>\r\n<td class=\"cremuneracao\">R$ 1.845,07 \/40h<\/td>\r\n<\/tr><td class=\"ccargos\">\r\n<span data-balloon-length=\"medium\" aria-label=\"Ensino M\u00e9dio Completo + T\u00e9cnico em Enfermagem + COREN Ativo\" data-balloon-pos=\"up\">T\u00e9cnico em Enfermagem<\/span><\/td>\r\n<td class=\"cvagas\">14 + CR<\/td>\r\n<td class=\"cremuneracao\">R$ 1.845,07 \/40h<\/td>\r\n<\/tr><td class=\"ccargos\">\r\n<span data-balloon-length=\"medium\" aria-label=\"Ensino M\u00e9dio Completo + T\u00e9cnico em Laborat\u00f3rio + CRF Ativo\" data-balloon-pos=\"up\">T\u00e9cnico em Laborat\u00f3rio<\/span><\/td>\r\n<td class=\"cvagas\">1 + CR<\/td>\r\n<td class=\"cremuneracao\">R$ 1.845,07 \/40h<\/td>\r\n<\/tr>\r\n    <\/tbody>\r\n  <\/table>\r\n<\/div>","_superior":"<div>\r\n<table class=\"quadro\">\r\n<thead>\r\n<tr>\r\n<th class=\"hcargo\">Cargo<\/th>\r\n<th class=\"hvagas\">Vagas<\/th>\r\n<th class=\"hremuneracao\">Remunera\u00e7\u00e3o<\/th>\r\n<\/tr>\r\n<\/thead>\r\n    <tbody>\r\n      <tr>\r\n<td class=\"ccargos\">\r\n<span data-balloon-length=\"medium\" aria-label=\"Superior em Enfermagem + COREN Ativo\" data-balloon-pos=\"up\">Enfermeiro<\/span><\/td>\r\n<td class=\"cvagas\">20 + CR<\/td>\r\n<td class=\"cremuneracao\">R$ 3.124,28 \/40h<\/td>\r\n<\/tr><tr>\r\n<td class=\"ccargos\">\r\n<span data-balloon-length=\"medium\" aria-label=\"Superior em Farm\u00e1cia + CRF Ativo\" data-balloon-pos=\"up\">Farmac\u00eautico<\/span><\/td>\r\n<td class=\"cvagas\">3 + CR<\/td>\r\n<td class=\"cremuneracao\">R$ 3.124,28 \/30h<\/td>\r\n<\/tr><tr>\r\n<td class=\"ccargos\">\r\n<span data-balloon-length=\"medium\" aria-label=\"Superior em Servi\u00e7o Social + CRESS Ativo\" data-balloon-pos=\"up\">Assistente Social<\/span><\/td>\r\n<td class=\"cvagas\">2 + CR<\/td>\r\n<td class=\"cremuneracao\">R$ 3.124,28 \/30h<\/td>\r\n<\/tr><tr>\r\n<td class=\"ccargos\">\r\n<span data-balloon-length=\"medium\" aria-label=\"Superior em Nutri\u00e7\u00e3o + CRN Ativo\" data-balloon-pos=\"up\">Nutricionista<\/span><\/td>\r\n<td class=\"cvagas\">2 + CR<\/td>\r\n<td class=\"cremuneracao\">R$ 3.124,28 \/30h<\/td>\r\n<\/tr><tr>\r\n<td class=\"ccargos\">\r\n<span data-balloon-length=\"medium\" aria-label=\"Superior em Fisioterapia + CREFITO Ativo\" data-balloon-pos=\"up\">Fisioterapeuta<\/span><\/td>\r\n<td class=\"cvagas\">2 + CR<\/td>\r\n<td class=\"cremuneracao\">R$ 3.124,28 \/30h<\/td>\r\n<\/tr><tr>\r\n<td class=\"ccargos\">\r\n<span data-balloon-length=\"medium\" aria-label=\"Superior em Psicologia + CRP Ativo\" data-balloon-pos=\"up\">Psic\u00f3logo<\/span><\/td>\r\n<td class=\"cvagas\">2 + CR<\/td>\r\n<td class=\"cremuneracao\">R$ 3.124,28 \/30h<\/td>\r\n<\/tr><tr>\r\n<td class=\"ccargos\">\r\n<span data-balloon-length=\"medium\" aria-label=\"Superior em Biologia + CRBio Ativo\" data-balloon-pos=\"up\">Bi\u00f3logo<\/span><\/td>\r\n<td class=\"cvagas\">2 + CR<\/td>\r\n<td class=\"cremuneracao\">R$ 3.124,28 \/30h<\/td>\r\n<\/tr><tr>\r\n<td class=\"ccargos\">\r\n<span data-balloon-length=\"medium\" aria-label=\"Superior em Fonoaudiologia + CREFONO Ativo\" data-balloon-pos=\"up\">Fonoaudi\u00f3logo<\/span><\/td>\r\n<td class=\"cvagas\">1 + CR<\/td>\r\n<td class=\"cremuneracao\">R$ 3.124,28 \/30h<\/td>\r\n<\/tr><tr>\r\n<td class=\"ccargos\">\r\n<span data-balloon-length=\"medium\" aria-label=\"Superior em Educa\u00e7\u00e3o F\u00edsica (Bacharel) + CREF Ativo\" data-balloon-pos=\"up\">Educador F\u00edsico<\/span><\/td>\r\n<td class=\"cvagas\">1 + CR<\/td>\r\n<td class=\"cremuneracao\">R$ 3.124,28 \/30h<\/td>\r\n<\/tr><tr>\r\n<td class=\"ccargos\">\r\n<span data-balloon-length=\"medium\" aria-label=\"Superior em Odontologia + CRO Ativo\" data-balloon-pos=\"up\">Odont\u00f3logo<\/span><\/td>\r\n<td class=\"cvagas\">1 + CR<\/td>\r\n<td class=\"cremuneracao\">R$ 6.248,54 \/40h<\/td>\r\n<\/tr><tr>\r\n<td class=\"ccargos\">\r\n<span data-balloon-length=\"medium\" aria-label=\"Superior em Medicina + CRM Ativo\" data-balloon-pos=\"up\">M\u00e9dico M\u00f3dulo de Fam\u00edlia<\/span><\/td>\r\n<td class=\"cvagas\">10 + CR<\/td>\r\n<td class=\"cremuneracao\">R$ 6.248,54 \/40h<\/td>\r\n<\/tr>\r\n    <\/tbody>\r\n  <\/table>\r\n<\/div>"},"_links":{"self":[{"href":"https:\/\/www.agrobase.com.br\/concursos\/wp-json\/wp\/v2\/posts\/276099","targetHints":{"allow":["GET"]}}],"collection":[{"href":"https:\/\/www.agrobase.com.br\/concursos\/wp-json\/wp\/v2\/posts"}],"about":[{"href":"https:\/\/www.agrobase.com.br\/concursos\/wp-json\/wp\/v2\/types\/post"}],"author":[{"embeddable":true,"href":"https:\/\/www.agrobase.com.br\/concursos\/wp-json\/wp\/v2\/users\/5229"}],"replies":[{"embeddable":true,"href":"https:\/\/www.agrobase.com.br\/concursos\/wp-json\/wp\/v2\/comments?post=276099"}],"version-history":[{"count":2,"href":"https:\/\/www.agrobase.com.br\/concursos\/wp-json\/wp\/v2\/posts\/276099\/revisions"}],"predecessor-version":[{"id":276103,"href":"https:\/\/www.agrobase.com.br\/concursos\/wp-json\/wp\/v2\/posts\/276099\/revisions\/276103"}],"wp:featuredmedia":[{"embeddable":true,"href":"https:\/\/www.agrobase.com.br\/concursos\/wp-json\/wp\/v2\/media\/276098"}],"wp:attachment":[{"href":"https:\/\/www.agrobase.com.br\/concursos\/wp-json\/wp\/v2\/media?parent=276099"}],"wp:term":[{"taxonomy":"category","embeddable":true,"href":"https:\/\/www.agrobase.com.br\/concursos\/wp-json\/wp\/v2\/categories?post=276099"},{"taxonomy":"post_tag","embeddable":true,"href":"https:\/\/www.agrobase.com.br\/concursos\/wp-json\/wp\/v2\/tags?post=276099"},{"taxonomy":"_amplo","embeddable":true,"href":"https:\/\/www.agrobase.com.br\/concursos\/wp-json\/wp\/v2\/_amplo?post=276099"},{"taxonomy":"destaque","embeddable":true,"href":"https:\/\/www.agrobase.com.br\/concursos\/wp-json\/wp\/v2\/destaque?post=276099"},{"taxonomy":"instituicoes","embeddable":true,"href":"https:\/\/www.agrobase.com.br\/concursos\/wp-json\/wp\/v2\/instituicoes?post=276099"}],"curies":[{"name":"wp","href":"https:\/\/api.w.org\/{rel}","templated":true}]}}