{"id":276094,"date":"2025-12-30T07:05:56","date_gmt":"2025-12-30T10:05:56","guid":{"rendered":"https:\/\/www.agrobase.com.br\/concursos\/?p=276094"},"modified":"2025-12-29T19:04:55","modified_gmt":"2025-12-29T22:04:55","slug":"prefeitura-bela-vista-de-goias-go-concurso-01-2025","status":"publish","type":"post","link":"https:\/\/www.agrobase.com.br\/concursos\/2025\/prefeitura-bela-vista-de-goias-go-concurso-01-2025\/","title":{"rendered":"Prefeitura Bela Vista de Goi\u00e1s (GO) &#8211; Concurso 01\/2025"},"content":{"rendered":"<h2>Informa\u00e7\u00f5es Gerais<\/h2>\n<p>A <strong>Prefeitura de Bela Vista de Goi\u00e1s<\/strong>, no estado de Goi\u00e1s, publicou o edital de seu novo concurso p\u00fablico, organizado pela <strong>Funda\u00e7\u00e3o Aroeira<\/strong>. O certame visa ao provimento de <strong>281 vagas imediatas<\/strong> e \u00e0 forma\u00e7\u00e3o de cadastro de reserva com <strong>1.024 oportunidades<\/strong>, abrangendo cargos de n\u00edveis fundamental (incompleto e completo), m\u00e9dio, t\u00e9cnico e superior. O regime de contrata\u00e7\u00e3o ser\u00e1 o <strong>Estatut\u00e1rio<\/strong>, garantindo estabilidade aos servidores nomeados.<\/p>\n<p>As oportunidades est\u00e3o distribu\u00eddas entre diversos setores da administra\u00e7\u00e3o municipal, com destaque para as \u00e1reas de Sa\u00fade, Educa\u00e7\u00e3o, Administrativa e Operacional. Para os profissionais de n\u00edvel superior, h\u00e1 vagas espec\u00edficas para <strong>Nutricionista<\/strong>, al\u00e9m de cargos para M\u00e9dicos, Enfermeiros, Professores, entre outros. Se voc\u00ea busca uma oportunidade no servi\u00e7o p\u00fablico goiano, confira a seguir os detalhes essenciais para garantir sua participa\u00e7\u00e3o.<\/p>\n<h2>Inscri\u00e7\u00f5es<\/h2>\n<p>As inscri\u00e7\u00f5es para o concurso de Bela Vista de Goi\u00e1s devem ser realizadas exclusivamente pela internet, no site da <strong>Funda\u00e7\u00e3o Aroeira<\/strong>. O per\u00edodo para cadastro inicia-se \u00e0s 10h do dia 19 de janeiro e segue at\u00e9 \u00e0s 23h59min de 19 de fevereiro de 2026. \u00c9 fundamental que o candidato preencha o formul\u00e1rio eletr\u00f4nico e emita o boleto banc\u00e1rio para pagamento da taxa.<\/p>\n<p>O pagamento deve ser efetuado at\u00e9 o dia <strong>20 de fevereiro de 2026<\/strong>, respeitando o hor\u00e1rio banc\u00e1rio. O edital permite o pagamento via PIX, desde que utilizado o QR Code presente no boleto. Candidatos que n\u00e3o possuem acesso \u00e0 internet podem utilizar os equipamentos disponibilizados na Biblioteca P\u00fablica Municipal Celuta Mendon\u00e7a Teles, em dias \u00fateis, conforme hor\u00e1rios estipulados no edital.<\/p>\n<p>Existem crit\u00e9rios espec\u00edficos para a solicita\u00e7\u00e3o de isen\u00e7\u00e3o da taxa, cujos prazos e regras devem ser consultados diretamente no documento oficial. Ap\u00f3s a homologa\u00e7\u00e3o das inscri\u00e7\u00f5es, \u00e9 responsabilidade do candidato conferir se seu nome consta na lista e imprimir o comprovante de inscri\u00e7\u00e3o para acesso ao local de prova.<\/p>\n<p><strong>Aten\u00e7\u00e3o:<\/strong> Recomendamos a leitura atenta do edital completo para conferir os valores das taxas por n\u00edvel de escolaridade e os requisitos detalhados para isen\u00e7\u00e3o.<\/p>\n<h2>Etapas e Provas<\/h2>\n<p>O processo seletivo ser\u00e1 composto por diferentes etapas, variando conforme o cargo pretendido. A <strong>Prova Objetiva<\/strong>, de car\u00e1ter eliminat\u00f3rio e classificat\u00f3rio, ser\u00e1 aplicada a todos os candidatos na data prov\u00e1vel de <strong>22 de mar\u00e7o de 2026<\/strong>. O exame ter\u00e1 dura\u00e7\u00e3o de 3 horas e consistir\u00e1 em quest\u00f5es de m\u00faltipla escolha com quatro alternativas cada.<\/p>\n<p>Confira abaixo como as etapas est\u00e3o distribu\u00eddas:<\/p>\n<ul>\n<li><strong>Etapa \u00danica (Prova Objetiva):<\/strong> Para os cargos de Auxiliar de Consult\u00f3rio Odontol\u00f3gico, Fiscal de Vigil\u00e2ncia Sanit\u00e1ria, Monitor, Motorista, T\u00e9cnico em Enfermagem e T\u00e9cnico em Radiologia.<\/li>\n<li><strong>Duas Etapas:<\/strong>\n<ul>\n<li><em>Prova Objetiva + Prova de T\u00edtulos:<\/em> Para Assistente Social, Enfermeiro, Fisioterapeuta, Fonoaudi\u00f3logo, M\u00e9dico, Nutricionista, Odont\u00f3logo e Psic\u00f3logo.<\/li>\n<li><em>Prova Objetiva + Prova Pr\u00e1tica:<\/em> Exclusivo para o cargo de Operador de M\u00e1quinas (avaliando retroescavadeira, p\u00e1 carregadeira e motoniveladora).<\/li>\n<\/ul>\n<\/li>\n<li><strong>Tr\u00eas Etapas:<\/strong>\n<ul>\n<li><em>Prova Objetiva + Discursiva + T\u00edtulos:<\/em> Para Professor de Educa\u00e7\u00e3o F\u00edsica e Profissional da Educa\u00e7\u00e3o II. A discursiva exigir\u00e1 um texto dissertativo-argumentativo de 20 a 30 linhas.<\/li>\n<li><em>Prova Objetiva + Teste de Aptid\u00e3o F\u00edsica (TAF) + Exame de Aptid\u00e3o Mental:<\/em> Exclusivo para o cargo de Vigia. O TAF incluir\u00e1 testes de flex\u00e3o de bra\u00e7os, abdominal e corrida.<\/li>\n<\/ul>\n<\/li>\n<\/ul>\n<p>Para ser aprovado na prova objetiva, o candidato deve obter nota igual ou superior a 35 pontos e estar classificado dentro do ponto de corte estipulado para cada cargo. Consulte o edital para verificar o conte\u00fado program\u00e1tico e os crit\u00e9rios detalhados de pontua\u00e7\u00e3o.<\/p>\n<h2>Resultados e Gabarito<\/h2>\n<p>O cronograma do concurso prev\u00ea a divulga\u00e7\u00e3o dos <strong>gabaritos preliminares<\/strong> da Prova Objetiva para o dia 23 de mar\u00e7o de 2026, com os gabaritos definitivos e o resultado preliminar desta etapa previstos para 02 de abril de 2026.<\/p>\n<p>Os resultados das demais fases (Pr\u00e1tica, T\u00edtulos, Discursiva e TAF) ser\u00e3o publicados gradualmente ao longo do m\u00eas de abril. A divulga\u00e7\u00e3o do <strong>Resultado Final<\/strong> do concurso est\u00e1 agendada para 26 de abril de 2026, com a homologa\u00e7\u00e3o prevista para 04 de maio de 2026.<\/p>\n<p>A classifica\u00e7\u00e3o final ser\u00e1 ordenada de forma decrescente, baseada no somat\u00f3rio dos pontos obtidos. O certame ter\u00e1 validade de dois anos, podendo ser prorrogado por igual per\u00edodo. \u00c9 de inteira responsabilidade do candidato acompanhar todas as publica\u00e7\u00f5es e convoca\u00e7\u00f5es no site da <strong>Funda\u00e7\u00e3o Aroeira<\/strong> e no Di\u00e1rio Oficial, n\u00e3o podendo alegar desconhecimento dos prazos.<\/p>\n","protected":false},"excerpt":{"rendered":"<p>Concurso Pref. Bela Vista de Goi\u00e1s (GO) com edital publicado! Vagas p\/ M\u00e9dico e Educa\u00e7\u00e3o (Fund. a Sup.). Inscri\u00e7\u00f5es a partir de 19\/01. Confira detalhes!<\/p>\n","protected":false},"author":5229,"featured_media":276093,"comment_status":"open","ping_status":"open","sticky":false,"template":"","format":"standard","meta":{"_acf_changed":false,"_breakdance_hide_in_design_set":false,"_breakdance_tags":"","footnotes":""},"categories":[6434,12,18,19,21,23,24,25,26,101,108,143],"tags":[46],"_amplo":[],"destaque":[],"instituicoes":[],"class_list":["post-276094","post","type-post","status-publish","format-standard","has-post-thumbnail","hentry","category-educacao-fisica-licenciatura","category-enfermagem","category-fisioterapia","category-fonoaudiologia","category-medicina","category-nutricao","category-odontologia","category-pedagogia","category-psicologia","category-servico-social","category-tecnico-enfermagem","category-tecnico-odontologia","tag-goias"],"acf":{"_tipo_vagas":"vagas","_numero_vagas":"","_quadro_vagas":"","_cargos":"diversos","_cargos_especificos":"","_salario_max":"R$ 7775.01","_abertura":"20260119","_encerramento":"20260219","_inscricoes":"https:\/\/www.aroeira.org.br","_executora_concurso":"","_instituicao_concurso":[],"_link_adicional":null,"_anexos":null,"_produtos":null,"_vagas":"281 vagas + CR","_salario_min":"R$ 1518","_instituicao":"Prefeitura Bela Vista de Goi\u00e1s","_edital":"https:\/\/www.agrobase.com.br\/concursos\/wp-content\/uploads\/sites\/4\/2025\/12\/edital-01-2025-prefeitura-bela-vista-de-goias-go.pdf","_anexos_edital":"","_fund_incompleto":"<div>\r\n<table class=\"quadro\">\r\n<thead>\r\n<tr>\r\n<th class=\"hcargo\">Cargo<\/th>\r\n<th class=\"hvagas\">Vagas<\/th>\r\n<th class=\"hremuneracao\">Remunera\u00e7\u00e3o<\/th>\r\n<\/tr>\r\n<\/thead>\r\n    <tbody>\r\n      <td class=\"ccargos\">\r\n<span data-balloon-length=\"medium\" aria-label=\"Ensino Fundamental Incompleto; Carteira Nacional de Habilita\u00e7\u00e3o categoria D.\" data-balloon-pos=\"up\">MOTORISTA<\/span><\/td>\r\n<td class=\"cvagas\">8 + CR<\/td>\r\n<td class=\"cremuneracao\">R$ 1.518,00 \/44h<\/td>\r\n<\/tr><td class=\"ccargos\">\r\n<span data-balloon-length=\"medium\" aria-label=\"Ensino Fundamental Incompleto; exame de higidez f\u00edsica; exame de aptid\u00e3o f\u00edsica e mental.\" data-balloon-pos=\"up\">VIGIA<\/span><\/td>\r\n<td class=\"cvagas\">4 + CR<\/td>\r\n<td class=\"cremuneracao\">R$ 1.518,00 \/44h<\/td>\r\n<\/tr>\r\n    <\/tbody>\r\n  <\/table>\r\n<\/div>","_fund_completo":"<div>\r\n<table class=\"quadro\">\r\n<thead>\r\n<tr>\r\n<th class=\"hcargo\">Cargo<\/th>\r\n<th class=\"hvagas\">Vagas<\/th>\r\n<th class=\"hremuneracao\">Remunera\u00e7\u00e3o<\/th>\r\n<\/tr>\r\n<\/thead>\r\n    <tbody>\r\n      <td class=\"ccargos\">\r\n<span data-balloon-length=\"medium\" aria-label=\"Ensino Fundamental Completo; comprovante de experi\u00eancia.\" data-balloon-pos=\"up\">MONITOR<\/span><\/td>\r\n<td class=\"cvagas\">120 + CR<\/td>\r\n<td class=\"cremuneracao\">R$ 1.518,00 \/44h<\/td>\r\n<\/tr><td class=\"ccargos\">\r\n<span data-balloon-length=\"medium\" aria-label=\"Ensino Fundamental Completo; Carteira Nacional de Habilita\u00e7\u00e3o categoria C; Prova de habilidades.\" data-balloon-pos=\"up\">OPERADOR DE M\u00c1QUINAS<\/span><\/td>\r\n<td class=\"cvagas\">8 + CR<\/td>\r\n<td class=\"cremuneracao\">R$ 2.722,25 \/44h<\/td>\r\n<\/tr>\r\n    <\/tbody>\r\n  <\/table>\r\n<\/div>","_medio":"<div>\r\n<table class=\"quadro\">\r\n<thead>\r\n<tr>\r\n<th class=\"hcargo\">Cargo<\/th>\r\n<th class=\"hvagas\">Vagas<\/th>\r\n<th class=\"hremuneracao\">Remunera\u00e7\u00e3o<\/th>\r\n<\/tr>\r\n<\/thead>\r\n    <tbody>\r\n      <td class=\"ccargos\">\r\n<span data-balloon-length=\"medium\" aria-label=\"Ensino M\u00e9dio Completo; Curso t\u00e9cnico na \u00e1rea; registro profissional; comprovante de experi\u00eancia.\" data-balloon-pos=\"up\">AUXILIAR DE CONSULT\u00d3RIO ODONTOL\u00d3GICO<\/span><\/td>\r\n<td class=\"cvagas\">8 + CR<\/td>\r\n<td class=\"cremuneracao\">R$ 1.518,00 \/44h<\/td>\r\n<\/tr><td class=\"ccargos\">\r\n<span data-balloon-length=\"medium\" aria-label=\"Ensino M\u00e9dio Completo.\" data-balloon-pos=\"up\">FISCAL DE VIGIL\u00c2NCIA SANIT\u00c1RIA<\/span><\/td>\r\n<td class=\"cvagas\">2 + CR<\/td>\r\n<td class=\"cremuneracao\">R$ 1.518,00 \/44h<\/td>\r\n<\/tr><td class=\"ccargos\">\r\n<span data-balloon-length=\"medium\" aria-label=\"Curso T\u00e9cnico em Enfermagem; registro profissional; comprovante de experi\u00eancia.\" data-balloon-pos=\"up\">T\u00c9CNICO EM ENFERMAGEM<\/span><\/td>\r\n<td class=\"cvagas\">13 + CR<\/td>\r\n<td class=\"cremuneracao\">R$ 1.675,22 \/44h<\/td>\r\n<\/tr><td class=\"ccargos\">\r\n<span data-balloon-length=\"medium\" aria-label=\"N\u00edvel M\u00e9dio Completo; Curso t\u00e9cnico de Radiologia; registro profissional; comprovante de experi\u00eancia.\" data-balloon-pos=\"up\">T\u00c9CNICO EM RADIOLOGIA<\/span><\/td>\r\n<td class=\"cvagas\">8 + CR<\/td>\r\n<td class=\"cremuneracao\">R$ 1.675,22 \/24h<\/td>\r\n<\/tr>\r\n    <\/tbody>\r\n  <\/table>\r\n<\/div>","_superior":"<div>\r\n<table class=\"quadro\">\r\n<thead>\r\n<tr>\r\n<th class=\"hcargo\">Cargo<\/th>\r\n<th class=\"hvagas\">Vagas<\/th>\r\n<th class=\"hremuneracao\">Remunera\u00e7\u00e3o<\/th>\r\n<\/tr>\r\n<\/thead>\r\n    <tbody>\r\n      <tr>\r\n<td class=\"ccargos\">\r\n<span data-balloon-length=\"medium\" aria-label=\"Bacharelado em Servi\u00e7o Social; registro profissional.\" data-balloon-pos=\"up\">ASSISTENTE SOCIAL<\/span><\/td>\r\n<td class=\"cvagas\">1 + CR<\/td>\r\n<td class=\"cremuneracao\">R$ 2.722,25 \/30h<\/td>\r\n<\/tr><tr>\r\n<td class=\"ccargos\">\r\n<span data-balloon-length=\"medium\" aria-label=\"Gradua\u00e7\u00e3o em Enfermagem; registro profissional (COREN).\" data-balloon-pos=\"up\">ENFERMEIRO<\/span><\/td>\r\n<td class=\"cvagas\">8 + CR<\/td>\r\n<td class=\"cremuneracao\">R$ 2.722,25 \/44h<\/td>\r\n<\/tr><tr>\r\n<td class=\"ccargos\">\r\n<span data-balloon-length=\"medium\" aria-label=\"Gradua\u00e7\u00e3o em Fisioterapia; registro profissional.\" data-balloon-pos=\"up\">FISIOTERAPEUTA<\/span><\/td>\r\n<td class=\"cvagas\">1 + CR<\/td>\r\n<td class=\"cremuneracao\">R$ 2.722,25 \/30h<\/td>\r\n<\/tr><tr>\r\n<td class=\"ccargos\">\r\n<span data-balloon-length=\"medium\" aria-label=\"Gradua\u00e7\u00e3o em Fonoaudiologia; registro profissional.\" data-balloon-pos=\"up\">FONOAUDI\u00d3LOGO<\/span><\/td>\r\n<td class=\"cvagas\">1 + CR<\/td>\r\n<td class=\"cremuneracao\">R$ 2.722,25 \/44h<\/td>\r\n<\/tr><tr>\r\n<td class=\"ccargos\">\r\n<span data-balloon-length=\"medium\" aria-label=\"Gradua\u00e7\u00e3o em Medicina; registro profissional.\" data-balloon-pos=\"up\">M\u00c9DICO<\/span><\/td>\r\n<td class=\"cvagas\">8 + CR<\/td>\r\n<td class=\"cremuneracao\">R$ 7.775,01 \/40h<\/td>\r\n<\/tr><tr>\r\n<td class=\"ccargos\">\r\n<span data-balloon-length=\"medium\" aria-label=\"Bacharelado em Nutri\u00e7\u00e3o; registro profissional.\" data-balloon-pos=\"up\">NUTRICIONISTA<\/span><\/td>\r\n<td class=\"cvagas\">1 + CR<\/td>\r\n<td class=\"cremuneracao\">R$ 2.722,25 \/44h<\/td>\r\n<\/tr><tr>\r\n<td class=\"ccargos\">\r\n<span data-balloon-length=\"medium\" aria-label=\"Gradua\u00e7\u00e3o em Odontologia; registro profissional.\" data-balloon-pos=\"up\">ODONT\u00d3LOGO<\/span><\/td>\r\n<td class=\"cvagas\">10 + CR<\/td>\r\n<td class=\"cremuneracao\">R$ 3.538,92 \/40h<\/td>\r\n<\/tr><tr>\r\n<td class=\"ccargos\">\r\n<span data-balloon-length=\"medium\" aria-label=\"Licenciatura Plena em Educa\u00e7\u00e3o F\u00edsica.\" data-balloon-pos=\"up\">PROFESSOR DE EDUCA\u00c7\u00c3O F\u00cdSICA<\/span><\/td>\r\n<td class=\"cvagas\">19 + CR<\/td>\r\n<td class=\"cremuneracao\">R$ 3.650,82 \/30h<\/td>\r\n<\/tr><tr>\r\n<td class=\"ccargos\">\r\n<span data-balloon-length=\"medium\" aria-label=\"Licenciatura Plena com registro para o exerc\u00edcio do Magist\u00e9rio no Ensino Fundamental e Ensino Infantil; registro no \u00f3rg\u00e3o competente.\" data-balloon-pos=\"up\">PROFISSIONAL DE EDUCA\u00c7\u00c3O II<\/span><\/td>\r\n<td class=\"cvagas\">60 + CR<\/td>\r\n<td class=\"cremuneracao\">R$ 4.022,94 \/30h<\/td>\r\n<\/tr><tr>\r\n<td class=\"ccargos\">\r\n<span data-balloon-length=\"medium\" aria-label=\"Bacharelado em Psicologia; registro profissional.\" data-balloon-pos=\"up\">PSIC\u00d3LOGO<\/span><\/td>\r\n<td class=\"cvagas\">1 + CR<\/td>\r\n<td class=\"cremuneracao\">R$ 2.722,25 \/44h<\/td>\r\n<\/tr>\r\n    <\/tbody>\r\n  <\/table>\r\n<\/div>"},"_links":{"self":[{"href":"https:\/\/www.agrobase.com.br\/concursos\/wp-json\/wp\/v2\/posts\/276094","targetHints":{"allow":["GET"]}}],"collection":[{"href":"https:\/\/www.agrobase.com.br\/concursos\/wp-json\/wp\/v2\/posts"}],"about":[{"href":"https:\/\/www.agrobase.com.br\/concursos\/wp-json\/wp\/v2\/types\/post"}],"author":[{"embeddable":true,"href":"https:\/\/www.agrobase.com.br\/concursos\/wp-json\/wp\/v2\/users\/5229"}],"replies":[{"embeddable":true,"href":"https:\/\/www.agrobase.com.br\/concursos\/wp-json\/wp\/v2\/comments?post=276094"}],"version-history":[{"count":3,"href":"https:\/\/www.agrobase.com.br\/concursos\/wp-json\/wp\/v2\/posts\/276094\/revisions"}],"predecessor-version":[{"id":276102,"href":"https:\/\/www.agrobase.com.br\/concursos\/wp-json\/wp\/v2\/posts\/276094\/revisions\/276102"}],"wp:featuredmedia":[{"embeddable":true,"href":"https:\/\/www.agrobase.com.br\/concursos\/wp-json\/wp\/v2\/media\/276093"}],"wp:attachment":[{"href":"https:\/\/www.agrobase.com.br\/concursos\/wp-json\/wp\/v2\/media?parent=276094"}],"wp:term":[{"taxonomy":"category","embeddable":true,"href":"https:\/\/www.agrobase.com.br\/concursos\/wp-json\/wp\/v2\/categories?post=276094"},{"taxonomy":"post_tag","embeddable":true,"href":"https:\/\/www.agrobase.com.br\/concursos\/wp-json\/wp\/v2\/tags?post=276094"},{"taxonomy":"_amplo","embeddable":true,"href":"https:\/\/www.agrobase.com.br\/concursos\/wp-json\/wp\/v2\/_amplo?post=276094"},{"taxonomy":"destaque","embeddable":true,"href":"https:\/\/www.agrobase.com.br\/concursos\/wp-json\/wp\/v2\/destaque?post=276094"},{"taxonomy":"instituicoes","embeddable":true,"href":"https:\/\/www.agrobase.com.br\/concursos\/wp-json\/wp\/v2\/instituicoes?post=276094"}],"curies":[{"name":"wp","href":"https:\/\/api.w.org\/{rel}","templated":true}]}}