{"id":276081,"date":"2025-12-30T07:30:58","date_gmt":"2025-12-30T10:30:58","guid":{"rendered":"https:\/\/www.agrobase.com.br\/concursos\/?p=276081"},"modified":"2025-12-29T19:16:30","modified_gmt":"2025-12-29T22:16:30","slug":"unifal-mg-mg-concurso-137-2024","status":"publish","type":"post","link":"https:\/\/www.agrobase.com.br\/concursos\/2025\/unifal-mg-mg-concurso-137-2024\/","title":{"rendered":"UNIFAL-MG (MG) &#8211; Concurso 137\/2024"},"content":{"rendered":"<h2>Informa\u00e7\u00f5es Gerais<\/h2>\n<p>A <strong>Universidade Federal de Alfenas (UNIFAL-MG)<\/strong> publicou o <strong>Edital n\u00ba 137\/2025<\/strong>, vinculado ao Edital Geral n\u00ba 003\/2025, para a realiza\u00e7\u00e3o de um novo Concurso P\u00fablico destinado ao provimento de vagas na carreira de <strong>Professor do Magist\u00e9rio Superior<\/strong>. O certame visa \u00e0 contrata\u00e7\u00e3o imediata de docentes sob o regime estatut\u00e1rio (Lei n\u00ba 8.112\/1990), garantindo estabilidade empregat\u00edcia e plano de carreira federal.<\/p>\n<p>As oportunidades exigem n\u00edvel superior na \u00e1rea de atua\u00e7\u00e3o, com requisitos espec\u00edficos de titula\u00e7\u00e3o (como Doutorado) dependendo da vaga. As \u00e1reas contempladas abrangem setores da Sa\u00fade, Ci\u00eancias Exatas e Biol\u00f3gicas, incluindo Sa\u00fade Mental, Odontologia, Matem\u00e1tica, Fisioterapia, Bacteriologia e Farm\u00e1cia. Merece destaque especial a oportunidade para a \u00e1rea de <strong>Nutri\u00e7\u00e3o<\/strong> (com \u00eanfase em Tecnologia dos Alimentos, Bromatologia e Bioqu\u00edmica), um dos focos de cobertura do nosso portal.<\/p>\n<p>Se voc\u00ea possui voca\u00e7\u00e3o acad\u00eamica e deseja ingressar em uma institui\u00e7\u00e3o federal de ensino de excel\u00eancia, confira a seguir os detalhes sobre prazos, etapas e requisitos deste processo seletivo.<\/p>\n<h2>Inscri\u00e7\u00f5es<\/h2>\n<p>Os interessados em participar do certame devem realizar a inscri\u00e7\u00e3o exclusivamente pela internet, atrav\u00e9s do sistema oficial da UNIFAL-MG. O per\u00edodo de candidaturas permanece aberto entre <strong>dezembro de 2025 e fevereiro de 2026<\/strong>, conforme o cronograma oficial. \u00c9 fundamental preencher o formul\u00e1rio eletr\u00f4nico com aten\u00e7\u00e3o e emitir a Guia de Recolhimento da Uni\u00e3o (GRU).<\/p>\n<p>A taxa de inscri\u00e7\u00e3o foi fixada no valor de <strong>R$ 332,00<\/strong>. O pagamento deve ser efetuado at\u00e9 a data de encerramento das inscri\u00e7\u00f5es, respeitando os hor\u00e1rios de compensa\u00e7\u00e3o banc\u00e1ria. Candidatos que se enquadrem nos crit\u00e9rios legais (inscritos no Cad\u00danico ou doadores de medula \u00f3ssea, conforme legisla\u00e7\u00e3o vigente citada no edital) poder\u00e3o solicitar a isen\u00e7\u00e3o da taxa, observando os prazos espec\u00edficos estipulados no edital de abertura.<\/p>\n<p>A lista de inscri\u00e7\u00f5es homologadas ser\u00e1 divulgada na p\u00e1gina da Diretoria de Processos Seletivos (DIPS) at\u00e9 dois dias \u00fateis antes da primeira prova. Recomendamos a leitura atenta do edital completo para conferir os requisitos espec\u00edficos de cada \u00e1rea antes de efetivar o pagamento.<\/p>\n<h2>Etapas e Provas<\/h2>\n<p>O processo seletivo da UNIFAL-MG \u00e9 composto por quatro etapas distintas, desenhadas para avaliar o dom\u00ednio de conte\u00fado, a capacidade pedag\u00f3gica e a trajet\u00f3ria acad\u00eamica dos candidatos. As avalia\u00e7\u00f5es ser\u00e3o atribu\u00eddas com notas de 0 a 10. Confira a estrutura:<\/p>\n<ul>\n<li><strong>Prova Escrita (Eliminat\u00f3ria e Classificat\u00f3ria):<\/strong> Ter\u00e1 dura\u00e7\u00e3o m\u00e1xima de 4 horas. O candidato deve obter nota m\u00ednima de 7,0 (70% de aproveitamento) para avan\u00e7ar. \u00c9 permitido o uso de material bibliogr\u00e1fico impresso publicado para consulta apenas nos 60 minutos iniciais.<\/li>\n<li><strong>Prova Did\u00e1tica (Eliminat\u00f3ria e Classificat\u00f3ria):<\/strong> Consiste em uma aula p\u00fablica sobre tema sorteado, gravada em \u00e1udio e v\u00eddeo. \u00c9 vedada a presen\u00e7a de outros candidatos ou familiares. A nota m\u00ednima para aprova\u00e7\u00e3o tamb\u00e9m \u00e9 7,0.<\/li>\n<li><strong>Defesa de Projeto (Eliminat\u00f3ria e Classificat\u00f3ria):<\/strong> Apresenta\u00e7\u00e3o oral de at\u00e9 15 minutos, seguida de argui\u00e7\u00e3o pela banca de at\u00e9 45 minutos. Exige nota m\u00ednima de 7,0.<\/li>\n<li><strong>Prova de T\u00edtulos (Classificat\u00f3ria):<\/strong> An\u00e1lise curricular realizada apenas para os candidatos aprovados nas etapas anteriores.<\/li>\n<\/ul>\n<p>As datas, hor\u00e1rios e locais exatos de realiza\u00e7\u00e3o das provas ser\u00e3o divulgados no Anexo I do edital e no site da DIPS\/UNIFAL-MG. \u00c9 responsabilidade do candidato acompanhar as convoca\u00e7\u00f5es.<\/p>\n<h2>Resultados e Gabarito<\/h2>\n<p>A classifica\u00e7\u00e3o final ser\u00e1 determinada pela ordem decrescente do somat\u00f3rio das notas obtidas em todas as provas. Em caso de empate, ter\u00e3o prefer\u00eancia os candidatos com idade igual ou superior a 60 anos (Estatuto do Idoso), seguidos por aqueles com maior nota na Prova Did\u00e1tica, Prova Escrita e Prova de T\u00edtulos, sucessivamente.<\/p>\n<p>A previs\u00e3o \u00e9 que a <strong>classifica\u00e7\u00e3o final<\/strong> seja publicada no site da UNIFAL-MG em at\u00e9 <strong>8 (oito) dias \u00fateis<\/strong> ap\u00f3s o encerramento das provas. O resultado final ser\u00e1 homologado e publicado no Di\u00e1rio Oficial da Uni\u00e3o, momento a partir do qual come\u00e7a a vigorar o prazo de validade do concurso, que \u00e9 de 2 (dois) anos, podendo ser prorrogado por igual per\u00edodo.<\/p>\n<p>Lembramos que \u00e9 dever exclusivo do candidato acompanhar todas as publica\u00e7\u00f5es oficiais, retifica\u00e7\u00f5es e convoca\u00e7\u00f5es diretamente no site da banca organizadora e no Di\u00e1rio Oficial, n\u00e3o cabendo alega\u00e7\u00e3o de desconhecimento.<\/p>\n","protected":false},"excerpt":{"rendered":"<p>Concurso UNIFAL-MG (MG) com edital publicado! Vagas p\/ Professor do Magist\u00e9rio Superior. Inscri\u00e7\u00f5es a partir de 23\/12. Sal\u00e1rio R$13,2k. Confira detalhes!<\/p>\n","protected":false},"author":5229,"featured_media":0,"comment_status":"open","ping_status":"open","sticky":false,"template":"","format":"standard","meta":{"_acf_changed":false,"_breakdance_hide_in_design_set":false,"_breakdance_tags":"","footnotes":""},"categories":[7,17,18,116,23,24,26],"tags":[50],"_amplo":[],"destaque":[],"instituicoes":[],"class_list":["post-276081","post","type-post","status-publish","format-standard","hentry","category-biomedicina","category-farmacia","category-fisioterapia","category-matematica","category-nutricao","category-odontologia","category-psicologia","tag-minas-gerais"],"acf":{"_tipo_vagas":"vagas","_numero_vagas":"","_quadro_vagas":"","_cargos":"diversos","_cargos_especificos":"","_salario_max":"R$ 13.288,85","_abertura":"20251223","_encerramento":"20260209","_inscricoes":"https:\/\/sistemas.unifal-mg.edu.br\/app\/rh\/inscricoes","_executora_concurso":"","_instituicao_concurso":[],"_link_adicional":null,"_anexos":null,"_produtos":null,"_vagas":"8 vagas","_salario_min":"R$ 13.288,85","_instituicao":"UNIFAL-MG","_edital":"https:\/\/www.agrobase.com.br\/concursos\/wp-content\/uploads\/sites\/4\/2025\/12\/edital-137-2024-unifal-mg.pdf","_anexos_edital":"","_fund_incompleto":"","_fund_completo":"","_medio":"","_superior":"<div>\r\n<table class=\"quadro\">\r\n<thead>\r\n<tr>\r\n<th class=\"hcargo\">Cargo<\/th>\r\n<th class=\"hvagas\">Vagas<\/th>\r\n<th class=\"hremuneracao\">Remunera\u00e7\u00e3o<\/th>\r\n<\/tr>\r\n<\/thead>\r\n    <tbody>\r\n      <tr>\r\n<td class=\"ccargos\">\r\n<span data-balloon-length=\"medium\" aria-label=\"Gradua\u00e7\u00e3o em Nutri\u00e7\u00e3o com Doutorado em qualquer \u00e1rea, para atua\u00e7\u00e3o em Tecnologia dos Alimentos, Bromatologia, Qu\u00edmica e Bioqu\u00edmica de Alimentos, Est\u00e1gio em Unidades de Alimenta\u00e7\u00e3o e Nutri\u00e7\u00e3o.\" data-balloon-pos=\"up\">Professor do Magist\u00e9rio Superior<\/span><\/td>\r\n<td class=\"cvagas\">01<\/td>\r\n<td class=\"cremuneracao\">R$ 13.288,85 \/40h<\/td>\r\n<\/tr><tr>\r\n<td class=\"ccargos\">\r\n<span data-balloon-length=\"medium\" aria-label=\"N\u00edvel Superior na \u00e1rea de Sa\u00fade Mental e Psicologia M\u00e9dica.\" data-balloon-pos=\"up\">Professor do Magist\u00e9rio Superior<\/span><\/td>\r\n<td class=\"cvagas\">01<\/td>\r\n<td class=\"cremuneracao\">R$ 0,00 \/<\/td>\r\n<\/tr><tr>\r\n<td class=\"ccargos\">\r\n<span data-balloon-length=\"medium\" aria-label=\"N\u00edvel Superior na \u00e1rea de Anestesiologia, Cirurgia, Emerg\u00eancias M\u00e9dicas e Farmacoterap\u00eautica em Odontologia.\" data-balloon-pos=\"up\">Professor do Magist\u00e9rio Superior<\/span><\/td>\r\n<td class=\"cvagas\">01<\/td>\r\n<td class=\"cremuneracao\">R$ 0,00 \/<\/td>\r\n<\/tr><tr>\r\n<td class=\"ccargos\">\r\n<span data-balloon-length=\"medium\" aria-label=\"N\u00edvel Superior na \u00e1rea de Matem\u00e1tica e Educa\u00e7\u00e3o Matem\u00e1tica.\" data-balloon-pos=\"up\">Professor do Magist\u00e9rio Superior<\/span><\/td>\r\n<td class=\"cvagas\">01<\/td>\r\n<td class=\"cremuneracao\">R$ 0,00 \/<\/td>\r\n<\/tr><tr>\r\n<td class=\"ccargos\">\r\n<span data-balloon-length=\"medium\" aria-label=\"N\u00edvel Superior na \u00e1rea de Fisioterapia em Dermatofuncional e Disfun\u00e7\u00f5es Dermatofuncionais em Oncologia; Est\u00e1gio Obrigat\u00f3rio de Fisioterapia.\" data-balloon-pos=\"up\">Professor do Magist\u00e9rio Superior<\/span><\/td>\r\n<td class=\"cvagas\">01<\/td>\r\n<td class=\"cremuneracao\">R$ 0,00 \/<\/td>\r\n<\/tr><tr>\r\n<td class=\"ccargos\">\r\n<span data-balloon-length=\"medium\" aria-label=\"N\u00edvel Superior na \u00e1rea de Princ\u00edpios Ergon\u00f4micos e Preventivos em Fisioterapia; Fisioterapia em Sa\u00fade do Trabalhador e Sa\u00fade Coletiva; Est\u00e1gio Obrigat\u00f3rio de Fisioterapia.\" data-balloon-pos=\"up\">Professor do Magist\u00e9rio Superior<\/span><\/td>\r\n<td class=\"cvagas\">01<\/td>\r\n<td class=\"cremuneracao\">R$ 0,00 \/<\/td>\r\n<\/tr><tr>\r\n<td class=\"ccargos\">\r\n<span data-balloon-length=\"medium\" aria-label=\"N\u00edvel Superior na \u00e1rea de Bacteriologia Cl\u00ednica, Micologia Cl\u00ednica.\" data-balloon-pos=\"up\">Professor do Magist\u00e9rio Superior<\/span><\/td>\r\n<td class=\"cvagas\">01<\/td>\r\n<td class=\"cremuneracao\">R$ 0,00 \/<\/td>\r\n<\/tr><tr>\r\n<td class=\"ccargos\">\r\n<span data-balloon-length=\"medium\" aria-label=\"N\u00edvel Superior na \u00e1rea de Farm\u00e1cia Cl\u00ednica e Assist\u00eancia Farmac\u00eautica e Gest\u00e3o da Farm\u00e1cia Universit\u00e1ria.\" data-balloon-pos=\"up\">Professor do Magist\u00e9rio Superior<\/span><\/td>\r\n<td class=\"cvagas\">01<\/td>\r\n<td class=\"cremuneracao\">R$ 0,00 \/<\/td>\r\n<\/tr>\r\n    <\/tbody>\r\n  <\/table>\r\n<\/div>"},"_links":{"self":[{"href":"https:\/\/www.agrobase.com.br\/concursos\/wp-json\/wp\/v2\/posts\/276081","targetHints":{"allow":["GET"]}}],"collection":[{"href":"https:\/\/www.agrobase.com.br\/concursos\/wp-json\/wp\/v2\/posts"}],"about":[{"href":"https:\/\/www.agrobase.com.br\/concursos\/wp-json\/wp\/v2\/types\/post"}],"author":[{"embeddable":true,"href":"https:\/\/www.agrobase.com.br\/concursos\/wp-json\/wp\/v2\/users\/5229"}],"replies":[{"embeddable":true,"href":"https:\/\/www.agrobase.com.br\/concursos\/wp-json\/wp\/v2\/comments?post=276081"}],"version-history":[{"count":3,"href":"https:\/\/www.agrobase.com.br\/concursos\/wp-json\/wp\/v2\/posts\/276081\/revisions"}],"predecessor-version":[{"id":276123,"href":"https:\/\/www.agrobase.com.br\/concursos\/wp-json\/wp\/v2\/posts\/276081\/revisions\/276123"}],"wp:attachment":[{"href":"https:\/\/www.agrobase.com.br\/concursos\/wp-json\/wp\/v2\/media?parent=276081"}],"wp:term":[{"taxonomy":"category","embeddable":true,"href":"https:\/\/www.agrobase.com.br\/concursos\/wp-json\/wp\/v2\/categories?post=276081"},{"taxonomy":"post_tag","embeddable":true,"href":"https:\/\/www.agrobase.com.br\/concursos\/wp-json\/wp\/v2\/tags?post=276081"},{"taxonomy":"_amplo","embeddable":true,"href":"https:\/\/www.agrobase.com.br\/concursos\/wp-json\/wp\/v2\/_amplo?post=276081"},{"taxonomy":"destaque","embeddable":true,"href":"https:\/\/www.agrobase.com.br\/concursos\/wp-json\/wp\/v2\/destaque?post=276081"},{"taxonomy":"instituicoes","embeddable":true,"href":"https:\/\/www.agrobase.com.br\/concursos\/wp-json\/wp\/v2\/instituicoes?post=276081"}],"curies":[{"name":"wp","href":"https:\/\/api.w.org\/{rel}","templated":true}]}}