{"id":276077,"date":"2025-12-30T07:35:57","date_gmt":"2025-12-30T10:35:57","guid":{"rendered":"https:\/\/www.agrobase.com.br\/concursos\/?p=276077"},"modified":"2025-12-29T19:17:10","modified_gmt":"2025-12-29T22:17:10","slug":"prefeitura-guaraquecaba-pr-selecao-simplificada-01-2025","status":"publish","type":"post","link":"https:\/\/www.agrobase.com.br\/concursos\/2025\/prefeitura-guaraquecaba-pr-selecao-simplificada-01-2025\/","title":{"rendered":"Prefeitura Guaraque\u00e7aba (PR) &#8211; Sele\u00e7\u00e3o Simplificada 01\/2025"},"content":{"rendered":"<h2>Informa\u00e7\u00f5es Gerais<\/h2>\n<p>Uma excelente oportunidade para profissionais que buscam ingressar no servi\u00e7o p\u00fablico no litoral paranaense. A <strong>Prefeitura de Guaraque\u00e7aba (PR)<\/strong> publicou o edital n\u00ba 001\/2025 referente \u00e0 sua nova <strong>Sele\u00e7\u00e3o P\u00fablica Simplificada<\/strong>. O certame, organizado pelo Instituto Igeduc, visa o preenchimento imediato de <strong>256 vagas<\/strong>, al\u00e9m da forma\u00e7\u00e3o de cadastro reserva, para contrata\u00e7\u00e3o por tempo determinado.<\/p>\n<p>As oportunidades contemplam candidatos de n\u00edveis <strong>Fundamental, M\u00e9dio, T\u00e9cnico e Superior<\/strong>, com remunera\u00e7\u00f5es que podem chegar a <strong>R$ 15.000,00<\/strong>, dependendo da fun\u00e7\u00e3o exercida. Os aprovados atuar\u00e3o sob regime de contrato administrativo, com vig\u00eancia inicial de 3 a 12 meses, podendo ser prorrogada conforme a necessidade da administra\u00e7\u00e3o municipal.<\/p>\n<p>H\u00e1 vagas distribu\u00eddas entre diversas secretarias, abrangendo \u00e1reas como Sa\u00fade, Educa\u00e7\u00e3o, Assist\u00eancia Social, Administra\u00e7\u00e3o e Transporte Mar\u00edtimo e Terrestre. Merecem destaque especial as oportunidades para profissionais das \u00e1reas de <strong>Medicina Veterin\u00e1ria<\/strong> e <strong>Nutri\u00e7\u00e3o<\/strong>, carreiras essenciais para o desenvolvimento das pol\u00edticas p\u00fablicas locais.<\/p>\n<p>Confira a seguir os detalhes sobre prazos, isen\u00e7\u00e3o e etapas de avalia\u00e7\u00e3o para garantir sua participa\u00e7\u00e3o.<\/p>\n<h2>Inscri\u00e7\u00f5es<\/h2>\n<p>As inscri\u00e7\u00f5es para a sele\u00e7\u00e3o de Guaraque\u00e7aba ser\u00e3o realizadas exclusivamente pela internet. Um dos grandes atrativos deste processo seletivo \u00e9 que <strong>n\u00e3o haver\u00e1 cobran\u00e7a de taxa de inscri\u00e7\u00e3o<\/strong>, garantindo o acesso gratuito a todos os interessados.<\/p>\n<p>Para participar, o candidato deve acessar a <strong>\u00c1rea do Candidato<\/strong> no site do Instituto Igeduc e preencher o Formul\u00e1rio de Inscri\u00e7\u00e3o com dados corretos e atualizados. \u00c9 obrigat\u00f3rio anexar uma fotografia recente no ato do cadastro para fins de identifica\u00e7\u00e3o e seguran\u00e7a do certame.<\/p>\n<p>Fique atento ao preenchimento das informa\u00e7\u00f5es, pois a inscri\u00e7\u00e3o implica na aceita\u00e7\u00e3o integral das regras do edital. Ap\u00f3s concluir o cadastro, o candidato poder\u00e1 emitir o Cart\u00e3o de Confirma\u00e7\u00e3o de Inscri\u00e7\u00e3o (CCI) na data prevista no cronograma oficial.<\/p>\n<p>Recomendamos a leitura atenta do edital completo para verificar os requisitos espec\u00edficos de cada cargo antes de confirmar sua participa\u00e7\u00e3o.<\/p>\n<h2>Etapas e Provas<\/h2>\n<p>A sele\u00e7\u00e3o dos candidatos ser\u00e1 realizada por meio de uma etapa \u00fanica de <strong>Avalia\u00e7\u00e3o de T\u00edtulos e Experi\u00eancia Profissional<\/strong>, de car\u00e1ter classificat\u00f3rio. Esta etapa visa valorizar a forma\u00e7\u00e3o acad\u00eamica e a trajet\u00f3ria laboral dos participantes.<\/p>\n<p>Para as fun\u00e7\u00f5es de <strong>N\u00edvel Superior<\/strong>, a pontua\u00e7\u00e3o m\u00e1xima \u00e9 de 100 pontos. Os candidatos dever\u00e3o enviar a documenta\u00e7\u00e3o comprobat\u00f3ria digitalizada (em formato PDF, com at\u00e9 2 MB por arquivo) diretamente pela \u00c1rea do Candidato, dentro do prazo estipulado. Ser\u00e3o considerados os seguintes crit\u00e9rios:<\/p>\n<ul>\n<li><strong>Forma\u00e7\u00e3o Acad\u00eamica:<\/strong> Doutorado, Mestrado, Especializa\u00e7\u00e3o (Lato Sensu), Gradua\u00e7\u00e3o, Tecn\u00f3logo ou Curso T\u00e9cnico (conforme a \u00e1rea da fun\u00e7\u00e3o).<\/li>\n<li><strong>Cursos de Aperfei\u00e7oamento:<\/strong> Cursos de extens\u00e3o ou atualiza\u00e7\u00e3o na \u00e1rea espec\u00edfica.<\/li>\n<li><strong>Experi\u00eancia Profissional:<\/strong> Comprova\u00e7\u00e3o via CTPS, contratos de trabalho, certid\u00f5es de tempo de servi\u00e7o ou notas fiscais (para MEI), pontuando por m\u00eas completo de trabalho.<\/li>\n<\/ul>\n<p>\u00c9 fundamental que os documentos estejam leg\u00edveis e sem rasuras. Para os cargos de n\u00edveis Fundamental e M\u00e9dio, a classifica\u00e7\u00e3o observar\u00e1 os requisitos de habilita\u00e7\u00e3o e crit\u00e9rios de desempate previstos. Consulte o edital para compreender detalhadamente a tabela de pontua\u00e7\u00e3o e os documentos aceitos.<\/p>\n<h2>Resultados e Gabarito<\/h2>\n<p>O acompanhamento dos resultados \u00e9 de responsabilidade exclusiva do candidato e deve ser feito atrav\u00e9s dos canais oficiais da banca organizadora. O cronograma prev\u00ea uma divulga\u00e7\u00e3o \u00e1gil das etapas:<\/p>\n<ul>\n<li><strong>Listagem de inscritos:<\/strong> Prevista para 20\/01\/2026.<\/li>\n<li><strong>Resultado Preliminar:<\/strong> Divulga\u00e7\u00e3o prevista para 21\/01\/2026, contendo as notas da avalia\u00e7\u00e3o de t\u00edtulos e experi\u00eancia.<\/li>\n<li><strong>Recursos:<\/strong> O prazo para interposi\u00e7\u00e3o de recursos contra o resultado preliminar ser\u00e1 de 21\/01 a 24\/01\/2026 (at\u00e9 \u00e0s 12h).<\/li>\n<li><strong>Resultado Definitivo:<\/strong> A homologa\u00e7\u00e3o e a lista final de classificados est\u00e3o previstas para <strong>24\/01\/2026<\/strong>.<\/li>\n<\/ul>\n<p>Em caso de empate, ser\u00e3o aplicados crit\u00e9rios como idade (Estatuto do Idoso), maior nota de t\u00edtulos (para n\u00edvel superior), maior idade (para n\u00e3o idosos), exerc\u00edcio da fun\u00e7\u00e3o de jurado e, em \u00faltimo caso, sorteio p\u00fablico.<\/p>\n<p>As convoca\u00e7\u00f5es ser\u00e3o publicadas no Di\u00e1rio Oficial e no site da Prefeitura de Guaraque\u00e7aba. Mantenha seus dados de contato sempre atualizados e visite regularmente o site do Instituto Igeduc para n\u00e3o perder nenhuma atualiza\u00e7\u00e3o.<\/p>\n","protected":false},"excerpt":{"rendered":"<p>Sele\u00e7\u00e3o Simplificada Pref. Guaraque\u00e7aba (PR) com edital publicado! 256 vagas p\/ Professor e T\u00e9cnico Enfermagem (Fund. a Sup.). Inscri\u00e7\u00f5es a partir de 26\/12. Confira detalhes!<\/p>\n","protected":false},"author":5229,"featured_media":276076,"comment_status":"open","ping_status":"open","sticky":false,"template":"","format":"standard","meta":{"_acf_changed":false,"_breakdance_hide_in_design_set":false,"_breakdance_tags":"","footnotes":""},"categories":[9,10,12,17,18,21,22,23,24,25,26,101,108,130,143],"tags":[52],"_amplo":[],"destaque":[],"instituicoes":[],"class_list":["post-276077","post","type-post","status-publish","format-standard","has-post-thumbnail","hentry","category-ciencias-contabeis","category-direito","category-enfermagem","category-farmacia","category-fisioterapia","category-medicina","category-veterinaria","category-nutricao","category-odontologia","category-pedagogia","category-psicologia","category-servico-social","category-tecnico-enfermagem","category-tecnico-informatica","category-tecnico-odontologia","tag-parana"],"acf":{"_tipo_vagas":"vagas","_numero_vagas":"","_quadro_vagas":"","_cargos":"diversos","_cargos_especificos":"","_salario_max":"R$ 15000","_abertura":"20251226","_encerramento":"20260115","_inscricoes":"https:\/\/igeduc.selecao.net.br\/informacoes\/138\/","_executora_concurso":"","_instituicao_concurso":[],"_link_adicional":null,"_anexos":null,"_produtos":null,"_vagas":"256 vagas","_salario_min":"R$ 1518","_instituicao":"Prefeitura Guaraque\u00e7aba","_edital":"https:\/\/www.agrobase.com.br\/concursos\/wp-content\/uploads\/sites\/4\/2025\/12\/edital-01-2025-prefeitura-guaraquecaba-pr.pdf","_anexos_edital":"","_fund_incompleto":"","_fund_completo":"<div>\r\n<table class=\"quadro\">\r\n<thead>\r\n<tr>\r\n<th class=\"hcargo\">Cargo<\/th>\r\n<th class=\"hvagas\">Vagas<\/th>\r\n<th class=\"hremuneracao\">Remunera\u00e7\u00e3o<\/th>\r\n<\/tr>\r\n<\/thead>\r\n    <tbody>\r\n      <td class=\"ccargos\">\r\n<span data-balloon-length=\"medium\" aria-label=\"Possuir ensino fundamental completo no momento da contrata\u00e7\u00e3o\" data-balloon-pos=\"up\">Carpinteiro (Secretaria de Educa\u00e7\u00e3o)<\/span><\/td>\r\n<td class=\"cvagas\">01<\/td>\r\n<td class=\"cremuneracao\">R$ 1.518,00 \/40h<\/td>\r\n<\/tr><td class=\"ccargos\">\r\n<span data-balloon-length=\"medium\" aria-label=\"Possuir ensino fundamental completo no momento da contrata\u00e7\u00e3o\" data-balloon-pos=\"up\">Cozinheira (Secretaria de Assist\u00eancia Social)<\/span><\/td>\r\n<td class=\"cvagas\">02<\/td>\r\n<td class=\"cremuneracao\">R$ 1.518,00 \/40h<\/td>\r\n<\/tr><td class=\"ccargos\">\r\n<span data-balloon-length=\"medium\" aria-label=\"Possuir ensino fundamental completo no momento da contrata\u00e7\u00e3o\" data-balloon-pos=\"up\">Educador Social (Secretaria de Assist\u00eancia Social)<\/span><\/td>\r\n<td class=\"cvagas\">02<\/td>\r\n<td class=\"cremuneracao\">R$ 1.518,00 \/40h<\/td>\r\n<\/tr><td class=\"ccargos\">\r\n<span data-balloon-length=\"medium\" aria-label=\"Possuir ensino fundamental completo no momento da contrata\u00e7\u00e3o\" data-balloon-pos=\"up\">Motorista \u201cB\u201d (Secretaria de Educa\u00e7\u00e3o Itinerante)<\/span><\/td>\r\n<td class=\"cvagas\">01<\/td>\r\n<td class=\"cremuneracao\">R$ 1.518,00 \/40h<\/td>\r\n<\/tr><td class=\"ccargos\">\r\n<span data-balloon-length=\"medium\" aria-label=\"Possuir o ensino fundamental completo no momento da contrata\u00e7\u00e3o\" data-balloon-pos=\"up\">Marinheiro (Secretaria de Assist\u00eancia Social)<\/span><\/td>\r\n<td class=\"cvagas\">01<\/td>\r\n<td class=\"cremuneracao\">R$ 1.518,00 \/40h<\/td>\r\n<\/tr><td class=\"ccargos\">\r\n<span data-balloon-length=\"medium\" aria-label=\"Possuir o ensino fundamental completo no momento da contrata\u00e7\u00e3o\" data-balloon-pos=\"up\">Marinheiro (Secretaria de Educa\u00e7\u00e3o)<\/span><\/td>\r\n<td class=\"cvagas\">01<\/td>\r\n<td class=\"cremuneracao\">R$ 1.518,00 \/40h<\/td>\r\n<\/tr><td class=\"ccargos\">\r\n<span data-balloon-length=\"medium\" aria-label=\"Possuir o ensino fundamental completo no momento da contrata\u00e7\u00e3o\" data-balloon-pos=\"up\">Marinheiro (Secretaria de Sa\u00fade)<\/span><\/td>\r\n<td class=\"cvagas\">06<\/td>\r\n<td class=\"cremuneracao\">R$ 1.518,00 \/40h<\/td>\r\n<\/tr><td class=\"ccargos\">\r\n<span data-balloon-length=\"medium\" aria-label=\"Possuir ensino fundamental completo no momento da contrata\u00e7\u00e3o\" data-balloon-pos=\"up\">Pedreiro (Secretaria de Educa\u00e7\u00e3o)<\/span><\/td>\r\n<td class=\"cvagas\">01<\/td>\r\n<td class=\"cremuneracao\">R$ 1.518,00 \/40h<\/td>\r\n<\/tr><td class=\"ccargos\">\r\n<span data-balloon-length=\"medium\" aria-label=\"Possuir ensino fundamental completo no momento da contrata\u00e7\u00e3o\" data-balloon-pos=\"up\">Vigia (Secretaria de Administra\u00e7\u00e3o)<\/span><\/td>\r\n<td class=\"cvagas\">24<\/td>\r\n<td class=\"cremuneracao\">R$ 1.518,00 \/40h<\/td>\r\n<\/tr><td class=\"ccargos\">\r\n<span data-balloon-length=\"medium\" aria-label=\"Possuir ensino fundamental completo e curso de transporte escolar no momento da contrata\u00e7\u00e3o.\" data-balloon-pos=\"up\">Motorista \u201cD\u201d (LINHA POTINGA \u00c0 TAGA\u00c7ABA PORTO DA LINHA E VICE-VERSA.)<\/span><\/td>\r\n<td class=\"cvagas\">02<\/td>\r\n<td class=\"cremuneracao\">R$ 1.518,00 \/40h<\/td>\r\n<\/tr><td class=\"ccargos\">\r\n<span data-balloon-length=\"medium\" aria-label=\"Possuir ensino fundamental completo e curso de transporte escolar no momento da contrata\u00e7\u00e3o.\" data-balloon-pos=\"up\">Motorista \u201cD\u201d (LINHA BROMADO E ITAQUI A RIO DO CEDRO E VICE-VERSA.)<\/span><\/td>\r\n<td class=\"cvagas\">01<\/td>\r\n<td class=\"cremuneracao\">R$ 1.518,00 \/40h<\/td>\r\n<\/tr><td class=\"ccargos\">\r\n<span data-balloon-length=\"medium\" aria-label=\"Possuir ensino fundamental completo e curso de transporte escolar no momento da contrata\u00e7\u00e3o.\" data-balloon-pos=\"up\">Motorista \u201cD\u201d (LINHA TAGA\u00c7ABA DE CIMA \u00c0 TAGA\u00c7ABA PORTO DA LINHA E VICE-VERSA.)<\/span><\/td>\r\n<td class=\"cvagas\">02<\/td>\r\n<td class=\"cremuneracao\">R$ 1.518,00 \/40h<\/td>\r\n<\/tr><td class=\"ccargos\">\r\n<span data-balloon-length=\"medium\" aria-label=\"Possuir ensino fundamental completo e curso de transporte escolar no momento da contrata\u00e7\u00e3o.\" data-balloon-pos=\"up\">Motorista \u201cD\u201d (LINHA PEDRA CHATA, MIRANTE, SERRA NEGRA \u00c0 TAGA\u00c7ABA PORTO DA LINHA E VICE-VERSA)<\/span><\/td>\r\n<td class=\"cvagas\">01<\/td>\r\n<td class=\"cremuneracao\">R$ 1.518,00 \/40h<\/td>\r\n<\/tr><td class=\"ccargos\">\r\n<span data-balloon-length=\"medium\" aria-label=\"Possuir ensino fundamental completo e curso de transporte escolar no momento da contrata\u00e7\u00e3o.\" data-balloon-pos=\"up\">Motorista \"D\" (LINHA RIO BANANAL, A\u00c7UNGUI \u00c0 SERRA NEGRA E VICE-VERSA.)<\/span><\/td>\r\n<td class=\"cvagas\">01<\/td>\r\n<td class=\"cremuneracao\">R$ 1.518,00 \/40h<\/td>\r\n<\/tr><td class=\"ccargos\">\r\n<span data-balloon-length=\"medium\" aria-label=\"Possuir ensino fundamental completo e curso de transporte escolar no momento da contrata\u00e7\u00e3o.\" data-balloon-pos=\"up\">Motorista \u201cD\u201d (LINHA IPANEMA \u00c0 GUARAQUE\u00c7ABA E VICE-VERSA.)<\/span><\/td>\r\n<td class=\"cvagas\">01<\/td>\r\n<td class=\"cremuneracao\">R$ 1.518,00 \/40h<\/td>\r\n<\/tr><td class=\"ccargos\">\r\n<span data-balloon-length=\"medium\" aria-label=\"Possuir ensino fundamental completo e curso de transporte escolar no momento da contrata\u00e7\u00e3o.\" data-balloon-pos=\"up\">Motorista \u201cD\u201d (LINHA BATUVA \u00c0 GUARAQUE\u00c7ABA E VICE-VERSA.)<\/span><\/td>\r\n<td class=\"cvagas\">02<\/td>\r\n<td class=\"cremuneracao\">R$ 1.518,00 \/40h<\/td>\r\n<\/tr><td class=\"ccargos\">\r\n<span data-balloon-length=\"medium\" aria-label=\"Possuir ensino fundamental completo e curso de transporte escolar no momento da contrata\u00e7\u00e3o.\" data-balloon-pos=\"up\">Motorista \u201cD\u201d (LINHA RIO GUARAQUE\u00c7ABA, UTINGA \u00c0 RIO VERDE E VICE-VERSA.)<\/span><\/td>\r\n<td class=\"cvagas\">01<\/td>\r\n<td class=\"cremuneracao\">R$ 1.518,00 \/40h<\/td>\r\n<\/tr><td class=\"ccargos\">\r\n<span data-balloon-length=\"medium\" aria-label=\"Possuir ensino fundamental completo no momento da contrata\u00e7\u00e3o\" data-balloon-pos=\"up\">AUXILIAR DE SERVI\u00c7OS GERAIS (CENTRO MUN. DE ED. INFANTIL - SONHO DE CRIAN\u00c7A \/ SEDE)<\/span><\/td>\r\n<td class=\"cvagas\">04<\/td>\r\n<td class=\"cremuneracao\">R$ 1.518,00 \/40h<\/td>\r\n<\/tr><td class=\"ccargos\">\r\n<span data-balloon-length=\"medium\" aria-label=\"Possuir ensino fundamental completo no momento da contrata\u00e7\u00e3o\" data-balloon-pos=\"up\">AUXILIAR DE SERVI\u00c7OS GERAIS (ESC. RURAL MUN. ALICE SILVA SOBRINHO \/ ILHA DAS PE\u00c7AS)<\/span><\/td>\r\n<td class=\"cvagas\">01<\/td>\r\n<td class=\"cremuneracao\">R$ 1.518,00 \/40h<\/td>\r\n<\/tr><td class=\"ccargos\">\r\n<span data-balloon-length=\"medium\" aria-label=\"Possuir ensino fundamental completo no momento da contrata\u00e7\u00e3o\" data-balloon-pos=\"up\">AUXILIAR DE SERVI\u00c7OS GERAIS (E.M. ANTONIO BARBOSA PINTO \/ SEDE)<\/span><\/td>\r\n<td class=\"cvagas\">04<\/td>\r\n<td class=\"cremuneracao\">R$ 1.518,00 \/40h<\/td>\r\n<\/tr><td class=\"ccargos\">\r\n<span data-balloon-length=\"medium\" aria-label=\"Possuir ensino fundamental completo no momento da contrata\u00e7\u00e3o\" data-balloon-pos=\"up\">AUXILIAR DE SERVI\u00c7OS GERAIS (ESC. RURAL MUN. BARBADOS \/ BARBADOS)<\/span><\/td>\r\n<td class=\"cvagas\">01<\/td>\r\n<td class=\"cremuneracao\">R$ 1.518,00 \/40h<\/td>\r\n<\/tr><td class=\"ccargos\">\r\n<span data-balloon-length=\"medium\" aria-label=\"Possuir ensino fundamental completo no momento da contrata\u00e7\u00e3o\" data-balloon-pos=\"up\">AUXILIAR DE SERVI\u00c7OS GERAIS (ESC. RURAL MUN. BERTIOGA \/ BERTIOGA)<\/span><\/td>\r\n<td class=\"cvagas\">01<\/td>\r\n<td class=\"cremuneracao\">R$ 1.518,00 \/40h<\/td>\r\n<\/tr><td class=\"ccargos\">\r\n<span data-balloon-length=\"medium\" aria-label=\"Possuir ensino fundamental completo no momento da contrata\u00e7\u00e3o\" data-balloon-pos=\"up\">AUXILIAR DE SERVI\u00c7OS GERAIS (ESC. RURAL MUN. BRASILINA GOMES DA COSTA \/ ITAQUI)<\/span><\/td>\r\n<td class=\"cvagas\">01<\/td>\r\n<td class=\"cremuneracao\">R$ 1.518,00 \/40h<\/td>\r\n<\/tr><td class=\"ccargos\">\r\n<span data-balloon-length=\"medium\" aria-label=\"Possuir ensino fundamental completo no momento da contrata\u00e7\u00e3o\" data-balloon-pos=\"up\">AUXILIAR DE SERVI\u00c7OS GERAIS (ESCOLA RURAL MUNICIPAL CANAL DO VARADOURO \/ CANAL DO VARADOURO)<\/span><\/td>\r\n<td class=\"cvagas\">01<\/td>\r\n<td class=\"cremuneracao\">R$ 1.518,00 \/40h<\/td>\r\n<\/tr><td class=\"ccargos\">\r\n<span data-balloon-length=\"medium\" aria-label=\"Possuir ensino fundamental completo no momento da contrata\u00e7\u00e3o\" data-balloon-pos=\"up\">AUXILIAR DE SERVI\u00c7OS GERAIS (ESC. RURAL MUN. GABRIEL RAMOS DA SILVA \/ ILHA RASA)<\/span><\/td>\r\n<td class=\"cvagas\">01<\/td>\r\n<td class=\"cremuneracao\">R$ 1.518,00 \/40h<\/td>\r\n<\/tr><td class=\"ccargos\">\r\n<span data-balloon-length=\"medium\" aria-label=\"Possuir ensino fundamental completo no momento da contrata\u00e7\u00e3o\" data-balloon-pos=\"up\">AUXILIAR DE SERVI\u00c7OS GERAIS (ESC. RURAL MUN. JO\u00c3O LUIZ DA SILVA J\u00daNIOR \/ SUPERAGUI)<\/span><\/td>\r\n<td class=\"cvagas\">01<\/td>\r\n<td class=\"cremuneracao\">R$ 1.518,00 \/40h<\/td>\r\n<\/tr><td class=\"ccargos\">\r\n<span data-balloon-length=\"medium\" aria-label=\"Possuir ensino fundamental completo no momento da contrata\u00e7\u00e3o\" data-balloon-pos=\"up\">AUXILIAR DE SERVI\u00c7OS GERAIS (ESC. RURAL MUN. JUVENAL XAVIER \/ BATUVA)<\/span><\/td>\r\n<td class=\"cvagas\">02<\/td>\r\n<td class=\"cremuneracao\">R$ 1.518,00 \/40h<\/td>\r\n<\/tr><td class=\"ccargos\">\r\n<span data-balloon-length=\"medium\" aria-label=\"Possuir ensino fundamental completo no momento da contrata\u00e7\u00e3o\" data-balloon-pos=\"up\">AUXILIAR DE SERVI\u00c7OS GERAIS (ESC. RURAL MUN. MARIANA \/ MARIANA)<\/span><\/td>\r\n<td class=\"cvagas\">01<\/td>\r\n<td class=\"cremuneracao\">R$ 1.518,00 \/40h<\/td>\r\n<\/tr><td class=\"ccargos\">\r\n<span data-balloon-length=\"medium\" aria-label=\"Possuir ensino fundamental completo no momento da contrata\u00e7\u00e3o\" data-balloon-pos=\"up\">AUXILIAR DE SERVI\u00c7OS GERAIS (ESC. RURAL MUN. MASSARAPO\u00c3 \/ MASSARAPO\u00c3)<\/span><\/td>\r\n<td class=\"cvagas\">01<\/td>\r\n<td class=\"cremuneracao\">R$ 1.518,00 \/40h<\/td>\r\n<\/tr><td class=\"ccargos\">\r\n<span data-balloon-length=\"medium\" aria-label=\"Possuir ensino fundamental completo no momento da contrata\u00e7\u00e3o\" data-balloon-pos=\"up\">AUXILIAR DE SERVI\u00c7OS GERAIS (ESC. RURAL MUN. MEDEIROS \/ MEDEIROS)<\/span><\/td>\r\n<td class=\"cvagas\">01<\/td>\r\n<td class=\"cremuneracao\">R$ 1.518,00 \/40h<\/td>\r\n<\/tr><td class=\"ccargos\">\r\n<span data-balloon-length=\"medium\" aria-label=\"Possuir ensino fundamental completo no momento da contrata\u00e7\u00e3o\" data-balloon-pos=\"up\">AUXILIAR DE SERVI\u00c7OS GERAIS (ESC. RURAL MUN. MORATO \/ MORATO)<\/span><\/td>\r\n<td class=\"cvagas\">01<\/td>\r\n<td class=\"cremuneracao\">R$ 1.518,00 \/40h<\/td>\r\n<\/tr><td class=\"ccargos\">\r\n<span data-balloon-length=\"medium\" aria-label=\"Possuir ensino fundamental completo no momento da contrata\u00e7\u00e3o\" data-balloon-pos=\"up\">AUXILIAR DE SERVI\u00c7OS GERAIS (ESC. RURAL MUN. PADRE MARIO DE MARIA \/ RIO VERDE)<\/span><\/td>\r\n<td class=\"cvagas\">01<\/td>\r\n<td class=\"cremuneracao\">R$ 1.518,00 \/40h<\/td>\r\n<\/tr><td class=\"ccargos\">\r\n<span data-balloon-length=\"medium\" aria-label=\"Possuir ensino fundamental completo no momento da contrata\u00e7\u00e3o\" data-balloon-pos=\"up\">AUXILIAR DE SERVI\u00c7OS GERAIS (ESC. RURAL MUN. PORUQUARA \/ PORUQUARA)<\/span><\/td>\r\n<td class=\"cvagas\">01<\/td>\r\n<td class=\"cremuneracao\">R$ 1.518,00 \/40h<\/td>\r\n<\/tr><td class=\"ccargos\">\r\n<span data-balloon-length=\"medium\" aria-label=\"Possuir ensino fundamental completo no momento da contrata\u00e7\u00e3o\" data-balloon-pos=\"up\">AUXILIAR DE SERVI\u00c7OS GERAIS (ESC. RURAL MUN. RIO DO CEDRO \/ RIO DO CEDRO)<\/span><\/td>\r\n<td class=\"cvagas\">01<\/td>\r\n<td class=\"cremuneracao\">R$ 1.518,00 \/40h<\/td>\r\n<\/tr><td class=\"ccargos\">\r\n<span data-balloon-length=\"medium\" aria-label=\"Possuir ensino fundamental completo no momento da contrata\u00e7\u00e3o\" data-balloon-pos=\"up\">AUXILIAR DE SERVI\u00c7OS GERAIS (ESC. RURAL MUN. SALIM DO CARMO \/ TAGA\u00c7ABA PORTO DA LINHA)<\/span><\/td>\r\n<td class=\"cvagas\">02<\/td>\r\n<td class=\"cremuneracao\">R$ 1.518,00 \/40h<\/td>\r\n<\/tr><td class=\"ccargos\">\r\n<span data-balloon-length=\"medium\" aria-label=\"Possuir ensino fundamental completo no momento da contrata\u00e7\u00e3o\" data-balloon-pos=\"up\">AUXILIAR DE SERVI\u00c7OS GERAIS (ESC. RURAL MUN. SANTA TEREZINHA \/ ALMEIDA)<\/span><\/td>\r\n<td class=\"cvagas\">02<\/td>\r\n<td class=\"cremuneracao\">R$ 1.518,00 \/40h<\/td>\r\n<\/tr><td class=\"ccargos\">\r\n<span data-balloon-length=\"medium\" aria-label=\"Possuir ensino fundamental completo no momento da contrata\u00e7\u00e3o\" data-balloon-pos=\"up\">AUXILIAR DE SERVI\u00c7OS GERAIS (ESC. RURAL MUN. SERRA NEGRA \/ SERRA NEGRA)<\/span><\/td>\r\n<td class=\"cvagas\">02<\/td>\r\n<td class=\"cremuneracao\">R$ 1.518,00 \/40h<\/td>\r\n<\/tr><td class=\"ccargos\">\r\n<span data-balloon-length=\"medium\" aria-label=\"Possuir ensino fundamental completo no momento da contrata\u00e7\u00e3o\" data-balloon-pos=\"up\">AUXILIAR DE SERVI\u00c7OS GERAIS (ESC. RURAL MUN. TAGA\u00c7ABA DE CIMA \/TAGA\u00c7ABA DE CIMA)<\/span><\/td>\r\n<td class=\"cvagas\">01<\/td>\r\n<td class=\"cremuneracao\">R$ 1.518,00 \/40h<\/td>\r\n<\/tr><td class=\"ccargos\">\r\n<span data-balloon-length=\"medium\" aria-label=\"Possuir ensino fundamental completo no momento da contrata\u00e7\u00e3o\" data-balloon-pos=\"up\">AUXILIAR DE SERVI\u00c7OS GERAIS (ESC. RURAL MUN. UTINGA \/ UTINGA)<\/span><\/td>\r\n<td class=\"cvagas\">01<\/td>\r\n<td class=\"cremuneracao\">R$ 1.518,00 \/40h<\/td>\r\n<\/tr><td class=\"ccargos\">\r\n<span data-balloon-length=\"medium\" aria-label=\"Possuir ensino fundamental completo no momento da contrata\u00e7\u00e3o\" data-balloon-pos=\"up\">AUXILIAR DE SERVI\u00c7OS GERAIS (ESC. RURAL MUN. VENCESLAU ARA\u00daJO \/ TIBICANGA)<\/span><\/td>\r\n<td class=\"cvagas\">01<\/td>\r\n<td class=\"cremuneracao\">R$ 1.518,00 \/40h<\/td>\r\n<\/tr><td class=\"ccargos\">\r\n<span data-balloon-length=\"medium\" aria-label=\"Possuir ensino fundamental completo no momento da contrata\u00e7\u00e3o\" data-balloon-pos=\"up\">AUXILIAR DE SERVI\u00c7OS GERAIS (ESC. RURAL MUN. TAQUANDUVA)<\/span><\/td>\r\n<td class=\"cvagas\">01<\/td>\r\n<td class=\"cremuneracao\">R$ 1.518,00 \/40h<\/td>\r\n<\/tr><td class=\"ccargos\">\r\n<span data-balloon-length=\"medium\" aria-label=\"Possuir ensino fundamental completo no momento da contrata\u00e7\u00e3o\" data-balloon-pos=\"up\">AUXILIAR DE SERVI\u00c7OS GERAIS (SEDE \/ ITINERANTE)<\/span><\/td>\r\n<td class=\"cvagas\">02<\/td>\r\n<td class=\"cremuneracao\">R$ 1.518,00 \/40h<\/td>\r\n<\/tr>\r\n    <\/tbody>\r\n  <\/table>\r\n<\/div>","_medio":"<div>\r\n<table class=\"quadro\">\r\n<thead>\r\n<tr>\r\n<th class=\"hcargo\">Cargo<\/th>\r\n<th class=\"hvagas\">Vagas<\/th>\r\n<th class=\"hremuneracao\">Remunera\u00e7\u00e3o<\/th>\r\n<\/tr>\r\n<\/thead>\r\n    <tbody>\r\n      <td class=\"ccargos\">\r\n<span data-balloon-length=\"medium\" aria-label=\"Possuir ensino m\u00e9dio completo no momento da contrata\u00e7\u00e3o\" data-balloon-pos=\"up\">Atendente de Farm\u00e1cia (Secretaria de Sa\u00fade)<\/span><\/td>\r\n<td class=\"cvagas\">06<\/td>\r\n<td class=\"cremuneracao\">R$ 1.518,00 \/40h<\/td>\r\n<\/tr><td class=\"ccargos\">\r\n<span data-balloon-length=\"medium\" aria-label=\"Possuir ensino m\u00e9dio completo no momento da contrata\u00e7\u00e3o\" data-balloon-pos=\"up\">Auxiliar Administrativo (Secretaria de Administra\u00e7\u00e3o)<\/span><\/td>\r\n<td class=\"cvagas\">07<\/td>\r\n<td class=\"cremuneracao\">R$ 1.518,00 \/40h<\/td>\r\n<\/tr><td class=\"ccargos\">\r\n<span data-balloon-length=\"medium\" aria-label=\"Possuir ensino m\u00e9dio completo no momento da contrata\u00e7\u00e3o\" data-balloon-pos=\"up\">Auxiliar administrativo (Secretaria de Assist\u00eancia Social)<\/span><\/td>\r\n<td class=\"cvagas\">02<\/td>\r\n<td class=\"cremuneracao\">R$ 1.518,00 \/40h<\/td>\r\n<\/tr><td class=\"ccargos\">\r\n<span data-balloon-length=\"medium\" aria-label=\"Possuir ensino m\u00e9dio completo no momento da contrata\u00e7\u00e3o\" data-balloon-pos=\"up\">Auxiliar Administrativo (Secretaria de Sa\u00fade)<\/span><\/td>\r\n<td class=\"cvagas\">14<\/td>\r\n<td class=\"cremuneracao\">R$ 1.518,00 \/40h<\/td>\r\n<\/tr><td class=\"ccargos\">\r\n<span data-balloon-length=\"medium\" aria-label=\"Possuir ensino m\u00e9dio completo e registro ativo e regular no Conselho Regional de Odontologia (CRO) no momento da contrata\u00e7\u00e3o\" data-balloon-pos=\"up\">Auxiliar Odontol\u00f3gico (Secretaria de Sa\u00fade)<\/span><\/td>\r\n<td class=\"cvagas\">03<\/td>\r\n<td class=\"cremuneracao\">R$ 1.518,00 \/40h<\/td>\r\n<\/tr><td class=\"ccargos\">\r\n<span data-balloon-length=\"medium\" aria-label=\"Possuir o ensino m\u00e9dio completo no momento da contrata\u00e7\u00e3o\" data-balloon-pos=\"up\">Assistente Administrativo (Secretaria de Educa\u00e7\u00e3o)<\/span><\/td>\r\n<td class=\"cvagas\">03<\/td>\r\n<td class=\"cremuneracao\">R$ 2.097,00 \/40h<\/td>\r\n<\/tr><td class=\"ccargos\">\r\n<span data-balloon-length=\"medium\" aria-label=\"Possuir o ensino m\u00e9dio completo no momento da contrata\u00e7\u00e3o\" data-balloon-pos=\"up\">Assistente Administrativo (Escola Rural Municipal Salim do Carmo)<\/span><\/td>\r\n<td class=\"cvagas\">01<\/td>\r\n<td class=\"cremuneracao\">R$ 2.097,00 \/40h<\/td>\r\n<\/tr><td class=\"ccargos\">\r\n<span data-balloon-length=\"medium\" aria-label=\"Possuir ensino m\u00e9dio completo, curso T\u00e9cnico em Enfermagem completo e registro ativo e regular no Conselho Regional de Enfermagem (COREN) no momento da posse.\" data-balloon-pos=\"up\">T\u00e9cnico de Enfermagem (Secretaria de Sa\u00fade)<\/span><\/td>\r\n<td class=\"cvagas\">15<\/td>\r\n<td class=\"cremuneracao\">R$ 1.782,00 \/30h<\/td>\r\n<\/tr><td class=\"ccargos\">\r\n<span data-balloon-length=\"medium\" aria-label=\"Possuir curso t\u00e9cnico, tecn\u00f3logo ou superior completo em \u00e1reas como redes, sistemas de informa\u00e7\u00f5es, engenharia da computa\u00e7\u00e3o, ci\u00eancias da computa\u00e7\u00e3o, sistemas para a Internet ou em curso equivalente, no momento da posse.\" data-balloon-pos=\"up\">T\u00e9cnico de Inform\u00e1tica (Secretaria de Sa\u00fade)<\/span><\/td>\r\n<td class=\"cvagas\">01<\/td>\r\n<td class=\"cremuneracao\">R$ 1.518,00 \/40h<\/td>\r\n<\/tr>\r\n    <\/tbody>\r\n  <\/table>\r\n<\/div>","_superior":"<div>\r\n<table class=\"quadro\">\r\n<thead>\r\n<tr>\r\n<th class=\"hcargo\">Cargo<\/th>\r\n<th class=\"hvagas\">Vagas<\/th>\r\n<th class=\"hremuneracao\">Remunera\u00e7\u00e3o<\/th>\r\n<\/tr>\r\n<\/thead>\r\n    <tbody>\r\n      <tr>\r\n<td class=\"ccargos\">\r\n<span data-balloon-length=\"medium\" aria-label=\"Diploma, devidamente registrado, de conclus\u00e3o de curso de gradua\u00e7\u00e3o de n\u00edvel superior em Direito, em grau de bacharel, fornecido por institui\u00e7\u00e3o de ensino superior reconhecido pelo Minist\u00e9rio da Educa\u00e7\u00e3o (MEC). Inscri\u00e7\u00e3o regular na Ordem dos Advogados do Brasil (OAB). Possuir no m\u00ednimo 3 anos de experi\u00eancia como Advogado. Conhecimentos de inform\u00e1tica em n\u00edvel usu\u00e1rio (pacote Office).\" data-balloon-pos=\"up\">Advogado (Secretaria de Administra\u00e7\u00e3o)<\/span><\/td>\r\n<td class=\"cvagas\">01<\/td>\r\n<td class=\"cremuneracao\">R$ 2.850,00 \/40h<\/td>\r\n<\/tr><tr>\r\n<td class=\"ccargos\">\r\n<span data-balloon-length=\"medium\" aria-label=\"Possuir Ensino Superior completo em Servi\u00e7o Social e registro ativo e regular no Conselho Regional de Servi\u00e7o Social (CRESS) no momento da posse\" data-balloon-pos=\"up\">Assistente Social (Secretaria de Assist\u00eancia Social)<\/span><\/td>\r\n<td class=\"cvagas\">04<\/td>\r\n<td class=\"cremuneracao\">R$ 2.567,00 \/30h<\/td>\r\n<\/tr><tr>\r\n<td class=\"ccargos\">\r\n<span data-balloon-length=\"medium\" aria-label=\"Possuir Ensino Superior completo em Servi\u00e7o Social e registro ativo e regular no Conselho Regional de Servi\u00e7o Social (CRESS) no momento da posse\" data-balloon-pos=\"up\">Assistente Social (Secretaria de Educa\u00e7\u00e3o)<\/span><\/td>\r\n<td class=\"cvagas\">01<\/td>\r\n<td class=\"cremuneracao\">R$ 2.567,00 \/30h<\/td>\r\n<\/tr><tr>\r\n<td class=\"ccargos\">\r\n<span data-balloon-length=\"medium\" aria-label=\"Possuir Ensino Superior completo em Servi\u00e7o Social e registro ativo e regular no Conselho Regional de Servi\u00e7o Social (CRESS) no momento da posse\" data-balloon-pos=\"up\">Assistente Social (Secretaria de Sa\u00fade)<\/span><\/td>\r\n<td class=\"cvagas\">02<\/td>\r\n<td class=\"cremuneracao\">R$ 2.567,00 \/30h<\/td>\r\n<\/tr><tr>\r\n<td class=\"ccargos\">\r\n<span data-balloon-length=\"medium\" aria-label=\"Diploma, devidamente registrado, de conclus\u00e3o de curso superior em Ci\u00eancias Cont\u00e1beis, fornecido por institui\u00e7\u00e3o de ensino superior reconhecida pelo Minist\u00e9rio da Educa\u00e7\u00e3o - MEC, e inscri\u00e7\u00e3o regular no respectivo conselho de classe.\" data-balloon-pos=\"up\">Contador (Secretaria de Administra\u00e7\u00e3o)<\/span><\/td>\r\n<td class=\"cvagas\">01<\/td>\r\n<td class=\"cremuneracao\">R$ 3.800,00 \/40h<\/td>\r\n<\/tr><tr>\r\n<td class=\"ccargos\">\r\n<span data-balloon-length=\"medium\" aria-label=\"Possuir ensino superior completo em Odontologia e registro ativo e regular no Conselho Regional de Odontologia (CRO) no momento da posse.\" data-balloon-pos=\"up\">Dentista (Secretaria de Sa\u00fade)<\/span><\/td>\r\n<td class=\"cvagas\">01<\/td>\r\n<td class=\"cremuneracao\">R$ 2.000,00 \/30h<\/td>\r\n<\/tr><tr>\r\n<td class=\"ccargos\">\r\n<span data-balloon-length=\"medium\" aria-label=\"Possuir ensino superior completo em Enfermagem e registro ativo e regular no Conselho Regional de Enfermagem (Coren) no momento da posse.\" data-balloon-pos=\"up\">Enfermeiro (Secretaria de Sa\u00fade)<\/span><\/td>\r\n<td class=\"cvagas\">07<\/td>\r\n<td class=\"cremuneracao\">R$ 3.317,00 \/30h<\/td>\r\n<\/tr><tr>\r\n<td class=\"ccargos\">\r\n<span data-balloon-length=\"medium\" aria-label=\"Possuir ensino superior completo em Farm\u00e1cia e registro ativo e regular no Conselho Regional de Farm\u00e1cia (CRF) momento da posse.\" data-balloon-pos=\"up\">Farmac\u00eautico (Secretaria de Sa\u00fade)<\/span><\/td>\r\n<td class=\"cvagas\">03<\/td>\r\n<td class=\"cremuneracao\">R$ 2.000,00 \/30h<\/td>\r\n<\/tr><tr>\r\n<td class=\"ccargos\">\r\n<span data-balloon-length=\"medium\" aria-label=\"Possuir Ensino Superior completo em Fisioterapia e registro ativo e regular no Conselho Regional de Fisioterapia e Terapia Ocupacional (CREFITO) no momento da posse.\" data-balloon-pos=\"up\">Fisioterapeuta (Secretaria de Sa\u00fade)<\/span><\/td>\r\n<td class=\"cvagas\">03<\/td>\r\n<td class=\"cremuneracao\">R$ 2.567,00 \/30h<\/td>\r\n<\/tr><tr>\r\n<td class=\"ccargos\">\r\n<span data-balloon-length=\"medium\" aria-label=\"Possuir ensino superior completo em Medicina e registro ativo e regular no Conselho Regional de Medicina (CRM) no momento da posse.\" data-balloon-pos=\"up\">M\u00e9dico (Secretaria de Sa\u00fade)<\/span><\/td>\r\n<td class=\"cvagas\">02<\/td>\r\n<td class=\"cremuneracao\">R$ 15.000,00 \/30h<\/td>\r\n<\/tr><tr>\r\n<td class=\"ccargos\">\r\n<span data-balloon-length=\"medium\" aria-label=\"Possuir ensino superior completo em Nutri\u00e7\u00e3o e registro ativo e regular no Conselho Regional de Nutricionistas (CRN) no momento da posse.\" data-balloon-pos=\"up\">Nutricionista (Secretaria de Educa\u00e7\u00e3o)<\/span><\/td>\r\n<td class=\"cvagas\">01<\/td>\r\n<td class=\"cremuneracao\">R$ 2.000,00 \/30h<\/td>\r\n<\/tr><tr>\r\n<td class=\"ccargos\">\r\n<span data-balloon-length=\"medium\" aria-label=\"Possuir ensino superior completo em Nutri\u00e7\u00e3o e registro ativo e regular no Conselho Regional de Nutricionistas (CRN) no momento da posse.\" data-balloon-pos=\"up\">Nutricionista (Secretaria de Sa\u00fade)<\/span><\/td>\r\n<td class=\"cvagas\">01<\/td>\r\n<td class=\"cremuneracao\">R$ 2.000,00 \/30h<\/td>\r\n<\/tr><tr>\r\n<td class=\"ccargos\">\r\n<span data-balloon-length=\"medium\" aria-label=\"Possuir ensino superior completo em Psicologia e registro ativo e regular no Conselho Regional de Psicologia (CRP) no momento da posse.\" data-balloon-pos=\"up\">Psic\u00f3logo (Secretaria de Assist\u00eancia Social)<\/span><\/td>\r\n<td class=\"cvagas\">02<\/td>\r\n<td class=\"cremuneracao\">R$ 2.560,17 \/30h<\/td>\r\n<\/tr><tr>\r\n<td class=\"ccargos\">\r\n<span data-balloon-length=\"medium\" aria-label=\"Possuir ensino superior completo em Psicologia e registro ativo e regular no Conselho Regional de Psicologia (CRP) no momento da posse.\" data-balloon-pos=\"up\">Psic\u00f3logo (Secretaria de Educa\u00e7\u00e3o)<\/span><\/td>\r\n<td class=\"cvagas\">01<\/td>\r\n<td class=\"cremuneracao\">R$ 2.560,17 \/30h<\/td>\r\n<\/tr><tr>\r\n<td class=\"ccargos\">\r\n<span data-balloon-length=\"medium\" aria-label=\"Possuir ensino superior completo em Psicologia e registro ativo e regular no Conselho Regional de Psicologia (CRP) no momento da posse.\" data-balloon-pos=\"up\">Psic\u00f3logo (Secretaria de Sa\u00fade)<\/span><\/td>\r\n<td class=\"cvagas\">02<\/td>\r\n<td class=\"cremuneracao\">R$ 2.560,17 \/30h<\/td>\r\n<\/tr><tr>\r\n<td class=\"ccargos\">\r\n<span data-balloon-length=\"medium\" aria-label=\"Possuir ensino superior completo em Medicina Veterin\u00e1ria e registro ativo e regular no Conselho Regional de Medicina Veterin\u00e1ria (CRMV) no momento da posse.\" data-balloon-pos=\"up\">Veterin\u00e1rio (Secretaria de Sa\u00fade)<\/span><\/td>\r\n<td class=\"cvagas\">01<\/td>\r\n<td class=\"cremuneracao\">R$ 2.560,17 \/30h<\/td>\r\n<\/tr><tr>\r\n<td class=\"ccargos\">\r\n<span data-balloon-length=\"medium\" aria-label=\"Possuir Ensino Superior completo em Pedagogia no momento da contrata\u00e7\u00e3o.\" data-balloon-pos=\"up\">PROFESSOR DE EDUCA\u00c7\u00c3O INFANTIL E DOS ANOS INICIAIS (CENTRO MUN. EDUC. INFANTIL - SONHO DE CRIAN\u00c7A \/ SEDE)<\/span><\/td>\r\n<td class=\"cvagas\">22<\/td>\r\n<td class=\"cremuneracao\">R$ 1.956,60 \/20h<\/td>\r\n<\/tr><tr>\r\n<td class=\"ccargos\">\r\n<span data-balloon-length=\"medium\" aria-label=\"Possuir Ensino Superior completo em Pedagogia no momento da contrata\u00e7\u00e3o.\" data-balloon-pos=\"up\">PROFESSOR DE EDUCA\u00c7\u00c3O INFANTIL E DOS ANOS INICIAIS (E.M. ANTONIO BARBOSA PINTO \/ SEDE)<\/span><\/td>\r\n<td class=\"cvagas\">15<\/td>\r\n<td class=\"cremuneracao\">R$ 1.956,60 \/20h<\/td>\r\n<\/tr><tr>\r\n<td class=\"ccargos\">\r\n<span data-balloon-length=\"medium\" aria-label=\"Possuir Ensino Superior completo em Pedagogia no momento da contrata\u00e7\u00e3o.\" data-balloon-pos=\"up\">PROFESSOR DE EDUCA\u00c7\u00c3O INFANTIL E DOS ANOS INICIAIS (ESC. RURAL MUN. ALICE SILVA SOBRINHO \/ ILHA DAS PE\u00c7AS)<\/span><\/td>\r\n<td class=\"cvagas\">02<\/td>\r\n<td class=\"cremuneracao\">R$ 1.956,60 \/20h<\/td>\r\n<\/tr><tr>\r\n<td class=\"ccargos\">\r\n<span data-balloon-length=\"medium\" aria-label=\"Possuir Ensino Superior completo em Pedagogia no momento da contrata\u00e7\u00e3o.\" data-balloon-pos=\"up\">PROFESSOR DE EDUCA\u00c7\u00c3O INFANTIL E DOS ANOS INICIAIS (ESC. RURAL MUN. BARBADOS \/ BARBADOS)<\/span><\/td>\r\n<td class=\"cvagas\">01<\/td>\r\n<td class=\"cremuneracao\">R$ 1.956,60 \/20h<\/td>\r\n<\/tr><tr>\r\n<td class=\"ccargos\">\r\n<span data-balloon-length=\"medium\" aria-label=\"Possuir Ensino Superior completo em Pedagogia no momento da contrata\u00e7\u00e3o.\" data-balloon-pos=\"up\">PROFESSOR DE EDUCA\u00c7\u00c3O INFANTIL E DOS ANOS INICIAIS (ESC. RURAL MUN. BARRA DA ARARAPIRA \/ BARRA DA ARARAPIRA)<\/span><\/td>\r\n<td class=\"cvagas\">01<\/td>\r\n<td class=\"cremuneracao\">R$ 1.956,60 \/20h<\/td>\r\n<\/tr><tr>\r\n<td class=\"ccargos\">\r\n<span data-balloon-length=\"medium\" aria-label=\"Possuir Ensino Superior completo em Pedagogia no momento da contrata\u00e7\u00e3o.\" data-balloon-pos=\"up\">PROFESSOR DE EDUCA\u00c7\u00c3O INFANTIL E DOS ANOS INICIAIS (ESC. RURAL MUN. BERTIOGA \/ BERTIOGA)<\/span><\/td>\r\n<td class=\"cvagas\">02<\/td>\r\n<td class=\"cremuneracao\">R$ 1.956,60 \/20h<\/td>\r\n<\/tr><tr>\r\n<td class=\"ccargos\">\r\n<span data-balloon-length=\"medium\" aria-label=\"Possuir Ensino Superior completo em Pedagogia no momento da contrata\u00e7\u00e3o.\" data-balloon-pos=\"up\">PROFESSOR DE EDUCA\u00c7\u00c3O INFANTIL E DOS ANOS INICIAIS (ESC. RURAL MUN. BRASILINA GOMES DA COSTA \/ ITAQUI)<\/span><\/td>\r\n<td class=\"cvagas\">02<\/td>\r\n<td class=\"cremuneracao\">R$ 1.956,60 \/20h<\/td>\r\n<\/tr><tr>\r\n<td class=\"ccargos\">\r\n<span data-balloon-length=\"medium\" aria-label=\"Possuir Ensino Superior completo em Pedagogia no momento da contrata\u00e7\u00e3o.\" data-balloon-pos=\"up\">PROFESSOR DE EDUCA\u00c7\u00c3O INFANTIL E DOS ANOS INICIAIS (ESC. RURAL MUN. GABRIEL RAMOS DA SILVA \/ ILHA RASA)<\/span><\/td>\r\n<td class=\"cvagas\">01<\/td>\r\n<td class=\"cremuneracao\">R$ 1.956,60 \/20h<\/td>\r\n<\/tr><tr>\r\n<td class=\"ccargos\">\r\n<span data-balloon-length=\"medium\" aria-label=\"Possuir Ensino Superior completo em Pedagogia no momento da contrata\u00e7\u00e3o.\" data-balloon-pos=\"up\">PROFESSOR DE EDUCA\u00c7\u00c3O INFANTIL E DOS ANOS INICIAIS (ESC. RURAL MUN. IPANEMA \/ IPANEMA)<\/span><\/td>\r\n<td class=\"cvagas\">03<\/td>\r\n<td class=\"cremuneracao\">R$ 1.956,60 \/20h<\/td>\r\n<\/tr><tr>\r\n<td class=\"ccargos\">\r\n<span data-balloon-length=\"medium\" aria-label=\"Possuir Ensino Superior completo em Pedagogia no momento da contrata\u00e7\u00e3o.\" data-balloon-pos=\"up\">PROFESSOR DE EDUCA\u00c7\u00c3O INFANTIL E DOS ANOS INICIAIS (ESC. RURAL MUN. JO\u00c3O LUIZ DA SILVA J\u00daNIOR \/ SUPERAGUI)<\/span><\/td>\r\n<td class=\"cvagas\">06<\/td>\r\n<td class=\"cremuneracao\">R$ 1.956,60 \/20h<\/td>\r\n<\/tr><tr>\r\n<td class=\"ccargos\">\r\n<span data-balloon-length=\"medium\" aria-label=\"Possuir Ensino Superior completo em Pedagogia no momento da contrata\u00e7\u00e3o.\" data-balloon-pos=\"up\">PROFESSOR DE EDUCA\u00c7\u00c3O INFANTIL E DOS ANOS INICIAIS (ESC. RURAL MUN. JUVENAL XAVIER \/ BATUVA)<\/span><\/td>\r\n<td class=\"cvagas\">04<\/td>\r\n<td class=\"cremuneracao\">R$ 1.956,60 \/20h<\/td>\r\n<\/tr><tr>\r\n<td class=\"ccargos\">\r\n<span data-balloon-length=\"medium\" aria-label=\"Possuir Ensino Superior completo em Pedagogia no momento da contrata\u00e7\u00e3o.\" data-balloon-pos=\"up\">PROFESSOR DE EDUCA\u00c7\u00c3O INFANTIL E DOS ANOS INICIAIS (ESC. RURAL MUN. MARIANA \/ MARIANA)<\/span><\/td>\r\n<td class=\"cvagas\">01<\/td>\r\n<td class=\"cremuneracao\">R$ 1.956,60 \/20h<\/td>\r\n<\/tr><tr>\r\n<td class=\"ccargos\">\r\n<span data-balloon-length=\"medium\" aria-label=\"Possuir Ensino Superior completo em Pedagogia no momento da contrata\u00e7\u00e3o.\" data-balloon-pos=\"up\">PROFESSOR DE EDUCA\u00c7\u00c3O INFANTIL E DOS ANOS INICIAIS (ESC. RURAL MUN. MASSARAPO\u00c3 \/ MASSARAPO\u00c3)<\/span><\/td>\r\n<td class=\"cvagas\">01<\/td>\r\n<td class=\"cremuneracao\">R$ 1.956,60 \/20h<\/td>\r\n<\/tr><tr>\r\n<td class=\"ccargos\">\r\n<span data-balloon-length=\"medium\" aria-label=\"Possuir Ensino Superior completo em Pedagogia no momento da contrata\u00e7\u00e3o.\" data-balloon-pos=\"up\">PROFESSOR DE EDUCA\u00c7\u00c3O INFANTIL E DOS ANOS INICIAIS (ESC. RURAL MUN. MEDEIROS \/ MEDEIROS)<\/span><\/td>\r\n<td class=\"cvagas\">01<\/td>\r\n<td class=\"cremuneracao\">R$ 1.956,60 \/20h<\/td>\r\n<\/tr><tr>\r\n<td class=\"ccargos\">\r\n<span data-balloon-length=\"medium\" aria-label=\"Possuir Ensino Superior completo em Pedagogia no momento da contrata\u00e7\u00e3o.\" data-balloon-pos=\"up\">PROFESSOR DE EDUCA\u00c7\u00c3O INFANTIL E DOS ANOS INICIAIS (ESC. RURAL MUN. MORATO \/ MORATO)<\/span><\/td>\r\n<td class=\"cvagas\">01<\/td>\r\n<td class=\"cremuneracao\">R$ 1.956,60 \/20h<\/td>\r\n<\/tr><tr>\r\n<td class=\"ccargos\">\r\n<span data-balloon-length=\"medium\" aria-label=\"Possuir Ensino Superior completo em Pedagogia no momento da contrata\u00e7\u00e3o.\" data-balloon-pos=\"up\">PROFESSOR DE EDUCA\u00c7\u00c3O INFANTIL E DOS ANOS INICIAIS (ESC. RURAL MUN. PADRE M\u00c1RIO DE MARIA \/ RIO VERDE)<\/span><\/td>\r\n<td class=\"cvagas\">01<\/td>\r\n<td class=\"cremuneracao\">R$ 1.956,60 \/20h<\/td>\r\n<\/tr><tr>\r\n<td class=\"ccargos\">\r\n<span data-balloon-length=\"medium\" aria-label=\"Possuir Ensino Superior completo em Pedagogia no momento da contrata\u00e7\u00e3o.\" data-balloon-pos=\"up\">PROFESSOR DE EDUCA\u00c7\u00c3O INFANTIL E DOS ANOS INICIAIS (ESC. RURAL MUN. PURUQUARA \/ PURUQUARA)<\/span><\/td>\r\n<td class=\"cvagas\">01<\/td>\r\n<td class=\"cremuneracao\">R$ 1.956,60 \/20h<\/td>\r\n<\/tr><tr>\r\n<td class=\"ccargos\">\r\n<span data-balloon-length=\"medium\" aria-label=\"Possuir Ensino Superior completo em Pedagogia no momento da contrata\u00e7\u00e3o.\" data-balloon-pos=\"up\">PROFESSOR DE EDUCA\u00c7\u00c3O INFANTIL E DOS ANOS INICIAIS (ESC. RURAL MUN. RIO DO CEDRO \/ RIO DO CEDRO)<\/span><\/td>\r\n<td class=\"cvagas\">02<\/td>\r\n<td class=\"cremuneracao\">R$ 1.956,60 \/20h<\/td>\r\n<\/tr><tr>\r\n<td class=\"ccargos\">\r\n<span data-balloon-length=\"medium\" aria-label=\"Possuir Ensino Superior completo em Pedagogia no momento da contrata\u00e7\u00e3o.\" data-balloon-pos=\"up\">PROFESSOR DE EDUCA\u00c7\u00c3O INFANTIL E DOS ANOS INICIAIS (ESC. RURAL MUN. SALIM DO CARMO \/ TAGA\u00c7ABA)<\/span><\/td>\r\n<td class=\"cvagas\">03<\/td>\r\n<td class=\"cremuneracao\">R$ 1.956,60 \/20h<\/td>\r\n<\/tr><tr>\r\n<td class=\"ccargos\">\r\n<span data-balloon-length=\"medium\" aria-label=\"Possuir Ensino Superior completo em Pedagogia no momento da contrata\u00e7\u00e3o.\" data-balloon-pos=\"up\">PROFESSOR DE EDUCA\u00c7\u00c3O INFANTIL E DOS ANOS INICIAIS (ESC. RURAL MUN. SANTA TEREZINHA \/ ALMEIDA)<\/span><\/td>\r\n<td class=\"cvagas\">04<\/td>\r\n<td class=\"cremuneracao\">R$ 1.956,60 \/20h<\/td>\r\n<\/tr><tr>\r\n<td class=\"ccargos\">\r\n<span data-balloon-length=\"medium\" aria-label=\"Possuir Ensino Superior completo em Pedagogia no momento da contrata\u00e7\u00e3o.\" data-balloon-pos=\"up\">PROFESSOR DE EDUCA\u00c7\u00c3O INFANTIL E DOS ANOS INICIAIS (ESC. RURAL MUN. SERRA NEGRA \/ SERRA NEGRA)<\/span><\/td>\r\n<td class=\"cvagas\">01<\/td>\r\n<td class=\"cremuneracao\">R$ 1.956,60 \/20h<\/td>\r\n<\/tr><tr>\r\n<td class=\"ccargos\">\r\n<span data-balloon-length=\"medium\" aria-label=\"Possuir Ensino Superior completo em Pedagogia no momento da contrata\u00e7\u00e3o.\" data-balloon-pos=\"up\">PROFESSOR DE EDUCA\u00c7\u00c3O INFANTIL E DOS ANOS INICIAIS (ESC. RURAL MUN. SIBU\u00cd \/ SIBU\u00cd)<\/span><\/td>\r\n<td class=\"cvagas\">02<\/td>\r\n<td class=\"cremuneracao\">R$ 1.956,60 \/20h<\/td>\r\n<\/tr><tr>\r\n<td class=\"ccargos\">\r\n<span data-balloon-length=\"medium\" aria-label=\"Possuir Ensino Superior completo em Pedagogia no momento da contrata\u00e7\u00e3o.\" data-balloon-pos=\"up\">PROFESSOR DE EDUCA\u00c7\u00c3O INFANTIL E DOS ANOS INICIAIS (ESC. RURAL MUN. TAGA\u00c7ABA DE CIMA \/ TAGA\u00c7ABA DE CIMA)<\/span><\/td>\r\n<td class=\"cvagas\">03<\/td>\r\n<td class=\"cremuneracao\">R$ 1.956,60 \/20h<\/td>\r\n<\/tr><tr>\r\n<td class=\"ccargos\">\r\n<span data-balloon-length=\"medium\" aria-label=\"Possuir Ensino Superior completo em Pedagogia no momento da contrata\u00e7\u00e3o.\" data-balloon-pos=\"up\">PROFESSOR DE EDUCA\u00c7\u00c3O INFANTIL E DOS ANOS INICIAIS (ESC. RURAL MUN. TROMOM\u00d4 \/ TROMOM\u00d4)<\/span><\/td>\r\n<td class=\"cvagas\">01<\/td>\r\n<td class=\"cremuneracao\">R$ 1.956,60 \/20h<\/td>\r\n<\/tr><tr>\r\n<td class=\"ccargos\">\r\n<span data-balloon-length=\"medium\" aria-label=\"Possuir Ensino Superior completo em Pedagogia no momento da contrata\u00e7\u00e3o.\" data-balloon-pos=\"up\">PROFESSOR DE EDUCA\u00c7\u00c3O INFANTIL E DOS ANOS INICIAIS (ESC. RURAL MUN. VENCESLAU ARA\u00daJO \/ TIBICANGA)<\/span><\/td>\r\n<td class=\"cvagas\">01<\/td>\r\n<td class=\"cremuneracao\">R$ 1.956,60 \/20h<\/td>\r\n<\/tr><tr>\r\n<td class=\"ccargos\">\r\n<span data-balloon-length=\"medium\" aria-label=\"Possuir Ensino Superior completo em Pedagogia no momento da contrata\u00e7\u00e3o.\" data-balloon-pos=\"up\">PROFESSOR DE EDUCA\u00c7\u00c3O INFANTIL E DOS ANOS INICIAIS (ESC. RURAL MUN. UTINGA \/ UTINGA)<\/span><\/td>\r\n<td class=\"cvagas\">01<\/td>\r\n<td class=\"cremuneracao\">R$ 1.956,60 \/20h<\/td>\r\n<\/tr><tr>\r\n<td class=\"ccargos\">\r\n<span data-balloon-length=\"medium\" aria-label=\"Possuir Ensino Superior completo em Pedagogia no momento da contrata\u00e7\u00e3o.\" data-balloon-pos=\"up\">PROFESSOR DE EDUCA\u00c7\u00c3O INFANTIL E DOS ANOS INICIAIS (ESC. RURAL MUN. TAQUANDUVA \/ TAQUANDUVA)<\/span><\/td>\r\n<td class=\"cvagas\">01<\/td>\r\n<td class=\"cremuneracao\">R$ 1.956,60 \/20h<\/td>\r\n<\/tr><tr>\r\n<td class=\"ccargos\">\r\n<span data-balloon-length=\"medium\" aria-label=\"Possuir Ensino Superior completo em Pedagogia no momento da contrata\u00e7\u00e3o.\" data-balloon-pos=\"up\">PROFESSOR DE EDUCA\u00c7\u00c3O INFANTIL E DOS ANOS INICIAIS (ESC. RURAL MUN. CANAL DO VARADOURO \/ CANAL DO VARADOURO)<\/span><\/td>\r\n<td class=\"cvagas\">01<\/td>\r\n<td class=\"cremuneracao\">R$ 1.956,60 \/20h<\/td>\r\n<\/tr>\r\n    <\/tbody>\r\n  <\/table>\r\n<\/div>"},"_links":{"self":[{"href":"https:\/\/www.agrobase.com.br\/concursos\/wp-json\/wp\/v2\/posts\/276077","targetHints":{"allow":["GET"]}}],"collection":[{"href":"https:\/\/www.agrobase.com.br\/concursos\/wp-json\/wp\/v2\/posts"}],"about":[{"href":"https:\/\/www.agrobase.com.br\/concursos\/wp-json\/wp\/v2\/types\/post"}],"author":[{"embeddable":true,"href":"https:\/\/www.agrobase.com.br\/concursos\/wp-json\/wp\/v2\/users\/5229"}],"replies":[{"embeddable":true,"href":"https:\/\/www.agrobase.com.br\/concursos\/wp-json\/wp\/v2\/comments?post=276077"}],"version-history":[{"count":2,"href":"https:\/\/www.agrobase.com.br\/concursos\/wp-json\/wp\/v2\/posts\/276077\/revisions"}],"predecessor-version":[{"id":276124,"href":"https:\/\/www.agrobase.com.br\/concursos\/wp-json\/wp\/v2\/posts\/276077\/revisions\/276124"}],"wp:featuredmedia":[{"embeddable":true,"href":"https:\/\/www.agrobase.com.br\/concursos\/wp-json\/wp\/v2\/media\/276076"}],"wp:attachment":[{"href":"https:\/\/www.agrobase.com.br\/concursos\/wp-json\/wp\/v2\/media?parent=276077"}],"wp:term":[{"taxonomy":"category","embeddable":true,"href":"https:\/\/www.agrobase.com.br\/concursos\/wp-json\/wp\/v2\/categories?post=276077"},{"taxonomy":"post_tag","embeddable":true,"href":"https:\/\/www.agrobase.com.br\/concursos\/wp-json\/wp\/v2\/tags?post=276077"},{"taxonomy":"_amplo","embeddable":true,"href":"https:\/\/www.agrobase.com.br\/concursos\/wp-json\/wp\/v2\/_amplo?post=276077"},{"taxonomy":"destaque","embeddable":true,"href":"https:\/\/www.agrobase.com.br\/concursos\/wp-json\/wp\/v2\/destaque?post=276077"},{"taxonomy":"instituicoes","embeddable":true,"href":"https:\/\/www.agrobase.com.br\/concursos\/wp-json\/wp\/v2\/instituicoes?post=276077"}],"curies":[{"name":"wp","href":"https:\/\/api.w.org\/{rel}","templated":true}]}}