{"id":276057,"date":"2025-12-30T08:05:13","date_gmt":"2025-12-30T11:05:13","guid":{"rendered":"https:\/\/www.agrobase.com.br\/concursos\/?p=276057"},"modified":"2025-12-29T19:34:06","modified_gmt":"2025-12-29T22:34:06","slug":"anater-df-concurso-01-2025","status":"publish","type":"post","link":"https:\/\/www.agrobase.com.br\/concursos\/2025\/anater-df-concurso-01-2025\/","title":{"rendered":"ANATER (DF) &#8211; Concurso 01\/2025"},"content":{"rendered":"<h2>Informa\u00e7\u00f5es Gerais<\/h2>\n<p>Este certame apresenta uma excelente oportunidade para profissionais de n\u00edveis <strong>m\u00e9dio, t\u00e9cnico e superior<\/strong> que buscam remunera\u00e7\u00f5es competitivas e atua\u00e7\u00e3o em projetos de impacto social e ambiental. O edital oferta um total de <strong>32 vagas imediatas<\/strong>, com sal\u00e1rios iniciais que variam de <strong>R$ 7.203,98 a R$ 12.484,40<\/strong>, dependendo do cargo e perfil escolhido.<\/p>\n<p>As oportunidades est\u00e3o distribu\u00eddas entre os cargos de Assistente N\u00edvel III e Analista T\u00e9cnico (N\u00edveis I e II), abrangendo diversas \u00e1reas de forma\u00e7\u00e3o. H\u00e1 um destaque especial para profissionais das \u00e1reas de <strong>Agronomia<\/strong>, <strong>Engenharia Florestal<\/strong>, <strong>Ci\u00eancias Biol\u00f3gicas<\/strong> e Agroecologia, com foco em atua\u00e7\u00e3o na Amaz\u00f4nia Legal, desenvolvimento rural e pol\u00edticas p\u00fablicas. Al\u00e9m destas, o edital contempla vagas para Direito, Comunica\u00e7\u00e3o, Tecnologia da Informa\u00e7\u00e3o (Ci\u00eancia de Dados e BI), Contabilidade e Administra\u00e7\u00e3o. A sele\u00e7\u00e3o busca perfis com experi\u00eancia pr\u00e1tica comprovada, visando a contrata\u00e7\u00e3o de profissionais aptos a lidar com desafios t\u00e9cnicos e de gest\u00e3o.<\/p>\n<p>Confira a seguir os detalhes sobre o processo de inscri\u00e7\u00e3o e os requisitos para garantir sua participa\u00e7\u00e3o.<\/p>\n<h2>Inscri\u00e7\u00f5es<\/h2>\n<p>Para participar desta sele\u00e7\u00e3o, o candidato deve estar atento ao cumprimento rigoroso dos pr\u00e9-requisitos de escolaridade e experi\u00eancia profissional exigidos para cada um dos 15 perfis ofertados. \u00c9 fundamental verificar no edital completo o per\u00edodo exato de abertura e encerramento das inscri\u00e7\u00f5es, bem como os valores das taxas correspondentes a cada n\u00edvel de escolaridade.<\/p>\n<p>O processo de inscri\u00e7\u00e3o geralmente ocorre de forma online, atrav\u00e9s do site da banca organizadora. Candidatos que se enquadrem nos crit\u00e9rios legais (como doadores de medula \u00f3ssea ou inscritos no Cad\u00danico) devem consultar as regras espec\u00edficas para solicita\u00e7\u00e3o de isen\u00e7\u00e3o da taxa de pagamento. Ap\u00f3s o preenchimento do formul\u00e1rio, o boleto deve ser pago at\u00e9 a data de vencimento para efetivar a participa\u00e7\u00e3o.<\/p>\n<p><strong>Aten\u00e7\u00e3o:<\/strong> Como o cronograma espec\u00edfico n\u00e3o consta no excerto analisado, recomenda-se a leitura integral do edital oficial para obter as datas limites e o link direto de acesso \u00e0 \u00e1rea do candidato.<\/p>\n<h2>Etapas e Provas<\/h2>\n<p>O processo seletivo visa avaliar a capacidade t\u00e9cnica e a trajet\u00f3ria profissional dos candidatos. Embora o detalhamento das provas (objetivas, discursivas ou pr\u00e1ticas) deva ser conferido no edital completo, a descri\u00e7\u00e3o dos cargos indica uma forte \u00eanfase na <strong>an\u00e1lise de requisitos e experi\u00eancia<\/strong>.<\/p>\n<p>Para os cargos de n\u00edvel superior, como os de Tecnologia da Informa\u00e7\u00e3o e Design, requisitos espec\u00edficos como dom\u00ednio de linguagens de programa\u00e7\u00e3o (Python, R, SQL) ou apresenta\u00e7\u00e3o de portf\u00f3lio sugerem etapas de verifica\u00e7\u00e3o t\u00e9cnica. J\u00e1 para as vagas voltadas a pol\u00edticas p\u00fablicas e desenvolvimento agr\u00e1rio, a viv\u00eancia em projetos na Amaz\u00f4nia Legal e a disponibilidade para viagens e atividades de campo s\u00e3o crit\u00e9rios determinantes.<\/p>\n<p>Recomenda-se que o candidato estude minuciosamente o conte\u00fado program\u00e1tico e as etapas descritas no documento oficial para se preparar adequadamente para as fases eliminat\u00f3rias e classificat\u00f3rias.<\/p>\n<h2>Resultados e Gabarito<\/h2>\n<p>A divulga\u00e7\u00e3o dos gabaritos preliminares e dos resultados de cada etapa ocorrer\u00e1 conforme o cronograma oficial do certame. Os candidatos devem acompanhar as publica\u00e7\u00f5es referentes aos recursos, resultados preliminares e a classifica\u00e7\u00e3o final diretamente no site da institui\u00e7\u00e3o organizadora.<\/p>\n<p>A homologa\u00e7\u00e3o do resultado final determinar\u00e1 a ordem de convoca\u00e7\u00e3o para o preenchimento das 32 vagas. \u00c9 de inteira responsabilidade do candidato monitorar o Di\u00e1rio Oficial e a p\u00e1gina do concurso para n\u00e3o perder os prazos de eventuais convoca\u00e7\u00f5es ou etapas complementares, como a entrega de documentos comprobat\u00f3rios de experi\u00eancia e escolaridade.<\/p>\n","protected":false},"excerpt":{"rendered":"<p>Inscri\u00e7\u00f5es Encerradas &#8211; Concurso ANATER (DF). Vagas p\/ Assistente e Analista (M\u00e9dio\/T\u00e9cnico e Superior). Acompanhe provas, gabaritos e resultados!<\/p>\n","protected":false},"author":5229,"featured_media":276056,"comment_status":"open","ping_status":"open","sticky":false,"template":"","format":"standard","meta":{"_acf_changed":false,"_breakdance_hide_in_design_set":false,"_breakdance_tags":"","footnotes":""},"categories":[3,4,6433,126,9,121,120,10,117,151,15,136,99,25,26,124,149,110,101,118],"tags":[44],"_amplo":[],"destaque":[],"instituicoes":[],"class_list":["post-276057","post","type-post","status-publish","format-standard","has-post-thumbnail","hentry","category-administracao","category-agronomia","category-biologia-licenciatura","category-ciencia-computacao","category-ciencias-contabeis","category-ciencias-sociais","category-comunicacao-social","category-direito","category-economia","category-engenharia-computacao","category-engenharia-florestal","category-estatistica","category-jornalismo","category-pedagogia","category-psicologia","category-publicidade","category-relacoes-internacionais","category-relacoes-publicas","category-servico-social","category-sociologia","tag-distrito-federal"],"acf":{"_tipo_vagas":"vagas","_numero_vagas":"","_quadro_vagas":"","_cargos":"diversos","_cargos_especificos":"","_salario_max":"R$ 12484.4","_abertura":"20260102","_encerramento":"20260105","_inscricoes":"","_executora_concurso":"","_instituicao_concurso":[],"_link_adicional":null,"_anexos":null,"_produtos":null,"_vagas":"32 vagas","_salario_min":"R$ 7203.98","_instituicao":"ANATER","_edital":"https:\/\/www.agrobase.com.br\/concursos\/wp-content\/uploads\/sites\/4\/2025\/12\/edital-01-2025-anater-brasilia-df.pdf","_anexos_edital":"","_fund_incompleto":"","_fund_completo":"","_medio":"<div>\r\n<table class=\"quadro\">\r\n<thead>\r\n<tr>\r\n<th class=\"hcargo\">Cargo<\/th>\r\n<th class=\"hvagas\">Vagas<\/th>\r\n<th class=\"hremuneracao\">Remunera\u00e7\u00e3o<\/th>\r\n<\/tr>\r\n<\/thead>\r\n    <tbody>\r\n      <td class=\"ccargos\">\r\n<span data-balloon-length=\"medium\" aria-label=\"Diploma, devidamente registrado, de conclus\u00e3o de curso de n\u00edvel m\u00e9dio; M\u00ednimo de 6 meses de experi\u00eancia profissional em atividades administrativas e operacionais, na execu\u00e7\u00e3o de processos e apoio \u00e0s \u00e1reas internas e externas.\" data-balloon-pos=\"up\">ASSISTENTE N\u00cdVEL III - PADR\u00c3O I (Perfil 15)<\/span><\/td>\r\n<td class=\"cvagas\">03<\/td>\r\n<td class=\"cremuneracao\">R$ 7.203,98 \/40h<\/td>\r\n<\/tr>\r\n    <\/tbody>\r\n  <\/table>\r\n<\/div>","_superior":"<div>\r\n<table class=\"quadro\">\r\n<thead>\r\n<tr>\r\n<th class=\"hcargo\">Cargo<\/th>\r\n<th class=\"hvagas\">Vagas<\/th>\r\n<th class=\"hremuneracao\">Remunera\u00e7\u00e3o<\/th>\r\n<\/tr>\r\n<\/thead>\r\n    <tbody>\r\n      <tr>\r\n<td class=\"ccargos\">\r\n<span data-balloon-length=\"medium\" aria-label=\"Diploma, devidamente registrado, de conclus\u00e3o de curso de gradua\u00e7\u00e3o em Administra\u00e7\u00e3o, Administra\u00e7\u00e3o P\u00fablica, Rela\u00e7\u00f5es Internacionais, Gest\u00e3o de Pol\u00edticas P\u00fablicas, Gest\u00e3o P\u00fablica, Pol\u00edticas P\u00fablicas, Ci\u00eancias do Estado, Economia, Ci\u00eancias Sociais Aplicadas, Psicologia, Servi\u00e7o Social, Rela\u00e7\u00f5es Internacionais ou Direito, fornecido por institui\u00e7\u00e3o de ensino superior reconhecida pelo Minist\u00e9rio da Educa\u00e7\u00e3o (MEC) ou reconhecimento\/revalida\u00e7\u00e3o de diploma estrangeiro no Brasil; M\u00ednimo de 6 meses de experi\u00eancia profissional com desenho, implementa\u00e7\u00e3o, monitoramento e avalia\u00e7\u00e3o de pol\u00edticas p\u00fablicas ou projetos sociais de desenvolvimento socioecon\u00f4mico regional, desenvolvimento rural, direitos humanos, agricultura familiar ou arranjos produtivos locais; M\u00ednimo de 6 meses de atua\u00e7\u00e3o em projetos sociais, preferencialmente em \u00f3rg\u00e3os respons\u00e1veis pela pol\u00edtica agr\u00e1ria, de desenvolvimento rural ou direitos humanos ou de atua\u00e7\u00e3o em assessorias t\u00e9cnicas independentes; Disponibilidade para viagens.\" data-balloon-pos=\"up\">ANALISTA T\u00c9CNICO N\u00cdVEL I - PADR\u00c3O I (Perfil 1)<\/span><\/td>\r\n<td class=\"cvagas\">04<\/td>\r\n<td class=\"cremuneracao\">R$ 11.222,54 \/40h<\/td>\r\n<\/tr><tr>\r\n<td class=\"ccargos\">\r\n<span data-balloon-length=\"medium\" aria-label=\"Diploma, devidamente registrado, de conclus\u00e3o de curso de gradua\u00e7\u00e3o em Publicidade e Propaganda, Rela\u00e7\u00f5es P\u00fablicas, Comunica\u00e7\u00e3o, Jornalismo, Comunica\u00e7\u00e3o Institucional, Comunica\u00e7\u00e3o Organizacional, Comunica\u00e7\u00e3o Digital, fornecido por institui\u00e7\u00e3o de ensino superior reconhecida pelo Minist\u00e9rio da Educa\u00e7\u00e3o (MEC) ou reconhecimento\/revalida\u00e7\u00e3o de diploma estrangeiro no Brasil; M\u00ednimo de 6 meses de experi\u00eancia profissional com o planejamento, cria\u00e7\u00e3o, gest\u00e3o, intera\u00e7\u00e3o e an\u00e1lise de m\u00e9tricas de conte\u00fado para meios digitais; M\u00ednimo de 6 meses de experi\u00eancia profissional com elabora\u00e7\u00e3o de textos, cartilhas ou outros documentos de comunica\u00e7\u00e3o institucional de empresas ou institui\u00e7\u00f5es p\u00fablicas; Disponibilidade para viagens.\" data-balloon-pos=\"up\">ANALISTA T\u00c9CNICO N\u00cdVEL I - PADR\u00c3O I (Perfil 2)<\/span><\/td>\r\n<td class=\"cvagas\">01<\/td>\r\n<td class=\"cremuneracao\">R$ 11.222,54 \/40h<\/td>\r\n<\/tr><tr>\r\n<td class=\"ccargos\">\r\n<span data-balloon-length=\"medium\" aria-label=\"Diploma, devidamente registrado, de conclus\u00e3o de curso de gradua\u00e7\u00e3o em Agronomia, Engenharia Florestal, Sociologia e Gest\u00e3o de Pol\u00edticas P\u00fablicas, fornecido por institui\u00e7\u00e3o de ensino superior reconhecida pelo Minist\u00e9rio da Educa\u00e7\u00e3o (MEC) ou reconhecimento\/revalida\u00e7\u00e3o de diploma estrangeiro no Brasil; M\u00ednimo de 6 meses de experi\u00eancia profissional com desenho, implementa\u00e7\u00e3o, monitoramento e avalia\u00e7\u00e3o de pol\u00edticas p\u00fablicas voltadas a regulariza\u00e7\u00e3o fundi\u00e1ria gest\u00e3o ambiental ou presta\u00e7\u00e3o de servi\u00e7os de Assist\u00eancia T\u00e9cnica e Extens\u00e3o Rural (ATER) a agricultores familiares e assentados da reforma agr\u00e1ria; M\u00ednimo de 6 meses de experi\u00eancia de atua\u00e7\u00e3o em projetos de desenvolvimento rural ou meio ambiente na Amaz\u00f4nia Legal; e\/ou M\u00ednimo de 6 meses de experi\u00eancia profissional na elabora\u00e7\u00e3o de relat\u00f3rios e subs\u00eddios t\u00e9cnicos na \u00e1rea de atua\u00e7\u00e3o; e\/ou M\u00ednimo de 6 meses de experi\u00eancia profissional com foco em an\u00e1lise, monitoramento e avalia\u00e7\u00e3o de pol\u00edticas p\u00fablicas utilizando ferramentas e informa\u00e7\u00f5es geoespaciais; e\/ou M\u00ednimo de 6 meses de experi\u00eancia profissional em projetos de restaura\u00e7\u00e3o florestal, manejo sustent\u00e1vel de reserva legal; Integra\u00e7\u00e3o Lavoura Pecu\u00e1ria Floresta (ILPF), manejo florestal comunit\u00e1rio; sistemas agroflorestais, projetos de desenvolvimento socioecon\u00f4mico, e\/ou reflorestamento, preferencialmente na Amaz\u00f4nia Legal; e\/ou M\u00ednimo de 6 meses de experi\u00eancia em gest\u00e3o de projetos, preferencialmente em \u00f3rg\u00e3os respons\u00e1veis pela pol\u00edtica agr\u00e1ria ou meio ambiente na Amaz\u00f4nia Legal, h) Disponibilidade para viagens e realizar atividades de campo.\" data-balloon-pos=\"up\">ANALISTA T\u00c9CNICO N\u00cdVEL I - PADR\u00c3O I (Perfil 3)<\/span><\/td>\r\n<td class=\"cvagas\">08<\/td>\r\n<td class=\"cremuneracao\">R$ 11.222,54 \/40h<\/td>\r\n<\/tr><tr>\r\n<td class=\"ccargos\">\r\n<span data-balloon-length=\"medium\" aria-label=\"Diploma, devidamente registrado, de conclus\u00e3o de curso de gradua\u00e7\u00e3o em Direito ou Sociologia, fornecido por institui\u00e7\u00e3o de ensino superior reconhecida pelo Minist\u00e9rio da Educa\u00e7\u00e3o (MEC) ou reconhecimento\/revalida\u00e7\u00e3o de diploma estrangeiro no Brasil; M\u00ednimo de 6 meses de experi\u00eancia profissional em media\u00e7\u00e3o de conflitos fundi\u00e1rios e\/ou ambientais, preferencialmente na Amaz\u00f4nia Legal; e\/ou M\u00ednimo de 6 meses de experi\u00eancia profissional em assessoria a organiza\u00e7\u00f5es ambientais, da agricultura familiar, reforma agr\u00e1ria e\/ou povos e comunidades tradicionais, preferencialmente na Amaz\u00f4nia Legal; e\/ou M\u00ednimo de 6 meses de experi\u00eancia profissional na elabora\u00e7\u00e3o de relat\u00f3rios e subs\u00eddios t\u00e9cnicos na \u00e1rea de atua\u00e7\u00e3o; Disponibilidade para viagens e realizar atividades de campo.\" data-balloon-pos=\"up\">ANALISTA T\u00c9CNICO N\u00cdVEL I - PADR\u00c3O I (Perfil 4)<\/span><\/td>\r\n<td class=\"cvagas\">01<\/td>\r\n<td class=\"cremuneracao\">R$ 11.222,54 \/40h<\/td>\r\n<\/tr><tr>\r\n<td class=\"ccargos\">\r\n<span data-balloon-length=\"medium\" aria-label=\"Diploma, devidamente registrado, de conclus\u00e3o de curso de gradua\u00e7\u00e3o em Pedagogia, Licenciatura em Educa\u00e7\u00e3o do Campo, Licenciatura em Ci\u00eancias Agr\u00e1rias ou Ci\u00eancias Biol\u00f3gicas, fornecido por institui\u00e7\u00e3o de ensino superior reconhecida pelo Minist\u00e9rio da Educa\u00e7\u00e3o (MEC) ou reconhecimento\/revalida\u00e7\u00e3o de diploma estrangeiro no Brasil; M\u00ednimo de 6 meses de experi\u00eancia profissional com processos formativos de t\u00e9cnicos, utilizando metodologias participativas; M\u00ednimo de 6 meses de experi\u00eancia profissional na elabora\u00e7\u00e3o de relat\u00f3rios e subs\u00eddios t\u00e9cnicos na \u00e1rea educacional; M\u00ednimo de 6 meses de experi\u00eancia na implementa\u00e7\u00e3o e\/ou execu\u00e7\u00e3o de pol\u00edticas de forma\u00e7\u00e3o para agricultores familiares e\/ou assentados da reforma agr\u00e1ria, preferencialmente na Amaz\u00f4nia Legal; e\/ou Disponibilidade para viagens e realizar atividades de campo.\" data-balloon-pos=\"up\">ANALISTA T\u00c9CNICO N\u00cdVEL I - PADR\u00c3O I (Perfil 5)<\/span><\/td>\r\n<td class=\"cvagas\">01<\/td>\r\n<td class=\"cremuneracao\">R$ 11.222,54 \/40h<\/td>\r\n<\/tr><tr>\r\n<td class=\"ccargos\">\r\n<span data-balloon-length=\"medium\" aria-label=\"Diploma, devidamente registrado, de conclus\u00e3o de curso de gradua\u00e7\u00e3o em Administra\u00e7\u00e3o, Administra\u00e7\u00e3o P\u00fablica, Gest\u00e3o de Pol\u00edticas P\u00fablicas, Agronomia, Agroecologia ou Engenharia Florestal, fornecido por institui\u00e7\u00e3o de ensino superior reconhecida pelo Minist\u00e9rio da Educa\u00e7\u00e3o (MEC) ou reconhecimento\/revalida\u00e7\u00e3o de diploma estrangeiro no Brasil; M\u00ednimo de 6 meses de experi\u00eancia profissional com desenho, implementa\u00e7\u00e3o, monitoramento e avalia\u00e7\u00e3o de pol\u00edticas p\u00fablicas ou projetos sociais de direitos humanos ou de atendimento a comunidades tradicionais ou agricultores familiares, preferencialmente na Amaz\u00f4nia Legal; e\/ou M\u00ednimo de 6 meses de experi\u00eancia em implanta\u00e7\u00e3o e\/ou gest\u00e3o t\u00e9cnica de projetos; Disponibilidade para viagens e realizar atividades de campo.\" data-balloon-pos=\"up\">ANALISTA T\u00c9CNICO N\u00cdVEL I - PADR\u00c3O I (Perfil 6)<\/span><\/td>\r\n<td class=\"cvagas\">03<\/td>\r\n<td class=\"cremuneracao\">R$ 11.222,54 \/40h<\/td>\r\n<\/tr><tr>\r\n<td class=\"ccargos\">\r\n<span data-balloon-length=\"medium\" aria-label=\"Diploma, devidamente registrado, de conclus\u00e3o de curso de gradua\u00e7\u00e3o em Design Gr\u00e1fico, Publicidade, Artes Visuais, fornecido por institui\u00e7\u00e3o de ensino superior reconhecida pelo Minist\u00e9rio da Educa\u00e7\u00e3o (MEC) ou reconhecimento\/revalida\u00e7\u00e3o de diploma estrangeiro no Brasil; M\u00ednimo de 6 meses de experi\u00eancia profissional com a cria\u00e7\u00e3o de pe\u00e7as gr\u00e1ficas institucionais e digitais; Apresentar Portf\u00f3lio; Disponibilidade para viagens.\" data-balloon-pos=\"up\">ANALISTA T\u00c9CNICO N\u00cdVEL I - PADR\u00c3O I (Perfil 7)<\/span><\/td>\r\n<td class=\"cvagas\">01<\/td>\r\n<td class=\"cremuneracao\">R$ 11.222,54 \/40h<\/td>\r\n<\/tr><tr>\r\n<td class=\"ccargos\">\r\n<span data-balloon-length=\"medium\" aria-label=\"Diploma, devidamente registrado, de conclus\u00e3o de curso de gradua\u00e7\u00e3o em Ci\u00eancias Cont\u00e1beis, fornecido por institui\u00e7\u00e3o de ensino superior reconhecida pelo Minist\u00e9rio da Educa\u00e7\u00e3o (MEC) ou reconhecimento\/revalida\u00e7\u00e3o de diploma estrangeiro no Brasil; Registro ativo no Conselho Regional de Contabilidade; M\u00ednimo de 6 meses de experi\u00eancia profissional com rotinas cont\u00e1beis em contabilidade empresarial.\" data-balloon-pos=\"up\">ANALISTA T\u00c9CNICO N\u00cdVEL I - PADR\u00c3O I (Perfil 8)<\/span><\/td>\r\n<td class=\"cvagas\">01<\/td>\r\n<td class=\"cremuneracao\">R$ 11.222,54 \/40h<\/td>\r\n<\/tr><tr>\r\n<td class=\"ccargos\">\r\n<span data-balloon-length=\"medium\" aria-label=\"Diploma, devidamente registrado, de conclus\u00e3o de curso de gradua\u00e7\u00e3o em Administra\u00e7\u00e3o, Administra\u00e7\u00e3o P\u00fablica, Gest\u00e3o P\u00fablica, Direito, fornecido por institui\u00e7\u00e3o de ensino superior reconhecida pelo Minist\u00e9rio da Educa\u00e7\u00e3o (MEC) ou reconhecimento\/revalida\u00e7\u00e3o de diploma estrangeiro no Brasil; M\u00ednimo de 6 meses de experi\u00eancia profissional em \u00e1rea de contrata\u00e7\u00e3o de bens e servi\u00e7os em Servi\u00e7os Sociais Aut\u00f4nomos.\" data-balloon-pos=\"up\">ANALISTA T\u00c9CNICO N\u00cdVEL I - PADR\u00c3O I (Perfil 9)<\/span><\/td>\r\n<td class=\"cvagas\">01<\/td>\r\n<td class=\"cremuneracao\">R$ 11.222,54 \/40h<\/td>\r\n<\/tr><tr>\r\n<td class=\"ccargos\">\r\n<span data-balloon-length=\"medium\" aria-label=\"Diploma, devidamente registrado, de conclus\u00e3o de curso de gradua\u00e7\u00e3o em Ci\u00eancias Cont\u00e1beis, fornecido por institui\u00e7\u00e3o de ensino superior reconhecida pelo Minist\u00e9rio da Educa\u00e7\u00e3o (MEC) ou reconhecimento\/revalida\u00e7\u00e3o de diploma estrangeiro no Brasil; M\u00ednimo de 6 meses de experi\u00eancia profissional em recursos humanos com rotinas de departamento de pessoal.\" data-balloon-pos=\"up\">ANALISTA T\u00c9CNICO N\u00cdVEL I - PADR\u00c3O I (Perfil 10)<\/span><\/td>\r\n<td class=\"cvagas\">01<\/td>\r\n<td class=\"cremuneracao\">R$ 11.222,54 \/40h<\/td>\r\n<\/tr><tr>\r\n<td class=\"ccargos\">\r\n<span data-balloon-length=\"medium\" aria-label=\"Diploma, devidamente registrado, de conclus\u00e3o de curso de gradua\u00e7\u00e3o em Ci\u00eancias de Dados, Ci\u00eancias da Computa\u00e7\u00e3o, Sistemas de Informa\u00e7\u00e3o, Engenharia da Computa\u00e7\u00e3o, Estat\u00edstica, fornecido por institui\u00e7\u00e3o de ensino superior reconhecida pelo Minist\u00e9rio da Educa\u00e7\u00e3o (MEC) ou reconhecimento\/revalida\u00e7\u00e3o de diploma estrangeiro no Brasil; M\u00ednimo de 6 meses de experi\u00eancia profissional em an\u00e1lise de dados com uso de linguagem de programa\u00e7\u00e3o R Studio, Python ou SQL; Disponibilidade para viagens.\" data-balloon-pos=\"up\">ANALISTA T\u00c9CNICO N\u00cdVEL I - PADR\u00c3O I (Perfil 11)<\/span><\/td>\r\n<td class=\"cvagas\">01<\/td>\r\n<td class=\"cremuneracao\">R$ 11.222,54 \/40h<\/td>\r\n<\/tr><tr>\r\n<td class=\"ccargos\">\r\n<span data-balloon-length=\"medium\" aria-label=\"Diploma, devidamente registrado, de conclus\u00e3o de curso de gradua\u00e7\u00e3o em Administra\u00e7\u00e3o, Administra\u00e7\u00e3o P\u00fablica, Rela\u00e7\u00f5es Internacionais, Gest\u00e3o de Pol\u00edticas P\u00fablicas, Gest\u00e3o P\u00fablica, Pol\u00edticas P\u00fablicas, Ci\u00eancias do Estado, Economia, Ci\u00eancias Sociais Aplicadas, Psicologia, Servi\u00e7o Social, Rela\u00e7\u00f5es Internacionais ou Direito fornecido por institui\u00e7\u00e3o de ensino superior reconhecida pelo Minist\u00e9rio da Educa\u00e7\u00e3o (MEC) ou reconhecimento\/revalida\u00e7\u00e3o de diploma estrangeiro no Brasil; M\u00ednimo de 6 meses de experi\u00eancia profissional com desenho, implementa\u00e7\u00e3o, monitoramento e avalia\u00e7\u00e3o de pol\u00edticas p\u00fablicas ou projetos sociais de direitos humanos ou de atendimento a comunidades tradicionais ou agricultores familiares; M\u00ednimo de 6 meses de experi\u00eancia em gest\u00e3o t\u00e9cnica ou financeira de projetos; Disponibilidade para viagens.\" data-balloon-pos=\"up\">ANALISTA T\u00c9CNICO N\u00cdVEL II - PADR\u00c3O I (Perfil 12)<\/span><\/td>\r\n<td class=\"cvagas\">04<\/td>\r\n<td class=\"cremuneracao\">R$ 12.484,40 \/40h<\/td>\r\n<\/tr><tr>\r\n<td class=\"ccargos\">\r\n<span data-balloon-length=\"medium\" aria-label=\"Diploma, devidamente registrado, de conclus\u00e3o de curso de Gradua\u00e7\u00e3o em Ci\u00eancia da Computa\u00e7\u00e3o, Engenharia de Computa\u00e7\u00e3o, Ci\u00eancia de Dados, Sistemas de Informa\u00e7\u00e3o ou \u00e1reas correlatas, fornecido por institui\u00e7\u00e3o de ensino superior reconhecida pelo Minist\u00e9rio da Educa\u00e7\u00e3o (MEC) ou reconhecimento\/revalida\u00e7\u00e3o de diploma estrangeiro no Brasil; M\u00ednimo de 1 ano de experi\u00eancia com BI, An\u00e1lise de Dados ou Engenharia de Dados; Dom\u00ednio de Power BI, Tableau ou Looker para visualiza\u00e7\u00e3o de dados; Experi\u00eancia em bancos relacionais (SQL Server, PostgreSQL, MySQL) e n\u00e3o relacionais (MongoDB, BigQuery, Firestore); Profici\u00eancia em SQL e linguagens de programa\u00e7\u00e3o anal\u00edtica (Python ou R); Experi\u00eancia com ETL\/ELT (ex: Airflow, dbt, Pentaho, Talend); No\u00e7\u00f5es de estat\u00edstica, machine learning e automa\u00e7\u00e3o de relat\u00f3rios s\u00e3o diferenciais; Desej\u00e1vel disponibilidade para viagens.\" data-balloon-pos=\"up\">ANALISTA T\u00c9CNICO N\u00cdVEL II - PADR\u00c3O I (Perfil 13)<\/span><\/td>\r\n<td class=\"cvagas\">01<\/td>\r\n<td class=\"cremuneracao\">R$ 12.484,40 \/40h<\/td>\r\n<\/tr><tr>\r\n<td class=\"ccargos\">\r\n<span data-balloon-length=\"medium\" aria-label=\"Diploma, devidamente registrado, de conclus\u00e3o de curso de gradua\u00e7\u00e3o em Publicidade e Propaganda, Rela\u00e7\u00f5es P\u00fablicas, Comunica\u00e7\u00e3o, Jornalismo, Comunica\u00e7\u00e3o Institucional, Comunica\u00e7\u00e3o Organizacional, Comunica\u00e7\u00e3o Digital, fornecido por institui\u00e7\u00e3o de ensino superior reconhecida pelo Minist\u00e9rio da Educa\u00e7\u00e3o (MEC) ou reconhecimento\/revalida\u00e7\u00e3o de diploma estrangeiro no Brasil; M\u00ednimo de 6 meses de experi\u00eancia profissional com a cria\u00e7\u00e3o de campanhas publicit\u00e1rias e com a cria\u00e7\u00e3o de conte\u00fado para meios digitais; M\u00ednimo de 6 meses de experi\u00eancia com elabora\u00e7\u00e3o de textos, cartilhas ou outros documentos de comunica\u00e7\u00e3o institucional de empresas ou institui\u00e7\u00f5es p\u00fablicas; Disponibilidade para viagens.\" data-balloon-pos=\"up\">ANALISTA T\u00c9CNICO N\u00cdVEL II - PADR\u00c3O I (Perfil 14)<\/span><\/td>\r\n<td class=\"cvagas\">01<\/td>\r\n<td class=\"cremuneracao\">R$ 12.484,40 \/40h<\/td>\r\n<\/tr>\r\n    <\/tbody>\r\n  <\/table>\r\n<\/div>"},"_links":{"self":[{"href":"https:\/\/www.agrobase.com.br\/concursos\/wp-json\/wp\/v2\/posts\/276057","targetHints":{"allow":["GET"]}}],"collection":[{"href":"https:\/\/www.agrobase.com.br\/concursos\/wp-json\/wp\/v2\/posts"}],"about":[{"href":"https:\/\/www.agrobase.com.br\/concursos\/wp-json\/wp\/v2\/types\/post"}],"author":[{"embeddable":true,"href":"https:\/\/www.agrobase.com.br\/concursos\/wp-json\/wp\/v2\/users\/5229"}],"replies":[{"embeddable":true,"href":"https:\/\/www.agrobase.com.br\/concursos\/wp-json\/wp\/v2\/comments?post=276057"}],"version-history":[{"count":3,"href":"https:\/\/www.agrobase.com.br\/concursos\/wp-json\/wp\/v2\/posts\/276057\/revisions"}],"predecessor-version":[{"id":276134,"href":"https:\/\/www.agrobase.com.br\/concursos\/wp-json\/wp\/v2\/posts\/276057\/revisions\/276134"}],"wp:featuredmedia":[{"embeddable":true,"href":"https:\/\/www.agrobase.com.br\/concursos\/wp-json\/wp\/v2\/media\/276056"}],"wp:attachment":[{"href":"https:\/\/www.agrobase.com.br\/concursos\/wp-json\/wp\/v2\/media?parent=276057"}],"wp:term":[{"taxonomy":"category","embeddable":true,"href":"https:\/\/www.agrobase.com.br\/concursos\/wp-json\/wp\/v2\/categories?post=276057"},{"taxonomy":"post_tag","embeddable":true,"href":"https:\/\/www.agrobase.com.br\/concursos\/wp-json\/wp\/v2\/tags?post=276057"},{"taxonomy":"_amplo","embeddable":true,"href":"https:\/\/www.agrobase.com.br\/concursos\/wp-json\/wp\/v2\/_amplo?post=276057"},{"taxonomy":"destaque","embeddable":true,"href":"https:\/\/www.agrobase.com.br\/concursos\/wp-json\/wp\/v2\/destaque?post=276057"},{"taxonomy":"instituicoes","embeddable":true,"href":"https:\/\/www.agrobase.com.br\/concursos\/wp-json\/wp\/v2\/instituicoes?post=276057"}],"curies":[{"name":"wp","href":"https:\/\/api.w.org\/{rel}","templated":true}]}}