{"id":276029,"date":"2025-12-29T07:10:06","date_gmt":"2025-12-29T10:10:06","guid":{"rendered":"https:\/\/www.agrobase.com.br\/concursos\/?p=276029"},"modified":"2025-12-28T20:55:41","modified_gmt":"2025-12-28T23:55:41","slug":"prefeitura-cuite-pb-concurso-001-2025","status":"publish","type":"post","link":"https:\/\/www.agrobase.com.br\/concursos\/2025\/prefeitura-cuite-pb-concurso-001-2025\/","title":{"rendered":"Prefeitura Cuit\u00e9 (PB) &#8211; Concurso 001\/2025"},"content":{"rendered":"<h2>Informa\u00e7\u00f5es Gerais<\/h2>\n<p>A <strong>Prefeitura Municipal de Cuit\u00e9<\/strong>, no estado da Para\u00edba, torna p\u00fablico o edital de seu novo Concurso P\u00fablico, sob organiza\u00e7\u00e3o da <strong>CPCon (Universidade Estadual da Para\u00edba)<\/strong>. O certame tem como objetivo o preenchimento imediato de <strong>142 vagas<\/strong> em cargos efetivos, regidos pelo <strong>Regime Jur\u00eddico Estatut\u00e1rio<\/strong>, o que garante estabilidade empregat\u00edcia aos servidores nomeados.<\/p>\n<p>As oportunidades contemplam candidatos de n\u00edveis <strong>Fundamental (Incompleto e Completo), M\u00e9dio, T\u00e9cnico e Superior<\/strong>. A sele\u00e7\u00e3o abrange diversas \u00e1reas de atua\u00e7\u00e3o na administra\u00e7\u00e3o municipal, incluindo Sa\u00fade, Educa\u00e7\u00e3o, Servi\u00e7os Gerais e Administrativo. Merecem destaque especial as vagas destinadas aos profissionais de <strong>Medicina Veterin\u00e1ria<\/strong>, <strong>Nutri\u00e7\u00e3o<\/strong> e <strong>T\u00e9cnico Agr\u00edcola<\/strong>, al\u00e9m de oportunidades para Agente de Vigil\u00e2ncia Sanit\u00e1ria e Ambiental.<\/p>\n<p>Continue a leitura nas se\u00e7\u00f5es abaixo para conferir os prazos, valores e etapas detalhadas deste processo seletivo.<\/p>\n<h2>Inscri\u00e7\u00f5es<\/h2>\n<p>As inscri\u00e7\u00f5es para o concurso da Prefeitura de Cuit\u00e9 devem ser realizadas exclusivamente pela internet, atrav\u00e9s da \u00e1rea do candidato no sistema <strong>SIGEPS<\/strong> da CPCon. \u00c9 fundamental que o candidato preencha o formul\u00e1rio eletr\u00f4nico e emita o boleto banc\u00e1rio para pagamento da taxa de participa\u00e7\u00e3o.<\/p>\n<p>Os valores das taxas de inscri\u00e7\u00e3o s\u00e3o definidos conforme o n\u00edvel de escolaridade do cargo pretendido:<\/p>\n<ul>\n<li><strong>N\u00edvel Fundamental (Completo e Incompleto):<\/strong> R$ 75,00<\/li>\n<li><strong>N\u00edvel M\u00e9dio\/T\u00e9cnico:<\/strong> R$ 95,00<\/li>\n<li><strong>N\u00edvel Superior (incluindo Magist\u00e9rio):<\/strong> R$ 115,00<\/li>\n<\/ul>\n<p>O pagamento do boleto deve ser efetuado at\u00e9 a data de vencimento estipulada no cronograma do edital. Pagamentos via dep\u00f3sito, PIX, transfer\u00eancia ou agendamento n\u00e3o confirmado n\u00e3o ser\u00e3o aceitos. \u00c9 permitido se inscrever para mais de um cargo, desde que haja compatibilidade de hor\u00e1rios das provas (n\u00edveis diferentes).<\/p>\n<p>Para informa\u00e7\u00f5es sobre isen\u00e7\u00e3o de taxa e regras detalhadas, \u00e9 imprescind\u00edvel a leitura completa do edital oficial.<\/p>\n<h2>Etapas e Provas<\/h2>\n<p>A sele\u00e7\u00e3o dos candidatos ser\u00e1 composta por at\u00e9 tr\u00eas etapas, dependendo do cargo escolhido. Confira abaixo a estrutura do certame:<\/p>\n<ul>\n<li><strong>Prova Objetiva (Eliminat\u00f3ria e Classificat\u00f3ria):<\/strong> Aplicada a todos os cargos. A prova conter\u00e1 <strong>40 quest\u00f5es<\/strong> de m\u00faltipla escolha. Para ser aprovado, o candidato deve obter, no m\u00ednimo, 600 pontos na m\u00e9dia e n\u00e3o zerar nenhuma \u00e1rea tem\u00e1tica.\n<ul>\n<li><em>Disciplinas N\u00edvel Fundamental:<\/em> L\u00edngua Portuguesa, Matem\u00e1tica e Conhecimentos Gerais.<\/li>\n<li><em>Disciplinas N\u00edvel M\u00e9dio\/T\u00e9cnico:<\/em> L\u00edngua Portuguesa, Inform\u00e1tica e Conhecimentos Espec\u00edficos.<\/li>\n<li><em>Disciplinas N\u00edvel Superior:<\/em> L\u00edngua Portuguesa, Racioc\u00ednio L\u00f3gico e Conhecimentos Espec\u00edficos.<\/li>\n<li><em>Disciplinas Magist\u00e9rio:<\/em> L\u00edngua Portuguesa, Conhecimentos Pedag\u00f3gicos\/Legisla\u00e7\u00e3o e Conhecimentos Espec\u00edficos.<\/li>\n<\/ul>\n<\/li>\n<li><strong>Prova Pr\u00e1tica (Eliminat\u00f3ria e Classificat\u00f3ria):<\/strong> Exclusiva para os cargos de <strong>Motorista de Transporte Escolar, Operador de M\u00e1quinas e Condutor Socorrista<\/strong>. Avalia habilidades de condu\u00e7\u00e3o e opera\u00e7\u00e3o, exigindo CNH categoria D.<\/li>\n<li><strong>Prova de T\u00edtulos (Classificat\u00f3ria):<\/strong> Destinada aos cargos de <strong>N\u00edvel Superior &#8211; Magist\u00e9rio<\/strong> (Professores, Orientador e Supervisor Educacional). Pontua especializa\u00e7\u00f5es, mestrado, doutorado e experi\u00eancia profissional.<\/li>\n<\/ul>\n<p>As provas objetivas ser\u00e3o realizadas nos turnos da manh\u00e3 e tarde, conforme o n\u00edvel do cargo. Consulte o edital para verificar o conte\u00fado program\u00e1tico completo e os crit\u00e9rios de pontua\u00e7\u00e3o.<\/p>\n<h2>Resultados e Gabarito<\/h2>\n<p>O acompanhamento dos resultados \u00e9 parte essencial do processo. O <strong>gabarito provis\u00f3rio<\/strong> est\u00e1 previsto para ser divulgado em 16 de mar\u00e7o de 2026, com o resultado final do certame agendado para <strong>30 de abril de 2026<\/strong>.<\/p>\n<p>A classifica\u00e7\u00e3o final ser\u00e1 ordenada de forma decrescente baseada na nota final (soma das etapas, quando houver). Em caso de empate, os crit\u00e9rios de desempate seguem a seguinte ordem de prefer\u00eancia:<\/p>\n<ul>\n<li>Idade igual ou superior a 60 anos (Estatuto do Idoso);<\/li>\n<li>Maior nota na prova pr\u00e1tica (se houver);<\/li>\n<li>Maior nota em disciplinas espec\u00edficas (L\u00edngua Portuguesa, Conhecimentos Espec\u00edficos, Matem\u00e1tica ou Inform\u00e1tica, variando conforme o cargo);<\/li>\n<li>Efetivo exerc\u00edcio da fun\u00e7\u00e3o de jurado;<\/li>\n<li>Maior idade.<\/li>\n<\/ul>\n<p>Ap\u00f3s a homologa\u00e7\u00e3o, as convoca\u00e7\u00f5es para nomea\u00e7\u00e3o e posse ser\u00e3o de responsabilidade exclusiva da <strong>Prefeitura Municipal de Cuit\u00e9<\/strong>. \u00c9 dever do candidato acompanhar as publica\u00e7\u00f5es oficiais no site da banca organizadora (CPCon) e no Di\u00e1rio Oficial para n\u00e3o perder os prazos legais.<\/p>\n","protected":false},"excerpt":{"rendered":"<p>Concurso Pref. Cuit\u00e9 (PB) com edital publicado! Vagas p\/ Professor e M\u00e9dico (Fund. a Sup.). Inscri\u00e7\u00f5es a partir de 12\/01. Sal\u00e1rios at\u00e9 R$11k. Confira detalhes!<\/p>\n","protected":false},"author":5229,"featured_media":276028,"comment_status":"open","ping_status":"open","sticky":false,"template":"","format":"standard","meta":{"_acf_changed":false,"_breakdance_hide_in_design_set":false,"_breakdance_tags":"","footnotes":""},"categories":[141,12,17,18,19,100,20,6871,116,21,22,23,24,25,26,101,29,30,108,130,161,143,157],"tags":[53],"_amplo":[],"destaque":[],"instituicoes":[],"class_list":["post-276029","post","type-post","status-publish","format-standard","has-post-thumbnail","hentry","category-educacao-artistica","category-enfermagem","category-farmacia","category-fisioterapia","category-fonoaudiologia","category-historia","category-letras","category-letras-ingles","category-matematica","category-medicina","category-veterinaria","category-nutricao","category-odontologia","category-pedagogia","category-psicologia","category-servico-social","category-tecnico-agricola","category-tecnico-agropecuaria","category-tecnico-enfermagem","category-tecnico-informatica","category-tecnico-laboratorio","category-tecnico-odontologia","category-tecnico-seguranca-trabalho","tag-paraiba"],"acf":{"_tipo_vagas":"vagas","_numero_vagas":"","_quadro_vagas":"","_cargos":"diversos","_cargos_especificos":"","_salario_max":"R$ 11000","_abertura":"20260112","_encerramento":"20260215","_inscricoes":"https:\/\/sistemas.cpcon.uepb.edu.br\/sigeps-app\/login","_executora_concurso":"","_instituicao_concurso":[],"_link_adicional":null,"_anexos":null,"_produtos":null,"_vagas":"145 vagas","_salario_min":"R$ 1518","_instituicao":"Prefeitura Municipal de Cuit\u00e9","_edital":"https:\/\/www.agrobase.com.br\/concursos\/wp-content\/uploads\/sites\/4\/2025\/12\/edital-001-2025-prefeitura-cuite-pb.pdf","_anexos_edital":"","_fund_incompleto":"<div>\r\n<table class=\"quadro\">\r\n<thead>\r\n<tr>\r\n<th class=\"hcargo\">Cargo<\/th>\r\n<th class=\"hvagas\">Vagas<\/th>\r\n<th class=\"hremuneracao\">Remunera\u00e7\u00e3o<\/th>\r\n<\/tr>\r\n<\/thead>\r\n    <tbody>\r\n      <td class=\"ccargos\">\r\n<span data-balloon-length=\"medium\" aria-label=\"Ensino Fundamental Incompleto\" data-balloon-pos=\"up\">Auxiliar de Servi\u00e7os Gerais<\/span><\/td>\r\n<td class=\"cvagas\">12<\/td>\r\n<td class=\"cremuneracao\">R$ 1.518,00 \/40h<\/td>\r\n<\/tr><td class=\"ccargos\">\r\n<span data-balloon-length=\"medium\" aria-label=\"Ensino Fundamental Incompleto\" data-balloon-pos=\"up\">Copeiro<\/span><\/td>\r\n<td class=\"cvagas\">02<\/td>\r\n<td class=\"cremuneracao\">R$ 1.518,00 \/40h<\/td>\r\n<\/tr><td class=\"ccargos\">\r\n<span data-balloon-length=\"medium\" aria-label=\"Ensino Fundamental Incompleto + Cursos b\u00e1sicos de profissionaliza\u00e7\u00e3o que variam de duzentas a quatrocentas horas, ou experi\u00eancia equivalente\" data-balloon-pos=\"up\">Cozinheiro\/Merendeiro<\/span><\/td>\r\n<td class=\"cvagas\">02<\/td>\r\n<td class=\"cremuneracao\">R$ 1.518,00 \/40h<\/td>\r\n<\/tr><td class=\"ccargos\">\r\n<span data-balloon-length=\"medium\" aria-label=\"Ensino Fundamental Incompleto\" data-balloon-pos=\"up\">Limpador de Mato<\/span><\/td>\r\n<td class=\"cvagas\">01<\/td>\r\n<td class=\"cremuneracao\">R$ 1.518,00 \/40h<\/td>\r\n<\/tr>\r\n    <\/tbody>\r\n  <\/table>\r\n<\/div>","_fund_completo":"<div>\r\n<table class=\"quadro\">\r\n<thead>\r\n<tr>\r\n<th class=\"hcargo\">Cargo<\/th>\r\n<th class=\"hvagas\">Vagas<\/th>\r\n<th class=\"hremuneracao\">Remunera\u00e7\u00e3o<\/th>\r\n<\/tr>\r\n<\/thead>\r\n    <tbody>\r\n      <td class=\"ccargos\">\r\n<span data-balloon-length=\"medium\" aria-label=\"Ensino Fundamental Completo + Carteira Nacional de Habilita\u00e7\u00e3o (CNH) categoria D + Curso B\u00e1sico de Qualifica\u00e7\u00e3o em Transporte de Escolares\" data-balloon-pos=\"up\">Motorista de Transporte Escolar<\/span><\/td>\r\n<td class=\"cvagas\">03<\/td>\r\n<td class=\"cremuneracao\">R$ 1.745,50 \/40h<\/td>\r\n<\/tr><td class=\"ccargos\">\r\n<span data-balloon-length=\"medium\" aria-label=\"Ensino Fundamental Completo + Carteira Nacional de Habilita\u00e7\u00e3o (CNH) categoria D + Experi\u00eancia de 2 (dois) anos na fun\u00e7\u00e3o e curso ministrado pelo fornecedor da m\u00e1quina ou por entidades reconhecida por \u00f3rg\u00e3o competente\" data-balloon-pos=\"up\">Operador de M\u00e1quinas<\/span><\/td>\r\n<td class=\"cvagas\">01<\/td>\r\n<td class=\"cremuneracao\">R$ 2.000,00 \/40h<\/td>\r\n<\/tr><td class=\"ccargos\">\r\n<span data-balloon-length=\"medium\" aria-label=\"Ensino Fundamental Completo\" data-balloon-pos=\"up\">Porteiro<\/span><\/td>\r\n<td class=\"cvagas\">02<\/td>\r\n<td class=\"cremuneracao\">R$ 1.518,00 \/40h<\/td>\r\n<\/tr><td class=\"ccargos\">\r\n<span data-balloon-length=\"medium\" aria-label=\"Ensino Fundamental Completo\" data-balloon-pos=\"up\">Vigilante<\/span><\/td>\r\n<td class=\"cvagas\">05<\/td>\r\n<td class=\"cremuneracao\">R$ 1.518,00 \/40h<\/td>\r\n<\/tr>\r\n    <\/tbody>\r\n  <\/table>\r\n<\/div>","_medio":"<div>\r\n<table class=\"quadro\">\r\n<thead>\r\n<tr>\r\n<th class=\"hcargo\">Cargo<\/th>\r\n<th class=\"hvagas\">Vagas<\/th>\r\n<th class=\"hremuneracao\">Remunera\u00e7\u00e3o<\/th>\r\n<\/tr>\r\n<\/thead>\r\n    <tbody>\r\n      <td class=\"ccargos\">\r\n<span data-balloon-length=\"medium\" aria-label=\"Ensino M\u00e9dio completo + Curso de Forma\u00e7\u00e3o Inicial de Agente Comunit\u00e1rio de Sa\u00fade, com carga hor\u00e1ria m\u00ednima de 40h (art. 6\u00ba, inciso II, da Lei Federal n\u00ba 11.350\/2006) e resid\u00eancia na \u00e1rea da comunidade em que atuar, desde a data de publica\u00e7\u00e3o do Edital (art. 6\u00ba, inciso I, da Lei Federal n\u00ba 11.350\/2006)\" data-balloon-pos=\"up\">Agente Comunit\u00e1rio de Sa\u00fade* (\u00c1rea 001 - USF Ab\u00edlio Chacon Filho)<\/span><\/td>\r\n<td class=\"cvagas\">01<\/td>\r\n<td class=\"cremuneracao\">R$ 3.036,00 \/40h<\/td>\r\n<\/tr><td class=\"ccargos\">\r\n<span data-balloon-length=\"medium\" aria-label=\"Ensino M\u00e9dio completo + Curso de Forma\u00e7\u00e3o Inicial de Agente Comunit\u00e1rio de Sa\u00fade, com carga hor\u00e1ria m\u00ednima de 40h (art. 6\u00ba, inciso II, da Lei Federal n\u00ba 11.350\/2006) e resid\u00eancia na \u00e1rea da comunidade em que atuar, desde a data de publica\u00e7\u00e3o do Edital (art. 6\u00ba, inciso I, da Lei Federal n\u00ba 11.350\/2006)\" data-balloon-pos=\"up\">Agente Comunit\u00e1rio de Sa\u00fade* (\u00c1rea 003 - USF Ezequias Ven\u00e2ncio dos Santos)<\/span><\/td>\r\n<td class=\"cvagas\">01<\/td>\r\n<td class=\"cremuneracao\">R$ 3.036,00 \/40h<\/td>\r\n<\/tr><td class=\"ccargos\">\r\n<span data-balloon-length=\"medium\" aria-label=\"Ensino M\u00e9dio completo + Curso de Forma\u00e7\u00e3o Inicial de Agente Comunit\u00e1rio de Sa\u00fade, com carga hor\u00e1ria m\u00ednima de 40h (art. 6\u00ba, inciso II, da Lei Federal n\u00ba 11.350\/2006) e resid\u00eancia na \u00e1rea da comunidade em que atuar, desde a data de publica\u00e7\u00e3o do Edital (art. 6\u00ba, inciso I, da Lei Federal n\u00ba 11.350\/2006)\" data-balloon-pos=\"up\">Agente Comunit\u00e1rio de Sa\u00fade* (\u00c1rea 010 - USF Francisca Freire Dias Lins)<\/span><\/td>\r\n<td class=\"cvagas\">01<\/td>\r\n<td class=\"cremuneracao\">R$ 3.036,00 \/40h<\/td>\r\n<\/tr><td class=\"ccargos\">\r\n<span data-balloon-length=\"medium\" aria-label=\"Ensino M\u00e9dio Completo + Curso de forma\u00e7\u00e3o inicial para Agente de Combate \u00e0s Endemias, conforme normas do Minist\u00e9rio da Sa\u00fade.\" data-balloon-pos=\"up\">Agente de Combate \u00e0s Endemias**<\/span><\/td>\r\n<td class=\"cvagas\">02<\/td>\r\n<td class=\"cremuneracao\">R$ 3.036,00 \/40h<\/td>\r\n<\/tr><td class=\"ccargos\">\r\n<span data-balloon-length=\"medium\" aria-label=\"Ensino M\u00e9dio Completo + Carteira Nacional de Habilita\u00e7\u00e3o (CNH) categoria AB\" data-balloon-pos=\"up\">Agente de Tr\u00e2nsito<\/span><\/td>\r\n<td class=\"cvagas\">03<\/td>\r\n<td class=\"cremuneracao\">R$ 1.518,00 \/40h<\/td>\r\n<\/tr><td class=\"ccargos\">\r\n<span data-balloon-length=\"medium\" aria-label=\"Ensino M\u00e9dio Completo + Curso b\u00e1sico de qualifica\u00e7\u00e3o de at\u00e9 duzentas horas\/aula.\" data-balloon-pos=\"up\">Agente de Vigil\u00e2ncia Sanit\u00e1ria e Ambiental<\/span><\/td>\r\n<td class=\"cvagas\">02<\/td>\r\n<td class=\"cremuneracao\">R$ 1.518,00 \/40h<\/td>\r\n<\/tr><td class=\"ccargos\">\r\n<span data-balloon-length=\"medium\" aria-label=\"Ensino M\u00e9dio Completo\" data-balloon-pos=\"up\">Assistente Administrativo<\/span><\/td>\r\n<td class=\"cvagas\">03<\/td>\r\n<td class=\"cremuneracao\">R$ 1.518,00 \/40h<\/td>\r\n<\/tr><td class=\"ccargos\">\r\n<span data-balloon-length=\"medium\" aria-label=\"Ensino M\u00e9dio Completo + Curso t\u00e9cnico profissionalizante em Farm\u00e1cia\" data-balloon-pos=\"up\">Auxiliar de Farm\u00e1cia<\/span><\/td>\r\n<td class=\"cvagas\">01<\/td>\r\n<td class=\"cremuneracao\">R$ 1.518,00 \/40h<\/td>\r\n<\/tr><td class=\"ccargos\">\r\n<span data-balloon-length=\"medium\" aria-label=\"Ensino M\u00e9dio Completo + Carteira Nacional de Habilita\u00e7\u00e3o (CNH) categoria D + Curso de Condutores de Ve\u00edculos de Emerg\u00eancia + Certificado de Curso de API-I M\u00f3vel\" data-balloon-pos=\"up\">Condutor Socorrista<\/span><\/td>\r\n<td class=\"cvagas\">03<\/td>\r\n<td class=\"cremuneracao\">R$ 1.745,50 \/40h<\/td>\r\n<\/tr><td class=\"ccargos\">\r\n<span data-balloon-length=\"medium\" aria-label=\"Ensino M\u00e9dio Completo\" data-balloon-pos=\"up\">Cuidador<\/span><\/td>\r\n<td class=\"cvagas\">11<\/td>\r\n<td class=\"cremuneracao\">R$ 1.518,00 \/40h<\/td>\r\n<\/tr><td class=\"ccargos\">\r\n<span data-balloon-length=\"medium\" aria-label=\"Ensino M\u00e9dio Completo + Curso t\u00e9cnico profissionalizante em Inform\u00e1tica\" data-balloon-pos=\"up\">Instrutor\/Digitador<\/span><\/td>\r\n<td class=\"cvagas\">01<\/td>\r\n<td class=\"cremuneracao\">R$ 1.518,00 \/40h<\/td>\r\n<\/tr><td class=\"ccargos\">\r\n<span data-balloon-length=\"medium\" aria-label=\"Ensino M\u00e9dio Completo + Curso t\u00e9cnico em patologia cl\u00ednica oferecido por institui\u00e7\u00f5es de forma\u00e7\u00e3o profissional e escolas t\u00e9cnicas.\" data-balloon-pos=\"up\">Laboratorista (An\u00e1lises Cl\u00ednicas)<\/span><\/td>\r\n<td class=\"cvagas\">01<\/td>\r\n<td class=\"cremuneracao\">R$ 1.518,00 \/40h<\/td>\r\n<\/tr><td class=\"ccargos\">\r\n<span data-balloon-length=\"medium\" aria-label=\"Forma\u00e7\u00e3o para o magist\u00e9rio em n\u00edvel m\u00e9dio e\/ou normal m\u00e9dio com habilita\u00e7\u00e3o para o magist\u00e9rio\" data-balloon-pos=\"up\">Monitor\/Auxiliar de Creche<\/span><\/td>\r\n<td class=\"cvagas\">10<\/td>\r\n<td class=\"cremuneracao\">R$ 2.304,57 \/40h<\/td>\r\n<\/tr><td class=\"ccargos\">\r\n<span data-balloon-length=\"medium\" aria-label=\"Ensino M\u00e9dio Completo + Curso T\u00e9cnico Agr\u00edcola ou em Agropecu\u00e1ria\" data-balloon-pos=\"up\">T\u00e9cnico Agr\u00edcola<\/span><\/td>\r\n<td class=\"cvagas\">02<\/td>\r\n<td class=\"cremuneracao\">R$ 1.518,00 \/40h<\/td>\r\n<\/tr><td class=\"ccargos\">\r\n<span data-balloon-length=\"medium\" aria-label=\"Ensino M\u00e9dio Completo + Curso T\u00e9cnico em Enfermagem + Registro no Conselho Regional de Enfermagem (COREN) da Para\u00edba\" data-balloon-pos=\"up\">T\u00e9cnico em Enfermagem<\/span><\/td>\r\n<td class=\"cvagas\">05<\/td>\r\n<td class=\"cremuneracao\">R$ 1.518,00 \/40h<\/td>\r\n<\/tr><td class=\"ccargos\">\r\n<span data-balloon-length=\"medium\" aria-label=\"Ensino M\u00e9dio Completo + Curso T\u00e9cnico na \u00e1rea espec\u00edfica + Registro no Conselho Regional de Odontologia (CRO) da Para\u00edba\" data-balloon-pos=\"up\">T\u00e9cnico em Higiene Bucal<\/span><\/td>\r\n<td class=\"cvagas\">02<\/td>\r\n<td class=\"cremuneracao\">R$ 1.518,00 \/40h<\/td>\r\n<\/tr><td class=\"ccargos\">\r\n<span data-balloon-length=\"medium\" aria-label=\"Ensino M\u00e9dio Completo + Curso T\u00e9cnico em Radiologia\" data-balloon-pos=\"up\">T\u00e9cnico em Raio X<\/span><\/td>\r\n<td class=\"cvagas\">01<\/td>\r\n<td class=\"cremuneracao\">R$ 1.518,00 \/24h<\/td>\r\n<\/tr><td class=\"ccargos\">\r\n<span data-balloon-length=\"medium\" aria-label=\"Ensino M\u00e9dio Completo + Curso T\u00e9cnico em Seguran\u00e7a do Trabalho\" data-balloon-pos=\"up\">T\u00e9cnico em Seguran\u00e7a do Trabalho<\/span><\/td>\r\n<td class=\"cvagas\">01<\/td>\r\n<td class=\"cremuneracao\">R$ 1.518,00 \/40h<\/td>\r\n<\/tr>\r\n    <\/tbody>\r\n  <\/table>\r\n<\/div>","_superior":"<div>\r\n<table class=\"quadro\">\r\n<thead>\r\n<tr>\r\n<th class=\"hcargo\">Cargo<\/th>\r\n<th class=\"hvagas\">Vagas<\/th>\r\n<th class=\"hremuneracao\">Remunera\u00e7\u00e3o<\/th>\r\n<\/tr>\r\n<\/thead>\r\n    <tbody>\r\n      <tr>\r\n<td class=\"ccargos\">\r\n<span data-balloon-length=\"medium\" aria-label=\"Ensino Superior Completo em Medicina + Registro no Conselho Regional de Medicina (CRM) da Para\u00edba + T\u00edtulo de Especialista na \u00e1rea de Anestesia\" data-balloon-pos=\"up\">Anestesista<\/span><\/td>\r\n<td class=\"cvagas\">01<\/td>\r\n<td class=\"cremuneracao\">R$ 4.000,00 \/20h<\/td>\r\n<\/tr><tr>\r\n<td class=\"ccargos\">\r\n<span data-balloon-length=\"medium\" aria-label=\"Ensino Superior Completo em Servi\u00e7o Social + Registro no Conselho Regional de Servi\u00e7o Social (CRESS) da Para\u00edba\" data-balloon-pos=\"up\">Assistente Social<\/span><\/td>\r\n<td class=\"cvagas\">02<\/td>\r\n<td class=\"cremuneracao\">R$ 2.100,00 \/30h<\/td>\r\n<\/tr><tr>\r\n<td class=\"ccargos\">\r\n<span data-balloon-length=\"medium\" aria-label=\"Ensino Superior Completo em Odontologia + Registro no Conselho Regional de Odontologia (CRO) da Para\u00edba\" data-balloon-pos=\"up\">Cirurgi\u00e3o Dentista<\/span><\/td>\r\n<td class=\"cvagas\">06<\/td>\r\n<td class=\"cremuneracao\">R$ 2.100,00 \/40h<\/td>\r\n<\/tr><tr>\r\n<td class=\"ccargos\">\r\n<span data-balloon-length=\"medium\" aria-label=\"Ensino Superior Completo em Enfermagem + Registro no Conselho Regional de Enfermagem (COREN) da Para\u00edba\" data-balloon-pos=\"up\">Enfermeiro<\/span><\/td>\r\n<td class=\"cvagas\">06<\/td>\r\n<td class=\"cremuneracao\">R$ 1.680,00 \/40h<\/td>\r\n<\/tr><tr>\r\n<td class=\"ccargos\">\r\n<span data-balloon-length=\"medium\" aria-label=\"Ensino Superior Completo em Farm\u00e1cia Bioqu\u00edmica + Registro no Conselho Regional de Farm\u00e1cia (CRF) da Para\u00edba\" data-balloon-pos=\"up\">Farmac\u00eautico \/ Bioqu\u00edmico<\/span><\/td>\r\n<td class=\"cvagas\">01<\/td>\r\n<td class=\"cremuneracao\">R$ 2.100,00 \/40h<\/td>\r\n<\/tr><tr>\r\n<td class=\"ccargos\">\r\n<span data-balloon-length=\"medium\" aria-label=\"Ensino Superior Completo\" data-balloon-pos=\"up\">Fiscal de Tributos<\/span><\/td>\r\n<td class=\"cvagas\">01<\/td>\r\n<td class=\"cremuneracao\">R$ 2.100,00 \/40h<\/td>\r\n<\/tr><tr>\r\n<td class=\"ccargos\">\r\n<span data-balloon-length=\"medium\" aria-label=\"Ensino Superior Completo em Fisioterapia + Registro no Conselho Regional de Fisioterapia (CREFITO) da Para\u00edba\" data-balloon-pos=\"up\">Fisioterapeuta<\/span><\/td>\r\n<td class=\"cvagas\">03<\/td>\r\n<td class=\"cremuneracao\">R$ 2.100,00 \/30h<\/td>\r\n<\/tr><tr>\r\n<td class=\"ccargos\">\r\n<span data-balloon-length=\"medium\" aria-label=\"Ensino Superior Completo em Fonoaudiologia + Registro no Conselho Regional de Fonoaudiologia (CREFONO) da Para\u00edba\" data-balloon-pos=\"up\">Fonoaudi\u00f3logo<\/span><\/td>\r\n<td class=\"cvagas\">01<\/td>\r\n<td class=\"cremuneracao\">R$ 2.100,00 \/40h<\/td>\r\n<\/tr><tr>\r\n<td class=\"ccargos\">\r\n<span data-balloon-length=\"medium\" aria-label=\"Ensino Superior Completo em Medicina + Registro no Conselho Regional de Medicina (CRM) da Para\u00edba + T\u00edtulo de Especialista na \u00e1rea de Geriatria\" data-balloon-pos=\"up\">Geriatra<\/span><\/td>\r\n<td class=\"cvagas\">01<\/td>\r\n<td class=\"cremuneracao\">R$ 4.000,00 \/20h<\/td>\r\n<\/tr><tr>\r\n<td class=\"ccargos\">\r\n<span data-balloon-length=\"medium\" aria-label=\"Ensino Superior Completo em Medicina + Registro no Conselho Regional de Medicina (CRM) da Para\u00edba + T\u00edtulo de Especialista na \u00e1rea de Ginecologia\" data-balloon-pos=\"up\">Ginecologista<\/span><\/td>\r\n<td class=\"cvagas\">01<\/td>\r\n<td class=\"cremuneracao\">R$ 4.000,00 \/20h<\/td>\r\n<\/tr><tr>\r\n<td class=\"ccargos\">\r\n<span data-balloon-length=\"medium\" aria-label=\"Ensino Superior Completo em Medicina + Registro no Conselho Regional de Medicina (CRM) da Para\u00edba + T\u00edtulo de Especialista na \u00e1rea de Mastologia\" data-balloon-pos=\"up\">Mastologista<\/span><\/td>\r\n<td class=\"cvagas\">01<\/td>\r\n<td class=\"cremuneracao\">R$ 4.000,00 \/20h<\/td>\r\n<\/tr><tr>\r\n<td class=\"ccargos\">\r\n<span data-balloon-length=\"medium\" aria-label=\"Ensino Superior Completo em Medicina + Registro no Conselho Regional de Medicina (CRM) da Para\u00edba\" data-balloon-pos=\"up\">M\u00e9dico - ESF<\/span><\/td>\r\n<td class=\"cvagas\">02<\/td>\r\n<td class=\"cremuneracao\">R$ 11.000,00 \/40h<\/td>\r\n<\/tr><tr>\r\n<td class=\"ccargos\">\r\n<span data-balloon-length=\"medium\" aria-label=\"Ensino Superior Completo em Medicina + Registro no Conselho Regional de Medicina (CRM) da Para\u00edba\" data-balloon-pos=\"up\">M\u00e9dico Cl\u00ednico Geral<\/span><\/td>\r\n<td class=\"cvagas\">03<\/td>\r\n<td class=\"cremuneracao\">R$ 2.100,00 \/40h<\/td>\r\n<\/tr><tr>\r\n<td class=\"ccargos\">\r\n<span data-balloon-length=\"medium\" aria-label=\"Ensino Superior Completo em Medicina + Registro no Conselho Regional de Medicina (CRM) da Para\u00edba + Curso de APH e BLS\" data-balloon-pos=\"up\">M\u00e9dico Socorrista SAMU<\/span><\/td>\r\n<td class=\"cvagas\">02<\/td>\r\n<td class=\"cremuneracao\">R$ 6.000,00 \/40h<\/td>\r\n<\/tr><tr>\r\n<td class=\"ccargos\">\r\n<span data-balloon-length=\"medium\" aria-label=\"Ensino Superior Completo de Gradua\u00e7\u00e3o em Nutri\u00e7\u00e3o + Registro no Conselho Regional de Nutri\u00e7\u00e3o (CRN) da Para\u00edba\" data-balloon-pos=\"up\">Nutricionista<\/span><\/td>\r\n<td class=\"cvagas\">02<\/td>\r\n<td class=\"cremuneracao\">R$ 2.100,00 \/40h<\/td>\r\n<\/tr><tr>\r\n<td class=\"ccargos\">\r\n<span data-balloon-length=\"medium\" aria-label=\"Ensino Superior Completo em Pedagogia + Especializa\u00e7\u00e3o em Sa\u00fade Mental, depend\u00eancia qu\u00edmica ou afins c\/ou Experi\u00eancia na \u00e1rea por pelo menos um ano\" data-balloon-pos=\"up\">Pedagogo<\/span><\/td>\r\n<td class=\"cvagas\">01<\/td>\r\n<td class=\"cremuneracao\">R$ 2.100,00 \/40h<\/td>\r\n<\/tr><tr>\r\n<td class=\"ccargos\">\r\n<span data-balloon-length=\"medium\" aria-label=\"Ensino Superior Completo em Medicina + Registro no Conselho Regional de Medicina (CRM) da Para\u00edba + T\u00edtulo de Especialista na \u00e1rea de Pediatria\" data-balloon-pos=\"up\">Pediatra<\/span><\/td>\r\n<td class=\"cvagas\">01<\/td>\r\n<td class=\"cremuneracao\">R$ 4.000,00 \/20h<\/td>\r\n<\/tr><tr>\r\n<td class=\"ccargos\">\r\n<span data-balloon-length=\"medium\" aria-label=\"Ensino Superior Completo em Psicologia + Registro no Conselho Regional de Psicologia (CRP) da Para\u00edba\" data-balloon-pos=\"up\">Psic\u00f3logo<\/span><\/td>\r\n<td class=\"cvagas\">02<\/td>\r\n<td class=\"cremuneracao\">R$ 2.100,00 \/40h<\/td>\r\n<\/tr><tr>\r\n<td class=\"ccargos\">\r\n<span data-balloon-length=\"medium\" aria-label=\"Ensino Superior Completo em Medicina + Registro no Conselho Regional de Medicina (CRM) da Para\u00edba + T\u00edtulo de Especialista na \u00e1rea de Psiquiatria\" data-balloon-pos=\"up\">Psiquiatra<\/span><\/td>\r\n<td class=\"cvagas\">01<\/td>\r\n<td class=\"cremuneracao\">R$ 4.000,00 \/20h<\/td>\r\n<\/tr><tr>\r\n<td class=\"ccargos\">\r\n<span data-balloon-length=\"medium\" aria-label=\"Ensino Superior Completo em Medicina + Registro no Conselho Regional de Medicina (CRM) da Para\u00edba + T\u00edtulo de Especialista na \u00e1rea de Radiologista\" data-balloon-pos=\"up\">Radiologista<\/span><\/td>\r\n<td class=\"cvagas\">01<\/td>\r\n<td class=\"cremuneracao\">R$ 4.000,00 \/20h<\/td>\r\n<\/tr><tr>\r\n<td class=\"ccargos\">\r\n<span data-balloon-length=\"medium\" aria-label=\"Ensino Superior Completo em Medicina Veterin\u00e1ria + Registro no Conselho Regional de Medicina Veterin\u00e1ria (CRMV) da Para\u00edba.\" data-balloon-pos=\"up\">Veterin\u00e1rio<\/span><\/td>\r\n<td class=\"cvagas\">01<\/td>\r\n<td class=\"cremuneracao\">R$ 2.100,00 \/40h<\/td>\r\n<\/tr><tr>\r\n<td class=\"ccargos\">\r\n<span data-balloon-length=\"medium\" aria-label=\"Ensino Superior Completo em Pedagogia + Habilita\u00e7\u00e3o em Orienta\u00e7\u00e3o Educacional\" data-balloon-pos=\"up\">Orientador Educacional<\/span><\/td>\r\n<td class=\"cvagas\">01<\/td>\r\n<td class=\"cremuneracao\">R$ 5.082,63 \/40h<\/td>\r\n<\/tr><tr>\r\n<td class=\"ccargos\">\r\n<span data-balloon-length=\"medium\" aria-label=\"Licenciatura em Artes\" data-balloon-pos=\"up\">Professor de Artes<\/span><\/td>\r\n<td class=\"cvagas\">01<\/td>\r\n<td class=\"cremuneracao\">R$ 4.200,86 \/30h<\/td>\r\n<\/tr><tr>\r\n<td class=\"ccargos\">\r\n<span data-balloon-length=\"medium\" aria-label=\"Licenciatura em Ci\u00eancias\" data-balloon-pos=\"up\">Professor de Ci\u00eancias<\/span><\/td>\r\n<td class=\"cvagas\">01<\/td>\r\n<td class=\"cremuneracao\">R$ 4.200,86 \/30h<\/td>\r\n<\/tr><tr>\r\n<td class=\"ccargos\">\r\n<span data-balloon-length=\"medium\" aria-label=\"Licenciatura em Hist\u00f3ria\" data-balloon-pos=\"up\">Professor de Hist\u00f3ria<\/span><\/td>\r\n<td class=\"cvagas\">01<\/td>\r\n<td class=\"cremuneracao\">R$ 4.200,86 \/30h<\/td>\r\n<\/tr><tr>\r\n<td class=\"ccargos\">\r\n<span data-balloon-length=\"medium\" aria-label=\"Licenciatura em Ingl\u00eas\" data-balloon-pos=\"up\">Professor de Ingl\u00eas<\/span><\/td>\r\n<td class=\"cvagas\">01<\/td>\r\n<td class=\"cremuneracao\">R$ 4.200,86 \/30h<\/td>\r\n<\/tr><tr>\r\n<td class=\"ccargos\">\r\n<span data-balloon-length=\"medium\" aria-label=\"Licenciatura em Matem\u00e1tica\" data-balloon-pos=\"up\">Professor de Matem\u00e1tica<\/span><\/td>\r\n<td class=\"cvagas\">01<\/td>\r\n<td class=\"cremuneracao\">R$ 4.200,86 \/30h<\/td>\r\n<\/tr><tr>\r\n<td class=\"ccargos\">\r\n<span data-balloon-length=\"medium\" aria-label=\"Licenciatura em Portugu\u00eas\" data-balloon-pos=\"up\">Professor de Portugu\u00eas<\/span><\/td>\r\n<td class=\"cvagas\">01<\/td>\r\n<td class=\"cremuneracao\">R$ 4.200,86 \/30h<\/td>\r\n<\/tr><tr>\r\n<td class=\"ccargos\">\r\n<span data-balloon-length=\"medium\" aria-label=\"Licenciatura em Pedagogia + Habilita\u00e7\u00e3o em Educa\u00e7\u00e3o Infantil\" data-balloon-pos=\"up\">Professor Educa\u00e7\u00e3o Infantil<\/span><\/td>\r\n<td class=\"cvagas\">05<\/td>\r\n<td class=\"cremuneracao\">R$ 3.652,92 \/30h<\/td>\r\n<\/tr><tr>\r\n<td class=\"ccargos\">\r\n<span data-balloon-length=\"medium\" aria-label=\"Licenciatura em Pedagogia\" data-balloon-pos=\"up\">Professor Polivalente<\/span><\/td>\r\n<td class=\"cvagas\">10<\/td>\r\n<td class=\"cremuneracao\">R$ 3.652,92 \/30h<\/td>\r\n<\/tr><tr>\r\n<td class=\"ccargos\">\r\n<span data-balloon-length=\"medium\" aria-label=\"Ensino Superior Completo em Pedagogia + Habilita\u00e7\u00e3o em Orienta\u00e7\u00e3o Educacional.\" data-balloon-pos=\"up\">Supervisor Educacional<\/span><\/td>\r\n<td class=\"cvagas\">01<\/td>\r\n<td class=\"cremuneracao\">R$ 5.082,63 \/40h<\/td>\r\n<\/tr>\r\n    <\/tbody>\r\n  <\/table>\r\n<\/div>"},"_links":{"self":[{"href":"https:\/\/www.agrobase.com.br\/concursos\/wp-json\/wp\/v2\/posts\/276029","targetHints":{"allow":["GET"]}}],"collection":[{"href":"https:\/\/www.agrobase.com.br\/concursos\/wp-json\/wp\/v2\/posts"}],"about":[{"href":"https:\/\/www.agrobase.com.br\/concursos\/wp-json\/wp\/v2\/types\/post"}],"author":[{"embeddable":true,"href":"https:\/\/www.agrobase.com.br\/concursos\/wp-json\/wp\/v2\/users\/5229"}],"replies":[{"embeddable":true,"href":"https:\/\/www.agrobase.com.br\/concursos\/wp-json\/wp\/v2\/comments?post=276029"}],"version-history":[{"count":2,"href":"https:\/\/www.agrobase.com.br\/concursos\/wp-json\/wp\/v2\/posts\/276029\/revisions"}],"predecessor-version":[{"id":276033,"href":"https:\/\/www.agrobase.com.br\/concursos\/wp-json\/wp\/v2\/posts\/276029\/revisions\/276033"}],"wp:featuredmedia":[{"embeddable":true,"href":"https:\/\/www.agrobase.com.br\/concursos\/wp-json\/wp\/v2\/media\/276028"}],"wp:attachment":[{"href":"https:\/\/www.agrobase.com.br\/concursos\/wp-json\/wp\/v2\/media?parent=276029"}],"wp:term":[{"taxonomy":"category","embeddable":true,"href":"https:\/\/www.agrobase.com.br\/concursos\/wp-json\/wp\/v2\/categories?post=276029"},{"taxonomy":"post_tag","embeddable":true,"href":"https:\/\/www.agrobase.com.br\/concursos\/wp-json\/wp\/v2\/tags?post=276029"},{"taxonomy":"_amplo","embeddable":true,"href":"https:\/\/www.agrobase.com.br\/concursos\/wp-json\/wp\/v2\/_amplo?post=276029"},{"taxonomy":"destaque","embeddable":true,"href":"https:\/\/www.agrobase.com.br\/concursos\/wp-json\/wp\/v2\/destaque?post=276029"},{"taxonomy":"instituicoes","embeddable":true,"href":"https:\/\/www.agrobase.com.br\/concursos\/wp-json\/wp\/v2\/instituicoes?post=276029"}],"curies":[{"name":"wp","href":"https:\/\/api.w.org\/{rel}","templated":true}]}}