{"id":276019,"date":"2025-12-29T07:20:13","date_gmt":"2025-12-29T10:20:13","guid":{"rendered":"https:\/\/www.agrobase.com.br\/concursos\/?p=276019"},"modified":"2025-12-28T20:57:26","modified_gmt":"2025-12-28T23:57:26","slug":"prefeitura-valparaiso-de-goias-go-concurso-02-2025","status":"publish","type":"post","link":"https:\/\/www.agrobase.com.br\/concursos\/2025\/prefeitura-valparaiso-de-goias-go-concurso-02-2025\/","title":{"rendered":"Prefeitura Valpara\u00edso de Goi\u00e1s (GO) &#8211; Concurso 02\/2025"},"content":{"rendered":"<h2>Informa\u00e7\u00f5es Gerais<\/h2>\n<p>Foi publicado o <strong>Edital n\u00ba 02\/2025<\/strong> referente ao Concurso P\u00fablico da <strong>Prefeitura Municipal de Valpara\u00edso de Goi\u00e1s<\/strong>, sob organiza\u00e7\u00e3o t\u00e9cnica do Instituto Verbena\/UFG. O certame tem como objetivo o provimento de <strong>767 vagas imediatas<\/strong>, al\u00e9m da forma\u00e7\u00e3o de cadastro de reserva, para cargos efetivos do quadro de pessoal do munic\u00edpio.<\/p>\n<p>As oportunidades contemplam candidatos com n\u00edveis de escolaridade <strong>M\u00e9dio, T\u00e9cnico e Superior<\/strong>, abrangendo diversas \u00e1reas de atua\u00e7\u00e3o como Sa\u00fade, Educa\u00e7\u00e3o, Fiscaliza\u00e7\u00e3o e Administrativa. O regime de contrata\u00e7\u00e3o \u00e9 o estatut\u00e1rio, garantindo estabilidade ao servidor, com remunera\u00e7\u00f5es que variam de R$ 1.544,98 a R$ 6.084,71.<\/p>\n<p>Destacamos especialmente as vagas voltadas para as \u00e1reas de interesse do nosso p\u00fablico, incluindo oportunidades para <strong>M\u00e9dico Veterin\u00e1rio, Nutricionista<\/strong>, al\u00e9m de cargos que aceitam forma\u00e7\u00e3o em <strong>Ci\u00eancias Biol\u00f3gicas<\/strong> (como Bioqu\u00edmico e Professor de Ci\u00eancias). Confira a seguir os principais detalhes para participar desta sele\u00e7\u00e3o.<\/p>\n<h2>Inscri\u00e7\u00f5es<\/h2>\n<p>As inscri\u00e7\u00f5es devem ser realizadas exclusivamente pela internet, atrav\u00e9s do portal do <strong>Instituto Verbena\/UFG<\/strong>. O per\u00edodo para cadastro inicia-se no dia 12 de janeiro de 2026 e segue aberto at\u00e9 \u00e0s 17h00 do dia 12 de fevereiro de 2026 (hor\u00e1rio oficial de Bras\u00edlia).<\/p>\n<p>Para efetivar a participa\u00e7\u00e3o, o candidato deve gerar o boleto banc\u00e1rio e efetuar o pagamento da taxa de inscri\u00e7\u00e3o, cujos valores s\u00e3o:<\/p>\n<ul>\n<li><strong>R$ 100,00<\/strong> para cargos de n\u00edvel M\u00e9dio e T\u00e9cnico;<\/li>\n<li><strong>R$ 150,00<\/strong> para cargos de n\u00edvel Superior.<\/li>\n<\/ul>\n<p>Candidatos que preencham os requisitos legais para isen\u00e7\u00e3o da taxa devem consultar os prazos e procedimentos espec\u00edficos detalhados no edital. \u00c9 fundamental que o candidato acompanhe a confirma\u00e7\u00e3o de sua inscri\u00e7\u00e3o na \u00e1rea restrita do site da banca organizadora. Recomendamos a leitura integral do edital antes de realizar o pagamento.<\/p>\n<h2>Etapas e Provas<\/h2>\n<p>O processo seletivo ser\u00e1 composto por etapas distintas, a depender do cargo pleiteado. A <strong>Prova Objetiva<\/strong> ser\u00e1 aplicada a todos os candidatos na data prov\u00e1vel de <strong>29 de mar\u00e7o de 2026<\/strong>. Esta avalia\u00e7\u00e3o ter\u00e1 car\u00e1ter eliminat\u00f3rio e classificat\u00f3rio, composta por quest\u00f5es de m\u00faltipla escolha (4 alternativas), valendo 100 pontos, sendo exigido aproveitamento m\u00ednimo de 50% para aprova\u00e7\u00e3o.<\/p>\n<p>Al\u00e9m da etapa objetiva, haver\u00e1 fases espec\u00edficas para determinadas fun\u00e7\u00f5es:<\/p>\n<ul>\n<li><strong>Prova Discursiva:<\/strong> Aplicada no mesmo dia da objetiva, exclusiva para o cargo de Advogado;<\/li>\n<li><strong>Prova de Reda\u00e7\u00e3o:<\/strong> Aplicada no mesmo dia da objetiva, exclusiva para todos os cargos de Professor;<\/li>\n<li><strong>Prova de T\u00edtulos:<\/strong> De car\u00e1ter classificat\u00f3rio, destinada aos candidatos aos cargos de Professor aprovados na etapa de reda\u00e7\u00e3o.<\/li>\n<\/ul>\n<p>As provas ser\u00e3o realizadas preferencialmente no munic\u00edpio de Valpara\u00edso de Goi\u00e1s ou cidades pr\u00f3ximas. Para detalhes sobre o conte\u00fado program\u00e1tico e crit\u00e9rios de pontua\u00e7\u00e3o de cada fase, consulte o edital completo.<\/p>\n<h2>Resultados e Gabarito<\/h2>\n<p>O gabarito preliminar da prova objetiva est\u00e1 previsto para ser divulgado no dia 30 de mar\u00e7o de 2026. O cronograma segue com a publica\u00e7\u00e3o dos resultados das etapas discursivas e de reda\u00e7\u00e3o em maio, culminando com a previs\u00e3o do <strong>resultado final do concurso p\u00fablico em 30 de junho de 2026<\/strong>.<\/p>\n<p>A classifica\u00e7\u00e3o final ser\u00e1 determinada pela soma das notas obtidas nas etapas (ou m\u00e9dia ponderada para o cargo de Professor), observando-se os crit\u00e9rios de desempate como idade igual ou superior a 60 anos e maiores notas em conhecimentos espec\u00edficos. A homologa\u00e7\u00e3o ser\u00e1 realizada pela Prefeitura Municipal e divulgada nos canais oficiais.<\/p>\n<p>Ressaltamos que o acompanhamento das publica\u00e7\u00f5es oficiais, convoca\u00e7\u00f5es e eventuais retifica\u00e7\u00f5es no site do Instituto Verbena\/UFG e no Di\u00e1rio Oficial \u00e9 de responsabilidade exclusiva do candidato.<\/p>\n","protected":false},"excerpt":{"rendered":"<p>Concurso Pref. Valpara\u00edso de Goi\u00e1s (GO) com edital publicado! Vagas p\/ Professor e Enfermeiro (M\u00e9dio\/Sup.). Inscri\u00e7\u00f5es a partir de 12\/01. Confira detalhes!<\/p>\n","protected":false},"author":5229,"featured_media":276018,"comment_status":"open","ping_status":"open","sticky":false,"template":"","format":"standard","meta":{"_acf_changed":false,"_breakdance_hide_in_design_set":false,"_breakdance_tags":"","footnotes":""},"categories":[145,6,6433,7,106,10,141,6434,12,14,17,112,6436,18,19,111,100,20,6872,6871,116,21,22,119,23,24,25,26,27,6435,101,31,108,161,143,134],"tags":[46],"_amplo":[],"destaque":[],"instituicoes":[],"class_list":["post-276019","post","type-post","status-publish","format-standard","has-post-thumbnail","hentry","category-artes-cenicas","category-biologia","category-biologia-licenciatura","category-biomedicina","category-bioquimica","category-direito","category-educacao-artistica","category-educacao-fisica-licenciatura","category-enfermagem","category-engenharia","category-farmacia","category-filosofia","category-fisica-licenciatura","category-fisioterapia","category-fonoaudiologia","category-geografia","category-historia","category-letras","category-letras-espanhol","category-letras-ingles","category-matematica","category-medicina","category-veterinaria","category-musica","category-nutricao","category-odontologia","category-pedagogia","category-psicologia","category-quimica","category-quimica-licenciatura","category-servico-social","category-tecnico-ambiental","category-tecnico-enfermagem","category-tecnico-laboratorio","category-tecnico-odontologia","category-terapia-ocupacional","tag-goias"],"acf":{"_tipo_vagas":"vagas","_numero_vagas":"","_quadro_vagas":"","_cargos":"diversos","_cargos_especificos":"","_salario_max":"R$ 6084.71","_abertura":"20260112","_encerramento":"20260212","_inscricoes":"http:\/\/www.institutoverbena.ufg.br","_executora_concurso":"","_instituicao_concurso":[],"_link_adicional":null,"_anexos":null,"_produtos":null,"_vagas":"767 vagas + CR","_salario_min":"R$ 1544.98","_instituicao":"Prefeitura Municipal de Valpara\u00edso de Goi\u00e1s","_edital":"https:\/\/www.agrobase.com.br\/concursos\/wp-content\/uploads\/sites\/4\/2025\/12\/edital-02-2025prefeitura-valparaiso-de-goias-go.pdf","_anexos_edital":"","_fund_incompleto":"","_fund_completo":"","_medio":"<div>\r\n<table class=\"quadro\">\r\n<thead>\r\n<tr>\r\n<th class=\"hcargo\">Cargo<\/th>\r\n<th class=\"hvagas\">Vagas<\/th>\r\n<th class=\"hremuneracao\">Remunera\u00e7\u00e3o<\/th>\r\n<\/tr>\r\n<\/thead>\r\n    <tbody>\r\n      <td class=\"ccargos\">\r\n<span data-balloon-length=\"medium\" aria-label=\"Ensino M\u00e9dio\" data-balloon-pos=\"up\">Agente de Educa\u00e7\u00e3o<\/span><\/td>\r\n<td class=\"cvagas\">50 + CR<\/td>\r\n<td class=\"cremuneracao\">R$ 1.622,08 \/40h<\/td>\r\n<\/tr><td class=\"ccargos\">\r\n<span data-balloon-length=\"medium\" aria-label=\"Ensino M\u00e9dio\" data-balloon-pos=\"up\">Assistente de Educa\u00e7\u00e3o \u2013 Monitor<\/span><\/td>\r\n<td class=\"cvagas\">50 + CR<\/td>\r\n<td class=\"cremuneracao\">R$ 1.544,98 \/30h<\/td>\r\n<\/tr><td class=\"ccargos\">\r\n<span data-balloon-length=\"medium\" aria-label=\"Ensino M\u00e9dio e Curso de Auxiliar em Sa\u00fade Bucal\" data-balloon-pos=\"up\">Auxiliar em Sa\u00fade Bucal<\/span><\/td>\r\n<td class=\"cvagas\">02 + CR<\/td>\r\n<td class=\"cremuneracao\">R$ 2.059,99 \/40h<\/td>\r\n<\/tr><td class=\"ccargos\">\r\n<span data-balloon-length=\"medium\" aria-label=\"Ensino M\u00e9dio e Carteira de Habilita\u00e7\u00e3o categoria \u201cD\u201d ou \u201cE\u201d\" data-balloon-pos=\"up\">Condutor Socorrista<\/span><\/td>\r\n<td class=\"cvagas\">05 + CR<\/td>\r\n<td class=\"cremuneracao\">R$ 1.544,99 \/36h<\/td>\r\n<\/tr><td class=\"ccargos\">\r\n<span data-balloon-length=\"medium\" aria-label=\"Ensino M\u00e9dio\" data-balloon-pos=\"up\">Escritur\u00e1rio<\/span><\/td>\r\n<td class=\"cvagas\">10 + CR<\/td>\r\n<td class=\"cremuneracao\">R$ 1.622,06 \/40h<\/td>\r\n<\/tr><td class=\"ccargos\">\r\n<span data-balloon-length=\"medium\" aria-label=\"Ensino M\u00e9dio\" data-balloon-pos=\"up\">Fiscal de Obras<\/span><\/td>\r\n<td class=\"cvagas\">03 + CR<\/td>\r\n<td class=\"cremuneracao\">R$ 1.622,06 \/40h<\/td>\r\n<\/tr><td class=\"ccargos\">\r\n<span data-balloon-length=\"medium\" aria-label=\"Ensino M\u00e9dio\" data-balloon-pos=\"up\">Fiscal de Postura<\/span><\/td>\r\n<td class=\"cvagas\">03 + CR<\/td>\r\n<td class=\"cremuneracao\">R$ 1.622,06 \/40h<\/td>\r\n<\/tr><td class=\"ccargos\">\r\n<span data-balloon-length=\"medium\" aria-label=\"Ensino M\u00e9dio\" data-balloon-pos=\"up\">Fiscal de Transporte P\u00fablico e Tr\u00e2nsito<\/span><\/td>\r\n<td class=\"cvagas\">03 + CR<\/td>\r\n<td class=\"cremuneracao\">R$ 1.622,06 \/40h<\/td>\r\n<\/tr><td class=\"ccargos\">\r\n<span data-balloon-length=\"medium\" aria-label=\"Ensino M\u00e9dio\" data-balloon-pos=\"up\">Fiscal de Tributos<\/span><\/td>\r\n<td class=\"cvagas\">04 + CR<\/td>\r\n<td class=\"cremuneracao\">R$ 1.622,06 \/40h<\/td>\r\n<\/tr><td class=\"ccargos\">\r\n<span data-balloon-length=\"medium\" aria-label=\"Ensino M\u00e9dio\" data-balloon-pos=\"up\">Fiscal de Higiene Sanit\u00e1ria<\/span><\/td>\r\n<td class=\"cvagas\">03 + CR<\/td>\r\n<td class=\"cremuneracao\">R$ 1.622,06 \/40h<\/td>\r\n<\/tr><td class=\"ccargos\">\r\n<span data-balloon-length=\"medium\" aria-label=\"Ensino M\u00e9dio\" data-balloon-pos=\"up\">Fiscal de Meio Ambiente<\/span><\/td>\r\n<td class=\"cvagas\">03 + CR<\/td>\r\n<td class=\"cremuneracao\">R$ 1.622,06 \/40h<\/td>\r\n<\/tr><td class=\"ccargos\">\r\n<span data-balloon-length=\"medium\" data-balloon-pos=\"up\">Motorista Oficial<\/span><\/td>\r\n<td class=\"cvagas\">05 + CR<\/td>\r\n<td class=\"cremuneracao\">R$ 1.544,98 \/40h<\/td>\r\n<\/tr><td class=\"ccargos\">\r\n<span data-balloon-length=\"medium\" aria-label=\"Ensino M\u00e9dio\" data-balloon-pos=\"up\">Secret\u00e1rio Escolar<\/span><\/td>\r\n<td class=\"cvagas\">30 + CR<\/td>\r\n<td class=\"cremuneracao\">R$ 1.622,08 \/40h<\/td>\r\n<\/tr><td class=\"ccargos\">\r\n<span data-balloon-length=\"medium\" aria-label=\"Ensino M\u00e9dio, Curso de T\u00e9cnico em Enfermagem e Registro Profissional\" data-balloon-pos=\"up\">T\u00e9cnico de Enfermagem<\/span><\/td>\r\n<td class=\"cvagas\">20 + CR<\/td>\r\n<td class=\"cremuneracao\">R$ 3.325,00 \/40h<\/td>\r\n<\/tr><td class=\"ccargos\">\r\n<span data-balloon-length=\"medium\" aria-label=\"Ensino M\u00e9dio e Curso de T\u00e9cnico de Laborat\u00f3rio\" data-balloon-pos=\"up\">T\u00e9cnico de Laborat\u00f3rio<\/span><\/td>\r\n<td class=\"cvagas\">05 + CR<\/td>\r\n<td class=\"cremuneracao\">R$ 1.544,98 \/30h<\/td>\r\n<\/tr><td class=\"ccargos\">\r\n<span data-balloon-length=\"medium\" aria-label=\"Ensino M\u00e9dio, Curso de T\u00e9cnico em Radiologia e Registro Profissional\" data-balloon-pos=\"up\">T\u00e9cnico em Radiologia<\/span><\/td>\r\n<td class=\"cvagas\">02 + CR<\/td>\r\n<td class=\"cremuneracao\">R$ 1.544,98 \/24h<\/td>\r\n<\/tr>\r\n    <\/tbody>\r\n  <\/table>\r\n<\/div>","_superior":"<div>\r\n<table class=\"quadro\">\r\n<thead>\r\n<tr>\r\n<th class=\"hcargo\">Cargo<\/th>\r\n<th class=\"hvagas\">Vagas<\/th>\r\n<th class=\"hremuneracao\">Remunera\u00e7\u00e3o<\/th>\r\n<\/tr>\r\n<\/thead>\r\n    <tbody>\r\n      <tr>\r\n<td class=\"ccargos\">\r\n<span data-balloon-length=\"medium\" aria-label=\"Ensino Superior em Direito e Registro Profissional\" data-balloon-pos=\"up\">Advogado<\/span><\/td>\r\n<td class=\"cvagas\">02 + CR<\/td>\r\n<td class=\"cremuneracao\">R$ 2.759,62 \/30h<\/td>\r\n<\/tr><tr>\r\n<td class=\"ccargos\">\r\n<span data-balloon-length=\"medium\" aria-label=\"Ensino Superior em Servi\u00e7o Social e Registro Profissional\" data-balloon-pos=\"up\">Assistente Social<\/span><\/td>\r\n<td class=\"cvagas\">10 + CR<\/td>\r\n<td class=\"cremuneracao\">R$ 2.759,62 \/30h<\/td>\r\n<\/tr><tr>\r\n<td class=\"ccargos\">\r\n<span data-balloon-length=\"medium\" aria-label=\"Ensino Superior em Biomedicina e Registro Profissional\" data-balloon-pos=\"up\">Biom\u00e9dico<\/span><\/td>\r\n<td class=\"cvagas\">03 + CR<\/td>\r\n<td class=\"cremuneracao\">R$ 2.483,66 \/20h<\/td>\r\n<\/tr><tr>\r\n<td class=\"ccargos\">\r\n<span data-balloon-length=\"medium\" aria-label=\"Ensino Superior em Bioqu\u00edmica, Qu\u00edmica, Ci\u00eancias Biol\u00f3gicas ou Biomedicina e Registro Profissional\" data-balloon-pos=\"up\">Bioqu\u00edmico<\/span><\/td>\r\n<td class=\"cvagas\">05 + CR<\/td>\r\n<td class=\"cremuneracao\">R$ 2.759,62 \/30h<\/td>\r\n<\/tr><tr>\r\n<td class=\"ccargos\">\r\n<span data-balloon-length=\"medium\" aria-label=\"Ensino Superior em Odontologia e Registro Profissional\" data-balloon-pos=\"up\">Cirurgi\u00e3o-Dentista<\/span><\/td>\r\n<td class=\"cvagas\">10 + CR<\/td>\r\n<td class=\"cremuneracao\">R$ 2.759,62 \/40h<\/td>\r\n<\/tr><tr>\r\n<td class=\"ccargos\">\r\n<span data-balloon-length=\"medium\" aria-label=\"Ensino Superior em Enfermagem e Registro Profissional\" data-balloon-pos=\"up\">Enfermeiro<\/span><\/td>\r\n<td class=\"cvagas\">20 + CR<\/td>\r\n<td class=\"cremuneracao\">R$ 4.750,00 \/40h<\/td>\r\n<\/tr><tr>\r\n<td class=\"ccargos\">\r\n<span data-balloon-length=\"medium\" aria-label=\"Ensino Superior em Engenheiro Civil e Registro Profissional\" data-balloon-pos=\"up\">Engenheiro Civil<\/span><\/td>\r\n<td class=\"cvagas\">02 + CR<\/td>\r\n<td class=\"cremuneracao\">R$ 2.759,62 \/40h<\/td>\r\n<\/tr><tr>\r\n<td class=\"ccargos\">\r\n<span data-balloon-length=\"medium\" aria-label=\"Ensino Superior em Farm\u00e1cia e Registro Profissional\" data-balloon-pos=\"up\">Farmac\u00eautico - 30h<\/span><\/td>\r\n<td class=\"cvagas\">05 + CR<\/td>\r\n<td class=\"cremuneracao\">R$ 2.759,62 \/30h<\/td>\r\n<\/tr><tr>\r\n<td class=\"ccargos\">\r\n<span data-balloon-length=\"medium\" aria-label=\"Ensino Superior em Farm\u00e1cia e Registro Profissional\" data-balloon-pos=\"up\">Farmac\u00eautico \u2013 40h<\/span><\/td>\r\n<td class=\"cvagas\">05 + CR<\/td>\r\n<td class=\"cremuneracao\">R$ 3.679,49 \/40h<\/td>\r\n<\/tr><tr>\r\n<td class=\"ccargos\">\r\n<span data-balloon-length=\"medium\" aria-label=\"Ensino Superior em Fisioterapia e Registro Profissional\" data-balloon-pos=\"up\">Fisioterapeuta<\/span><\/td>\r\n<td class=\"cvagas\">05 + CR<\/td>\r\n<td class=\"cremuneracao\">R$ 2.759,62 \/30h<\/td>\r\n<\/tr><tr>\r\n<td class=\"ccargos\">\r\n<span data-balloon-length=\"medium\" aria-label=\"Ensino Superior em Fonoaudiologia e Registro Profissional\" data-balloon-pos=\"up\">Fonoaudi\u00f3logo<\/span><\/td>\r\n<td class=\"cvagas\">06 + CR<\/td>\r\n<td class=\"cremuneracao\">R$ 2.759,62 \/30h<\/td>\r\n<\/tr><tr>\r\n<td class=\"ccargos\">\r\n<span data-balloon-length=\"medium\" aria-label=\"Ensino Superior em Medicina e Registro Profissional\" data-balloon-pos=\"up\">M\u00e9dico Cl\u00ednico Geral<\/span><\/td>\r\n<td class=\"cvagas\">13 + CR<\/td>\r\n<td class=\"cremuneracao\">R$ 2.483,66 \/20h<\/td>\r\n<\/tr><tr>\r\n<td class=\"ccargos\">\r\n<span data-balloon-length=\"medium\" aria-label=\"Ensino Superior em Nutri\u00e7\u00e3o e Registro Profissional\" data-balloon-pos=\"up\">Nutricionista<\/span><\/td>\r\n<td class=\"cvagas\">07 + CR<\/td>\r\n<td class=\"cremuneracao\">R$ 2.759,62 \/30h<\/td>\r\n<\/tr><tr>\r\n<td class=\"ccargos\">\r\n<span data-balloon-length=\"medium\" aria-label=\"Diploma, devidamente registrado, de conclus\u00e3o de curso de Licenciatura plena em Pedagogia, desde que habilitado ou p\u00f3s-graduado em Orienta\u00e7\u00e3o Educacional, devidamente reconhecido e registrado pelo Minist\u00e9rio da Educa\u00e7\u00e3o (MEC)\" data-balloon-pos=\"up\">Orientador Educacional<\/span><\/td>\r\n<td class=\"cvagas\">25 + CR<\/td>\r\n<td class=\"cremuneracao\">R$ 6.084,71 \/40h<\/td>\r\n<\/tr><tr>\r\n<td class=\"ccargos\">\r\n<span data-balloon-length=\"medium\" aria-label=\"Diploma, devidamente registrado, de conclus\u00e3o de curso de Licenciatura plena em Pedagogia, fornecido por institui\u00e7\u00e3o de ensino superior\" data-balloon-pos=\"up\">Professor de Educa\u00e7\u00e3o B\u00e1sica \u2013 Professor de Educa\u00e7\u00e3o Infantil e Anos Iniciais do Ensino Fundamental<\/span><\/td>\r\n<td class=\"cvagas\">200 + CR<\/td>\r\n<td class=\"cremuneracao\">R$ 6.084,71 \/40h<\/td>\r\n<\/tr><tr>\r\n<td class=\"ccargos\">\r\n<span data-balloon-length=\"medium\" aria-label=\"Diploma, devidamente registrado, de conclus\u00e3o de curso de Licenciatura em Ci\u00eancias Naturais; ou Licenciatura em Biologia; ou Licenciatura em Ci\u00eancias F\u00edsicas e\/ou Biol\u00f3gicas; ou Licenciatura em Ci\u00eancias com habilita\u00e7\u00e3o em Biologia; ou bacharelado em Biologia acrescido de diploma de curso de Forma\u00e7\u00e3o Pedag\u00f3gica para graduados n\u00e3o licenciados, fornecido por Institui\u00e7\u00e3o de Educa\u00e7\u00e3o Superior reconhecida pelo MEC\" data-balloon-pos=\"up\">Professor de Ensino Fundamental dos Anos Finais \u2013 Ci\u00eancias<\/span><\/td>\r\n<td class=\"cvagas\">20 + CR<\/td>\r\n<td class=\"cremuneracao\">R$ 6.084,71 \/40h<\/td>\r\n<\/tr><tr>\r\n<td class=\"ccargos\">\r\n<span data-balloon-length=\"medium\" aria-label=\"Diploma, devidamente registrado, de conclus\u00e3o de curso de Licenciatura em Educa\u00e7\u00e3o Art\u00edstica com habilita\u00e7\u00e3o em Artes C\u00eanicas; ou Licenciatura em Artes C\u00eanicas; ou Licenciatura em Teatro; ou bacharelado em Teatro acrescido de diploma de curso de Forma\u00e7\u00e3o Pedag\u00f3gica para graduados n\u00e3o licenciados; ou Licenciatura em Educa\u00e7\u00e3o Art\u00edstica com habilita\u00e7\u00e3o em Dan\u00e7a; ou Licenciatura em Dan\u00e7a; ou bacharelado em Dan\u00e7a acrescido de diploma de curso de Forma\u00e7\u00e3o Pedag\u00f3gica para graduados n\u00e3o licenciados; ou Licenciatura em Educa\u00e7\u00e3o Art\u00edstica com habilita\u00e7\u00e3o em M\u00fasica; ou Licenciatura em M\u00fasica; ou bacharelado em M\u00fasica acrescido de diploma de curso de Forma\u00e7\u00e3o Pedag\u00f3gica para graduados n\u00e3o licenciados; ou Licenciatura em Educa\u00e7\u00e3o Art\u00edstica com habilita\u00e7\u00e3o em Artes Pl\u00e1sticas; ou Licenciatura em Artes Pl\u00e1sticas ou bacharelado em Artes Pl\u00e1sticas acrescido de diploma de curso de Forma\u00e7\u00e3o Pedag\u00f3gica para graduados n\u00e3o licenciados; ou Licenciatura em Educa\u00e7\u00e3o Art\u00edstica com habilita\u00e7\u00e3o em Artes Visuais; ou Licenciatura em Artes Visuais, ou bacharelado em Artes Visuais acrescido de diploma de curso de Forma\u00e7\u00e3o Pedag\u00f3gica para graduados n\u00e3o licenciados; fornecidos por Institui\u00e7\u00e3o de Educa\u00e7\u00e3o Superior reconhecida pelo MEC\" data-balloon-pos=\"up\">Professor de Ensino Fundamental dos Anos Finais - Educa\u00e7\u00e3o Art\u00edstica<\/span><\/td>\r\n<td class=\"cvagas\">09 + CR<\/td>\r\n<td class=\"cremuneracao\">R$ 6.084,71 \/40h<\/td>\r\n<\/tr><tr>\r\n<td class=\"ccargos\">\r\n<span data-balloon-length=\"medium\" aria-label=\"Diploma, devidamente registrado, de conclus\u00e3o de curso de Licenciatura em Educa\u00e7\u00e3o F\u00edsica, ou bacharelado em Educa\u00e7\u00e3o F\u00edsica acrescido de diploma de curso de Forma\u00e7\u00e3o Pedag\u00f3gica para graduados n\u00e3o licenciados, fornecido por Institui\u00e7\u00e3o de Educa\u00e7\u00e3o Superior reconhecida pelo MEC\" data-balloon-pos=\"up\">Professor de Ensino Fundamental dos Anos Finais - Educa\u00e7\u00e3o F\u00edsica<\/span><\/td>\r\n<td class=\"cvagas\">12 + CR<\/td>\r\n<td class=\"cremuneracao\">R$ 6.084,71 \/40h<\/td>\r\n<\/tr><tr>\r\n<td class=\"ccargos\">\r\n<span data-balloon-length=\"medium\" aria-label=\"Diploma, devidamente registrado, de conclus\u00e3o de curso de Licenciatura em Ci\u00eancias da Religi\u00e3o; ou licenciatura Plena em Teologia; ou licenciatura plena em Filosofia; ou bacharelado em Filosofia ou Teologia, acrescido de diploma de curso de Forma\u00e7\u00e3o Pedag\u00f3gica para graduados n\u00e3o licenciados, fornecido por Institui\u00e7\u00e3o de Educa\u00e7\u00e3o Superior reconhecida pelo MEC\" data-balloon-pos=\"up\">Professor de Ensino Fundamental dos Anos Finais - Ensino Religioso<\/span><\/td>\r\n<td class=\"cvagas\">02 + CR<\/td>\r\n<td class=\"cremuneracao\">R$ 6.084,71 \/40h<\/td>\r\n<\/tr><tr>\r\n<td class=\"ccargos\">\r\n<span data-balloon-length=\"medium\" aria-label=\"Diploma, devidamente registrado, de conclus\u00e3o de curso de Licenciatura em Letras, com habilita\u00e7\u00e3o em Espanhol, ou bacharelado em Espanhol acrescido de diploma de curso de Forma\u00e7\u00e3o Pedag\u00f3gica para graduados n\u00e3o licenciados, fornecido por Institui\u00e7\u00e3o de Educa\u00e7\u00e3o Superior reconhecida pelo MEC\" data-balloon-pos=\"up\">Professor de Ensino Fundamental dos Anos Finais - Espanhol<\/span><\/td>\r\n<td class=\"cvagas\">03 + CR<\/td>\r\n<td class=\"cremuneracao\">R$ 6.084,71 \/40h<\/td>\r\n<\/tr><tr>\r\n<td class=\"ccargos\">\r\n<span data-balloon-length=\"medium\" aria-label=\"Diploma de conclus\u00e3o de curso de Licenciatura em Geografia, ou bacharelado em Geografia acrescido de diploma de curso de Forma\u00e7\u00e3o Pedag\u00f3gica para graduados n\u00e3o licenciados, fornecido por Institui\u00e7\u00e3o de Educa\u00e7\u00e3o Superior reconhecida pelo MEC, ou diploma, devidamente registrado, de curso de licenciatura em Estudos Sociais, com habilita\u00e7\u00e3o em Geografia\" data-balloon-pos=\"up\">Professor de Ensino Fundamental dos Anos Finais \u2013 Geografia<\/span><\/td>\r\n<td class=\"cvagas\">20 + CR<\/td>\r\n<td class=\"cremuneracao\">R$ 6.084,71 \/40h<\/td>\r\n<\/tr><tr>\r\n<td class=\"ccargos\">\r\n<span data-balloon-length=\"medium\" aria-label=\"Diploma de conclus\u00e3o de curso de Licenciatura em Hist\u00f3ria, ou bacharelado em Hist\u00f3ria acrescido de diploma de curso de Forma\u00e7\u00e3o Pedag\u00f3gica para graduados n\u00e3o licenciados, fornecido por Institui\u00e7\u00e3o de Educa\u00e7\u00e3o Superior reconhecida pelo MEC, ou diploma, devidamente registrado, de curso de licenciatura em Estudos Sociais, com habilita\u00e7\u00e3o em Hist\u00f3ria\" data-balloon-pos=\"up\">Professor de Ensino Fundamental dos Anos Finais \u2013 Hist\u00f3ria<\/span><\/td>\r\n<td class=\"cvagas\">20 + CR<\/td>\r\n<td class=\"cremuneracao\">R$ 6.084,71 \/40h<\/td>\r\n<\/tr><tr>\r\n<td class=\"ccargos\">\r\n<span data-balloon-length=\"medium\" aria-label=\"Diploma, devidamente registrado, de conclus\u00e3o de curso de Licenciatura em Letras, com habilita\u00e7\u00e3o em Ingl\u00eas, ou bacharelado em Ingl\u00eas acrescido de diploma de curso de Forma\u00e7\u00e3o Pedag\u00f3gica para graduados n\u00e3o licenciados, fornecido por Institui\u00e7\u00e3o de Educa\u00e7\u00e3o Superior reconhecida pelo MEC\" data-balloon-pos=\"up\">Professor de Ensino Fundamental dos Anos Finais - Ingl\u00eas<\/span><\/td>\r\n<td class=\"cvagas\">20 + CR<\/td>\r\n<td class=\"cremuneracao\">R$ 6.084,71 \/40h<\/td>\r\n<\/tr><tr>\r\n<td class=\"ccargos\">\r\n<span data-balloon-length=\"medium\" aria-label=\"Diploma, devidamente registrado, de conclus\u00e3o de curso de Licenciatura em Matem\u00e1tica, ou Licenciatura em F\u00edsica com habilita\u00e7\u00e3o em Matem\u00e1tica, ou Licenciatura em Ci\u00eancias F\u00edsicas e\/ou Biol\u00f3gicas com habilita\u00e7\u00e3o em Matem\u00e1tica, ou Licenciatura em Ci\u00eancias com habilita\u00e7\u00e3o em Matem\u00e1tica, ou Licenciatura em Ci\u00eancias Naturais com habilita\u00e7\u00e3o em Matem\u00e1tica; ou Licenciatura em Qu\u00edmica com habilita\u00e7\u00e3o em Matem\u00e1tica; ou bacharelado em Matem\u00e1tica acrescido de diploma de curso de Forma\u00e7\u00e3o Pedag\u00f3gica para graduados n\u00e3o licenciados, fornecido por Institui\u00e7\u00e3o de Educa\u00e7\u00e3o Superior reconhecida pelo MEC, ou Bacharelado em cursos de Engenharia, fornecido por Institui\u00e7\u00e3o de Educa\u00e7\u00e3o Superior reconhecida pelo MEC, desde que no hist\u00f3rico do curso contenha as disciplinas cursadas ou equivalentes a C\u00e1lculos 1, 2 e 3, F\u00edsicas 1 e 2, F\u00edsica Experimental 1 e 2, Probabilidade e Estat\u00edstica e Introdu\u00e7\u00e3o \u00e0 \u00c1lgebra Linear acrescido de diploma curso de Forma\u00e7\u00e3o pedag\u00f3gica para graduados n\u00e3o licenciados, fornecido por Institui\u00e7\u00e3o de Educa\u00e7\u00e3o Superior reconhecida pelo MEC, ou Licenciatura em Estat\u00edstica, ou Bacharel em Estat\u00edstica acrescido de diploma de curso de Forma\u00e7\u00e3o Pedag\u00f3gica para graduados n\u00e3o licenciados, fornecido por Institui\u00e7\u00e3o de Educa\u00e7\u00e3o Superior reconhecida pelo MEC\" data-balloon-pos=\"up\">Professor de Ensino Fundamental dos Anos Finais - Matem\u00e1tica<\/span><\/td>\r\n<td class=\"cvagas\">60 + CR<\/td>\r\n<td class=\"cremuneracao\">R$ 6.084,71 \/40h<\/td>\r\n<\/tr><tr>\r\n<td class=\"ccargos\">\r\n<span data-balloon-length=\"medium\" aria-label=\"Diploma, devidamente registrado, de conclus\u00e3o de Licenciatura em M\u00fasica; ou bacharelado em M\u00fasica acrescido de diploma de curso de Forma\u00e7\u00e3o Pedag\u00f3gica para graduados n\u00e3o licenciados; ou licenciatura em Artes, com habilita\u00e7\u00e3o em M\u00fasica; fornecidos por Institui\u00e7\u00e3o de Educa\u00e7\u00e3o Superior reconhecida pelo MEC e, em todos os casos, acrescido de aprova\u00e7\u00e3o em prova pr\u00e1tica na especialidade\/instrumento a ser realizada por banca espec\u00edfica\" data-balloon-pos=\"up\">Professor de Ensino Fundamental dos Anos Finais \u2013 M\u00fasica<\/span><\/td>\r\n<td class=\"cvagas\">03 + CR<\/td>\r\n<td class=\"cremuneracao\">R$ 6.084,71 \/40h<\/td>\r\n<\/tr><tr>\r\n<td class=\"ccargos\">\r\n<span data-balloon-length=\"medium\" aria-label=\"Diploma, devidamente registrado, de conclus\u00e3o de curso de Licenciatura em Letras, com habilita\u00e7\u00e3o em L\u00edngua Portuguesa; ou bacharelado em L\u00edngua Portuguesa acrescido de diploma de curso de Forma\u00e7\u00e3o Pedag\u00f3gica para graduados n\u00e3o licenciados, fornecido por Institui\u00e7\u00e3o de Educa\u00e7\u00e3o Superior reconhecida pelo MEC\" data-balloon-pos=\"up\">Professor de Ensino Fundamental dos Anos Finais \u2013 Portugu\u00eas<\/span><\/td>\r\n<td class=\"cvagas\">60 + CR<\/td>\r\n<td class=\"cremuneracao\">R$ 6.084,71 \/40h<\/td>\r\n<\/tr><tr>\r\n<td class=\"ccargos\">\r\n<span data-balloon-length=\"medium\" aria-label=\"Ensino Superior em Psicologia e Registro Profissional\" data-balloon-pos=\"up\">Psic\u00f3logo<\/span><\/td>\r\n<td class=\"cvagas\">07 + CR<\/td>\r\n<td class=\"cremuneracao\">R$ 2.759,62 \/30h<\/td>\r\n<\/tr><tr>\r\n<td class=\"ccargos\">\r\n<span data-balloon-length=\"medium\" aria-label=\"Diploma, devidamente registrado, de conclus\u00e3o de curso de Licenciatura plena em Pedagogia, desde que habilitado ou p\u00f3s-graduado em Supervis\u00e3o pedag\u00f3gica, devidamente reconhecido e registrado pelo Minist\u00e9rio da Educa\u00e7\u00e3o (MEC)\" data-balloon-pos=\"up\">Supervisor Pedag\u00f3gico<\/span><\/td>\r\n<td class=\"cvagas\">10 + CR<\/td>\r\n<td class=\"cremuneracao\">R$ 6.084,71 \/40h<\/td>\r\n<\/tr><tr>\r\n<td class=\"ccargos\">\r\n<span data-balloon-length=\"medium\" aria-label=\"Ensino Superior em Terapia Ocupacional e Registro Profissional\" data-balloon-pos=\"up\">Terapeuta Ocupacional<\/span><\/td>\r\n<td class=\"cvagas\">03 + CR<\/td>\r\n<td class=\"cremuneracao\">R$ 2.759,62 \/30h<\/td>\r\n<\/tr><tr>\r\n<td class=\"ccargos\">\r\n<span data-balloon-length=\"medium\" aria-label=\"Ensino Superior em Medicina Veterin\u00e1ria e Registro Profissional\" data-balloon-pos=\"up\">Veterin\u00e1rio<\/span><\/td>\r\n<td class=\"cvagas\">02 + CR<\/td>\r\n<td class=\"cremuneracao\">R$ 2.759,62 \/40h<\/td>\r\n<\/tr>\r\n    <\/tbody>\r\n  <\/table>\r\n<\/div>"},"_links":{"self":[{"href":"https:\/\/www.agrobase.com.br\/concursos\/wp-json\/wp\/v2\/posts\/276019","targetHints":{"allow":["GET"]}}],"collection":[{"href":"https:\/\/www.agrobase.com.br\/concursos\/wp-json\/wp\/v2\/posts"}],"about":[{"href":"https:\/\/www.agrobase.com.br\/concursos\/wp-json\/wp\/v2\/types\/post"}],"author":[{"embeddable":true,"href":"https:\/\/www.agrobase.com.br\/concursos\/wp-json\/wp\/v2\/users\/5229"}],"replies":[{"embeddable":true,"href":"https:\/\/www.agrobase.com.br\/concursos\/wp-json\/wp\/v2\/comments?post=276019"}],"version-history":[{"count":2,"href":"https:\/\/www.agrobase.com.br\/concursos\/wp-json\/wp\/v2\/posts\/276019\/revisions"}],"predecessor-version":[{"id":276039,"href":"https:\/\/www.agrobase.com.br\/concursos\/wp-json\/wp\/v2\/posts\/276019\/revisions\/276039"}],"wp:featuredmedia":[{"embeddable":true,"href":"https:\/\/www.agrobase.com.br\/concursos\/wp-json\/wp\/v2\/media\/276018"}],"wp:attachment":[{"href":"https:\/\/www.agrobase.com.br\/concursos\/wp-json\/wp\/v2\/media?parent=276019"}],"wp:term":[{"taxonomy":"category","embeddable":true,"href":"https:\/\/www.agrobase.com.br\/concursos\/wp-json\/wp\/v2\/categories?post=276019"},{"taxonomy":"post_tag","embeddable":true,"href":"https:\/\/www.agrobase.com.br\/concursos\/wp-json\/wp\/v2\/tags?post=276019"},{"taxonomy":"_amplo","embeddable":true,"href":"https:\/\/www.agrobase.com.br\/concursos\/wp-json\/wp\/v2\/_amplo?post=276019"},{"taxonomy":"destaque","embeddable":true,"href":"https:\/\/www.agrobase.com.br\/concursos\/wp-json\/wp\/v2\/destaque?post=276019"},{"taxonomy":"instituicoes","embeddable":true,"href":"https:\/\/www.agrobase.com.br\/concursos\/wp-json\/wp\/v2\/instituicoes?post=276019"}],"curies":[{"name":"wp","href":"https:\/\/api.w.org\/{rel}","templated":true}]}}