{"id":276007,"date":"2025-12-29T07:30:12","date_gmt":"2025-12-29T10:30:12","guid":{"rendered":"https:\/\/www.agrobase.com.br\/concursos\/?p=276007"},"modified":"2025-12-30T19:01:35","modified_gmt":"2025-12-30T22:01:35","slug":"prefeitura-arraial-do-cabo-rj-concurso-02-2025","status":"publish","type":"post","link":"https:\/\/www.agrobase.com.br\/concursos\/2025\/prefeitura-arraial-do-cabo-rj-concurso-02-2025\/","title":{"rendered":"Prefeitura Arraial do Cabo (RJ) &#8211; Concurso 02\/2025"},"content":{"rendered":"<h2>Informa\u00e7\u00f5es Gerais<\/h2>\n<p>O <strong>Munic\u00edpio de Arraial do Cabo<\/strong>, no Rio de Janeiro, publicou o edital n\u00ba 02\/2025 para a realiza\u00e7\u00e3o de um novo Concurso P\u00fablico, sob organiza\u00e7\u00e3o do <strong>Instituto Brasileiro de Administra\u00e7\u00e3o Municipal (IBAM)<\/strong>. O certame visa o preenchimento imediato de <strong>73 vagas<\/strong> efetivas, al\u00e9m da forma\u00e7\u00e3o de cadastro reserva, para cargos de n\u00edveis M\u00e9dio e Superior, sob o Regime Estatut\u00e1rio, garantindo estabilidade aos servidores.<\/p>\n<p>As oportunidades contemplam diversas \u00e1reas de atua\u00e7\u00e3o na administra\u00e7\u00e3o municipal, incluindo setores administrativos, de fiscaliza\u00e7\u00e3o, engenharia, sa\u00fade e assist\u00eancia social. Merecem destaque especial as vagas destinadas aos profissionais das \u00e1reas de <strong>Engenharia Ambiental, Biologia, Nutri\u00e7\u00e3o e Medicina Veterin\u00e1ria (Fiscal Sanit\u00e1rio)<\/strong>, carreiras fundamentais para o desenvolvimento sustent\u00e1vel e a sa\u00fade p\u00fablica da regi\u00e3o.<\/p>\n<p>Com remunera\u00e7\u00f5es que variam de <strong>R$ 1.557,27 a R$ 9.438,03<\/strong>, o concurso oferece jornadas de trabalho entre 20 e 40 horas semanais, ou em regime de escala (24x72h) para o cargo de Agente de Defesa Civil. A validade do processo seletivo ser\u00e1 de dois anos, podendo ser prorrogada por igual per\u00edodo. Confira a seguir os detalhes sobre prazos, etapas e requisitos para garantir sua participa\u00e7\u00e3o.<\/p>\n<h2>Inscri\u00e7\u00f5es<\/h2>\n<p>As inscri\u00e7\u00f5es para o Concurso P\u00fablico de Arraial do Cabo ser\u00e3o realizadas exclusivamente pela internet, no site da banca organizadora, o IBAM. O per\u00edodo para cadastro inicia-se no dia <strong>07 de janeiro de 2026<\/strong> e segue aberto at\u00e9 o dia <strong>09 de fevereiro de 2026<\/strong>. \u00c9 fundamental que o candidato preencha o formul\u00e1rio com aten\u00e7\u00e3o e confira os dados antes do envio.<\/p>\n<p>Para confirmar a participa\u00e7\u00e3o, \u00e9 necess\u00e1rio efetuar o pagamento da taxa de inscri\u00e7\u00e3o por meio de boleto banc\u00e1rio. O documento deve ser pago preferencialmente na rede banc\u00e1ria ou via Internet Banking, sendo vedado o pagamento via dep\u00f3sito em envelope, transfer\u00eancia comum ou agendamento. O edital inova ao permitir o pagamento via <strong>PIX<\/strong>, utilizando o QR Code dispon\u00edvel no pr\u00f3prio boleto. O prazo limite para a compensa\u00e7\u00e3o banc\u00e1ria \u00e9 at\u00e9 as 21h00 do dia <strong>10 de fevereiro de 2026<\/strong>.<\/p>\n<p>\u00c9 permitido inscrever-se para mais de um cargo, desde que as provas ocorram em turnos ou datas diferentes, conforme os blocos (A, B, C e D) estabelecidos no edital. Candidatos que desejarem solicitar a isen\u00e7\u00e3o da taxa devem consultar o Anexo IV do edital para verificar os requisitos e prazos espec\u00edficos. Ap\u00f3s o pagamento, recomenda-se acompanhar a confirma\u00e7\u00e3o na &#8220;\u00c1rea do Candidato&#8221; no site da organizadora. Para todos os detalhes sobre valores e regras de isen\u00e7\u00e3o, a leitura integral do edital \u00e9 obrigat\u00f3ria.<\/p>\n<h2>Etapas e Provas<\/h2>\n<p>A sele\u00e7\u00e3o dos candidatos ser\u00e1 composta por etapas distintas, variando conforme o n\u00edvel de escolaridade do cargo pretendido. A fase principal \u00e9 a <strong>Prova Objetiva<\/strong>, de car\u00e1ter eliminat\u00f3rio e classificat\u00f3rio, aplic\u00e1vel a todos os inscritos. As avalia\u00e7\u00f5es consistir\u00e3o em quest\u00f5es de m\u00faltipla escolha, com quatro op\u00e7\u00f5es de resposta (A, B, C, D), abrangendo conhecimentos gerais e espec\u00edficos.<\/p>\n<p>A aplica\u00e7\u00e3o das provas objetivas seguir\u00e1 um cronograma dividido por grupos:<\/p>\n<ul>\n<li><strong>Grupo 1 (N\u00edvel Superior):<\/strong> Prevista para <strong>15 de mar\u00e7o de 2026<\/strong>.<\/li>\n<li><strong>Grupo 2 (N\u00edvel M\u00e9dio):<\/strong> Prevista para <strong>22 de mar\u00e7o de 2026<\/strong>.<\/li>\n<\/ul>\n<p>As provas ter\u00e3o dura\u00e7\u00e3o de <strong>3 horas<\/strong> e ser\u00e3o realizadas nos turnos da manh\u00e3 (abertura dos port\u00f5es \u00e0s 08h00) e tarde (abertura dos port\u00f5es \u00e0s 14h00), dependendo do cargo. \u00c9 responsabilidade do candidato conferir o local de prova no cart\u00e3o de confirma\u00e7\u00e3o, que ser\u00e1 disponibilizado no site do IBAM.<\/p>\n<p>Para os cargos de <strong>N\u00edvel Superior<\/strong>, haver\u00e1 tamb\u00e9m uma <strong>Prova de T\u00edtulos<\/strong>, de car\u00e1ter apenas classificat\u00f3rio. Somente ser\u00e3o avaliados os t\u00edtulos dos candidatos aprovados na prova objetiva. A pontua\u00e7\u00e3o m\u00e1xima nesta etapa \u00e9 de 09 pontos, considerando especializa\u00e7\u00f5es, mestrados e doutorados relacionados \u00e0 \u00e1rea de atua\u00e7\u00e3o. O envio dos documentos comprobat\u00f3rios dever\u00e1 ser feito digitalmente entre os dias 05 e 07 de maio de 2026. Recomendamos a leitura atenta do Anexo II e III do edital para compreender o conte\u00fado program\u00e1tico e a estrutura de pontua\u00e7\u00e3o de cada disciplina.<\/p>\n<h2>Resultados e Gabarito<\/h2>\n<p>O acompanhamento dos resultados \u00e9 uma fase crucial e de inteira responsabilidade do candidato. A divulga\u00e7\u00e3o dos <strong>gabaritos preliminares<\/strong> est\u00e1 prevista para o dia 16 de mar\u00e7o de 2026 (Grupo 1) e 23 de mar\u00e7o de 2026 (Grupo 2), no site do IBAM e no Mural de Atos da Prefeitura. O resultado parcial das notas das provas objetivas ser\u00e1 publicado em 22 de abril de 2026.<\/p>\n<p>A classifica\u00e7\u00e3o final ser\u00e1 determinada pela soma dos pontos obtidos nas etapas aplic\u00e1veis. Em caso de empate, o edital prev\u00ea crit\u00e9rios sucessivos, priorizando candidatos com idade igual ou superior a 60 anos (Estatuto do Idoso), seguidos por maior pontua\u00e7\u00e3o em Conhecimentos Espec\u00edficos, Portugu\u00eas e outras disciplinas conforme a natureza do cargo (Legisla\u00e7\u00e3o do SUS, Legisla\u00e7\u00e3o Municipal ou Inform\u00e1tica).<\/p>\n<p>A divulga\u00e7\u00e3o do <strong>Resultado Final<\/strong> e a homologa\u00e7\u00e3o do concurso est\u00e3o previstas para <strong>10 de junho de 2026<\/strong>. As convoca\u00e7\u00f5es para posse ocorrer\u00e3o via Di\u00e1rio Oficial do Munic\u00edpio e correspond\u00eancia pessoal, sendo essencial manter o endere\u00e7o atualizado junto \u00e0 Prefeitura. Para n\u00e3o perder nenhum prazo recursal ou convoca\u00e7\u00e3o, monitore constantemente a p\u00e1gina oficial do certame.<\/p>\n","protected":false},"excerpt":{"rendered":"<p>Concurso Pref. Arraial do Cabo (RJ) com edital publicado! Vagas p\/ Aux. Adm. e Assist. Social (M\u00e9dio\/Sup.). Inscri\u00e7\u00f5es a partir de 07\/01. Confira detalhes!<\/p>\n","protected":false},"author":5229,"featured_media":0,"comment_status":"open","ping_status":"open","sticky":false,"template":"","format":"standard","meta":{"_acf_changed":false,"_breakdance_hide_in_design_set":false,"_breakdance_tags":"","footnotes":""},"categories":[5,6,12,13,14,103,17,22,23,24,26,101,123],"tags":[56],"_amplo":[],"destaque":[],"instituicoes":[],"class_list":["post-276007","post","type-post","status-publish","format-standard","hentry","category-arquitetura","category-biologia","category-enfermagem","category-engenharia-ambiental","category-engenharia","category-engenharia-eletrica","category-farmacia","category-veterinaria","category-nutricao","category-odontologia","category-psicologia","category-servico-social","category-turismo","tag-rio-de-janeiro"],"acf":{"_tipo_vagas":"vagas","_numero_vagas":"","_quadro_vagas":"","_cargos":"diversos","_cargos_especificos":"","_salario_max":"R$ 9438.03","_abertura":"20260107","_encerramento":"20260209","_inscricoes":"https:\/\/www.ibam-concursos.org.br","_executora_concurso":"","_instituicao_concurso":[],"_link_adicional":null,"_anexos":null,"_produtos":null,"_vagas":"73 vagas","_salario_min":"R$ 1557.27","_instituicao":"Prefeitura de Arraial do Cabo","_edital":"https:\/\/www.agrobase.com.br\/concursos\/wp-content\/uploads\/sites\/4\/2025\/12\/edital-02-2025-prefeitura-de-arraial-do-cabo-rj.pdf","_anexos_edital":"","_fund_incompleto":"","_fund_completo":"","_medio":"<div>\r\n<table class=\"quadro\">\r\n<thead>\r\n<tr>\r\n<th class=\"hcargo\">Cargo<\/th>\r\n<th class=\"hvagas\">Vagas<\/th>\r\n<th class=\"hremuneracao\">Remunera\u00e7\u00e3o<\/th>\r\n<\/tr>\r\n<\/thead>\r\n    <tbody>\r\n      <td class=\"ccargos\">\r\n<span data-balloon-length=\"medium\" data-balloon-pos=\"up\">AGENTE DE DEFESA CIVIL<\/span><\/td>\r\n<td class=\"cvagas\">08<\/td>\r\n<td class=\"cremuneracao\">R$ 1.557,27 \/Escala 24X72h<\/td>\r\n<\/tr><td class=\"ccargos\">\r\n<span data-balloon-length=\"medium\" aria-label=\"Ensino M\u00e9dio Completo.\" data-balloon-pos=\"up\">AUXILIAR ADMINISTRATIVO<\/span><\/td>\r\n<td class=\"cvagas\">25<\/td>\r\n<td class=\"cremuneracao\">R$ 1.557,27 \/40h<\/td>\r\n<\/tr><td class=\"ccargos\">\r\n<span data-balloon-length=\"medium\" aria-label=\"Ensino M\u00e9dio Completo\" data-balloon-pos=\"up\">EDUCADOR SOCIAL<\/span><\/td>\r\n<td class=\"cvagas\">01<\/td>\r\n<td class=\"cremuneracao\">R$ 1.557,27 \/40h<\/td>\r\n<\/tr>\r\n    <\/tbody>\r\n  <\/table>\r\n<\/div>","_superior":"<div>\r\n<table class=\"quadro\">\r\n<thead>\r\n<tr>\r\n<th class=\"hcargo\">Cargo<\/th>\r\n<th class=\"hvagas\">Vagas<\/th>\r\n<th class=\"hremuneracao\">Remunera\u00e7\u00e3o<\/th>\r\n<\/tr>\r\n<\/thead>\r\n    <tbody>\r\n      <tr>\r\n<td class=\"ccargos\">\r\n<span data-balloon-length=\"medium\" aria-label=\"Gradua\u00e7\u00e3o em Arquitetura e registro no CAU.\" data-balloon-pos=\"up\">ARQUITETO<\/span><\/td>\r\n<td class=\"cvagas\">02<\/td>\r\n<td class=\"cremuneracao\">R$ 3.854,27 \/30h<\/td>\r\n<\/tr><tr>\r\n<td class=\"ccargos\">\r\n<span data-balloon-length=\"medium\" aria-label=\"Gradua\u00e7\u00e3o em Servi\u00e7o Social e registro no CRESS.\" data-balloon-pos=\"up\">ASSISTENTE SOCIAL<\/span><\/td>\r\n<td class=\"cvagas\">11<\/td>\r\n<td class=\"cremuneracao\">R$ 1.850,07 \/20h<\/td>\r\n<\/tr><tr>\r\n<td class=\"ccargos\">\r\n<span data-balloon-length=\"medium\" aria-label=\"Gradua\u00e7\u00e3o em Biologia e registro no CRBio.\" data-balloon-pos=\"up\">BI\u00d3LOGO<\/span><\/td>\r\n<td class=\"cvagas\">01<\/td>\r\n<td class=\"cremuneracao\">R$ 1.850,07 \/20h<\/td>\r\n<\/tr><tr>\r\n<td class=\"ccargos\">\r\n<span data-balloon-length=\"medium\" aria-label=\"Gradua\u00e7\u00e3o em Engenharia Ambiental e registro no CREA.\" data-balloon-pos=\"up\">ENGENHEIRO AMBIENTAL<\/span><\/td>\r\n<td class=\"cvagas\">01<\/td>\r\n<td class=\"cremuneracao\">R$ 3.854,27 \/40h<\/td>\r\n<\/tr><tr>\r\n<td class=\"ccargos\">\r\n<span data-balloon-length=\"medium\" aria-label=\"Gradua\u00e7\u00e3o em Engenharia Civil e registro no CREA.\" data-balloon-pos=\"up\">ENGENHEIRO CIVIL<\/span><\/td>\r\n<td class=\"cvagas\">02<\/td>\r\n<td class=\"cremuneracao\">R$ 3.854,27 \/40h<\/td>\r\n<\/tr><tr>\r\n<td class=\"ccargos\">\r\n<span data-balloon-length=\"medium\" aria-label=\"Gradua\u00e7\u00e3o em Engenharia El\u00e9trica e registro no CREA.\" data-balloon-pos=\"up\">ENGENHEIRO EL\u00c9TRICO<\/span><\/td>\r\n<td class=\"cvagas\">01<\/td>\r\n<td class=\"cremuneracao\">R$ 3.854,27 \/40h<\/td>\r\n<\/tr><tr>\r\n<td class=\"ccargos\">\r\n<span data-balloon-length=\"medium\" aria-label=\"Ensino Superior Completo.\" data-balloon-pos=\"up\">FISCAL DE MEIO AMBIENTE<\/span><\/td>\r\n<td class=\"cvagas\">02<\/td>\r\n<td class=\"cremuneracao\">R$ 5.483,66 \/40h<\/td>\r\n<\/tr><tr>\r\n<td class=\"ccargos\">\r\n<span data-balloon-length=\"medium\" aria-label=\"Ensino Superior Completo.\" data-balloon-pos=\"up\">FISCAL DE POSTURAS<\/span><\/td>\r\n<td class=\"cvagas\">04<\/td>\r\n<td class=\"cremuneracao\">R$ 5.483,66 \/40h<\/td>\r\n<\/tr><tr>\r\n<td class=\"ccargos\">\r\n<span data-balloon-length=\"medium\" aria-label=\"Ensino Superior Completo.\" data-balloon-pos=\"up\">FISCAL DE RENDAS<\/span><\/td>\r\n<td class=\"cvagas\">01<\/td>\r\n<td class=\"cremuneracao\">R$ 9.438,03 \/40h<\/td>\r\n<\/tr><tr>\r\n<td class=\"ccargos\">\r\n<span data-balloon-length=\"medium\" aria-label=\"Gradua\u00e7\u00e3o em Medicina Veterin\u00e1ria e registro no CRMV.\" data-balloon-pos=\"up\">FISCAL SANIT\u00c1RIO - M\u00c9DICO VETERIN\u00c1RIO<\/span><\/td>\r\n<td class=\"cvagas\">01<\/td>\r\n<td class=\"cremuneracao\">R$ 5.483,66 \/20h<\/td>\r\n<\/tr><tr>\r\n<td class=\"ccargos\">\r\n<span data-balloon-length=\"medium\" aria-label=\"Ensino superior completo nas seguintes \u00e1reas espec\u00edficas: Forma\u00e7\u00e3o Farmac\u00eautico, Forma\u00e7\u00e3o Odontol\u00f3gica, Forma\u00e7\u00e3o Enfermagem, devidamente registrados nos respectivos conselhos quando couber.\" data-balloon-pos=\"up\">INSPETOR SANIT\u00c1RIO<\/span><\/td>\r\n<td class=\"cvagas\">03<\/td>\r\n<td class=\"cremuneracao\">R$ 3.900,00 \/20h<\/td>\r\n<\/tr><tr>\r\n<td class=\"ccargos\">\r\n<span data-balloon-length=\"medium\" aria-label=\"Gradua\u00e7\u00e3o em Nutri\u00e7\u00e3o e registro no CRN.\" data-balloon-pos=\"up\">NUTRICIONISTA<\/span><\/td>\r\n<td class=\"cvagas\">02<\/td>\r\n<td class=\"cremuneracao\">R$ 1.850,07 \/20h<\/td>\r\n<\/tr><tr>\r\n<td class=\"ccargos\">\r\n<span data-balloon-length=\"medium\" aria-label=\"Gradua\u00e7\u00e3o em Psicologia e registro no CRP.\" data-balloon-pos=\"up\">PSIC\u00d3LOGO<\/span><\/td>\r\n<td class=\"cvagas\">06<\/td>\r\n<td class=\"cremuneracao\">R$ 1.850,07 \/20h<\/td>\r\n<\/tr><tr>\r\n<td class=\"ccargos\">\r\n<span data-balloon-length=\"medium\" aria-label=\"Gradua\u00e7\u00e3o em Turismo.\" data-balloon-pos=\"up\">TURISM\u00d3LOGO<\/span><\/td>\r\n<td class=\"cvagas\">02<\/td>\r\n<td class=\"cremuneracao\">R$ 1.850,07 \/20h<\/td>\r\n<\/tr>\r\n    <\/tbody>\r\n  <\/table>\r\n<\/div>"},"_links":{"self":[{"href":"https:\/\/www.agrobase.com.br\/concursos\/wp-json\/wp\/v2\/posts\/276007","targetHints":{"allow":["GET"]}}],"collection":[{"href":"https:\/\/www.agrobase.com.br\/concursos\/wp-json\/wp\/v2\/posts"}],"about":[{"href":"https:\/\/www.agrobase.com.br\/concursos\/wp-json\/wp\/v2\/types\/post"}],"author":[{"embeddable":true,"href":"https:\/\/www.agrobase.com.br\/concursos\/wp-json\/wp\/v2\/users\/5229"}],"replies":[{"embeddable":true,"href":"https:\/\/www.agrobase.com.br\/concursos\/wp-json\/wp\/v2\/comments?post=276007"}],"version-history":[{"count":3,"href":"https:\/\/www.agrobase.com.br\/concursos\/wp-json\/wp\/v2\/posts\/276007\/revisions"}],"predecessor-version":[{"id":276042,"href":"https:\/\/www.agrobase.com.br\/concursos\/wp-json\/wp\/v2\/posts\/276007\/revisions\/276042"}],"wp:attachment":[{"href":"https:\/\/www.agrobase.com.br\/concursos\/wp-json\/wp\/v2\/media?parent=276007"}],"wp:term":[{"taxonomy":"category","embeddable":true,"href":"https:\/\/www.agrobase.com.br\/concursos\/wp-json\/wp\/v2\/categories?post=276007"},{"taxonomy":"post_tag","embeddable":true,"href":"https:\/\/www.agrobase.com.br\/concursos\/wp-json\/wp\/v2\/tags?post=276007"},{"taxonomy":"_amplo","embeddable":true,"href":"https:\/\/www.agrobase.com.br\/concursos\/wp-json\/wp\/v2\/_amplo?post=276007"},{"taxonomy":"destaque","embeddable":true,"href":"https:\/\/www.agrobase.com.br\/concursos\/wp-json\/wp\/v2\/destaque?post=276007"},{"taxonomy":"instituicoes","embeddable":true,"href":"https:\/\/www.agrobase.com.br\/concursos\/wp-json\/wp\/v2\/instituicoes?post=276007"}],"curies":[{"name":"wp","href":"https:\/\/api.w.org\/{rel}","templated":true}]}}