{"id":275999,"date":"2025-12-29T07:50:13","date_gmt":"2025-12-29T10:50:13","guid":{"rendered":"https:\/\/www.agrobase.com.br\/concursos\/?p=275999"},"modified":"2025-12-28T21:07:27","modified_gmt":"2025-12-29T00:07:27","slug":"ufrj-rj-concurso-1188-2025","status":"publish","type":"post","link":"https:\/\/www.agrobase.com.br\/concursos\/2025\/ufrj-rj-concurso-1188-2025\/","title":{"rendered":"UFRJ (RJ) &#8211; Concurso 1188\/2025"},"content":{"rendered":"<h2>Informa\u00e7\u00f5es Gerais<\/h2>\n<p>A <strong>Universidade Federal do Rio de Janeiro (UFRJ)<\/strong> publicou o edital de seu novo Concurso P\u00fablico, oferecendo uma excelente oportunidade para ingresso na carreira p\u00fablica federal. Sob organiza\u00e7\u00e3o do <strong>Instituto Selecon<\/strong>, o certame visa o provimento de <strong>248 vagas imediatas<\/strong> para cargos efetivos da carreira de T\u00e9cnico-Administrativo em Educa\u00e7\u00e3o, abrangendo os n\u00edveis m\u00e9dio\/t\u00e9cnico (Classifica\u00e7\u00e3o D) e superior (Classifica\u00e7\u00e3o E).<\/p>\n<p>O concurso oferece remunera\u00e7\u00f5es atrativas que variam de <strong>R$ 4.688,90 a R$ 6.626,04<\/strong>, al\u00e9m da estabilidade garantida pelo regime estatut\u00e1rio (Lei n\u00ba 8.112\/90). As oportunidades s\u00e3o distribu\u00eddas entre diversos <em>campi<\/em> e unidades da institui\u00e7\u00e3o.<\/p>\n<p>Entre os destaques, h\u00e1 vagas para \u00e1reas estrat\u00e9gicas e de grande interesse, incluindo <strong>Biologia<\/strong>, <strong>Qu\u00edmica<\/strong>, <strong>Nutri\u00e7\u00e3o<\/strong> e <strong>Engenharias<\/strong> (Civil, El\u00e9trica, Mec\u00e2nica, Seguran\u00e7a do Trabalho e Telecomunica\u00e7\u00f5es), al\u00e9m de cargos na \u00e1rea da sa\u00fade e administrativa. Se voc\u00ea busca estabilidade e crescimento profissional em uma das maiores universidades do pa\u00eds, confira os detalhes a seguir.<\/p>\n<h2>Inscri\u00e7\u00f5es<\/h2>\n<p>As inscri\u00e7\u00f5es para o concurso da UFRJ ser\u00e3o realizadas exclusivamente pela internet, atrav\u00e9s do site do organizador, o <strong>Instituto Selecon<\/strong>. O per\u00edodo para cadastro inicia-se \u00e0s 10h do dia <strong>12 de dezembro de 2025<\/strong> e segue aberto at\u00e9 \u00e0s 23h59 do dia <strong>25 de janeiro de 2026<\/strong>.<\/p>\n<p>Para confirmar a participa\u00e7\u00e3o, o candidato deve gerar o boleto banc\u00e1rio na \u00e1rea do candidato e efetuar o pagamento da taxa de inscri\u00e7\u00e3o. Os valores foram definidos conforme o n\u00edvel de escolaridade do cargo:<\/p>\n<ul>\n<li><strong>N\u00edvel M\u00e9dio\/T\u00e9cnico (Classifica\u00e7\u00e3o D):<\/strong> R$ 90,00<\/li>\n<li><strong>N\u00edvel Superior (Classifica\u00e7\u00e3o E):<\/strong> R$ 130,00<\/li>\n<\/ul>\n<p>\u00c9 fundamental que o candidato esteja atento \u00e0s regras de isen\u00e7\u00e3o da taxa, caso se enquadre nos crit\u00e9rios legais, e aos prazos para pagamento do boleto, que n\u00e3o deve ser agendado para data posterior ao vencimento. Recomendamos a leitura atenta do edital completo para conferir todos os requisitos e procedimentos detalhados.<\/p>\n<h2>Etapas e Provas<\/h2>\n<p>O processo seletivo ser\u00e1 composto por etapas distintas, variando conforme o cargo pretendido. Todos os candidatos ser\u00e3o avaliados por meio de provas te\u00f3ricas, que exigir\u00e3o conhecimentos gerais e espec\u00edficos. As etapas s\u00e3o:<\/p>\n<ul>\n<li><strong>Prova Objetiva:<\/strong> De car\u00e1ter eliminat\u00f3rio e classificat\u00f3rio, aplic\u00e1vel a <strong>todos os cargos<\/strong>. Ser\u00e1 composta por quest\u00f5es de m\u00faltipla escolha com 5 op\u00e7\u00f5es de resposta.<\/li>\n<li><strong>Prova Discursiva:<\/strong> De car\u00e1ter eliminat\u00f3rio e classificat\u00f3rio, tamb\u00e9m para <strong>todos os cargos<\/strong>. Consistir\u00e1 na elabora\u00e7\u00e3o de textos dissertativos e\/ou descritivos (m\u00ednimo de 3 e m\u00e1ximo de 20 linhas por quest\u00e3o), avaliando conte\u00fado e modalidade escrita.<\/li>\n<li><strong>Prova Pr\u00e1tica:<\/strong> Exclusiva para os cargos de <strong>T\u00e9cnico de Laborat\u00f3rio<\/strong> (todas as \u00e1reas de atua\u00e7\u00e3o), de car\u00e1ter eliminat\u00f3rio e classificat\u00f3rio.<\/li>\n<\/ul>\n<p>As provas objetivas e discursivas est\u00e3o previstas para serem aplicadas em datas distintas conforme o n\u00edvel de escolaridade:<\/p>\n<ul>\n<li><strong>N\u00edvel Superior:<\/strong> 01 de mar\u00e7o de 2026 (manh\u00e3).<\/li>\n<li><strong>N\u00edvel M\u00e9dio:<\/strong> 08 de mar\u00e7o de 2026 (manh\u00e3).<\/li>\n<\/ul>\n<p>A Prova Pr\u00e1tica para os T\u00e9cnicos de Laborat\u00f3rio est\u00e1 prevista para 31 de maio de 2026. Consulte o edital para verificar o conte\u00fado program\u00e1tico detalhado e os crit\u00e9rios de pontua\u00e7\u00e3o.<\/p>\n<h2>Resultados e Gabarito<\/h2>\n<p>A divulga\u00e7\u00e3o dos gabaritos e resultados seguir\u00e1 um cronograma espec\u00edfico dispon\u00edvel no site do Instituto Selecon. Os gabaritos preliminares das provas objetivas ser\u00e3o publicados no dia seguinte \u00e0 aplica\u00e7\u00e3o das provas (02\/03\/2026 para n\u00edvel superior e 09\/03\/2026 para n\u00edvel m\u00e9dio).<\/p>\n<p>A classifica\u00e7\u00e3o final ser\u00e1 determinada pelo somat\u00f3rio das notas obtidas nas etapas (Objetiva + Discursiva + Pr\u00e1tica, quando houver). Em caso de empate, ser\u00e3o aplicados crit\u00e9rios como idade igual ou superior a 60 anos, maiores notas na prova objetiva, discursiva e conhecimentos espec\u00edficos, entre outros definidos em edital.<\/p>\n<p>A homologa\u00e7\u00e3o do resultado final est\u00e1 prevista para ser publicada no Di\u00e1rio Oficial da Uni\u00e3o em <strong>24 de junho de 2026<\/strong>. Ap\u00f3s esta data, inicia-se a validade do concurso, que ser\u00e1 de dois anos, prorrog\u00e1vel por igual per\u00edodo.<\/p>\n<p>\u00c9 de inteira responsabilidade do candidato acompanhar as publica\u00e7\u00f5es oficiais, convoca\u00e7\u00f5es e eventuais retifica\u00e7\u00f5es diretamente na p\u00e1gina da banca organizadora e no Di\u00e1rio Oficial.<\/p>\n","protected":false},"excerpt":{"rendered":"<p>Concurso UFRJ (RJ) com edital publicado! 248 vagas p\/ Assistente e Analista (M\u00e9dio\/T\u00e9c. e Sup.). Inscri\u00e7\u00f5es a partir de 12\/12. Sal\u00e1rios at\u00e9 R$6.6k. Confira!<\/p>\n","protected":false},"author":5229,"featured_media":275998,"comment_status":"open","ping_status":"open","sticky":false,"template":"","format":"standard","meta":{"_acf_changed":false,"_breakdance_hide_in_design_set":false,"_breakdance_tags":"","footnotes":""},"categories":[3,126,11,14,151,103,104,152,19,20,21,23,26,27,101,128,150,130,159],"tags":[56],"_amplo":[],"destaque":[],"instituicoes":[],"class_list":["post-275999","post","type-post","status-publish","format-standard","has-post-thumbnail","hentry","category-administracao","category-ciencia-computacao","category-educacao-fisica","category-engenharia","category-engenharia-computacao","category-engenharia-eletrica","category-engenharia-mecanica","category-engenharia-seguranca-trabalho","category-fonoaudiologia","category-letras","category-medicina","category-nutricao","category-psicologia","category-quimica","category-servico-social","category-tecnico-em-contabilidade","category-tecnico-eletronica","category-tecnico-informatica","category-tecnologia-da-informacao","tag-rio-de-janeiro"],"acf":{"_tipo_vagas":"vagas","_numero_vagas":"","_quadro_vagas":"","_cargos":"diversos","_cargos_especificos":"","_salario_max":"R$ 6626.04","_abertura":"20251212","_encerramento":"20260126","_inscricoes":"https:\/\/selecon.org.br","_executora_concurso":"","_instituicao_concurso":[],"_link_adicional":null,"_anexos":null,"_produtos":null,"_vagas":"248 vagas","_salario_min":"R$ 4688.9","_instituicao":"UFRJ","_edital":"https:\/\/www.agrobase.com.br\/concursos\/wp-content\/uploads\/sites\/4\/2025\/12\/edital-1188-2025-ufrj-rj.pdf","_anexos_edital":"","_fund_incompleto":"","_fund_completo":"","_medio":"<div>\r\n<table class=\"quadro\">\r\n<thead>\r\n<tr>\r\n<th class=\"hcargo\">Cargo<\/th>\r\n<th class=\"hvagas\">Vagas<\/th>\r\n<th class=\"hremuneracao\">Remunera\u00e7\u00e3o<\/th>\r\n<\/tr>\r\n<\/thead>\r\n    <tbody>\r\n      <td class=\"ccargos\">\r\n<span data-balloon-length=\"medium\" aria-label=\"Ensino M\u00e9dio Completo\" data-balloon-pos=\"up\">Assistente em Administra\u00e7\u00e3o<\/span><\/td>\r\n<td class=\"cvagas\">100<\/td>\r\n<td class=\"cremuneracao\">R$ 4.688,90 \/40h<\/td>\r\n<\/tr><td class=\"ccargos\">\r\n<span data-balloon-length=\"medium\" aria-label=\"Ensino M\u00e9dio Completo\" data-balloon-pos=\"up\">T\u00e9cnico de Laborat\u00f3rio - Alimentos<\/span><\/td>\r\n<td class=\"cvagas\">01<\/td>\r\n<td class=\"cremuneracao\">R$ 4.688,90 \/40h<\/td>\r\n<\/tr><td class=\"ccargos\">\r\n<span data-balloon-length=\"medium\" aria-label=\"Ensino M\u00e9dio Completo\" data-balloon-pos=\"up\">T\u00e9cnico de Laborat\u00f3rio - An\u00e1lises Cl\u00ednicas<\/span><\/td>\r\n<td class=\"cvagas\">02<\/td>\r\n<td class=\"cremuneracao\">R$ 4.688,90 \/40h<\/td>\r\n<\/tr><td class=\"ccargos\">\r\n<span data-balloon-length=\"medium\" aria-label=\"Ensino M\u00e9dio Completo\" data-balloon-pos=\"up\">T\u00e9cnico de Laborat\u00f3rio - Biologia<\/span><\/td>\r\n<td class=\"cvagas\">02<\/td>\r\n<td class=\"cremuneracao\">R$ 4.688,90 \/40h<\/td>\r\n<\/tr><td class=\"ccargos\">\r\n<span data-balloon-length=\"medium\" aria-label=\"Ensino M\u00e9dio Completo\" data-balloon-pos=\"up\">T\u00e9cnico de Laborat\u00f3rio - Biot\u00e9rio<\/span><\/td>\r\n<td class=\"cvagas\">01<\/td>\r\n<td class=\"cremuneracao\">R$ 4.688,90 \/40h<\/td>\r\n<\/tr><td class=\"ccargos\">\r\n<span data-balloon-length=\"medium\" aria-label=\"Ensino M\u00e9dio Completo\" data-balloon-pos=\"up\">T\u00e9cnico de Laborat\u00f3rio - Cole\u00e7\u00f5es Geopaleontol\u00f3gicas<\/span><\/td>\r\n<td class=\"cvagas\">01<\/td>\r\n<td class=\"cremuneracao\">R$ 4.688,90 \/40h<\/td>\r\n<\/tr><td class=\"ccargos\">\r\n<span data-balloon-length=\"medium\" aria-label=\"Ensino M\u00e9dio Completo\" data-balloon-pos=\"up\">T\u00e9cnico de Laborat\u00f3rio - Cole\u00e7\u00f5es Zool\u00f3gicas<\/span><\/td>\r\n<td class=\"cvagas\">01<\/td>\r\n<td class=\"cremuneracao\">R$ 4.688,90 \/40h<\/td>\r\n<\/tr><td class=\"ccargos\">\r\n<span data-balloon-length=\"medium\" aria-label=\"Ensino M\u00e9dio Completo\" data-balloon-pos=\"up\">T\u00e9cnico de Laborat\u00f3rio - Qu\u00edmica<\/span><\/td>\r\n<td class=\"cvagas\">04<\/td>\r\n<td class=\"cremuneracao\">R$ 4.688,90 \/40h<\/td>\r\n<\/tr><td class=\"ccargos\">\r\n<span data-balloon-length=\"medium\" aria-label=\"Curso M\u00e9dio Profissionalizante na \u00e1rea de Inform\u00e1tica, Tecnologia da Informa\u00e7\u00e3o ou Eletr\u00f4nica com \u00eanfase em Sistemas Computacionais ou M\u00e9dio completo + curso T\u00e9cnico na \u00e1rea de Inform\u00e1tica, Tecnologia da Informa\u00e7\u00e3o ou Eletr\u00f4nica com \u00eanfase em Sistemas Computacionais\" data-balloon-pos=\"up\">T\u00e9cnico de Tecnologia da Informa\u00e7\u00e3o - Sistemas<\/span><\/td>\r\n<td class=\"cvagas\">10<\/td>\r\n<td class=\"cremuneracao\">R$ 4.688,90 \/40h<\/td>\r\n<\/tr><td class=\"ccargos\">\r\n<span data-balloon-length=\"medium\" aria-label=\"Curso M\u00e9dio Profissionalizante na \u00e1rea de Inform\u00e1tica, Tecnologia da Informa\u00e7\u00e3o ou Eletr\u00f4nica com \u00eanfase em Sistemas Computacionais ou M\u00e9dio completo + curso T\u00e9cnico na \u00e1rea de Inform\u00e1tica, Tecnologia da Informa\u00e7\u00e3o ou Eletr\u00f4nica com \u00eanfase em Sistemas Computacionais\" data-balloon-pos=\"up\">T\u00e9cnico de Tecnologia da Informa\u00e7\u00e3o - Redes<\/span><\/td>\r\n<td class=\"cvagas\">10<\/td>\r\n<td class=\"cremuneracao\">R$ 4.688,90 \/40h<\/td>\r\n<\/tr><td class=\"ccargos\">\r\n<span data-balloon-length=\"medium\" aria-label=\"T\u00e9cnico na \u00e1rea de Inform\u00e1tica, Tecnologia da Informa\u00e7\u00e3o ou Eletr\u00f4nica com \u00eanfase em Sistemas Computacionais ou Curso M\u00e9dio Profissionalizante na \u00e1rea de Inform\u00e1tica, Tecnologia da Informa\u00e7\u00e3o ou Eletr\u00f4nica com \u00eanfase em Sistemas Computacionais ou M\u00e9dio completo + curso T\u00e9cnico na \u00e1rea de Inform\u00e1tica, Tecnologia da Informa\u00e7\u00e3o ou Eletr\u00f4nica com \u00eanfase em Sistemas Computacionais\" data-balloon-pos=\"up\">T\u00e9cnico de Tecnologia da Informa\u00e7\u00e3o - Suporte e Infraestrutura<\/span><\/td>\r\n<td class=\"cvagas\">11<\/td>\r\n<td class=\"cremuneracao\">R$ 4.688,90 \/40h<\/td>\r\n<\/tr><td class=\"ccargos\">\r\n<span data-balloon-length=\"medium\" aria-label=\"Curso M\u00e9dio Profissionalizante em Contabilidade ou M\u00e9dio completo + curso T\u00e9cnico em Contabilidade acrescidos de registro no \u00f3rg\u00e3o regulador da profiss\u00e3o\" data-balloon-pos=\"up\">T\u00e9cnico em Contabilidade<\/span><\/td>\r\n<td class=\"cvagas\">09<\/td>\r\n<td class=\"cremuneracao\">R$ 4.688,90 \/40h<\/td>\r\n<\/tr>\r\n    <\/tbody>\r\n  <\/table>\r\n<\/div>","_superior":"<div>\r\n<table class=\"quadro\">\r\n<thead>\r\n<tr>\r\n<th class=\"hcargo\">Cargo<\/th>\r\n<th class=\"hvagas\">Vagas<\/th>\r\n<th class=\"hremuneracao\">Remunera\u00e7\u00e3o<\/th>\r\n<\/tr>\r\n<\/thead>\r\n    <tbody>\r\n      <tr>\r\n<td class=\"ccargos\">\r\n<span data-balloon-length=\"medium\" aria-label=\"Curso Superior em Administra\u00e7\u00e3o, Administra\u00e7\u00e3o P\u00fablica ou Gest\u00e3o P\u00fablica e registro no \u00f3rg\u00e3o regulador da profiss\u00e3o\" data-balloon-pos=\"up\">Administrador<\/span><\/td>\r\n<td class=\"cvagas\">06<\/td>\r\n<td class=\"cremuneracao\">R$ 6.626,04 \/40h<\/td>\r\n<\/tr><tr>\r\n<td class=\"ccargos\">\r\n<span data-balloon-length=\"medium\" aria-label=\"Curso Superior na \u00e1rea de Inform\u00e1tica\" data-balloon-pos=\"up\">Analista de Tecnologia da Informa\u00e7\u00e3o - Sistemas<\/span><\/td>\r\n<td class=\"cvagas\">11<\/td>\r\n<td class=\"cremuneracao\">R$ 6.626,04 \/40h<\/td>\r\n<\/tr><tr>\r\n<td class=\"ccargos\">\r\n<span data-balloon-length=\"medium\" aria-label=\"Curso Superior na \u00e1rea de Inform\u00e1tica\" data-balloon-pos=\"up\">Analista de Tecnologia da Informa\u00e7\u00e3o - Redes<\/span><\/td>\r\n<td class=\"cvagas\">11<\/td>\r\n<td class=\"cremuneracao\">R$ 6.626,04 \/40h<\/td>\r\n<\/tr><tr>\r\n<td class=\"ccargos\">\r\n<span data-balloon-length=\"medium\" aria-label=\"Curso Superior na \u00e1rea de Inform\u00e1tica\" data-balloon-pos=\"up\">Analista de Tecnologia da Informa\u00e7\u00e3o - Suporte e Infraestrutura<\/span><\/td>\r\n<td class=\"cvagas\">11<\/td>\r\n<td class=\"cremuneracao\">R$ 6.626,04 \/40h<\/td>\r\n<\/tr><tr>\r\n<td class=\"ccargos\">\r\n<span data-balloon-length=\"medium\" aria-label=\"Curso Superior em Servi\u00e7o Social e registro no \u00f3rg\u00e3o regulador da profiss\u00e3o\" data-balloon-pos=\"up\">Assistente Social<\/span><\/td>\r\n<td class=\"cvagas\">01<\/td>\r\n<td class=\"cremuneracao\">R$ 6.626,04 \/40h<\/td>\r\n<\/tr><tr>\r\n<td class=\"ccargos\">\r\n<span data-balloon-length=\"medium\" aria-label=\"Curso Superior em Engenharia Civil e registro no \u00f3rg\u00e3o regulador da profiss\u00e3o\" data-balloon-pos=\"up\">Engenheiro - Civil<\/span><\/td>\r\n<td class=\"cvagas\">06<\/td>\r\n<td class=\"cremuneracao\">R$ 6.626,04 \/40h<\/td>\r\n<\/tr><tr>\r\n<td class=\"ccargos\">\r\n<span data-balloon-length=\"medium\" aria-label=\"Curso Superior em Engenharia El\u00e9trica e registro no \u00f3rg\u00e3o regulador da profiss\u00e3o\" data-balloon-pos=\"up\">Engenheiro - El\u00e9trico<\/span><\/td>\r\n<td class=\"cvagas\">06<\/td>\r\n<td class=\"cremuneracao\">R$ 6.626,04 \/40h<\/td>\r\n<\/tr><tr>\r\n<td class=\"ccargos\">\r\n<span data-balloon-length=\"medium\" aria-label=\"Curso Superior em Engenharia Mec\u00e2nica e registro no \u00f3rg\u00e3o regulador da profiss\u00e3o\" data-balloon-pos=\"up\">Engenheiro - Mec\u00e2nico<\/span><\/td>\r\n<td class=\"cvagas\">01<\/td>\r\n<td class=\"cremuneracao\">R$ 6.626,04 \/40h<\/td>\r\n<\/tr><tr>\r\n<td class=\"ccargos\">\r\n<span data-balloon-length=\"medium\" aria-label=\"Curso Superior em Engenharia de Telecomunica\u00e7\u00f5es e registro no \u00f3rg\u00e3o regulador da profiss\u00e3o\" data-balloon-pos=\"up\">Engenheiro - Telecomunica\u00e7\u00f5es<\/span><\/td>\r\n<td class=\"cvagas\">01<\/td>\r\n<td class=\"cremuneracao\">R$ 6.626,04 \/40h<\/td>\r\n<\/tr><tr>\r\n<td class=\"ccargos\">\r\n<span data-balloon-length=\"medium\" aria-label=\"Curso Superior em Engenharia e registro no \u00f3rg\u00e3o regulador da profiss\u00e3o, acrescido de certificado de conclus\u00e3o de curso de Especializa\u00e7\u00e3o em Seguran\u00e7a do Trabalho\" data-balloon-pos=\"up\">Engenheiro de Seguran\u00e7a do Trabalho<\/span><\/td>\r\n<td class=\"cvagas\">05<\/td>\r\n<td class=\"cremuneracao\">R$ 6.626,04 \/40h<\/td>\r\n<\/tr><tr>\r\n<td class=\"ccargos\">\r\n<span data-balloon-length=\"medium\" aria-label=\"Curso Superior em Fonoaudiologia e registro no \u00f3rg\u00e3o regulador da profiss\u00e3o, acrescido de a) Resid\u00eancia M\u00e9dica em Fonoaudiologia ou b) T\u00edtulo de Especialista em Fonoaudiologia concedido pelo Conselho Federal de Fonoaudiologia\" data-balloon-pos=\"up\">Fonoaudi\u00f3logo<\/span><\/td>\r\n<td class=\"cvagas\">01<\/td>\r\n<td class=\"cremuneracao\">R$ 6.626,04 \/30h<\/td>\r\n<\/tr><tr>\r\n<td class=\"ccargos\">\r\n<span data-balloon-length=\"medium\" aria-label=\"Curso Superior em Medicina e registro no Conselho Regional de Medicina, acrescido de a) Resid\u00eancia M\u00e9dica em Cl\u00ednica M\u00e9dica ou b) T\u00edtulo de Especialista em Cl\u00ednica M\u00e9dica concedido pela Sociedade Brasileira de Cl\u00ednica M\u00e9dica ou Associa\u00e7\u00e3o M\u00e9dica Brasileira\" data-balloon-pos=\"up\">M\u00e9dico - Cl\u00ednica M\u00e9dica<\/span><\/td>\r\n<td class=\"cvagas\">05<\/td>\r\n<td class=\"cremuneracao\">R$ 6.626,04 \/20h<\/td>\r\n<\/tr><tr>\r\n<td class=\"ccargos\">\r\n<span data-balloon-length=\"medium\" aria-label=\"Curso Superior em Medicina e registro no \u00f3rg\u00e3o regulador da profiss\u00e3o, acrescido de a) Resid\u00eancia M\u00e9dica em Medicina do Trabalho ou b) T\u00edtulo de Especialista em Medicina do Trabalho concedido pela Associa\u00e7\u00e3o Nacional de Medicina do Trabalho ou Associa\u00e7\u00e3o M\u00e9dica Brasileira\" data-balloon-pos=\"up\">M\u00e9dico - Medicina do Trabalho<\/span><\/td>\r\n<td class=\"cvagas\">02<\/td>\r\n<td class=\"cremuneracao\">R$ 6.626,04 \/20h<\/td>\r\n<\/tr><tr>\r\n<td class=\"ccargos\">\r\n<span data-balloon-length=\"medium\" aria-label=\"Curso Superior em Medicina e registro no Conselho Regional de Medicina, acrescido de a) Resid\u00eancia M\u00e9dica em Infectologia ou b) T\u00edtulo de Especialista em Infectologia concedido pela Sociedade Brasileira de Infectologia ou Associa\u00e7\u00e3o M\u00e9dica Brasileira\" data-balloon-pos=\"up\">M\u00e9dico - Infectologia\/Medicina de Viagem<\/span><\/td>\r\n<td class=\"cvagas\">02<\/td>\r\n<td class=\"cremuneracao\">R$ 6.626,04 \/20h<\/td>\r\n<\/tr><tr>\r\n<td class=\"ccargos\">\r\n<span data-balloon-length=\"medium\" aria-label=\"Curso Superior em Medicina e registro no \u00f3rg\u00e3o regulador da profiss\u00e3o, acrescido de a) Resid\u00eancia M\u00e9dica em Ortopedia e Traumatologia ou b) T\u00edtulo de Especialista em Ortopedia e Traumatologia concedido pela Sociedade Brasileira de Ortopedia e Traumatologia ou Associa\u00e7\u00e3o M\u00e9dica Brasileira\" data-balloon-pos=\"up\">M\u00e9dico - Ortopedia Traumatologia<\/span><\/td>\r\n<td class=\"cvagas\">01<\/td>\r\n<td class=\"cremuneracao\">R$ 6.626,04 \/20h<\/td>\r\n<\/tr><tr>\r\n<td class=\"ccargos\">\r\n<span data-balloon-length=\"medium\" aria-label=\"Curso Superior em Medicina e registro no \u00f3rg\u00e3o regulador da profiss\u00e3o, acrescido de a) Resid\u00eancia M\u00e9dica em Patologia ou b) T\u00edtulo de Especialista em Patologia concedido pela Sociedade Brasileira de Patologia ou Associa\u00e7\u00e3o M\u00e9dica Brasileira\" data-balloon-pos=\"up\">M\u00e9dico - Patologia<\/span><\/td>\r\n<td class=\"cvagas\">01<\/td>\r\n<td class=\"cremuneracao\">R$ 6.626,04 \/20h<\/td>\r\n<\/tr><tr>\r\n<td class=\"ccargos\">\r\n<span data-balloon-length=\"medium\" aria-label=\"Curso Superior em Medicina e registro no \u00f3rg\u00e3o regulador da profiss\u00e3o, acrescido de a) Resid\u00eancia M\u00e9dica em Psiquiatria ou b) T\u00edtulo de Especialista em Psiquiatria concedido pela Sociedade Brasileira de Psiquiatria ou Associa\u00e7\u00e3o M\u00e9dica Brasileira\" data-balloon-pos=\"up\">M\u00e9dico - Psiquiatra<\/span><\/td>\r\n<td class=\"cvagas\">02<\/td>\r\n<td class=\"cremuneracao\">R$ 6.626,04 \/20h<\/td>\r\n<\/tr><tr>\r\n<td class=\"ccargos\">\r\n<span data-balloon-length=\"medium\" aria-label=\"Curso Superior em Medicina e registro no \u00f3rg\u00e3o regulador da profiss\u00e3o, acrescido de a) Resid\u00eancia M\u00e9dica em Medicina Preventiva e Social ou b) T\u00edtulo de Especialista em Medicina Preventiva e Social concedido pela Associa\u00e7\u00e3o Brasileira de Medicina Preventiva e Administra\u00e7\u00e3o em Sa\u00fade ou Associa\u00e7\u00e3o M\u00e9dica Brasileira ou c) T\u00edtulo de Mestrado em Sa\u00fade Coletiva ou Sa\u00fade P\u00fablica\" data-balloon-pos=\"up\">M\u00e9dico - Sanitarista<\/span><\/td>\r\n<td class=\"cvagas\">01<\/td>\r\n<td class=\"cremuneracao\">R$ 6.626,04 \/20h<\/td>\r\n<\/tr><tr>\r\n<td class=\"ccargos\">\r\n<span data-balloon-length=\"medium\" aria-label=\"Curso Superior em Medicina e registro no \u00f3rg\u00e3o regulador da profiss\u00e3o, acrescido de a) Resid\u00eancia M\u00e9dica em Urologia ou b) T\u00edtulo de Especialista em Urologia concedido pela Sociedade Brasileira de Urologia ou Associa\u00e7\u00e3o M\u00e9dica Brasileira\" data-balloon-pos=\"up\">M\u00e9dico - Urologia<\/span><\/td>\r\n<td class=\"cvagas\">01<\/td>\r\n<td class=\"cremuneracao\">R$ 6.626,04 \/20h<\/td>\r\n<\/tr><tr>\r\n<td class=\"ccargos\">\r\n<span data-balloon-length=\"medium\" aria-label=\"Curso Superior em Nutri\u00e7\u00e3o e registro no \u00f3rg\u00e3o regulador da profiss\u00e3o\" data-balloon-pos=\"up\">Nutricionista - Geral<\/span><\/td>\r\n<td class=\"cvagas\">02<\/td>\r\n<td class=\"cremuneracao\">R$ 6.626,04 \/40h<\/td>\r\n<\/tr><tr>\r\n<td class=\"ccargos\">\r\n<span data-balloon-length=\"medium\" aria-label=\"Curso Superior em Psicologia e registro no \u00f3rg\u00e3o regulador da profiss\u00e3o, acrescido de certificado de conclus\u00e3o de curso de Especializa\u00e7\u00e3o em Psicologia Educacional ou Psicologia Escolar e Educacional, com carga hor\u00e1ria m\u00ednima de 360h\" data-balloon-pos=\"up\">Psic\u00f3logo - Educacional<\/span><\/td>\r\n<td class=\"cvagas\">01<\/td>\r\n<td class=\"cremuneracao\">R$ 6.626,04 \/40h<\/td>\r\n<\/tr><tr>\r\n<td class=\"ccargos\">\r\n<span data-balloon-length=\"medium\" aria-label=\"Curso Superior em Psicologia e registro no \u00f3rg\u00e3o regulador da profiss\u00e3o\" data-balloon-pos=\"up\">Psic\u00f3logo - Geral<\/span><\/td>\r\n<td class=\"cvagas\">01<\/td>\r\n<td class=\"cremuneracao\">R$ 6.626,04 \/40h<\/td>\r\n<\/tr><tr>\r\n<td class=\"ccargos\">\r\n<span data-balloon-length=\"medium\" aria-label=\"Curso Superior em Qu\u00edmica e registro no \u00f3rg\u00e3o regulador da profiss\u00e3o\" data-balloon-pos=\"up\">Qu\u00edmico<\/span><\/td>\r\n<td class=\"cvagas\">06<\/td>\r\n<td class=\"cremuneracao\">R$ 6.626,04 \/40h<\/td>\r\n<\/tr><tr>\r\n<td class=\"ccargos\">\r\n<span data-balloon-length=\"medium\" aria-label=\"Curso Superior em Educa\u00e7\u00e3o F\u00edsica e registro no Conselho Regional de Educa\u00e7\u00e3o F\u00edsica\" data-balloon-pos=\"up\">T\u00e9cnico Desportivo<\/span><\/td>\r\n<td class=\"cvagas\">03<\/td>\r\n<td class=\"cremuneracao\">R$ 6.626,04 \/40h<\/td>\r\n<\/tr><tr>\r\n<td class=\"ccargos\">\r\n<span data-balloon-length=\"medium\" aria-label=\"Curso Superior em Letras-Libras e registro no \u00f3rg\u00e3o regulador da profiss\u00e3o ou Curso Superior em qualquer \u00e1rea e registro no \u00f3rg\u00e3o regulador da profiss\u00e3o acrescido de Certificado de conclus\u00e3o de curso de Especializa\u00e7\u00e3o em Tradutor e Int\u00e9rprete de Libras com carga hor\u00e1ria m\u00ednima de 500h\" data-balloon-pos=\"up\">Tecn\u00f3logo - Tradutor e Int\u00e9rprete de Libras<\/span><\/td>\r\n<td class=\"cvagas\">03<\/td>\r\n<td class=\"cremuneracao\">R$ 6.626,04 \/40h<\/td>\r\n<\/tr>\r\n    <\/tbody>\r\n  <\/table>\r\n<\/div>"},"_links":{"self":[{"href":"https:\/\/www.agrobase.com.br\/concursos\/wp-json\/wp\/v2\/posts\/275999","targetHints":{"allow":["GET"]}}],"collection":[{"href":"https:\/\/www.agrobase.com.br\/concursos\/wp-json\/wp\/v2\/posts"}],"about":[{"href":"https:\/\/www.agrobase.com.br\/concursos\/wp-json\/wp\/v2\/types\/post"}],"author":[{"embeddable":true,"href":"https:\/\/www.agrobase.com.br\/concursos\/wp-json\/wp\/v2\/users\/5229"}],"replies":[{"embeddable":true,"href":"https:\/\/www.agrobase.com.br\/concursos\/wp-json\/wp\/v2\/comments?post=275999"}],"version-history":[{"count":2,"href":"https:\/\/www.agrobase.com.br\/concursos\/wp-json\/wp\/v2\/posts\/275999\/revisions"}],"predecessor-version":[{"id":276051,"href":"https:\/\/www.agrobase.com.br\/concursos\/wp-json\/wp\/v2\/posts\/275999\/revisions\/276051"}],"wp:featuredmedia":[{"embeddable":true,"href":"https:\/\/www.agrobase.com.br\/concursos\/wp-json\/wp\/v2\/media\/275998"}],"wp:attachment":[{"href":"https:\/\/www.agrobase.com.br\/concursos\/wp-json\/wp\/v2\/media?parent=275999"}],"wp:term":[{"taxonomy":"category","embeddable":true,"href":"https:\/\/www.agrobase.com.br\/concursos\/wp-json\/wp\/v2\/categories?post=275999"},{"taxonomy":"post_tag","embeddable":true,"href":"https:\/\/www.agrobase.com.br\/concursos\/wp-json\/wp\/v2\/tags?post=275999"},{"taxonomy":"_amplo","embeddable":true,"href":"https:\/\/www.agrobase.com.br\/concursos\/wp-json\/wp\/v2\/_amplo?post=275999"},{"taxonomy":"destaque","embeddable":true,"href":"https:\/\/www.agrobase.com.br\/concursos\/wp-json\/wp\/v2\/destaque?post=275999"},{"taxonomy":"instituicoes","embeddable":true,"href":"https:\/\/www.agrobase.com.br\/concursos\/wp-json\/wp\/v2\/instituicoes?post=275999"}],"curies":[{"name":"wp","href":"https:\/\/api.w.org\/{rel}","templated":true}]}}