{"id":275979,"date":"2025-12-29T07:45:28","date_gmt":"2025-12-29T10:45:28","guid":{"rendered":"https:\/\/www.agrobase.com.br\/concursos\/?p=275979"},"modified":"2025-12-28T21:06:50","modified_gmt":"2025-12-29T00:06:50","slug":"ufu-mg-selecao-simplificada-208-2025","status":"publish","type":"post","link":"https:\/\/www.agrobase.com.br\/concursos\/2025\/ufu-mg-selecao-simplificada-208-2025\/","title":{"rendered":"UFU (MG) &#8211; Sele\u00e7\u00e3o Simplificada 208\/2025"},"content":{"rendered":"<h2>Informa\u00e7\u00f5es Gerais<\/h2>\n<p>A <strong>Universidade Federal de Uberl\u00e2ndia (UFU)<\/strong> tornou p\u00fablico o edital n\u00ba 208\/2025, referente ao Processo Seletivo Simplificado destinado \u00e0 contrata\u00e7\u00e3o de Professores Substitutos. O certame visa ao preenchimento de vagas imediatas para atender a necessidades tempor\u00e1rias de excepcional interesse p\u00fablico, sob o regime da Lei n\u00ba 8.745\/1993.<\/p>\n<p>As oportunidades exigem <strong>n\u00edvel superior<\/strong> e contemplam diferentes Unidades Acad\u00eamicas. Destacam-se, neste edital, vagas estrat\u00e9gicas para profissionais graduados em <strong>Medicina Veterin\u00e1ria<\/strong> e <strong>Agronomia<\/strong>, al\u00e9m de oportunidades para as \u00e1reas de Medicina, Artes e Letras. Os contratos ter\u00e3o prazo inicial de at\u00e9 um ano, podendo ser prorrogados por igual per\u00edodo, a crit\u00e9rio da institui\u00e7\u00e3o.<\/p>\n<p>Se voc\u00ea busca uma oportunidade na doc\u00eancia do ensino superior federal, confira a seguir os detalhes sobre prazos, etapas de avalia\u00e7\u00e3o e requisitos.<\/p>\n<h2>Inscri\u00e7\u00f5es<\/h2>\n<p>As inscri\u00e7\u00f5es para o processo seletivo da UFU devem ser realizadas exclusivamente pela internet, atrav\u00e9s do <strong>Portal de Sele\u00e7\u00e3o<\/strong> da universidade. \u00c9 fundamental que o candidato leia atentamente o edital e preencha o formul\u00e1rio eletr\u00f4nico, incluindo o Question\u00e1rio Socioecon\u00f4mico-cultural.<\/p>\n<p>Para confirmar a participa\u00e7\u00e3o, \u00e9 necess\u00e1rio efetuar o pagamento da taxa de inscri\u00e7\u00e3o no valor de <strong>R$ 151,00<\/strong>. O boleto banc\u00e1rio deve ser quitado at\u00e9 o dia 16\/01\/2026. A institui\u00e7\u00e3o ressalta que n\u00e3o haver\u00e1 restitui\u00e7\u00e3o do valor, exceto em caso de cancelamento do certame.<\/p>\n<p>O candidato deve acompanhar a situa\u00e7\u00e3o de sua inscri\u00e7\u00e3o (deferimento) na \u00e1rea restrita do site oficial, sendo de sua inteira responsabilidade a verifica\u00e7\u00e3o dos dados e prazos. Recomendamos a leitura integral do edital para conferir as condi\u00e7\u00f5es espec\u00edficas de cada vaga.<\/p>\n<h2>Etapas e Provas<\/h2>\n<p>A sele\u00e7\u00e3o dos candidatos ser\u00e1 regida tanto pelo edital geral quanto por <strong>editais complementares<\/strong> espec\u00edficos para cada vaga, que definir\u00e3o o cronograma e a combina\u00e7\u00e3o exata das avalia\u00e7\u00f5es. O processo poder\u00e1 compreender as seguintes modalidades:<\/p>\n<ul>\n<li><strong>Prova Escrita:<\/strong> car\u00e1ter eliminat\u00f3rio e classificat\u00f3rio, podendo conter quest\u00f5es objetivas, discursivas ou disserta\u00e7\u00e3o.<\/li>\n<li><strong>Prova Did\u00e1tica:<\/strong> car\u00e1ter eliminat\u00f3rio e classificat\u00f3rio, consistindo em uma aula de 40 a 50 minutos sobre tema sorteado, seguida de argui\u00e7\u00e3o.<\/li>\n<li><strong>Prova Pr\u00e1tica:<\/strong> car\u00e1ter eliminat\u00f3rio e\/ou classificat\u00f3rio, destinada a avaliar habilidades t\u00e9cnicas espec\u00edficas da \u00e1rea.<\/li>\n<li><strong>Prova Oral ou Defesa de Projeto:<\/strong> car\u00e1ter eliminat\u00f3rio e\/ou classificat\u00f3rio, envolvendo argui\u00e7\u00e3o pela banca.<\/li>\n<li><strong>An\u00e1lise de T\u00edtulos:<\/strong> car\u00e1ter exclusivamente classificat\u00f3rio, avaliando a forma\u00e7\u00e3o acad\u00eamica e experi\u00eancia profissional.<\/li>\n<\/ul>\n<p>Para ser aprovado nas etapas eliminat\u00f3rias, o candidato deve obter nota m\u00ednima de <strong>70 pontos<\/strong> (em uma escala de 0 a 100). As provas poder\u00e3o ocorrer de forma presencial ou remota, conforme definido pela Unidade Acad\u00eamica. \u00c9 imprescind\u00edvel consultar o edital complementar da \u00e1rea desejada para detalhes sobre o conte\u00fado program\u00e1tico e datas de aplica\u00e7\u00e3o.<\/p>\n<h2>Resultados e Gabarito<\/h2>\n<p>A divulga\u00e7\u00e3o dos resultados preliminares e definitivos de cada fase ocorrer\u00e1 no endere\u00e7o eletr\u00f4nico oficial da sele\u00e7\u00e3o. Ap\u00f3s a realiza\u00e7\u00e3o de cada etapa, ser\u00e3o disponibilizados os espelhos de corre\u00e7\u00e3o e aberto o prazo de <strong>2 dias \u00fateis<\/strong> para interposi\u00e7\u00e3o de recursos.<\/p>\n<p>A classifica\u00e7\u00e3o final ser\u00e1 organizada em ordem decrescente da soma das notas obtidas, ponderadas pelos respectivos pesos. Em caso de empate, ter\u00e3o prefer\u00eancia candidatos com idade igual ou superior a 60 anos, seguidos daqueles com maior nota na prova de maior peso e, por fim, os de maior idade.<\/p>\n<p>O resultado final ser\u00e1 homologado pela Pr\u00f3-Reitoria de Gest\u00e3o de Pessoas e publicado no <strong>Di\u00e1rio Oficial da Uni\u00e3o<\/strong>. O acompanhamento de todas as publica\u00e7\u00f5es, convoca\u00e7\u00f5es e avisos no site da banca organizadora \u00e9 de responsabilidade exclusiva do candidato.<\/p>\n","protected":false},"excerpt":{"rendered":"<p>Proc. Seletivo UFU (MG) com edital publicado! Vagas p\/ Prof. Substituto (Superior). Inscri\u00e7\u00f5es a partir de 31\/12. Sal\u00e1rios at\u00e9 R$7.1k. Confira detalhes!<\/p>\n","protected":false},"author":5229,"featured_media":275978,"comment_status":"open","ping_status":"open","sticky":false,"template":"","format":"standard","meta":{"_acf_changed":false,"_breakdance_hide_in_design_set":false,"_breakdance_tags":"","footnotes":""},"categories":[4,140,20,21,22],"tags":[50],"_amplo":[],"destaque":[],"instituicoes":[],"class_list":["post-275979","post","type-post","status-publish","format-standard","has-post-thumbnail","hentry","category-agronomia","category-artes-plasticas","category-letras","category-medicina","category-veterinaria","tag-minas-gerais"],"acf":{"_tipo_vagas":"vagas","_numero_vagas":"","_quadro_vagas":"","_cargos":"diversos","_cargos_especificos":"","_salario_max":"R$ 7124.07","_abertura":"20251231","_encerramento":"20260115","_inscricoes":"https:\/\/www.portalselecao.ufu.br","_executora_concurso":"","_instituicao_concurso":[],"_link_adicional":null,"_anexos":null,"_produtos":null,"_vagas":"05 vagas","_salario_min":"R$ 5501.6","_instituicao":"UFU","_edital":"https:\/\/www.agrobase.com.br\/concursos\/wp-content\/uploads\/sites\/4\/2025\/12\/edital-208-2025-ufu-mg.pdf","_anexos_edital":"","_fund_incompleto":"","_fund_completo":"","_medio":"","_superior":"<div>\r\n<table class=\"quadro\">\r\n<thead>\r\n<tr>\r\n<th class=\"hcargo\">Cargo<\/th>\r\n<th class=\"hvagas\">Vagas<\/th>\r\n<th class=\"hremuneracao\">Remunera\u00e7\u00e3o<\/th>\r\n<\/tr>\r\n<\/thead>\r\n    <tbody>\r\n      <tr>\r\n<td class=\"ccargos\">\r\n<span data-balloon-length=\"medium\" aria-label=\"Gradua\u00e7\u00e3o em Medicina Veterin\u00e1ria\" data-balloon-pos=\"up\">Professor Substituto - Medicina Veterin\u00e1ria \/ Medicina Veterin\u00e1ria Preventiva<\/span><\/td>\r\n<td class=\"cvagas\">01<\/td>\r\n<td class=\"cremuneracao\">R$ 5.501,60 \/40h<\/td>\r\n<\/tr><tr>\r\n<td class=\"ccargos\">\r\n<span data-balloon-length=\"medium\" aria-label=\"Gradua\u00e7\u00e3o em Medicina, com Resid\u00eancia M\u00e9dica em Cirurgia Geral reconhecida pela Comiss\u00e3o Nacional de Resid\u00eancia M\u00e9dica (CNRM) ou T\u00edtulo de Especialista em Cirurgia Geral reconhecido pela Associa\u00e7\u00e3o M\u00e9dica Brasileira (AMB) ou pelo Col\u00e9gio Brasileiro de Cirurgi\u00f5es (CBC)\" data-balloon-pos=\"up\">Professor Substituto - Medicina \/ Cirurgia Geral<\/span><\/td>\r\n<td class=\"cvagas\">01<\/td>\r\n<td class=\"cremuneracao\">R$ 6.150,59 \/40h<\/td>\r\n<\/tr><tr>\r\n<td class=\"ccargos\">\r\n<span data-balloon-length=\"medium\" aria-label=\"Bacharelado em Artes Visuais; ou Bacharelado em Artes Pl\u00e1sticas; ou Bacharelado em Escultura; ou Bacharelado em Cer\u00e2mica; ou Licenciatura em Artes Visuais; ou Licenciatura em Artes Pl\u00e1sticas; Mestrado em qualquer \u00e1rea do conhecimento\" data-balloon-pos=\"up\">Professor Substituto - Artes \/ Escultura e Cer\u00e2mica<\/span><\/td>\r\n<td class=\"cvagas\">01<\/td>\r\n<td class=\"cremuneracao\">R$ 5.501,60 \/40h<\/td>\r\n<\/tr><tr>\r\n<td class=\"ccargos\">\r\n<span data-balloon-length=\"medium\" aria-label=\"Gradua\u00e7\u00e3o em Agronomia ou Engenharia Agron\u00f4mica com mestrado em Fitotecnia ou Produ\u00e7\u00e3o Vegetal ou Agronomia\" data-balloon-pos=\"up\">Professor Substituto - Agronomia \/ Fitotecnia<\/span><\/td>\r\n<td class=\"cvagas\">01<\/td>\r\n<td class=\"cremuneracao\">R$ 7.124,07 \/40h<\/td>\r\n<\/tr><tr>\r\n<td class=\"ccargos\">\r\n<span data-balloon-length=\"medium\" aria-label=\"Gradua\u00e7\u00e3o em Letras (L\u00ednguas Cl\u00e1ssicas e Literaturas Cl\u00e1ssicas ou L\u00edngua Portuguesa ou Teoria Liter\u00e1ria) ou Lingu\u00edstica (Lingu\u00edstica Hist\u00f3rica ou Lingu\u00edstica Aplicada); com mestrado no universo das \u00e1reas do CNPq de Letras (L\u00ednguas Cl\u00e1ssicas e Literaturas Cl\u00e1ssicas ou L\u00edngua Portuguesa ou Teoria Liter\u00e1ria) ou Lingu\u00edstica (Lingu\u00edstica Hist\u00f3rica ou Lingu\u00edstica Aplicada) ou Filosofia ou Hist\u00f3ria\" data-balloon-pos=\"up\">Professor Substituto - Letras \/ L\u00ednguas Cl\u00e1ssicas e Literaturas Cl\u00e1ssicas<\/span><\/td>\r\n<td class=\"cvagas\">01<\/td>\r\n<td class=\"cremuneracao\">R$ 7.124,07 \/40h<\/td>\r\n<\/tr>\r\n    <\/tbody>\r\n  <\/table>\r\n<\/div>"},"_links":{"self":[{"href":"https:\/\/www.agrobase.com.br\/concursos\/wp-json\/wp\/v2\/posts\/275979","targetHints":{"allow":["GET"]}}],"collection":[{"href":"https:\/\/www.agrobase.com.br\/concursos\/wp-json\/wp\/v2\/posts"}],"about":[{"href":"https:\/\/www.agrobase.com.br\/concursos\/wp-json\/wp\/v2\/types\/post"}],"author":[{"embeddable":true,"href":"https:\/\/www.agrobase.com.br\/concursos\/wp-json\/wp\/v2\/users\/5229"}],"replies":[{"embeddable":true,"href":"https:\/\/www.agrobase.com.br\/concursos\/wp-json\/wp\/v2\/comments?post=275979"}],"version-history":[{"count":2,"href":"https:\/\/www.agrobase.com.br\/concursos\/wp-json\/wp\/v2\/posts\/275979\/revisions"}],"predecessor-version":[{"id":276050,"href":"https:\/\/www.agrobase.com.br\/concursos\/wp-json\/wp\/v2\/posts\/275979\/revisions\/276050"}],"wp:featuredmedia":[{"embeddable":true,"href":"https:\/\/www.agrobase.com.br\/concursos\/wp-json\/wp\/v2\/media\/275978"}],"wp:attachment":[{"href":"https:\/\/www.agrobase.com.br\/concursos\/wp-json\/wp\/v2\/media?parent=275979"}],"wp:term":[{"taxonomy":"category","embeddable":true,"href":"https:\/\/www.agrobase.com.br\/concursos\/wp-json\/wp\/v2\/categories?post=275979"},{"taxonomy":"post_tag","embeddable":true,"href":"https:\/\/www.agrobase.com.br\/concursos\/wp-json\/wp\/v2\/tags?post=275979"},{"taxonomy":"_amplo","embeddable":true,"href":"https:\/\/www.agrobase.com.br\/concursos\/wp-json\/wp\/v2\/_amplo?post=275979"},{"taxonomy":"destaque","embeddable":true,"href":"https:\/\/www.agrobase.com.br\/concursos\/wp-json\/wp\/v2\/destaque?post=275979"},{"taxonomy":"instituicoes","embeddable":true,"href":"https:\/\/www.agrobase.com.br\/concursos\/wp-json\/wp\/v2\/instituicoes?post=275979"}],"curies":[{"name":"wp","href":"https:\/\/api.w.org\/{rel}","templated":true}]}}