{"id":275934,"date":"2025-12-26T08:00:51","date_gmt":"2025-12-26T11:00:51","guid":{"rendered":"https:\/\/www.agrobase.com.br\/concursos\/?p=275934"},"modified":"2025-12-24T10:57:55","modified_gmt":"2025-12-24T13:57:55","slug":"prefeitura-barueri-sp-concurso-01-2025","status":"publish","type":"post","link":"https:\/\/www.agrobase.com.br\/concursos\/2025\/prefeitura-barueri-sp-concurso-01-2025\/","title":{"rendered":"Prefeitura Barueri (SP) &#8211; Concurso 01\/2025"},"content":{"rendered":"<h2>Informa\u00e7\u00f5es Gerais<\/h2>\n<p>A <strong>Prefeitura Municipal de Barueri<\/strong>, no estado de S\u00e3o Paulo, torna p\u00fablica a realiza\u00e7\u00e3o de um novo Concurso P\u00fablico, regido pelo Edital n\u00ba 01\/2025 (Portaria n\u00ba 48\/2025). Sob a organiza\u00e7\u00e3o da <strong>Funda\u00e7\u00e3o Carlos Chagas (FCC)<\/strong>, o certame visa o preenchimento de <strong>123 vagas imediatas<\/strong>, al\u00e9m da forma\u00e7\u00e3o de cadastro de reserva, para cargos efetivos sob o regime Estatut\u00e1rio.<\/p>\n<p>As oportunidades contemplam candidatos de n\u00edveis <strong>Fundamental, M\u00e9dio, T\u00e9cnico e Superior<\/strong>, com remunera\u00e7\u00f5es iniciais que variam de <strong>R$ 2.300,00 a R$ 22.258,04<\/strong>, dependendo do cargo e da jornada de trabalho. O concurso abrange diversos setores da administra\u00e7\u00e3o municipal, incluindo sa\u00fade, educa\u00e7\u00e3o, tecnologia e operacional.<\/p>\n<p>Para os profissionais das \u00e1reas de Ci\u00eancias Agr\u00e1rias e Biol\u00f3gicas, destacamos as oportunidades para <strong>Bi\u00f3logo<\/strong> e <strong>Nutricionista<\/strong>. H\u00e1 tamb\u00e9m vagas de alto n\u00edvel para M\u00e9dicos (diversas especialidades), Engenheiro do Trabalho, Analistas de TI e cargos na \u00e1rea da Educa\u00e7\u00e3o. Confira a seguir os detalhes essenciais para garantir sua participa\u00e7\u00e3o.<\/p>\n<h2>Inscri\u00e7\u00f5es<\/h2>\n<p>As inscri\u00e7\u00f5es para o Concurso P\u00fablico da Prefeitura de Barueri ser\u00e3o realizadas exclusivamente pela internet, no site da <strong>Funda\u00e7\u00e3o Carlos Chagas (FCC)<\/strong>. O per\u00edodo de participa\u00e7\u00e3o inicia-se \u00e0s 10h do dia <strong>05 de janeiro de 2026<\/strong> e segue at\u00e9 \u00e0s 23h59min do dia <strong>04 de fevereiro de 2026<\/strong> (hor\u00e1rio de Bras\u00edlia).<\/p>\n<p>Para confirmar a inscri\u00e7\u00e3o, o candidato deve gerar o Boleto Banc\u00e1rio no portal da banca e efetuar o pagamento at\u00e9 a data limite de <strong>05 de fevereiro de 2026<\/strong>. O pagamento pode ser realizado em qualquer banco do sistema de compensa\u00e7\u00e3o ou via PIX (atrav\u00e9s do QR Code no boleto). Os valores das taxas s\u00e3o:<\/p>\n<ul>\n<li><strong>N\u00edvel Fundamental:<\/strong> R$ 55,00<\/li>\n<li><strong>N\u00edvel M\u00e9dio\/T\u00e9cnico:<\/strong> R$ 70,00<\/li>\n<li><strong>N\u00edvel Superior:<\/strong> R$ 90,00<\/li>\n<\/ul>\n<p>\u00c9 fundamental que o candidato guarde o comprovante de pagamento para eventual confer\u00eancia. A partir de 12\/01\/2026, ser\u00e1 poss\u00edvel verificar no site da FCC se a inscri\u00e7\u00e3o foi efetivada. Recomendamos a leitura atenta do edital completo antes de efetuar o pagamento.<\/p>\n<h2>Etapas e Provas<\/h2>\n<p>A sele\u00e7\u00e3o dos candidatos ser\u00e1 composta por diferentes etapas, variando conforme o cargo pretendido. A <strong>Prova Objetiva<\/strong>, de car\u00e1ter eliminat\u00f3rio e classificat\u00f3rio, ser\u00e1 aplicada a todos os cargos na cidade de Barueri\/SP, com data prevista para <strong>22 de mar\u00e7o de 2026<\/strong>.<\/p>\n<p>Os per\u00edodos de aplica\u00e7\u00e3o ser\u00e3o divididos da seguinte forma:<\/p>\n<ul>\n<li><strong>Manh\u00e3:<\/strong> Cargos de Ensino M\u00e9dio\/T\u00e9cnico.<\/li>\n<li><strong>Tarde:<\/strong> Cargos de Ensino Fundamental e Superior.<\/li>\n<\/ul>\n<p>Al\u00e9m da etapa objetiva (composta por quest\u00f5es de Conhecimentos Gerais e Espec\u00edficos), haver\u00e1 fases adicionais para fun\u00e7\u00f5es espec\u00edficas:<\/p>\n<ul>\n<li><strong>Prova Discursiva (Reda\u00e7\u00e3o):<\/strong> Para Coordenador Pedag\u00f3gico e PEB I &#8211; Educa\u00e7\u00e3o Especial (mesmo dia da objetiva).<\/li>\n<li><strong>Prova Discursiva (Estudo de Caso):<\/strong> Para Analista em TI e T\u00e9cnico em TI (mesmo dia da objetiva).<\/li>\n<li><strong>Prova Pr\u00e1tica:<\/strong> Exclusiva para o cargo de Instrutor de Libras (car\u00e1ter habilitat\u00f3rio).<\/li>\n<li><strong>Prova de T\u00edtulos:<\/strong> Para Coordenador Pedag\u00f3gico e PEB I &#8211; Educa\u00e7\u00e3o Especial (classificat\u00f3ria).<\/li>\n<\/ul>\n<p>O tempo de dura\u00e7\u00e3o das provas varia entre 3 e 4 horas, dependendo da composi\u00e7\u00e3o das etapas para cada cargo. Consulte o edital para verificar o conte\u00fado program\u00e1tico detalhado.<\/p>\n<h2>Resultados e Gabarito<\/h2>\n<p>Os gabaritos preliminares e os resultados das provas ser\u00e3o divulgados no site da <strong>Funda\u00e7\u00e3o Carlos Chagas<\/strong> e no <strong>Jornal Oficial de Barueri<\/strong>, conforme o cronograma oficial (Anexo IV do edital). A nota das provas objetivas ser\u00e1 padronizada, com m\u00e9dia 50 e desvio padr\u00e3o 10, permitindo uma avalia\u00e7\u00e3o justa do desempenho relativo do candidato.<\/p>\n<p>A classifica\u00e7\u00e3o final ser\u00e1 obtida pelo somat\u00f3rio das notas das etapas aplic\u00e1veis a cada cargo (Objetiva, Discursiva e T\u00edtulos, quando houver). Para cargos como Agente Operacional e M\u00e9dicos, a nota final baseia-se exclusivamente na Prova Objetiva espec\u00edfica.<\/p>\n<p>O concurso ter\u00e1 validade de <strong>2 (dois) anos<\/strong>, a contar da data da homologa\u00e7\u00e3o, podendo ser prorrogado por igual per\u00edodo. \u00c9 de <strong>inteira responsabilidade do candidato<\/strong> acompanhar todas as publica\u00e7\u00f5es, avisos e convoca\u00e7\u00f5es referentes ao certame diretamente no site da banca organizadora e no Di\u00e1rio Oficial do munic\u00edpio.<\/p>\n","protected":false},"excerpt":{"rendered":"<p>Concurso Pref. Barueri (SP) com edital publicado! Vagas p\/ M\u00e9dico e Auditor (Fund. a Sup.). Inscri\u00e7\u00f5es a partir de 05\/01. Sal\u00e1rios at\u00e9 R$22,2k. Confira detalhes!<\/p>\n","protected":false},"author":5229,"featured_media":275933,"comment_status":"open","ping_status":"open","sticky":false,"template":"","format":"standard","meta":{"_acf_changed":false,"_breakdance_hide_in_design_set":false,"_breakdance_tags":"","footnotes":""},"categories":[3,6,6433,126,9,10,117,151,152,17,21,23,24,25,150,130,143,157,159],"tags":[62],"_amplo":[],"destaque":[],"instituicoes":[],"class_list":["post-275934","post","type-post","status-publish","format-standard","has-post-thumbnail","hentry","category-administracao","category-biologia","category-biologia-licenciatura","category-ciencia-computacao","category-ciencias-contabeis","category-direito","category-economia","category-engenharia-computacao","category-engenharia-seguranca-trabalho","category-farmacia","category-medicina","category-nutricao","category-odontologia","category-pedagogia","category-tecnico-eletronica","category-tecnico-informatica","category-tecnico-odontologia","category-tecnico-seguranca-trabalho","category-tecnologia-da-informacao","tag-sao-paulo"],"acf":{"_tipo_vagas":"vagas","_numero_vagas":"","_quadro_vagas":"","_cargos":"diversos","_cargos_especificos":"","_salario_max":"R$ 22258.04","_abertura":"20260105","_encerramento":"20260204","_inscricoes":"https:\/\/www.concursosfcc.com.br","_executora_concurso":"","_instituicao_concurso":[],"_link_adicional":null,"_anexos":null,"_produtos":null,"_vagas":"123 vagas + CR","_salario_min":"R$ 29.15","_instituicao":"Prefeitura Barueri","_edital":"https:\/\/www.agrobase.com.br\/concursos\/wp-content\/uploads\/sites\/4\/2025\/12\/edital-01-2025-prefeitura-barueri-sp.pdf","_anexos_edital":"","_fund_incompleto":"","_fund_completo":"<div>\r\n<table class=\"quadro\">\r\n<thead>\r\n<tr>\r\n<th class=\"hcargo\">Cargo<\/th>\r\n<th class=\"hvagas\">Vagas<\/th>\r\n<th class=\"hremuneracao\">Remunera\u00e7\u00e3o<\/th>\r\n<\/tr>\r\n<\/thead>\r\n    <tbody>\r\n      <td class=\"ccargos\">\r\n<span data-balloon-length=\"medium\" aria-label=\"Ensino Fundamental Completo\" data-balloon-pos=\"up\">Agente Operacional<\/span><\/td>\r\n<td class=\"cvagas\">05<\/td>\r\n<td class=\"cremuneracao\">R$ 2.300,00 \/40h<\/td>\r\n<\/tr><td class=\"ccargos\">\r\n<span data-balloon-length=\"medium\" aria-label=\"Ensino Fundamental Completo\" data-balloon-pos=\"up\">Agente de Servi\u00e7os<\/span><\/td>\r\n<td class=\"cvagas\">05<\/td>\r\n<td class=\"cremuneracao\">R$ 2.300,00 \/40h<\/td>\r\n<\/tr><td class=\"ccargos\">\r\n<span data-balloon-length=\"medium\" aria-label=\"Ensino Fundamental Completo\" data-balloon-pos=\"up\">Merendeira<\/span><\/td>\r\n<td class=\"cvagas\">05<\/td>\r\n<td class=\"cremuneracao\">R$ 2.300,00 \/40h<\/td>\r\n<\/tr>\r\n    <\/tbody>\r\n  <\/table>\r\n<\/div>","_medio":"<div>\r\n<table class=\"quadro\">\r\n<thead>\r\n<tr>\r\n<th class=\"hcargo\">Cargo<\/th>\r\n<th class=\"hvagas\">Vagas<\/th>\r\n<th class=\"hremuneracao\">Remunera\u00e7\u00e3o<\/th>\r\n<\/tr>\r\n<\/thead>\r\n    <tbody>\r\n      <td class=\"ccargos\">\r\n<span data-balloon-length=\"medium\" aria-label=\"Ensino M\u00e9dio Completo\" data-balloon-pos=\"up\">Agente de Apoio Escolar<\/span><\/td>\r\n<td class=\"cvagas\">05<\/td>\r\n<td class=\"cremuneracao\">R$ 2.942,55 \/40h<\/td>\r\n<\/tr><td class=\"ccargos\">\r\n<span data-balloon-length=\"medium\" aria-label=\"Ensino M\u00e9dio Completo\" data-balloon-pos=\"up\">Agente de Administra\u00e7\u00e3o P\u00fablica<\/span><\/td>\r\n<td class=\"cvagas\">CR<\/td>\r\n<td class=\"cremuneracao\">R$ 2.300,00 \/40h<\/td>\r\n<\/tr><td class=\"ccargos\">\r\n<span data-balloon-length=\"medium\" aria-label=\"Ensino M\u00e9dio Completo e Residir na regi\u00e3o da divis\u00e3o geogr\u00e1fica do Munic\u00edpio de Barueri, desde a data da publica\u00e7\u00e3o deste edital, conforme tabela do item 2.2 deste edital, de acordo com a Lei Federal n\u00ba 11350\/2006.\" data-balloon-pos=\"up\">Agente Comunit\u00e1rio de Sa\u00fade<\/span><\/td>\r\n<td class=\"cvagas\">22<\/td>\r\n<td class=\"cremuneracao\">R$ 3.036,00 \/40h<\/td>\r\n<\/tr><td class=\"ccargos\">\r\n<span data-balloon-length=\"medium\" aria-label=\"Ensino M\u00e9dio Completo e Registro no Conselho de Classe.\" data-balloon-pos=\"up\">Auxiliar de Sa\u00fade Bucal<\/span><\/td>\r\n<td class=\"cvagas\">01<\/td>\r\n<td class=\"cremuneracao\">R$ 2.300,00 \/40h<\/td>\r\n<\/tr><td class=\"ccargos\">\r\n<span data-balloon-length=\"medium\" aria-label=\"Ensino M\u00e9dio Completo\" data-balloon-pos=\"up\">Fiscal Municipal (Posturas)<\/span><\/td>\r\n<td class=\"cvagas\">02<\/td>\r\n<td class=\"cremuneracao\">R$ 2.300,00 \/40h<\/td>\r\n<\/tr><td class=\"ccargos\">\r\n<span data-balloon-length=\"medium\" aria-label=\"Ensino m\u00e9dio completo e curso de Forma\u00e7\u00e3o de Instrutor de Libras.\" data-balloon-pos=\"up\">Instrutor de Libras<\/span><\/td>\r\n<td class=\"cvagas\">01<\/td>\r\n<td class=\"cremuneracao\">R$ 2.942,55 \/30h<\/td>\r\n<\/tr><td class=\"ccargos\">\r\n<span data-balloon-length=\"medium\" data-balloon-pos=\"up\">Motorista<\/span><\/td>\r\n<td class=\"cvagas\">05<\/td>\r\n<td class=\"cremuneracao\">R$ 2.300,00 \/40h<\/td>\r\n<\/tr><td class=\"ccargos\">\r\n<span data-balloon-length=\"medium\" aria-label=\"Ensino M\u00e9dio Completo com Curso T\u00e9cnico em Comunica\u00e7\u00e3o Visual.\" data-balloon-pos=\"up\">T\u00e9cnico em Comunica\u00e7\u00e3o Visual<\/span><\/td>\r\n<td class=\"cvagas\">01<\/td>\r\n<td class=\"cremuneracao\">R$ 3.448,71 \/40h<\/td>\r\n<\/tr><td class=\"ccargos\">\r\n<span data-balloon-length=\"medium\" aria-label=\"Ensino M\u00e9dio Completo com Curso T\u00e9cnico em Eletroeletr\u00f4nica.\" data-balloon-pos=\"up\">T\u00e9cnico em Eletroeletr\u00f4nica<\/span><\/td>\r\n<td class=\"cvagas\">01<\/td>\r\n<td class=\"cremuneracao\">R$ 3.448,71 \/40h<\/td>\r\n<\/tr><td class=\"ccargos\">\r\n<span data-balloon-length=\"medium\" aria-label=\"Ensino M\u00e9dio Completo com Curso T\u00e9cnico em R\u00e1dio e Televis\u00e3o.\" data-balloon-pos=\"up\">T\u00e9cnico em R\u00e1dio e TV<\/span><\/td>\r\n<td class=\"cvagas\">01<\/td>\r\n<td class=\"cremuneracao\">R$ 3.448,71 \/40h<\/td>\r\n<\/tr><td class=\"ccargos\">\r\n<span data-balloon-length=\"medium\" aria-label=\"Ensino M\u00e9dio Completo com Curso T\u00e9cnico em Edifica\u00e7\u00f5es e Registro no Conselho de Classe.\" data-balloon-pos=\"up\">T\u00e9cnico em Edifica\u00e7\u00f5es<\/span><\/td>\r\n<td class=\"cvagas\">01<\/td>\r\n<td class=\"cremuneracao\">R$ 3.448,71 \/40h<\/td>\r\n<\/tr><td class=\"ccargos\">\r\n<span data-balloon-length=\"medium\" aria-label=\"Ensino M\u00e9dio Completo com Curso T\u00e9cnico em Seguran\u00e7a do Trabalho com registro no MTE.\" data-balloon-pos=\"up\">T\u00e9cnico em Seguran\u00e7a do Trabalho<\/span><\/td>\r\n<td class=\"cvagas\">01<\/td>\r\n<td class=\"cremuneracao\">R$ 3.448,71 \/40h<\/td>\r\n<\/tr><td class=\"ccargos\">\r\n<span data-balloon-length=\"medium\" aria-label=\"Ensino M\u00e9dio Completo e Curso T\u00e9cnico em Tecnologia da Informa\u00e7\u00e3o e Comunica\u00e7\u00e3o.\" data-balloon-pos=\"up\">T\u00e9cnico em Tecnologia da Informa\u00e7\u00e3o e Comunica\u00e7\u00e3o<\/span><\/td>\r\n<td class=\"cvagas\">01<\/td>\r\n<td class=\"cremuneracao\">R$ 3.448,71 \/40h<\/td>\r\n<\/tr><td class=\"ccargos\">\r\n<span data-balloon-length=\"medium\" aria-label=\"Ensino M\u00e9dio Completo\" data-balloon-pos=\"up\">Telefonista<\/span><\/td>\r\n<td class=\"cvagas\">02<\/td>\r\n<td class=\"cremuneracao\">R$ 2.300,00 \/30h<\/td>\r\n<\/tr>\r\n    <\/tbody>\r\n  <\/table>\r\n<\/div>","_superior":"<div>\r\n<table class=\"quadro\">\r\n<thead>\r\n<tr>\r\n<th class=\"hcargo\">Cargo<\/th>\r\n<th class=\"hvagas\">Vagas<\/th>\r\n<th class=\"hremuneracao\">Remunera\u00e7\u00e3o<\/th>\r\n<\/tr>\r\n<\/thead>\r\n    <tbody>\r\n      <tr>\r\n<td class=\"ccargos\">\r\n<span data-balloon-length=\"medium\" aria-label=\"Gradua\u00e7\u00e3o em An\u00e1lise de Sistemas, Ci\u00eancia da Computa\u00e7\u00e3o, Engenharia de Software, Engenharia da Computa\u00e7\u00e3o, Tecnologia em An\u00e1lise e Desenvolvimento de Sistemas, Gest\u00e3o da Tecnologia da Informa\u00e7\u00e3o ou Tecnologia da Informa\u00e7\u00e3o e Comunica\u00e7\u00e3o.\" data-balloon-pos=\"up\">Analista em Tecnologia da Informa\u00e7\u00e3o e Comunica\u00e7\u00e3o (Programa\u00e7\u00e3o)<\/span><\/td>\r\n<td class=\"cvagas\">01<\/td>\r\n<td class=\"cremuneracao\">R$ 7.619,57 \/40h<\/td>\r\n<\/tr><tr>\r\n<td class=\"ccargos\">\r\n<span data-balloon-length=\"medium\" aria-label=\"Gradua\u00e7\u00e3o em Direito, Ci\u00eancias Cont\u00e1beis, Economia ou Administra\u00e7\u00e3o.\" data-balloon-pos=\"up\">Auditor Fiscal e Tribut\u00e1rio<\/span><\/td>\r\n<td class=\"cvagas\">01<\/td>\r\n<td class=\"cremuneracao\">R$ 12.019,57 \/40h<\/td>\r\n<\/tr><tr>\r\n<td class=\"ccargos\">\r\n<span data-balloon-length=\"medium\" aria-label=\"Gradua\u00e7\u00e3o em Biologia e Registro no Conselho de Classe.\" data-balloon-pos=\"up\">Bi\u00f3logo<\/span><\/td>\r\n<td class=\"cvagas\">01<\/td>\r\n<td class=\"cremuneracao\">R$ 6.512,74 \/30h<\/td>\r\n<\/tr><tr>\r\n<td class=\"ccargos\">\r\n<span data-balloon-length=\"medium\" aria-label=\"Gradua\u00e7\u00e3o em Odontologia e Registro no Conselho de Classe.\" data-balloon-pos=\"up\">Cirurgi\u00e3o Dentista<\/span><\/td>\r\n<td class=\"cvagas\">01<\/td>\r\n<td class=\"cremuneracao\">R$ 8.098,74 \/20h<\/td>\r\n<\/tr><tr>\r\n<td class=\"ccargos\">\r\n<span data-balloon-length=\"medium\" aria-label=\"Gradua\u00e7\u00e3o em Ci\u00eancias Cont\u00e1beis e Registro no Conselho de Classe.\" data-balloon-pos=\"up\">Contador<\/span><\/td>\r\n<td class=\"cvagas\">01<\/td>\r\n<td class=\"cremuneracao\">R$ 4.656,78 \/40h<\/td>\r\n<\/tr><tr>\r\n<td class=\"ccargos\">\r\n<span data-balloon-length=\"medium\" aria-label=\"Gradua\u00e7\u00e3o em Pedagogia ou P\u00f3s-Gradua\u00e7\u00e3o na \u00e1rea da Educa\u00e7\u00e3o, com dura\u00e7\u00e3o m\u00ednima de 360 (trezentas e sessenta horas) e Possuir no m\u00ednimo, 4 (quatro) anos de efetivo exerc\u00edcio em fun\u00e7\u00e3o docente.\" data-balloon-pos=\"up\">Coordenador Pedag\u00f3gico<\/span><\/td>\r\n<td class=\"cvagas\">02<\/td>\r\n<td class=\"cremuneracao\">R$ 6.825,00 \/40h<\/td>\r\n<\/tr><tr>\r\n<td class=\"ccargos\">\r\n<span data-balloon-length=\"medium\" aria-label=\"Gradua\u00e7\u00e3o em Engenharia com especializa\u00e7\u00e3o em Engenharia de Seguran\u00e7a do Trabalho e Registro no Conselho de Classe.\" data-balloon-pos=\"up\">Engenheiro do Trabalho<\/span><\/td>\r\n<td class=\"cvagas\">01<\/td>\r\n<td class=\"cremuneracao\">R$ 7.619,57 \/30h<\/td>\r\n<\/tr><tr>\r\n<td class=\"ccargos\">\r\n<span data-balloon-length=\"medium\" aria-label=\"Gradua\u00e7\u00e3o em Farm\u00e1cia e Registro no Conselho de Classe.\" data-balloon-pos=\"up\">Farmac\u00eautico<\/span><\/td>\r\n<td class=\"cvagas\">01<\/td>\r\n<td class=\"cremuneracao\">R$ 6.512,74 \/30h<\/td>\r\n<\/tr><tr>\r\n<td class=\"ccargos\">\r\n<span data-balloon-length=\"medium\" aria-label=\"Gradua\u00e7\u00e3o em Medicina e T\u00edtulo de Especializa\u00e7\u00e3o em Alergologia, devidamente registrado no conselho, conforme resolu\u00e7\u00e3o CFM n\u00ba 1.974\/11, combinado com o Decreto n\u00ba 8.516\/15 e Registro no Conselho de Classe.\" data-balloon-pos=\"up\">M\u00e9dico Alergista<\/span><\/td>\r\n<td class=\"cvagas\">01<\/td>\r\n<td class=\"cremuneracao\">R$ 11.129,02 \/20h<\/td>\r\n<\/tr><tr>\r\n<td class=\"ccargos\">\r\n<span data-balloon-length=\"medium\" aria-label=\"Gradua\u00e7\u00e3o em Medicina e T\u00edtulo de Especializa\u00e7\u00e3o em Cardiologia, devidamente registrado no conselho, conforme resolu\u00e7\u00e3o CFM n\u00ba 1.974\/11, combinado com o Decreto n\u00ba 8.516\/15 e Registro no Conselho de Classe.\" data-balloon-pos=\"up\">M\u00e9dico Cardiologista<\/span><\/td>\r\n<td class=\"cvagas\">01<\/td>\r\n<td class=\"cremuneracao\">R$ 11.129,02 \/20h<\/td>\r\n<\/tr><tr>\r\n<td class=\"ccargos\">\r\n<span data-balloon-length=\"medium\" aria-label=\"Gradua\u00e7\u00e3o em Medicina e T\u00edtulo de Especializa\u00e7\u00e3o em Cl\u00ednica M\u00e9dica, devidamente registrado no conselho, conforme resolu\u00e7\u00e3o CFM n\u00ba 1.974\/11, combinado com o Decreto n\u00ba 8.516\/15 e Registro no Conselho de Classe.\" data-balloon-pos=\"up\">M\u00e9dico Cl\u00ednico Geral<\/span><\/td>\r\n<td class=\"cvagas\">10<\/td>\r\n<td class=\"cremuneracao\">R$ 11.129,02 \/20h<\/td>\r\n<\/tr><tr>\r\n<td class=\"ccargos\">\r\n<span data-balloon-length=\"medium\" aria-label=\"Gradua\u00e7\u00e3o em Medicina e T\u00edtulo de Especializa\u00e7\u00e3o em Cirurgia Vascular, devidamente registrado no conselho, conforme resolu\u00e7\u00e3o CFM n\u00ba 1.974\/11, combinado com o Decreto n\u00ba 8.516\/15 e Registro no Conselho de Classe.\" data-balloon-pos=\"up\">M\u00e9dico Cirurgi\u00e3o Vascular<\/span><\/td>\r\n<td class=\"cvagas\">01<\/td>\r\n<td class=\"cremuneracao\">R$ 11.129,02 \/20h<\/td>\r\n<\/tr><tr>\r\n<td class=\"ccargos\">\r\n<span data-balloon-length=\"medium\" aria-label=\"Gradua\u00e7\u00e3o em Medicina e T\u00edtulo de Especializa\u00e7\u00e3o em Dermatologia, devidamente registrado no conselho, conforme resolu\u00e7\u00e3o CFM n\u00ba 1.974\/11, combinado com o Decreto n\u00ba 8.516\/15 e Registro no Conselho de Classe.\" data-balloon-pos=\"up\">M\u00e9dico Dermatologista<\/span><\/td>\r\n<td class=\"cvagas\">01<\/td>\r\n<td class=\"cremuneracao\">R$ 11.129,02 \/20h<\/td>\r\n<\/tr><tr>\r\n<td class=\"ccargos\">\r\n<span data-balloon-length=\"medium\" aria-label=\"Gradua\u00e7\u00e3o em Medicina e T\u00edtulo de Especializa\u00e7\u00e3o em Endocrinologia, devidamente registrado no conselho, conforme resolu\u00e7\u00e3o CFM n\u00ba 1.974\/11, combinado com o Decreto n\u00ba 8.516\/15 e Registro no Conselho de Classe.\" data-balloon-pos=\"up\">M\u00e9dico Endocrinologista Adulto<\/span><\/td>\r\n<td class=\"cvagas\">01<\/td>\r\n<td class=\"cremuneracao\">R$ 11.129,02 \/20h<\/td>\r\n<\/tr><tr>\r\n<td class=\"ccargos\">\r\n<span data-balloon-length=\"medium\" aria-label=\"Gradua\u00e7\u00e3o em Medicina e T\u00edtulo de Especializa\u00e7\u00e3o em Endocrinologia Infantil, devidamente registrado no conselho, conforme resolu\u00e7\u00e3o CFM n\u00ba 1.974\/11, combinado com o Decreto n\u00ba 8.516\/15 e Registro no Conselho de Classe.\" data-balloon-pos=\"up\">M\u00e9dico Endocrinologista Infantil<\/span><\/td>\r\n<td class=\"cvagas\">01<\/td>\r\n<td class=\"cremuneracao\">R$ 11.129,02 \/20h<\/td>\r\n<\/tr><tr>\r\n<td class=\"ccargos\">\r\n<span data-balloon-length=\"medium\" aria-label=\"Gradua\u00e7\u00e3o em Medicina e T\u00edtulo de Especializa\u00e7\u00e3o em Hematologia, devidamente registrado no conselho, conforme resolu\u00e7\u00e3o CFM n\u00ba 1.974\/11, combinado com o Decreto n\u00ba 8.516\/15 e Registro no Conselho de Classe.\" data-balloon-pos=\"up\">M\u00e9dico Hematologista Adulto<\/span><\/td>\r\n<td class=\"cvagas\">01<\/td>\r\n<td class=\"cremuneracao\">R$ 11.129,02 \/20h<\/td>\r\n<\/tr><tr>\r\n<td class=\"ccargos\">\r\n<span data-balloon-length=\"medium\" aria-label=\"Gradua\u00e7\u00e3o em Medicina e T\u00edtulo de Especializa\u00e7\u00e3o em Infectologia, devidamente registrado no conselho, conforme resolu\u00e7\u00e3o CFM n\u00ba 1.974\/11, combinado com o Decreto n\u00ba 8.516\/15 e Registro no Conselho de Classe.\" data-balloon-pos=\"up\">M\u00e9dico Infectologista Adulto<\/span><\/td>\r\n<td class=\"cvagas\">01<\/td>\r\n<td class=\"cremuneracao\">R$ 11.129,02 \/20h<\/td>\r\n<\/tr><tr>\r\n<td class=\"ccargos\">\r\n<span data-balloon-length=\"medium\" aria-label=\"Gradua\u00e7\u00e3o em Medicina e T\u00edtulo de Especializa\u00e7\u00e3o em Mastologia, devidamente registrado no conselho, conforme resolu\u00e7\u00e3o CFM n\u00ba 1.974\/11, combinado com o Decreto n\u00ba 8.516\/15 e Registro no Conselho de Classe.\" data-balloon-pos=\"up\">M\u00e9dico Mastologista<\/span><\/td>\r\n<td class=\"cvagas\">01<\/td>\r\n<td class=\"cremuneracao\">R$ 11.129,02 \/20h<\/td>\r\n<\/tr><tr>\r\n<td class=\"ccargos\">\r\n<span data-balloon-length=\"medium\" aria-label=\"Gradua\u00e7\u00e3o em Medicina e T\u00edtulo de Especializa\u00e7\u00e3o em Neurologia, devidamente registrado no conselho, conforme resolu\u00e7\u00e3o CFM n\u00ba 1.974\/11, combinado com o Decreto n\u00ba 8.516\/15 e Registro no Conselho de Classe.\" data-balloon-pos=\"up\">M\u00e9dico Neurologista Adulto<\/span><\/td>\r\n<td class=\"cvagas\">01<\/td>\r\n<td class=\"cremuneracao\">R$ 11.129,02 \/20h<\/td>\r\n<\/tr><tr>\r\n<td class=\"ccargos\">\r\n<span data-balloon-length=\"medium\" aria-label=\"Gradua\u00e7\u00e3o em Medicina e T\u00edtulo de Especializa\u00e7\u00e3o em Neurologia Infantil, devidamente registrado no conselho, conforme resolu\u00e7\u00e3o CFM n\u00ba 1.974\/11, combinado com o Decreto n\u00ba 8.516\/15 e Registro no Conselho de Classe.\" data-balloon-pos=\"up\">M\u00e9dico Neurologista Infantil<\/span><\/td>\r\n<td class=\"cvagas\">01<\/td>\r\n<td class=\"cremuneracao\">R$ 11.129,02 \/20h<\/td>\r\n<\/tr><tr>\r\n<td class=\"ccargos\">\r\n<span data-balloon-length=\"medium\" aria-label=\"Gradua\u00e7\u00e3o em Medicina e T\u00edtulo de Especializa\u00e7\u00e3o em Ginecologia e Obstetr\u00edcia, devidamente registrado no conselho, conforme resolu\u00e7\u00e3o CFM n\u00ba 1.974\/11, combinado com o Decreto n\u00ba 8.516\/15 e Registro no Conselho de Classe.\" data-balloon-pos=\"up\">M\u00e9dico Ginecologista Obstetra<\/span><\/td>\r\n<td class=\"cvagas\">10<\/td>\r\n<td class=\"cremuneracao\">R$ 11.129,02 \/20h<\/td>\r\n<\/tr><tr>\r\n<td class=\"ccargos\">\r\n<span data-balloon-length=\"medium\" aria-label=\"Gradua\u00e7\u00e3o em Medicina e T\u00edtulo de Especializa\u00e7\u00e3o em Oftalmologia, devidamente registrado no conselho, conforme resolu\u00e7\u00e3o CFM n\u00ba 1.974\/11, combinado com o Decreto n\u00ba 8.516\/15 e Registro no Conselho de Classe.\" data-balloon-pos=\"up\">M\u00e9dico Oftalmologista<\/span><\/td>\r\n<td class=\"cvagas\">01<\/td>\r\n<td class=\"cremuneracao\">R$ 11.129,02 \/20h<\/td>\r\n<\/tr><tr>\r\n<td class=\"ccargos\">\r\n<span data-balloon-length=\"medium\" aria-label=\"Gradua\u00e7\u00e3o em Medicina e T\u00edtulo de Especializa\u00e7\u00e3o em Ortopedia, devidamente registrado no conselho, conforme resolu\u00e7\u00e3o CFM n\u00ba 1.974\/11, combinado com o Decreto n\u00ba 8.516\/15 e Registro no Conselho de Classe.\" data-balloon-pos=\"up\">M\u00e9dico Ortopedista<\/span><\/td>\r\n<td class=\"cvagas\">01<\/td>\r\n<td class=\"cremuneracao\">R$ 11.129,02 \/20h<\/td>\r\n<\/tr><tr>\r\n<td class=\"ccargos\">\r\n<span data-balloon-length=\"medium\" aria-label=\"Gradua\u00e7\u00e3o em Medicina e T\u00edtulo de Especializa\u00e7\u00e3o em Pediatria, devidamente registrado no conselho, conforme resolu\u00e7\u00e3o CFM n\u00ba 1.974\/11, combinado com o Decreto n\u00ba 8.516\/15 e Registro no Conselho de Classe.\" data-balloon-pos=\"up\">M\u00e9dico Pediatra<\/span><\/td>\r\n<td class=\"cvagas\">10<\/td>\r\n<td class=\"cremuneracao\">R$ 11.129,02 \/20h<\/td>\r\n<\/tr><tr>\r\n<td class=\"ccargos\">\r\n<span data-balloon-length=\"medium\" aria-label=\"Gradua\u00e7\u00e3o em Medicina e T\u00edtulo de Especializa\u00e7\u00e3o em Psiquiatria, devidamente registrado no conselho, conforme resolu\u00e7\u00e3o CFM n\u00ba 1.974\/11, combinado com o Decreto n\u00ba 8.516\/15 e Registro no Conselho de Classe.\" data-balloon-pos=\"up\">M\u00e9dico Psiquiatra Adulto<\/span><\/td>\r\n<td class=\"cvagas\">01<\/td>\r\n<td class=\"cremuneracao\">R$ 11.129,02 \/20h<\/td>\r\n<\/tr><tr>\r\n<td class=\"ccargos\">\r\n<span data-balloon-length=\"medium\" aria-label=\"Gradua\u00e7\u00e3o em Medicina e T\u00edtulo de Especializa\u00e7\u00e3o em Psiquiatria Infantil, devidamente registrado no conselho, conforme resolu\u00e7\u00e3o CFM n\u00ba 1.974\/11, combinado com o Decreto n\u00ba 8.516\/15 e Registro no Conselho de Classe.\" data-balloon-pos=\"up\">M\u00e9dico Psiquiatra Infantil<\/span><\/td>\r\n<td class=\"cvagas\">01<\/td>\r\n<td class=\"cremuneracao\">R$ 11.129,02 \/20h<\/td>\r\n<\/tr><tr>\r\n<td class=\"ccargos\">\r\n<span data-balloon-length=\"medium\" aria-label=\"Gradua\u00e7\u00e3o em Medicina e T\u00edtulo de Especializa\u00e7\u00e3o em Reumatologia, devidamente registrado no conselho, conforme resolu\u00e7\u00e3o CFM n\u00ba 1.974\/11, combinado com o Decreto n\u00ba 8.516\/15 e Registro no Conselho de Classe.\" data-balloon-pos=\"up\">M\u00e9dico Reumatologista<\/span><\/td>\r\n<td class=\"cvagas\">01<\/td>\r\n<td class=\"cremuneracao\">R$ 11.129,02 \/20h<\/td>\r\n<\/tr><tr>\r\n<td class=\"ccargos\">\r\n<span data-balloon-length=\"medium\" aria-label=\"Gradua\u00e7\u00e3o em Medicina e T\u00edtulo de Especializa\u00e7\u00e3o em Ultrassonografia, devidamente registrado no conselho, conforme resolu\u00e7\u00e3o CFM n\u00ba 1.974\/11, combinado com o Decreto n\u00ba 8.516\/15 e Registro no Conselho de Classe.\" data-balloon-pos=\"up\">M\u00e9dico Ultrassonografista<\/span><\/td>\r\n<td class=\"cvagas\">01<\/td>\r\n<td class=\"cremuneracao\">R$ 11.129,02 \/20h<\/td>\r\n<\/tr><tr>\r\n<td class=\"ccargos\">\r\n<span data-balloon-length=\"medium\" aria-label=\"Gradua\u00e7\u00e3o em Medicina e Registro no Conselho de Classe.\" data-balloon-pos=\"up\">M\u00e9dico Generalista<\/span><\/td>\r\n<td class=\"cvagas\">05<\/td>\r\n<td class=\"cremuneracao\">R$ 22.258,04 \/40h<\/td>\r\n<\/tr><tr>\r\n<td class=\"ccargos\">\r\n<span data-balloon-length=\"medium\" aria-label=\"Gradua\u00e7\u00e3o em Nutri\u00e7\u00e3o e Registro no Conselho de Classe.\" data-balloon-pos=\"up\">Nutricionista<\/span><\/td>\r\n<td class=\"cvagas\">02<\/td>\r\n<td class=\"cremuneracao\">R$ 6.512,74 \/30h<\/td>\r\n<\/tr><tr>\r\n<td class=\"ccargos\">\r\n<span data-balloon-length=\"medium\" aria-label=\"Gradua\u00e7\u00e3o em Curso Superior de Licenciatura Plena em Pedagogia com habilita\u00e7\u00e3o espec\u00edfica na \u00e1rea de Educa\u00e7\u00e3o Especial; ou Gradua\u00e7\u00e3o em Curso Superior de Licenciatura Plena em Pedagogia e P\u00f3s Gradua\u00e7\u00e3o na \u00e1rea de Educa\u00e7\u00e3o Especial; ou Curso Normal Superior e P\u00f3s Gradua\u00e7\u00e3o na \u00c1rea de Educa\u00e7\u00e3o Especial.\" data-balloon-pos=\"up\">PEB I - Educa\u00e7\u00e3o Especial<\/span><\/td>\r\n<td class=\"cvagas\">01<\/td>\r\n<td class=\"cremuneracao\">R$ 29,15 \/Hora aula<\/td>\r\n<\/tr><tr>\r\n<td class=\"ccargos\">\r\n<span data-balloon-length=\"medium\" aria-label=\"Gradua\u00e7\u00e3o em Pedagogia com especializa\u00e7\u00e3o em Psicopedagogia.\" data-balloon-pos=\"up\">Psicopedagogo<\/span><\/td>\r\n<td class=\"cvagas\">01<\/td>\r\n<td class=\"cremuneracao\">R$ 6.512,74 \/30h<\/td>\r\n<\/tr>\r\n    <\/tbody>\r\n  <\/table>\r\n<\/div>"},"_links":{"self":[{"href":"https:\/\/www.agrobase.com.br\/concursos\/wp-json\/wp\/v2\/posts\/275934","targetHints":{"allow":["GET"]}}],"collection":[{"href":"https:\/\/www.agrobase.com.br\/concursos\/wp-json\/wp\/v2\/posts"}],"about":[{"href":"https:\/\/www.agrobase.com.br\/concursos\/wp-json\/wp\/v2\/types\/post"}],"author":[{"embeddable":true,"href":"https:\/\/www.agrobase.com.br\/concursos\/wp-json\/wp\/v2\/users\/5229"}],"replies":[{"embeddable":true,"href":"https:\/\/www.agrobase.com.br\/concursos\/wp-json\/wp\/v2\/comments?post=275934"}],"version-history":[{"count":3,"href":"https:\/\/www.agrobase.com.br\/concursos\/wp-json\/wp\/v2\/posts\/275934\/revisions"}],"predecessor-version":[{"id":275938,"href":"https:\/\/www.agrobase.com.br\/concursos\/wp-json\/wp\/v2\/posts\/275934\/revisions\/275938"}],"wp:featuredmedia":[{"embeddable":true,"href":"https:\/\/www.agrobase.com.br\/concursos\/wp-json\/wp\/v2\/media\/275933"}],"wp:attachment":[{"href":"https:\/\/www.agrobase.com.br\/concursos\/wp-json\/wp\/v2\/media?parent=275934"}],"wp:term":[{"taxonomy":"category","embeddable":true,"href":"https:\/\/www.agrobase.com.br\/concursos\/wp-json\/wp\/v2\/categories?post=275934"},{"taxonomy":"post_tag","embeddable":true,"href":"https:\/\/www.agrobase.com.br\/concursos\/wp-json\/wp\/v2\/tags?post=275934"},{"taxonomy":"_amplo","embeddable":true,"href":"https:\/\/www.agrobase.com.br\/concursos\/wp-json\/wp\/v2\/_amplo?post=275934"},{"taxonomy":"destaque","embeddable":true,"href":"https:\/\/www.agrobase.com.br\/concursos\/wp-json\/wp\/v2\/destaque?post=275934"},{"taxonomy":"instituicoes","embeddable":true,"href":"https:\/\/www.agrobase.com.br\/concursos\/wp-json\/wp\/v2\/instituicoes?post=275934"}],"curies":[{"name":"wp","href":"https:\/\/api.w.org\/{rel}","templated":true}]}}