{"id":275930,"date":"2025-12-26T07:00:52","date_gmt":"2025-12-26T10:00:52","guid":{"rendered":"https:\/\/www.agrobase.com.br\/concursos\/?p=275930"},"modified":"2025-12-24T10:59:36","modified_gmt":"2025-12-24T13:59:36","slug":"prefeitura-assare-ce-concurso-01-2025","status":"publish","type":"post","link":"https:\/\/www.agrobase.com.br\/concursos\/2025\/prefeitura-assare-ce-concurso-01-2025\/","title":{"rendered":"Prefeitura Assar\u00e9 (CE) &#8211; Concurso 01\/2025"},"content":{"rendered":"<h2>Informa\u00e7\u00f5es Gerais<\/h2>\n<p>A <strong>Prefeitura Municipal de Assar\u00e9<\/strong>, no estado do Cear\u00e1, em parceria com a Universidade Regional do Cariri (URCA), publicou o edital de seu novo Concurso P\u00fablico. O certame visa o provimento imediato de <strong>125 vagas<\/strong>, al\u00e9m da forma\u00e7\u00e3o de cadastro de reserva, para cargos efetivos no Quadro de Pessoal do Poder Executivo.<\/p>\n<p>As oportunidades contemplam candidatos de n\u00edveis <strong>Fundamental, M\u00e9dio, T\u00e9cnico e Superior<\/strong>, com remunera\u00e7\u00f5es que variam de R$ 1.518,00 a R$ 14.376,73, dependendo da fun\u00e7\u00e3o e da carga hor\u00e1ria. O regime de contrata\u00e7\u00e3o seguir\u00e1 o Estatuto dos Servidores P\u00fablicos do Munic\u00edpio, garantindo estabilidade ap\u00f3s o est\u00e1gio probat\u00f3rio.<\/p>\n<p>Entre as diversas oportunidades, destacam-se vagas para \u00e1reas estrat\u00e9gicas e t\u00e9cnicas, incluindo <strong>M\u00e9dico Veterin\u00e1rio, Nutricionista, T\u00e9cnico em Agropecu\u00e1ria e T\u00e9cnico Ambiental<\/strong>, al\u00e9m de cargos para a sa\u00fade, educa\u00e7\u00e3o e administra\u00e7\u00e3o. Confira a seguir os detalhes sobre prazos, etapas e requisitos para garantir sua participa\u00e7\u00e3o.<\/p>\n<h2>Inscri\u00e7\u00f5es<\/h2>\n<p>As inscri\u00e7\u00f5es para o Concurso de Assar\u00e9 devem ser realizadas exclusivamente pela internet, no site da <strong>Comiss\u00e3o Executiva do Vestibular (CEV\/URCA)<\/strong>. O per\u00edodo de candidatura inicia-se \u00e0s 08h do dia <strong>30 de dezembro de 2025<\/strong> e segue aberto at\u00e9 \u00e0s 23h59 do dia <strong>2 de fevereiro de 2026<\/strong>.<\/p>\n<p>Para efetivar a participa\u00e7\u00e3o, o candidato deve preencher o Requerimento Eletr\u00f4nico de Inscri\u00e7\u00e3o e emitir o boleto banc\u00e1rio. O pagamento da taxa de inscri\u00e7\u00e3o deve ser efetuado at\u00e9 o dia <strong>3 de fevereiro de 2026<\/strong>. \u00c9 fundamental que o candidato verifique no edital os valores espec\u00edficos da taxa para cada n\u00edvel de escolaridade, bem como os crit\u00e9rios e prazos para solicita\u00e7\u00e3o de isen\u00e7\u00e3o, caso se enquadre nos requisitos legais.<\/p>\n<p>Recomendamos que o candidato salve o comprovante de inscri\u00e7\u00e3o e o boleto pago, mantendo-os sob sua guarda para dirimir eventuais d\u00favidas. Acompanhe a situa\u00e7\u00e3o da sua inscri\u00e7\u00e3o na \u00e1rea restrita do candidato no site da banca organizadora.<\/p>\n<h2>Etapas e Provas<\/h2>\n<p>O processo seletivo ser\u00e1 composto por diferentes etapas, variando conforme o n\u00edvel de escolaridade e a complexidade do cargo. Todos os candidatos ser\u00e3o submetidos \u00e0 <strong>Prova Escrita Objetiva<\/strong>, de car\u00e1ter eliminat\u00f3rio e classificat\u00f3rio. Confira a estrutura das fases:<\/p>\n<ul>\n<li><strong>Cargos de N\u00edvel Fundamental, M\u00e9dio e T\u00e9cnico:<\/strong> Etapa \u00fanica constitu\u00edda por Prova Escrita Objetiva.<\/li>\n<li><strong>Cargos de N\u00edvel Superior (exceto Advogado e Professor):<\/strong> Duas etapas, sendo Prova Escrita Objetiva e Prova de T\u00edtulos (classificat\u00f3ria).<\/li>\n<li><strong>Cargo de Advogado:<\/strong> Tr\u00eas etapas, compostas por Prova Escrita Objetiva, Prova de Reda\u00e7\u00e3o T\u00e9cnica (Pe\u00e7a Jur\u00eddica) e Prova de T\u00edtulos.<\/li>\n<li><strong>Cargo de Professor:<\/strong> Tr\u00eas etapas, abrangendo Prova Escrita Objetiva, Prova Did\u00e1tica (Aula Expositiva) e Prova de T\u00edtulos.<\/li>\n<\/ul>\n<p>A <strong>Prova Objetiva<\/strong> ter\u00e1 dura\u00e7\u00e3o de 3 horas e ser\u00e1 composta por quest\u00f5es de m\u00faltipla escolha (A, B, C, D, E). As disciplinas cobradas incluem Portugu\u00eas, Conhecimentos Gerais e Conhecimentos Espec\u00edficos para todos os cargos, acrescidas de Racioc\u00ednio L\u00f3gico para n\u00edvel superior e Legisla\u00e7\u00e3o Educacional para professores.<\/p>\n<p>Para ser aprovado na etapa objetiva, o candidato deve obter pontua\u00e7\u00e3o m\u00ednima de 50 pontos e estar classificado dentro do limite de corte estabelecido no edital. Recomendamos a leitura atenta do conte\u00fado program\u00e1tico e das regras espec\u00edficas para as provas pr\u00e1ticas e de t\u00edtulos no edital oficial.<\/p>\n<h2>Resultados e Gabarito<\/h2>\n<p>O cronograma do concurso prev\u00ea a divulga\u00e7\u00e3o dos <strong>gabaritos preliminares<\/strong> a partir das 21h do dia <strong>8 de mar\u00e7o de 2026<\/strong>. Os candidatos devem estar atentos aos prazos para interposi\u00e7\u00e3o de recursos contra as quest\u00f5es e gabaritos, que ser\u00e3o realizados exclusivamente via sistema online da URCA.<\/p>\n<p>A divulga\u00e7\u00e3o do <strong>resultado preliminar<\/strong> das provas est\u00e1 prevista para <strong>24 de mar\u00e7o de 2026<\/strong>, enquanto o <strong>resultado final<\/strong> do certame deve ser publicado em <strong>27 de mar\u00e7o de 2026<\/strong>. A homologa\u00e7\u00e3o do concurso ser\u00e1 feita pelo Chefe do Poder Executivo de Assar\u00e9 e publicada na imprensa oficial.<\/p>\n<p>O concurso ter\u00e1 validade de dois anos, contados a partir da data de homologa\u00e7\u00e3o do resultado final, podendo ser prorrogado uma \u00fanica vez por igual per\u00edodo. \u00c9 de <strong>inteira responsabilidade do candidato<\/strong> acompanhar todas as publica\u00e7\u00f5es, convoca\u00e7\u00f5es e avisos oficiais no site da banca organizadora (CEV\/URCA) e no Di\u00e1rio Oficial.<\/p>\n","protected":false},"excerpt":{"rendered":"<p>Concurso Pref. Assar\u00e9 (CE) com edital publicado! Vagas p\/ Professor, Advogado (Fund. a Sup.). Inscri\u00e7\u00f5es a partir de 30\/12. Sal\u00e1rios at\u00e9 R$14.3k. Confira!<\/p>\n","protected":false},"author":5229,"featured_media":275929,"comment_status":"open","ping_status":"open","sticky":false,"template":"","format":"standard","meta":{"_acf_changed":false,"_breakdance_hide_in_design_set":false,"_breakdance_tags":"","footnotes":""},"categories":[7,10,11,6434,12,17,18,19,111,100,20,116,21,22,23,25,26,101,29,30,31,108,134],"tags":[43],"_amplo":[],"destaque":[],"instituicoes":[],"class_list":["post-275930","post","type-post","status-publish","format-standard","has-post-thumbnail","hentry","category-biomedicina","category-direito","category-educacao-fisica","category-educacao-fisica-licenciatura","category-enfermagem","category-farmacia","category-fisioterapia","category-fonoaudiologia","category-geografia","category-historia","category-letras","category-matematica","category-medicina","category-veterinaria","category-nutricao","category-pedagogia","category-psicologia","category-servico-social","category-tecnico-agricola","category-tecnico-agropecuaria","category-tecnico-ambiental","category-tecnico-enfermagem","category-terapia-ocupacional","tag-ceara"],"acf":{"_tipo_vagas":"vagas","_numero_vagas":"","_quadro_vagas":"","_cargos":"diversos","_cargos_especificos":"","_salario_max":"R$ 14376.73","_abertura":"20251230","_encerramento":"20260202","_inscricoes":"https:\/\/www.urca.br\/cev\/concursos-e-selecoes","_executora_concurso":"","_instituicao_concurso":[],"_link_adicional":null,"_anexos":null,"_produtos":null,"_vagas":"125 vagas + CR","_salario_min":"R$ 1518","_instituicao":"Prefeitura Municipal de Assar\u00e9","_edital":"https:\/\/www.agrobase.com.br\/concursos\/wp-content\/uploads\/sites\/4\/2025\/12\/edital-01-2025-prefeitura-assare-ce.pdf","_anexos_edital":"","_fund_incompleto":"","_fund_completo":"<div>\r\n<table class=\"quadro\">\r\n<thead>\r\n<tr>\r\n<th class=\"hcargo\">Cargo<\/th>\r\n<th class=\"hvagas\">Vagas<\/th>\r\n<th class=\"hremuneracao\">Remunera\u00e7\u00e3o<\/th>\r\n<\/tr>\r\n<\/thead>\r\n    <tbody>\r\n      <td class=\"ccargos\">\r\n<span data-balloon-length=\"medium\" aria-label=\"Ensino Fundamental completo\" data-balloon-pos=\"up\">AUXILIAR DE SERVI\u00c7OS GERAIS<\/span><\/td>\r\n<td class=\"cvagas\">11 + CR<\/td>\r\n<td class=\"cremuneracao\">R$ 1.518,00 \/40h<\/td>\r\n<\/tr><td class=\"ccargos\">\r\n<span data-balloon-length=\"medium\" aria-label=\"Ensino Fundamental completo\" data-balloon-pos=\"up\">MERENDEIRA<\/span><\/td>\r\n<td class=\"cvagas\">08 + CR<\/td>\r\n<td class=\"cremuneracao\">R$ 1.518,00 \/40h<\/td>\r\n<\/tr><td class=\"ccargos\">\r\n<span data-balloon-length=\"medium\" aria-label=\"Ensino Fundamental completo\" data-balloon-pos=\"up\">PORTEIRO<\/span><\/td>\r\n<td class=\"cvagas\">05 + CR<\/td>\r\n<td class=\"cremuneracao\">R$ 1.518,00 \/40h<\/td>\r\n<\/tr>\r\n    <\/tbody>\r\n  <\/table>\r\n<\/div>","_medio":"<div>\r\n<table class=\"quadro\">\r\n<thead>\r\n<tr>\r\n<th class=\"hcargo\">Cargo<\/th>\r\n<th class=\"hvagas\">Vagas<\/th>\r\n<th class=\"hremuneracao\">Remunera\u00e7\u00e3o<\/th>\r\n<\/tr>\r\n<\/thead>\r\n    <tbody>\r\n      <td class=\"ccargos\">\r\n<span data-balloon-length=\"medium\" aria-label=\"Ensino M\u00e9dio completo + CNH\" data-balloon-pos=\"up\">AGENTE DE TR\u00c2NSITO<\/span><\/td>\r\n<td class=\"cvagas\">04 + CR<\/td>\r\n<td class=\"cremuneracao\">R$ 2.073,85 \/40h<\/td>\r\n<\/tr><td class=\"ccargos\">\r\n<span data-balloon-length=\"medium\" aria-label=\"Ensino M\u00e9dio completo\" data-balloon-pos=\"up\">AUXILIAR ADMINISTRATIVO<\/span><\/td>\r\n<td class=\"cvagas\">06 + CR<\/td>\r\n<td class=\"cremuneracao\">R$ 1.518,00 \/40h<\/td>\r\n<\/tr><td class=\"ccargos\">\r\n<span data-balloon-length=\"medium\" aria-label=\"Ensino M\u00e9dio completo\" data-balloon-pos=\"up\">FISCAL DE OBRA<\/span><\/td>\r\n<td class=\"cvagas\">01 + CR<\/td>\r\n<td class=\"cremuneracao\">R$ 1.518,00 \/40h<\/td>\r\n<\/tr><td class=\"ccargos\">\r\n<span data-balloon-length=\"medium\" aria-label=\"Ensino M\u00e9dio completo\" data-balloon-pos=\"up\">FISCAL DE TRIBUTOS<\/span><\/td>\r\n<td class=\"cvagas\">01 + CR<\/td>\r\n<td class=\"cremuneracao\">R$ 2.073,85 \/40h<\/td>\r\n<\/tr><td class=\"ccargos\">\r\n<span data-balloon-length=\"medium\" aria-label=\"Ensino M\u00e9dio completo + CNH B\" data-balloon-pos=\"up\">MOTORISTA (CATEGORIA B)<\/span><\/td>\r\n<td class=\"cvagas\">06 + CR<\/td>\r\n<td class=\"cremuneracao\">R$ 1.518,00 \/40h<\/td>\r\n<\/tr><td class=\"ccargos\">\r\n<span data-balloon-length=\"medium\" aria-label=\"Ensino M\u00e9dio completo + CNH D + curso para condu\u00e7\u00e3o de ve\u00edculo de emerg\u00eancia\" data-balloon-pos=\"up\">MOTORISTA DE AMBUL\u00c2NCIA (CATEGORIA D)<\/span><\/td>\r\n<td class=\"cvagas\">01 + CR<\/td>\r\n<td class=\"cremuneracao\">R$ 2.073,85 \/40h<\/td>\r\n<\/tr><td class=\"ccargos\">\r\n<span data-balloon-length=\"medium\" aria-label=\"Ensino M\u00e9dio completo + CNH D + curso de transporte escolar\" data-balloon-pos=\"up\">MOTORISTA DE TRANSPORTE ESCOLAR (CATEGORIA D)<\/span><\/td>\r\n<td class=\"cvagas\">05 + CR<\/td>\r\n<td class=\"cremuneracao\">R$ 2.073,85 \/40h<\/td>\r\n<\/tr><td class=\"ccargos\">\r\n<span data-balloon-length=\"medium\" aria-label=\"Curso t\u00e9cnico em meio ambiente ou correlatas\" data-balloon-pos=\"up\">T\u00c9CNICO AMBIENTAL<\/span><\/td>\r\n<td class=\"cvagas\">01 + CR<\/td>\r\n<td class=\"cremuneracao\">R$ 2.073,85 \/40h<\/td>\r\n<\/tr><td class=\"ccargos\">\r\n<span data-balloon-length=\"medium\" aria-label=\"Curso t\u00e9cnico agr\u00edcola, agropecu\u00e1ria ou agroneg\u00f3cio\" data-balloon-pos=\"up\">T\u00c9CNICO EM AGROPECU\u00c1RIA<\/span><\/td>\r\n<td class=\"cvagas\">01 + CR<\/td>\r\n<td class=\"cremuneracao\">R$ 2.073,85 \/40h<\/td>\r\n<\/tr><td class=\"ccargos\">\r\n<span data-balloon-length=\"medium\" aria-label=\"Curso t\u00e9cnico em \u00e1reas administrativas ou correlatas\" data-balloon-pos=\"up\">T\u00c9CNICO EM CONTROLE INTERNO<\/span><\/td>\r\n<td class=\"cvagas\">01 + CR<\/td>\r\n<td class=\"cremuneracao\">R$ 2.073,85 \/40h<\/td>\r\n<\/tr><td class=\"ccargos\">\r\n<span data-balloon-length=\"medium\" aria-label=\"Curso T\u00e9cnico em Enfermagem + COREN\" data-balloon-pos=\"up\">T\u00c9CNICO EM ENFERMAGEM<\/span><\/td>\r\n<td class=\"cvagas\">04 + CR<\/td>\r\n<td class=\"cremuneracao\">R$ 2.073,85 \/40h<\/td>\r\n<\/tr><td class=\"ccargos\">\r\n<span data-balloon-length=\"medium\" aria-label=\"Curso T\u00e9cnico em Radiologia + registro no Conselho de Classe\" data-balloon-pos=\"up\">T\u00c9CNICO EM RAIO-X<\/span><\/td>\r\n<td class=\"cvagas\">01 + CR<\/td>\r\n<td class=\"cremuneracao\">R$ 2.300,00 \/40h<\/td>\r\n<\/tr>\r\n    <\/tbody>\r\n  <\/table>\r\n<\/div>","_superior":"<div>\r\n<table class=\"quadro\">\r\n<thead>\r\n<tr>\r\n<th class=\"hcargo\">Cargo<\/th>\r\n<th class=\"hvagas\">Vagas<\/th>\r\n<th class=\"hremuneracao\">Remunera\u00e7\u00e3o<\/th>\r\n<\/tr>\r\n<\/thead>\r\n    <tbody>\r\n      <tr>\r\n<td class=\"ccargos\">\r\n<span data-balloon-length=\"medium\" aria-label=\"Bacharel em Direito + OAB\" data-balloon-pos=\"up\">ADVOGADO<\/span><\/td>\r\n<td class=\"cvagas\">02 + CR<\/td>\r\n<td class=\"cremuneracao\">R$ 3.100,00 \/40h<\/td>\r\n<\/tr><tr>\r\n<td class=\"ccargos\">\r\n<span data-balloon-length=\"medium\" aria-label=\"Superior de Tecnologia em Gest\u00e3o Financeira\" data-balloon-pos=\"up\">ANALISTA DE PLANEJAMENTO E OR\u00c7AMENTO<\/span><\/td>\r\n<td class=\"cvagas\">01 + CR<\/td>\r\n<td class=\"cremuneracao\">R$ 1.518,00 \/40h<\/td>\r\n<\/tr><tr>\r\n<td class=\"ccargos\">\r\n<span data-balloon-length=\"medium\" aria-label=\"Gradua\u00e7\u00e3o em Servi\u00e7o Social + Registro no Conselho de Classe\" data-balloon-pos=\"up\">ASSISTENTE SOCIAL<\/span><\/td>\r\n<td class=\"cvagas\">03 + CR<\/td>\r\n<td class=\"cremuneracao\">R$ 4.679,96 \/40h<\/td>\r\n<\/tr><tr>\r\n<td class=\"ccargos\">\r\n<span data-balloon-length=\"medium\" aria-label=\"Gradua\u00e7\u00e3o em Biomedicina + registro no Conselho de Classe\" data-balloon-pos=\"up\">BIOM\u00c9DICO<\/span><\/td>\r\n<td class=\"cvagas\">01 + CR<\/td>\r\n<td class=\"cremuneracao\">R$ 3.000,00 \/40h<\/td>\r\n<\/tr><tr>\r\n<td class=\"ccargos\">\r\n<span data-balloon-length=\"medium\" aria-label=\"Gradua\u00e7\u00e3o em Educa\u00e7\u00e3o F\u00edsica (bacharelado) + registro no CREF\" data-balloon-pos=\"up\">EDUCADOR F\u00cdSICO<\/span><\/td>\r\n<td class=\"cvagas\">02 + CR<\/td>\r\n<td class=\"cremuneracao\">R$ 3.000,00 \/30h<\/td>\r\n<\/tr><tr>\r\n<td class=\"ccargos\">\r\n<span data-balloon-length=\"medium\" aria-label=\"Gradua\u00e7\u00e3o em Enfermagem + COREN\" data-balloon-pos=\"up\">ENFERMEIRO<\/span><\/td>\r\n<td class=\"cvagas\">02 + CR<\/td>\r\n<td class=\"cremuneracao\">R$ 4.679,96 \/40h<\/td>\r\n<\/tr><tr>\r\n<td class=\"ccargos\">\r\n<span data-balloon-length=\"medium\" aria-label=\"Gradua\u00e7\u00e3o em Farm\u00e1cia + registro no Conselho de Classe\" data-balloon-pos=\"up\">FARMAC\u00caUTICO<\/span><\/td>\r\n<td class=\"cvagas\">01 + CR<\/td>\r\n<td class=\"cremuneracao\">R$ 4.679,96 \/40h<\/td>\r\n<\/tr><tr>\r\n<td class=\"ccargos\">\r\n<span data-balloon-length=\"medium\" aria-label=\"Gradua\u00e7\u00e3o em Fisioterapia + CREFITO\" data-balloon-pos=\"up\">FISIOTERAPEUTA<\/span><\/td>\r\n<td class=\"cvagas\">02 + CR<\/td>\r\n<td class=\"cremuneracao\">R$ 4.679,96 \/30h<\/td>\r\n<\/tr><tr>\r\n<td class=\"ccargos\">\r\n<span data-balloon-length=\"medium\" aria-label=\"Gradua\u00e7\u00e3o em Fonoaudiologia + registro\" data-balloon-pos=\"up\">FONOAUDI\u00d3LOGO<\/span><\/td>\r\n<td class=\"cvagas\">03 + CR<\/td>\r\n<td class=\"cremuneracao\">R$ 4.679,96 \/30h<\/td>\r\n<\/tr><tr>\r\n<td class=\"ccargos\">\r\n<span data-balloon-length=\"medium\" aria-label=\"Gradua\u00e7\u00e3o em Medicina + CRM\" data-balloon-pos=\"up\">M\u00c9DICO GENERALISTA<\/span><\/td>\r\n<td class=\"cvagas\">02 + CR<\/td>\r\n<td class=\"cremuneracao\">R$ 14.376,73 \/40h<\/td>\r\n<\/tr><tr>\r\n<td class=\"ccargos\">\r\n<span data-balloon-length=\"medium\" aria-label=\"Medicina + especializa\u00e7\u00e3o em Psiquiatria + CRM\" data-balloon-pos=\"up\">M\u00c9DICO PSIQUIATRA<\/span><\/td>\r\n<td class=\"cvagas\">02 + CR<\/td>\r\n<td class=\"cremuneracao\">R$ 7.186,86 \/20h<\/td>\r\n<\/tr><tr>\r\n<td class=\"ccargos\">\r\n<span data-balloon-length=\"medium\" aria-label=\"Medicina Veterin\u00e1ria + registro no CRMV\" data-balloon-pos=\"up\">M\u00c9DICO VETERIN\u00c1RIO<\/span><\/td>\r\n<td class=\"cvagas\">01 + CR<\/td>\r\n<td class=\"cremuneracao\">R$ 3.000,00 \/40h<\/td>\r\n<\/tr><tr>\r\n<td class=\"ccargos\">\r\n<span data-balloon-length=\"medium\" aria-label=\"Curso superior em Nutri\u00e7\u00e3o e respectivo registro\" data-balloon-pos=\"up\">NUTRICIONISTA<\/span><\/td>\r\n<td class=\"cvagas\">02 + CR<\/td>\r\n<td class=\"cremuneracao\">R$ 3.255,25 \/30h<\/td>\r\n<\/tr><tr>\r\n<td class=\"ccargos\">\r\n<span data-balloon-length=\"medium\" aria-label=\"Curso superior em Psicologia e respectivo registro\" data-balloon-pos=\"up\">PSIC\u00d3LOGO<\/span><\/td>\r\n<td class=\"cvagas\">05 + CR<\/td>\r\n<td class=\"cremuneracao\">R$ 4.679,96 \/30h<\/td>\r\n<\/tr><tr>\r\n<td class=\"ccargos\">\r\n<span data-balloon-length=\"medium\" aria-label=\"Gradua\u00e7\u00e3o de n\u00edvel superior + p\u00f3s-gradua\u00e7\u00e3o em Psicopedagogia\" data-balloon-pos=\"up\">PSICOPEDAGOGO<\/span><\/td>\r\n<td class=\"cvagas\">02 + CR<\/td>\r\n<td class=\"cremuneracao\">R$ 3.000,00 \/40h<\/td>\r\n<\/tr><tr>\r\n<td class=\"ccargos\">\r\n<span data-balloon-length=\"medium\" aria-label=\"Gradua\u00e7\u00e3o em Terapia Ocupacional + registro\" data-balloon-pos=\"up\">TERAPEUTA OCUPACIONAL<\/span><\/td>\r\n<td class=\"cvagas\">01 + CR<\/td>\r\n<td class=\"cremuneracao\">R$ 4.679,96 \/30h<\/td>\r\n<\/tr><tr>\r\n<td class=\"ccargos\">\r\n<span data-balloon-length=\"medium\" aria-label=\"Licenciatura plena em Pedagogia ou habilita\u00e7\u00e3o legal\" data-balloon-pos=\"up\">EDUCA\u00c7\u00c3O INFANTIL\/CRECHE<\/span><\/td>\r\n<td class=\"cvagas\">12 + CR<\/td>\r\n<td class=\"cremuneracao\">R$ 2.439,15 \/100h<\/td>\r\n<\/tr><tr>\r\n<td class=\"ccargos\">\r\n<span data-balloon-length=\"medium\" aria-label=\"Licenciatura plena em Pedagogia ou habilita\u00e7\u00e3o legal\" data-balloon-pos=\"up\">ANOS INICIAIS DO ENSINO FUNDAMENTAL (1\u00ba AO 5\u00ba ANO)<\/span><\/td>\r\n<td class=\"cvagas\">12 + CR<\/td>\r\n<td class=\"cremuneracao\">R$ 2.439,15 \/100h<\/td>\r\n<\/tr><tr>\r\n<td class=\"ccargos\">\r\n<span data-balloon-length=\"medium\" aria-label=\"Licenciatura plena espec\u00edfica ou \u00e1rea afim com habilita\u00e7\u00e3o\" data-balloon-pos=\"up\">CI\u00caNCIAS - ANOS FINAIS DO ENSINO FUNDAMENTAL<\/span><\/td>\r\n<td class=\"cvagas\">01 + CR<\/td>\r\n<td class=\"cremuneracao\">R$ 2.439,15 \/100h<\/td>\r\n<\/tr><tr>\r\n<td class=\"ccargos\">\r\n<span data-balloon-length=\"medium\" aria-label=\"Licenciatura plena espec\u00edfica ou \u00e1rea afim com habilita\u00e7\u00e3o\" data-balloon-pos=\"up\">EDUCA\u00c7\u00c3O F\u00cdSICA \u2013 ANOS FINAIS DO ENSINO FUNDAMENTAL<\/span><\/td>\r\n<td class=\"cvagas\">01 + CR<\/td>\r\n<td class=\"cremuneracao\">R$ 2.439,15 \/100h<\/td>\r\n<\/tr><tr>\r\n<td class=\"ccargos\">\r\n<span data-balloon-length=\"medium\" aria-label=\"Licenciatura plena espec\u00edfica ou \u00e1rea afim com habilita\u00e7\u00e3o\" data-balloon-pos=\"up\">GEOGRAFIA \u2013 ANOS FINAIS DO ENSINO FUNDAMENTAL<\/span><\/td>\r\n<td class=\"cvagas\">01 + CR<\/td>\r\n<td class=\"cremuneracao\">R$ 2.439,15 \/100h<\/td>\r\n<\/tr><tr>\r\n<td class=\"ccargos\">\r\n<span data-balloon-length=\"medium\" aria-label=\"Licenciatura plena espec\u00edfica ou \u00e1rea afim com habilita\u00e7\u00e3o\" data-balloon-pos=\"up\">HIST\u00d3RIA - ANOS FINAIS DO ENSINO FUNDAMENTAL<\/span><\/td>\r\n<td class=\"cvagas\">01 + CR<\/td>\r\n<td class=\"cremuneracao\">R$ 2.439,15 \/100h<\/td>\r\n<\/tr><tr>\r\n<td class=\"ccargos\">\r\n<span data-balloon-length=\"medium\" aria-label=\"Licenciatura plena espec\u00edfica ou \u00e1rea afim com habilita\u00e7\u00e3o\" data-balloon-pos=\"up\">MATEM\u00c1TICA - ANOS FINAIS DO ENSINO FUNDAMENTAL<\/span><\/td>\r\n<td class=\"cvagas\">06 + CR<\/td>\r\n<td class=\"cremuneracao\">R$ 2.439,15 \/100h<\/td>\r\n<\/tr><tr>\r\n<td class=\"ccargos\">\r\n<span data-balloon-length=\"medium\" aria-label=\"Licenciatura plena espec\u00edfica ou \u00e1rea afim com habilita\u00e7\u00e3o\" data-balloon-pos=\"up\">PORTUGU\u00caS \u2013 ANOS FINAIS DO ENSINO FUNDAMENTAL<\/span><\/td>\r\n<td class=\"cvagas\">02 + CR<\/td>\r\n<td class=\"cremuneracao\">R$ 2.439,15 \/100h<\/td>\r\n<\/tr><tr>\r\n<td class=\"ccargos\">\r\n<span data-balloon-length=\"medium\" aria-label=\"(Letras-Libras) ou \u00e1rea afim com habilita\u00e7\u00e3o\" data-balloon-pos=\"up\">LIBRAS<\/span><\/td>\r\n<td class=\"cvagas\">01 + CR<\/td>\r\n<td class=\"cremuneracao\">R$ 2.439,15 \/100h<\/td>\r\n<\/tr>\r\n    <\/tbody>\r\n  <\/table>\r\n<\/div>"},"_links":{"self":[{"href":"https:\/\/www.agrobase.com.br\/concursos\/wp-json\/wp\/v2\/posts\/275930","targetHints":{"allow":["GET"]}}],"collection":[{"href":"https:\/\/www.agrobase.com.br\/concursos\/wp-json\/wp\/v2\/posts"}],"about":[{"href":"https:\/\/www.agrobase.com.br\/concursos\/wp-json\/wp\/v2\/types\/post"}],"author":[{"embeddable":true,"href":"https:\/\/www.agrobase.com.br\/concursos\/wp-json\/wp\/v2\/users\/5229"}],"replies":[{"embeddable":true,"href":"https:\/\/www.agrobase.com.br\/concursos\/wp-json\/wp\/v2\/comments?post=275930"}],"version-history":[{"count":3,"href":"https:\/\/www.agrobase.com.br\/concursos\/wp-json\/wp\/v2\/posts\/275930\/revisions"}],"predecessor-version":[{"id":275940,"href":"https:\/\/www.agrobase.com.br\/concursos\/wp-json\/wp\/v2\/posts\/275930\/revisions\/275940"}],"wp:featuredmedia":[{"embeddable":true,"href":"https:\/\/www.agrobase.com.br\/concursos\/wp-json\/wp\/v2\/media\/275929"}],"wp:attachment":[{"href":"https:\/\/www.agrobase.com.br\/concursos\/wp-json\/wp\/v2\/media?parent=275930"}],"wp:term":[{"taxonomy":"category","embeddable":true,"href":"https:\/\/www.agrobase.com.br\/concursos\/wp-json\/wp\/v2\/categories?post=275930"},{"taxonomy":"post_tag","embeddable":true,"href":"https:\/\/www.agrobase.com.br\/concursos\/wp-json\/wp\/v2\/tags?post=275930"},{"taxonomy":"_amplo","embeddable":true,"href":"https:\/\/www.agrobase.com.br\/concursos\/wp-json\/wp\/v2\/_amplo?post=275930"},{"taxonomy":"destaque","embeddable":true,"href":"https:\/\/www.agrobase.com.br\/concursos\/wp-json\/wp\/v2\/destaque?post=275930"},{"taxonomy":"instituicoes","embeddable":true,"href":"https:\/\/www.agrobase.com.br\/concursos\/wp-json\/wp\/v2\/instituicoes?post=275930"}],"curies":[{"name":"wp","href":"https:\/\/api.w.org\/{rel}","templated":true}]}}