{"id":275894,"date":"2025-12-26T07:45:56","date_gmt":"2025-12-26T10:45:56","guid":{"rendered":"https:\/\/www.agrobase.com.br\/concursos\/?p=275894"},"modified":"2025-12-24T11:14:12","modified_gmt":"2025-12-24T14:14:12","slug":"prefeitura-oriente-sp-concurso-01-2025","status":"publish","type":"post","link":"https:\/\/www.agrobase.com.br\/concursos\/2025\/prefeitura-oriente-sp-concurso-01-2025\/","title":{"rendered":"Prefeitura Oriente (SP) &#8211; Concurso 01\/2025"},"content":{"rendered":"<h2>Informa\u00e7\u00f5es Gerais<\/h2>\n<p>A <strong>Prefeitura Municipal de Oriente<\/strong>, no estado de S\u00e3o Paulo, publicou o edital n\u00ba 01\/2025 para a realiza\u00e7\u00e3o de um novo Concurso P\u00fablico. O certame, organizado pelo <strong>Instituto IBEPP<\/strong>, visa o preenchimento imediato de <strong>20 vagas<\/strong> para cargos de provimento efetivo, sob o Regime Geral de Previd\u00eancia Social (RGPS).<\/p>\n<p>As oportunidades contemplam candidatos com n\u00edveis de escolaridade <strong>Fundamental, M\u00e9dio\/T\u00e9cnico e Superior<\/strong>, oferecendo remunera\u00e7\u00f5es que variam entre <strong>R$ 1.642,27 e R$ 6.013,32<\/strong>. As vagas est\u00e3o distribu\u00eddas entre setores administrativos, operacionais, jur\u00eddicos e de sa\u00fade.<\/p>\n<p>Entre as oportunidades de n\u00edvel superior, destaca-se a vaga para <strong>Nutricionista<\/strong>, \u00e1rea de grande relev\u00e2ncia para o quadro municipal. H\u00e1 tamb\u00e9m chances para Enfermeiro, Fisioterapeuta, Psic\u00f3logo, Dentista, Procurador, al\u00e9m de cargos operacionais como Motoristas e Eletricista. Confira a seguir os detalhes essenciais para garantir sua participa\u00e7\u00e3o.<\/p>\n<h2>Inscri\u00e7\u00f5es<\/h2>\n<p>Os interessados em participar do Concurso P\u00fablico da Prefeitura de Oriente devem realizar a inscri\u00e7\u00e3o exclusivamente pela internet, atrav\u00e9s do site do <strong>Instituto IBEPP<\/strong>. O per\u00edodo de candidaturas permanece aberto at\u00e9 o dia <strong>18 de janeiro de 2026<\/strong>.<\/p>\n<p>Para efetivar a participa\u00e7\u00e3o, o candidato deve preencher o formul\u00e1rio online e emitir o boleto banc\u00e1rio. O pagamento da taxa de inscri\u00e7\u00e3o deve ser efetuado em qualquer ag\u00eancia banc\u00e1ria ou casa lot\u00e9rica at\u00e9 o dia <strong>19 de janeiro de 2026<\/strong>. \u00c9 fundamental que o candidato verifique no edital oficial os valores correspondentes ao n\u00edvel de escolaridade do cargo pretendido, uma vez que o n\u00e3o pagamento dentro do prazo implica no cancelamento da inscri\u00e7\u00e3o.<\/p>\n<p>Recomenda-se que, ap\u00f3s o pagamento, o candidato acesse a <em>\u00c1rea do Candidato<\/em> no site da organizadora para confirmar o deferimento de sua inscri\u00e7\u00e3o e acompanhar eventuais comunicados. A leitura atenta do edital completo \u00e9 indispens\u00e1vel para conhecer todos os requisitos e regras de isen\u00e7\u00e3o, se houver.<\/p>\n<h2>Etapas e Provas<\/h2>\n<p>O processo seletivo ser\u00e1 composto por diferentes etapas, variando conforme a complexidade e a natureza de cada cargo. A etapa comum a todos os candidatos \u00e9 a <strong>Prova Objetiva<\/strong>, de car\u00e1ter eliminat\u00f3rio e classificat\u00f3rio, prevista para ser aplicada no dia <strong>01 de fevereiro de 2026<\/strong>.<\/p>\n<ul>\n<li><strong>Prova Objetiva:<\/strong> Composta por 40 quest\u00f5es de m\u00faltipla escolha. A dura\u00e7\u00e3o ser\u00e1 de 3 horas para a maioria dos cargos e de 4 horas para Procurador Jur\u00eddico. As disciplinas e o conte\u00fado program\u00e1tico devem ser consultados nos anexos do edital.<\/li>\n<li><strong>Prova Pr\u00e1tica:<\/strong> Etapa exclusiva para os cargos de <strong>Eletricista e Motoristas<\/strong> (todas as categorias). Ser\u00e3o convocados apenas os candidatos classificados at\u00e9 a 10\u00aa posi\u00e7\u00e3o na prova objetiva. Esta fase avalia a capacidade t\u00e9cnica e operacional do candidato.<\/li>\n<li><strong>Prova Dissertativa (Pe\u00e7a Pr\u00e1tica):<\/strong> Exclusiva para o cargo de <strong>Procurador Jur\u00eddico<\/strong>. Ser\u00e1 realizada no mesmo dia e hor\u00e1rio da prova objetiva, consistindo na elabora\u00e7\u00e3o de um parecer jur\u00eddico.<\/li>\n<li><strong>Prova de T\u00edtulos:<\/strong> De car\u00e1ter apenas classificat\u00f3rio, destinada aos cargos de <strong>N\u00edvel Superior<\/strong>. A pontua\u00e7\u00e3o m\u00e1xima \u00e9 de 10 pontos, considerando Doutorado, Mestrado e P\u00f3s-Gradua\u00e7\u00e3o. O envio dos documentos deve ser feito digitalmente (upload) na \u00e1rea do candidato durante o per\u00edodo de inscri\u00e7\u00f5es.<\/li>\n<\/ul>\n<p>Para obter a aprova\u00e7\u00e3o na prova objetiva, o candidato deve alcan\u00e7ar a pontua\u00e7\u00e3o m\u00ednima estabelecida no edital. Consulte o documento oficial para detalhes sobre o conte\u00fado program\u00e1tico e crit\u00e9rios espec\u00edficos de avalia\u00e7\u00e3o.<\/p>\n<h2>Resultados e Gabarito<\/h2>\n<p>O cronograma do concurso prev\u00ea a divulga\u00e7\u00e3o dos <strong>gabaritos preliminares<\/strong> no dia 02 de fevereiro de 2026, logo ap\u00f3s a realiza\u00e7\u00e3o das provas. Os recursos poder\u00e3o ser interpostos conforme as regras do edital, e a divulga\u00e7\u00e3o dos <strong>gabaritos definitivos<\/strong> est\u00e1 agendada para 13 de fevereiro de 2026.<\/p>\n<p>A <strong>Classifica\u00e7\u00e3o Final<\/strong> e a <strong>Homologa\u00e7\u00e3o<\/strong> do concurso est\u00e3o previstas para o dia <strong>06 de mar\u00e7o de 2026<\/strong>. A classifica\u00e7\u00e3o ser\u00e1 ordenada de forma decrescente de acordo com a nota final. Em caso de empate, ser\u00e3o aplicados crit\u00e9rios como maior idade, maior pontua\u00e7\u00e3o em conhecimentos espec\u00edficos, l\u00edngua portuguesa e matem\u00e1tica, sucessivamente.<\/p>\n<p>\u00c9 de inteira responsabilidade do candidato acompanhar todas as publica\u00e7\u00f5es, convoca\u00e7\u00f5es e avisos oficiais referentes a este certame, que ser\u00e3o disponibilizados no site do <strong>Instituto IBEPP<\/strong> e no <strong>Di\u00e1rio Oficial do Munic\u00edpio de Oriente<\/strong>.<\/p>\n","protected":false},"excerpt":{"rendered":"<p>Concurso Pref. Oriente (SP) com edital publicado! Vagas p\/ Procurador e Dentista (Fund. a Sup.). Inscri\u00e7\u00f5es a partir de 23\/12. Sal\u00e1rios at\u00e9 R$ 6k. Confira!<\/p>\n","protected":false},"author":5229,"featured_media":275893,"comment_status":"open","ping_status":"open","sticky":false,"template":"","format":"standard","meta":{"_acf_changed":false,"_breakdance_hide_in_design_set":false,"_breakdance_tags":"","footnotes":""},"categories":[10,12,18,23,24,26,143,134],"tags":[62],"_amplo":[],"destaque":[],"instituicoes":[],"class_list":["post-275894","post","type-post","status-publish","format-standard","has-post-thumbnail","hentry","category-direito","category-enfermagem","category-fisioterapia","category-nutricao","category-odontologia","category-psicologia","category-tecnico-odontologia","category-terapia-ocupacional","tag-sao-paulo"],"acf":{"_tipo_vagas":"vagas","_numero_vagas":"","_quadro_vagas":"","_cargos":"diversos","_cargos_especificos":"","_salario_max":"R$ 6013.32","_abertura":"20251223","_encerramento":"20260119","_inscricoes":"https:\/\/portal.institutoibepp.com.br\/","_executora_concurso":"","_instituicao_concurso":[],"_link_adicional":null,"_anexos":null,"_produtos":null,"_vagas":"20 vagas","_salario_min":"R$ 1642.27","_instituicao":"Prefeitura Municipal de Oriente","_edital":"https:\/\/www.agrobase.com.br\/concursos\/wp-content\/uploads\/sites\/4\/2025\/12\/edital-01-2025-prefeitura-oriente-sp.pdf","_anexos_edital":"","_fund_incompleto":"","_fund_completo":"<div>\r\n<table class=\"quadro\">\r\n<thead>\r\n<tr>\r\n<th class=\"hcargo\">Cargo<\/th>\r\n<th class=\"hvagas\">Vagas<\/th>\r\n<th class=\"hremuneracao\">Remunera\u00e7\u00e3o<\/th>\r\n<\/tr>\r\n<\/thead>\r\n    <tbody>\r\n      <td class=\"ccargos\">\r\n<span data-balloon-length=\"medium\" aria-label=\"Ensino Fundamental Completo\" data-balloon-pos=\"up\">ELETRICISTA<\/span><\/td>\r\n<td class=\"cvagas\">01<\/td>\r\n<td class=\"cremuneracao\">R$ 1.642,27 \/40h<\/td>\r\n<\/tr><td class=\"ccargos\">\r\n<span data-balloon-length=\"medium\" aria-label=\"Ensino Fundamental Completo, CNH categoria D ou E e Exame toxicol\u00f3gico\" data-balloon-pos=\"up\">MOTORISTA DE CAMINH\u00c3O<\/span><\/td>\r\n<td class=\"cvagas\">01<\/td>\r\n<td class=\"cremuneracao\">R$ 1.660,69 \/40h<\/td>\r\n<\/tr><td class=\"ccargos\">\r\n<span data-balloon-length=\"medium\" aria-label=\"Ensino Fundamental Completo, CNH categoria D ou E e Exame toxicol\u00f3gico\" data-balloon-pos=\"up\">MOTORISTA I<\/span><\/td>\r\n<td class=\"cvagas\">01<\/td>\r\n<td class=\"cremuneracao\">R$ 1.863,03 \/40h<\/td>\r\n<\/tr><td class=\"ccargos\">\r\n<span data-balloon-length=\"medium\" aria-label=\"Ensino Fundamental Completo, CNH categoria D ou E, curso especializado para condutores de ve\u00edculos de transporte coletivo e especializado para condutores de ve\u00edculos de transporte escolar\" data-balloon-pos=\"up\">MOTORISTA III - \u00d4NIBUS<\/span><\/td>\r\n<td class=\"cvagas\">01<\/td>\r\n<td class=\"cremuneracao\">R$ 2.280,63 \/40h<\/td>\r\n<\/tr><td class=\"ccargos\">\r\n<span data-balloon-length=\"medium\" aria-label=\"Ensino Fundamental Completo, CNH categoria D ou E e Exame toxicol\u00f3gico\" data-balloon-pos=\"up\">MOTORISTA AMBUL\u00c2NCIA<\/span><\/td>\r\n<td class=\"cvagas\">01<\/td>\r\n<td class=\"cremuneracao\">R$ 1.927,33 \/40h<\/td>\r\n<\/tr><td class=\"ccargos\">\r\n<span data-balloon-length=\"medium\" aria-label=\"Ensino Fundamental Completo\" data-balloon-pos=\"up\">SERVI\u00c7OS GERAIS<\/span><\/td>\r\n<td class=\"cvagas\">01<\/td>\r\n<td class=\"cremuneracao\">R$ 1.642,27 \/40h<\/td>\r\n<\/tr>\r\n    <\/tbody>\r\n  <\/table>\r\n<\/div>","_medio":"<div>\r\n<table class=\"quadro\">\r\n<thead>\r\n<tr>\r\n<th class=\"hcargo\">Cargo<\/th>\r\n<th class=\"hvagas\">Vagas<\/th>\r\n<th class=\"hremuneracao\">Remunera\u00e7\u00e3o<\/th>\r\n<\/tr>\r\n<\/thead>\r\n    <tbody>\r\n      <td class=\"ccargos\">\r\n<span data-balloon-length=\"medium\" aria-label=\"Ensino M\u00e9dio Completo\" data-balloon-pos=\"up\">AUXILIAR ADMINISTRATIVO I<\/span><\/td>\r\n<td class=\"cvagas\">01<\/td>\r\n<td class=\"cremuneracao\">R$ 1.938,03 \/40h<\/td>\r\n<\/tr><td class=\"ccargos\">\r\n<span data-balloon-length=\"medium\" aria-label=\"Ensino M\u00e9dio Completo\" data-balloon-pos=\"up\">AUXILIAR ADMINISTRATIVO II<\/span><\/td>\r\n<td class=\"cvagas\">01<\/td>\r\n<td class=\"cremuneracao\">R$ 1.953,33 \/40h<\/td>\r\n<\/tr><td class=\"ccargos\">\r\n<span data-balloon-length=\"medium\" aria-label=\"Ensino M\u00e9dio Completo\" data-balloon-pos=\"up\">AUXILIAR ADMINISTRATIVO III<\/span><\/td>\r\n<td class=\"cvagas\">01<\/td>\r\n<td class=\"cremuneracao\">R$ 2.558,55 \/40h<\/td>\r\n<\/tr><td class=\"ccargos\">\r\n<span data-balloon-length=\"medium\" aria-label=\"Ensino M\u00e9dio Completo e Curso T\u00e9cnico em Farm\u00e1cia\" data-balloon-pos=\"up\">T\u00c9CNICO EM F\u00c1RMACIA<\/span><\/td>\r\n<td class=\"cvagas\">01<\/td>\r\n<td class=\"cremuneracao\">R$ 1.642,27 \/40h<\/td>\r\n<\/tr><td class=\"ccargos\">\r\n<span data-balloon-length=\"medium\" aria-label=\"Ensino M\u00e9dio Completo, Curso T\u00e9cnico Espec\u00edfico na \u00e1rea e Registro no Conselho Regional de Odontologia (CRO)\" data-balloon-pos=\"up\">AUXILIAR DE SA\u00daDE BUCAL<\/span><\/td>\r\n<td class=\"cvagas\">01<\/td>\r\n<td class=\"cremuneracao\">R$ 1.660,69 \/40h<\/td>\r\n<\/tr><td class=\"ccargos\">\r\n<span data-balloon-length=\"medium\" aria-label=\"Ensino M\u00e9dio Completo\" data-balloon-pos=\"up\">RECEPCIONISTA<\/span><\/td>\r\n<td class=\"cvagas\">01<\/td>\r\n<td class=\"cremuneracao\">R$ 1.642,27 \/40h<\/td>\r\n<\/tr><td class=\"ccargos\">\r\n<span data-balloon-length=\"medium\" aria-label=\"Ensino M\u00e9dio Completo\" data-balloon-pos=\"up\">AGENTE DE CONTROLE DE ENDEMIAS (ACE)<\/span><\/td>\r\n<td class=\"cvagas\">01<\/td>\r\n<td class=\"cremuneracao\">R$ 3.036,00 \/40h<\/td>\r\n<\/tr>\r\n    <\/tbody>\r\n  <\/table>\r\n<\/div>","_superior":"<div>\r\n<table class=\"quadro\">\r\n<thead>\r\n<tr>\r\n<th class=\"hcargo\">Cargo<\/th>\r\n<th class=\"hvagas\">Vagas<\/th>\r\n<th class=\"hremuneracao\">Remunera\u00e7\u00e3o<\/th>\r\n<\/tr>\r\n<\/thead>\r\n    <tbody>\r\n      <tr>\r\n<td class=\"ccargos\">\r\n<span data-balloon-length=\"medium\" aria-label=\"Curso Superior em Fisioterapia com registro no Conselho Regional de Fisioterapia\" data-balloon-pos=\"up\">FISIOTERAPEUTA<\/span><\/td>\r\n<td class=\"cvagas\">01<\/td>\r\n<td class=\"cremuneracao\">R$ 2.104,98 \/20h<\/td>\r\n<\/tr><tr>\r\n<td class=\"ccargos\">\r\n<span data-balloon-length=\"medium\" aria-label=\"Curso Superior em Nutri\u00e7\u00e3o com Registro no Conselho Regional de Nutri\u00e7\u00e3o\" data-balloon-pos=\"up\">NUTRICIONISTA<\/span><\/td>\r\n<td class=\"cvagas\">01<\/td>\r\n<td class=\"cremuneracao\">R$ 2.719,26 \/40h<\/td>\r\n<\/tr><tr>\r\n<td class=\"ccargos\">\r\n<span data-balloon-length=\"medium\" aria-label=\"Curso Superior em Psicologia com Registro no Conselho Regional de Psicologia\" data-balloon-pos=\"up\">PSICOLOGO<\/span><\/td>\r\n<td class=\"cvagas\">01<\/td>\r\n<td class=\"cremuneracao\">R$ 2.483,90 \/20h<\/td>\r\n<\/tr><tr>\r\n<td class=\"ccargos\">\r\n<span data-balloon-length=\"medium\" aria-label=\"Curso Superior em Enfermagem com Registro no Conselho Regional de Enfermagem (COREN)\" data-balloon-pos=\"up\">ENFERMEIRO<\/span><\/td>\r\n<td class=\"cvagas\">01<\/td>\r\n<td class=\"cremuneracao\">R$ 2.636,93 \/40h<\/td>\r\n<\/tr><tr>\r\n<td class=\"ccargos\">\r\n<span data-balloon-length=\"medium\" aria-label=\"Bacharelado em Direito e Registro na Ordem dos Advogados do Brasil (OAB) h\u00e1 pelo menos 1 (um) ano\" data-balloon-pos=\"up\">PROCURADOR MUNICIPAL<\/span><\/td>\r\n<td class=\"cvagas\">01<\/td>\r\n<td class=\"cremuneracao\">R$ 2.719,26 \/40h<\/td>\r\n<\/tr><tr>\r\n<td class=\"ccargos\">\r\n<span data-balloon-length=\"medium\" aria-label=\"Curso Superior em Odontologia com Registro no Conselho Regional de Odontologia (CRO)\" data-balloon-pos=\"up\">DENTISTA SA\u00daDE DA FAMILIA<\/span><\/td>\r\n<td class=\"cvagas\">01<\/td>\r\n<td class=\"cremuneracao\">R$ 6.013,32 \/40h<\/td>\r\n<\/tr><tr>\r\n<td class=\"ccargos\">\r\n<span data-balloon-length=\"medium\" aria-label=\"Curso Superior em Terapia Ocupacional com Registro no Conselho Regional de Fisioterapia e Terapia Ocupacional\" data-balloon-pos=\"up\">TERAPEUTA OCUPACIONAL<\/span><\/td>\r\n<td class=\"cvagas\">01<\/td>\r\n<td class=\"cremuneracao\">R$ 2.104,98 \/20h<\/td>\r\n<\/tr>\r\n    <\/tbody>\r\n  <\/table>\r\n<\/div>"},"_links":{"self":[{"href":"https:\/\/www.agrobase.com.br\/concursos\/wp-json\/wp\/v2\/posts\/275894","targetHints":{"allow":["GET"]}}],"collection":[{"href":"https:\/\/www.agrobase.com.br\/concursos\/wp-json\/wp\/v2\/posts"}],"about":[{"href":"https:\/\/www.agrobase.com.br\/concursos\/wp-json\/wp\/v2\/types\/post"}],"author":[{"embeddable":true,"href":"https:\/\/www.agrobase.com.br\/concursos\/wp-json\/wp\/v2\/users\/5229"}],"replies":[{"embeddable":true,"href":"https:\/\/www.agrobase.com.br\/concursos\/wp-json\/wp\/v2\/comments?post=275894"}],"version-history":[{"count":2,"href":"https:\/\/www.agrobase.com.br\/concursos\/wp-json\/wp\/v2\/posts\/275894\/revisions"}],"predecessor-version":[{"id":275962,"href":"https:\/\/www.agrobase.com.br\/concursos\/wp-json\/wp\/v2\/posts\/275894\/revisions\/275962"}],"wp:featuredmedia":[{"embeddable":true,"href":"https:\/\/www.agrobase.com.br\/concursos\/wp-json\/wp\/v2\/media\/275893"}],"wp:attachment":[{"href":"https:\/\/www.agrobase.com.br\/concursos\/wp-json\/wp\/v2\/media?parent=275894"}],"wp:term":[{"taxonomy":"category","embeddable":true,"href":"https:\/\/www.agrobase.com.br\/concursos\/wp-json\/wp\/v2\/categories?post=275894"},{"taxonomy":"post_tag","embeddable":true,"href":"https:\/\/www.agrobase.com.br\/concursos\/wp-json\/wp\/v2\/tags?post=275894"},{"taxonomy":"_amplo","embeddable":true,"href":"https:\/\/www.agrobase.com.br\/concursos\/wp-json\/wp\/v2\/_amplo?post=275894"},{"taxonomy":"destaque","embeddable":true,"href":"https:\/\/www.agrobase.com.br\/concursos\/wp-json\/wp\/v2\/destaque?post=275894"},{"taxonomy":"instituicoes","embeddable":true,"href":"https:\/\/www.agrobase.com.br\/concursos\/wp-json\/wp\/v2\/instituicoes?post=275894"}],"curies":[{"name":"wp","href":"https:\/\/api.w.org\/{rel}","templated":true}]}}