{"id":275839,"date":"2025-12-24T07:20:24","date_gmt":"2025-12-24T10:20:24","guid":{"rendered":"https:\/\/www.agrobase.com.br\/concursos\/?p=275839"},"modified":"2025-12-23T19:19:40","modified_gmt":"2025-12-23T22:19:40","slug":"prefeitura-passos-maia-sc-concurso-02-2025","status":"publish","type":"post","link":"https:\/\/www.agrobase.com.br\/concursos\/2025\/prefeitura-passos-maia-sc-concurso-02-2025\/","title":{"rendered":"Prefeitura Passos Maia (SC) &#8211; Concurso 02\/2025"},"content":{"rendered":"<h2>Informa\u00e7\u00f5es Gerais<\/h2>\n<p>O <strong>Munic\u00edpio de Passos Maia<\/strong> tornou p\u00fablico o edital de seu novo Concurso P\u00fablico, destinado ao provimento de <strong>40 vagas imediatas<\/strong> mais forma\u00e7\u00e3o de Cadastro Reserva. O certame \u00e9 organizado pela empresa <strong>Legalle Concursos<\/strong> e visa contratar profissionais sob o <strong>Regime Estatut\u00e1rio<\/strong>, garantindo estabilidade ao servidor p\u00fablico.<\/p>\n<p>As oportunidades contemplam candidatos de todos os n\u00edveis de escolaridade: fundamental (alfabetizado, incompleto e completo), m\u00e9dio, t\u00e9cnico e superior. H\u00e1 vagas distribu\u00eddas entre diversos setores da administra\u00e7\u00e3o municipal, incluindo sa\u00fade, educa\u00e7\u00e3o, obras e administrativo.<\/p>\n<p>Para os profissionais das \u00e1reas de Ci\u00eancias Agr\u00e1rias, Sa\u00fade e Engenharia, destacamos as oportunidades para <strong>M\u00e9dico Veterin\u00e1rio<\/strong>, <strong>Nutricionista<\/strong>, <strong>T\u00e9cnico em Agropecu\u00e1ria<\/strong>, <strong>Engenheiro Civil<\/strong> e <strong>Professor de Ci\u00eancias<\/strong>. Continue a leitura para conferir os prazos, etapas e detalhes essenciais desta sele\u00e7\u00e3o.<\/p>\n<h2>Inscri\u00e7\u00f5es<\/h2>\n<p>As inscri\u00e7\u00f5es para o Concurso P\u00fablico de Passos Maia devem ser realizadas exclusivamente pela internet, atrav\u00e9s do site da organizadora <strong>Legalle Concursos<\/strong>. \u00c9 fundamental que o candidato leia atentamente o edital antes de preencher o formul\u00e1rio eletr\u00f4nico.<\/p>\n<p>Os valores das taxas de inscri\u00e7\u00e3o foram definidos de acordo com o n\u00edvel de escolaridade do cargo pretendido:<\/p>\n<ul>\n<li><strong>N\u00edvel Fundamental\/Alfabetizado:<\/strong> R$ 80,00<\/li>\n<li><strong>N\u00edvel M\u00e9dio e T\u00e9cnico:<\/strong> R$ 100,00<\/li>\n<li><strong>N\u00edvel Superior:<\/strong> R$ 130,00<\/li>\n<\/ul>\n<p>Candidatos que cumpram os requisitos legais podem solicitar a <strong>isen\u00e7\u00e3o da taxa<\/strong> entre os dias <strong>22 e 27 de dezembro de 2025<\/strong>. Para os demais, o pagamento deve ser efetuado via boleto banc\u00e1rio at\u00e9 o \u00faltimo dia de inscri\u00e7\u00f5es, respeitando o hor\u00e1rio limite de compensa\u00e7\u00e3o banc\u00e1ria.<\/p>\n<p>Recomendamos que, ap\u00f3s a inscri\u00e7\u00e3o, o candidato acesse periodicamente a \u00c1rea do Candidato para confirmar a homologa\u00e7\u00e3o e imprimir o Cart\u00e3o de Confirma\u00e7\u00e3o de Inscri\u00e7\u00e3o.<\/p>\n<h2>Etapas e Provas<\/h2>\n<p>A avalia\u00e7\u00e3o dos candidatos ser\u00e1 composta por diferentes etapas, variando conforme o cargo escolhido. A etapa comum a todos \u00e9 a <strong>Prova Te\u00f3rico-Objetiva<\/strong>, de car\u00e1ter eliminat\u00f3rio e classificat\u00f3rio, prevista para ser aplicada no dia <strong>31 de janeiro de 2026<\/strong>. Esta prova ter\u00e1 dura\u00e7\u00e3o de 3 horas e consistir\u00e1 em quest\u00f5es de m\u00faltipla escolha com quatro alternativas.<\/p>\n<p>Confira abaixo as etapas espec\u00edficas por grupo de cargos:<\/p>\n<ul>\n<li><strong>Cargos Gerais (Sa\u00fade, Administrativo, Obras, etc.):<\/strong> Apenas Prova Te\u00f3rico-Objetiva.<\/li>\n<li><strong>Professores:<\/strong> Prova Te\u00f3rico-Objetiva e <strong>Prova de T\u00edtulos<\/strong> (classificat\u00f3ria).<\/li>\n<li><strong>Motoristas e Operadores de M\u00e1quinas:<\/strong> Prova Te\u00f3rico-Objetiva e <strong>Prova Pr\u00e1tica<\/strong> (eliminat\u00f3ria e classificat\u00f3ria).<\/li>\n<\/ul>\n<p>Para ser considerado aprovado na prova objetiva, o candidato deve obter nota total igual ou superior a 50% dos pontos. A Prova Pr\u00e1tica ser\u00e1 realizada em data posterior, apenas para os candidatos aprovados na fase te\u00f3rica, conforme convoca\u00e7\u00e3o espec\u00edfica. Para detalhes sobre o conte\u00fado program\u00e1tico e crit\u00e9rios de pontua\u00e7\u00e3o, a leitura integral do edital \u00e9 indispens\u00e1vel.<\/p>\n<h2>Resultados e Gabarito<\/h2>\n<p>O cronograma do concurso prev\u00ea a divulga\u00e7\u00e3o do gabarito preliminar da prova objetiva para o dia <strong>02 de fevereiro de 2026<\/strong>. Os candidatos poder\u00e3o interpor recursos conforme os prazos estipulados no edital. O resultado da prova te\u00f3rico-objetiva est\u00e1 previsto para 18 de fevereiro de 2026.<\/p>\n<p>A classifica\u00e7\u00e3o final levar\u00e1 em conta a soma das notas de todas as etapas aplic\u00e1veis. Em caso de empate, ter\u00e3o prefer\u00eancia os candidatos com idade igual ou superior a 60 anos, seguidos por crit\u00e9rios como maior nota na prova objetiva, prova de t\u00edtulos, prova pr\u00e1tica e conhecimentos espec\u00edficos, sucessivamente.<\/p>\n<p>A <strong>homologa\u00e7\u00e3o final<\/strong> do concurso est\u00e1 prevista para <strong>25 de mar\u00e7o de 2026<\/strong>. O certame ter\u00e1 validade de dois anos, podendo ser prorrogado uma \u00fanica vez por igual per\u00edodo.<\/p>\n<p>\u00c9 de inteira responsabilidade do candidato acompanhar todas as publica\u00e7\u00f5es, convoca\u00e7\u00f5es e avisos oficiais diretamente no site da <strong>Legalle Concursos<\/strong> e no Di\u00e1rio Oficial, n\u00e3o havendo qualquer comunica\u00e7\u00e3o individual por parte da banca fora da \u00e1rea restrita.<\/p>\n","protected":false},"excerpt":{"rendered":"<p>Concurso Pref. Passos Maia (SC) com edital publicado! Vagas p\/ M\u00e9dico e Professor (Fund. a Sup.). Inscri\u00e7\u00f5es a partir de 22\/12. Sal\u00e1rios at\u00e9 R$19,6k. Confira!<\/p>\n","protected":false},"author":5229,"featured_media":275838,"comment_status":"open","ping_status":"open","sticky":false,"template":"","format":"standard","meta":{"_acf_changed":false,"_breakdance_hide_in_design_set":false,"_breakdance_tags":"","footnotes":""},"categories":[5,145,6433,141,6434,12,14,17,18,19,6871,21,22,23,24,25,26,101,30,108,130,143,134],"tags":[61],"_amplo":[],"destaque":[],"instituicoes":[],"class_list":["post-275839","post","type-post","status-publish","format-standard","has-post-thumbnail","hentry","category-arquitetura","category-artes-cenicas","category-biologia-licenciatura","category-educacao-artistica","category-educacao-fisica-licenciatura","category-enfermagem","category-engenharia","category-farmacia","category-fisioterapia","category-fonoaudiologia","category-letras-ingles","category-medicina","category-veterinaria","category-nutricao","category-odontologia","category-pedagogia","category-psicologia","category-servico-social","category-tecnico-agropecuaria","category-tecnico-enfermagem","category-tecnico-informatica","category-tecnico-odontologia","category-terapia-ocupacional","tag-santa-catarina"],"acf":{"_tipo_vagas":"vagas","_numero_vagas":"","_quadro_vagas":"","_cargos":"diversos","_cargos_especificos":"","_salario_max":"R$ 19681.74","_abertura":"20251222","_encerramento":"20260112","_inscricoes":"https:\/\/www.legalleconcursos.com.br","_executora_concurso":"","_instituicao_concurso":[],"_link_adicional":null,"_anexos":null,"_produtos":null,"_vagas":"40 vagas + CR","_salario_min":"R$ 1518","_instituicao":"Prefeitura Passos Maia","_edital":"https:\/\/www.agrobase.com.br\/concursos\/wp-content\/uploads\/sites\/4\/2025\/12\/edital-02-2025-prefeitura-passos-maia-sc.pdf","_anexos_edital":"","_fund_incompleto":"<div>\r\n<table class=\"quadro\">\r\n<thead>\r\n<tr>\r\n<th class=\"hcargo\">Cargo<\/th>\r\n<th class=\"hvagas\">Vagas<\/th>\r\n<th class=\"hremuneracao\">Remunera\u00e7\u00e3o<\/th>\r\n<\/tr>\r\n<\/thead>\r\n    <tbody>\r\n      <td class=\"ccargos\">\r\n<span data-balloon-length=\"medium\" aria-label=\"Ser alfabetizado.\" data-balloon-pos=\"up\">Auxiliar de Servi\u00e7os Gerais<\/span><\/td>\r\n<td class=\"cvagas\">01 + CR<\/td>\r\n<td class=\"cremuneracao\">R$ 1.518,00 \/40h<\/td>\r\n<\/tr><td class=\"ccargos\">\r\n<span data-balloon-length=\"medium\" aria-label=\"Ser alfabetizado.\" data-balloon-pos=\"up\">Auxiliar de Servi\u00e7os Gerais Escolares<\/span><\/td>\r\n<td class=\"cvagas\">01 + CR<\/td>\r\n<td class=\"cremuneracao\">R$ 1.518,00 \/40h<\/td>\r\n<\/tr><td class=\"ccargos\">\r\n<span data-balloon-length=\"medium\" aria-label=\"Alfabetizado.\" data-balloon-pos=\"up\">Gari<\/span><\/td>\r\n<td class=\"cvagas\">01 + CR<\/td>\r\n<td class=\"cremuneracao\">R$ 1.518,00 \/40h<\/td>\r\n<\/tr><td class=\"ccargos\">\r\n<span data-balloon-length=\"medium\" aria-label=\"Ser alfabetizado.\" data-balloon-pos=\"up\">Instrutor de Trabalhos Artesanais<\/span><\/td>\r\n<td class=\"cvagas\">01 + CR<\/td>\r\n<td class=\"cremuneracao\">R$ 1.670,00 \/40h<\/td>\r\n<\/tr>\r\n    <\/tbody>\r\n  <\/table>\r\n<\/div>","_fund_completo":"<div>\r\n<table class=\"quadro\">\r\n<thead>\r\n<tr>\r\n<th class=\"hcargo\">Cargo<\/th>\r\n<th class=\"hvagas\">Vagas<\/th>\r\n<th class=\"hremuneracao\">Remunera\u00e7\u00e3o<\/th>\r\n<\/tr>\r\n<\/thead>\r\n    <tbody>\r\n      <td class=\"ccargos\">\r\n<span data-balloon-length=\"medium\" aria-label=\"Ensino fundamental s\u00e9ries finais, m\u00ednimo de 21 anos completos e Carteira Nacional de Habilita\u00e7\u00e3o - categoria D.\" data-balloon-pos=\"up\">Motorista de Ve\u00edculos Pesados<\/span><\/td>\r\n<td class=\"cvagas\">01 + CR<\/td>\r\n<td class=\"cremuneracao\">R$ 2.540,37 \/40h<\/td>\r\n<\/tr><td class=\"ccargos\">\r\n<span data-balloon-length=\"medium\" aria-label=\"Ensino Fundamental s\u00e9ries finais, Carteira Nacional de Habilita\u00e7\u00e3o, obedecida \u00e0 legisla\u00e7\u00e3o de tr\u00e2nsito e categoria, conforme o tipo de ve\u00edculo a ser conduzido.\" data-balloon-pos=\"up\">Operador de M\u00e1quinas<\/span><\/td>\r\n<td class=\"cvagas\">01 + CR<\/td>\r\n<td class=\"cremuneracao\">R$ 2.540,37 \/40h<\/td>\r\n<\/tr><td class=\"ccargos\">\r\n<span data-balloon-length=\"medium\" aria-label=\"Ensino Fundamental s\u00e9ries finais, Carteira Nacional de Habilita\u00e7\u00e3o, obedecida \u00e0 legisla\u00e7\u00e3o de tr\u00e2nsito e categoria C, conforme o tipo de ve\u00edculo a ser conduzido.\" data-balloon-pos=\"up\">Operador de M\u00e1quinas Pesadas<\/span><\/td>\r\n<td class=\"cvagas\">01 + CR<\/td>\r\n<td class=\"cremuneracao\">R$ 3.464,15 \/40h<\/td>\r\n<\/tr><td class=\"ccargos\">\r\n<span data-balloon-length=\"medium\" aria-label=\"Ensino Fundamental s\u00e9ries finais.\" data-balloon-pos=\"up\">Pedreiro<\/span><\/td>\r\n<td class=\"cvagas\">CR<\/td>\r\n<td class=\"cremuneracao\">R$ 2.119,16 \/40h<\/td>\r\n<\/tr><td class=\"ccargos\">\r\n<span data-balloon-length=\"medium\" aria-label=\"Ensino Fundamental S\u00e9ries Finais e Curso de vigilante.\" data-balloon-pos=\"up\">Vigia<\/span><\/td>\r\n<td class=\"cvagas\">01 + CR<\/td>\r\n<td class=\"cremuneracao\">R$ 2.404,06 \/40h<\/td>\r\n<\/tr>\r\n    <\/tbody>\r\n  <\/table>\r\n<\/div>","_medio":"<div>\r\n<table class=\"quadro\">\r\n<thead>\r\n<tr>\r\n<th class=\"hcargo\">Cargo<\/th>\r\n<th class=\"hvagas\">Vagas<\/th>\r\n<th class=\"hremuneracao\">Remunera\u00e7\u00e3o<\/th>\r\n<\/tr>\r\n<\/thead>\r\n    <tbody>\r\n      <td class=\"ccargos\">\r\n<span data-balloon-length=\"medium\" aria-label=\"Ensino m\u00e9dio. Residir na micro\u00e1rea (Linha Tigre e Assentamento Sapateiro).\" data-balloon-pos=\"up\">Agente Comunit\u00e1rio de Sa\u00fade - Linha Tigre e Sapateiro<\/span><\/td>\r\n<td class=\"cvagas\">01<\/td>\r\n<td class=\"cremuneracao\">R$ 3.036,00 \/40h<\/td>\r\n<\/tr><td class=\"ccargos\">\r\n<span data-balloon-length=\"medium\" aria-label=\"Ensino m\u00e9dio. Residir na micro\u00e1rea (Assentamento Zumbi dos Palmares e Santo Ant\u00f4nio).\" data-balloon-pos=\"up\">Agente Comunit\u00e1rio de Sa\u00fade - Zumbi dos Palmares e Santo Ant\u00f4nio<\/span><\/td>\r\n<td class=\"cvagas\">01<\/td>\r\n<td class=\"cremuneracao\">R$ 3.036,00 \/40h<\/td>\r\n<\/tr><td class=\"ccargos\">\r\n<span data-balloon-length=\"medium\" aria-label=\"Ensino m\u00e9dio. Residir na micro\u00e1rea (Assentamento 20 de novembro).\" data-balloon-pos=\"up\">Agente Comunit\u00e1rio de Sa\u00fade - 20 de Novembro<\/span><\/td>\r\n<td class=\"cvagas\">01<\/td>\r\n<td class=\"cremuneracao\">R$ 3.036,00 \/40h<\/td>\r\n<\/tr><td class=\"ccargos\">\r\n<span data-balloon-length=\"medium\" aria-label=\"Ensino m\u00e9dio. Residir na micro\u00e1rea (Tozzo e Bela Plan\u00edcie).\" data-balloon-pos=\"up\">Agente Comunit\u00e1rio de Sa\u00fade - Tozzo e Bela Plan\u00edcie<\/span><\/td>\r\n<td class=\"cvagas\">01<\/td>\r\n<td class=\"cremuneracao\">R$ 3.036,00 \/40h<\/td>\r\n<\/tr><td class=\"ccargos\">\r\n<span data-balloon-length=\"medium\" aria-label=\"Ensino m\u00e9dio. Residir na micro\u00e1rea (Bairro Nilde Bresciane).\" data-balloon-pos=\"up\">Agente Comunit\u00e1rio de Sa\u00fade - Bairro Nilde Bresciane<\/span><\/td>\r\n<td class=\"cvagas\">01<\/td>\r\n<td class=\"cremuneracao\">R$ 3.036,00 \/40h<\/td>\r\n<\/tr><td class=\"ccargos\">\r\n<span data-balloon-length=\"medium\" aria-label=\"Ensino m\u00e9dio.\" data-balloon-pos=\"up\">Agente de Combate a Endemias<\/span><\/td>\r\n<td class=\"cvagas\">01<\/td>\r\n<td class=\"cremuneracao\">R$ 3.036,00 \/40h<\/td>\r\n<\/tr><td class=\"ccargos\">\r\n<span data-balloon-length=\"medium\" aria-label=\"Ensino M\u00e9dio e T\u00e9cnico em Auxiliar\/Atendente de Farm\u00e1cia e\/ou T\u00e9cnico em Enfermagem.\" data-balloon-pos=\"up\">Atendente de Farm\u00e1cia<\/span><\/td>\r\n<td class=\"cvagas\">01 + CR<\/td>\r\n<td class=\"cremuneracao\">R$ 2.292,04 \/40h<\/td>\r\n<\/tr><td class=\"ccargos\">\r\n<span data-balloon-length=\"medium\" aria-label=\"Ensino m\u00e9dio.\" data-balloon-pos=\"up\">Auxiliar Administrativo<\/span><\/td>\r\n<td class=\"cvagas\">01 + CR<\/td>\r\n<td class=\"cremuneracao\">R$ 1.847,54 \/40h<\/td>\r\n<\/tr><td class=\"ccargos\">\r\n<span data-balloon-length=\"medium\" aria-label=\"Ensino M\u00e9dio completo e Curso de Auxiliar de Sa\u00fade Bucal.\" data-balloon-pos=\"up\">Auxiliar de Sa\u00fade Bucal<\/span><\/td>\r\n<td class=\"cvagas\">01 + CR<\/td>\r\n<td class=\"cremuneracao\">R$ 1.847,54 \/40h<\/td>\r\n<\/tr><td class=\"ccargos\">\r\n<span data-balloon-length=\"medium\" aria-label=\"Ensino M\u00e9dio completo e comprovada atua\u00e7\u00e3o de no m\u00ednimo 2 (dois) anos em Atividade com crian\u00e7a e adolescente.\" data-balloon-pos=\"up\">Educador Social<\/span><\/td>\r\n<td class=\"cvagas\">01 + CR<\/td>\r\n<td class=\"cremuneracao\">R$ 1.847,54 \/40h<\/td>\r\n<\/tr><td class=\"ccargos\">\r\n<span data-balloon-length=\"medium\" aria-label=\"Ensino M\u00e9dio completo com Curso Profissionalizante na \u00c1rea.\" data-balloon-pos=\"up\">Eletricista Manuten\u00e7\u00e3o de Instala\u00e7\u00f5es<\/span><\/td>\r\n<td class=\"cvagas\">01<\/td>\r\n<td class=\"cremuneracao\">R$ 2.540,36 \/20h<\/td>\r\n<\/tr><td class=\"ccargos\">\r\n<span data-balloon-length=\"medium\" aria-label=\"Ensino M\u00e9dio completo com Curso T\u00e9cnico em Edifica\u00e7\u00f5es, com registro, quando necess\u00e1rio, no conselho ou \u00f3rg\u00e3o fiscalizador do exerc\u00edcio na profiss\u00e3o.\" data-balloon-pos=\"up\">Fiscal de Obras e Posturas<\/span><\/td>\r\n<td class=\"cvagas\">01<\/td>\r\n<td class=\"cremuneracao\">R$ 2.119,16 \/40h<\/td>\r\n<\/tr><td class=\"ccargos\">\r\n<span data-balloon-length=\"medium\" aria-label=\"Ensino M\u00e9dio completo com curso na \u00c1rea de Inform\u00e1tica.\" data-balloon-pos=\"up\">Instrutor de Inform\u00e1tica<\/span><\/td>\r\n<td class=\"cvagas\">01 + CR<\/td>\r\n<td class=\"cremuneracao\">R$ 2.292,04 \/40h<\/td>\r\n<\/tr><td class=\"ccargos\">\r\n<span data-balloon-length=\"medium\" aria-label=\"Ensino M\u00e9dio completo com curso profissionalizante na \u00e1rea.\" data-balloon-pos=\"up\">Mec\u00e2nico de M\u00e1quinas Pesadas<\/span><\/td>\r\n<td class=\"cvagas\">01<\/td>\r\n<td class=\"cremuneracao\">R$ 3.531,94 \/40h<\/td>\r\n<\/tr><td class=\"ccargos\">\r\n<span data-balloon-length=\"medium\" aria-label=\"Ensino M\u00e9dio Completo.\" data-balloon-pos=\"up\">Monitor de Creche<\/span><\/td>\r\n<td class=\"cvagas\">01 + CR<\/td>\r\n<td class=\"cremuneracao\">R$ 1.847,54 \/40h<\/td>\r\n<\/tr><td class=\"ccargos\">\r\n<span data-balloon-length=\"medium\" aria-label=\"Ensino M\u00e9dio completo, Carteira Nacional de Habilita\u00e7\u00e3o conforme a legisla\u00e7\u00e3o de tr\u00e2nsito e categoria, conforme o tipo de ve\u00edculo a ser conduzido.\" data-balloon-pos=\"up\">Motorista de Ve\u00edculos Leves<\/span><\/td>\r\n<td class=\"cvagas\">01 + CR<\/td>\r\n<td class=\"cremuneracao\">R$ 2.078,49 \/40h<\/td>\r\n<\/tr><td class=\"ccargos\">\r\n<span data-balloon-length=\"medium\" aria-label=\"Ensino M\u00e9dio completo, com curso T\u00e9cnico em Agropecu\u00e1ria, com registro no \u00f3rg\u00e3o fiscalizador do exerc\u00edcio da profiss\u00e3o.\" data-balloon-pos=\"up\">T\u00e9cnico em Agropecu\u00e1ria<\/span><\/td>\r\n<td class=\"cvagas\">01 + CR<\/td>\r\n<td class=\"cremuneracao\">R$ 2.292,04 \/40h<\/td>\r\n<\/tr><td class=\"ccargos\">\r\n<span data-balloon-length=\"medium\" aria-label=\"Curso T\u00e9cnico de Enfermagem, com registro no \u00f3rg\u00e3o fiscalizador do exerc\u00edcio da profiss\u00e3o.\" data-balloon-pos=\"up\">T\u00e9cnico em Enfermagem<\/span><\/td>\r\n<td class=\"cvagas\">01 + CR<\/td>\r\n<td class=\"cremuneracao\">R$ 2.292,04 \/40h<\/td>\r\n<\/tr><td class=\"ccargos\">\r\n<span data-balloon-length=\"medium\" aria-label=\"Ensino M\u00e9dio e Curso de vigilante sanit\u00e1rio em sa\u00fade.\" data-balloon-pos=\"up\">Vigilante Sanit\u00e1rio<\/span><\/td>\r\n<td class=\"cvagas\">CR<\/td>\r\n<td class=\"cremuneracao\">R$ 2.540,36 \/40h<\/td>\r\n<\/tr>\r\n    <\/tbody>\r\n  <\/table>\r\n<\/div>","_superior":"<div>\r\n<table class=\"quadro\">\r\n<thead>\r\n<tr>\r\n<th class=\"hcargo\">Cargo<\/th>\r\n<th class=\"hvagas\">Vagas<\/th>\r\n<th class=\"hremuneracao\">Remunera\u00e7\u00e3o<\/th>\r\n<\/tr>\r\n<\/thead>\r\n    <tbody>\r\n      <tr>\r\n<td class=\"ccargos\">\r\n<span data-balloon-length=\"medium\" aria-label=\"Gradua\u00e7\u00e3o em Arquitetura e Urbanismo, com registro no \u00f3rg\u00e3o fiscalizador do exerc\u00edcio da profiss\u00e3o.\" data-balloon-pos=\"up\">Arquiteto<\/span><\/td>\r\n<td class=\"cvagas\">01<\/td>\r\n<td class=\"cremuneracao\">R$ 4.568,79 \/40h<\/td>\r\n<\/tr><tr>\r\n<td class=\"ccargos\">\r\n<span data-balloon-length=\"medium\" aria-label=\"Gradua\u00e7\u00e3o em Servi\u00e7o Social, com registro no \u00f3rg\u00e3o fiscalizador do exerc\u00edcio da profiss\u00e3o.\" data-balloon-pos=\"up\">Assistente Social<\/span><\/td>\r\n<td class=\"cvagas\">01 + CR<\/td>\r\n<td class=\"cremuneracao\">R$ 4.568,79 \/30h<\/td>\r\n<\/tr><tr>\r\n<td class=\"ccargos\">\r\n<span data-balloon-length=\"medium\" aria-label=\"Gradua\u00e7\u00e3o em Odontologia, com registro no \u00f3rg\u00e3o fiscalizador do exerc\u00edcio da profiss\u00e3o.\" data-balloon-pos=\"up\">Cirurgi\u00e3o-Dentista<\/span><\/td>\r\n<td class=\"cvagas\">01 + CR<\/td>\r\n<td class=\"cremuneracao\">R$ 6.526,82 \/40h<\/td>\r\n<\/tr><tr>\r\n<td class=\"ccargos\">\r\n<span data-balloon-length=\"medium\" aria-label=\"Gradua\u00e7\u00e3o em Enfermagem e Registro no \u00d3rg\u00e3o fiscalizador do exerc\u00edcio da profiss\u00e3o.\" data-balloon-pos=\"up\">Enfermeiro<\/span><\/td>\r\n<td class=\"cvagas\">01 + CR<\/td>\r\n<td class=\"cremuneracao\">R$ 4.568,79 \/40h<\/td>\r\n<\/tr><tr>\r\n<td class=\"ccargos\">\r\n<span data-balloon-length=\"medium\" aria-label=\"Gradua\u00e7\u00e3o em Engenharia Civil com registro no \u00f3rg\u00e3o fiscalizador do exerc\u00edcio da profiss\u00e3o.\" data-balloon-pos=\"up\">Engenheiro Civil<\/span><\/td>\r\n<td class=\"cvagas\">01<\/td>\r\n<td class=\"cremuneracao\">R$ 6.914,36 \/20h<\/td>\r\n<\/tr><tr>\r\n<td class=\"ccargos\">\r\n<span data-balloon-length=\"medium\" aria-label=\"Ensino Superior completo em Farm\u00e1cia e registro no CRF.\" data-balloon-pos=\"up\">Farmac\u00eautico<\/span><\/td>\r\n<td class=\"cvagas\">01 + CR<\/td>\r\n<td class=\"cremuneracao\">R$ 4.568,79 \/40h<\/td>\r\n<\/tr><tr>\r\n<td class=\"ccargos\">\r\n<span data-balloon-length=\"medium\" aria-label=\"Gradua\u00e7\u00e3o em Fisioterapia com registro no \u00f3rg\u00e3o fiscalizador do exerc\u00edcio da profiss\u00e3o.\" data-balloon-pos=\"up\">Fisioterapeuta<\/span><\/td>\r\n<td class=\"cvagas\">01 + CR<\/td>\r\n<td class=\"cremuneracao\">R$ 3.426,59 \/40h<\/td>\r\n<\/tr><tr>\r\n<td class=\"ccargos\">\r\n<span data-balloon-length=\"medium\" aria-label=\"Gradua\u00e7\u00e3o em Fonoaudiologia com registro no \u00f3rg\u00e3o fiscalizador do exerc\u00edcio da profiss\u00e3o.\" data-balloon-pos=\"up\">Fonoaudi\u00f3logo<\/span><\/td>\r\n<td class=\"cvagas\">01<\/td>\r\n<td class=\"cremuneracao\">R$ 2.097,23 \/40h<\/td>\r\n<\/tr><tr>\r\n<td class=\"ccargos\">\r\n<span data-balloon-length=\"medium\" aria-label=\"Gradua\u00e7\u00e3o em Medicina, com habilita\u00e7\u00e3o espec\u00edfica na \u00e1rea de atua\u00e7\u00e3o, com registro, no conselho ou \u00f3rg\u00e3o fiscalizador do exerc\u00edcio da profiss\u00e3o.\" data-balloon-pos=\"up\">M\u00e9dico Cl\u00ednico Geral<\/span><\/td>\r\n<td class=\"cvagas\">CR<\/td>\r\n<td class=\"cremuneracao\">R$ 19.681,74 \/40h<\/td>\r\n<\/tr><tr>\r\n<td class=\"ccargos\">\r\n<span data-balloon-length=\"medium\" aria-label=\"Gradua\u00e7\u00e3o em Medicina Veterin\u00e1ria, com registro no \u00f3rg\u00e3o fiscalizador do exerc\u00edcio da profiss\u00e3o.\" data-balloon-pos=\"up\">M\u00e9dico Veterin\u00e1rio<\/span><\/td>\r\n<td class=\"cvagas\">CR<\/td>\r\n<td class=\"cremuneracao\">R$ 4.568,79 \/40h<\/td>\r\n<\/tr><tr>\r\n<td class=\"ccargos\">\r\n<span data-balloon-length=\"medium\" aria-label=\"Gradua\u00e7\u00e3o em Nutri\u00e7\u00e3o, com registro no \u00f3rg\u00e3o fiscalizador do exerc\u00edcio da profiss\u00e3o.\" data-balloon-pos=\"up\">Nutricionista<\/span><\/td>\r\n<td class=\"cvagas\">CR<\/td>\r\n<td class=\"cremuneracao\">R$ 4.568,79 \/40h<\/td>\r\n<\/tr><tr>\r\n<td class=\"ccargos\">\r\n<span data-balloon-length=\"medium\" aria-label=\"Licenciatura em Artes, Educa\u00e7\u00e3o Art\u00edstica, Artes Visuais ou Artes C\u00eanicas.\" data-balloon-pos=\"up\">Professor de Arte<\/span><\/td>\r\n<td class=\"cvagas\">01 + CR<\/td>\r\n<td class=\"cremuneracao\">R$ 4.867,88 \/20h<\/td>\r\n<\/tr><tr>\r\n<td class=\"ccargos\">\r\n<span data-balloon-length=\"medium\" aria-label=\"Licenciatura em Ci\u00eancias Biol\u00f3gicas.\" data-balloon-pos=\"up\">Professor de Ci\u00eancias<\/span><\/td>\r\n<td class=\"cvagas\">01<\/td>\r\n<td class=\"cremuneracao\">R$ 4.867,88 \/20h<\/td>\r\n<\/tr><tr>\r\n<td class=\"ccargos\">\r\n<span data-balloon-length=\"medium\" aria-label=\"Licenciatura em Educa\u00e7\u00e3o F\u00edsica.\" data-balloon-pos=\"up\">Professor de Educa\u00e7\u00e3o F\u00edsica<\/span><\/td>\r\n<td class=\"cvagas\">01 + CR<\/td>\r\n<td class=\"cremuneracao\">R$ 4.867,88 \/40h<\/td>\r\n<\/tr><tr>\r\n<td class=\"ccargos\">\r\n<span data-balloon-length=\"medium\" aria-label=\"Licenciatura em Pedagogia com habilita\u00e7\u00e3o em Educa\u00e7\u00e3o Infantil.\" data-balloon-pos=\"up\">Professor de Educa\u00e7\u00e3o Infantil<\/span><\/td>\r\n<td class=\"cvagas\">01 + CR<\/td>\r\n<td class=\"cremuneracao\">R$ 4.867,88 \/20h<\/td>\r\n<\/tr><tr>\r\n<td class=\"ccargos\">\r\n<span data-balloon-length=\"medium\" aria-label=\"Licenciatura em Letras-Ingl\u00eas.\" data-balloon-pos=\"up\">Professor de Ingl\u00eas<\/span><\/td>\r\n<td class=\"cvagas\">01 + CR<\/td>\r\n<td class=\"cremuneracao\">R$ 4.867,88 \/20h<\/td>\r\n<\/tr><tr>\r\n<td class=\"ccargos\">\r\n<span data-balloon-length=\"medium\" aria-label=\"Gradua\u00e7\u00e3o em Psicologia, com registro no \u00f3rg\u00e3o fiscalizador do exerc\u00edcio da profiss\u00e3o.\" data-balloon-pos=\"up\">Psic\u00f3logo<\/span><\/td>\r\n<td class=\"cvagas\">01 + CR<\/td>\r\n<td class=\"cremuneracao\">R$ 4.568,79 \/40h<\/td>\r\n<\/tr><tr>\r\n<td class=\"ccargos\">\r\n<span data-balloon-length=\"medium\" aria-label=\"Gradua\u00e7\u00e3o em Terapia Ocupacional, com registro no conselho ou \u00f3rg\u00e3o fiscalizador do exerc\u00edcio da profiss\u00e3o.\" data-balloon-pos=\"up\">Terapeuta Ocupacional<\/span><\/td>\r\n<td class=\"cvagas\">CR<\/td>\r\n<td class=\"cremuneracao\">R$ 4.568,79 \/40h<\/td>\r\n<\/tr>\r\n    <\/tbody>\r\n  <\/table>\r\n<\/div>"},"_links":{"self":[{"href":"https:\/\/www.agrobase.com.br\/concursos\/wp-json\/wp\/v2\/posts\/275839","targetHints":{"allow":["GET"]}}],"collection":[{"href":"https:\/\/www.agrobase.com.br\/concursos\/wp-json\/wp\/v2\/posts"}],"about":[{"href":"https:\/\/www.agrobase.com.br\/concursos\/wp-json\/wp\/v2\/types\/post"}],"author":[{"embeddable":true,"href":"https:\/\/www.agrobase.com.br\/concursos\/wp-json\/wp\/v2\/users\/5229"}],"replies":[{"embeddable":true,"href":"https:\/\/www.agrobase.com.br\/concursos\/wp-json\/wp\/v2\/comments?post=275839"}],"version-history":[{"count":2,"href":"https:\/\/www.agrobase.com.br\/concursos\/wp-json\/wp\/v2\/posts\/275839\/revisions"}],"predecessor-version":[{"id":275867,"href":"https:\/\/www.agrobase.com.br\/concursos\/wp-json\/wp\/v2\/posts\/275839\/revisions\/275867"}],"wp:featuredmedia":[{"embeddable":true,"href":"https:\/\/www.agrobase.com.br\/concursos\/wp-json\/wp\/v2\/media\/275838"}],"wp:attachment":[{"href":"https:\/\/www.agrobase.com.br\/concursos\/wp-json\/wp\/v2\/media?parent=275839"}],"wp:term":[{"taxonomy":"category","embeddable":true,"href":"https:\/\/www.agrobase.com.br\/concursos\/wp-json\/wp\/v2\/categories?post=275839"},{"taxonomy":"post_tag","embeddable":true,"href":"https:\/\/www.agrobase.com.br\/concursos\/wp-json\/wp\/v2\/tags?post=275839"},{"taxonomy":"_amplo","embeddable":true,"href":"https:\/\/www.agrobase.com.br\/concursos\/wp-json\/wp\/v2\/_amplo?post=275839"},{"taxonomy":"destaque","embeddable":true,"href":"https:\/\/www.agrobase.com.br\/concursos\/wp-json\/wp\/v2\/destaque?post=275839"},{"taxonomy":"instituicoes","embeddable":true,"href":"https:\/\/www.agrobase.com.br\/concursos\/wp-json\/wp\/v2\/instituicoes?post=275839"}],"curies":[{"name":"wp","href":"https:\/\/api.w.org\/{rel}","templated":true}]}}