{"id":275835,"date":"2025-12-24T07:30:49","date_gmt":"2025-12-24T10:30:49","guid":{"rendered":"https:\/\/www.agrobase.com.br\/concursos\/?p=275835"},"modified":"2025-12-23T19:23:40","modified_gmt":"2025-12-23T22:23:40","slug":"fesf-sus-ba-selecao-simplificada-01-2025-2","status":"publish","type":"post","link":"https:\/\/www.agrobase.com.br\/concursos\/2025\/fesf-sus-ba-selecao-simplificada-01-2025-2\/","title":{"rendered":"FESF-SUS (BA) &#8211; Sele\u00e7\u00e3o Simplificada 01\/2025"},"content":{"rendered":"<h2>Informa\u00e7\u00f5es Gerais<\/h2>\n<p>A <strong>Funda\u00e7\u00e3o Estatal Sa\u00fade da Fam\u00edlia (FESF-SUS)<\/strong>, no estado da Bahia, torna p\u00fablica a realiza\u00e7\u00e3o do seu <strong>24\u00ba Processo de Sele\u00e7\u00e3o P\u00fablica Simplificada<\/strong>. O certame visa a contrata\u00e7\u00e3o por prazo determinado, sob regime da Consolida\u00e7\u00e3o das Leis do Trabalho (CLT), para o preenchimento de <strong>128 vagas imediatas<\/strong> mais forma\u00e7\u00e3o de cadastro reserva.<\/p>\n<p>As oportunidades contemplam candidatos de <strong>n\u00edvel m\u00e9dio\/t\u00e9cnico e superior<\/strong>, com lota\u00e7\u00e3o prevista para o munic\u00edpio de Salvador (BA). Os sal\u00e1rios iniciais variam de <strong>R$ 2.378,53 a R$ 16.526,48<\/strong>, a depender do cargo e da carga hor\u00e1ria.<\/p>\n<p>Entre as diversas oportunidades na \u00e1rea da sa\u00fade e administrativa, destacamos as vagas para <strong>Bi\u00f3logo(a)<\/strong>, <strong>Nutricionista<\/strong>, <strong>Engenheiro(a) Civil<\/strong> e <strong>Sanitarista<\/strong>, al\u00e9m de cargos para M\u00e9dicos, Enfermeiros e T\u00e9cnicos. Se voc\u00ea busca uma oportunidade tempor\u00e1ria no servi\u00e7o p\u00fablico baiano, confira a seguir os detalhes essenciais para sua participa\u00e7\u00e3o.<\/p>\n<h2>Inscri\u00e7\u00f5es<\/h2>\n<p>As inscri\u00e7\u00f5es para o processo seletivo da FESF-SUS ser\u00e3o realizadas exclusivamente na modalidade <strong>n\u00e3o presencial (via e-mail)<\/strong>. O candidato deve estar atento ao procedimento espec\u00edfico descrito no edital, que envolve o preenchimento digital do formul\u00e1rio e o envio da documenta\u00e7\u00e3o comprobat\u00f3ria.<\/p>\n<p>Para se inscrever, o interessado deve:<\/p>\n<ul>\n<li>Acessar o site oficial da FESF-SUS e baixar o arquivo \u201cFORMUL\u00c1RIO DE INSCRI\u00c7\u00c3O\u201d;<\/li>\n<li>Preencher os dados digitalmente;<\/li>\n<li>Reunir os documentos comprobat\u00f3rios de requisitos b\u00e1sicos, experi\u00eancia profissional e forma\u00e7\u00e3o complementar;<\/li>\n<li>Digitalizar tudo (preferencialmente em PDF) e nomear os arquivos conforme as regras do edital (ex: RB, EP, FC);<\/li>\n<li>Enviar o formul\u00e1rio e os anexos para o e-mail espec\u00edfico do cargo (listado no subitem 1.8 do edital completo), inserindo no assunto o seu <strong>Nome Completo<\/strong>.<\/li>\n<\/ul>\n<p>\u00c9 fundamental guardar o e-mail de confirma\u00e7\u00e3o de recebimento, pois ele serve como comprovante. N\u00e3o ser\u00e3o aceitas inscri\u00e7\u00f5es presenciais, via fax ou Correios. Recomendamos a leitura atenta do edital para conferir o endere\u00e7o de e-mail correto para a fun\u00e7\u00e3o desejada e evitar a elimina\u00e7\u00e3o sum\u00e1ria por erros formais.<\/p>\n<h2>Etapas e Provas<\/h2>\n<p>A sele\u00e7\u00e3o dos candidatos ser\u00e1 realizada em <strong>duas etapas<\/strong>, sem a aplica\u00e7\u00e3o de provas objetivas escritas. O processo foca na verifica\u00e7\u00e3o documental e na trajet\u00f3ria profissional dos inscritos. As fases s\u00e3o:<\/p>\n<ul>\n<li><strong>Etapa 01 \u2013 Requisito(s) B\u00e1sico(s) (Eliminat\u00f3ria):<\/strong> Confer\u00eancia do atendimento integral \u00e0s exig\u00eancias de escolaridade e registro profissional para o cargo pleiteado. O n\u00e3o atendimento acarreta elimina\u00e7\u00e3o imediata.<\/li>\n<li><strong>Etapa 02 \u2013 An\u00e1lise Curricular (Classificat\u00f3ria e Eliminat\u00f3ria):<\/strong> Pontua\u00e7\u00e3o baseada nas informa\u00e7\u00f5es prestadas no Formul\u00e1rio de Inscri\u00e7\u00e3o e comprovadas pelos documentos enviados por e-mail.<\/li>\n<\/ul>\n<p>A An\u00e1lise Curricular ter\u00e1 pontua\u00e7\u00e3o m\u00e1xima de <strong>100 pontos<\/strong>. Para n\u00e3o ser eliminado nesta fase, o candidato deve obter aproveitamento igual ou superior a <strong>30% do total da pontua\u00e7\u00e3o<\/strong> prevista no Barema. A pontua\u00e7\u00e3o considerar\u00e1 experi\u00eancia profissional e titula\u00e7\u00e3o acad\u00eamica. Para compreender os crit\u00e9rios exatos de pontua\u00e7\u00e3o para o seu cargo, consulte o Anexo IV (Barema) do edital oficial.<\/p>\n<h2>Resultados e Gabarito<\/h2>\n<p>O acompanhamento dos resultados \u00e9 de responsabilidade exclusiva do candidato e deve ser feito atrav\u00e9s do site oficial da FESF-SUS e do Di\u00e1rio Oficial do Estado da Bahia. O cronograma previsto aponta as seguintes datas principais:<\/p>\n<ul>\n<li><strong>Resultado da An\u00e1lise Curricular:<\/strong> 08\/01\/2026;<\/li>\n<li><strong>Divulga\u00e7\u00e3o do Resultado Final e Homologa\u00e7\u00e3o:<\/strong> 14\/01\/2026.<\/li>\n<\/ul>\n<p>Em caso de empate na pontua\u00e7\u00e3o final, ter\u00e3o prefer\u00eancia os candidatos com idade mais elevada, seguidos daqueles com maior tempo de experi\u00eancia comprovada. Os aprovados dentro do n\u00famero de vagas ser\u00e3o convocados conforme a necessidade da administra\u00e7\u00e3o, e os demais compor\u00e3o o cadastro de reserva. Mantenha seus dados de contato sempre atualizados junto \u00e0 organizadora para n\u00e3o perder eventuais convoca\u00e7\u00f5es.<\/p>\n","protected":false},"excerpt":{"rendered":"<p>Sel. Simplificada FESF-SUS (BA) com edital publicado! Vagas p\/ T\u00e9cnico Enfermagem, Enfermeiro (M\u00e9dio\/T\u00e9c. e Sup.). Inscri\u00e7\u00f5es a partir de 22\/12. Confira!<\/p>\n","protected":false},"author":5229,"featured_media":275834,"comment_status":"open","ping_status":"open","sticky":false,"template":"","format":"standard","meta":{"_acf_changed":false,"_breakdance_hide_in_design_set":false,"_breakdance_tags":"","footnotes":""},"categories":[6,6433,9,117,11,6434,12,14,17,18,19,21,23,24,26,101,108,161],"tags":[42],"_amplo":[],"destaque":[],"instituicoes":[],"class_list":["post-275835","post","type-post","status-publish","format-standard","has-post-thumbnail","hentry","category-biologia","category-biologia-licenciatura","category-ciencias-contabeis","category-economia","category-educacao-fisica","category-educacao-fisica-licenciatura","category-enfermagem","category-engenharia","category-farmacia","category-fisioterapia","category-fonoaudiologia","category-medicina","category-nutricao","category-odontologia","category-psicologia","category-servico-social","category-tecnico-enfermagem","category-tecnico-laboratorio","tag-bahia"],"acf":{"_tipo_vagas":"vagas","_numero_vagas":"","_quadro_vagas":"","_cargos":"diversos","_cargos_especificos":"","_salario_max":"R$ 16526.48","_abertura":"20251222","_encerramento":"20251231","_inscricoes":"https:\/\/www.fesfsus.ba.gov.br\/processos-seletivos","_executora_concurso":"","_instituicao_concurso":[],"_link_adicional":null,"_anexos":null,"_produtos":null,"_vagas":"128 vagas + CR","_salario_min":"R$ 2378.53","_instituicao":"FESF-SUS","_edital":"https:\/\/www.agrobase.com.br\/concursos\/wp-content\/uploads\/sites\/4\/2025\/12\/edital-01-2025-fesfsus.pdf","_anexos_edital":"","_fund_incompleto":"","_fund_completo":"","_medio":"<div>\r\n<table class=\"quadro\">\r\n<thead>\r\n<tr>\r\n<th class=\"hcargo\">Cargo<\/th>\r\n<th class=\"hvagas\">Vagas<\/th>\r\n<th class=\"hremuneracao\">Remunera\u00e7\u00e3o<\/th>\r\n<\/tr>\r\n<\/thead>\r\n    <tbody>\r\n      <td class=\"ccargos\">\r\n<span data-balloon-length=\"medium\" aria-label=\"Diploma de ensino m\u00e9dio profissionalizante em T\u00e9cnico de Enfermagem OU curso T\u00e9cnico de Enfermagem, ambos reconhecidos pelo MEC, com registro profissional de T\u00e9cnico(a) de Enfermagem.\" data-balloon-pos=\"up\">T\u00e9cnico(a) de Enfermagem (materno-infantil)<\/span><\/td>\r\n<td class=\"cvagas\">28 + CR<\/td>\r\n<td class=\"cremuneracao\">R$ 2.378,53 \/36h<\/td>\r\n<\/tr><td class=\"ccargos\">\r\n<span data-balloon-length=\"medium\" aria-label=\"Diploma de ensino m\u00e9dio profissionalizante em T\u00e9cnico de Enfermagem OU curso T\u00e9cnico de Enfermagem, ambos reconhecidos pelo MEC, com registro profissional de T\u00e9cnico(a) de Enfermagem.\" data-balloon-pos=\"up\">T\u00e9cnico(a) de Enfermagem (cuidado especializado)<\/span><\/td>\r\n<td class=\"cvagas\">05 + CR<\/td>\r\n<td class=\"cremuneracao\">R$ 2.378,53 \/36h<\/td>\r\n<\/tr><td class=\"ccargos\">\r\n<span data-balloon-length=\"medium\" aria-label=\"Diploma de ensino m\u00e9dio profissionalizante em T\u00e9cnico de Laborat\u00f3rio ou de An\u00e1lises Cl\u00ednicas ou de Patologia Cl\u00ednica, reconhecido pelo MEC, OU curso m\u00e9dio acrescido de curso T\u00e9cnico(a) de Laborat\u00f3rio ou de An\u00e1lises Cl\u00ednicas ou de Patologia Cl\u00ednica, reconhecido pelo MEC, OU Carteira de Identidade Profissional expedida pelo \u00f3rg\u00e3o fiscalizador de exerc\u00edcio da profiss\u00e3o de T\u00e9cnico(a) de Laborat\u00f3rio ou T\u00e9cnico(a) em An\u00e1lises Cl\u00ednicas ou T\u00e9cnico(a) em Patologia Cl\u00ednica.\" data-balloon-pos=\"up\">T\u00e9cnico(a) de Laborat\u00f3rio em An\u00e1lises Cl\u00ednicas<\/span><\/td>\r\n<td class=\"cvagas\">01 + CR<\/td>\r\n<td class=\"cremuneracao\">R$ 2.498,37 \/40h<\/td>\r\n<\/tr><td class=\"ccargos\">\r\n<span data-balloon-length=\"medium\" aria-label=\"Diploma de ensino m\u00e9dio profissionalizante em T\u00e9cnico(a) em Radiologia, reconhecido pelo MEC, OU curso m\u00e9dio acrescido de curso T\u00e9cnico(a) em Radiologia, reconhecido pelo MEC, OU Carteira de Identidade Profissional expedida pelo \u00f3rg\u00e3o fiscalizador de exerc\u00edcio da profiss\u00e3o de T\u00e9cnico(a) em Radiologia.\" data-balloon-pos=\"up\">T\u00e9cnico(a) em Radiologia<\/span><\/td>\r\n<td class=\"cvagas\">01 + CR<\/td>\r\n<td class=\"cremuneracao\">R$ 3.961,56 \/40h<\/td>\r\n<\/tr>\r\n    <\/tbody>\r\n  <\/table>\r\n<\/div>","_superior":"<div>\r\n<table class=\"quadro\">\r\n<thead>\r\n<tr>\r\n<th class=\"hcargo\">Cargo<\/th>\r\n<th class=\"hvagas\">Vagas<\/th>\r\n<th class=\"hremuneracao\">Remunera\u00e7\u00e3o<\/th>\r\n<\/tr>\r\n<\/thead>\r\n    <tbody>\r\n      <tr>\r\n<td class=\"ccargos\">\r\n<span data-balloon-length=\"medium\" aria-label=\"Diploma ou Certificado ou Declara\u00e7\u00e3o\/Atestado ou Hist\u00f3rico Escolar, devidamente registrado, de conclus\u00e3o de curso superior na \u00e1rea de Ci\u00eancias Sociais ou de Exatas, reconhecido pelo Minist\u00e9rio da Educa\u00e7\u00e3o (MEC), expedido\/a por institui\u00e7\u00e3o de ensino credenciada pelo MEC ou Carteira de Identidade Profissional expedida pelo \u00f3rg\u00e3o fiscalizador de exerc\u00edcio da profiss\u00e3o do curso superior na \u00e1rea de Ci\u00eancias Sociais ou de Exatas.\" data-balloon-pos=\"up\">Analista Administrativo<\/span><\/td>\r\n<td class=\"cvagas\">04 + CR<\/td>\r\n<td class=\"cremuneracao\">R$ 4.483,72 \/40h<\/td>\r\n<\/tr><tr>\r\n<td class=\"ccargos\">\r\n<span data-balloon-length=\"medium\" aria-label=\"Diploma ou Certificado ou Declara\u00e7\u00e3o\/Atestado ou Hist\u00f3rico Escolar, devidamente registrado, de conclus\u00e3o de curso superior de gradua\u00e7\u00e3o na \u00e1rea de Ci\u00eancias Cont\u00e1beis, reconhecido pelo Minist\u00e9rio da Educa\u00e7\u00e3o (MEC), expedido\/a por institui\u00e7\u00e3o de ensino credenciada pelo MEC ou Carteira de Identidade Profissional expedida pelo \u00f3rg\u00e3o fiscalizador de exerc\u00edcio da profiss\u00e3o de Contador(a).\" data-balloon-pos=\"up\">Analista Administrativo \u2013 Contador(a)<\/span><\/td>\r\n<td class=\"cvagas\">02 + CR<\/td>\r\n<td class=\"cremuneracao\">R$ 4.483,72 \/40h<\/td>\r\n<\/tr><tr>\r\n<td class=\"ccargos\">\r\n<span data-balloon-length=\"medium\" aria-label=\"Diploma ou Certificado ou Declara\u00e7\u00e3o\/Atestado ou Hist\u00f3rico Escolar, devidamente registrado, de conclus\u00e3o de curso superior de gradua\u00e7\u00e3o em Servi\u00e7o Social, reconhecido pelo Minist\u00e9rio da Educa\u00e7\u00e3o (MEC), expedido\/a por institui\u00e7\u00e3o de ensino credenciada pelo MEC ou Carteira de Identidade Profissional expedida pelo \u00f3rg\u00e3o fiscalizador de exerc\u00edcio da profiss\u00e3o de Assistente Social.\" data-balloon-pos=\"up\">Assistente Social<\/span><\/td>\r\n<td class=\"cvagas\">01 + CR<\/td>\r\n<td class=\"cremuneracao\">R$ 3.715,06 \/30h<\/td>\r\n<\/tr><tr>\r\n<td class=\"ccargos\">\r\n<span data-balloon-length=\"medium\" aria-label=\"Diploma ou Certificado ou Declara\u00e7\u00e3o\/Atestado ou Hist\u00f3rico Escolar, devidamente registrado, de conclus\u00e3o de curso superior de gradua\u00e7\u00e3o em Odontologia, reconhecido pelo Minist\u00e9rio da Educa\u00e7\u00e3o (MEC), expedido\/a por institui\u00e7\u00e3o de ensino credenciada pelo MEC ou Carteira de Identidade Profissional expedida pelo \u00f3rg\u00e3o fiscalizador de exerc\u00edcio da profiss\u00e3o de Odont\u00f3logo(a) ou Cirurgi\u00e3o(a)-Dentista.\" data-balloon-pos=\"up\">Cirurgi\u00e3o(a)-Dentista<\/span><\/td>\r\n<td class=\"cvagas\">01 + CR<\/td>\r\n<td class=\"cremuneracao\">R$ 4.903,32 \/40h<\/td>\r\n<\/tr><tr>\r\n<td class=\"ccargos\">\r\n<span data-balloon-length=\"medium\" aria-label=\"Diploma ou Certificado ou Declara\u00e7\u00e3o\/Atestado ou Hist\u00f3rico Escolar, devidamente registrado, de conclus\u00e3o de curso superior de gradua\u00e7\u00e3o em Economia ou Ci\u00eancias Econ\u00f4micas, reconhecido pelo Minist\u00e9rio da Educa\u00e7\u00e3o (MEC), expedido\/a por institui\u00e7\u00e3o de ensino credenciada pelo MEC ou Carteira de Identidade Profissional expedida pelo \u00f3rg\u00e3o fiscalizador de exerc\u00edcio da profiss\u00e3o de Economista.\" data-balloon-pos=\"up\">Economista<\/span><\/td>\r\n<td class=\"cvagas\">02 + CR<\/td>\r\n<td class=\"cremuneracao\">R$ 4.483,72 \/40h<\/td>\r\n<\/tr><tr>\r\n<td class=\"ccargos\">\r\n<span data-balloon-length=\"medium\" aria-label=\"Diploma ou Certificado ou Declara\u00e7\u00e3o\/Atestado ou Hist\u00f3rico Escolar, devidamente registrado, de conclus\u00e3o de curso superior de gradua\u00e7\u00e3o em Enfermagem, reconhecido pelo Minist\u00e9rio da Educa\u00e7\u00e3o (MEC), expedido\/a por institui\u00e7\u00e3o de ensino credenciada pelo MEC ou Carteira de Identidade Profissional expedida pelo \u00f3rg\u00e3o fiscalizador de exerc\u00edcio da profiss\u00e3o de Enfermeiro(a).\" data-balloon-pos=\"up\">Enfermeiro(a)<\/span><\/td>\r\n<td class=\"cvagas\">12 + CR<\/td>\r\n<td class=\"cremuneracao\">R$ 4.903,32 \/40h<\/td>\r\n<\/tr><tr>\r\n<td class=\"ccargos\">\r\n<span data-balloon-length=\"medium\" aria-label=\"Diploma ou Certificado ou Declara\u00e7\u00e3o\/Atestado ou Hist\u00f3rico Escolar, devidamente registrado, de conclus\u00e3o de curso superior de gradua\u00e7\u00e3o em Engenharia Civil, reconhecido pelo Minist\u00e9rio da Educa\u00e7\u00e3o (MEC), expedido\/a por institui\u00e7\u00e3o de ensino credenciada pelo MEC ou Carteira de Identidade Profissional expedida pelo \u00f3rg\u00e3o fiscalizador de exerc\u00edcio da profiss\u00e3o de Engenheiro(a) Civil.\" data-balloon-pos=\"up\">Engenheiro(a) Civil<\/span><\/td>\r\n<td class=\"cvagas\">CR<\/td>\r\n<td class=\"cremuneracao\">R$ 15.990,25 \/40h<\/td>\r\n<\/tr><tr>\r\n<td class=\"ccargos\">\r\n<span data-balloon-length=\"medium\" aria-label=\"Diploma ou Certificado ou Declara\u00e7\u00e3o\/Atestado ou Hist\u00f3rico Escolar, devidamente registrado, de conclus\u00e3o de curso superior de gradua\u00e7\u00e3o em Engenharia, reconhecido pelo Minist\u00e9rio da Educa\u00e7\u00e3o (MEC), expedido\/a por institui\u00e7\u00e3o de ensino credenciada pelo MEC ou Carteira de Identidade Profissional expedida pelo \u00f3rg\u00e3o fiscalizador de exerc\u00edcio da profiss\u00e3o de Engenheiro(a); e Diploma ou Certificado ou Declara\u00e7\u00e3o\/Atestado ou Hist\u00f3rico Escolar, devidamente registrado\/a, de conclus\u00e3o de curso de especializa\u00e7\u00e3o (lato sensu ou stricto sensu) em Engenharia Cl\u00ednica, reconhecido pelo Minist\u00e9rio da Educa\u00e7\u00e3o (MEC), expedido\/a por institui\u00e7\u00e3o de ensino credenciada pelo MEC.\" data-balloon-pos=\"up\">Engenheiro(a) Cl\u00ednico(a)<\/span><\/td>\r\n<td class=\"cvagas\">CR<\/td>\r\n<td class=\"cremuneracao\">R$ 15.990,25 \/40h<\/td>\r\n<\/tr><tr>\r\n<td class=\"ccargos\">\r\n<span data-balloon-length=\"medium\" aria-label=\"Diploma ou Certificado ou Declara\u00e7\u00e3o\/Atestado ou Hist\u00f3rico Escolar, devidamente registrado, de conclus\u00e3o de curso superior de gradua\u00e7\u00e3o em Farm\u00e1cia, reconhecido pelo Minist\u00e9rio da Educa\u00e7\u00e3o (MEC), expedido\/a por institui\u00e7\u00e3o de ensino credenciada pelo MEC ou Carteira de Identidade Profissional expedida pelo \u00f3rg\u00e3o fiscalizador de exerc\u00edcio da profiss\u00e3o de Farmac\u00eautico(a).\" data-balloon-pos=\"up\">Farmac\u00eautico(a)<\/span><\/td>\r\n<td class=\"cvagas\">02 + CR<\/td>\r\n<td class=\"cremuneracao\">R$ 4.903,32 \/40h<\/td>\r\n<\/tr><tr>\r\n<td class=\"ccargos\">\r\n<span data-balloon-length=\"medium\" aria-label=\"Diploma ou Certificado ou Declara\u00e7\u00e3o\/Atestado ou Hist\u00f3rico Escolar, devidamente registrado, de conclus\u00e3o de curso superior de gradua\u00e7\u00e3o em Fisioterapia, reconhecido pelo Minist\u00e9rio da Educa\u00e7\u00e3o (MEC), expedido\/a por institui\u00e7\u00e3o de ensino credenciada pelo MEC ou Carteira de Identidade Profissional expedida pelo \u00f3rg\u00e3o fiscalizador de exerc\u00edcio da profiss\u00e3o de Fisioterapeuta.\" data-balloon-pos=\"up\">Fisioterapeuta<\/span><\/td>\r\n<td class=\"cvagas\">02 + CR<\/td>\r\n<td class=\"cremuneracao\">R$ 3.753,38 \/30h<\/td>\r\n<\/tr><tr>\r\n<td class=\"ccargos\">\r\n<span data-balloon-length=\"medium\" aria-label=\"Diploma ou Certificado ou Declara\u00e7\u00e3o\/Atestado ou Hist\u00f3rico Escolar, devidamente registrado, de conclus\u00e3o de curso superior de gradua\u00e7\u00e3o em Medicina, reconhecido pelo Minist\u00e9rio da Educa\u00e7\u00e3o (MEC), expedido\/a por institui\u00e7\u00e3o de ensino credenciada pelo MEC ou Carteira de Identidade Profissional expedida pelo \u00f3rg\u00e3o fiscalizador de exerc\u00edcio da profiss\u00e3o de M\u00e9dico(a).\" data-balloon-pos=\"up\">M\u00e9dico(a)<\/span><\/td>\r\n<td class=\"cvagas\">03 + CR<\/td>\r\n<td class=\"cremuneracao\">R$ 9.038,25 \/20h<\/td>\r\n<\/tr><tr>\r\n<td class=\"ccargos\">\r\n<span data-balloon-length=\"medium\" aria-label=\"Diploma ou Certificado ou Declara\u00e7\u00e3o\/Atestado ou Hist\u00f3rico Escolar, devidamente registrado, de conclus\u00e3o de curso superior de gradua\u00e7\u00e3o em Nutri\u00e7\u00e3o, reconhecido pelo Minist\u00e9rio da Educa\u00e7\u00e3o (MEC), expedido\/a por institui\u00e7\u00e3o de ensino credenciada pelo MEC ou Carteira de Identidade Profissional expedida pelo \u00f3rg\u00e3o fiscalizador de exerc\u00edcio da profiss\u00e3o de Nutricionista.\" data-balloon-pos=\"up\">Nutricionista<\/span><\/td>\r\n<td class=\"cvagas\">01 + CR<\/td>\r\n<td class=\"cremuneracao\">R$ 4.903,32 \/40h<\/td>\r\n<\/tr><tr>\r\n<td class=\"ccargos\">\r\n<span data-balloon-length=\"medium\" aria-label=\"Diploma ou Certificado ou Declara\u00e7\u00e3o\/Atestado ou Hist\u00f3rico Escolar, devidamente registrado, de conclus\u00e3o de curso superior de gradua\u00e7\u00e3o em Psic\u00f3logo(a), reconhecido pelo Minist\u00e9rio da Educa\u00e7\u00e3o (MEC), expedido\/a por institui\u00e7\u00e3o de ensino credenciada pelo MEC ou Carteira de Identidade Profissional expedida pelo \u00f3rg\u00e3o fiscalizador de exerc\u00edcio da profiss\u00e3o de Psic\u00f3logo(a).\" data-balloon-pos=\"up\">Psic\u00f3logo(a)<\/span><\/td>\r\n<td class=\"cvagas\">01 + CR<\/td>\r\n<td class=\"cremuneracao\">R$ 4.903,32 \/40h<\/td>\r\n<\/tr><tr>\r\n<td class=\"ccargos\">\r\n<span data-balloon-length=\"medium\" aria-label=\"Diploma de curso superior (gradua\u00e7\u00e3o ou resid\u00eancia ou especializa\u00e7\u00e3o lato sensu ou stricto sensu) em Sa\u00fade Coletiva ou de Sa\u00fade P\u00fablica, reconhecido pelo MEC, e experi\u00eancia profissional m\u00ednima de 6 meses na \u00e1rea de Vigil\u00e2ncia em Sa\u00fade (conforme Op\u00e7\u00e3o 1 do edital).\" data-balloon-pos=\"up\">Sanitarista<\/span><\/td>\r\n<td class=\"cvagas\">11 + CR<\/td>\r\n<td class=\"cremuneracao\">R$ 6.180,85 \/40h<\/td>\r\n<\/tr><tr>\r\n<td class=\"ccargos\">\r\n<span data-balloon-length=\"medium\" aria-label=\"Diploma ou Certificado ou Declara\u00e7\u00e3o\/Atestado ou Hist\u00f3rico Escolar, devidamente registrado, de conclus\u00e3o de curso superior de gradua\u00e7\u00e3o em Ci\u00eancias Biol\u00f3gicas, reconhecido pelo Minist\u00e9rio da Educa\u00e7\u00e3o (MEC), expedido\/a por institui\u00e7\u00e3o de ensino credenciada pelo MEC ou Carteira de Identidade Profissional expedida pelo \u00f3rg\u00e3o fiscalizador de exerc\u00edcio da profiss\u00e3o de Bi\u00f3logo(a).\" data-balloon-pos=\"up\">Bi\u00f3logo(a)<\/span><\/td>\r\n<td class=\"cvagas\">CR<\/td>\r\n<td class=\"cremuneracao\">R$ 4.903,32 \/40h<\/td>\r\n<\/tr><tr>\r\n<td class=\"ccargos\">\r\n<span data-balloon-length=\"medium\" aria-label=\"Diploma ou Certificado ou Declara\u00e7\u00e3o\/Atestado ou Hist\u00f3rico Escolar, devidamente registrado, de conclus\u00e3o de curso superior de gradua\u00e7\u00e3o em Enfermagem, reconhecido pelo Minist\u00e9rio da Educa\u00e7\u00e3o (MEC), expedido\/a por institui\u00e7\u00e3o de ensino credenciada pelo MEC ou Carteira de Identidade Profissional expedida pelo \u00f3rg\u00e3o fiscalizador de exerc\u00edcio da profiss\u00e3o de Enfermeiro(a); e Diploma ou Certificado ou Declara\u00e7\u00e3o\/Atestado ou Hist\u00f3rico Escolar, de conclus\u00e3o de curso de especializa\u00e7\u00e3o em Unidade de Terapia Intensiva (UTI) ou em urg\u00eancia\/emerg\u00eancia, reconhecido pelo Minist\u00e9rio da Educa\u00e7\u00e3o (MEC), expedido\/a por institui\u00e7\u00e3o de ensino credenciada pelo MEC.\" data-balloon-pos=\"up\">Enfermeiro(a) (cuidado especializado)<\/span><\/td>\r\n<td class=\"cvagas\">01 + CR<\/td>\r\n<td class=\"cremuneracao\">R$ 4.903,32 \/40h<\/td>\r\n<\/tr><tr>\r\n<td class=\"ccargos\">\r\n<span data-balloon-length=\"medium\" aria-label=\"Diploma ou Certificado ou Declara\u00e7\u00e3o\/Atestado ou Hist\u00f3rico Escolar, devidamente registrado, de conclus\u00e3o de curso superior de gradua\u00e7\u00e3o em Enfermagem, reconhecido pelo Minist\u00e9rio da Educa\u00e7\u00e3o (MEC), expedido\/a por institui\u00e7\u00e3o de ensino credenciada pelo MEC ou Carteira de Identidade Profissional expedida pelo \u00f3rg\u00e3o fiscalizador de exerc\u00edcio da profiss\u00e3o de Enfermeiro(a); e Diploma ou Certificado ou Declara\u00e7\u00e3o\/Atestado ou Hist\u00f3rico Escolar, de conclus\u00e3o de curso de especializa\u00e7\u00e3o em Obstetr\u00edcia ou na \u00e1rea Materno-Infantil, reconhecido pelo Minist\u00e9rio da Educa\u00e7\u00e3o (MEC), expedido\/a por institui\u00e7\u00e3o de ensino credenciada pelo MEC.\" data-balloon-pos=\"up\">Enfermeiro(a) (materno-infantil)<\/span><\/td>\r\n<td class=\"cvagas\">19 + CR<\/td>\r\n<td class=\"cremuneracao\">R$ 4.903,32 \/40h<\/td>\r\n<\/tr><tr>\r\n<td class=\"ccargos\">\r\n<span data-balloon-length=\"medium\" aria-label=\"Diploma ou Certificado ou Declara\u00e7\u00e3o\/Atestado ou Hist\u00f3rico Escolar, devidamente registrado, de conclus\u00e3o de curso superior de gradua\u00e7\u00e3o em Fisioterapia, reconhecido pelo Minist\u00e9rio da Educa\u00e7\u00e3o (MEC), expedido\/a por institui\u00e7\u00e3o de ensino credenciada pelo MEC ou Carteira de Identidade Profissional expedida pelo \u00f3rg\u00e3o fiscalizador de exerc\u00edcio da profiss\u00e3o de Fisioterapeuta.\" data-balloon-pos=\"up\">Fisioterapeuta (cuidado especializado)<\/span><\/td>\r\n<td class=\"cvagas\">CR<\/td>\r\n<td class=\"cremuneracao\">R$ 3.753,38 \/30h<\/td>\r\n<\/tr><tr>\r\n<td class=\"ccargos\">\r\n<span data-balloon-length=\"medium\" aria-label=\"Diploma ou Certificado ou Declara\u00e7\u00e3o\/Atestado ou Hist\u00f3rico Escolar, devidamente registrado, de conclus\u00e3o de curso superior de gradua\u00e7\u00e3o em Fisioterapia, reconhecido pelo Minist\u00e9rio da Educa\u00e7\u00e3o (MEC), expedido\/a por institui\u00e7\u00e3o de ensino credenciada pelo MEC ou Carteira de Identidade Profissional expedida pelo \u00f3rg\u00e3o fiscalizador de exerc\u00edcio da profiss\u00e3o de Fisioterapeuta.\" data-balloon-pos=\"up\">Fisioterapeuta (materno-infantil)<\/span><\/td>\r\n<td class=\"cvagas\">01 + CR<\/td>\r\n<td class=\"cremuneracao\">R$ 3.753,38 \/30h<\/td>\r\n<\/tr><tr>\r\n<td class=\"ccargos\">\r\n<span data-balloon-length=\"medium\" aria-label=\"Diploma ou Certificado ou Declara\u00e7\u00e3o\/Atestado ou Hist\u00f3rico Escolar, devidamente registrado, de conclus\u00e3o de curso superior de gradua\u00e7\u00e3o em Fonoaudiologia, reconhecido pelo Minist\u00e9rio da Educa\u00e7\u00e3o (MEC), expedido\/a por institui\u00e7\u00e3o de ensino credenciada pelo MEC ou Carteira de Identidade Profissional expedida pelo \u00f3rg\u00e3o fiscalizador de exerc\u00edcio da profiss\u00e3o de Fonoaudi\u00f3logo(a).\" data-balloon-pos=\"up\">Fonoaudi\u00f3logo(a)<\/span><\/td>\r\n<td class=\"cvagas\">01 + CR<\/td>\r\n<td class=\"cremuneracao\">R$ 4.903,32 \/40h<\/td>\r\n<\/tr><tr>\r\n<td class=\"ccargos\">\r\n<span data-balloon-length=\"medium\" aria-label=\"Diploma ou Certificado ou Declara\u00e7\u00e3o\/Atestado ou Hist\u00f3rico Escolar, devidamente registrado, de conclus\u00e3o de curso superior de gradua\u00e7\u00e3o em Medicina, reconhecido pelo Minist\u00e9rio da Educa\u00e7\u00e3o (MEC), expedido\/a por institui\u00e7\u00e3o de ensino credenciada pelo MEC ou Carteira de Identidade Profissional expedida pelo \u00f3rg\u00e3o fiscalizador de exerc\u00edcio da profiss\u00e3o de M\u00e9dico(a); e Diploma ou Certificado ou Declara\u00e7\u00e3o\/Atestado ou Hist\u00f3rico Escolar, devidamente registrado\/a, de conclus\u00e3o de curso de especializa\u00e7\u00e3o (lato sensu ou stricto sensu) em Anestesiologia, reconhecido pelo Minist\u00e9rio da Educa\u00e7\u00e3o (MEC), expedido\/a por institui\u00e7\u00e3o de ensino credenciada pelo MEC.\" data-balloon-pos=\"up\">M\u00e9dico(a) Anestesiologista<\/span><\/td>\r\n<td class=\"cvagas\">01 + CR<\/td>\r\n<td class=\"cremuneracao\">R$ 8.565,92 \/12h<\/td>\r\n<\/tr><tr>\r\n<td class=\"ccargos\">\r\n<span data-balloon-length=\"medium\" aria-label=\"Diploma ou Certificado ou Declara\u00e7\u00e3o\/Atestado ou Hist\u00f3rico Escolar, devidamente registrado, de conclus\u00e3o de curso superior de gradua\u00e7\u00e3o em Medicina, reconhecido pelo Minist\u00e9rio da Educa\u00e7\u00e3o (MEC), expedido\/a por institui\u00e7\u00e3o de ensino credenciada pelo MEC ou Carteira de Identidade Profissional expedida pelo \u00f3rg\u00e3o fiscalizador de exerc\u00edcio da profiss\u00e3o de M\u00e9dico(a); e Diploma ou Certificado ou Declara\u00e7\u00e3o\/Atestado ou Hist\u00f3rico Escolar, devidamente registrado\/a, de conclus\u00e3o de curso de especializa\u00e7\u00e3o (lato sensu ou stricto sensu) em Cirurgia Geral, reconhecido pelo Minist\u00e9rio da Educa\u00e7\u00e3o (MEC), expedido\/a por institui\u00e7\u00e3o de ensino credenciada pelo MEC.\" data-balloon-pos=\"up\">M\u00e9dico(a) Cirurgi\u00e3o(\u00e3) Geral<\/span><\/td>\r\n<td class=\"cvagas\">01 + CR<\/td>\r\n<td class=\"cremuneracao\">R$ 8.565,92 \/12h<\/td>\r\n<\/tr><tr>\r\n<td class=\"ccargos\">\r\n<span data-balloon-length=\"medium\" aria-label=\"Diploma ou Certificado ou Declara\u00e7\u00e3o\/Atestado ou Hist\u00f3rico Escolar, devidamente registrado, de conclus\u00e3o de curso superior de gradua\u00e7\u00e3o em Medicina, reconhecido pelo Minist\u00e9rio da Educa\u00e7\u00e3o (MEC), expedido\/a por institui\u00e7\u00e3o de ensino credenciada pelo MEC ou Carteira de Identidade Profissional expedida pelo \u00f3rg\u00e3o fiscalizador de exerc\u00edcio da profiss\u00e3o de M\u00e9dico(a); e Diploma ou Certificado ou Declara\u00e7\u00e3o\/Atestado ou Hist\u00f3rico Escolar, devidamente registrado\/a, de conclus\u00e3o de curso de especializa\u00e7\u00e3o (lato sensu ou stricto sensu) em Cirurgia Pedi\u00e1trica, reconhecido pelo Minist\u00e9rio da Educa\u00e7\u00e3o (MEC), expedido\/a por institui\u00e7\u00e3o de ensino credenciada pelo MEC.\" data-balloon-pos=\"up\">M\u00e9dico(a) Cirurgi\u00e3o(\u00e3) Pedi\u00e1trico(a)<\/span><\/td>\r\n<td class=\"cvagas\">01 + CR<\/td>\r\n<td class=\"cremuneracao\">R$ 9.159,60 \/12h<\/td>\r\n<\/tr><tr>\r\n<td class=\"ccargos\">\r\n<span data-balloon-length=\"medium\" aria-label=\"Diploma ou Certificado ou Declara\u00e7\u00e3o\/Atestado ou Hist\u00f3rico Escolar, devidamente registrado, de conclus\u00e3o de curso superior de gradua\u00e7\u00e3o em Medicina, reconhecido pelo Minist\u00e9rio da Educa\u00e7\u00e3o (MEC), expedido\/a por institui\u00e7\u00e3o de ensino credenciada pelo MEC ou Carteira de Identidade Profissional expedida pelo \u00f3rg\u00e3o fiscalizador de exerc\u00edcio da profiss\u00e3o de M\u00e9dico(a); e Diploma ou Certificado ou Declara\u00e7\u00e3o\/Atestado ou Hist\u00f3rico Escolar, devidamente registrado\/a, de conclus\u00e3o de curso de especializa\u00e7\u00e3o (lato sensu ou stricto sensu) em Neonatologia, reconhecido pelo Minist\u00e9rio da Educa\u00e7\u00e3o (MEC), expedido\/a por institui\u00e7\u00e3o de ensino credenciada pelo MEC.\" data-balloon-pos=\"up\">M\u00e9dico(a) Neonatologista<\/span><\/td>\r\n<td class=\"cvagas\">04 + CR<\/td>\r\n<td class=\"cremuneracao\">R$ 8.565,92 \/12h<\/td>\r\n<\/tr><tr>\r\n<td class=\"ccargos\">\r\n<span data-balloon-length=\"medium\" aria-label=\"Diploma ou Certificado ou Declara\u00e7\u00e3o\/Atestado ou Hist\u00f3rico Escolar, devidamente registrado, de conclus\u00e3o de curso superior de gradua\u00e7\u00e3o em Medicina, reconhecido pelo Minist\u00e9rio da Educa\u00e7\u00e3o (MEC), expedido\/a por institui\u00e7\u00e3o de ensino credenciada pelo MEC ou Carteira de Identidade Profissional expedida pelo \u00f3rg\u00e3o fiscalizador de exerc\u00edcio da profiss\u00e3o de M\u00e9dico(a); e Diploma ou Certificado ou Declara\u00e7\u00e3o\/Atestado ou Hist\u00f3rico Escolar, devidamente registrado\/a, de conclus\u00e3o de curso de especializa\u00e7\u00e3o (lato sensu ou stricto sensu) em Neonatologia, reconhecido pelo Minist\u00e9rio da Educa\u00e7\u00e3o (MEC), expedido\/a por institui\u00e7\u00e3o de ensino credenciada pelo MEC.\" data-balloon-pos=\"up\">M\u00e9dico(a) Neonatologista (diarista)<\/span><\/td>\r\n<td class=\"cvagas\">02 + CR<\/td>\r\n<td class=\"cremuneracao\">R$ 16.526,48 \/24h<\/td>\r\n<\/tr><tr>\r\n<td class=\"ccargos\">\r\n<span data-balloon-length=\"medium\" aria-label=\"Diploma ou Certificado ou Declara\u00e7\u00e3o\/Atestado ou Hist\u00f3rico Escolar, devidamente registrado, de conclus\u00e3o de curso superior de gradua\u00e7\u00e3o em Medicina, reconhecido pelo Minist\u00e9rio da Educa\u00e7\u00e3o (MEC), expedido\/a por institui\u00e7\u00e3o de ensino credenciada pelo MEC ou Carteira de Identidade Profissional expedida pelo \u00f3rg\u00e3o fiscalizador de exerc\u00edcio da profiss\u00e3o de M\u00e9dico(a); e Diploma ou Certificado ou Declara\u00e7\u00e3o\/Atestado ou Hist\u00f3rico Escolar, devidamente registrado\/a, de conclus\u00e3o de curso de especializa\u00e7\u00e3o (lato sensu ou stricto sensu) em Ginecologia e Obstetr\u00edcia, reconhecido pelo Minist\u00e9rio da Educa\u00e7\u00e3o (MEC), expedido\/a por institui\u00e7\u00e3o de ensino credenciada pelo MEC.\" data-balloon-pos=\"up\">M\u00e9dico(a) Obstetra<\/span><\/td>\r\n<td class=\"cvagas\">05 + CR<\/td>\r\n<td class=\"cremuneracao\">R$ 7.944,49 \/12h<\/td>\r\n<\/tr><tr>\r\n<td class=\"ccargos\">\r\n<span data-balloon-length=\"medium\" aria-label=\"Diploma ou Certificado ou Declara\u00e7\u00e3o\/Atestado ou Hist\u00f3rico Escolar, devidamente registrado, de conclus\u00e3o de curso superior de gradua\u00e7\u00e3o em Medicina, reconhecido pelo Minist\u00e9rio da Educa\u00e7\u00e3o (MEC), expedido\/a por institui\u00e7\u00e3o de ensino credenciada pelo MEC ou Carteira de Identidade Profissional expedida pelo \u00f3rg\u00e3o fiscalizador de exerc\u00edcio da profiss\u00e3o de M\u00e9dico(a); e Diploma ou Certificado ou Declara\u00e7\u00e3o\/Atestado ou Hist\u00f3rico Escolar, devidamente registrado\/a, de conclus\u00e3o de curso de especializa\u00e7\u00e3o (lato sensu ou stricto sensu) em Ginecologia e Obstetr\u00edcia, reconhecido pelo Minist\u00e9rio da Educa\u00e7\u00e3o (MEC), expedido\/a por institui\u00e7\u00e3o de ensino credenciada pelo MEC.\" data-balloon-pos=\"up\">M\u00e9dico(a) Obstetra (diarista)<\/span><\/td>\r\n<td class=\"cvagas\">02 + CR<\/td>\r\n<td class=\"cremuneracao\">R$ 16.526,48 \/24h<\/td>\r\n<\/tr><tr>\r\n<td class=\"ccargos\">\r\n<span data-balloon-length=\"medium\" aria-label=\"Diploma ou Certificado ou Declara\u00e7\u00e3o\/Atestado ou Hist\u00f3rico Escolar, devidamente registrado\/a, de conclus\u00e3o de curso superior de gradua\u00e7\u00e3o em Musicoterapia, reconhecido pelo Minist\u00e9rio da Educa\u00e7\u00e3o (MEC), expedido\/a por institui\u00e7\u00e3o de ensino credenciada pelo MEC ou Carteira de Identidade Profissional expedida pelo \u00f3rg\u00e3o fiscalizador de exerc\u00edcio da profiss\u00e3o de Musicoterapeuta.\" data-balloon-pos=\"up\">Musicoterapeuta<\/span><\/td>\r\n<td class=\"cvagas\">01 + CR<\/td>\r\n<td class=\"cremuneracao\">R$ 4.903,32 \/40h<\/td>\r\n<\/tr><tr>\r\n<td class=\"ccargos\">\r\n<span data-balloon-length=\"medium\" aria-label=\"Diploma ou Certificado ou Declara\u00e7\u00e3o\/Atestado ou Hist\u00f3rico Escolar, devidamente registrado, de conclus\u00e3o de curso superior de gradua\u00e7\u00e3o em Educa\u00e7\u00e3o F\u00edsica, reconhecido pelo Minist\u00e9rio da Educa\u00e7\u00e3o (MEC), expedido\/a por institui\u00e7\u00e3o de ensino credenciada pelo MEC ou Carteira de Identidade Profissional expedida pelo \u00f3rg\u00e3o fiscalizador de exerc\u00edcio da profiss\u00e3o de Profissional de Educa\u00e7\u00e3o F\u00edsica.\" data-balloon-pos=\"up\">Profissional de Educa\u00e7\u00e3o F\u00edsica<\/span><\/td>\r\n<td class=\"cvagas\">01 + CR<\/td>\r\n<td class=\"cremuneracao\">R$ 4.903,32 \/40h<\/td>\r\n<\/tr><tr>\r\n<td class=\"ccargos\">\r\n<span data-balloon-length=\"medium\" aria-label=\"Diploma de curso superior em Psicopedagogia OU curso superior em qualquer \u00e1rea com especializa\u00e7\u00e3o (lato sensu ou stricto sensu) em Psicopedagogia, todos reconhecidos pelo MEC.\" data-balloon-pos=\"up\">Psicopedagogo(a)<\/span><\/td>\r\n<td class=\"cvagas\">01 + CR<\/td>\r\n<td class=\"cremuneracao\">R$ 4.903,32 \/40h<\/td>\r\n<\/tr>\r\n    <\/tbody>\r\n  <\/table>\r\n<\/div>"},"_links":{"self":[{"href":"https:\/\/www.agrobase.com.br\/concursos\/wp-json\/wp\/v2\/posts\/275835","targetHints":{"allow":["GET"]}}],"collection":[{"href":"https:\/\/www.agrobase.com.br\/concursos\/wp-json\/wp\/v2\/posts"}],"about":[{"href":"https:\/\/www.agrobase.com.br\/concursos\/wp-json\/wp\/v2\/types\/post"}],"author":[{"embeddable":true,"href":"https:\/\/www.agrobase.com.br\/concursos\/wp-json\/wp\/v2\/users\/5229"}],"replies":[{"embeddable":true,"href":"https:\/\/www.agrobase.com.br\/concursos\/wp-json\/wp\/v2\/comments?post=275835"}],"version-history":[{"count":3,"href":"https:\/\/www.agrobase.com.br\/concursos\/wp-json\/wp\/v2\/posts\/275835\/revisions"}],"predecessor-version":[{"id":275872,"href":"https:\/\/www.agrobase.com.br\/concursos\/wp-json\/wp\/v2\/posts\/275835\/revisions\/275872"}],"wp:featuredmedia":[{"embeddable":true,"href":"https:\/\/www.agrobase.com.br\/concursos\/wp-json\/wp\/v2\/media\/275834"}],"wp:attachment":[{"href":"https:\/\/www.agrobase.com.br\/concursos\/wp-json\/wp\/v2\/media?parent=275835"}],"wp:term":[{"taxonomy":"category","embeddable":true,"href":"https:\/\/www.agrobase.com.br\/concursos\/wp-json\/wp\/v2\/categories?post=275835"},{"taxonomy":"post_tag","embeddable":true,"href":"https:\/\/www.agrobase.com.br\/concursos\/wp-json\/wp\/v2\/tags?post=275835"},{"taxonomy":"_amplo","embeddable":true,"href":"https:\/\/www.agrobase.com.br\/concursos\/wp-json\/wp\/v2\/_amplo?post=275835"},{"taxonomy":"destaque","embeddable":true,"href":"https:\/\/www.agrobase.com.br\/concursos\/wp-json\/wp\/v2\/destaque?post=275835"},{"taxonomy":"instituicoes","embeddable":true,"href":"https:\/\/www.agrobase.com.br\/concursos\/wp-json\/wp\/v2\/instituicoes?post=275835"}],"curies":[{"name":"wp","href":"https:\/\/api.w.org\/{rel}","templated":true}]}}