{"id":275807,"date":"2025-12-24T07:50:27","date_gmt":"2025-12-24T10:50:27","guid":{"rendered":"https:\/\/www.agrobase.com.br\/concursos\/?p=275807"},"modified":"2025-12-23T19:30:39","modified_gmt":"2025-12-23T22:30:39","slug":"prefeitura-jeriquara-sp-selecao-publica-01-2025","status":"publish","type":"post","link":"https:\/\/www.agrobase.com.br\/concursos\/2025\/prefeitura-jeriquara-sp-selecao-publica-01-2025\/","title":{"rendered":"Prefeitura Jeriquara (SP) &#8211; Sele\u00e7\u00e3o P\u00fablica 01\/2025"},"content":{"rendered":"<h2>Informa\u00e7\u00f5es Gerais<\/h2>\n<p>A <strong>Prefeitura Municipal de Jeriquara<\/strong>, no estado de S\u00e3o Paulo, publicou o edital de um novo Processo Seletivo organizado pelo <strong>AVAN\u00c7ASP<\/strong>. O certame visa a forma\u00e7\u00e3o de cadastro reserva e o preenchimento de uma vaga imediata para contrata\u00e7\u00e3o tempor\u00e1ria de profissionais, atendendo a demandas de excepcional interesse p\u00fablico.<\/p>\n<p>As oportunidades contemplam candidatos com n\u00edveis de escolaridade <strong>Fundamental Incompleto, M\u00e9dio\/T\u00e9cnico e Superior<\/strong>. As vagas est\u00e3o distribu\u00eddas entre diversos setores da administra\u00e7\u00e3o municipal, incluindo Educa\u00e7\u00e3o, Sa\u00fade, Servi\u00e7os Gerais e Apoio Administrativo. Merece destaque a oferta de oportunidade na \u00e1rea de <strong>Nutri\u00e7\u00e3o<\/strong>, carreira de grande relev\u00e2ncia para o quadro t\u00e9cnico municipal.<\/p>\n<p>Os aprovados ser\u00e3o submetidos ao regime jur\u00eddico vigente no munic\u00edpio e legisla\u00e7\u00f5es espec\u00edficas de cada categoria. Se voc\u00ea busca uma oportunidade de atuar no servi\u00e7o p\u00fablico paulista, confira a seguir os detalhes essenciais sobre prazos, etapas e requisitos.<\/p>\n<h2>Inscri\u00e7\u00f5es<\/h2>\n<p>As inscri\u00e7\u00f5es para o Processo Seletivo da Prefeitura de Jeriquara est\u00e3o abertas e devem ser realizadas exclusivamente pela internet. O candidato deve acessar o site da banca organizadora, <strong>AVAN\u00c7ASP<\/strong>, preencher o formul\u00e1rio eletr\u00f4nico e emitir a guia de pagamento.<\/p>\n<p>Para confirmar a participa\u00e7\u00e3o, \u00e9 necess\u00e1rio efetuar o pagamento da taxa de inscri\u00e7\u00e3o por meio de boleto banc\u00e1rio ou via <strong>Pix (QR Code)<\/strong> gerado no sistema. O pagamento deve ser realizado impreterivelmente at\u00e9 o primeiro dia \u00fatil subsequente ao encerramento das inscri\u00e7\u00f5es. \u00c9 fundamental que o candidato guarde o comprovante e o cart\u00e3o de confirma\u00e7\u00e3o de inscri\u00e7\u00e3o.<\/p>\n<p>Os valores das taxas variam conforme o n\u00edvel de escolaridade do cargo pretendido e est\u00e3o detalhados no edital completo. Recomendamos que o candidato verifique na \u00e1rea restrita do site da banca a confirma\u00e7\u00e3o do pagamento ap\u00f3s o prazo de compensa\u00e7\u00e3o banc\u00e1ria, que pode levar at\u00e9 tr\u00eas dias \u00fateis.<\/p>\n<p>Antes de se inscrever, leia atentamente o edital de abertura para conferir os requisitos espec\u00edficos de cada fun\u00e7\u00e3o e as regras para eventuais pedidos de isen\u00e7\u00e3o, se houver previs\u00e3o.<\/p>\n<h2>Etapas e Provas<\/h2>\n<p>A sele\u00e7\u00e3o dos candidatos ser\u00e1 realizada por meio de etapas distintas, variando de acordo com o cargo pleiteado. A etapa comum a todos os inscritos \u00e9 a <strong>Prova Objetiva<\/strong>, prevista para ser aplicada no dia <strong>08 de mar\u00e7o de 2026<\/strong>, no munic\u00edpio de Jeriquara\/SP.<\/p>\n<p>As avalia\u00e7\u00f5es seguir\u00e3o a seguinte estrutura:<\/p>\n<ul>\n<li><strong>Prova Objetiva:<\/strong> De car\u00e1ter classificat\u00f3rio para todos os cargos. O exame ser\u00e1 composto por quest\u00f5es de m\u00faltipla escolha com cinco alternativas cada. Segundo o edital, esta etapa n\u00e3o possui car\u00e1ter eliminat\u00f3rio, sendo os candidatos ordenados conforme a pontua\u00e7\u00e3o obtida (de 0 a 100 pontos).<\/li>\n<li><strong>Prova de T\u00edtulos:<\/strong> De car\u00e1ter classificat\u00f3rio, exclusiva para os cargos da \u00e1rea educacional (Coordenadores, Educadores, Orientador, Professores e Psicopedagogo). Os documentos devem ser enviados digitalmente (upload) na \u00e1rea do candidato durante o per\u00edodo estipulado.<\/li>\n<\/ul>\n<p>A prova objetiva ser\u00e1 dividida em turnos (manh\u00e3 e tarde), conforme o cargo escolhido. Para detalhes sobre o conte\u00fado program\u00e1tico (disciplinas) e a quantidade de quest\u00f5es por mat\u00e9ria, \u00e9 imprescind\u00edvel a consulta aos anexos do edital oficial.<\/p>\n<h2>Resultados e Gabarito<\/h2>\n<p>O cronograma do Processo Seletivo prev\u00ea a divulga\u00e7\u00e3o do gabarito preliminar da Prova Objetiva na mesma data da aplica\u00e7\u00e3o do exame. Os candidatos poder\u00e3o interpor recursos conforme os prazos estabelecidos no edital.<\/p>\n<p>A divulga\u00e7\u00e3o dos resultados seguir\u00e1 a seguinte previs\u00e3o:<\/p>\n<ul>\n<li><strong>Resultado Preliminar e Notas da Prova de T\u00edtulos:<\/strong> Previsto para 30 de mar\u00e7o de 2026.<\/li>\n<li><strong>Resultado Final e Classifica\u00e7\u00e3o Definitiva:<\/strong> Previsto para ocorrer a partir de 06 de abril de 2026.<\/li>\n<\/ul>\n<p>A classifica\u00e7\u00e3o final ser\u00e1 determinada pela soma dos pontos da Prova Objetiva e, quando aplic\u00e1vel, da Prova de T\u00edtulos. Em caso de empate, ser\u00e3o aplicados crit\u00e9rios como idade igual ou superior a 60 anos, maior pontua\u00e7\u00e3o em T\u00edtulos, Conhecimentos Espec\u00edficos, L\u00edngua Portuguesa, entre outros.<\/p>\n<p>O certame ter\u00e1 validade de <strong>um ano<\/strong>, a contar da data de homologa\u00e7\u00e3o, podendo ser prorrogado por igual per\u00edodo. Lembramos que \u00e9 de inteira responsabilidade do candidato acompanhar todas as publica\u00e7\u00f5es oficiais, convoca\u00e7\u00f5es e avisos diretamente no site do <strong>AVAN\u00c7ASP<\/strong> e no Di\u00e1rio Oficial do munic\u00edpio.<\/p>\n","protected":false},"excerpt":{"rendered":"<p>Proc. Seletivo Pref. Jeriquara (SP) com edital publicado! Vagas p\/ T\u00e9cnico Enfermagem e Professor (Fund. a Sup.). Inscri\u00e7\u00f5es a partir de 17\/12. Confira!<\/p>\n","protected":false},"author":5229,"featured_media":275806,"comment_status":"open","ping_status":"open","sticky":false,"template":"","format":"standard","meta":{"_acf_changed":false,"_breakdance_hide_in_design_set":false,"_breakdance_tags":"","footnotes":""},"categories":[141,6434,12,17,18,19,111,100,20,6871,116,119,23,24,25,26,101,108],"tags":[62],"_amplo":[],"destaque":[],"instituicoes":[],"class_list":["post-275807","post","type-post","status-publish","format-standard","has-post-thumbnail","hentry","category-educacao-artistica","category-educacao-fisica-licenciatura","category-enfermagem","category-farmacia","category-fisioterapia","category-fonoaudiologia","category-geografia","category-historia","category-letras","category-letras-ingles","category-matematica","category-musica","category-nutricao","category-odontologia","category-pedagogia","category-psicologia","category-servico-social","category-tecnico-enfermagem","tag-sao-paulo"],"acf":{"_tipo_vagas":"vagas","_numero_vagas":"","_quadro_vagas":"","_cargos":"diversos","_cargos_especificos":"","_salario_max":"R$ 6529.65","_abertura":"20251217","_encerramento":"20260119","_inscricoes":"https:\/\/www.avancasp.org.br","_executora_concurso":"","_instituicao_concurso":[],"_link_adicional":null,"_anexos":null,"_produtos":null,"_vagas":"1 vaga + CR","_salario_min":"R$ 1943.04","_instituicao":"Prefeitura de Jeriquara","_edital":"https:\/\/www.agrobase.com.br\/concursos\/wp-content\/uploads\/sites\/4\/2025\/12\/edital-01-2025-prefeitura-de-jeriquara-sp.pdf","_anexos_edital":"","_fund_incompleto":"<div>\r\n<table class=\"quadro\">\r\n<thead>\r\n<tr>\r\n<th class=\"hcargo\">Cargo<\/th>\r\n<th class=\"hvagas\">Vagas<\/th>\r\n<th class=\"hremuneracao\">Remunera\u00e7\u00e3o<\/th>\r\n<\/tr>\r\n<\/thead>\r\n    <tbody>\r\n      <td class=\"ccargos\">\r\n<span data-balloon-length=\"medium\" aria-label=\"Ensino Fundamental Incompleto.\" data-balloon-pos=\"up\">Auxiliar de Servi\u00e7os Gerais<\/span><\/td>\r\n<td class=\"cvagas\">CR<\/td>\r\n<td class=\"cremuneracao\">R$ 1.943,04 \/40h<\/td>\r\n<\/tr><td class=\"ccargos\">\r\n<span data-balloon-length=\"medium\" aria-label=\"Ensino Fundamental Incompleto.\" data-balloon-pos=\"up\">Merendeira<\/span><\/td>\r\n<td class=\"cvagas\">CR<\/td>\r\n<td class=\"cremuneracao\">R$ 1.943,04 \/40h<\/td>\r\n<\/tr><td class=\"ccargos\">\r\n<span data-balloon-length=\"medium\" data-balloon-pos=\"up\">Motorista<\/span><\/td>\r\n<td class=\"cvagas\">CR<\/td>\r\n<td class=\"cremuneracao\">R$ 2.643,98 \/40h<\/td>\r\n<\/tr><td class=\"ccargos\">\r\n<span data-balloon-length=\"medium\" data-balloon-pos=\"up\">Motorista (Educa\u00e7\u00e3o)<\/span><\/td>\r\n<td class=\"cvagas\">CR<\/td>\r\n<td class=\"cremuneracao\">R$ 2.898,98 \/40h<\/td>\r\n<\/tr><td class=\"ccargos\">\r\n<span data-balloon-length=\"medium\" data-balloon-pos=\"up\">Operador de M\u00e1quinas<\/span><\/td>\r\n<td class=\"cvagas\">CR<\/td>\r\n<td class=\"cremuneracao\">R$ 2.898,98 \/40h<\/td>\r\n<\/tr>\r\n    <\/tbody>\r\n  <\/table>\r\n<\/div>","_fund_completo":"","_medio":"<div>\r\n<table class=\"quadro\">\r\n<thead>\r\n<tr>\r\n<th class=\"hcargo\">Cargo<\/th>\r\n<th class=\"hvagas\">Vagas<\/th>\r\n<th class=\"hremuneracao\">Remunera\u00e7\u00e3o<\/th>\r\n<\/tr>\r\n<\/thead>\r\n    <tbody>\r\n      <td class=\"ccargos\">\r\n<span data-balloon-length=\"medium\" aria-label=\"Ensino M\u00e9dio Completo.\" data-balloon-pos=\"up\">Agente de Organiza\u00e7\u00e3o Escolar<\/span><\/td>\r\n<td class=\"cvagas\">CR<\/td>\r\n<td class=\"cremuneracao\">R$ 2.082,99 \/40h<\/td>\r\n<\/tr><td class=\"ccargos\">\r\n<span data-balloon-length=\"medium\" aria-label=\"Ensino M\u00e9dio Completo.\" data-balloon-pos=\"up\">Auxiliar de Desenvolvimento Infantil - ADI<\/span><\/td>\r\n<td class=\"cvagas\">CR<\/td>\r\n<td class=\"cremuneracao\">R$ 3.163,02 \/40h<\/td>\r\n<\/tr><td class=\"ccargos\">\r\n<span data-balloon-length=\"medium\" aria-label=\"Ensino M\u00e9dio Completo.\" data-balloon-pos=\"up\">Inspetor de Alunos<\/span><\/td>\r\n<td class=\"cvagas\">CR<\/td>\r\n<td class=\"cremuneracao\">R$ 2.082,99 \/40h<\/td>\r\n<\/tr><td class=\"ccargos\">\r\n<span data-balloon-length=\"medium\" aria-label=\"Ensino M\u00e9dio Completo.\" data-balloon-pos=\"up\">Monitor Escolar<\/span><\/td>\r\n<td class=\"cvagas\">CR<\/td>\r\n<td class=\"cremuneracao\">R$ 2.082,99 \/40h<\/td>\r\n<\/tr><td class=\"ccargos\">\r\n<span data-balloon-length=\"medium\" aria-label=\"Ensino M\u00e9dio Completo + Curso T\u00e9cnico na \u00c1rea de Atua\u00e7\u00e3o + Registro no Conselho de Classe.\" data-balloon-pos=\"up\">T\u00e9cnico de Enfermagem<\/span><\/td>\r\n<td class=\"cvagas\">01 + CR<\/td>\r\n<td class=\"cremuneracao\">R$ 3.891,25 \/30h<\/td>\r\n<\/tr>\r\n    <\/tbody>\r\n  <\/table>\r\n<\/div>","_superior":"<div>\r\n<table class=\"quadro\">\r\n<thead>\r\n<tr>\r\n<th class=\"hcargo\">Cargo<\/th>\r\n<th class=\"hvagas\">Vagas<\/th>\r\n<th class=\"hremuneracao\">Remunera\u00e7\u00e3o<\/th>\r\n<\/tr>\r\n<\/thead>\r\n    <tbody>\r\n      <tr>\r\n<td class=\"ccargos\">\r\n<span data-balloon-length=\"medium\" aria-label=\"Ensino Superior Completo na \u00c1rea de Atua\u00e7\u00e3o + Registro no Conselho de Classe.\" data-balloon-pos=\"up\">Assistente Social<\/span><\/td>\r\n<td class=\"cvagas\">CR<\/td>\r\n<td class=\"cremuneracao\">R$ 2.304,00 \/20h<\/td>\r\n<\/tr><tr>\r\n<td class=\"ccargos\">\r\n<span data-balloon-length=\"medium\" aria-label=\"Ensino Superior Completo na \u00c1rea de Atua\u00e7\u00e3o + Registro no Conselho de Classe.\" data-balloon-pos=\"up\">Cirurgi\u00e3o Dentista<\/span><\/td>\r\n<td class=\"cvagas\">CR<\/td>\r\n<td class=\"cremuneracao\">R$ 4.173,97 \/20h<\/td>\r\n<\/tr><tr>\r\n<td class=\"ccargos\">\r\n<span data-balloon-length=\"medium\" aria-label=\"Ensino Superior Completo (Licenciatura Plena em Pedagogia) + 02 anos de efetivo exerc\u00edcio no magist\u00e9rio.\" data-balloon-pos=\"up\">Coordenador Educa\u00e7\u00e3o Infantil<\/span><\/td>\r\n<td class=\"cvagas\">CR<\/td>\r\n<td class=\"cremuneracao\">R$ 6.529,65 \/40h<\/td>\r\n<\/tr><tr>\r\n<td class=\"ccargos\">\r\n<span data-balloon-length=\"medium\" aria-label=\"Ensino Superior Completo (Licenciatura Plena em Pedagogia) + 02 anos de efetivo exerc\u00edcio no magist\u00e9rio.\" data-balloon-pos=\"up\">Coordenador Educacional Pedag\u00f3gico<\/span><\/td>\r\n<td class=\"cvagas\">CR<\/td>\r\n<td class=\"cremuneracao\">R$ 6.529,65 \/40h<\/td>\r\n<\/tr><tr>\r\n<td class=\"ccargos\">\r\n<span data-balloon-length=\"medium\" aria-label=\"Ensino Superior Completo (Licenciatura Plena em Pedagogia).\" data-balloon-pos=\"up\">Educador de Educa\u00e7\u00e3o Infantil<\/span><\/td>\r\n<td class=\"cvagas\">CR<\/td>\r\n<td class=\"cremuneracao\">R$ 4.626,40 \/40h<\/td>\r\n<\/tr><tr>\r\n<td class=\"ccargos\">\r\n<span data-balloon-length=\"medium\" aria-label=\"Ensino Superior Completo na \u00c1rea de Atua\u00e7\u00e3o + Registro no Conselho de Classe.\" data-balloon-pos=\"up\">Enfermeiro Padr\u00e3o<\/span><\/td>\r\n<td class=\"cvagas\">CR<\/td>\r\n<td class=\"cremuneracao\">R$ 5.387,50 \/40h<\/td>\r\n<\/tr><tr>\r\n<td class=\"ccargos\">\r\n<span data-balloon-length=\"medium\" aria-label=\"Ensino Superior Completo na \u00c1rea de Atua\u00e7\u00e3o + Registro no Conselho de Classe.\" data-balloon-pos=\"up\">Farmac\u00eautico<\/span><\/td>\r\n<td class=\"cvagas\">CR<\/td>\r\n<td class=\"cremuneracao\">R$ 2.473,99 \/10h<\/td>\r\n<\/tr><tr>\r\n<td class=\"ccargos\">\r\n<span data-balloon-length=\"medium\" aria-label=\"Ensino Superior Completo na \u00c1rea de Atua\u00e7\u00e3o + Registro no Conselho de Classe.\" data-balloon-pos=\"up\">Fisioterapeuta<\/span><\/td>\r\n<td class=\"cvagas\">CR<\/td>\r\n<td class=\"cremuneracao\">R$ 2.643,98 \/20h<\/td>\r\n<\/tr><tr>\r\n<td class=\"ccargos\">\r\n<span data-balloon-length=\"medium\" aria-label=\"Ensino Superior Completo na \u00c1rea de Atua\u00e7\u00e3o + Registro no Conselho de Classe.\" data-balloon-pos=\"up\">Fonoaudi\u00f3logo(a)<\/span><\/td>\r\n<td class=\"cvagas\">CR<\/td>\r\n<td class=\"cremuneracao\">R$ 2.898,98 \/20h<\/td>\r\n<\/tr><tr>\r\n<td class=\"ccargos\">\r\n<span data-balloon-length=\"medium\" aria-label=\"Ensino Superior Completo na \u00c1rea de Atua\u00e7\u00e3o + Registro no Conselho de Classe.\" data-balloon-pos=\"up\">Nutricionista<\/span><\/td>\r\n<td class=\"cvagas\">CR<\/td>\r\n<td class=\"cremuneracao\">R$ 3.891,25 \/30h<\/td>\r\n<\/tr><tr>\r\n<td class=\"ccargos\">\r\n<span data-balloon-length=\"medium\" aria-label=\"Ensino Superior Completo (Licenciatura Plena em Pedagogia) + 02 anos de efetivo exerc\u00edcio no magist\u00e9rio.\" data-balloon-pos=\"up\">Orientador Educacional<\/span><\/td>\r\n<td class=\"cvagas\">CR<\/td>\r\n<td class=\"cremuneracao\">R$ 6.529,65 \/40h<\/td>\r\n<\/tr><tr>\r\n<td class=\"ccargos\">\r\n<span data-balloon-length=\"medium\" aria-label=\"Ensino Superior Completo (Licenciatura Plena em Artes).\" data-balloon-pos=\"up\">Professor de Arte<\/span><\/td>\r\n<td class=\"cvagas\">CR<\/td>\r\n<td class=\"cremuneracao\">R$ 4.626,40 \/At\u00e9 40h<\/td>\r\n<\/tr><tr>\r\n<td class=\"ccargos\">\r\n<span data-balloon-length=\"medium\" aria-label=\"Ensino Superior Completo (Licenciatura Plena em Ci\u00eancias).\" data-balloon-pos=\"up\">Professor de Ci\u00eancias - Ensino Fundamental II<\/span><\/td>\r\n<td class=\"cvagas\">CR<\/td>\r\n<td class=\"cremuneracao\">R$ 4.626,40 \/At\u00e9 40h<\/td>\r\n<\/tr><tr>\r\n<td class=\"ccargos\">\r\n<span data-balloon-length=\"medium\" aria-label=\"Ensino Superior Completo (Licenciatura Plena em Pedagogia) ou Normal Superior.\" data-balloon-pos=\"up\">Professor de Educa\u00e7\u00e3o B\u00e1sica I - Substituto<\/span><\/td>\r\n<td class=\"cvagas\">CR<\/td>\r\n<td class=\"cremuneracao\">R$ 4.626,40 \/At\u00e9 40h<\/td>\r\n<\/tr><tr>\r\n<td class=\"ccargos\">\r\n<span data-balloon-length=\"medium\" aria-label=\"Ensino Superior Completo (Licenciatura Plena em Pedagogia) com Habilita\u00e7\u00e3o Espec\u00edfica para Doc\u00eancia nas S\u00e9ries\/Anos Finais do Ensino Fundamental.\" data-balloon-pos=\"up\">Professor de Educa\u00e7\u00e3o B\u00e1sica II - Substituto<\/span><\/td>\r\n<td class=\"cvagas\">CR<\/td>\r\n<td class=\"cremuneracao\">R$ 4.626,40 \/At\u00e9 40h<\/td>\r\n<\/tr><tr>\r\n<td class=\"ccargos\">\r\n<span data-balloon-length=\"medium\" aria-label=\"Ensino Superior Completo com habilita\u00e7\u00e3o espec\u00edfica em Educa\u00e7\u00e3o Especial.\" data-balloon-pos=\"up\">Professor de Educa\u00e7\u00e3o Especial<\/span><\/td>\r\n<td class=\"cvagas\">CR<\/td>\r\n<td class=\"cremuneracao\">R$ 4.626,40 \/At\u00e9 40h<\/td>\r\n<\/tr><tr>\r\n<td class=\"ccargos\">\r\n<span data-balloon-length=\"medium\" aria-label=\"Ensino Superior Completo (Licenciatura Plena em Educa\u00e7\u00e3o F\u00edsica) + Registro no respectivo Conselho de Classe.\" data-balloon-pos=\"up\">Professor de Educa\u00e7\u00e3o F\u00edsica<\/span><\/td>\r\n<td class=\"cvagas\">CR<\/td>\r\n<td class=\"cremuneracao\">R$ 4.626,40 \/At\u00e9 40h<\/td>\r\n<\/tr><tr>\r\n<td class=\"ccargos\">\r\n<span data-balloon-length=\"medium\" aria-label=\"Ensino Superior Completo (Licenciatura Plena em Pedagogia) ou Normal Superior.\" data-balloon-pos=\"up\">Professor de Educa\u00e7\u00e3o Infantil<\/span><\/td>\r\n<td class=\"cvagas\">CR<\/td>\r\n<td class=\"cremuneracao\">R$ 4.626,40 \/At\u00e9 40h<\/td>\r\n<\/tr><tr>\r\n<td class=\"ccargos\">\r\n<span data-balloon-length=\"medium\" aria-label=\"Ensino Superior Completo (Licenciatura Plena em Pedagogia) ou Normal Superior.\" data-balloon-pos=\"up\">Professor de Ensino Fundamental I<\/span><\/td>\r\n<td class=\"cvagas\">CR<\/td>\r\n<td class=\"cremuneracao\">R$ 4.626,40 \/At\u00e9 40h<\/td>\r\n<\/tr><tr>\r\n<td class=\"ccargos\">\r\n<span data-balloon-length=\"medium\" aria-label=\"Ensino Superior Completo (Licenciatura Plena em Geografia).\" data-balloon-pos=\"up\">Professor de Geografia - Ensino Fundamental II<\/span><\/td>\r\n<td class=\"cvagas\">CR<\/td>\r\n<td class=\"cremuneracao\">R$ 4.626,40 \/At\u00e9 40h<\/td>\r\n<\/tr><tr>\r\n<td class=\"ccargos\">\r\n<span data-balloon-length=\"medium\" aria-label=\"Ensino Superior Completo (Licenciatura Plena em Hist\u00f3ria).\" data-balloon-pos=\"up\">Professor de Hist\u00f3ria - Ensino Fundamental II<\/span><\/td>\r\n<td class=\"cvagas\">CR<\/td>\r\n<td class=\"cremuneracao\">R$ 4.626,40 \/At\u00e9 40h<\/td>\r\n<\/tr><tr>\r\n<td class=\"ccargos\">\r\n<span data-balloon-length=\"medium\" aria-label=\"Ensino Superior Completo (Licenciatura Plena em Inform\u00e1tica).\" data-balloon-pos=\"up\">Professor de Inform\u00e1tica<\/span><\/td>\r\n<td class=\"cvagas\">CR<\/td>\r\n<td class=\"cremuneracao\">R$ 4.626,40 \/At\u00e9 40h<\/td>\r\n<\/tr><tr>\r\n<td class=\"ccargos\">\r\n<span data-balloon-length=\"medium\" aria-label=\"Ensino Superior Completo (Licenciatura Plena em Letras).\" data-balloon-pos=\"up\">Professor de Ingl\u00eas<\/span><\/td>\r\n<td class=\"cvagas\">CR<\/td>\r\n<td class=\"cremuneracao\">R$ 4.626,40 \/At\u00e9 40h<\/td>\r\n<\/tr><tr>\r\n<td class=\"ccargos\">\r\n<span data-balloon-length=\"medium\" aria-label=\"Ensino Superior Completo (Licenciatura Plena em Letras).\" data-balloon-pos=\"up\">Professor de L\u00edngua Portuguesa - Ensino Fundamental II<\/span><\/td>\r\n<td class=\"cvagas\">CR<\/td>\r\n<td class=\"cremuneracao\">R$ 4.626,40 \/At\u00e9 40h<\/td>\r\n<\/tr><tr>\r\n<td class=\"ccargos\">\r\n<span data-balloon-length=\"medium\" aria-label=\"Ensino Superior Completo (Licenciatura Plena em Matem\u00e1tica).\" data-balloon-pos=\"up\">Professor de Matem\u00e1tica - Ensino Fundamental II<\/span><\/td>\r\n<td class=\"cvagas\">CR<\/td>\r\n<td class=\"cremuneracao\">R$ 4.626,40 \/At\u00e9 40h<\/td>\r\n<\/tr><tr>\r\n<td class=\"ccargos\">\r\n<span data-balloon-length=\"medium\" aria-label=\"Ensino Superior Completo (Licenciatura Plena em M\u00fasica).\" data-balloon-pos=\"up\">Professor de M\u00fasica<\/span><\/td>\r\n<td class=\"cvagas\">CR<\/td>\r\n<td class=\"cremuneracao\">R$ 4.626,40 \/At\u00e9 40h<\/td>\r\n<\/tr><tr>\r\n<td class=\"ccargos\">\r\n<span data-balloon-length=\"medium\" aria-label=\"Ensino Superior Completo na \u00c1rea de Atua\u00e7\u00e3o + Registro no Conselho de Classe.\" data-balloon-pos=\"up\">Psic\u00f3logo<\/span><\/td>\r\n<td class=\"cvagas\">CR<\/td>\r\n<td class=\"cremuneracao\">R$ 2.898,98 \/30h<\/td>\r\n<\/tr><tr>\r\n<td class=\"ccargos\">\r\n<span data-balloon-length=\"medium\" aria-label=\"Ensino Superior Completo (Licenciatura Plena em Pedagogia) com Curso de P\u00f3s-Gradua\u00e7\u00e3o na \u00c1rea de Psicopedagogia.\" data-balloon-pos=\"up\">Psicopedagogo<\/span><\/td>\r\n<td class=\"cvagas\">CR<\/td>\r\n<td class=\"cremuneracao\">R$ 5.971,73 \/30h<\/td>\r\n<\/tr>\r\n    <\/tbody>\r\n  <\/table>\r\n<\/div>"},"_links":{"self":[{"href":"https:\/\/www.agrobase.com.br\/concursos\/wp-json\/wp\/v2\/posts\/275807","targetHints":{"allow":["GET"]}}],"collection":[{"href":"https:\/\/www.agrobase.com.br\/concursos\/wp-json\/wp\/v2\/posts"}],"about":[{"href":"https:\/\/www.agrobase.com.br\/concursos\/wp-json\/wp\/v2\/types\/post"}],"author":[{"embeddable":true,"href":"https:\/\/www.agrobase.com.br\/concursos\/wp-json\/wp\/v2\/users\/5229"}],"replies":[{"embeddable":true,"href":"https:\/\/www.agrobase.com.br\/concursos\/wp-json\/wp\/v2\/comments?post=275807"}],"version-history":[{"count":2,"href":"https:\/\/www.agrobase.com.br\/concursos\/wp-json\/wp\/v2\/posts\/275807\/revisions"}],"predecessor-version":[{"id":275877,"href":"https:\/\/www.agrobase.com.br\/concursos\/wp-json\/wp\/v2\/posts\/275807\/revisions\/275877"}],"wp:featuredmedia":[{"embeddable":true,"href":"https:\/\/www.agrobase.com.br\/concursos\/wp-json\/wp\/v2\/media\/275806"}],"wp:attachment":[{"href":"https:\/\/www.agrobase.com.br\/concursos\/wp-json\/wp\/v2\/media?parent=275807"}],"wp:term":[{"taxonomy":"category","embeddable":true,"href":"https:\/\/www.agrobase.com.br\/concursos\/wp-json\/wp\/v2\/categories?post=275807"},{"taxonomy":"post_tag","embeddable":true,"href":"https:\/\/www.agrobase.com.br\/concursos\/wp-json\/wp\/v2\/tags?post=275807"},{"taxonomy":"_amplo","embeddable":true,"href":"https:\/\/www.agrobase.com.br\/concursos\/wp-json\/wp\/v2\/_amplo?post=275807"},{"taxonomy":"destaque","embeddable":true,"href":"https:\/\/www.agrobase.com.br\/concursos\/wp-json\/wp\/v2\/destaque?post=275807"},{"taxonomy":"instituicoes","embeddable":true,"href":"https:\/\/www.agrobase.com.br\/concursos\/wp-json\/wp\/v2\/instituicoes?post=275807"}],"curies":[{"name":"wp","href":"https:\/\/api.w.org\/{rel}","templated":true}]}}