{"id":275775,"date":"2025-12-23T07:15:13","date_gmt":"2025-12-23T10:15:13","guid":{"rendered":"https:\/\/www.agrobase.com.br\/concursos\/?p=275775"},"modified":"2025-12-22T19:57:34","modified_gmt":"2025-12-22T22:57:34","slug":"prefeitura-jaboticatubas-mg-concurso-01-2025","status":"publish","type":"post","link":"https:\/\/www.agrobase.com.br\/concursos\/2025\/prefeitura-jaboticatubas-mg-concurso-01-2025\/","title":{"rendered":"Prefeitura Jaboticatubas (MG) &#8211; Concurso 01\/2025"},"content":{"rendered":"<h2>Informa\u00e7\u00f5es Gerais<\/h2>\n<p>O <strong>Munic\u00edpio de Jaboticatubas<\/strong>, no estado de Minas Gerais, em parceria com o <strong>Instituto Brasileiro de Gest\u00e3o e Pesquisa (IBGP)<\/strong>, torna p\u00fablica a realiza\u00e7\u00e3o de um novo Concurso P\u00fablico. O certame visa o preenchimento de <strong>173 vagas imediatas<\/strong>, al\u00e9m da forma\u00e7\u00e3o de cadastro de reserva, para o quadro permanente de pessoal da Prefeitura.<\/p>\n<p>As oportunidades contemplam candidatos de n\u00edveis <strong>Fundamental (incompleto e completo), M\u00e9dio, T\u00e9cnico e Superior<\/strong>. O regime de contrata\u00e7\u00e3o ser\u00e1 o <strong>Estatut\u00e1rio<\/strong>, garantindo estabilidade aos servidores nomeados. As vagas est\u00e3o distribu\u00eddas entre diversos setores, incluindo administra\u00e7\u00e3o, educa\u00e7\u00e3o, fiscaliza\u00e7\u00e3o, obras e sa\u00fade.<\/p>\n<p>Destacamos que este edital oferece oportunidades diretas para profissionais das \u00e1reas de <strong>Nutri\u00e7\u00e3o<\/strong> (Educa\u00e7\u00e3o e Sa\u00fade) e <strong>Medicina Veterin\u00e1ria<\/strong> (Geral, Agricultura e Sa\u00fade), carreiras de grande relev\u00e2ncia para o munic\u00edpio. Confira a seguir os detalhes essenciais para garantir sua participa\u00e7\u00e3o.<\/p>\n<h2>Inscri\u00e7\u00f5es<\/h2>\n<p>As inscri\u00e7\u00f5es para o Concurso P\u00fablico de Jaboticatubas\/MG ser\u00e3o realizadas exclusivamente via internet. O per\u00edodo para cadastro inicia-se \u00e0s <strong>09h do dia 02 de janeiro de 2026<\/strong> e segue aberto at\u00e9 \u00e0s <strong>16h do dia 02 de fevereiro de 2026<\/strong>.<\/p>\n<p>Para confirmar a participa\u00e7\u00e3o, o candidato deve acessar o site da banca organizadora, preencher o formul\u00e1rio eletr\u00f4nico e emitir o boleto banc\u00e1rio. \u00c9 importante aguardar o prazo m\u00ednimo de 2 horas ap\u00f3s a emiss\u00e3o do boleto para efetuar o pagamento, garantindo o registro banc\u00e1rio. As taxas de inscri\u00e7\u00e3o foram definidas conforme o n\u00edvel de escolaridade:<\/p>\n<ul>\n<li><strong>N\u00edvel Fundamental:<\/strong> R$ 65,00<\/li>\n<li><strong>N\u00edvel M\u00e9dio\/T\u00e9cnico:<\/strong> R$ 85,00<\/li>\n<li><strong>N\u00edvel Superior:<\/strong> R$ 105,00<\/li>\n<\/ul>\n<p>O pagamento do boleto deve ser efetuado impreterivelmente at\u00e9 o dia <strong>03 de fevereiro de 2026<\/strong>. Candidatos que desejarem solicitar a isen\u00e7\u00e3o da taxa devem consultar os crit\u00e9rios e prazos espec\u00edficos detalhados no edital completo. Recomendamos que o candidato acompanhe a valida\u00e7\u00e3o de sua inscri\u00e7\u00e3o na &#8220;\u00c1rea do Candidato&#8221; no site do IBGP.<\/p>\n<h2>Etapas e Provas<\/h2>\n<p>A sele\u00e7\u00e3o dos candidatos ser\u00e1 realizada por meio de etapas distintas, variando conforme o cargo pleiteado. As provas est\u00e3o previstas para serem aplicadas no dia <strong>01 de mar\u00e7o de 2026 (domingo)<\/strong>, na cidade de Jaboticatubas\/MG, com dura\u00e7\u00e3o de 3h30.<\/p>\n<ul>\n<li><strong>Prova Objetiva de M\u00faltipla Escolha:<\/strong> De car\u00e1ter eliminat\u00f3rio e classificat\u00f3rio, ser\u00e1 aplicada a <strong>todos os cargos<\/strong>. A avalia\u00e7\u00e3o conter\u00e1 quest\u00f5es com 04 alternativas cada. As disciplinas gerais cobradas (variando conforme o n\u00edvel) incluem L\u00edngua Portuguesa, Matem\u00e1tica\/Racioc\u00ednio L\u00f3gico, No\u00e7\u00f5es de Administra\u00e7\u00e3o P\u00fablica, Inform\u00e1tica B\u00e1sica, Sa\u00fade P\u00fablica e Conhecimentos Espec\u00edficos.<\/li>\n<li><strong>Prova de T\u00edtulos:<\/strong> De car\u00e1ter apenas classificat\u00f3rio, destinada exclusivamente aos candidatos aos cargos de <strong>N\u00edvel Superior<\/strong>. Ser\u00e3o avaliadas forma\u00e7\u00f5es acad\u00eamicas (Doutorado, Mestrado e Especializa\u00e7\u00e3o), devendo os documentos ser enviados via upload no site da banca ap\u00f3s convoca\u00e7\u00e3o espec\u00edfica.<\/li>\n<\/ul>\n<p>Para os candidatos aprovados e convocados para nomea\u00e7\u00e3o, haver\u00e1 ainda a etapa de Exames M\u00e9dicos (eliminat\u00f3ria). Recomendamos a leitura atenta do edital para conferir o conte\u00fado program\u00e1tico detalhado e o turno de aplica\u00e7\u00e3o da prova para o seu cargo.<\/p>\n<h2>Resultados e Gabarito<\/h2>\n<p>Para ser considerado aprovado na Prova Objetiva, o candidato dever\u00e1 obter, no m\u00ednimo, <strong>50% do total de pontos<\/strong> e n\u00e3o zerar nenhum conte\u00fado da prova. A classifica\u00e7\u00e3o final ser\u00e1 ordenada de forma decrescente, conforme a pontua\u00e7\u00e3o obtida.<\/p>\n<p>Em caso de empate na nota final, os crit\u00e9rios de desempate seguir\u00e3o a seguinte ordem de prefer\u00eancia: idade igual ou superior a 60 anos (Estatuto do Idoso), maior pontua\u00e7\u00e3o em Conhecimentos Espec\u00edficos, L\u00edngua Portuguesa, No\u00e7\u00f5es de Administra\u00e7\u00e3o P\u00fablica, Sa\u00fade P\u00fablica, Pol\u00edticas P\u00fablicas do Servi\u00e7o Social, Matem\u00e1tica\/Racioc\u00ednio L\u00f3gico ou Inform\u00e1tica (conforme a estrutura da prova do cargo), fun\u00e7\u00e3o de jurado e maior idade.<\/p>\n<p>O resultado final ser\u00e1 homologado pelo Prefeito Municipal e ter\u00e1 validade de 02 (dois) anos, podendo ser prorrogado uma \u00fanica vez por igual per\u00edodo. \u00c9 de <strong>inteira responsabilidade do candidato<\/strong> acompanhar a publica\u00e7\u00e3o de todos os atos, editais e comunicados referentes a este concurso p\u00fablico no site do <strong>IBGP<\/strong> e no <strong>Di\u00e1rio Oficial do Munic\u00edpio<\/strong>.<\/p>\n","protected":false},"excerpt":{"rendered":"<p>Concurso Pref. Jaboticatubas (MG) com edital publicado! Vagas p\/ Professor e M\u00e9dico (Fund. a Sup.). Inscri\u00e7\u00f5es a partir de 02\/01. Sal\u00e1rios at\u00e9 R$15,7k. Confira!<\/p>\n","protected":false},"author":5229,"featured_media":275774,"comment_status":"open","ping_status":"open","sticky":false,"template":"","format":"standard","meta":{"_acf_changed":false,"_breakdance_hide_in_design_set":false,"_breakdance_tags":"","footnotes":""},"categories":[94,9,11,6434,12,17,18,19,21,22,23,24,25,26,101,108,143,134],"tags":[50],"_amplo":[],"destaque":[],"instituicoes":[],"class_list":["post-275775","post","type-post","status-publish","format-standard","has-post-thumbnail","hentry","category-biblioteconomia","category-ciencias-contabeis","category-educacao-fisica","category-educacao-fisica-licenciatura","category-enfermagem","category-farmacia","category-fisioterapia","category-fonoaudiologia","category-medicina","category-veterinaria","category-nutricao","category-odontologia","category-pedagogia","category-psicologia","category-servico-social","category-tecnico-enfermagem","category-tecnico-odontologia","category-terapia-ocupacional","tag-minas-gerais"],"acf":{"_tipo_vagas":"vagas","_numero_vagas":"","_quadro_vagas":"","_cargos":"diversos","_cargos_especificos":"","_salario_max":"R$ 15792.65","_abertura":"20260102","_encerramento":"20260202","_inscricoes":"https:\/\/www.ibgpconcursos.com.br","_executora_concurso":"","_instituicao_concurso":[],"_link_adicional":null,"_anexos":null,"_produtos":null,"_vagas":"173 vagas + CR","_salario_min":"R$ 1650","_instituicao":"Prefeitura de Jaboticatubas","_edital":"https:\/\/www.agrobase.com.br\/concursos\/wp-content\/uploads\/sites\/4\/2025\/12\/edital-01-2025-prefeitura-jaboticatubas-mg.pdf","_anexos_edital":"https:\/\/www.agrobase.com.br\/concursos\/wp-content\/uploads\/sites\/4\/2025\/12\/edital-01-2025-prefeitura-jaboticatubas-mg-anexos.pdf","_fund_incompleto":"<div>\r\n<table class=\"quadro\">\r\n<thead>\r\n<tr>\r\n<th class=\"hcargo\">Cargo<\/th>\r\n<th class=\"hvagas\">Vagas<\/th>\r\n<th class=\"hremuneracao\">Remunera\u00e7\u00e3o<\/th>\r\n<\/tr>\r\n<\/thead>\r\n    <tbody>\r\n      <td class=\"ccargos\">\r\n<span data-balloon-length=\"medium\" data-balloon-pos=\"up\">MOTORISTA<\/span><\/td>\r\n<td class=\"cvagas\">18<\/td>\r\n<td class=\"cremuneracao\">R$ 1.825,00 \/40h<\/td>\r\n<\/tr><td class=\"ccargos\">\r\n<span data-balloon-length=\"medium\" data-balloon-pos=\"up\">MOTORISTA PLANTONISTA<\/span><\/td>\r\n<td class=\"cvagas\">03<\/td>\r\n<td class=\"cremuneracao\">R$ 1.825,00 \/12x36h<\/td>\r\n<\/tr>\r\n    <\/tbody>\r\n  <\/table>\r\n<\/div>","_fund_completo":"<div>\r\n<table class=\"quadro\">\r\n<thead>\r\n<tr>\r\n<th class=\"hcargo\">Cargo<\/th>\r\n<th class=\"hvagas\">Vagas<\/th>\r\n<th class=\"hremuneracao\">Remunera\u00e7\u00e3o<\/th>\r\n<\/tr>\r\n<\/thead>\r\n    <tbody>\r\n      <td class=\"ccargos\">\r\n<span data-balloon-length=\"medium\" aria-label=\"Ensino Fundamental Completo.\" data-balloon-pos=\"up\">CANTINEIRO<\/span><\/td>\r\n<td class=\"cvagas\">14<\/td>\r\n<td class=\"cremuneracao\">R$ 1.650,00 \/30h<\/td>\r\n<\/tr><td class=\"ccargos\">\r\n<span data-balloon-length=\"medium\" aria-label=\"Ensino Fundamental Completo.\" data-balloon-pos=\"up\">FAXINEIRO ESCOLAR<\/span><\/td>\r\n<td class=\"cvagas\">20<\/td>\r\n<td class=\"cremuneracao\">R$ 1.650,00 \/30h<\/td>\r\n<\/tr>\r\n    <\/tbody>\r\n  <\/table>\r\n<\/div>","_medio":"<div>\r\n<table class=\"quadro\">\r\n<thead>\r\n<tr>\r\n<th class=\"hcargo\">Cargo<\/th>\r\n<th class=\"hvagas\">Vagas<\/th>\r\n<th class=\"hremuneracao\">Remunera\u00e7\u00e3o<\/th>\r\n<\/tr>\r\n<\/thead>\r\n    <tbody>\r\n      <td class=\"ccargos\">\r\n<span data-balloon-length=\"medium\" aria-label=\"Ensino M\u00e9dio Completo\" data-balloon-pos=\"up\">AGENTE ADMINISTRATIVO<\/span><\/td>\r\n<td class=\"cvagas\">10<\/td>\r\n<td class=\"cremuneracao\">R$ 2.422,04 \/40h<\/td>\r\n<\/tr><td class=\"ccargos\">\r\n<span data-balloon-length=\"medium\" aria-label=\"Ensino M\u00e9dio Completo\" data-balloon-pos=\"up\">AUXILIAR DE BIBLIOTECA<\/span><\/td>\r\n<td class=\"cvagas\">01<\/td>\r\n<td class=\"cremuneracao\">R$ 1.670,00 \/40h<\/td>\r\n<\/tr><td class=\"ccargos\">\r\n<span data-balloon-length=\"medium\" aria-label=\"Ensino M\u00e9dio Completo e registro no CRO\/MG\" data-balloon-pos=\"up\">AUXILIAR DE SA\u00daDE BUCAL<\/span><\/td>\r\n<td class=\"cvagas\">03<\/td>\r\n<td class=\"cremuneracao\">R$ 1.670,00 \/40h<\/td>\r\n<\/tr><td class=\"ccargos\">\r\n<span data-balloon-length=\"medium\" aria-label=\"Ensino M\u00e9dio Completo\" data-balloon-pos=\"up\">ENTREVISTADOR<\/span><\/td>\r\n<td class=\"cvagas\">02<\/td>\r\n<td class=\"cremuneracao\">R$ 1.670,00 \/40h<\/td>\r\n<\/tr><td class=\"ccargos\">\r\n<span data-balloon-length=\"medium\" aria-label=\"Ensino M\u00e9dio Completo\" data-balloon-pos=\"up\">FISCAL DE MEIO AMBIENTE<\/span><\/td>\r\n<td class=\"cvagas\">02<\/td>\r\n<td class=\"cremuneracao\">R$ 2.337,07 \/40h<\/td>\r\n<\/tr><td class=\"ccargos\">\r\n<span data-balloon-length=\"medium\" aria-label=\"Ensino M\u00e9dio Completo\" data-balloon-pos=\"up\">FISCAL DE OBRAS E POSTURAS<\/span><\/td>\r\n<td class=\"cvagas\">02<\/td>\r\n<td class=\"cremuneracao\">R$ 2.337,07 \/40h<\/td>\r\n<\/tr><td class=\"ccargos\">\r\n<span data-balloon-length=\"medium\" aria-label=\"Ensino M\u00e9dio Completo\" data-balloon-pos=\"up\">FISCAL SANIT\u00c1RIO<\/span><\/td>\r\n<td class=\"cvagas\">01<\/td>\r\n<td class=\"cremuneracao\">R$ 2.337,07 \/40h<\/td>\r\n<\/tr><td class=\"ccargos\">\r\n<span data-balloon-length=\"medium\" aria-label=\"Ensino M\u00e9dio Completo\" data-balloon-pos=\"up\">FISCAL TRIBUT\u00c1RIO<\/span><\/td>\r\n<td class=\"cvagas\">CR<\/td>\r\n<td class=\"cremuneracao\">R$ 2.337,07 \/40h<\/td>\r\n<\/tr><td class=\"ccargos\">\r\n<span data-balloon-length=\"medium\" aria-label=\"Ensino M\u00e9dio Completo\" data-balloon-pos=\"up\">MONITOR DE VIAGEM<\/span><\/td>\r\n<td class=\"cvagas\">03<\/td>\r\n<td class=\"cremuneracao\">R$ 1.670,00 \/40h<\/td>\r\n<\/tr><td class=\"ccargos\">\r\n<span data-balloon-length=\"medium\" aria-label=\"Ensino M\u00e9dio Completo\" data-balloon-pos=\"up\">SECRET\u00c1RIO ESCOLAR<\/span><\/td>\r\n<td class=\"cvagas\">02<\/td>\r\n<td class=\"cremuneracao\">R$ 1.670,00 \/30h<\/td>\r\n<\/tr><td class=\"ccargos\">\r\n<span data-balloon-length=\"medium\" aria-label=\"Ensino M\u00e9dio Completo com Curso T\u00e9cnico de Enfermagem e registro no COREN\/MG.\" data-balloon-pos=\"up\">T\u00c9CNICO DE ENFERMAGEM<\/span><\/td>\r\n<td class=\"cvagas\">10<\/td>\r\n<td class=\"cremuneracao\">R$ 1.670,00 \/40h<\/td>\r\n<\/tr><td class=\"ccargos\">\r\n<span data-balloon-length=\"medium\" aria-label=\"Ensino M\u00e9dio Completo com Curso T\u00e9cnico de Enfermagem e registro no COREN\/MG.\" data-balloon-pos=\"up\">T\u00c9CNICO DE ENFERMAGEM PLANTONISTA<\/span><\/td>\r\n<td class=\"cvagas\">02<\/td>\r\n<td class=\"cremuneracao\">R$ 1.670,00 \/12x36h<\/td>\r\n<\/tr><td class=\"ccargos\">\r\n<span data-balloon-length=\"medium\" aria-label=\"Ensino M\u00e9dio Completo com Curso T\u00e9cnico de Farm\u00e1cia.\" data-balloon-pos=\"up\">T\u00c9CNICO EM FARM\u00c1CIA<\/span><\/td>\r\n<td class=\"cvagas\">03<\/td>\r\n<td class=\"cremuneracao\">R$ 1.670,00 \/40h<\/td>\r\n<\/tr><td class=\"ccargos\">\r\n<span data-balloon-length=\"medium\" aria-label=\"Ensino M\u00e9dio Completo com Curso T\u00e9cnico de Radiologia com registro no CRTR\/MG.\" data-balloon-pos=\"up\">T\u00c9CNICO EM RADIOLOGIA<\/span><\/td>\r\n<td class=\"cvagas\">01<\/td>\r\n<td class=\"cremuneracao\">R$ 2.083,00 \/24h<\/td>\r\n<\/tr><td class=\"ccargos\">\r\n<span data-balloon-length=\"medium\" aria-label=\"Ensino M\u00e9dio Completo com Curso T\u00e9cnico em Sa\u00fade Bucal e registro no CRO\/MG.\" data-balloon-pos=\"up\">T\u00c9CNICO EM SA\u00daDE BUCAL<\/span><\/td>\r\n<td class=\"cvagas\">03<\/td>\r\n<td class=\"cremuneracao\">R$ 1.670,00 \/40h<\/td>\r\n<\/tr>\r\n    <\/tbody>\r\n  <\/table>\r\n<\/div>","_superior":"<div>\r\n<table class=\"quadro\">\r\n<thead>\r\n<tr>\r\n<th class=\"hcargo\">Cargo<\/th>\r\n<th class=\"hvagas\">Vagas<\/th>\r\n<th class=\"hremuneracao\">Remunera\u00e7\u00e3o<\/th>\r\n<\/tr>\r\n<\/thead>\r\n    <tbody>\r\n      <tr>\r\n<td class=\"ccargos\">\r\n<span data-balloon-length=\"medium\" aria-label=\"Superior Completo em Servi\u00e7o Social e registro no CRESS\/MG.\" data-balloon-pos=\"up\">ASSISTENTE SOCIAL \u2013 CAD\u00daNICO<\/span><\/td>\r\n<td class=\"cvagas\">01<\/td>\r\n<td class=\"cremuneracao\">R$ 3.426,83 \/20h<\/td>\r\n<\/tr><tr>\r\n<td class=\"ccargos\">\r\n<span data-balloon-length=\"medium\" aria-label=\"Superior Completo em Biblioteconomia e registro no CRB\/MG.\" data-balloon-pos=\"up\">BIBLIOTEC\u00c1RIO<\/span><\/td>\r\n<td class=\"cvagas\">01<\/td>\r\n<td class=\"cremuneracao\">R$ 3.426,83 \/40h<\/td>\r\n<\/tr><tr>\r\n<td class=\"ccargos\">\r\n<span data-balloon-length=\"medium\" aria-label=\"Superior Completo em Ci\u00eancias Cont\u00e1beis e registro junto ao CRC\/MG.\" data-balloon-pos=\"up\">CONTADOR<\/span><\/td>\r\n<td class=\"cvagas\">01<\/td>\r\n<td class=\"cremuneracao\">R$ 5.488,75 \/30h<\/td>\r\n<\/tr><tr>\r\n<td class=\"ccargos\">\r\n<span data-balloon-length=\"medium\" aria-label=\"Superior Completo em Odontologia e registro junto ao CRO\/MG.\" data-balloon-pos=\"up\">DENTISTA<\/span><\/td>\r\n<td class=\"cvagas\">CR<\/td>\r\n<td class=\"cremuneracao\">R$ 8.700,38 \/40h<\/td>\r\n<\/tr><tr>\r\n<td class=\"ccargos\">\r\n<span data-balloon-length=\"medium\" aria-label=\"Superior Completo em Educa\u00e7\u00e3o F\u00edsica e registro junto ao CREF\/MG.\" data-balloon-pos=\"up\">EDUCADOR F\u00cdSICO \u2013 SA\u00daDE<\/span><\/td>\r\n<td class=\"cvagas\">02<\/td>\r\n<td class=\"cremuneracao\">R$ 3.426,83 \/20h<\/td>\r\n<\/tr><tr>\r\n<td class=\"ccargos\">\r\n<span data-balloon-length=\"medium\" aria-label=\"Superior Completo em Enfermagem e registro junto ao COREN\/MG.\" data-balloon-pos=\"up\">ENFERMEIRO<\/span><\/td>\r\n<td class=\"cvagas\">02<\/td>\r\n<td class=\"cremuneracao\">R$ 6.853,69 \/40h<\/td>\r\n<\/tr><tr>\r\n<td class=\"ccargos\">\r\n<span data-balloon-length=\"medium\" aria-label=\"Superior Completo em Enfermagem e registro junto ao COREN\/MG.\" data-balloon-pos=\"up\">ENFERMEIRO PLANTONISTA<\/span><\/td>\r\n<td class=\"cvagas\">02<\/td>\r\n<td class=\"cremuneracao\">R$ 6.853,69 \/12x36h<\/td>\r\n<\/tr><tr>\r\n<td class=\"ccargos\">\r\n<span data-balloon-length=\"medium\" aria-label=\"Superior Completo na \u00c1rea de Sa\u00fade.\" data-balloon-pos=\"up\">EPIDEMIOLOGISTA<\/span><\/td>\r\n<td class=\"cvagas\">01<\/td>\r\n<td class=\"cremuneracao\">R$ 3.426,83 \/20h<\/td>\r\n<\/tr><tr>\r\n<td class=\"ccargos\">\r\n<span data-balloon-length=\"medium\" aria-label=\"Superior Completo em Farm\u00e1cia e Registro junto ao CRF\/MG.\" data-balloon-pos=\"up\">FARMAC\u00caUTICO<\/span><\/td>\r\n<td class=\"cvagas\">02<\/td>\r\n<td class=\"cremuneracao\">R$ 3.426,83 \/20h<\/td>\r\n<\/tr><tr>\r\n<td class=\"ccargos\">\r\n<span data-balloon-length=\"medium\" aria-label=\"Superior Completo em Fisioterapia e registro junto ao CREFITO\/MG.\" data-balloon-pos=\"up\">FISIOTERAPEUTA<\/span><\/td>\r\n<td class=\"cvagas\">03<\/td>\r\n<td class=\"cremuneracao\">R$ 3.426,83 \/20h<\/td>\r\n<\/tr><tr>\r\n<td class=\"ccargos\">\r\n<span data-balloon-length=\"medium\" aria-label=\"Superior Completo em Fonoaudiologia e registro junto ao CRF\/MG.\" data-balloon-pos=\"up\">FONOAUDI\u00d3LOGO<\/span><\/td>\r\n<td class=\"cvagas\">02<\/td>\r\n<td class=\"cremuneracao\">R$ 3.426,83 \/20h<\/td>\r\n<\/tr><tr>\r\n<td class=\"ccargos\">\r\n<span data-balloon-length=\"medium\" aria-label=\"Superior Completo em Medicina e registro no CRM\/MG.\" data-balloon-pos=\"up\">M\u00c9DICO<\/span><\/td>\r\n<td class=\"cvagas\">02<\/td>\r\n<td class=\"cremuneracao\">R$ 15.792,65 \/40h<\/td>\r\n<\/tr><tr>\r\n<td class=\"ccargos\">\r\n<span data-balloon-length=\"medium\" aria-label=\"Superior Completo em Medicina Veterin\u00e1ria e registro no CRMV\/MG.\" data-balloon-pos=\"up\">M\u00c9DICO VETERIN\u00c1RIO<\/span><\/td>\r\n<td class=\"cvagas\">CR<\/td>\r\n<td class=\"cremuneracao\">R$ 5.140,24 \/30h<\/td>\r\n<\/tr><tr>\r\n<td class=\"ccargos\">\r\n<span data-balloon-length=\"medium\" aria-label=\"Superior Completo em Medicina Veterin\u00e1ria e registro no CRMV\/MG.\" data-balloon-pos=\"up\">M\u00c9DICO VETERIN\u00c1RIO \u2013 AGRICULTURA<\/span><\/td>\r\n<td class=\"cvagas\">CR<\/td>\r\n<td class=\"cremuneracao\">R$ 3.426,83 \/20h<\/td>\r\n<\/tr><tr>\r\n<td class=\"ccargos\">\r\n<span data-balloon-length=\"medium\" aria-label=\"Superior Completo em Medicina Veterin\u00e1ria e registro no CRMV\/MG.\" data-balloon-pos=\"up\">M\u00c9DICO VETERIN\u00c1RIO \u2013 SA\u00daDE<\/span><\/td>\r\n<td class=\"cvagas\">CR<\/td>\r\n<td class=\"cremuneracao\">R$ 3.426,83 \/20h<\/td>\r\n<\/tr><tr>\r\n<td class=\"ccargos\">\r\n<span data-balloon-length=\"medium\" aria-label=\"Superior Completo em Nutri\u00e7\u00e3o e registro no CRN\/MG.\" data-balloon-pos=\"up\">NUTRICIONISTA \u2013 EDUCA\u00c7\u00c3O<\/span><\/td>\r\n<td class=\"cvagas\">01<\/td>\r\n<td class=\"cremuneracao\">R$ 5.140,24 \/30h<\/td>\r\n<\/tr><tr>\r\n<td class=\"ccargos\">\r\n<span data-balloon-length=\"medium\" aria-label=\"Superior Completo em Nutri\u00e7\u00e3o e registro no CRN\/MG.\" data-balloon-pos=\"up\">NUTRICIONISTA \u2013 SA\u00daDE<\/span><\/td>\r\n<td class=\"cvagas\">02<\/td>\r\n<td class=\"cremuneracao\">R$ 3.426,83 \/20h<\/td>\r\n<\/tr><tr>\r\n<td class=\"ccargos\">\r\n<span data-balloon-length=\"medium\" aria-label=\"Licenciatura Plena, obtida em Curso Normal Superior ou Superior Completo em Pedagogia \u2013 Licenciatura, com habilita\u00e7\u00e3o em doc\u00eancia nas s\u00e9ries iniciais do Ensino Fundamental.\" data-balloon-pos=\"up\">PROFESSOR DE EDUCA\u00c7\u00c3O B\u00c1SICA<\/span><\/td>\r\n<td class=\"cvagas\">36<\/td>\r\n<td class=\"cremuneracao\">R$ 2.920,71 \/24h<\/td>\r\n<\/tr><tr>\r\n<td class=\"ccargos\">\r\n<span data-balloon-length=\"medium\" aria-label=\"Superior Completo em Educa\u00e7\u00e3o F\u00edsica \u2013 Licenciatura e registro junto ao CREF\/MG.\" data-balloon-pos=\"up\">PROFESSOR DE EDUCA\u00c7\u00c3O F\u00cdSICA<\/span><\/td>\r\n<td class=\"cvagas\">03<\/td>\r\n<td class=\"cremuneracao\">R$ 2.920,71 \/24h<\/td>\r\n<\/tr><tr>\r\n<td class=\"ccargos\">\r\n<span data-balloon-length=\"medium\" aria-label=\"Superior Completo em Psicologia com registro no CRP\/MG.\" data-balloon-pos=\"up\">PSIC\u00d3LOGO \u2013 EDUCA\u00c7\u00c3O<\/span><\/td>\r\n<td class=\"cvagas\">02<\/td>\r\n<td class=\"cremuneracao\">R$ 5.140,24 \/30h<\/td>\r\n<\/tr><tr>\r\n<td class=\"ccargos\">\r\n<span data-balloon-length=\"medium\" aria-label=\"Superior Completo em Psicologia com registro no CRP\/MG.\" data-balloon-pos=\"up\">PSIC\u00d3LOGO \u2013 SA\u00daDE<\/span><\/td>\r\n<td class=\"cvagas\">02<\/td>\r\n<td class=\"cremuneracao\">R$ 3.426,83 \/20h<\/td>\r\n<\/tr><tr>\r\n<td class=\"ccargos\">\r\n<span data-balloon-length=\"medium\" aria-label=\"Superior Completo em Pedagogia com habilita\u00e7\u00e3o em Supervis\u00e3o Pedag\u00f3gica.\" data-balloon-pos=\"up\">SUPERVISOR PEDAG\u00d3GICO<\/span><\/td>\r\n<td class=\"cvagas\">05<\/td>\r\n<td class=\"cremuneracao\">R$ 3.977,00 \/24h<\/td>\r\n<\/tr><tr>\r\n<td class=\"ccargos\">\r\n<span data-balloon-length=\"medium\" aria-label=\"Superior Completo em Terapia Ocupacional e registro no CREFITO\/MG.\" data-balloon-pos=\"up\">TERAPEUTA OCUPACIONAL \u2013 EDUCA\u00c7\u00c3O<\/span><\/td>\r\n<td class=\"cvagas\">01<\/td>\r\n<td class=\"cremuneracao\">R$ 5.140,24 \/30h<\/td>\r\n<\/tr><tr>\r\n<td class=\"ccargos\">\r\n<span data-balloon-length=\"medium\" aria-label=\"Superior Completo em Terapia Ocupacional e registro no CREFITO\/MG.\" data-balloon-pos=\"up\">TERAPEUTA OCUPACIONAL \u2013 SA\u00daDE<\/span><\/td>\r\n<td class=\"cvagas\">02<\/td>\r\n<td class=\"cremuneracao\">R$ 3.426,83 \/20h<\/td>\r\n<\/tr>\r\n    <\/tbody>\r\n  <\/table>\r\n<\/div>"},"_links":{"self":[{"href":"https:\/\/www.agrobase.com.br\/concursos\/wp-json\/wp\/v2\/posts\/275775","targetHints":{"allow":["GET"]}}],"collection":[{"href":"https:\/\/www.agrobase.com.br\/concursos\/wp-json\/wp\/v2\/posts"}],"about":[{"href":"https:\/\/www.agrobase.com.br\/concursos\/wp-json\/wp\/v2\/types\/post"}],"author":[{"embeddable":true,"href":"https:\/\/www.agrobase.com.br\/concursos\/wp-json\/wp\/v2\/users\/5229"}],"replies":[{"embeddable":true,"href":"https:\/\/www.agrobase.com.br\/concursos\/wp-json\/wp\/v2\/comments?post=275775"}],"version-history":[{"count":2,"href":"https:\/\/www.agrobase.com.br\/concursos\/wp-json\/wp\/v2\/posts\/275775\/revisions"}],"predecessor-version":[{"id":275780,"href":"https:\/\/www.agrobase.com.br\/concursos\/wp-json\/wp\/v2\/posts\/275775\/revisions\/275780"}],"wp:featuredmedia":[{"embeddable":true,"href":"https:\/\/www.agrobase.com.br\/concursos\/wp-json\/wp\/v2\/media\/275774"}],"wp:attachment":[{"href":"https:\/\/www.agrobase.com.br\/concursos\/wp-json\/wp\/v2\/media?parent=275775"}],"wp:term":[{"taxonomy":"category","embeddable":true,"href":"https:\/\/www.agrobase.com.br\/concursos\/wp-json\/wp\/v2\/categories?post=275775"},{"taxonomy":"post_tag","embeddable":true,"href":"https:\/\/www.agrobase.com.br\/concursos\/wp-json\/wp\/v2\/tags?post=275775"},{"taxonomy":"_amplo","embeddable":true,"href":"https:\/\/www.agrobase.com.br\/concursos\/wp-json\/wp\/v2\/_amplo?post=275775"},{"taxonomy":"destaque","embeddable":true,"href":"https:\/\/www.agrobase.com.br\/concursos\/wp-json\/wp\/v2\/destaque?post=275775"},{"taxonomy":"instituicoes","embeddable":true,"href":"https:\/\/www.agrobase.com.br\/concursos\/wp-json\/wp\/v2\/instituicoes?post=275775"}],"curies":[{"name":"wp","href":"https:\/\/api.w.org\/{rel}","templated":true}]}}