{"id":275748,"date":"2025-12-23T07:20:38","date_gmt":"2025-12-23T10:20:38","guid":{"rendered":"https:\/\/www.agrobase.com.br\/concursos\/?p=275748"},"modified":"2025-12-22T19:59:35","modified_gmt":"2025-12-22T22:59:35","slug":"uemasul-ma-selecao-simplificada-52-2025","status":"publish","type":"post","link":"https:\/\/www.agrobase.com.br\/concursos\/2025\/uemasul-ma-selecao-simplificada-52-2025\/","title":{"rendered":"UEMASUL (MA) &#8211; Sele\u00e7\u00e3o Simplificada 52\/2025"},"content":{"rendered":"<h2>Informa\u00e7\u00f5es Gerais<\/h2>\n<p>A <strong>Universidade Estadual da Regi\u00e3o Tocantina do Maranh\u00e3o (UEMASUL)<\/strong> torna p\u00fablica a realiza\u00e7\u00e3o de um novo Processo Seletivo Simplificado, regido pelo <strong>Edital n\u00ba 52\/2025<\/strong>. O certame tem como objetivo a contrata\u00e7\u00e3o tempor\u00e1ria de Professores Substitutos para atuar no Centro de Ci\u00eancias Agr\u00e1rias, Naturais e Letras (CCANL), localizado no <strong>Campus Estreito<\/strong>.<\/p>\n<p>As oportunidades s\u00e3o destinadas a profissionais com n\u00edvel superior e p\u00f3s-gradua\u00e7\u00e3o (no m\u00ednimo, especializa\u00e7\u00e3o), visando ao preenchimento de vagas imediatas e forma\u00e7\u00e3o de cadastro de reserva. As \u00e1reas contempladas abrangem Ci\u00eancias Sociais Aplicadas (Direito e Ci\u00eancias Cont\u00e1beis), Lingu\u00edstica, Letras e Artes. H\u00e1 um destaque especial para a \u00e1rea de <strong>Ci\u00eancias Agr\u00e1rias<\/strong>, com vaga para <strong>Agronomia<\/strong> (sub\u00e1rea Fruticultura\/Olericultura), setor de grande relev\u00e2ncia para o desenvolvimento regional.<\/p>\n<p>O contrato ter\u00e1 vig\u00eancia de 12 meses, podendo ser prorrogado por igual per\u00edodo. Confira a seguir os detalhes sobre prazos, etapas e requisitos para participar desta sele\u00e7\u00e3o.<\/p>\n<h2>Inscri\u00e7\u00f5es<\/h2>\n<p>Os interessados devem realizar a inscri\u00e7\u00e3o exclusivamente via internet, enviando a documenta\u00e7\u00e3o exigida para o e-mail <strong>seletivo.caes@uemasul.edu.br<\/strong>. O per\u00edodo para envio dos documentos encerra-se \u00e0s <strong>23h59min do dia 19 de janeiro de 2026<\/strong>.<\/p>\n<p>Para efetivar a participa\u00e7\u00e3o, o candidato deve preencher o Requerimento de Inscri\u00e7\u00e3o e envi\u00e1-lo juntamente com os documentos comprobat\u00f3rios (RG, CPF, diplomas, comprovante de resid\u00eancia, Curr\u00edculo Lattes documentado, entre outros) em um <strong>\u00fanico arquivo no formato PDF<\/strong>. \u00c9 obrigat\u00f3rio que o assunto do e-mail siga o padr\u00e3o: \u201cProcesso Seletivo Simplificado \u2013 Edital n\u00ba 52\/2025 &#8211; PROGESA\/UEMASUL\u201d.<\/p>\n<p>A taxa de inscri\u00e7\u00e3o \u00e9 de <strong>R$ 50,00<\/strong>, devendo ser paga mediante dep\u00f3sito ou transfer\u00eancia para a conta da UEMASUL no Banco do Brasil (Ag\u00eancia 3846-6, Conta Corrente 9840-X). N\u00e3o ser\u00e3o aceitos comprovantes de agendamento ou envelope de caixa eletr\u00f4nico. Candidatos que atendam aos requisitos legais podem ter solicitado a isen\u00e7\u00e3o da taxa conforme cronograma pr\u00e9vio. Recomendamos a leitura atenta do edital para conferir a lista completa de documentos exigidos.<\/p>\n<h2>Etapas e Provas<\/h2>\n<p>A sele\u00e7\u00e3o dos candidatos ser\u00e1 realizada presencialmente, preferencialmente no Campus Estreito, e compreender\u00e1 duas etapas distintas, destinadas a avaliar o conhecimento espec\u00edfico e a qualifica\u00e7\u00e3o profissional:<\/p>\n<ul>\n<li><strong>Prova Did\u00e1tica (Eliminat\u00f3ria e Classificat\u00f3ria):<\/strong> Consiste em uma aula expositiva sobre um tema sorteado com 24 horas de anteced\u00eancia. A prova ter\u00e1 dura\u00e7\u00e3o m\u00ednima de 45 e m\u00e1xima de 55 minutos. O candidato deve entregar o Plano de Aula em tr\u00eas vias antes do in\u00edcio. Para ser aprovado, \u00e9 necess\u00e1rio obter m\u00e9dia igual ou superior a 7,0.<\/li>\n<li><strong>Prova de T\u00edtulos (Classificat\u00f3ria):<\/strong> An\u00e1lise curricular baseada na documenta\u00e7\u00e3o do Curr\u00edculo Lattes enviada no ato da inscri\u00e7\u00e3o. A pontua\u00e7\u00e3o considerar\u00e1 a forma\u00e7\u00e3o acad\u00eamica e a experi\u00eancia profissional na \u00e1rea de atua\u00e7\u00e3o.<\/li>\n<\/ul>\n<p>O sorteio dos temas para a Prova Did\u00e1tica ocorrer\u00e1 em sala virtual no dia <strong>04 de fevereiro de 2026<\/strong>, e a aplica\u00e7\u00e3o das provas est\u00e1 prevista para o dia <strong>05 de fevereiro de 2026<\/strong>. Consulte o edital completo para verificar os temas sorte\u00e1veis e os crit\u00e9rios detalhados de pontua\u00e7\u00e3o.<\/p>\n<h2>Resultados e Gabarito<\/h2>\n<p>Os resultados do Processo Seletivo ser\u00e3o divulgados no site oficial da UEMASUL e no Di\u00e1rio Oficial do Estado do Maranh\u00e3o. O cronograma prev\u00ea a publica\u00e7\u00e3o do resultado preliminar da Prova Did\u00e1tica em <strong>06 de fevereiro de 2026<\/strong> e a divulga\u00e7\u00e3o do <strong>resultado final do certame at\u00e9 20 de fevereiro de 2026<\/strong>.<\/p>\n<p>A classifica\u00e7\u00e3o final ser\u00e1 obtida pela m\u00e9dia aritm\u00e9tica simples das notas da Prova Did\u00e1tica e da Prova de T\u00edtulos. Em caso de empate, ter\u00e3o prefer\u00eancia candidatos com maior nota na prova did\u00e1tica, maior nota na prova de t\u00edtulos, maior tempo de magist\u00e9rio superior, maior idade ou capacita\u00e7\u00e3o em LIBRAS, nesta ordem.<\/p>\n<p>A validade do seletivo \u00e9 de 12 meses, pass\u00edvel de prorroga\u00e7\u00e3o. \u00c9 de inteira responsabilidade do candidato acompanhar as publica\u00e7\u00f5es oficiais e convoca\u00e7\u00f5es diretamente na p\u00e1gina da institui\u00e7\u00e3o e no Di\u00e1rio Oficial.<\/p>\n","protected":false},"excerpt":{"rendered":"<p>Proc. Seletivo UEMASUL (MA) com edital publicado! Vagas p\/ Prof. Substituto (Superior). Inscri\u00e7\u00f5es a partir de 09\/12. Sal\u00e1rios at\u00e9 R$3.6k. Confira detalhes!<\/p>\n","protected":false},"author":5229,"featured_media":275747,"comment_status":"open","ping_status":"open","sticky":false,"template":"","format":"standard","meta":{"_acf_changed":false,"_breakdance_hide_in_design_set":false,"_breakdance_tags":"","footnotes":""},"categories":[4,9,10,15,20],"tags":[49],"_amplo":[],"destaque":[],"instituicoes":[],"class_list":["post-275748","post","type-post","status-publish","format-standard","has-post-thumbnail","hentry","category-agronomia","category-ciencias-contabeis","category-direito","category-engenharia-florestal","category-letras","tag-maranhao"],"acf":{"_tipo_vagas":"vagas","_numero_vagas":"","_quadro_vagas":"","_cargos":"diversos","_cargos_especificos":"","_salario_max":"R$ 3624.64","_abertura":"20251209","_encerramento":"20260119","_inscricoes":"","_executora_concurso":"","_instituicao_concurso":[],"_link_adicional":null,"_anexos":null,"_produtos":null,"_vagas":"4 vagas + CR","_salario_min":"R$ 2508.74","_instituicao":"UEMASUL","_edital":"https:\/\/www.agrobase.com.br\/concursos\/wp-content\/uploads\/sites\/4\/2025\/12\/edital-52-2025-uemasul-ma.pdf","_anexos_edital":"","_fund_incompleto":"","_fund_completo":"","_medio":"","_superior":"<div>\r\n<table class=\"quadro\">\r\n<thead>\r\n<tr>\r\n<th class=\"hcargo\">Cargo<\/th>\r\n<th class=\"hvagas\">Vagas<\/th>\r\n\r\n<\/tr>\r\n<\/thead>\r\n    <tbody>\r\n      <tr>\r\n<td class=\"ccargos\">\r\n<span data-balloon-length=\"medium\" aria-label=\"Gradua\u00e7\u00e3o em Direito Com, no m\u00ednimo, Especializa\u00e7\u00e3o na \u00e1rea.\" data-balloon-pos=\"up\">Ci\u00eancias Sociais Aplicadas\/Direito\/Direito P\u00fablico (Direito Processual Penal, Direito Processual Civil, Direito Constitucional)<\/span><\/td>\r\n<td class=\"cvagas\">CR<\/td>\r\n\r\n<\/tr><tr>\r\n<td class=\"ccargos\">\r\n<span data-balloon-length=\"medium\" aria-label=\"Gradua\u00e7\u00e3o em Direito Com, no m\u00ednimo, Especializa\u00e7\u00e3o na \u00e1rea.\" data-balloon-pos=\"up\">Ci\u00eancias Sociais Aplicadas\/Direito\/Direito Privado (Direito Civil)<\/span><\/td>\r\n<td class=\"cvagas\">CR<\/td>\r\n\r\n<\/tr><tr>\r\n<td class=\"ccargos\">\r\n<span data-balloon-length=\"medium\" aria-label=\"Gradua\u00e7\u00e3o Ci\u00eancias Cont\u00e1beis ou \u00e1reas afins com, no m\u00ednimo, Especializa\u00e7\u00e3o na \u00e1rea ou em \u00e1reas afins.\" data-balloon-pos=\"up\">Ci\u00eancias Sociais Aplicadas \/ Ci\u00eancias Cont\u00e1beis<\/span><\/td>\r\n<td class=\"cvagas\">CR<\/td>\r\n\r\n<\/tr><tr>\r\n<td class=\"ccargos\">\r\n<span data-balloon-length=\"medium\" aria-label=\"Gradua\u00e7\u00e3o em Letras\/L\u00edngua Portuguesa com, no m\u00ednimo, especializa\u00e7\u00e3o na \u00e1rea ou em \u00e1reas afins.\" data-balloon-pos=\"up\">Lingu\u00edstica, Letras e Artes\/Letras\/Lingu\u00edstica e Literatura (Literatura)<\/span><\/td>\r\n<td class=\"cvagas\">02 + CR<\/td>\r\n\r\n<\/tr><tr>\r\n<td class=\"ccargos\">\r\n<span data-balloon-length=\"medium\" aria-label=\"Gradua\u00e7\u00e3o em Letras\/L\u00edngua Portuguesa com, no m\u00ednimo, especializa\u00e7\u00e3o na \u00e1rea ou em \u00e1reas afins.\" data-balloon-pos=\"up\">Lingu\u00edstica, Letras e Artes\/Lingu\u00edstica e Literatura (Lingu\u00edstica)<\/span><\/td>\r\n<td class=\"cvagas\">01 + CR<\/td>\r\n\r\n<\/tr><tr>\r\n<td class=\"ccargos\">\r\n<span data-balloon-length=\"medium\" aria-label=\"Gradua\u00e7\u00e3o em Engenharia Agron\u00f4mica ou Agronomia ou Engenharia Florestal ou Licenciatura em Ci\u00eancias Agr\u00e1rias com, no m\u00ednimo, Especializa\u00e7\u00e3o na \u00e1rea ou em \u00e1reas afins.\" data-balloon-pos=\"up\">Ci\u00eancias Agr\u00e1rias\/ Ci\u00eancias Agr\u00e1rias I\/Agronomia (Fruticultura\/ Olericultura)<\/span><\/td>\r\n<td class=\"cvagas\">01 + CR<\/td>\r\n\r\n<\/tr>\r\n    <\/tbody>\r\n  <\/table>\r\n<\/div>"},"_links":{"self":[{"href":"https:\/\/www.agrobase.com.br\/concursos\/wp-json\/wp\/v2\/posts\/275748","targetHints":{"allow":["GET"]}}],"collection":[{"href":"https:\/\/www.agrobase.com.br\/concursos\/wp-json\/wp\/v2\/posts"}],"about":[{"href":"https:\/\/www.agrobase.com.br\/concursos\/wp-json\/wp\/v2\/types\/post"}],"author":[{"embeddable":true,"href":"https:\/\/www.agrobase.com.br\/concursos\/wp-json\/wp\/v2\/users\/5229"}],"replies":[{"embeddable":true,"href":"https:\/\/www.agrobase.com.br\/concursos\/wp-json\/wp\/v2\/comments?post=275748"}],"version-history":[{"count":3,"href":"https:\/\/www.agrobase.com.br\/concursos\/wp-json\/wp\/v2\/posts\/275748\/revisions"}],"predecessor-version":[{"id":275786,"href":"https:\/\/www.agrobase.com.br\/concursos\/wp-json\/wp\/v2\/posts\/275748\/revisions\/275786"}],"wp:featuredmedia":[{"embeddable":true,"href":"https:\/\/www.agrobase.com.br\/concursos\/wp-json\/wp\/v2\/media\/275747"}],"wp:attachment":[{"href":"https:\/\/www.agrobase.com.br\/concursos\/wp-json\/wp\/v2\/media?parent=275748"}],"wp:term":[{"taxonomy":"category","embeddable":true,"href":"https:\/\/www.agrobase.com.br\/concursos\/wp-json\/wp\/v2\/categories?post=275748"},{"taxonomy":"post_tag","embeddable":true,"href":"https:\/\/www.agrobase.com.br\/concursos\/wp-json\/wp\/v2\/tags?post=275748"},{"taxonomy":"_amplo","embeddable":true,"href":"https:\/\/www.agrobase.com.br\/concursos\/wp-json\/wp\/v2\/_amplo?post=275748"},{"taxonomy":"destaque","embeddable":true,"href":"https:\/\/www.agrobase.com.br\/concursos\/wp-json\/wp\/v2\/destaque?post=275748"},{"taxonomy":"instituicoes","embeddable":true,"href":"https:\/\/www.agrobase.com.br\/concursos\/wp-json\/wp\/v2\/instituicoes?post=275748"}],"curies":[{"name":"wp","href":"https:\/\/api.w.org\/{rel}","templated":true}]}}