{"id":275730,"date":"2025-12-23T07:40:15","date_gmt":"2025-12-23T10:40:15","guid":{"rendered":"https:\/\/www.agrobase.com.br\/concursos\/?p=275730"},"modified":"2025-12-22T20:08:39","modified_gmt":"2025-12-22T23:08:39","slug":"prefeitura-sao-cristovao-do-sul-sc-selecao-simplificada-001-2025","status":"publish","type":"post","link":"https:\/\/www.agrobase.com.br\/concursos\/2025\/prefeitura-sao-cristovao-do-sul-sc-selecao-simplificada-001-2025\/","title":{"rendered":"Prefeitura S\u00e3o Crist\u00f3v\u00e3o do Sul (SC) &#8211; Sele\u00e7\u00e3o Simplificada 001\/2025"},"content":{"rendered":"<h2>Informa\u00e7\u00f5es Gerais<\/h2>\n<p>O <strong>Munic\u00edpio de S\u00e3o Crist\u00f3v\u00e3o do Sul<\/strong>, no estado de Santa Catarina, torna p\u00fablica a abertura de um novo <strong>Processo Seletivo Simplificado<\/strong>, organizado pela banca <strong>SC Treinamentos<\/strong>. O certame tem como objetivo a forma\u00e7\u00e3o de <strong>Cadastro Reserva (CR)<\/strong> para admiss\u00e3o em car\u00e1ter tempor\u00e1rio, visando atender \u00e0s necessidades excepcionais de interesse p\u00fablico da administra\u00e7\u00e3o municipal.<\/p>\n<p>As oportunidades contemplam candidatos de todos os n\u00edveis de escolaridade: <strong>alfabetizado, fundamental, m\u00e9dio, t\u00e9cnico e superior<\/strong>. As vagas est\u00e3o distribu\u00eddas entre diversos setores, incluindo sa\u00fade, educa\u00e7\u00e3o, obras e administra\u00e7\u00e3o. Merece destaque a oportunidade para profissionais da \u00e1rea de <strong>Nutri\u00e7\u00e3o<\/strong>, al\u00e9m de cargos para m\u00e9dicos, professores, motoristas e operadores de m\u00e1quinas.<\/p>\n<p>Se voc\u00ea busca uma oportunidade no servi\u00e7o p\u00fablico catarinense, confira a seguir os detalhes sobre prazos, etapas e requisitos deste processo seletivo.<\/p>\n<h2>Inscri\u00e7\u00f5es<\/h2>\n<p>As inscri\u00e7\u00f5es para o Processo Seletivo de S\u00e3o Crist\u00f3v\u00e3o do Sul devem ser realizadas exclusivamente pela internet. O candidato deve acessar o portal da organizadora, ler atentamente o edital e preencher o formul\u00e1rio eletr\u00f4nico dentro do prazo estipulado.<\/p>\n<p>Ap\u00f3s o preenchimento da ficha, \u00e9 necess\u00e1rio imprimir o boleto banc\u00e1rio referente \u00e0 taxa de inscri\u00e7\u00e3o e efetuar o pagamento at\u00e9 a data de vencimento. Os valores das taxas variam conforme o n\u00edvel de escolaridade do cargo pretendido e devem ser consultados diretamente no edital oficial. \u00c9 fundamental que o candidato guarde o comprovante de pagamento e acompanhe, na \u00e1rea restrita do site, a confirma\u00e7\u00e3o do processamento de sua inscri\u00e7\u00e3o.<\/p>\n<p>Recomendamos a leitura integral do edital para verificar os crit\u00e9rios de isen\u00e7\u00e3o da taxa, caso aplic\u00e1vel, e demais regras espec\u00edficas para a valida\u00e7\u00e3o do cadastro.<\/p>\n<h2>Etapas e Provas<\/h2>\n<p>A sele\u00e7\u00e3o dos candidatos ser\u00e1 composta por diferentes etapas, variando de acordo com o cargo pleiteado. \u00c9 essencial estar atento ao cronograma e aos requisitos de cada avalia\u00e7\u00e3o:<\/p>\n<ul>\n<li><strong>Prova Objetiva:<\/strong> De car\u00e1ter eliminat\u00f3rio e classificat\u00f3rio, ser\u00e1 aplicada a <strong>todos os cargos<\/strong>. A avalia\u00e7\u00e3o consistir\u00e1 em quest\u00f5es de m\u00faltipla escolha abrangendo L\u00edngua Portuguesa, Matem\u00e1tica (para n\u00edveis fundamentais), Conhecimentos Gerais, Atualidades e Conhecimentos Espec\u00edficos. A data prov\u00e1vel de aplica\u00e7\u00e3o \u00e9 <strong>25 de janeiro de 2026<\/strong>.<\/li>\n<li><strong>Prova de T\u00edtulos:<\/strong> De car\u00e1ter exclusivamente classificat\u00f3rio, destinada aos cargos de <strong>Professor<\/strong>. O envio dos documentos deve ser feito eletronicamente atrav\u00e9s da &#8220;\u00c1rea do Candidato&#8221; no site da banca.<\/li>\n<li><strong>Prova Pr\u00e1tica:<\/strong> De car\u00e1ter eliminat\u00f3rio e classificat\u00f3rio, exclusiva para os cargos de <strong>Motorista<\/strong> e <strong>Operador de M\u00e1quinas Motrizes<\/strong>. Esta etapa visa avaliar a capacidade t\u00e9cnica e operacional do candidato no manuseio dos ve\u00edculos e equipamentos.<\/li>\n<\/ul>\n<p>Para detalhes sobre o conte\u00fado program\u00e1tico, crit\u00e9rios de pontua\u00e7\u00e3o e hor\u00e1rios de aplica\u00e7\u00e3o, consulte o edital completo.<\/p>\n<h2>Resultados e Gabarito<\/h2>\n<p>O gabarito provis\u00f3rio da prova objetiva est\u00e1 previsto para ser divulgado no dia <strong>25 de janeiro de 2026<\/strong>, ap\u00f3s as 20h, no site da SC Treinamentos. Os candidatos poder\u00e3o interpor recursos contra as quest\u00f5es e o gabarito conforme os prazos estabelecidos no cronograma oficial.<\/p>\n<p>A <strong>homologa\u00e7\u00e3o do resultado final<\/strong> est\u00e1 prevista para ocorrer a partir de <strong>06 de fevereiro de 2026<\/strong>. O processo seletivo ter\u00e1 validade de 01 (um) ano, podendo ser prorrogado, per\u00edodo durante o qual poder\u00e3o ocorrer as convoca\u00e7\u00f5es conforme a necessidade do munic\u00edpio.<\/p>\n<p>Lembramos que \u00e9 de <strong>inteira responsabilidade do candidato<\/strong> acompanhar todas as publica\u00e7\u00f5es, avisos e convoca\u00e7\u00f5es referentes a este certame diretamente no site da banca organizadora e no Mural Oficial do Munic\u00edpio.<\/p>\n","protected":false},"excerpt":{"rendered":"<p>Proc. Seletivo Pref. S\u00e3o Crist\u00f3v\u00e3o do Sul (SC) com edital publicado! Vagas p\/ Professor, M\u00e9dico (Fund. a Sup.). Inscri\u00e7\u00f5es a partir de 19\/12. Confira detalhes!<\/p>\n","protected":false},"author":5229,"featured_media":275729,"comment_status":"open","ping_status":"open","sticky":false,"template":"","format":"standard","meta":{"_acf_changed":false,"_breakdance_hide_in_design_set":false,"_breakdance_tags":"","footnotes":""},"categories":[106,9,141,6434,12,17,19,6871,21,23,25,26,108,130,143],"tags":[61],"_amplo":[],"destaque":[],"instituicoes":[],"class_list":["post-275730","post","type-post","status-publish","format-standard","has-post-thumbnail","hentry","category-bioquimica","category-ciencias-contabeis","category-educacao-artistica","category-educacao-fisica-licenciatura","category-enfermagem","category-farmacia","category-fonoaudiologia","category-letras-ingles","category-medicina","category-nutricao","category-pedagogia","category-psicologia","category-tecnico-enfermagem","category-tecnico-informatica","category-tecnico-odontologia","tag-santa-catarina"],"acf":{"_tipo_vagas":"vagas","_numero_vagas":"","_quadro_vagas":"","_cargos":"diversos","_cargos_especificos":"","_salario_max":"R$ 10549.74","_abertura":"20251219","_encerramento":"20260118","_inscricoes":"https:\/\/portal.sctreinamentos.selecao.site","_executora_concurso":"","_instituicao_concurso":[],"_link_adicional":null,"_anexos":null,"_produtos":null,"_vagas":"CR","_salario_min":"R$ 1552.88","_instituicao":"Prefeitura S\u00e3o Crist\u00f3v\u00e3o do Sul","_edital":"https:\/\/www.agrobase.com.br\/concursos\/wp-content\/uploads\/sites\/4\/2025\/12\/edital-001-2025-prefeitura-sao-cristovao-do-sul-sc.pdf","_anexos_edital":"","_fund_incompleto":"<div>\r\n<table class=\"quadro\">\r\n<thead>\r\n<tr>\r\n<th class=\"hcargo\">Cargo<\/th>\r\n<th class=\"hvagas\">Vagas<\/th>\r\n<th class=\"hremuneracao\">Remunera\u00e7\u00e3o<\/th>\r\n<\/tr>\r\n<\/thead>\r\n    <tbody>\r\n      <td class=\"ccargos\">\r\n<span data-balloon-length=\"medium\" aria-label=\"Alfabetizado\" data-balloon-pos=\"up\">Agente de Limpeza e Servi\u00e7os Gerais<\/span><\/td>\r\n<td class=\"cvagas\">CR<\/td>\r\n<td class=\"cremuneracao\">R$ 1.552,88 \/40h<\/td>\r\n<\/tr><td class=\"ccargos\">\r\n<span data-balloon-length=\"medium\" aria-label=\"Alfabetizado\" data-balloon-pos=\"up\">Merendeira<\/span><\/td>\r\n<td class=\"cvagas\">CR<\/td>\r\n<td class=\"cremuneracao\">R$ 1.552,88 \/40h<\/td>\r\n<\/tr><td class=\"ccargos\">\r\n<span data-balloon-length=\"medium\" aria-label=\"Alfabetizado\" data-balloon-pos=\"up\">Vigilante<\/span><\/td>\r\n<td class=\"cvagas\">CR<\/td>\r\n<td class=\"cremuneracao\">R$ 1.772,08 \/40h<\/td>\r\n<\/tr>\r\n    <\/tbody>\r\n  <\/table>\r\n<\/div>","_fund_completo":"<div>\r\n<table class=\"quadro\">\r\n<thead>\r\n<tr>\r\n<th class=\"hcargo\">Cargo<\/th>\r\n<th class=\"hvagas\">Vagas<\/th>\r\n<th class=\"hremuneracao\">Remunera\u00e7\u00e3o<\/th>\r\n<\/tr>\r\n<\/thead>\r\n    <tbody>\r\n      <td class=\"ccargos\">\r\n<span data-balloon-length=\"medium\" aria-label=\"Ensino Fundamental conclu\u00eddo\" data-balloon-pos=\"up\">Agente Comunit\u00e1rio de Sa\u00fade<\/span><\/td>\r\n<td class=\"cvagas\">CR<\/td>\r\n<td class=\"cremuneracao\">R$ 3.036,00 \/40h<\/td>\r\n<\/tr><td class=\"ccargos\">\r\n<span data-balloon-length=\"medium\" data-balloon-pos=\"up\">Motorista<\/span><\/td>\r\n<td class=\"cvagas\">CR<\/td>\r\n<td class=\"cremuneracao\">R$ 2.189,70 \/40h<\/td>\r\n<\/tr><td class=\"ccargos\">\r\n<span data-balloon-length=\"medium\" data-balloon-pos=\"up\">Operador de M\u00e1quinas Motrizes<\/span><\/td>\r\n<td class=\"cvagas\">CR<\/td>\r\n<td class=\"cremuneracao\">R$ 2.410,09 \/40h<\/td>\r\n<\/tr>\r\n    <\/tbody>\r\n  <\/table>\r\n<\/div>","_medio":"<div>\r\n<table class=\"quadro\">\r\n<thead>\r\n<tr>\r\n<th class=\"hcargo\">Cargo<\/th>\r\n<th class=\"hvagas\">Vagas<\/th>\r\n<th class=\"hremuneracao\">Remunera\u00e7\u00e3o<\/th>\r\n<\/tr>\r\n<\/thead>\r\n    <tbody>\r\n      <td class=\"ccargos\">\r\n<span data-balloon-length=\"medium\" aria-label=\"N\u00edvel M\u00e9dio e Curso de T\u00e9cnico em Sa\u00fade Bucal com registro no respectivo conselho (CRO)\" data-balloon-pos=\"up\">Atendente de Consult\u00f3rio Dent\u00e1rio<\/span><\/td>\r\n<td class=\"cvagas\">CR<\/td>\r\n<td class=\"cremuneracao\">R$ 1.771,14 \/40h<\/td>\r\n<\/tr><td class=\"ccargos\">\r\n<span data-balloon-length=\"medium\" aria-label=\"N\u00edvel M\u00e9dio completo (Magist\u00e9rio ou equivalente) ou Ensino Superior (Licenciatura na \u00e1rea de Educa\u00e7\u00e3o ou T.I.)\" data-balloon-pos=\"up\">Professor de Inform\u00e1tica<\/span><\/td>\r\n<td class=\"cvagas\">CR<\/td>\r\n<td class=\"cremuneracao\">R$ 2.091,16 \/20h<\/td>\r\n<\/tr><td class=\"ccargos\">\r\n<span data-balloon-length=\"medium\" aria-label=\"N\u00edvel M\u00e9dio completo\" data-balloon-pos=\"up\">Profissional de Apoio Escolar<\/span><\/td>\r\n<td class=\"cvagas\">CR<\/td>\r\n<td class=\"cremuneracao\">R$ 1.878,66 \/40h<\/td>\r\n<\/tr><td class=\"ccargos\">\r\n<span data-balloon-length=\"medium\" aria-label=\"N\u00edvel M\u00e9dio e Curso de T\u00e9cnico de Enfermagem com registro no \u00f3rg\u00e3o competente.\" data-balloon-pos=\"up\">T\u00e9cnico de Enfermagem<\/span><\/td>\r\n<td class=\"cvagas\">CR<\/td>\r\n<td class=\"cremuneracao\">R$ 2.631,88 \/40h<\/td>\r\n<\/tr>\r\n    <\/tbody>\r\n  <\/table>\r\n<\/div>","_superior":"<div>\r\n<table class=\"quadro\">\r\n<thead>\r\n<tr>\r\n<th class=\"hcargo\">Cargo<\/th>\r\n<th class=\"hvagas\">Vagas<\/th>\r\n<th class=\"hremuneracao\">Remunera\u00e7\u00e3o<\/th>\r\n<\/tr>\r\n<\/thead>\r\n    <tbody>\r\n      <tr>\r\n<td class=\"ccargos\">\r\n<span data-balloon-length=\"medium\" aria-label=\"Ensino superior em Ci\u00eancias Cont\u00e1beis e registro no respectivo conselho regulador da categoria profissional.\" data-balloon-pos=\"up\">Contador<\/span><\/td>\r\n<td class=\"cvagas\">CR<\/td>\r\n<td class=\"cremuneracao\">R$ 7.962,37 \/40h<\/td>\r\n<\/tr><tr>\r\n<td class=\"ccargos\">\r\n<span data-balloon-length=\"medium\" aria-label=\"Ensino superior em Enfermagem e registro no respectivo conselho regulador da categoria profissional.\" data-balloon-pos=\"up\">Enfermeiro<\/span><\/td>\r\n<td class=\"cvagas\">CR<\/td>\r\n<td class=\"cremuneracao\">R$ 4.722,48 \/40h<\/td>\r\n<\/tr><tr>\r\n<td class=\"ccargos\">\r\n<span data-balloon-length=\"medium\" aria-label=\"Ensino superior em Farm\u00e1cia e\/ou Bioqu\u00edmica com registro no respectivo conselho regulador.\" data-balloon-pos=\"up\">Farmac\u00eautico<\/span><\/td>\r\n<td class=\"cvagas\">CR<\/td>\r\n<td class=\"cremuneracao\">R$ 4.114,00 \/20h<\/td>\r\n<\/tr><tr>\r\n<td class=\"ccargos\">\r\n<span data-balloon-length=\"medium\" aria-label=\"Ensino superior completo em Fonoaudiologia e registro no respectivo Conselho Regional de Fonoaudiologia (CREFONO).\" data-balloon-pos=\"up\">Fonoaudi\u00f3logo<\/span><\/td>\r\n<td class=\"cvagas\">CR<\/td>\r\n<td class=\"cremuneracao\">R$ 4.114,00 \/20h<\/td>\r\n<\/tr><tr>\r\n<td class=\"ccargos\">\r\n<span data-balloon-length=\"medium\" aria-label=\"Gradua\u00e7\u00e3o em Medicina, registro no \u00f3rg\u00e3o fiscalizador, comprovante de resid\u00eancia m\u00e9dica e ou especialidade, com respectivo registro no CRM.\" data-balloon-pos=\"up\">M\u00e9dico<\/span><\/td>\r\n<td class=\"cvagas\">CR<\/td>\r\n<td class=\"cremuneracao\">R$ 10.549,74 \/20h<\/td>\r\n<\/tr><tr>\r\n<td class=\"ccargos\">\r\n<span data-balloon-length=\"medium\" aria-label=\"Gradua\u00e7\u00e3o em Medicina, registro no \u00f3rg\u00e3o fiscalizador, comprovante de resid\u00eancia m\u00e9dica e ou especialidade em psiquiatria, com respectivo registro no CRM.\" data-balloon-pos=\"up\">M\u00e9dico Psiquiatra, ou M\u00e9dico com experi\u00eancia em sa\u00fade mental<\/span><\/td>\r\n<td class=\"cvagas\">CR<\/td>\r\n<td class=\"cremuneracao\">R$ 10.549,74 \/20h<\/td>\r\n<\/tr><tr>\r\n<td class=\"ccargos\">\r\n<span data-balloon-length=\"medium\" aria-label=\"Ensino superior completo em Nutri\u00e7\u00e3o e registro no respectivo Conselho Regional de Nutricionistas (CRN).\" data-balloon-pos=\"up\">Nutricionista<\/span><\/td>\r\n<td class=\"cvagas\">CR<\/td>\r\n<td class=\"cremuneracao\">R$ 3.587,95 \/20h<\/td>\r\n<\/tr><tr>\r\n<td class=\"ccargos\">\r\n<span data-balloon-length=\"medium\" aria-label=\"Habilita\u00e7\u00e3o em curso de n\u00edvel superior, de licenciatura plena, na \u00e1rea de ARTE ou Cursando no m\u00ednimo na 4\u00aa fase do curso de n\u00edvel superior, de licenciatura plena, na \u00e1rea de ARTES.\" data-balloon-pos=\"up\">Professor de Arte<\/span><\/td>\r\n<td class=\"cvagas\">CR<\/td>\r\n<td class=\"cremuneracao\">R$ 2.091,16 \/20h<\/td>\r\n<\/tr><tr>\r\n<td class=\"ccargos\">\r\n<span data-balloon-length=\"medium\" aria-label=\"Habilita\u00e7\u00e3o em curso de n\u00edvel superior, de licenciatura plena, na \u00e1rea de EDUCA\u00c7\u00c3O F\u00cdSICA e registro no Conselho Regional de Educa\u00e7\u00e3o F\u00edsica - CREF.\" data-balloon-pos=\"up\">Professor de Educa\u00e7\u00e3o F\u00edsica<\/span><\/td>\r\n<td class=\"cvagas\">CR<\/td>\r\n<td class=\"cremuneracao\">R$ 2.091,16 \/20h<\/td>\r\n<\/tr><tr>\r\n<td class=\"ccargos\">\r\n<span data-balloon-length=\"medium\" aria-label=\"Habilita\u00e7\u00e3o em curso de n\u00edvel superior, de licenciatura plena, na \u00e1rea de PEDAGOGIA ou Cursando no m\u00ednimo na 4\u00aa fase do curso de n\u00edvel superior, de licenciatura plena, na \u00e1rea de PEDAGOGIA.\" data-balloon-pos=\"up\">Professor de Educa\u00e7\u00e3o Infantil e S\u00e9ries Iniciais (Pedagogo)<\/span><\/td>\r\n<td class=\"cvagas\">CR<\/td>\r\n<td class=\"cremuneracao\">R$ 4.182,32 \/40h<\/td>\r\n<\/tr><tr>\r\n<td class=\"ccargos\">\r\n<span data-balloon-length=\"medium\" aria-label=\"Habilita\u00e7\u00e3o em curso de n\u00edvel superior, de licenciatura plena, na \u00e1rea de PEDAGOGIA ou Cursando no m\u00ednimo na 4\u00aa fase do curso de n\u00edvel superior, de licenciatura plena, na \u00e1rea de PEDAGOGIA.\" data-balloon-pos=\"up\">Professor de Educa\u00e7\u00e3o Infantil e S\u00e9ries Iniciais (Pedagogo)<\/span><\/td>\r\n<td class=\"cvagas\">CR<\/td>\r\n<td class=\"cremuneracao\">R$ 2.091,16 \/20h<\/td>\r\n<\/tr><tr>\r\n<td class=\"ccargos\">\r\n<span data-balloon-length=\"medium\" aria-label=\"Habilita\u00e7\u00e3o em curso de n\u00edvel superior, de licenciatura plena, na \u00e1rea de LETRAS ou Cursando no m\u00ednimo na 4\u00aa fase do curso de n\u00edvel superior, de licenciatura plena, na \u00e1rea de LETRAS-INGL\u00caS.\" data-balloon-pos=\"up\">Professor de Ingl\u00eas<\/span><\/td>\r\n<td class=\"cvagas\">CR<\/td>\r\n<td class=\"cremuneracao\">R$ 2.091,16 \/20h<\/td>\r\n<\/tr><tr>\r\n<td class=\"ccargos\">\r\n<span data-balloon-length=\"medium\" aria-label=\"Ensino superior completo em Psicologia e registro no respectivo Conselho Regional de Psicologia (CRP).\" data-balloon-pos=\"up\">Psic\u00f3logo<\/span><\/td>\r\n<td class=\"cvagas\">CR<\/td>\r\n<td class=\"cremuneracao\">R$ 4.825,65 \/40h<\/td>\r\n<\/tr><tr>\r\n<td class=\"ccargos\">\r\n<span data-balloon-length=\"medium\" aria-label=\"Ensino superior em Pedagogia ou Psicologia com P\u00f3s-gradua\u00e7\u00e3o (Especializa\u00e7\u00e3o) em Psicopedagogia.\" data-balloon-pos=\"up\">Psicopedagogo<\/span><\/td>\r\n<td class=\"cvagas\">CR<\/td>\r\n<td class=\"cremuneracao\">R$ 2.633,31 \/20h<\/td>\r\n<\/tr>\r\n    <\/tbody>\r\n  <\/table>\r\n<\/div>"},"_links":{"self":[{"href":"https:\/\/www.agrobase.com.br\/concursos\/wp-json\/wp\/v2\/posts\/275730","targetHints":{"allow":["GET"]}}],"collection":[{"href":"https:\/\/www.agrobase.com.br\/concursos\/wp-json\/wp\/v2\/posts"}],"about":[{"href":"https:\/\/www.agrobase.com.br\/concursos\/wp-json\/wp\/v2\/types\/post"}],"author":[{"embeddable":true,"href":"https:\/\/www.agrobase.com.br\/concursos\/wp-json\/wp\/v2\/users\/5229"}],"replies":[{"embeddable":true,"href":"https:\/\/www.agrobase.com.br\/concursos\/wp-json\/wp\/v2\/comments?post=275730"}],"version-history":[{"count":3,"href":"https:\/\/www.agrobase.com.br\/concursos\/wp-json\/wp\/v2\/posts\/275730\/revisions"}],"predecessor-version":[{"id":275793,"href":"https:\/\/www.agrobase.com.br\/concursos\/wp-json\/wp\/v2\/posts\/275730\/revisions\/275793"}],"wp:featuredmedia":[{"embeddable":true,"href":"https:\/\/www.agrobase.com.br\/concursos\/wp-json\/wp\/v2\/media\/275729"}],"wp:attachment":[{"href":"https:\/\/www.agrobase.com.br\/concursos\/wp-json\/wp\/v2\/media?parent=275730"}],"wp:term":[{"taxonomy":"category","embeddable":true,"href":"https:\/\/www.agrobase.com.br\/concursos\/wp-json\/wp\/v2\/categories?post=275730"},{"taxonomy":"post_tag","embeddable":true,"href":"https:\/\/www.agrobase.com.br\/concursos\/wp-json\/wp\/v2\/tags?post=275730"},{"taxonomy":"_amplo","embeddable":true,"href":"https:\/\/www.agrobase.com.br\/concursos\/wp-json\/wp\/v2\/_amplo?post=275730"},{"taxonomy":"destaque","embeddable":true,"href":"https:\/\/www.agrobase.com.br\/concursos\/wp-json\/wp\/v2\/destaque?post=275730"},{"taxonomy":"instituicoes","embeddable":true,"href":"https:\/\/www.agrobase.com.br\/concursos\/wp-json\/wp\/v2\/instituicoes?post=275730"}],"curies":[{"name":"wp","href":"https:\/\/api.w.org\/{rel}","templated":true}]}}