{"id":275681,"date":"2025-12-22T07:05:59","date_gmt":"2025-12-22T10:05:59","guid":{"rendered":"https:\/\/www.agrobase.com.br\/concursos\/?p=275681"},"modified":"2025-12-21T22:39:10","modified_gmt":"2025-12-22T01:39:10","slug":"prefeitura-fortaleza-dos-valos-rs-concurso-01-2025","status":"publish","type":"post","link":"https:\/\/www.agrobase.com.br\/concursos\/2025\/prefeitura-fortaleza-dos-valos-rs-concurso-01-2025\/","title":{"rendered":"Prefeitura Fortaleza dos Valos (RS) &#8211; Concurso 01\/2025"},"content":{"rendered":"<h2>Informa\u00e7\u00f5es Gerais<\/h2>\n<p>O <strong>Munic\u00edpio de Fortaleza dos Valos<\/strong>, no Rio Grande do Sul, publicou o edital de seu novo Concurso P\u00fablico, organizado pelo <strong>Instituto Legalle<\/strong>. O certame visa o provimento de <strong>70 vagas imediatas<\/strong>, al\u00e9m da forma\u00e7\u00e3o de cadastro reserva, para cargos de n\u00edveis fundamental, m\u00e9dio, t\u00e9cnico e superior. As contrata\u00e7\u00f5es ser\u00e3o realizadas sob o <strong>Regime Estatut\u00e1rio<\/strong>, garantindo estabilidade aos servidores aprovados.<\/p>\n<p>As oportunidades abrangem diversos setores da administra\u00e7\u00e3o municipal, incluindo sa\u00fade, educa\u00e7\u00e3o, obras e administrativo. Merecem destaque as vagas destinadas a profissionais das \u00e1reas de <strong>Engenharia Civil<\/strong>, <strong>Nutri\u00e7\u00e3o<\/strong> e <strong>T\u00e9cnico Agr\u00edcola<\/strong>, al\u00e9m de oportunidades para Enfermeiros, Farmac\u00eauticos, Fisioterapeutas e Psic\u00f3logos. A remunera\u00e7\u00e3o inicial varia entre R$ 2.207,62 e R$ 12.331,49, a depender do cargo e da carga hor\u00e1ria. Confira a seguir os detalhes essenciais para planejar sua prepara\u00e7\u00e3o.<\/p>\n<h2>Inscri\u00e7\u00f5es<\/h2>\n<p>Os interessados em participar do concurso devem realizar a inscri\u00e7\u00e3o exclusivamente pela internet, atrav\u00e9s do site da banca organizadora, o Instituto Legalle. O per\u00edodo de candidaturas estar\u00e1 aberto entre dezembro de 2025 e janeiro de 2026. \u00c9 fundamental que o candidato preencha o formul\u00e1rio eletr\u00f4nico e efetue o pagamento da taxa de inscri\u00e7\u00e3o at\u00e9 o hor\u00e1rio limite banc\u00e1rio do \u00faltimo dia do prazo.<\/p>\n<p>Os valores das taxas foram definidos de acordo com o n\u00edvel de escolaridade exigido para o cargo:<\/p>\n<ul>\n<li><strong>N\u00edvel Fundamental:<\/strong> R$ 85,59<\/li>\n<li><strong>N\u00edvel M\u00e9dio e T\u00e9cnico:<\/strong> R$ 119,82<\/li>\n<li><strong>N\u00edvel Superior:<\/strong> R$ 171,17<\/li>\n<\/ul>\n<p>Candidatos que se enquadrem nos crit\u00e9rios de isen\u00e7\u00e3o previstos em lei devem consultar o edital para verificar os prazos e documentos necess\u00e1rios para a solicita\u00e7\u00e3o. Recomendamos que, ap\u00f3s a inscri\u00e7\u00e3o, o candidato acompanhe a \u00e1rea restrita no site da banca para confirmar a homologa\u00e7\u00e3o de sua candidatura.<\/p>\n<h2>Etapas e Provas<\/h2>\n<p>A avalia\u00e7\u00e3o dos candidatos ser\u00e1 realizada por meio de diferentes etapas, variando conforme o cargo pretendido. A etapa comum a todos os inscritos \u00e9 a <strong>Prova Te\u00f3rico-Objetiva<\/strong>, de car\u00e1ter eliminat\u00f3rio e classificat\u00f3rio, prevista para ser aplicada em <strong>22 de fevereiro de 2026<\/strong>. Esta prova ter\u00e1 dura\u00e7\u00e3o de 3 horas e ser\u00e1 composta por quest\u00f5es de L\u00edngua Portuguesa, Matem\u00e1tica, Inform\u00e1tica (para alguns cargos), Conhecimentos Gerais\/Atualidades, Legisla\u00e7\u00e3o e Conhecimentos Espec\u00edficos.<\/p>\n<p>Al\u00e9m da prova escrita, haver\u00e1 etapas espec\u00edficas:<\/p>\n<ul>\n<li><strong>Prova Pr\u00e1tica:<\/strong> De car\u00e1ter eliminat\u00f3rio e classificat\u00f3rio, exclusiva para os cargos de Agente de Manuten\u00e7\u00e3o e Obras, Mec\u00e2nico e Motorista\/Operador de M\u00e1quinas.<\/li>\n<li><strong>Prova de T\u00edtulos:<\/strong> De car\u00e1ter classificat\u00f3rio, destinada aos cargos de Professor (Educa\u00e7\u00e3o Infantil\/Anos Iniciais, Artes, Atendimento Educacional Especializado e Educa\u00e7\u00e3o F\u00edsica).<\/li>\n<\/ul>\n<p>Para ser considerado aprovado na etapa objetiva, o candidato deve obter nota total igual ou superior a 50% dos pontos. \u00c9 imprescind\u00edvel a leitura atenta do edital para compreender o conte\u00fado program\u00e1tico e os crit\u00e9rios de pontua\u00e7\u00e3o de cada fase.<\/p>\n<h2>Resultados e Gabarito<\/h2>\n<p>O cronograma do concurso prev\u00ea a divulga\u00e7\u00e3o dos gabaritos preliminares da prova te\u00f3rico-objetiva no dia seguinte \u00e0 aplica\u00e7\u00e3o, em <strong>23 de fevereiro de 2026<\/strong>. Os resultados preliminares dessa etapa est\u00e3o previstos para mar\u00e7o, seguidos pelos prazos para interposi\u00e7\u00e3o de recursos.<\/p>\n<p>A classifica\u00e7\u00e3o final ser\u00e1 determinada pela ordem decrescente da nota final. Em caso de empate, ter\u00e3o prefer\u00eancia os candidatos com idade igual ou superior a 60 anos, seguidos por crit\u00e9rios como maior nota na prova objetiva, prova pr\u00e1tica ou conhecimentos espec\u00edficos, conforme o cargo. A homologa\u00e7\u00e3o do resultado final est\u00e1 prevista para ocorrer em datas distintas: em <strong>19 de mar\u00e7o de 2026<\/strong> para cargos sem prova pr\u00e1tica, e em <strong>14 de abril de 2026<\/strong> para os cargos que exigem essa etapa.<\/p>\n<p>Ressaltamos que \u00e9 de inteira responsabilidade do candidato acompanhar todas as publica\u00e7\u00f5es oficiais, convoca\u00e7\u00f5es e avisos referentes ao certame diretamente no site do Instituto Legalle e nos meios de comunica\u00e7\u00e3o oficial do Munic\u00edpio.<\/p>\n","protected":false},"excerpt":{"rendered":"<p>Concurso Pref. Fortaleza dos Valos (RS) com edital publicado! Vagas p\/ Professor e Motorista (Fund. a Sup.). Inscri\u00e7\u00f5es a partir de 19\/12. Confira detalhes!<\/p>\n","protected":false},"author":5229,"featured_media":275680,"comment_status":"open","ping_status":"open","sticky":false,"template":"","format":"standard","meta":{"_acf_changed":false,"_breakdance_hide_in_design_set":false,"_breakdance_tags":"","footnotes":""},"categories":[3,9,10,117,141,6434,12,14,17,18,19,21,23,24,25,26,101,29,30,108,143],"tags":[58],"_amplo":[],"destaque":[],"instituicoes":[],"class_list":["post-275681","post","type-post","status-publish","format-standard","has-post-thumbnail","hentry","category-administracao","category-ciencias-contabeis","category-direito","category-economia","category-educacao-artistica","category-educacao-fisica-licenciatura","category-enfermagem","category-engenharia","category-farmacia","category-fisioterapia","category-fonoaudiologia","category-medicina","category-nutricao","category-odontologia","category-pedagogia","category-psicologia","category-servico-social","category-tecnico-agricola","category-tecnico-agropecuaria","category-tecnico-enfermagem","category-tecnico-odontologia","tag-rio-grande-sul"],"acf":{"_tipo_vagas":"vagas","_numero_vagas":"","_quadro_vagas":"","_cargos":"diversos","_cargos_especificos":"","_salario_max":"R$ 12331.49","_abertura":"20251219","_encerramento":"20260119","_inscricoes":"https:\/\/www.institutolegalle.org.br","_executora_concurso":"","_instituicao_concurso":[],"_link_adicional":null,"_anexos":null,"_produtos":null,"_vagas":"70 vagas + CR","_salario_min":"R$ 2207.62","_instituicao":"Prefeitura de Fortaleza dos Valos","_edital":"https:\/\/www.agrobase.com.br\/concursos\/wp-content\/uploads\/sites\/4\/2025\/12\/edital-01-2025-prefeitura-de-fortaleza-dos-valos-rs.pdf","_anexos_edital":"","_fund_incompleto":"<div>\r\n<table class=\"quadro\">\r\n<thead>\r\n<tr>\r\n<th class=\"hcargo\">Cargo<\/th>\r\n<th class=\"hvagas\">Vagas<\/th>\r\n<th class=\"hremuneracao\">Remunera\u00e7\u00e3o<\/th>\r\n<\/tr>\r\n<\/thead>\r\n    <tbody>\r\n      <td class=\"ccargos\">\r\n<span data-balloon-length=\"medium\" aria-label=\"Alfabetizado.\" data-balloon-pos=\"up\">Mec\u00e2nico<\/span><\/td>\r\n<td class=\"cvagas\">01 + CR<\/td>\r\n<td class=\"cremuneracao\">R$ 3.311,52 \/40h<\/td>\r\n<\/tr><td class=\"ccargos\">\r\n<span data-balloon-length=\"medium\" aria-label=\"Ensino Fundamental Incompleto; Carteira Nacional de Habilita\u00e7\u00e3o Categoria D. No m\u00ednimo 21 anos de idade.\" data-balloon-pos=\"up\">Motorista\/Operador de M\u00e1quinas<\/span><\/td>\r\n<td class=\"cvagas\">11 + CR<\/td>\r\n<td class=\"cremuneracao\">R$ 2.759,52 \/40h<\/td>\r\n<\/tr><td class=\"ccargos\">\r\n<span data-balloon-length=\"medium\" aria-label=\"Alfabetizado.\" data-balloon-pos=\"up\">Oper\u00e1rio<\/span><\/td>\r\n<td class=\"cvagas\">06 + CR<\/td>\r\n<td class=\"cremuneracao\">R$ 2.207,62 \/40h<\/td>\r\n<\/tr><td class=\"ccargos\">\r\n<span data-balloon-length=\"medium\" aria-label=\"Ensino Fundamental Incompleto.\" data-balloon-pos=\"up\">Servente<\/span><\/td>\r\n<td class=\"cvagas\">04 + CR<\/td>\r\n<td class=\"cremuneracao\">R$ 2.207,62 \/40h<\/td>\r\n<\/tr>\r\n    <\/tbody>\r\n  <\/table>\r\n<\/div>","_fund_completo":"<div>\r\n<table class=\"quadro\">\r\n<thead>\r\n<tr>\r\n<th class=\"hcargo\">Cargo<\/th>\r\n<th class=\"hvagas\">Vagas<\/th>\r\n<th class=\"hremuneracao\">Remunera\u00e7\u00e3o<\/th>\r\n<\/tr>\r\n<\/thead>\r\n    <tbody>\r\n      <td class=\"ccargos\">\r\n<span data-balloon-length=\"medium\" aria-label=\"Ensino Fundamental Completo.\" data-balloon-pos=\"up\">Agente de Manuten\u00e7\u00e3o e Obras<\/span><\/td>\r\n<td class=\"cvagas\">02<\/td>\r\n<td class=\"cremuneracao\">R$ 2.759,52 \/40h<\/td>\r\n<\/tr>\r\n    <\/tbody>\r\n  <\/table>\r\n<\/div>","_medio":"<div>\r\n<table class=\"quadro\">\r\n<thead>\r\n<tr>\r\n<th class=\"hcargo\">Cargo<\/th>\r\n<th class=\"hvagas\">Vagas<\/th>\r\n<th class=\"hremuneracao\">Remunera\u00e7\u00e3o<\/th>\r\n<\/tr>\r\n<\/thead>\r\n    <tbody>\r\n      <td class=\"ccargos\">\r\n<span data-balloon-length=\"medium\" aria-label=\"Ensino M\u00e9dio Completo; Curso de Auxiliar em Sa\u00fade Bucal conclu\u00eddo em Institui\u00e7\u00e3o reconhecida pelo MEC e habilita\u00e7\u00e3o espec\u00edfica para o exerc\u00edcio legal da profiss\u00e3o (registro no conselho de classe).\" data-balloon-pos=\"up\">Auxiliar em Sa\u00fade Bucal<\/span><\/td>\r\n<td class=\"cvagas\">02<\/td>\r\n<td class=\"cremuneracao\">R$ 2.559,36 \/40h<\/td>\r\n<\/tr><td class=\"ccargos\">\r\n<span data-balloon-length=\"medium\" aria-label=\"Ensino M\u00e9dio Completo.\" data-balloon-pos=\"up\">Auxiliar de Ensino<\/span><\/td>\r\n<td class=\"cvagas\">12 + CR<\/td>\r\n<td class=\"cremuneracao\">R$ 2.559,36 \/40h<\/td>\r\n<\/tr><td class=\"ccargos\">\r\n<span data-balloon-length=\"medium\" aria-label=\"Ensino M\u00e9dio Completo.\" data-balloon-pos=\"up\">Auxiliar T\u00e9cnico<\/span><\/td>\r\n<td class=\"cvagas\">03 + CR<\/td>\r\n<td class=\"cremuneracao\">R$ 2.910,65 \/40h<\/td>\r\n<\/tr><td class=\"ccargos\">\r\n<span data-balloon-length=\"medium\" aria-label=\"Ensino M\u00e9dio Completo.\" data-balloon-pos=\"up\">Fiscal Municipal<\/span><\/td>\r\n<td class=\"cvagas\">01<\/td>\r\n<td class=\"cremuneracao\">R$ 3.855,79 \/40h<\/td>\r\n<\/tr><td class=\"ccargos\">\r\n<span data-balloon-length=\"medium\" aria-label=\"Ensino M\u00e9dio Completo.\" data-balloon-pos=\"up\">Oficial Administrativo<\/span><\/td>\r\n<td class=\"cvagas\">CR<\/td>\r\n<td class=\"cremuneracao\">R$ 3.855,79 \/40h<\/td>\r\n<\/tr><td class=\"ccargos\">\r\n<span data-balloon-length=\"medium\" aria-label=\"Forma\u00e7\u00e3o em curso de n\u00edvel m\u00e9dio, na modalidade normal (Magist\u00e9rio), conforme a LDB 9394\/96, no art.62.\" data-balloon-pos=\"up\">Professor de Educa\u00e7\u00e3o Infantil\/Anos Iniciais (Magist\u00e9rio)<\/span><\/td>\r\n<td class=\"cvagas\">CR<\/td>\r\n<td class=\"cremuneracao\">R$ 2.641,38 \/22h<\/td>\r\n<\/tr><td class=\"ccargos\">\r\n<span data-balloon-length=\"medium\" aria-label=\"Ensino M\u00e9dio Completo e Curso T\u00e9cnico Especializado na \u00c1rea (T\u00e9cnico Agr\u00edcola ou T\u00e9cnico em Agropecu\u00e1ria); Habilita\u00e7\u00e3o espec\u00edfica para o exerc\u00edcio legal da profiss\u00e3o (registro no conselho de classe).\" data-balloon-pos=\"up\">T\u00e9cnico Agr\u00edcola<\/span><\/td>\r\n<td class=\"cvagas\">01<\/td>\r\n<td class=\"cremuneracao\">R$ 3.855,79 \/40h<\/td>\r\n<\/tr><td class=\"ccargos\">\r\n<span data-balloon-length=\"medium\" aria-label=\"Ensino M\u00e9dio; Curso t\u00e9cnico especializado na \u00e1rea; Habilita\u00e7\u00e3o espec\u00edfica para o exerc\u00edcio legal da profiss\u00e3o (registro no conselho de classe).\" data-balloon-pos=\"up\">T\u00e9cnico em Eletricidade<\/span><\/td>\r\n<td class=\"cvagas\">01<\/td>\r\n<td class=\"cremuneracao\">R$ 3.084,66 \/40h<\/td>\r\n<\/tr><td class=\"ccargos\">\r\n<span data-balloon-length=\"medium\" aria-label=\"Ensino M\u00e9dio Completo; Curso t\u00e9cnico especializados na \u00e1rea; Habilita\u00e7\u00e3o espec\u00edfica para o exerc\u00edcio legal da profiss\u00e3o (registro no conselho de classe).\" data-balloon-pos=\"up\">T\u00e9cnico em Enfermagem<\/span><\/td>\r\n<td class=\"cvagas\">06<\/td>\r\n<td class=\"cremuneracao\">R$ 3.084,66 \/40h<\/td>\r\n<\/tr>\r\n    <\/tbody>\r\n  <\/table>\r\n<\/div>","_superior":"<div>\r\n<table class=\"quadro\">\r\n<thead>\r\n<tr>\r\n<th class=\"hcargo\">Cargo<\/th>\r\n<th class=\"hvagas\">Vagas<\/th>\r\n<th class=\"hremuneracao\">Remunera\u00e7\u00e3o<\/th>\r\n<\/tr>\r\n<\/thead>\r\n    <tbody>\r\n      <tr>\r\n<td class=\"ccargos\">\r\n<span data-balloon-length=\"medium\" aria-label=\"Curso Superior em Contabilidade (Ci\u00eancias Cont\u00e1beis), Administra\u00e7\u00e3o, Economia ou Direito; Habilita\u00e7\u00e3o espec\u00edfica para o exerc\u00edcio da profiss\u00e3o correlata \u00e0 forma\u00e7\u00e3o; Inscri\u00e7\u00e3o (registro) v\u00e1lida no \u00f3rg\u00e3o de classe respectivo.\" data-balloon-pos=\"up\">Agente de Controle Interno<\/span><\/td>\r\n<td class=\"cvagas\">01<\/td>\r\n<td class=\"cremuneracao\">R$ 6.015,79 \/40h<\/td>\r\n<\/tr><tr>\r\n<td class=\"ccargos\">\r\n<span data-balloon-length=\"medium\" aria-label=\"N\u00edvel Superior em Servi\u00e7o Social; Habilita\u00e7\u00e3o legal para o exerc\u00edcio da profiss\u00e3o (registro no conselho de classe).\" data-balloon-pos=\"up\">Assistente Social<\/span><\/td>\r\n<td class=\"cvagas\">01 + CR<\/td>\r\n<td class=\"cremuneracao\">R$ 6.015,79 \/40h<\/td>\r\n<\/tr><tr>\r\n<td class=\"ccargos\">\r\n<span data-balloon-length=\"medium\" aria-label=\"N\u00edvel Superior, Bacharel em Ci\u00eancias Cont\u00e1beis; Habilita\u00e7\u00e3o espec\u00edfica para o exerc\u00edcio legal da profiss\u00e3o (registro no conselho de classe).\" data-balloon-pos=\"up\">Contador<\/span><\/td>\r\n<td class=\"cvagas\">01<\/td>\r\n<td class=\"cremuneracao\">R$ 7.317,46 \/40h<\/td>\r\n<\/tr><tr>\r\n<td class=\"ccargos\">\r\n<span data-balloon-length=\"medium\" aria-label=\"N\u00edvel Superior em Enfermagem; Habilita\u00e7\u00e3o legal para o exerc\u00edcio da profiss\u00e3o (registro no conselho de classe).\" data-balloon-pos=\"up\">Enfermeiro<\/span><\/td>\r\n<td class=\"cvagas\">01<\/td>\r\n<td class=\"cremuneracao\">R$ 6.652,64 \/40h<\/td>\r\n<\/tr><tr>\r\n<td class=\"ccargos\">\r\n<span data-balloon-length=\"medium\" aria-label=\"Superior Completo em Engenharia Civil; Habilita\u00e7\u00e3o espec\u00edfica para o exerc\u00edcio legal da profiss\u00e3o (registro no conselho de classe).\" data-balloon-pos=\"up\">Engenheiro Civil<\/span><\/td>\r\n<td class=\"cvagas\">01<\/td>\r\n<td class=\"cremuneracao\">R$ 5.490,39 \/20h<\/td>\r\n<\/tr><tr>\r\n<td class=\"ccargos\">\r\n<span data-balloon-length=\"medium\" aria-label=\"N\u00edvel Superior em Farm\u00e1cia; Habilita\u00e7\u00e3o legal para o exerc\u00edcio da fun\u00e7\u00e3o (registro no conselho de classe).\" data-balloon-pos=\"up\">Farmac\u00eautico II<\/span><\/td>\r\n<td class=\"cvagas\">01<\/td>\r\n<td class=\"cremuneracao\">R$ 6.652,64 \/40h<\/td>\r\n<\/tr><tr>\r\n<td class=\"ccargos\">\r\n<span data-balloon-length=\"medium\" aria-label=\"Superior Completo em Fisioterapia; Habilita\u00e7\u00e3o espec\u00edfica para o exerc\u00edcio legal da profiss\u00e3o (registro no conselho de classe).\" data-balloon-pos=\"up\">Fisioterapeuta<\/span><\/td>\r\n<td class=\"cvagas\">01<\/td>\r\n<td class=\"cremuneracao\">R$ 6.015,79 \/40h<\/td>\r\n<\/tr><tr>\r\n<td class=\"ccargos\">\r\n<span data-balloon-length=\"medium\" aria-label=\"Superior Completo em Fonoaudiologia; Habilita\u00e7\u00e3o espec\u00edfica para o exerc\u00edcio legal da profiss\u00e3o (registro no conselho de classe).\" data-balloon-pos=\"up\">Fonoaudi\u00f3logo<\/span><\/td>\r\n<td class=\"cvagas\">01<\/td>\r\n<td class=\"cremuneracao\">R$ 3.007,90 \/40h<\/td>\r\n<\/tr><tr>\r\n<td class=\"ccargos\">\r\n<span data-balloon-length=\"medium\" aria-label=\"Superior Completo em Medicina; Habilita\u00e7\u00e3o espec\u00edfica para o exerc\u00edcio legal da profiss\u00e3o (registro no conselho de classe).\" data-balloon-pos=\"up\">M\u00e9dico Cl\u00ednico Geral<\/span><\/td>\r\n<td class=\"cvagas\">CR<\/td>\r\n<td class=\"cremuneracao\">R$ 12.331,49 \/20h<\/td>\r\n<\/tr><tr>\r\n<td class=\"ccargos\">\r\n<span data-balloon-length=\"medium\" aria-label=\"Curso Superior em Nutri\u00e7\u00e3o; Habilita\u00e7\u00e3o espec\u00edfica para o exerc\u00edcio da profiss\u00e3o correlata \u00e0 forma\u00e7\u00e3o (registro no conselho de classe).\" data-balloon-pos=\"up\">Nutricionista<\/span><\/td>\r\n<td class=\"cvagas\">01<\/td>\r\n<td class=\"cremuneracao\">R$ 4.511,70 \/30h<\/td>\r\n<\/tr><tr>\r\n<td class=\"ccargos\">\r\n<span data-balloon-length=\"medium\" aria-label=\"Curso Superior em Odontologia; Habilita\u00e7\u00e3o espec\u00edfica para o exerc\u00edcio da profiss\u00e3o correlata \u00e0 forma\u00e7\u00e3o (registro no conselho de classe).\" data-balloon-pos=\"up\">Odont\u00f3logo<\/span><\/td>\r\n<td class=\"cvagas\">CR<\/td>\r\n<td class=\"cremuneracao\">R$ 10.980,79 \/40h<\/td>\r\n<\/tr><tr>\r\n<td class=\"ccargos\">\r\n<span data-balloon-length=\"medium\" aria-label=\"Gradua\u00e7\u00e3o superior em Ci\u00eancias Jur\u00eddicas e Sociais; Registro na Ordem dos Advogados do Brasil - OAB-RS.\" data-balloon-pos=\"up\">Procurador Jur\u00eddico<\/span><\/td>\r\n<td class=\"cvagas\">01<\/td>\r\n<td class=\"cremuneracao\">R$ 5.490,39 \/40h<\/td>\r\n<\/tr><tr>\r\n<td class=\"ccargos\">\r\n<span data-balloon-length=\"medium\" aria-label=\"Curso Superior de Licenciatura Plena, espec\u00edfico para os Anos Iniciais do Ensino Fundamental.\" data-balloon-pos=\"up\">Professor de Educa\u00e7\u00e3o Infantil\/Anos Iniciais (Superior)<\/span><\/td>\r\n<td class=\"cvagas\">CR<\/td>\r\n<td class=\"cremuneracao\">R$ 3.433,85 \/22h<\/td>\r\n<\/tr><tr>\r\n<td class=\"ccargos\">\r\n<span data-balloon-length=\"medium\" aria-label=\"Curso Superior em Licenciatura Plena, espec\u00edfico para a disciplina respectiva ou forma\u00e7\u00e3o superior em \u00e1rea correspondente e forma\u00e7\u00e3o pedag\u00f3gica, nos termos do artigo 63 da LDB e demais legisla\u00e7\u00f5es vigentes.\" data-balloon-pos=\"up\">Professor de Artes<\/span><\/td>\r\n<td class=\"cvagas\">01<\/td>\r\n<td class=\"cremuneracao\">R$ 3.433,85 \/22h<\/td>\r\n<\/tr><tr>\r\n<td class=\"ccargos\">\r\n<span data-balloon-length=\"medium\" aria-label=\"Curso Superior em Licenciatura Plena, espec\u00edfico para a disciplina respectiva ou forma\u00e7\u00e3o superior em \u00e1rea correspondente e forma\u00e7\u00e3o pedag\u00f3gica, nos termos do artigo 63 da LDB e demais legisla\u00e7\u00f5es vigentes.\" data-balloon-pos=\"up\">Professor de Educa\u00e7\u00e3o F\u00edsica<\/span><\/td>\r\n<td class=\"cvagas\">01 + CR<\/td>\r\n<td class=\"cremuneracao\">R$ 3.433,85 \/22h<\/td>\r\n<\/tr><tr>\r\n<td class=\"ccargos\">\r\n<span data-balloon-length=\"medium\" aria-label=\"Curso Superior em Licenciatura Plena, espec\u00edfico para a disciplina respectiva ou forma\u00e7\u00e3o superior em \u00e1rea correspondente e para a doc\u00eancia e Atendimento Educacional Especializado AEE, aos alunos portadores de defici\u00eancias, com transtornos globais do desenvolvimento e altas habilidades ou superdota\u00e7\u00e3o e\/ou para a doc\u00eancia no Centro Municipal de Atendimento.\" data-balloon-pos=\"up\">Professor de Atendimento Educacional Especializado (Gradua\u00e7\u00e3o)<\/span><\/td>\r\n<td class=\"cvagas\">05<\/td>\r\n<td class=\"cremuneracao\">R$ 3.433,85 \/22h<\/td>\r\n<\/tr><tr>\r\n<td class=\"ccargos\">\r\n<span data-balloon-length=\"medium\" aria-label=\"Curso Superior em Licenciatura Plena, espec\u00edfico para a disciplina respectiva ou forma\u00e7\u00e3o superior em \u00e1rea correspondente e para a doc\u00eancia e Atendimento Educacional Especializado AEE, aos alunos portadores de defici\u00eancias, com transtornos globais do desenvolvimento e altas habilidades ou superdota\u00e7\u00e3o e\/ou para a doc\u00eancia no Centro Municipal de Atendimento; especializa\u00e7\u00e3o adequada em AEE ou Educa\u00e7\u00e3o Especial.\" data-balloon-pos=\"up\">Professor de Atendimento Educacional Especializado (P\u00f3s\/Especializa\u00e7\u00e3o)<\/span><\/td>\r\n<td class=\"cvagas\">05<\/td>\r\n<td class=\"cremuneracao\">R$ 3.697,98 \/22h<\/td>\r\n<\/tr><tr>\r\n<td class=\"ccargos\">\r\n<span data-balloon-length=\"medium\" aria-label=\"Forma\u00e7\u00e3o em N\u00edvel Superior em Psicopedagogia ou Licenciatura Plena em Pedagogia com Especializa\u00e7\u00e3o em Psicopedagogia, com dura\u00e7\u00e3o m\u00ednima de 360 horas.\" data-balloon-pos=\"up\">Psicopedagogo<\/span><\/td>\r\n<td class=\"cvagas\">01<\/td>\r\n<td class=\"cremuneracao\">R$ 4.914,16 \/40h<\/td>\r\n<\/tr><tr>\r\n<td class=\"ccargos\">\r\n<span data-balloon-length=\"medium\" aria-label=\"Superior Completo em Psicologia; Habilita\u00e7\u00e3o espec\u00edfica para o exerc\u00edcio legal da profiss\u00e3o (registro no conselho de classe).\" data-balloon-pos=\"up\">Psic\u00f3logo<\/span><\/td>\r\n<td class=\"cvagas\">02<\/td>\r\n<td class=\"cremuneracao\">R$ 6.015,79 \/40h<\/td>\r\n<\/tr>\r\n    <\/tbody>\r\n  <\/table>\r\n<\/div>"},"_links":{"self":[{"href":"https:\/\/www.agrobase.com.br\/concursos\/wp-json\/wp\/v2\/posts\/275681","targetHints":{"allow":["GET"]}}],"collection":[{"href":"https:\/\/www.agrobase.com.br\/concursos\/wp-json\/wp\/v2\/posts"}],"about":[{"href":"https:\/\/www.agrobase.com.br\/concursos\/wp-json\/wp\/v2\/types\/post"}],"author":[{"embeddable":true,"href":"https:\/\/www.agrobase.com.br\/concursos\/wp-json\/wp\/v2\/users\/5229"}],"replies":[{"embeddable":true,"href":"https:\/\/www.agrobase.com.br\/concursos\/wp-json\/wp\/v2\/comments?post=275681"}],"version-history":[{"count":2,"href":"https:\/\/www.agrobase.com.br\/concursos\/wp-json\/wp\/v2\/posts\/275681\/revisions"}],"predecessor-version":[{"id":275695,"href":"https:\/\/www.agrobase.com.br\/concursos\/wp-json\/wp\/v2\/posts\/275681\/revisions\/275695"}],"wp:featuredmedia":[{"embeddable":true,"href":"https:\/\/www.agrobase.com.br\/concursos\/wp-json\/wp\/v2\/media\/275680"}],"wp:attachment":[{"href":"https:\/\/www.agrobase.com.br\/concursos\/wp-json\/wp\/v2\/media?parent=275681"}],"wp:term":[{"taxonomy":"category","embeddable":true,"href":"https:\/\/www.agrobase.com.br\/concursos\/wp-json\/wp\/v2\/categories?post=275681"},{"taxonomy":"post_tag","embeddable":true,"href":"https:\/\/www.agrobase.com.br\/concursos\/wp-json\/wp\/v2\/tags?post=275681"},{"taxonomy":"_amplo","embeddable":true,"href":"https:\/\/www.agrobase.com.br\/concursos\/wp-json\/wp\/v2\/_amplo?post=275681"},{"taxonomy":"destaque","embeddable":true,"href":"https:\/\/www.agrobase.com.br\/concursos\/wp-json\/wp\/v2\/destaque?post=275681"},{"taxonomy":"instituicoes","embeddable":true,"href":"https:\/\/www.agrobase.com.br\/concursos\/wp-json\/wp\/v2\/instituicoes?post=275681"}],"curies":[{"name":"wp","href":"https:\/\/api.w.org\/{rel}","templated":true}]}}