{"id":275673,"date":"2025-12-22T07:15:41","date_gmt":"2025-12-22T10:15:41","guid":{"rendered":"https:\/\/www.agrobase.com.br\/concursos\/?p=275673"},"modified":"2025-12-21T22:41:15","modified_gmt":"2025-12-22T01:41:15","slug":"prefeitura-amapora-pr-concurso-0154-2025","status":"publish","type":"post","link":"https:\/\/www.agrobase.com.br\/concursos\/2025\/prefeitura-amapora-pr-concurso-0154-2025\/","title":{"rendered":"Prefeitura Amapor\u00e3 (PR) &#8211; Concurso 0154\/2025"},"content":{"rendered":"<h2>Informa\u00e7\u00f5es Gerais<\/h2>\n<p>A <strong>Prefeitura Municipal de Amapor\u00e3<\/strong>, no estado do Paran\u00e1, publicou o edital n\u00ba 54\/2025 para a realiza\u00e7\u00e3o de um novo Concurso P\u00fablico. Sob a organiza\u00e7\u00e3o da <strong>Funda\u00e7\u00e3o FAFIPA<\/strong>, o certame visa o provimento de <strong>19 vagas imediatas<\/strong>, al\u00e9m da forma\u00e7\u00e3o de cadastro de reserva, para cargos de n\u00edveis fundamental, m\u00e9dio, t\u00e9cnico e superior.<\/p>\n<p>As oportunidades abrangem diversas \u00e1reas da administra\u00e7\u00e3o municipal, incluindo setores operacionais, administrativos, educacionais e de sa\u00fade. Os aprovados ser\u00e3o contratados sob o <strong>regime estatut\u00e1rio<\/strong>, que garante estabilidade empregat\u00edcia ap\u00f3s o est\u00e1gio probat\u00f3rio, com remunera\u00e7\u00f5es que variam de <strong>R$ 1.777,32 a R$ 22.775,39<\/strong>, dependendo do cargo e da carga hor\u00e1ria.<\/p>\n<p>Entre as oportunidades de n\u00edvel superior, destacamos a oferta de vagas para a \u00e1rea de <strong>Nutri\u00e7\u00e3o<\/strong>, al\u00e9m de cargos para Engenharia Civil, Medicina, Direito (Procuradoria), Psicologia e Educa\u00e7\u00e3o. Se voc\u00ea busca uma oportunidade no servi\u00e7o p\u00fablico paranaense, confira a seguir os detalhes essenciais sobre prazos, etapas e requisitos.<\/p>\n<h2>Inscri\u00e7\u00f5es<\/h2>\n<p>As inscri\u00e7\u00f5es para o Concurso de Amapor\u00e3 &#8211; PR devem ser realizadas exclusivamente pela internet, no site da banca organizadora, a <strong>Funda\u00e7\u00e3o FAFIPA<\/strong>. O per\u00edodo para candidatura inicia-se \u00e0s <strong>08h do dia 15 de dezembro de 2025<\/strong> e segue aberto at\u00e9 \u00e0s <strong>23h59min do dia 15 de janeiro de 2026<\/strong>.<\/p>\n<p>Para efetivar a participa\u00e7\u00e3o, o candidato deve preencher o formul\u00e1rio eletr\u00f4nico e emitir o boleto banc\u00e1rio (Banco Ita\u00fa), que poder\u00e1 ser pago em toda a rede banc\u00e1ria credenciada at\u00e9 a data limite de <strong>16 de janeiro de 2026<\/strong>. \u00c9 fundamental conferir os dados do boleto para evitar fraudes, conforme alerta do edital. Os valores das taxas de inscri\u00e7\u00e3o variam conforme o n\u00edvel de escolaridade e est\u00e3o detalhados no edital oficial.<\/p>\n<p><strong>Aten\u00e7\u00e3o \u00e0s regras de inscri\u00e7\u00e3o:<\/strong><\/p>\n<ul>\n<li>Para os cargos de <strong>Professor<\/strong>, \u00e9 permitida a inscri\u00e7\u00e3o para dois cargos, desde que os hor\u00e1rios de prova n\u00e3o coincidam.<\/li>\n<li>Para os <strong>demais cargos<\/strong>, o candidato deve optar por apenas uma fun\u00e7\u00e3o, sendo vedada a dupla inscri\u00e7\u00e3o.<\/li>\n<\/ul>\n<p>Recomendamos a leitura atenta do edital completo para verificar os requisitos para solicita\u00e7\u00e3o de isen\u00e7\u00e3o da taxa, caso aplic\u00e1vel, e demais condi\u00e7\u00f5es espec\u00edficas.<\/p>\n<h2>Etapas e Provas<\/h2>\n<p>A sele\u00e7\u00e3o dos candidatos ser\u00e1 composta por diferentes etapas, variando de acordo com o cargo pretendido. A <strong>Prova Objetiva<\/strong>, de car\u00e1ter eliminat\u00f3rio e classificat\u00f3rio, ser\u00e1 aplicada a <strong>todos os cargos<\/strong> e est\u00e1 prevista para o dia <strong>08 de fevereiro de 2026<\/strong>, no munic\u00edpio de Amapor\u00e3 &#8211; PR.<\/p>\n<p>Confira abaixo as fases do certame:<\/p>\n<ul>\n<li><strong>Prova Objetiva:<\/strong> Composta por 30 quest\u00f5es de m\u00faltipla escolha. As disciplinas abrangem L\u00edngua Portuguesa, Matem\u00e1tica\/Racioc\u00ednio L\u00f3gico, Conhecimentos Gerais e, para alguns cargos, Conhecimentos Espec\u00edficos. O candidato deve obter nota igual ou superior a 50 pontos para n\u00e3o ser eliminado.<\/li>\n<li><strong>Prova Discursiva:<\/strong> De car\u00e1ter eliminat\u00f3rio e classificat\u00f3rio, exclusiva para os cargos de <strong>Professor (20h, 40h e Artes)<\/strong> e <strong>Procurador Jur\u00eddico<\/strong>. Ser\u00e1 aplicada no mesmo dia da prova objetiva. Consistir\u00e1 em uma Reda\u00e7\u00e3o (para Professores) ou um Parecer T\u00e9cnico (para Procurador).<\/li>\n<li><strong>Prova Pr\u00e1tica:<\/strong> De car\u00e1ter eliminat\u00f3rio e classificat\u00f3rio, destinada aos cargos de <strong>Motorista<\/strong> e <strong>Operador de M\u00e1quinas<\/strong>. A previs\u00e3o de aplica\u00e7\u00e3o \u00e9 para 19 de abril de 2026.<\/li>\n<li><strong>Prova de T\u00edtulos:<\/strong> De car\u00e1ter apenas classificat\u00f3rio, para os cargos de <strong>Professor<\/strong> e todos os cargos de <strong>N\u00edvel Superior<\/strong>.<\/li>\n<\/ul>\n<p>Para detalhes sobre o conte\u00fado program\u00e1tico e os crit\u00e9rios espec\u00edficos de pontua\u00e7\u00e3o de cada fase, \u00e9 imprescind\u00edvel a consulta ao edital de abertura.<\/p>\n<h2>Resultados e Gabarito<\/h2>\n<p>O cronograma do concurso prev\u00ea a divulga\u00e7\u00e3o do <strong>gabarito preliminar<\/strong> e dos cadernos de quest\u00f5es no dia <strong>09 de fevereiro de 2026<\/strong>, um dia ap\u00f3s a aplica\u00e7\u00e3o da prova objetiva. O resultado definitivo da prova objetiva est\u00e1 programado para 08 de abril de 2026.<\/p>\n<p>A divulga\u00e7\u00e3o do <strong>resultado final e classifica\u00e7\u00e3o<\/strong> do certame est\u00e1 prevista para o dia <strong>06 de maio de 2026<\/strong>, com a homologa\u00e7\u00e3o final agendada para 12 de maio de 2026. Os resultados ser\u00e3o publicados em tr\u00eas listas distintas: ampla concorr\u00eancia, pessoas com defici\u00eancia e candidatos afrodescendentes.<\/p>\n<p>A convoca\u00e7\u00e3o dos aprovados ocorrer\u00e1 conforme a necessidade da Administra\u00e7\u00e3o Municipal, respeitando a validade do concurso, que \u00e9 de dois anos, prorrog\u00e1vel por igual per\u00edodo. \u00c9 de <strong>inteira responsabilidade do candidato<\/strong> acompanhar as publica\u00e7\u00f5es oficiais e eventuais retifica\u00e7\u00f5es diretamente no site da Funda\u00e7\u00e3o FAFIPA e no Di\u00e1rio Oficial do Munic\u00edpio.<\/p>\n","protected":false},"excerpt":{"rendered":"<p>Concurso Pref. Amapor\u00e3 (PR) com edital publicado! Vagas p\/ M\u00e9dico e Professor (Fund. a Sup.). Inscri\u00e7\u00f5es a partir de 15\/12. Sal\u00e1rios at\u00e9 R$ 22.7k. Confira!<\/p>\n","protected":false},"author":5229,"featured_media":275672,"comment_status":"open","ping_status":"open","sticky":false,"template":"","format":"standard","meta":{"_acf_changed":false,"_breakdance_hide_in_design_set":false,"_breakdance_tags":"","footnotes":""},"categories":[145,140,10,141,14,17,19,21,119,23,24,26,108,143],"tags":[52],"_amplo":[],"destaque":[],"instituicoes":[],"class_list":["post-275673","post","type-post","status-publish","format-standard","has-post-thumbnail","hentry","category-artes-cenicas","category-artes-plasticas","category-direito","category-educacao-artistica","category-engenharia","category-farmacia","category-fonoaudiologia","category-medicina","category-musica","category-nutricao","category-odontologia","category-psicologia","category-tecnico-enfermagem","category-tecnico-odontologia","tag-parana"],"acf":{"_tipo_vagas":"vagas","_numero_vagas":"","_quadro_vagas":"","_cargos":"diversos","_cargos_especificos":"","_salario_max":"R$ 22775.39","_abertura":"20251215","_encerramento":"20260115","_inscricoes":"https:\/\/www.fundacaofafipa.org.br","_executora_concurso":"","_instituicao_concurso":[],"_link_adicional":null,"_anexos":null,"_produtos":null,"_vagas":"19 vagas + CR","_salario_min":"R$ 1777.32","_instituicao":"Prefeitura de Amapor\u00e3","_edital":"https:\/\/www.agrobase.com.br\/concursos\/wp-content\/uploads\/sites\/4\/2025\/12\/edital-0154-2025-prefeitura-de-amapora-pr.pdf","_anexos_edital":"","_fund_incompleto":"","_fund_completo":"<div>\r\n<table class=\"quadro\">\r\n<thead>\r\n<tr>\r\n<th class=\"hcargo\">Cargo<\/th>\r\n<th class=\"hvagas\">Vagas<\/th>\r\n<th class=\"hremuneracao\">Remunera\u00e7\u00e3o<\/th>\r\n<\/tr>\r\n<\/thead>\r\n    <tbody>\r\n      <td class=\"ccargos\">\r\n<span data-balloon-length=\"medium\" aria-label=\"Ensino fundamental\" data-balloon-pos=\"up\">Cozinheira<\/span><\/td>\r\n<td class=\"cvagas\">CR<\/td>\r\n<td class=\"cremuneracao\">R$ 1.777,32 \/40h<\/td>\r\n<\/tr><td class=\"ccargos\">\r\n<span data-balloon-length=\"medium\" data-balloon-pos=\"up\">Motorista CNH D<\/span><\/td>\r\n<td class=\"cvagas\">01<\/td>\r\n<td class=\"cremuneracao\">R$ 2.040,05 \/40h<\/td>\r\n<\/tr><td class=\"ccargos\">\r\n<span data-balloon-length=\"medium\" data-balloon-pos=\"up\">Operador de M\u00e1quinas<\/span><\/td>\r\n<td class=\"cvagas\">CR<\/td>\r\n<td class=\"cremuneracao\">R$ 2.720,12 \/40h<\/td>\r\n<\/tr><td class=\"ccargos\">\r\n<span data-balloon-length=\"medium\" aria-label=\"Ensino fundamental\" data-balloon-pos=\"up\">Servente de Limpeza P\u00fablica - Masculino<\/span><\/td>\r\n<td class=\"cvagas\">CR<\/td>\r\n<td class=\"cremuneracao\">R$ 1.777,32 \/40h<\/td>\r\n<\/tr><td class=\"ccargos\">\r\n<span data-balloon-length=\"medium\" aria-label=\"Ensino fundamental\" data-balloon-pos=\"up\">Zeladora<\/span><\/td>\r\n<td class=\"cvagas\">04<\/td>\r\n<td class=\"cremuneracao\">R$ 1.777,32 \/40h<\/td>\r\n<\/tr>\r\n    <\/tbody>\r\n  <\/table>\r\n<\/div>","_medio":"<div>\r\n<table class=\"quadro\">\r\n<thead>\r\n<tr>\r\n<th class=\"hcargo\">Cargo<\/th>\r\n<th class=\"hvagas\">Vagas<\/th>\r\n<th class=\"hremuneracao\">Remunera\u00e7\u00e3o<\/th>\r\n<\/tr>\r\n<\/thead>\r\n    <tbody>\r\n      <td class=\"ccargos\">\r\n<span data-balloon-length=\"medium\" aria-label=\"Ensino m\u00e9dio completo\" data-balloon-pos=\"up\">Auxiliar Administrativo<\/span><\/td>\r\n<td class=\"cvagas\">03<\/td>\r\n<td class=\"cremuneracao\">R$ 2.016,26 \/40h<\/td>\r\n<\/tr><td class=\"ccargos\">\r\n<span data-balloon-length=\"medium\" aria-label=\"Ensino m\u00e9dio completo\" data-balloon-pos=\"up\">Recepcionista<\/span><\/td>\r\n<td class=\"cvagas\">01<\/td>\r\n<td class=\"cremuneracao\">R$ 1.777,32 \/40h<\/td>\r\n<\/tr><td class=\"ccargos\">\r\n<span data-balloon-length=\"medium\" aria-label=\"Forma\u00e7\u00e3o Ensino M\u00e9dio e Curso espec\u00edfico em T\u00e9cnico em Enfermagem - Registro no Conselho de classe correspondente\" data-balloon-pos=\"up\">T\u00e9cnico de Enfermagem<\/span><\/td>\r\n<td class=\"cvagas\">CR<\/td>\r\n<td class=\"cremuneracao\">R$ 1.816,50 \/40h<\/td>\r\n<\/tr><td class=\"ccargos\">\r\n<span data-balloon-length=\"medium\" aria-label=\"Ensino M\u00e9dio completo e Curso Espec\u00edfico de T\u00e9cnico em Higiene Dental - Registro no Conselho de classe correspondente\" data-balloon-pos=\"up\">T\u00e9cnico em Higiene Dental<\/span><\/td>\r\n<td class=\"cvagas\">01<\/td>\r\n<td class=\"cremuneracao\">R$ 1.897,93 \/40h<\/td>\r\n<\/tr><td class=\"ccargos\">\r\n<span data-balloon-length=\"medium\" aria-label=\"Forma\u00e7\u00e3o em ensino m\u00e9dio, com habilita\u00e7\u00e3o espec\u00edfica em Magist\u00e9rio\" data-balloon-pos=\"up\">Professor 20h<\/span><\/td>\r\n<td class=\"cvagas\">04<\/td>\r\n<td class=\"cremuneracao\">R$ 2.433,88 \/20h<\/td>\r\n<\/tr><td class=\"ccargos\">\r\n<span data-balloon-length=\"medium\" aria-label=\"Forma\u00e7\u00e3o em ensino m\u00e9dio, com habilita\u00e7\u00e3o espec\u00edfica em Magist\u00e9rio\" data-balloon-pos=\"up\">Professor 40h<\/span><\/td>\r\n<td class=\"cvagas\">02<\/td>\r\n<td class=\"cremuneracao\">R$ 4.867,77 \/40h<\/td>\r\n<\/tr>\r\n    <\/tbody>\r\n  <\/table>\r\n<\/div>","_superior":"<div>\r\n<table class=\"quadro\">\r\n<thead>\r\n<tr>\r\n<th class=\"hcargo\">Cargo<\/th>\r\n<th class=\"hvagas\">Vagas<\/th>\r\n<th class=\"hremuneracao\">Remunera\u00e7\u00e3o<\/th>\r\n<\/tr>\r\n<\/thead>\r\n    <tbody>\r\n      <tr>\r\n<td class=\"ccargos\">\r\n<span data-balloon-length=\"medium\" aria-label=\"Forma\u00e7\u00e3o superior completo de Licenciatura Plena em Educa\u00e7\u00e3o Art\u00edstica\/Artes Visuais\/Artes C\u00eanicas\/Artes Pl\u00e1sticas\/M\u00fasica\/Teatro ou Dan\u00e7a oferecida por institui\u00e7\u00f5es credenciadas pelo Minist\u00e9rio da Educa\u00e7\u00e3o.\" data-balloon-pos=\"up\">Professor de Artes<\/span><\/td>\r\n<td class=\"cvagas\">CR<\/td>\r\n<td class=\"cremuneracao\">R$ 2.433,88 \/20h<\/td>\r\n<\/tr><tr>\r\n<td class=\"ccargos\">\r\n<span data-balloon-length=\"medium\" aria-label=\"Forma\u00e7\u00e3o Superior em Engenharia Civil e Registro no Conselho de Classe Correspondente\" data-balloon-pos=\"up\">Engenheiro Civil<\/span><\/td>\r\n<td class=\"cvagas\">CR<\/td>\r\n<td class=\"cremuneracao\">R$ 3.493,92 \/20h<\/td>\r\n<\/tr><tr>\r\n<td class=\"ccargos\">\r\n<span data-balloon-length=\"medium\" aria-label=\"Forma\u00e7\u00e3o Superior em Farm\u00e1cia e Registro no Conselho de Classe Correspondente\" data-balloon-pos=\"up\">Farmac\u00eautico<\/span><\/td>\r\n<td class=\"cvagas\">CR<\/td>\r\n<td class=\"cremuneracao\">R$ 3.700,54 \/40h<\/td>\r\n<\/tr><tr>\r\n<td class=\"ccargos\">\r\n<span data-balloon-length=\"medium\" aria-label=\"Forma\u00e7\u00e3o Superior em Fonoaudiologia e Registro no Conselho de Classe\" data-balloon-pos=\"up\">Fonoaudi\u00f3logo<\/span><\/td>\r\n<td class=\"cvagas\">01<\/td>\r\n<td class=\"cremuneracao\">R$ 3.570,72 \/20h<\/td>\r\n<\/tr><tr>\r\n<td class=\"ccargos\">\r\n<span data-balloon-length=\"medium\" aria-label=\"Curso superior em Medicina, cumulado com registro no CRM.\" data-balloon-pos=\"up\">M\u00e9dico Cl\u00ednico Geral 20h<\/span><\/td>\r\n<td class=\"cvagas\">04<\/td>\r\n<td class=\"cremuneracao\">R$ 11.387,69 \/20h<\/td>\r\n<\/tr><tr>\r\n<td class=\"ccargos\">\r\n<span data-balloon-length=\"medium\" aria-label=\"Curso superior em Medicina, cumulado com registro no CRM.\" data-balloon-pos=\"up\">M\u00e9dico Cl\u00ednico Geral 40h<\/span><\/td>\r\n<td class=\"cvagas\">01<\/td>\r\n<td class=\"cremuneracao\">R$ 22.775,39 \/40h<\/td>\r\n<\/tr><tr>\r\n<td class=\"ccargos\">\r\n<span data-balloon-length=\"medium\" aria-label=\"Forma\u00e7\u00e3o Superior em Nutri\u00e7\u00e3o e Registro no Conselho de Classe Correspondente\" data-balloon-pos=\"up\">Nutricionista<\/span><\/td>\r\n<td class=\"cvagas\">CR<\/td>\r\n<td class=\"cremuneracao\">R$ 4.374,06 \/30h<\/td>\r\n<\/tr><tr>\r\n<td class=\"ccargos\">\r\n<span data-balloon-length=\"medium\" aria-label=\"Forma\u00e7\u00e3o Superior em Odontologia e Registro no Conselho de Classe Correspondente\" data-balloon-pos=\"up\">Odont\u00f3logo<\/span><\/td>\r\n<td class=\"cvagas\">01<\/td>\r\n<td class=\"cremuneracao\">R$ 7.400,94 \/40h<\/td>\r\n<\/tr><tr>\r\n<td class=\"ccargos\">\r\n<span data-balloon-length=\"medium\" aria-label=\"Superior Completo em Direito com inscri\u00e7\u00e3o na Ordem dos Advogados do Brasil \u2013 OAB\" data-balloon-pos=\"up\">Procurador Jur\u00eddico<\/span><\/td>\r\n<td class=\"cvagas\">CR<\/td>\r\n<td class=\"cremuneracao\">R$ 5.531,08 \/20h<\/td>\r\n<\/tr><tr>\r\n<td class=\"ccargos\">\r\n<span data-balloon-length=\"medium\" aria-label=\"Forma\u00e7\u00e3o Superior em Psicologia e Registro no Conselho de Classe Correspondente\" data-balloon-pos=\"up\">Psic\u00f3logo<\/span><\/td>\r\n<td class=\"cvagas\">01<\/td>\r\n<td class=\"cremuneracao\">R$ 3.700,52 \/40h<\/td>\r\n<\/tr><tr>\r\n<td class=\"ccargos\">\r\n<span data-balloon-length=\"medium\" aria-label=\"Forma\u00e7\u00e3o Superior em Psicopedagogia, ou Psicologia com P\u00f3s-Gradua\u00e7\u00e3o em Psicopedagogia.\" data-balloon-pos=\"up\">Psicopedagogo<\/span><\/td>\r\n<td class=\"cvagas\">01<\/td>\r\n<td class=\"cremuneracao\">R$ 2.450,00 \/20h<\/td>\r\n<\/tr>\r\n    <\/tbody>\r\n  <\/table>\r\n<\/div>"},"_links":{"self":[{"href":"https:\/\/www.agrobase.com.br\/concursos\/wp-json\/wp\/v2\/posts\/275673","targetHints":{"allow":["GET"]}}],"collection":[{"href":"https:\/\/www.agrobase.com.br\/concursos\/wp-json\/wp\/v2\/posts"}],"about":[{"href":"https:\/\/www.agrobase.com.br\/concursos\/wp-json\/wp\/v2\/types\/post"}],"author":[{"embeddable":true,"href":"https:\/\/www.agrobase.com.br\/concursos\/wp-json\/wp\/v2\/users\/5229"}],"replies":[{"embeddable":true,"href":"https:\/\/www.agrobase.com.br\/concursos\/wp-json\/wp\/v2\/comments?post=275673"}],"version-history":[{"count":3,"href":"https:\/\/www.agrobase.com.br\/concursos\/wp-json\/wp\/v2\/posts\/275673\/revisions"}],"predecessor-version":[{"id":275698,"href":"https:\/\/www.agrobase.com.br\/concursos\/wp-json\/wp\/v2\/posts\/275673\/revisions\/275698"}],"wp:featuredmedia":[{"embeddable":true,"href":"https:\/\/www.agrobase.com.br\/concursos\/wp-json\/wp\/v2\/media\/275672"}],"wp:attachment":[{"href":"https:\/\/www.agrobase.com.br\/concursos\/wp-json\/wp\/v2\/media?parent=275673"}],"wp:term":[{"taxonomy":"category","embeddable":true,"href":"https:\/\/www.agrobase.com.br\/concursos\/wp-json\/wp\/v2\/categories?post=275673"},{"taxonomy":"post_tag","embeddable":true,"href":"https:\/\/www.agrobase.com.br\/concursos\/wp-json\/wp\/v2\/tags?post=275673"},{"taxonomy":"_amplo","embeddable":true,"href":"https:\/\/www.agrobase.com.br\/concursos\/wp-json\/wp\/v2\/_amplo?post=275673"},{"taxonomy":"destaque","embeddable":true,"href":"https:\/\/www.agrobase.com.br\/concursos\/wp-json\/wp\/v2\/destaque?post=275673"},{"taxonomy":"instituicoes","embeddable":true,"href":"https:\/\/www.agrobase.com.br\/concursos\/wp-json\/wp\/v2\/instituicoes?post=275673"}],"curies":[{"name":"wp","href":"https:\/\/api.w.org\/{rel}","templated":true}]}}