{"id":275635,"date":"2025-12-22T07:40:28","date_gmt":"2025-12-22T10:40:28","guid":{"rendered":"https:\/\/www.agrobase.com.br\/concursos\/?p=275635"},"modified":"2025-12-21T22:48:59","modified_gmt":"2025-12-22T01:48:59","slug":"prefeitura-prainha-pa-selecao-simplificada-03-2025","status":"publish","type":"post","link":"https:\/\/www.agrobase.com.br\/concursos\/2025\/prefeitura-prainha-pa-selecao-simplificada-03-2025\/","title":{"rendered":"Prefeitura Prainha (PA) &#8211; Sele\u00e7\u00e3o Simplificada 03\/2025"},"content":{"rendered":"<h2>Informa\u00e7\u00f5es Gerais<\/h2>\n<p>A <strong>Prefeitura Municipal de Prainha (PMP)<\/strong>, no estado do Par\u00e1, torna p\u00fablica a realiza\u00e7\u00e3o de um novo Processo Seletivo Simplificado (PSS) destinado \u00e0 contrata\u00e7\u00e3o tempor\u00e1ria de profissionais e forma\u00e7\u00e3o de cadastro de reserva. Sob a organiza\u00e7\u00e3o da <strong>Funda\u00e7\u00e3o de Amparo e Desenvolvimento da Pesquisa (Fadesp)<\/strong>, o certame visa o preenchimento imediato de <strong>420 vagas<\/strong> para atua\u00e7\u00e3o na sede, na zona rural do munic\u00edpio e na Casa de Apoio em Santar\u00e9m\/PA.<\/p>\n<p>As oportunidades contemplam candidatos de n\u00edveis <strong>Fundamental (incompleto e completo), M\u00e9dio, T\u00e9cnico e Superior<\/strong>. O regime de contrata\u00e7\u00e3o ser\u00e1 por tempo determinado, com validade inicial de um ano, podendo ser prorrogado por igual per\u00edodo conforme a necessidade da administra\u00e7\u00e3o p\u00fablica. As remunera\u00e7\u00f5es variam de <strong>R$ 1.518,00 a R$ 6.600,00<\/strong>, dependendo do cargo e da carga hor\u00e1ria.<\/p>\n<p>O edital oferece uma ampla diversidade de fun\u00e7\u00f5es nas \u00e1reas administrativa, operacional, sa\u00fade, educa\u00e7\u00e3o e assist\u00eancia social. Merecem destaque especial as vagas ofertadas para profissionais das \u00e1reas de <strong>Nutri\u00e7\u00e3o, Biologia, Agronomia, Engenharia Florestal e Medicina Veterin\u00e1ria<\/strong>, al\u00e9m de diversas oportunidades para t\u00e9cnicos e cargos de apoio. Se voc\u00ea busca uma oportunidade de ingresso no servi\u00e7o p\u00fablico municipal, confira a seguir os detalhes sobre prazos, etapas e requisitos.<\/p>\n<h2>Inscri\u00e7\u00f5es<\/h2>\n<p>As inscri\u00e7\u00f5es para o Processo Seletivo Simplificado da Prefeitura de Prainha devem ser realizadas exclusivamente pela internet, atrav\u00e9s do portal da banca organizadora, a <strong>Fadesp<\/strong>. O per\u00edodo para cadastro inicia-se em <strong>18 de dezembro de 2025<\/strong> e segue aberto at\u00e9 o dia <strong>29 de dezembro de 2025<\/strong>.<\/p>\n<p>Para confirmar a participa\u00e7\u00e3o, o candidato deve efetuar o pagamento da taxa de inscri\u00e7\u00e3o, cujos valores foram definidos de acordo com o n\u00edvel de escolaridade do cargo pretendido:<\/p>\n<ul>\n<li><strong>N\u00edvel Fundamental (completo e incompleto):<\/strong> R$ 35,00<\/li>\n<li><strong>N\u00edveis M\u00e9dio, T\u00e9cnico e Superior:<\/strong> R$ 50,00<\/li>\n<\/ul>\n<p>O pagamento deve ser realizado via boleto banc\u00e1rio at\u00e9 o \u00faltimo dia do per\u00edodo de inscri\u00e7\u00f5es, respeitando o hor\u00e1rio de funcionamento banc\u00e1rio. \u00c9 importante ressaltar que n\u00e3o ser\u00e3o aceitos pagamentos via PIX, cheque ou transfer\u00eancia banc\u00e1ria direta. Candidatos que se enquadrem nos crit\u00e9rios de isen\u00e7\u00e3o (Cad\u00danico ou Pessoa com Defici\u00eancia) devem atentar-se aos prazos e documentos exigidos no edital para solicitar o benef\u00edcio no ato da inscri\u00e7\u00e3o.<\/p>\n<p>Recomendamos a leitura atenta do edital completo para conferir todas as exig\u00eancias documentais e garantir o preenchimento correto do formul\u00e1rio eletr\u00f4nico.<\/p>\n<h2>Etapas e Provas<\/h2>\n<p>A sele\u00e7\u00e3o dos candidatos ser\u00e1 realizada por meio de uma <strong>Avalia\u00e7\u00e3o Documental<\/strong>, de car\u00e1ter eliminat\u00f3rio e classificat\u00f3rio. Diferente de concursos tradicionais, este PSS n\u00e3o prev\u00ea a aplica\u00e7\u00e3o de provas objetivas escritas. A pontua\u00e7\u00e3o ser\u00e1 atribu\u00edda com base na an\u00e1lise dos documentos enviados digitalmente no momento da inscri\u00e7\u00e3o.<\/p>\n<p>A Avalia\u00e7\u00e3o Documental valer\u00e1 at\u00e9 <strong>100 pontos<\/strong>, sendo necess\u00e1rio obter no m\u00ednimo <strong>50 pontos<\/strong> para n\u00e3o ser eliminado. Os crit\u00e9rios de pontua\u00e7\u00e3o consideram:<\/p>\n<ul>\n<li><strong>Requisitos M\u00ednimos:<\/strong> Comprova\u00e7\u00e3o da escolaridade e registros exigidos.<\/li>\n<li><strong>Qualifica\u00e7\u00e3o Profissional:<\/strong> Cursos de forma\u00e7\u00e3o e aperfei\u00e7oamento na \u00e1rea.<\/li>\n<li><strong>Experi\u00eancia Profissional:<\/strong> Tempo de servi\u00e7o no cargo ou fun\u00e7\u00e3o a que concorre.<\/li>\n<\/ul>\n<p>Os documentos comprobat\u00f3rios devem ser anexados em formato <strong>PDF<\/strong> (com tamanho m\u00e1ximo de 2 MB por arquivo) nos campos espec\u00edficos do sistema de inscri\u00e7\u00e3o. \u00c9 fundamental que as c\u00f3pias estejam leg\u00edveis e que as declara\u00e7\u00f5es de tempo de servi\u00e7o ou contratos possuam as devidas assinaturas reconhecidas (em cart\u00f3rio ou digitalmente), conforme estipulado no edital.<\/p>\n<p>Para compreender detalhadamente a tabela de pontos e os documentos aceitos para cada cargo, \u00e9 imprescind\u00edvel a consulta ao edital de abertura.<\/p>\n<h2>Resultados e Gabarito<\/h2>\n<p>O acompanhamento das publica\u00e7\u00f5es \u00e9 essencial para o sucesso no certame. O cronograma oficial prev\u00ea a divulga\u00e7\u00e3o do <strong>Resultado Preliminar da Avalia\u00e7\u00e3o Documental<\/strong> para o dia <strong>21 de janeiro de 2026<\/strong>. Ap\u00f3s o per\u00edodo de recursos, o <strong>Resultado Final Definitivo<\/strong> do Processo Seletivo Simplificado est\u00e1 previsto para ser publicado em <strong>04 de fevereiro de 2026<\/strong>.<\/p>\n<p>A classifica\u00e7\u00e3o final ser\u00e1 ordenada de forma decrescente conforme a pontua\u00e7\u00e3o obtida. Em caso de empate, ser\u00e3o aplicados os seguintes crit\u00e9rios, nesta ordem:<\/p>\n<ul>\n<li>Idade igual ou superior a 60 anos (Estatuto da Pessoa Idosa);<\/li>\n<li>Maior pontua\u00e7\u00e3o em Cursos Complementares\/Qualifica\u00e7\u00e3o;<\/li>\n<li>Maior pontua\u00e7\u00e3o em Tempo de Exerc\u00edcio Profissional;<\/li>\n<li>Candidato com maior idade.<\/li>\n<\/ul>\n<p>Ap\u00f3s a homologa\u00e7\u00e3o, a convoca\u00e7\u00e3o dos aprovados ser\u00e1 feita mediante Edital Espec\u00edfico da Prefeitura Municipal de Prainha. Os convocados dever\u00e3o comparecer \u00e0 Secretaria Municipal de Administra\u00e7\u00e3o e Planejamento (SEMAP) para apresenta\u00e7\u00e3o dos documentos originais e assinatura do contrato.<\/p>\n<p>Lembramos que \u00e9 de inteira responsabilidade do candidato acompanhar todas as publica\u00e7\u00f5es, avisos e editais de convoca\u00e7\u00e3o diretamente no site da <strong>Fadesp<\/strong> e no Di\u00e1rio Oficial dos Munic\u00edpios.<\/p>\n","protected":false},"excerpt":{"rendered":"<p>Sel. Simplificada Pref. Prainha (PA) com edital publicado! 420+CR vagas p\/ T\u00e9cnico Enfermagem e Enfermeiro (Fund. a Sup.). Inscri\u00e7\u00f5es a partir de 18\/12. Confira!<\/p>\n","protected":false},"author":5229,"featured_media":275634,"comment_status":"open","ping_status":"open","sticky":false,"template":"","format":"standard","meta":{"_acf_changed":false,"_breakdance_hide_in_design_set":false,"_breakdance_tags":"","footnotes":""},"categories":[4,6,106,11,12,15,17,18,19,21,22,23,24,25,26,101,108,161,143,134],"tags":[51],"_amplo":[],"destaque":[],"instituicoes":[],"class_list":["post-275635","post","type-post","status-publish","format-standard","has-post-thumbnail","hentry","category-agronomia","category-biologia","category-bioquimica","category-educacao-fisica","category-enfermagem","category-engenharia-florestal","category-farmacia","category-fisioterapia","category-fonoaudiologia","category-medicina","category-veterinaria","category-nutricao","category-odontologia","category-pedagogia","category-psicologia","category-servico-social","category-tecnico-enfermagem","category-tecnico-laboratorio","category-tecnico-odontologia","category-terapia-ocupacional","tag-para"],"acf":{"_tipo_vagas":"vagas","_numero_vagas":"","_quadro_vagas":"","_cargos":"diversos","_cargos_especificos":"","_salario_max":"R$ 6600","_abertura":"20251218","_encerramento":"20251229","_inscricoes":"https:\/\/portalfadesp.org.br","_executora_concurso":"","_instituicao_concurso":[],"_link_adicional":null,"_anexos":null,"_produtos":null,"_vagas":"420 vagas + CR","_salario_min":"R$ 1518","_instituicao":"Prefeitura de Prainha","_edital":"https:\/\/www.agrobase.com.br\/concursos\/wp-content\/uploads\/sites\/4\/2025\/12\/edital-03-2025-preefitura-de-prainha-pa.pdf","_anexos_edital":"","_fund_incompleto":"<div>\r\n<table class=\"quadro\">\r\n<thead>\r\n<tr>\r\n<th class=\"hcargo\">Cargo<\/th>\r\n<th class=\"hvagas\">Vagas<\/th>\r\n<th class=\"hremuneracao\">Remunera\u00e7\u00e3o<\/th>\r\n<\/tr>\r\n<\/thead>\r\n    <tbody>\r\n      <td class=\"ccargos\">\r\n<span data-balloon-length=\"medium\" aria-label=\"N\u00edvel Fundamental Incompleto\" data-balloon-pos=\"up\">COVEIRO<\/span><\/td>\r\n<td class=\"cvagas\">07<\/td>\r\n<td class=\"cremuneracao\">R$ 1.518,00 \/40h<\/td>\r\n<\/tr><td class=\"ccargos\">\r\n<span data-balloon-length=\"medium\" aria-label=\"N\u00edvel Fundamental Incompleto\" data-balloon-pos=\"up\">SERVI\u00c7OS GERAIS \/ COZINHA<\/span><\/td>\r\n<td class=\"cvagas\">39<\/td>\r\n<td class=\"cremuneracao\">R$ 1.518,00 \/40h<\/td>\r\n<\/tr><td class=\"ccargos\">\r\n<span data-balloon-length=\"medium\" aria-label=\"N\u00edvel Fundamental Incompleto\" data-balloon-pos=\"up\">SERVI\u00c7OS GERAIS<\/span><\/td>\r\n<td class=\"cvagas\">18<\/td>\r\n<td class=\"cremuneracao\">R$ 1.518,00 \/40h<\/td>\r\n<\/tr><td class=\"ccargos\">\r\n<span data-balloon-length=\"medium\" aria-label=\"N\u00edvel Fundamental Incompleto\" data-balloon-pos=\"up\">SERVI\u00c7OS GERAIS-GARI<\/span><\/td>\r\n<td class=\"cvagas\">08<\/td>\r\n<td class=\"cremuneracao\">R$ 1.518,00 \/40h<\/td>\r\n<\/tr><td class=\"ccargos\">\r\n<span data-balloon-length=\"medium\" aria-label=\"N\u00edvel Fundamental Incompleto\" data-balloon-pos=\"up\">SERVI\u00c7OS GERAIS-MAGAREFE<\/span><\/td>\r\n<td class=\"cvagas\">04<\/td>\r\n<td class=\"cremuneracao\">R$ 1.518,00 \/40h<\/td>\r\n<\/tr><td class=\"ccargos\">\r\n<span data-balloon-length=\"medium\" aria-label=\"N\u00edvel Fundamental Incompleto\" data-balloon-pos=\"up\">AGENTE DE PORTARIA<\/span><\/td>\r\n<td class=\"cvagas\">04<\/td>\r\n<td class=\"cremuneracao\">R$ 1.518,00 \/40h<\/td>\r\n<\/tr><td class=\"ccargos\">\r\n<span data-balloon-length=\"medium\" aria-label=\"N\u00edvel Fundamental Incompleto\" data-balloon-pos=\"up\">VIGIA<\/span><\/td>\r\n<td class=\"cvagas\">48<\/td>\r\n<td class=\"cremuneracao\">R$ 1.518,00 \/40h<\/td>\r\n<\/tr><td class=\"ccargos\">\r\n<span data-balloon-length=\"medium\" aria-label=\"N\u00edvel Fundamental Incompleto\" data-balloon-pos=\"up\">JARDINEIRO<\/span><\/td>\r\n<td class=\"cvagas\">01<\/td>\r\n<td class=\"cremuneracao\">R$ 1.518,00 \/40h<\/td>\r\n<\/tr><td class=\"ccargos\">\r\n<span data-balloon-length=\"medium\" aria-label=\"N\u00edvel Fundamental Incompleto\" data-balloon-pos=\"up\">ARTES\u00c3O<\/span><\/td>\r\n<td class=\"cvagas\">02<\/td>\r\n<td class=\"cremuneracao\">R$ 1.518,00 \/40h<\/td>\r\n<\/tr><td class=\"ccargos\">\r\n<span data-balloon-length=\"medium\" aria-label=\"N\u00edvel Fundamental Incompleto\" data-balloon-pos=\"up\">OPERADOR DE ABASTECIMENTO DE AGUA<\/span><\/td>\r\n<td class=\"cvagas\">03<\/td>\r\n<td class=\"cremuneracao\">R$ 1.518,00 \/40h<\/td>\r\n<\/tr><td class=\"ccargos\">\r\n<span data-balloon-length=\"medium\" aria-label=\"N\u00edvel Fundamental Incompleto\" data-balloon-pos=\"up\">OPERADOR DE MICRO USINA<\/span><\/td>\r\n<td class=\"cvagas\">25<\/td>\r\n<td class=\"cremuneracao\">R$ 1.518,00 \/40h<\/td>\r\n<\/tr>\r\n    <\/tbody>\r\n  <\/table>\r\n<\/div>","_fund_completo":"<div>\r\n<table class=\"quadro\">\r\n<thead>\r\n<tr>\r\n<th class=\"hcargo\">Cargo<\/th>\r\n<th class=\"hvagas\">Vagas<\/th>\r\n<th class=\"hremuneracao\">Remunera\u00e7\u00e3o<\/th>\r\n<\/tr>\r\n<\/thead>\r\n    <tbody>\r\n      <td class=\"ccargos\">\r\n<span data-balloon-length=\"medium\" aria-label=\"N\u00edvel Fundamental Completo\" data-balloon-pos=\"up\">AUXILIAR ADMINISTRATIVO<\/span><\/td>\r\n<td class=\"cvagas\">28<\/td>\r\n<td class=\"cremuneracao\">R$ 1.518,00 \/40h<\/td>\r\n<\/tr><td class=\"ccargos\">\r\n<span data-balloon-length=\"medium\" data-balloon-pos=\"up\">MOTORISTA CATEGORIA B<\/span><\/td>\r\n<td class=\"cvagas\">13<\/td>\r\n<td class=\"cremuneracao\">R$ 2.118,00 \/40h<\/td>\r\n<\/tr><td class=\"ccargos\">\r\n<span data-balloon-length=\"medium\" data-balloon-pos=\"up\">MOTORISTA CATEGORIA D<\/span><\/td>\r\n<td class=\"cvagas\">14<\/td>\r\n<td class=\"cremuneracao\">R$ 2.824,00 \/40h<\/td>\r\n<\/tr><td class=\"ccargos\">\r\n<span data-balloon-length=\"medium\" aria-label=\"N\u00edvel Fundamental Completo e Habilita\u00e7\u00e3o N\u00e1utica\" data-balloon-pos=\"up\">MOTORISTA DE COMANDO FLUVIAL MARINHEIRO FLUVIAL DE COMANDO<\/span><\/td>\r\n<td class=\"cvagas\">14<\/td>\r\n<td class=\"cremuneracao\">R$ 1.518,00 \/40h<\/td>\r\n<\/tr>\r\n    <\/tbody>\r\n  <\/table>\r\n<\/div>","_medio":"<div>\r\n<table class=\"quadro\">\r\n<thead>\r\n<tr>\r\n<th class=\"hcargo\">Cargo<\/th>\r\n<th class=\"hvagas\">Vagas<\/th>\r\n<th class=\"hremuneracao\">Remunera\u00e7\u00e3o<\/th>\r\n<\/tr>\r\n<\/thead>\r\n    <tbody>\r\n      <td class=\"ccargos\">\r\n<span data-balloon-length=\"medium\" aria-label=\"N\u00edvel M\u00e9dio Completo\" data-balloon-pos=\"up\">AGENTE ADMINISTRATIVO<\/span><\/td>\r\n<td class=\"cvagas\">09<\/td>\r\n<td class=\"cremuneracao\">R$ 2.118,00 \/40h<\/td>\r\n<\/tr><td class=\"ccargos\">\r\n<span data-balloon-length=\"medium\" aria-label=\"N\u00edvel M\u00e9dio Completo e Curso de capacita\u00e7\u00e3o em Agente Ambiental\" data-balloon-pos=\"up\">AGENTE AMBIENTAL<\/span><\/td>\r\n<td class=\"cvagas\">07<\/td>\r\n<td class=\"cremuneracao\">R$ 2.118,00 \/40h<\/td>\r\n<\/tr><td class=\"ccargos\">\r\n<span data-balloon-length=\"medium\" aria-label=\"N\u00edvel M\u00e9dio Completo e Curso de Capacita\u00e7\u00e3o em Guarda Ambiental\" data-balloon-pos=\"up\">GUARDA AMBIENTAL<\/span><\/td>\r\n<td class=\"cvagas\">02<\/td>\r\n<td class=\"cremuneracao\">R$ 1.518,00 \/40h<\/td>\r\n<\/tr><td class=\"ccargos\">\r\n<span data-balloon-length=\"medium\" aria-label=\"N\u00edvel M\u00e9dio Completo\" data-balloon-pos=\"up\">FISCAL DE TRIBUTOS<\/span><\/td>\r\n<td class=\"cvagas\">01<\/td>\r\n<td class=\"cremuneracao\">R$ 1.518,00 \/40h<\/td>\r\n<\/tr><td class=\"ccargos\">\r\n<span data-balloon-length=\"medium\" aria-label=\"N\u00edvel M\u00e9dio Completo\" data-balloon-pos=\"up\">FISCAL DE TERRAS<\/span><\/td>\r\n<td class=\"cvagas\">01<\/td>\r\n<td class=\"cremuneracao\">R$ 1.518,00 \/40h<\/td>\r\n<\/tr><td class=\"ccargos\">\r\n<span data-balloon-length=\"medium\" aria-label=\"N\u00edvel M\u00e9dio Completo\" data-balloon-pos=\"up\">VISITADOR<\/span><\/td>\r\n<td class=\"cvagas\">10<\/td>\r\n<td class=\"cremuneracao\">R$ 1.518,00 \/40h<\/td>\r\n<\/tr><td class=\"ccargos\">\r\n<span data-balloon-length=\"medium\" aria-label=\"N\u00edvel M\u00e9dio Completo\" data-balloon-pos=\"up\">ORIENTADOR SOCIAL<\/span><\/td>\r\n<td class=\"cvagas\">04<\/td>\r\n<td class=\"cremuneracao\">R$ 1.518,00 \/40h<\/td>\r\n<\/tr><td class=\"ccargos\">\r\n<span data-balloon-length=\"medium\" aria-label=\"N\u00edvel M\u00e9dio Completo\" data-balloon-pos=\"up\">CUIDADOR SOCIAL<\/span><\/td>\r\n<td class=\"cvagas\">04<\/td>\r\n<td class=\"cremuneracao\">R$ 1.518,00 \/40h<\/td>\r\n<\/tr><td class=\"ccargos\">\r\n<span data-balloon-length=\"medium\" aria-label=\"N\u00edvel M\u00e9dio Completo e Curso de Microscopia.\" data-balloon-pos=\"up\">MICROSCOPISTA<\/span><\/td>\r\n<td class=\"cvagas\">04<\/td>\r\n<td class=\"cremuneracao\">R$ 1.518,00 \/40h<\/td>\r\n<\/tr><td class=\"ccargos\">\r\n<span data-balloon-length=\"medium\" aria-label=\"N\u00edvel M\u00e9dio e Curso T\u00e9cnico de Laborat\u00f3rio ou Equivalente. Inscri\u00e7\u00e3o e situa\u00e7\u00e3o regular no registro de classe competente.\" data-balloon-pos=\"up\">T\u00c9CNICO DE LABORAT\u00d3RIO<\/span><\/td>\r\n<td class=\"cvagas\">03<\/td>\r\n<td class=\"cremuneracao\">R$ 2.824,00 \/40h<\/td>\r\n<\/tr><td class=\"ccargos\">\r\n<span data-balloon-length=\"medium\" aria-label=\"N\u00edvel M\u00e9dio com Curso T\u00e9cnico em Enfermagem. Inscri\u00e7\u00e3o e situa\u00e7\u00e3o regular no registro de classe competente.\" data-balloon-pos=\"up\">T\u00c9CNICO EM ENFERMAGEM<\/span><\/td>\r\n<td class=\"cvagas\">63<\/td>\r\n<td class=\"cremuneracao\">R$ 3.325,00 \/44h<\/td>\r\n<\/tr><td class=\"ccargos\">\r\n<span data-balloon-length=\"medium\" aria-label=\"N\u00edvel M\u00e9dio com Curso T\u00e9cnico em Radiologia. Inscri\u00e7\u00e3o e situa\u00e7\u00e3o regular no registro de classe competente.\" data-balloon-pos=\"up\">T\u00c9CNICO EM RADIOLOGIA<\/span><\/td>\r\n<td class=\"cvagas\">02<\/td>\r\n<td class=\"cremuneracao\">R$ 2.824,00 \/20h<\/td>\r\n<\/tr><td class=\"ccargos\">\r\n<span data-balloon-length=\"medium\" aria-label=\"N\u00edvel M\u00e9dio com Curso T\u00e9cnico em Sa\u00fade Dental. Inscri\u00e7\u00e3o e situa\u00e7\u00e3o regular no registro de classe competente.\" data-balloon-pos=\"up\">T\u00c9CNICO EM HIGIENE DENTAL<\/span><\/td>\r\n<td class=\"cvagas\">10<\/td>\r\n<td class=\"cremuneracao\">R$ 2.824,00 \/40h<\/td>\r\n<\/tr>\r\n    <\/tbody>\r\n  <\/table>\r\n<\/div>","_superior":"<div>\r\n<table class=\"quadro\">\r\n<thead>\r\n<tr>\r\n<th class=\"hcargo\">Cargo<\/th>\r\n<th class=\"hvagas\">Vagas<\/th>\r\n<th class=\"hremuneracao\">Remunera\u00e7\u00e3o<\/th>\r\n<\/tr>\r\n<\/thead>\r\n    <tbody>\r\n      <tr>\r\n<td class=\"ccargos\">\r\n<span data-balloon-length=\"medium\" aria-label=\"DIPLOMA de Gradua\u00e7\u00e3o em Servi\u00e7o Social, expedido por institui\u00e7\u00e3o autorizada e igualmente reconhecida pelo Minist\u00e9rio da Educa\u00e7\u00e3o - MEC. Inscri\u00e7\u00e3o e a\u00e7\u00e3o regular no registro de classe competente.\" data-balloon-pos=\"up\">ASSISTENTE SOCIAL<\/span><\/td>\r\n<td class=\"cvagas\">08<\/td>\r\n<td class=\"cremuneracao\">R$ 4.942,00 \/30h<\/td>\r\n<\/tr><tr>\r\n<td class=\"ccargos\">\r\n<span data-balloon-length=\"medium\" aria-label=\"DIPLOMA de Gradua\u00e7\u00e3o em Pedagogia, expedido por institui\u00e7\u00e3o autorizada e igualmente Reconhecida pelo Minist\u00e9rio da Educa\u00e7\u00e3o - MEC.\" data-balloon-pos=\"up\">PEDAGOGO<\/span><\/td>\r\n<td class=\"cvagas\">03<\/td>\r\n<td class=\"cremuneracao\">R$ 4.379,96 \/40h<\/td>\r\n<\/tr><tr>\r\n<td class=\"ccargos\">\r\n<span data-balloon-length=\"medium\" aria-label=\"DIPLOMA de Gradua\u00e7\u00e3o Em Odontologia, expedido por institui\u00e7\u00e3o autorizada e igualmente reconhecida pelo Minist\u00e9rio da Educa\u00e7\u00e3o - MEC. Inscri\u00e7\u00e3o situa\u00e7\u00e3o regular no registro de classe competente.\" data-balloon-pos=\"up\">CIRURGI\u00c3O DENTISTA<\/span><\/td>\r\n<td class=\"cvagas\">11<\/td>\r\n<td class=\"cremuneracao\">R$ 4.942,00 \/40h<\/td>\r\n<\/tr><tr>\r\n<td class=\"ccargos\">\r\n<span data-balloon-length=\"medium\" aria-label=\"DIPLOMA de Gradua\u00e7\u00e3o em Enfermagem, expedido por institui\u00e7\u00e3o autorizada e igualmente reconhecida pelo Minist\u00e9rio da Educa\u00e7\u00e3o - MEC. Inscri\u00e7\u00e3o e situa\u00e7\u00e3o regular no registro de classe competente.\" data-balloon-pos=\"up\">ENFERMEIRO<\/span><\/td>\r\n<td class=\"cvagas\">26<\/td>\r\n<td class=\"cremuneracao\">R$ 4.750,00 \/44h<\/td>\r\n<\/tr><tr>\r\n<td class=\"ccargos\">\r\n<span data-balloon-length=\"medium\" aria-label=\"DIPLOMA de Gradua\u00e7\u00e3o em Farm\u00e1cia, expedido por institui\u00e7\u00e3o autorizada e igualmente reconhecida pelo Minist\u00e9rio da Educa\u00e7\u00e3o - MEC. Inscri\u00e7\u00e3o e situa\u00e7\u00e3o regular no registro de classe competente.\" data-balloon-pos=\"up\">FARMAC\u00caUTICO<\/span><\/td>\r\n<td class=\"cvagas\">05<\/td>\r\n<td class=\"cremuneracao\">R$ 4.942,00 \/40h<\/td>\r\n<\/tr><tr>\r\n<td class=\"ccargos\">\r\n<span data-balloon-length=\"medium\" aria-label=\"DIPLOMA de Gradua\u00e7\u00e3o em Bioqu\u00edmica, expedido por institui\u00e7\u00e3o autorizada e igualmente reconhecida pelo Minist\u00e9rio da Educa\u00e7\u00e3o - MEC. Inscri\u00e7\u00e3o e situa\u00e7\u00e3o regular no registro de classe competente.\" data-balloon-pos=\"up\">BIOQU\u00cdMICO<\/span><\/td>\r\n<td class=\"cvagas\">01<\/td>\r\n<td class=\"cremuneracao\">R$ 4.942,00 \/40h<\/td>\r\n<\/tr><tr>\r\n<td class=\"ccargos\">\r\n<span data-balloon-length=\"medium\" aria-label=\"DIPLOMA de Gradua\u00e7\u00e3o em Psicologia, expedido por institui\u00e7\u00e3o autorizada e igualmente reconhecida pelo Minist\u00e9rio da Educa\u00e7\u00e3o - MEC. Inscri\u00e7\u00e3o e situa\u00e7\u00e3o regular no registro de classe competente.\" data-balloon-pos=\"up\">PSIC\u00d3LOGO<\/span><\/td>\r\n<td class=\"cvagas\">07<\/td>\r\n<td class=\"cremuneracao\">R$ 4.942,00 \/40h<\/td>\r\n<\/tr><tr>\r\n<td class=\"ccargos\">\r\n<span data-balloon-length=\"medium\" aria-label=\"DIPLOMA de Gradua\u00e7\u00e3o em Nutri\u00e7\u00e3o, expedido por institui\u00e7\u00e3o autorizada e igualmente Reconhecida pelo Minist\u00e9rio da Educa\u00e7\u00e3o - MEC. Inscri\u00e7\u00e3o e situa\u00e7\u00e3o regular no registro de classe competente.\" data-balloon-pos=\"up\">NUTRICIONISTA<\/span><\/td>\r\n<td class=\"cvagas\">02<\/td>\r\n<td class=\"cremuneracao\">R$ 4.942,00 \/40h<\/td>\r\n<\/tr><tr>\r\n<td class=\"ccargos\">\r\n<span data-balloon-length=\"medium\" aria-label=\"DIPLOMA de Gradua\u00e7\u00e3o em Fisioterapia, expedido por institui\u00e7\u00e3o autorizada e igualmente reconhecida pelo Minist\u00e9rio da Educa\u00e7\u00e3o - MEC. Inscri\u00e7\u00e3o e situa\u00e7\u00e3o regular no registro de classe competente.\" data-balloon-pos=\"up\">FISIOTERAPEUTA<\/span><\/td>\r\n<td class=\"cvagas\">05<\/td>\r\n<td class=\"cremuneracao\">R$ 4.942,00 \/30h<\/td>\r\n<\/tr><tr>\r\n<td class=\"ccargos\">\r\n<span data-balloon-length=\"medium\" aria-label=\"DIPLOMA de Gradua\u00e7\u00e3o em Educa\u00e7\u00e3o F\u00edsica, expedido por institui\u00e7\u00e3o autorizada e igualmente reconhecida pelo Minist\u00e9rio da Educa\u00e7\u00e3o - MEC. Inscri\u00e7\u00e3o e situa\u00e7\u00e3o regular no registro de classe competente. Especialidade em sa\u00fade ou experi\u00eancia na \u00e1rea.\" data-balloon-pos=\"up\">PROF. DE EDUCA\u00c7\u00c3O F\u00cdSICA<\/span><\/td>\r\n<td class=\"cvagas\">01<\/td>\r\n<td class=\"cremuneracao\">R$ 4.942,00 \/40h<\/td>\r\n<\/tr><tr>\r\n<td class=\"ccargos\">\r\n<span data-balloon-length=\"medium\" aria-label=\"DIPLOMA de Gradua\u00e7\u00e3o em Terapia Ocupacional, expedido por institui\u00e7\u00e3o autorizada e igualmente reconhecida pelo Minist\u00e9rio da Educa\u00e7\u00e3o - MEC, Inscri\u00e7\u00e3o e situa\u00e7\u00e3o regular no registro de classe competente.\" data-balloon-pos=\"up\">TERAPEUTA OCUPACIONAL<\/span><\/td>\r\n<td class=\"cvagas\">01<\/td>\r\n<td class=\"cremuneracao\">R$ 4.942,00 \/30h<\/td>\r\n<\/tr><tr>\r\n<td class=\"ccargos\">\r\n<span data-balloon-length=\"medium\" aria-label=\"DIPLOMA de Gradua\u00e7\u00e3o em Fonoaudiologia, expedido por institui\u00e7\u00e3o autorizada e igualmente reconhecida pelo Minist\u00e9rio da Educa\u00e7\u00e3o - MEC, Inscri\u00e7\u00e3o e situa\u00e7\u00e3o regular no registro de classe competente.\" data-balloon-pos=\"up\">FONOAUDI\u00d3LOGO<\/span><\/td>\r\n<td class=\"cvagas\">01<\/td>\r\n<td class=\"cremuneracao\">R$ 4.942,00 \/40h<\/td>\r\n<\/tr><tr>\r\n<td class=\"ccargos\">\r\n<span data-balloon-length=\"medium\" aria-label=\"DIPLOMA de Gradua\u00e7\u00e3o em Biologia ou Ci\u00eancias Biol\u00f3gicas, expedido por institui\u00e7\u00e3o autorizada e igualmente reconhecida pelo Minist\u00e9rio da Educa\u00e7\u00e3o - MEC e Inscri\u00e7\u00e3o e situa\u00e7\u00e3o regular no registro de classe competente.\" data-balloon-pos=\"up\">BI\u00d3LOGO<\/span><\/td>\r\n<td class=\"cvagas\">01<\/td>\r\n<td class=\"cremuneracao\">R$ 4.942,00 \/40h<\/td>\r\n<\/tr><tr>\r\n<td class=\"ccargos\">\r\n<span data-balloon-length=\"medium\" aria-label=\"DIPLOMA de Gradua\u00e7\u00e3o em Agronomia, expedido por institui\u00e7\u00e3o autorizada e igualmente reconhecida pelo Minist\u00e9rio da Educa\u00e7\u00e3o - MEC e Inscri\u00e7\u00e3o e situa\u00e7\u00e3o regular no registro de classe competente.\" data-balloon-pos=\"up\">ENGENHEIRO AGR\u00d4NOMO<\/span><\/td>\r\n<td class=\"cvagas\">02<\/td>\r\n<td class=\"cremuneracao\">R$ 4.942,00 \/40h<\/td>\r\n<\/tr><tr>\r\n<td class=\"ccargos\">\r\n<span data-balloon-length=\"medium\" aria-label=\"DIPLOMA de Gradua\u00e7\u00e3o em Engenharia Florestal, expedido por institui\u00e7\u00e3o autorizada e igualmente reconhecida pelo Minist\u00e9rio da Educa\u00e7\u00e3o - MEC. Inscri\u00e7\u00e3o e situa\u00e7\u00e3o regular no registro de classe competente.\" data-balloon-pos=\"up\">ENGENHEIRO FLORESTAL<\/span><\/td>\r\n<td class=\"cvagas\">01<\/td>\r\n<td class=\"cremuneracao\">R$ 4.942,00 \/40h<\/td>\r\n<\/tr><tr>\r\n<td class=\"ccargos\">\r\n<span data-balloon-length=\"medium\" aria-label=\"DIPLOMA de Gradua\u00e7\u00e3o em Medicina Veterin\u00e1ria, expedido por institui\u00e7\u00e3o autorizada e igualmente reconhecida pelo Minist\u00e9rio da Educa\u00e7\u00e3o - MEC. Inscri\u00e7\u00e3o e situa\u00e7\u00e3o regular no registro de classe competente.\" data-balloon-pos=\"up\">M\u00c9DICO VETERIN\u00c1RIO<\/span><\/td>\r\n<td class=\"cvagas\">02<\/td>\r\n<td class=\"cremuneracao\">R$ 4.942,00 \/40h<\/td>\r\n<\/tr><tr>\r\n<td class=\"ccargos\">\r\n<span data-balloon-length=\"medium\" aria-label=\"DIPLOMA de Gradua\u00e7\u00e3o em Medicina, expedido por institui\u00e7\u00e3o autorizada e igualmente reconhecida pelo Minist\u00e9rio da Educa\u00e7\u00e3o - MEC. Inscri\u00e7\u00e3o e situa\u00e7\u00e3o regular no registro de classe competente. Especialidade em sa\u00fade mental ou experi\u00eancia na \u00e1rea.\" data-balloon-pos=\"up\">M\u00c9DICO<\/span><\/td>\r\n<td class=\"cvagas\">01<\/td>\r\n<td class=\"cremuneracao\">R$ 6.600,00 \/40h<\/td>\r\n<\/tr>\r\n    <\/tbody>\r\n  <\/table>\r\n<\/div>"},"_links":{"self":[{"href":"https:\/\/www.agrobase.com.br\/concursos\/wp-json\/wp\/v2\/posts\/275635","targetHints":{"allow":["GET"]}}],"collection":[{"href":"https:\/\/www.agrobase.com.br\/concursos\/wp-json\/wp\/v2\/posts"}],"about":[{"href":"https:\/\/www.agrobase.com.br\/concursos\/wp-json\/wp\/v2\/types\/post"}],"author":[{"embeddable":true,"href":"https:\/\/www.agrobase.com.br\/concursos\/wp-json\/wp\/v2\/users\/5229"}],"replies":[{"embeddable":true,"href":"https:\/\/www.agrobase.com.br\/concursos\/wp-json\/wp\/v2\/comments?post=275635"}],"version-history":[{"count":3,"href":"https:\/\/www.agrobase.com.br\/concursos\/wp-json\/wp\/v2\/posts\/275635\/revisions"}],"predecessor-version":[{"id":275706,"href":"https:\/\/www.agrobase.com.br\/concursos\/wp-json\/wp\/v2\/posts\/275635\/revisions\/275706"}],"wp:featuredmedia":[{"embeddable":true,"href":"https:\/\/www.agrobase.com.br\/concursos\/wp-json\/wp\/v2\/media\/275634"}],"wp:attachment":[{"href":"https:\/\/www.agrobase.com.br\/concursos\/wp-json\/wp\/v2\/media?parent=275635"}],"wp:term":[{"taxonomy":"category","embeddable":true,"href":"https:\/\/www.agrobase.com.br\/concursos\/wp-json\/wp\/v2\/categories?post=275635"},{"taxonomy":"post_tag","embeddable":true,"href":"https:\/\/www.agrobase.com.br\/concursos\/wp-json\/wp\/v2\/tags?post=275635"},{"taxonomy":"_amplo","embeddable":true,"href":"https:\/\/www.agrobase.com.br\/concursos\/wp-json\/wp\/v2\/_amplo?post=275635"},{"taxonomy":"destaque","embeddable":true,"href":"https:\/\/www.agrobase.com.br\/concursos\/wp-json\/wp\/v2\/destaque?post=275635"},{"taxonomy":"instituicoes","embeddable":true,"href":"https:\/\/www.agrobase.com.br\/concursos\/wp-json\/wp\/v2\/instituicoes?post=275635"}],"curies":[{"name":"wp","href":"https:\/\/api.w.org\/{rel}","templated":true}]}}