{"id":275631,"date":"2025-12-22T08:00:48","date_gmt":"2025-12-22T11:00:48","guid":{"rendered":"https:\/\/www.agrobase.com.br\/concursos\/?p=275631"},"modified":"2025-12-21T22:52:01","modified_gmt":"2025-12-22T01:52:01","slug":"prefeitura-acailandia-ma-selecao-simplificada-01-2025","status":"publish","type":"post","link":"https:\/\/www.agrobase.com.br\/concursos\/2025\/prefeitura-acailandia-ma-selecao-simplificada-01-2025\/","title":{"rendered":"Prefeitura A\u00e7ail\u00e2ndia (MA) &#8211; Sele\u00e7\u00e3o Simplificada 01\/2025"},"content":{"rendered":"<h2>Informa\u00e7\u00f5es Gerais<\/h2>\n<p>A <strong>Prefeitura de A\u00e7ail\u00e2ndia<\/strong>, no estado do Maranh\u00e3o, por meio da Secretaria Municipal de Educa\u00e7\u00e3o (SME), publicou o edital de um novo <strong>Processo Seletivo Simplificado<\/strong>. O certame visa a forma\u00e7\u00e3o de <strong>cadastro de reserva<\/strong> para contrata\u00e7\u00e3o tempor\u00e1ria de profissionais, com o objetivo de suprir demandas de excepcional interesse p\u00fablico na rede municipal de ensino.<\/p>\n<p>As oportunidades contemplam candidatos com n\u00edveis de escolaridade <strong>Fundamental, M\u00e9dio, T\u00e9cnico e Superior<\/strong>. Os aprovados ser\u00e3o contratados sob regime administrativo tempor\u00e1rio, com contratos de at\u00e9 11 meses, podendo ser prorrogados por igual per\u00edodo. As remunera\u00e7\u00f5es variam de acordo com o cargo, podendo chegar a <strong>R$ 4.742,08<\/strong> para fun\u00e7\u00f5es especializadas.<\/p>\n<p>A sele\u00e7\u00e3o abrange diversos setores de apoio e doc\u00eancia, incluindo vagas para Professores, Motoristas, Auxiliares de Servi\u00e7os Gerais e profissionais de sa\u00fade e terapia no ambiente escolar. Merece destaque a oferta de oportunidade para a \u00e1rea de <strong>Nutri\u00e7\u00e3o<\/strong>, al\u00e9m de cargos como Fonoaudi\u00f3logo, Terapeuta Ocupacional e Psic\u00f3logo. Confira a seguir os detalhes sobre prazos, isen\u00e7\u00e3o de taxas e etapas de avalia\u00e7\u00e3o.<\/p>\n<h2>Inscri\u00e7\u00f5es<\/h2>\n<p>As inscri\u00e7\u00f5es para o Processo Seletivo de A\u00e7ail\u00e2ndia s\u00e3o <strong>gratuitas<\/strong>, n\u00e3o havendo cobran\u00e7a de taxa para nenhum dos cargos ofertados. O procedimento deve ser realizado exclusivamente pela internet, atrav\u00e9s do site oficial da organizadora, entre os dias <strong>05 e 09 de janeiro de 2026<\/strong>.<\/p>\n<p>Para efetivar a participa\u00e7\u00e3o, o candidato deve preencher o formul\u00e1rio online e anexar, obrigatoriamente, c\u00f3pias digitais leg\u00edveis (em formato PDF) dos documentos exigidos no edital, tais como:<\/p>\n<ul>\n<li>Documento de Identidade (RG, CNH com foto, etc.) e CPF;<\/li>\n<li>T\u00edtulo de Eleitor com comprovante de quita\u00e7\u00e3o eleitoral;<\/li>\n<li>Comprovantes dos Requisitos B\u00e1sicos para o cargo pleiteado (diplomas, certificados, etc.).<\/li>\n<\/ul>\n<p>\u00c9 importante ressaltar que ser\u00e1 aceita apenas uma inscri\u00e7\u00e3o por candidato; caso haja duplicidade, ser\u00e1 considerada v\u00e1lida a mais recente. Ap\u00f3s a finaliza\u00e7\u00e3o, n\u00e3o \u00e9 permitido alterar a op\u00e7\u00e3o de cargo. Recomendamos a leitura atenta do edital completo para conferir a lista detalhada de documentos necess\u00e1rios para a valida\u00e7\u00e3o do cadastro.<\/p>\n<h2>Etapas e Provas<\/h2>\n<p>A sele\u00e7\u00e3o dos candidatos ser\u00e1 realizada, majoritariamente, por meio de <strong>Avalia\u00e7\u00e3o Curricular de T\u00edtulos e Experi\u00eancia Profissional<\/strong>, de car\u00e1ter eliminat\u00f3rio e classificat\u00f3rio. A pontua\u00e7\u00e3o considerar\u00e1 a forma\u00e7\u00e3o acad\u00eamica, cursos de qualifica\u00e7\u00e3o e o tempo de servi\u00e7o na \u00e1rea pleiteada (seja na administra\u00e7\u00e3o p\u00fablica ou iniciativa privada).<\/p>\n<p>Para o cargo espec\u00edfico de <strong>Int\u00e9rprete de L\u00edngua Brasileira de Sinais (Libras)<\/strong>, haver\u00e1 uma etapa adicional de <strong>Prova Pr\u00e1tica<\/strong>, tamb\u00e9m de car\u00e1ter eliminat\u00f3rio e classificat\u00f3rio. Esta etapa visa avaliar as habilidades de tradu\u00e7\u00e3o e interpreta\u00e7\u00e3o e ser\u00e1 composta por:<\/p>\n<ul>\n<li><strong>Atividade 1:<\/strong> Apresenta\u00e7\u00e3o e identifica\u00e7\u00e3o pessoal em Libras (at\u00e9 2 minutos);<\/li>\n<li><strong>Atividade 2:<\/strong> Interpreta\u00e7\u00e3o simult\u00e2nea de v\u00eddeo (Portugu\u00eas oral para Libras);<\/li>\n<li><strong>Atividade 3:<\/strong> Tradu\u00e7\u00e3o simult\u00e2nea de v\u00eddeo (Libras para Portugu\u00eas oral);<\/li>\n<li><strong>Leitura e Narrativa:<\/strong> Leitura de texto em Portugu\u00eas e narrativa em Libras.<\/li>\n<\/ul>\n<p>A Prova Pr\u00e1tica valer\u00e1 100 pontos, sendo necess\u00e1rio obter no m\u00ednimo 70 pontos para habilita\u00e7\u00e3o. Para os demais cargos, a classifica\u00e7\u00e3o ser\u00e1 definida exclusivamente pelo somat\u00f3rio dos pontos da an\u00e1lise curricular. Consulte o edital para visualizar as tabelas de pontua\u00e7\u00e3o detalhadas para cada n\u00edvel de escolaridade.<\/p>\n<h2>Resultados e Gabarito<\/h2>\n<p>O cronograma prev\u00ea a divulga\u00e7\u00e3o do <strong>Resultado Preliminar<\/strong> para o dia <strong>21 de janeiro de 2026<\/strong>. Os candidatos que desejarem interpor recursos contra o resultado preliminar ter\u00e3o o prazo de 48 horas (dias 22 e 23 de janeiro), devendo faz\u00ea-lo exclusivamente pelo site da sele\u00e7\u00e3o.<\/p>\n<p>Em caso de empate na classifica\u00e7\u00e3o final, ser\u00e3o aplicados os seguintes crit\u00e9rios de desempate, nesta ordem:<\/p>\n<ul>\n<li>Maior pontua\u00e7\u00e3o nos T\u00edtulos apresentados;<\/li>\n<li>Maior pontua\u00e7\u00e3o na Experi\u00eancia Profissional;<\/li>\n<li>Maior pontua\u00e7\u00e3o na Qualifica\u00e7\u00e3o Profissional;<\/li>\n<li>Candidato com maior idade;<\/li>\n<li>Sorteio (se persistir o empate).<\/li>\n<\/ul>\n<p>A <strong>Homologa\u00e7\u00e3o do Resultado Final<\/strong> est\u00e1 prevista para ser publicada em <strong>30 de janeiro de 2026<\/strong>. O certame ter\u00e1 validade de 01 (um) ano, podendo ser prorrogado por igual per\u00edodo. Lembramos que \u00e9 de inteira responsabilidade do candidato acompanhar todas as publica\u00e7\u00f5es, convoca\u00e7\u00f5es e avisos oficiais no site da banca organizadora e no Di\u00e1rio Oficial do Munic\u00edpio.<\/p>\n","protected":false},"excerpt":{"rendered":"<p>Proc. Seletivo Pref. A\u00e7ail\u00e2ndia (MA) com edital publicado! Vagas p\/ Professor e Int\u00e9rprete (Fund. a Sup.). Inscri\u00e7\u00f5es a partir de 05\/01. Confira detalhes!<\/p>\n","protected":false},"author":5229,"featured_media":275630,"comment_status":"open","ping_status":"open","sticky":false,"template":"","format":"standard","meta":{"_acf_changed":false,"_breakdance_hide_in_design_set":false,"_breakdance_tags":"","footnotes":""},"categories":[6433,6434,6436,19,111,100,20,6871,116,23,25,26,6435,130,134],"tags":[49],"_amplo":[],"destaque":[],"instituicoes":[],"class_list":["post-275631","post","type-post","status-publish","format-standard","has-post-thumbnail","hentry","category-biologia-licenciatura","category-educacao-fisica-licenciatura","category-fisica-licenciatura","category-fonoaudiologia","category-geografia","category-historia","category-letras","category-letras-ingles","category-matematica","category-nutricao","category-pedagogia","category-psicologia","category-quimica-licenciatura","category-tecnico-informatica","category-terapia-ocupacional","tag-maranhao"],"acf":{"_tipo_vagas":"vagas","_numero_vagas":"","_quadro_vagas":"","_cargos":"diversos","_cargos_especificos":"","_salario_max":"R$ 4742.08","_abertura":"20260105","_encerramento":"20260109","_inscricoes":"https:\/\/seletivo.novabit.com.br\/sme\/2026\/","_executora_concurso":"","_instituicao_concurso":[],"_link_adicional":null,"_anexos":null,"_produtos":null,"_vagas":"CR","_salario_min":"R$ 1747,08","_instituicao":"Prefeitura de A\u00e7ail\u00e2ndia","_edital":"https:\/\/www.agrobase.com.br\/concursos\/wp-content\/uploads\/sites\/4\/2025\/12\/edital-01-2025-prefeitura-de-acailandia-ma.pdf","_anexos_edital":"","_fund_incompleto":"","_fund_completo":"<div>\r\n<table class=\"quadro\">\r\n<thead>\r\n<tr>\r\n<th class=\"hcargo\">Cargo<\/th>\r\n<th class=\"hvagas\">Vagas<\/th>\r\n<th class=\"hremuneracao\">Remunera\u00e7\u00e3o<\/th>\r\n<\/tr>\r\n<\/thead>\r\n    <tbody>\r\n      <td class=\"ccargos\">\r\n<span data-balloon-length=\"medium\" aria-label=\"Curso de N\u00edvel Fundamental Completo, cursado em institui\u00e7\u00e3o de ensino autorizada de acordo com a legisla\u00e7\u00e3o em vigor. Idade: 21 anos ou mais. Habilita\u00e7\u00e3o: Categoria D ou E. Curso especializado: Aprova\u00e7\u00e3o em curso de forma\u00e7\u00e3o para condutores de transporte escolar, com validade de 5 anos. Antecedentes criminais: Certid\u00e3o negativa para crimes como homic\u00eddio, roubo, estupro e corrup\u00e7\u00e3o de menores. Hist\u00f3rico de multas: N\u00e3o ter cometido mais de uma infra\u00e7\u00e3o grav\u00edssima nos \u00faltimos 12 meses. Situa\u00e7\u00e3o da CNH: N\u00e3o estar com o direito de dirigir suspenso ou cassado, e n\u00e3o ter impedimento judicial para exercer a profiss\u00e3o. Exames: Aprova\u00e7\u00e3o em exames psicot\u00e9cnicos espec\u00edficos para transporte de alunos.\" data-balloon-pos=\"up\">MOTORISTA DE TRANSPORTE ESCOLAR<\/span><\/td>\r\n<td class=\"cvagas\">CR<\/td>\r\n<td class=\"cremuneracao\">R$ 2.647,00 \/40h<\/td>\r\n<\/tr><td class=\"ccargos\">\r\n<span data-balloon-length=\"medium\" aria-label=\"Curso de N\u00edvel Fundamental Completo, cursado em institui\u00e7\u00e3o de ensino autorizada de acordo com a legisla\u00e7\u00e3o em vigor.\" data-balloon-pos=\"up\">AUXILIAR DE SERVI\u00c7OS GERAIS\/PORTARIA<\/span><\/td>\r\n<td class=\"cvagas\">CR<\/td>\r\n<td class=\"cremuneracao\">R$ 0,00 \/40h<\/td>\r\n<\/tr><td class=\"ccargos\">\r\n<span data-balloon-length=\"medium\" aria-label=\"Curso de N\u00edvel Fundamental Completo, cursado em institui\u00e7\u00e3o de ensino autorizada de acordo com a legisla\u00e7\u00e3o em vigor + Curso Profissionalizante na \u00e1rea pretendida.\" data-balloon-pos=\"up\">AUXILIAR DE SERVI\u00c7OS GERAIS\/MERENDEIRA<\/span><\/td>\r\n<td class=\"cvagas\">CR<\/td>\r\n<td class=\"cremuneracao\">R$ 0,00 \/40h<\/td>\r\n<\/tr><td class=\"ccargos\">\r\n<span data-balloon-length=\"medium\" aria-label=\"Curso de N\u00edvel Fundamental Completo, cursado em institui\u00e7\u00e3o de ensino autorizada de acordo com a legisla\u00e7\u00e3o em vigor + Curso Profissionalizante na \u00e1rea pretendida.\" data-balloon-pos=\"up\">AUXILIAR DE SERVI\u00c7OS GERAIS\/SERVI\u00c7OS GERAIS<\/span><\/td>\r\n<td class=\"cvagas\">CR<\/td>\r\n<td class=\"cremuneracao\">R$ 0,00 \/40h<\/td>\r\n<\/tr>\r\n    <\/tbody>\r\n  <\/table>\r\n<\/div>","_medio":"<div>\r\n<table class=\"quadro\">\r\n<thead>\r\n<tr>\r\n<th class=\"hcargo\">Cargo<\/th>\r\n<th class=\"hvagas\">Vagas<\/th>\r\n<th class=\"hremuneracao\">Remunera\u00e7\u00e3o<\/th>\r\n<\/tr>\r\n<\/thead>\r\n    <tbody>\r\n      <td class=\"ccargos\">\r\n<span data-balloon-length=\"medium\" aria-label=\"Curso de N\u00edvel M\u00e9dio Completo, devidamente registrado pelo \u00f3rg\u00e3o competente + Curso T\u00e9cnico em Inform\u00e1tica.\" data-balloon-pos=\"up\">T\u00c9CNICO DE LABORAT\u00d3RIO DE INFORM\u00c1TICA<\/span><\/td>\r\n<td class=\"cvagas\">CR<\/td>\r\n<td class=\"cremuneracao\">R$ 1.747,08 \/40h<\/td>\r\n<\/tr><td class=\"ccargos\">\r\n<span data-balloon-length=\"medium\" aria-label=\"Curso de N\u00edvel M\u00e9dio Completo, devidamente registrado pelo \u00f3rg\u00e3o competente.\" data-balloon-pos=\"up\">PROFISSIONAL DE APOIO ESCOLAR\/AGENTE DE INCLUS\u00c3O<\/span><\/td>\r\n<td class=\"cvagas\">CR<\/td>\r\n<td class=\"cremuneracao\">R$ 1.747,08 \/40h<\/td>\r\n<\/tr><td class=\"ccargos\">\r\n<span data-balloon-length=\"medium\" aria-label=\"Curso de N\u00edvel M\u00e9dio Completo, devidamente registrado pelo \u00f3rg\u00e3o competente.\" data-balloon-pos=\"up\">PROFISSIONAL DE APOIO E TRANSPORTE ESCOLAR\/MONITOR<\/span><\/td>\r\n<td class=\"cvagas\">CR<\/td>\r\n<td class=\"cremuneracao\">R$ 1.747,08 \/40h<\/td>\r\n<\/tr><td class=\"ccargos\">\r\n<span data-balloon-length=\"medium\" aria-label=\"Curso de N\u00edvel M\u00e9dio, devidamente registrado pelo \u00f3rg\u00e3o competente, e Certificado de Curso de Libras de no m\u00ednimo 120 horas, devidamente registrado, fornecido por institui\u00e7\u00e3o reconhecida.\" data-balloon-pos=\"up\">INT\u00c9RPRETE DE L\u00cdNGUA BRASILEIRA DE SINAIS<\/span><\/td>\r\n<td class=\"cvagas\">CR<\/td>\r\n<td class=\"cremuneracao\">R$ 0,00 \/20h<\/td>\r\n<\/tr><td class=\"ccargos\">\r\n<span data-balloon-length=\"medium\" aria-label=\"Curso de N\u00edvel M\u00e9dio Completo, devidamente registrado pelo \u00f3rg\u00e3o competente.\" data-balloon-pos=\"up\">PROFISSIONAL DE APOIO ESCOLAR\/AUXILIAR DE EDUCA\u00c7\u00c3O INFANTIL<\/span><\/td>\r\n<td class=\"cvagas\">CR<\/td>\r\n<td class=\"cremuneracao\">R$ 1.747,08 \/40h<\/td>\r\n<\/tr><td class=\"ccargos\">\r\n<span data-balloon-length=\"medium\" aria-label=\"Curso de N\u00edvel M\u00e9dio Completo, devidamente registrado pelo \u00f3rg\u00e3o competente.\" data-balloon-pos=\"up\">PROFISSIONAL DE APOIO ESCOLAR\/APOIO ADMINISTRATIVO<\/span><\/td>\r\n<td class=\"cvagas\">CR<\/td>\r\n<td class=\"cremuneracao\">R$ 1.747,08 \/40h<\/td>\r\n<\/tr>\r\n    <\/tbody>\r\n  <\/table>\r\n<\/div>","_superior":"<div>\r\n<table class=\"quadro\">\r\n<thead>\r\n<tr>\r\n<th class=\"hcargo\">Cargo<\/th>\r\n<th class=\"hvagas\">Vagas<\/th>\r\n<th class=\"hremuneracao\">Remunera\u00e7\u00e3o<\/th>\r\n<\/tr>\r\n<\/thead>\r\n    <tbody>\r\n      <tr>\r\n<td class=\"ccargos\">\r\n<span data-balloon-length=\"medium\" aria-label=\"Comprovante de Curso Superior de Licenciatura em Pedagogia ou Licenciatura nas S\u00e9ries Iniciais do Ensino Fundamental devidamente reconhecido pelo MEC. Ou Comprovante de Curso Superior de Licenciatura em Pedagogia ou Licenciatura nas S\u00e9ries Iniciais do Ensino Fundamental desde que j\u00e1 tenha cursado no m\u00ednimo 50% da Carga Hor\u00e1ria, devidamente comprovado com declara\u00e7\u00e3o da institui\u00e7\u00e3o, acompanhado do Hist\u00f3rico Escolar, devidamente reconhecido pelo MEC.\" data-balloon-pos=\"up\">PROFESSOR DE EDUCA\u00c7\u00c3O INFANTIL<\/span><\/td>\r\n<td class=\"cvagas\">CR<\/td>\r\n<td class=\"cremuneracao\">R$ 0,00 \/40h<\/td>\r\n<\/tr><tr>\r\n<td class=\"ccargos\">\r\n<span data-balloon-length=\"medium\" aria-label=\"Comprovante de Curso Superior de Licenciatura em Pedagogia ou Licenciatura nas S\u00e9ries Iniciais do Ensino Fundamental devidamente reconhecido pelo MEC. Ou Comprovante de Curso Superior de Licenciatura em Pedagogia ou Licenciatura nas S\u00e9ries Iniciais do Ensino Fundamental desde que j\u00e1 tenha cursado no m\u00ednimo 50% da Carga Hor\u00e1ria, devidamente comprovado com declara\u00e7\u00e3o da institui\u00e7\u00e3o, acompanhado do Hist\u00f3rico Escolar, devidamente reconhecido pelo MEC.\" data-balloon-pos=\"up\">PROFESSOR DE 1\u00ba E 2\u00ba ANO \u2013 CICLO DE ALFABETIZA\u00c7\u00c3O<\/span><\/td>\r\n<td class=\"cvagas\">CR<\/td>\r\n<td class=\"cremuneracao\">R$ 0,00 \/40h<\/td>\r\n<\/tr><tr>\r\n<td class=\"ccargos\">\r\n<span data-balloon-length=\"medium\" aria-label=\"Comprovante de Curso Superior de Licenciatura em Pedagogia ou Licenciatura nas S\u00e9ries Iniciais do Ensino Fundamental devidamente reconhecido pelo MEC. Ou Comprovante de Curso Superior de Licenciatura em Pedagogia ou Licenciatura nas S\u00e9ries Iniciais do Ensino Fundamental desde que j\u00e1 tenha cursado no m\u00ednimo 50% da Carga Hor\u00e1ria, devidamente comprovado com declara\u00e7\u00e3o da institui\u00e7\u00e3o, acompanhado do Hist\u00f3rico Escolar, devidamente reconhecido pelo MEC.\" data-balloon-pos=\"up\">PROFESSOR DE 3\u00ba AO 5\u00ba ANO<\/span><\/td>\r\n<td class=\"cvagas\">CR<\/td>\r\n<td class=\"cremuneracao\">R$ 0,00 \/40h<\/td>\r\n<\/tr><tr>\r\n<td class=\"ccargos\">\r\n<span data-balloon-length=\"medium\" aria-label=\"Curso Superior de Licenciatura na \u00e1rea espec\u00edfica para a qual est\u00e1 concorrendo, devidamente reconhecido pelo MEC. Ou Curso Superior de Licenciatura na \u00e1rea afim da disciplina a que est\u00e1 concorrendo ou Licenciatura. Ou Curso Superior desde que acompanhado de certificado de Complementa\u00e7\u00e3o Pedag\u00f3gica obtido em Programa de Forma\u00e7\u00e3o Pedag\u00f3gica com habilita\u00e7\u00e3o na disciplina a que est\u00e1 concorrendo, devidamente reconhecido pelo MEC. Ou Curso Superior de Licenciatura na \u00e1rea espec\u00edfica ou afim, desde que j\u00e1 tenha cursado no m\u00ednimo 50% da Carga Hor\u00e1ria, devidamente comprovado com declara\u00e7\u00e3o da institui\u00e7\u00e3o, acompanhado do Hist\u00f3rico Escolar, devidamente reconhecido pelo MEC.\" data-balloon-pos=\"up\">PROFESSOR DE 6\u00ba AO 9\u00ba ANO (L\u00cdNGUA PORTUGUESA, L\u00cdNGUA INGLESA, EDUCA\u00c7\u00c3O F\u00cdSICA, MATEM\u00c1TICA, CI\u00caNCIAS, HIST\u00d3RIA E GEOGRAFIA).<\/span><\/td>\r\n<td class=\"cvagas\">CR<\/td>\r\n<td class=\"cremuneracao\">R$ 0,00 \/40h<\/td>\r\n<\/tr><tr>\r\n<td class=\"ccargos\">\r\n<span data-balloon-length=\"medium\" aria-label=\"Curso Superior, fornecido por institui\u00e7\u00e3o reconhecida pelo Minist\u00e9rio da Educa\u00e7\u00e3o (MEC) e certificado de conclus\u00e3o de curso de atendente terap\u00eautico.\" data-balloon-pos=\"up\">ATENDENTE TERAP\u00caUTICO<\/span><\/td>\r\n<td class=\"cvagas\">CR<\/td>\r\n<td class=\"cremuneracao\">R$ 4.390,82 \/40h<\/td>\r\n<\/tr><tr>\r\n<td class=\"ccargos\">\r\n<span data-balloon-length=\"medium\" aria-label=\"Gradua\u00e7\u00e3o de N\u00edvel Superior Completo em Fonoaudiologia e registro no conselho de Classe.\" data-balloon-pos=\"up\">FONOAUDI\u00d3LOGO<\/span><\/td>\r\n<td class=\"cvagas\">CR<\/td>\r\n<td class=\"cremuneracao\">R$ 4.390,82 \/40h<\/td>\r\n<\/tr><tr>\r\n<td class=\"ccargos\">\r\n<span data-balloon-length=\"medium\" aria-label=\"Gradua\u00e7\u00e3o de N\u00edvel Superior Completo em Nutri\u00e7\u00e3o e registro no conselho de Classe.\" data-balloon-pos=\"up\">NUTRICIONISTA<\/span><\/td>\r\n<td class=\"cvagas\">CR<\/td>\r\n<td class=\"cremuneracao\">R$ 0,00 \/40h<\/td>\r\n<\/tr><tr>\r\n<td class=\"ccargos\">\r\n<span data-balloon-length=\"medium\" aria-label=\"Licenciatura em Educa\u00e7\u00e3o ou de gradua\u00e7\u00e3o em Pedagogia e certificado de conclus\u00e3o de curso de p\u00f3s-gradua\u00e7\u00e3o em Neuropsicopedagogia, fornecido por institui\u00e7\u00e3o reconhecida pelo Minist\u00e9rio de Educa\u00e7\u00e3o e Cultura (MEC)\" data-balloon-pos=\"up\">PSICOMOTRICISTA<\/span><\/td>\r\n<td class=\"cvagas\">CR<\/td>\r\n<td class=\"cremuneracao\">R$ 4.742,08 \/40h<\/td>\r\n<\/tr><tr>\r\n<td class=\"ccargos\">\r\n<span data-balloon-length=\"medium\" aria-label=\"Gradua\u00e7\u00e3o em Musicoterapia, ou Gradua\u00e7\u00e3o na \u00c1rea da Educa\u00e7\u00e3o + Especializa\u00e7\u00e3o em Musicoterapia, ou Gradua\u00e7\u00e3o Psicologia + Especializa\u00e7\u00e3o em Musicoterapia, fornecido por institui\u00e7\u00e3o reconhecida pelo Minist\u00e9rio de Educa\u00e7\u00e3o e Cultura (MEC).\" data-balloon-pos=\"up\">MUSICOTERAPEUTA<\/span><\/td>\r\n<td class=\"cvagas\">CR<\/td>\r\n<td class=\"cremuneracao\">R$ 4.742,08 \/40h<\/td>\r\n<\/tr><tr>\r\n<td class=\"ccargos\">\r\n<span data-balloon-length=\"medium\" aria-label=\"Gradua\u00e7\u00e3o em Psicologia, fornecido por institui\u00e7\u00e3o reconhecida pelo Minist\u00e9rio de Educa\u00e7\u00e3o e Cultura (MEC) e Registro no Conselho Regional de Psicologia - CRP.\" data-balloon-pos=\"up\">PSIC\u00d3LOGO<\/span><\/td>\r\n<td class=\"cvagas\">CR<\/td>\r\n<td class=\"cremuneracao\">R$ 0,00 \/40h<\/td>\r\n<\/tr><tr>\r\n<td class=\"ccargos\">\r\n<span data-balloon-length=\"medium\" aria-label=\"Curso Superior em Terapia Ocupacional e registro no conselho de classe.\" data-balloon-pos=\"up\">TERAPEUTA OCUPACIONAL<\/span><\/td>\r\n<td class=\"cvagas\">CR<\/td>\r\n<td class=\"cremuneracao\">R$ 0,00 \/40h<\/td>\r\n<\/tr><tr>\r\n<td class=\"ccargos\">\r\n<span data-balloon-length=\"medium\" aria-label=\"Gradua\u00e7\u00e3o em Pedagogia, fornecida por institui\u00e7\u00e3o reconhecida pelo MEC, e certifica\u00e7\u00e3o de especializa\u00e7\u00e3o na \u00e1rea de Educa\u00e7\u00e3o Especial, com \u00eanfase em Defici\u00eancia Visual e no ensino do Sistema Braille.\" data-balloon-pos=\"up\">PROFESSOR DE BRAILE<\/span><\/td>\r\n<td class=\"cvagas\">CR<\/td>\r\n<td class=\"cremuneracao\">R$ 0,00 \/40h<\/td>\r\n<\/tr><tr>\r\n<td class=\"ccargos\">\r\n<span data-balloon-length=\"medium\" aria-label=\"Gradua\u00e7\u00e3o em Pedagogia, fornecido por institui\u00e7\u00e3o reconhecida pelo MEC e certificado de especializa\u00e7\u00e3o na \u00e1rea da Educa\u00e7\u00e3o Especial\/AEE.\" data-balloon-pos=\"up\">PROFESSOR DE AEE<\/span><\/td>\r\n<td class=\"cvagas\">CR<\/td>\r\n<td class=\"cremuneracao\">R$ 0,00 \/40h<\/td>\r\n<\/tr>\r\n    <\/tbody>\r\n  <\/table>\r\n<\/div>"},"_links":{"self":[{"href":"https:\/\/www.agrobase.com.br\/concursos\/wp-json\/wp\/v2\/posts\/275631","targetHints":{"allow":["GET"]}}],"collection":[{"href":"https:\/\/www.agrobase.com.br\/concursos\/wp-json\/wp\/v2\/posts"}],"about":[{"href":"https:\/\/www.agrobase.com.br\/concursos\/wp-json\/wp\/v2\/types\/post"}],"author":[{"embeddable":true,"href":"https:\/\/www.agrobase.com.br\/concursos\/wp-json\/wp\/v2\/users\/5229"}],"replies":[{"embeddable":true,"href":"https:\/\/www.agrobase.com.br\/concursos\/wp-json\/wp\/v2\/comments?post=275631"}],"version-history":[{"count":3,"href":"https:\/\/www.agrobase.com.br\/concursos\/wp-json\/wp\/v2\/posts\/275631\/revisions"}],"predecessor-version":[{"id":275710,"href":"https:\/\/www.agrobase.com.br\/concursos\/wp-json\/wp\/v2\/posts\/275631\/revisions\/275710"}],"wp:featuredmedia":[{"embeddable":true,"href":"https:\/\/www.agrobase.com.br\/concursos\/wp-json\/wp\/v2\/media\/275630"}],"wp:attachment":[{"href":"https:\/\/www.agrobase.com.br\/concursos\/wp-json\/wp\/v2\/media?parent=275631"}],"wp:term":[{"taxonomy":"category","embeddable":true,"href":"https:\/\/www.agrobase.com.br\/concursos\/wp-json\/wp\/v2\/categories?post=275631"},{"taxonomy":"post_tag","embeddable":true,"href":"https:\/\/www.agrobase.com.br\/concursos\/wp-json\/wp\/v2\/tags?post=275631"},{"taxonomy":"_amplo","embeddable":true,"href":"https:\/\/www.agrobase.com.br\/concursos\/wp-json\/wp\/v2\/_amplo?post=275631"},{"taxonomy":"destaque","embeddable":true,"href":"https:\/\/www.agrobase.com.br\/concursos\/wp-json\/wp\/v2\/destaque?post=275631"},{"taxonomy":"instituicoes","embeddable":true,"href":"https:\/\/www.agrobase.com.br\/concursos\/wp-json\/wp\/v2\/instituicoes?post=275631"}],"curies":[{"name":"wp","href":"https:\/\/api.w.org\/{rel}","templated":true}]}}