{"id":275618,"date":"2025-12-19T07:40:25","date_gmt":"2025-12-19T10:40:25","guid":{"rendered":"https:\/\/www.agrobase.com.br\/concursos\/?p=275618"},"modified":"2025-12-18T18:19:23","modified_gmt":"2025-12-18T21:19:23","slug":"prefeitura-guaraniacu-pr-concurso-302-2025","status":"publish","type":"post","link":"https:\/\/www.agrobase.com.br\/concursos\/2025\/prefeitura-guaraniacu-pr-concurso-302-2025\/","title":{"rendered":"Prefeitura Guarania\u00e7u (PR) &#8211; Concurso 302\/2025"},"content":{"rendered":"<h2>Informa\u00e7\u00f5es Gerais<\/h2>\n<p>O <strong>Munic\u00edpio de Guarania\u00e7u<\/strong>, no estado do Paran\u00e1, publicou o edital n\u00ba 001\/2025 para a realiza\u00e7\u00e3o de um novo Concurso P\u00fablico. O certame \u00e9 organizado pela Universidade Estadual do Oeste do Paran\u00e1 (UNIOESTE\/COGEPS) e visa o provimento de <strong>51 vagas imediatas<\/strong>, al\u00e9m da forma\u00e7\u00e3o de cadastro reserva, para cargos de n\u00edveis fundamental, m\u00e9dio, t\u00e9cnico e superior.<\/p>\n<p>As oportunidades abrangem o regime estatut\u00e1rio, garantindo estabilidade ao servidor ap\u00f3s o est\u00e1gio probat\u00f3rio. A remunera\u00e7\u00e3o inicial varia entre <strong>R$ 1.617,80 e R$ 7.151,75<\/strong>, a depender do cargo e da carga hor\u00e1ria. Entre as diversas \u00e1reas contempladas, destacam-se oportunidades para profissionais de <strong>Engenharia Florestal<\/strong> e <strong>Nutri\u00e7\u00e3o<\/strong>, al\u00e9m de cargos administrativos, operacionais, de sa\u00fade e educa\u00e7\u00e3o.<\/p>\n<p>Se voc\u00ea busca uma oportunidade no servi\u00e7o p\u00fablico paranaense, confira a seguir os detalhes sobre prazos, etapas e requisitos deste processo seletivo.<\/p>\n<h2>Inscri\u00e7\u00f5es<\/h2>\n<p>As inscri\u00e7\u00f5es para o Concurso de Guarania\u00e7u devem ser realizadas exclusivamente pela internet, no site da banca organizadora <strong>UNIOESTE\/COGEPS<\/strong>. O per\u00edodo para cadastro inicia-se em <strong>25 de novembro de 2025<\/strong> e segue aberto at\u00e9 o dia <strong>9 de janeiro de 2026<\/strong>.<\/p>\n<p>Para efetivar a participa\u00e7\u00e3o, o candidato deve preencher o formul\u00e1rio online e emitir a guia de recolhimento. O pagamento da taxa de inscri\u00e7\u00e3o deve ser efetuado at\u00e9 a data de vencimento expressa no boleto, preferencialmente no Banco do Brasil ou agentes credenciados. \u00c9 fundamental que o candidato verifique se o pagamento foi processado e n\u00e3o apenas agendado.<\/p>\n<p>Haver\u00e1 possibilidade de isen\u00e7\u00e3o da taxa para candidatos que se enquadrem nos requisitos legais previstos no edital (como doadores de medula \u00f3ssea, eleitores convocados pela Justi\u00e7a Eleitoral, entre outros previstos na legisla\u00e7\u00e3o municipal), devendo o pedido ser protocolado dentro do prazo espec\u00edfico estipulado no cronograma oficial.<\/p>\n<p>Recomenda-se a leitura atenta do edital completo para conferir os valores das taxas correspondentes a cada n\u00edvel de escolaridade e as regras detalhadas para a solicita\u00e7\u00e3o de isen\u00e7\u00e3o.<\/p>\n<h2>Etapas e Provas<\/h2>\n<p>O processo seletivo ser\u00e1 composto por diferentes etapas, variando conforme o cargo pretendido. A etapa comum a todos os candidatos \u00e9 a <strong>Prova Objetiva<\/strong>, de car\u00e1ter eliminat\u00f3rio e classificat\u00f3rio.<\/p>\n<p>A <strong>Prova Objetiva<\/strong> est\u00e1 prevista para ser aplicada no dia <strong>08 de fevereiro de 2026<\/strong>. Ela ser\u00e1 composta por 40 quest\u00f5es de m\u00faltipla escolha, distribu\u00eddas entre as seguintes disciplinas:<\/p>\n<ul>\n<li>L\u00edngua Portuguesa;<\/li>\n<li>Matem\u00e1tica e Racioc\u00ednio L\u00f3gico;<\/li>\n<li>Inform\u00e1tica;<\/li>\n<li>Conhecimentos Gerais e Legisla\u00e7\u00e3o;<\/li>\n<li>Conhecimentos Espec\u00edficos (com maior peso na pontua\u00e7\u00e3o).<\/li>\n<\/ul>\n<p>Al\u00e9m da etapa objetiva, haver\u00e1 fases espec\u00edficas para determinados cargos:<\/p>\n<ul>\n<li><strong>Prova Dissertativa:<\/strong> De car\u00e1ter eliminat\u00f3rio e classificat\u00f3rio, aplicada no mesmo dia da prova objetiva para cargos de N\u00edvel Superior e Magist\u00e9rio (como Professores, Assistente Social, Engenheiro Florestal, Nutricionista, entre outros).<\/li>\n<li><strong>Prova Pr\u00e1tica:<\/strong> De car\u00e1ter eliminat\u00f3rio e classificat\u00f3rio, destinada aos cargos de Motorista e Operadores de M\u00e1quinas (Compactadora, P\u00e1 Carregadeira, Trator de L\u00e2mina, Motoniveladora e Escavadeira).<\/li>\n<li><strong>Avalia\u00e7\u00e3o de T\u00edtulos:<\/strong> De car\u00e1ter apenas classificat\u00f3rio, exclusiva para os cargos de Professor (A, E e F).<\/li>\n<\/ul>\n<p>Para ser aprovado na prova objetiva, o candidato deve obter nota m\u00ednima de 50 pontos. Consulte o edital para verificar o conte\u00fado program\u00e1tico detalhado e os crit\u00e9rios de pontua\u00e7\u00e3o de cada fase.<\/p>\n<h2>Resultados e Gabarito<\/h2>\n<p>O cronograma do concurso prev\u00ea a divulga\u00e7\u00e3o do <strong>gabarito provis\u00f3rio<\/strong> da prova objetiva para o dia <strong>09 de fevereiro de 2026<\/strong>. Ap\u00f3s o per\u00edodo de recursos, o gabarito definitivo e o resultado da prova objetiva ser\u00e3o publicados em 24 de fevereiro de 2026.<\/p>\n<p>Os resultados das etapas subsequentes seguir\u00e3o as seguintes previs\u00f5es:<\/p>\n<ul>\n<li>Resultado da Prova Dissertativa (definitivo): 10 de mar\u00e7o de 2026;<\/li>\n<li>Resultado da Prova Pr\u00e1tica (definitivo): 20 de mar\u00e7o de 2026;<\/li>\n<li>Resultado da Avalia\u00e7\u00e3o de T\u00edtulos (definitivo): 26 de mar\u00e7o de 2026.<\/li>\n<\/ul>\n<p>A publica\u00e7\u00e3o do <strong>Resultado Final<\/strong>, contendo a classifica\u00e7\u00e3o de todos os aprovados, est\u00e1 agendada para <strong>27 de mar\u00e7o de 2026<\/strong>, com a homologa\u00e7\u00e3o do certame prevista para ocorrer a partir de 01 de abril de 2026. A classifica\u00e7\u00e3o final levar\u00e1 em conta a soma das notas das etapas aplic\u00e1veis a cada cargo, com crit\u00e9rios de desempate que priorizam, entre outros, candidatos com idade igual ou superior a 60 anos e maiores notas em conhecimentos espec\u00edficos.<\/p>\n<p>\u00c9 de inteira responsabilidade do candidato acompanhar as publica\u00e7\u00f5es oficiais e convoca\u00e7\u00f5es diretamente no site da UNIOESTE\/COGEPS e no Di\u00e1rio Oficial do Munic\u00edpio de Guarania\u00e7u.<\/p>\n","protected":false},"excerpt":{"rendered":"<p>Concurso Pref. Guarania\u00e7u (PR) com edital publicado! Vagas p\/ Aux. Serv. Gerais e Assist. Adm. (Fund. a Sup.). Inscri\u00e7\u00f5es a partir de 25\/11. Confira detalhes!<\/p>\n","protected":false},"author":5229,"featured_media":275617,"comment_status":"open","ping_status":"open","sticky":false,"template":"","format":"standard","meta":{"_acf_changed":false,"_breakdance_hide_in_design_set":false,"_breakdance_tags":"","footnotes":""},"categories":[3,9,10,117,11,15,19,23,25,26,101,108,130,157,159,134],"tags":[52],"_amplo":[],"destaque":[],"instituicoes":[],"class_list":["post-275618","post","type-post","status-publish","format-standard","has-post-thumbnail","hentry","category-administracao","category-ciencias-contabeis","category-direito","category-economia","category-educacao-fisica","category-engenharia-florestal","category-fonoaudiologia","category-nutricao","category-pedagogia","category-psicologia","category-servico-social","category-tecnico-enfermagem","category-tecnico-informatica","category-tecnico-seguranca-trabalho","category-tecnologia-da-informacao","category-terapia-ocupacional","tag-parana"],"acf":{"_tipo_vagas":"vagas","_numero_vagas":"","_quadro_vagas":"","_cargos":"diversos","_cargos_especificos":"","_salario_max":"R$ 7151.75","_abertura":"20251125","_encerramento":"20260108","_inscricoes":"https:\/\/concursos.unioeste.br\/","_executora_concurso":"","_instituicao_concurso":[],"_link_adicional":null,"_anexos":null,"_produtos":null,"_vagas":"51 vagas + CR","_salario_min":"R$ 1617.8","_instituicao":"Prefeitura de Guarania\u00e7u","_edital":"https:\/\/www.agrobase.com.br\/concursos\/wp-content\/uploads\/sites\/4\/2025\/12\/edital-302-2025-prefeitura-de-guaraniacu-pr.pdf","_anexos_edital":"https:\/\/www.agrobase.com.br\/concursos\/wp-content\/uploads\/sites\/4\/2025\/12\/edital-302-2025-prefeitura-de-guaraniacu-pr-retificacao.pdf","_fund_incompleto":"","_fund_completo":"<div>\r\n<table class=\"quadro\">\r\n<thead>\r\n<tr>\r\n<th class=\"hcargo\">Cargo<\/th>\r\n<th class=\"hvagas\">Vagas<\/th>\r\n<th class=\"hremuneracao\">Remunera\u00e7\u00e3o<\/th>\r\n<\/tr>\r\n<\/thead>\r\n    <tbody>\r\n      <td class=\"ccargos\">\r\n<span data-balloon-length=\"medium\" aria-label=\"Ensino Fundamental Completo\" data-balloon-pos=\"up\">AUXILIAR DE SERVI\u00c7OS GERAIS<\/span><\/td>\r\n<td class=\"cvagas\">15 + CR<\/td>\r\n<td class=\"cremuneracao\">R$ 1.718,60 \/40h<\/td>\r\n<\/tr><td class=\"ccargos\">\r\n<span data-balloon-length=\"medium\" aria-label=\"Ensino Fundamental Completo\" data-balloon-pos=\"up\">GARI<\/span><\/td>\r\n<td class=\"cvagas\">CR<\/td>\r\n<td class=\"cremuneracao\">R$ 1.718,60 \/40h<\/td>\r\n<\/tr><td class=\"ccargos\">\r\n<span data-balloon-length=\"medium\" data-balloon-pos=\"up\">MOTORISTA<\/span><\/td>\r\n<td class=\"cvagas\">05 + CR<\/td>\r\n<td class=\"cremuneracao\">R$ 2.156,42 \/40h<\/td>\r\n<\/tr><td class=\"ccargos\">\r\n<span data-balloon-length=\"medium\" aria-label=\"Ensino Fundamental Completo\" data-balloon-pos=\"up\">OPERADOR DE COMPACTADORA DE SOLO<\/span><\/td>\r\n<td class=\"cvagas\">CR<\/td>\r\n<td class=\"cremuneracao\">R$ 2.486,63 \/40h<\/td>\r\n<\/tr><td class=\"ccargos\">\r\n<span data-balloon-length=\"medium\" aria-label=\"Ensino Fundamental Completo\" data-balloon-pos=\"up\">OPERADOR DE ESCAVADEIRA<\/span><\/td>\r\n<td class=\"cvagas\">CR<\/td>\r\n<td class=\"cremuneracao\">R$ 2.486,63 \/40h<\/td>\r\n<\/tr><td class=\"ccargos\">\r\n<span data-balloon-length=\"medium\" aria-label=\"Ensino Fundamental Completo\" data-balloon-pos=\"up\">OPERADOR DE P\u00c1 CARREGADEIRA<\/span><\/td>\r\n<td class=\"cvagas\">CR<\/td>\r\n<td class=\"cremuneracao\">R$ 2.486,63 \/40h<\/td>\r\n<\/tr><td class=\"ccargos\">\r\n<span data-balloon-length=\"medium\" aria-label=\"Ensino Fundamental Completo\" data-balloon-pos=\"up\">OPERADOR MOTONIVELADORA<\/span><\/td>\r\n<td class=\"cvagas\">CR<\/td>\r\n<td class=\"cremuneracao\">R$ 2.486,63 \/40h<\/td>\r\n<\/tr><td class=\"ccargos\">\r\n<span data-balloon-length=\"medium\" aria-label=\"Ensino Fundamental Completo\" data-balloon-pos=\"up\">OPERADOR TRATOR DE L\u00c2MINA<\/span><\/td>\r\n<td class=\"cvagas\">CR<\/td>\r\n<td class=\"cremuneracao\">R$ 2.486,63 \/40h<\/td>\r\n<\/tr><td class=\"ccargos\">\r\n<span data-balloon-length=\"medium\" aria-label=\"Ensino Fundamental Completo\" data-balloon-pos=\"up\">PEDREIRO<\/span><\/td>\r\n<td class=\"cvagas\">CR<\/td>\r\n<td class=\"cremuneracao\">R$ 1.875,79 \/40h<\/td>\r\n<\/tr><td class=\"ccargos\">\r\n<span data-balloon-length=\"medium\" aria-label=\"Ensino Fundamental Completo\" data-balloon-pos=\"up\">PINTOR<\/span><\/td>\r\n<td class=\"cvagas\">CR<\/td>\r\n<td class=\"cremuneracao\">R$ 1.875,79 \/40h<\/td>\r\n<\/tr><td class=\"ccargos\">\r\n<span data-balloon-length=\"medium\" aria-label=\"Ensino Fundamental\" data-balloon-pos=\"up\">VIGIA<\/span><\/td>\r\n<td class=\"cvagas\">CR<\/td>\r\n<td class=\"cremuneracao\">R$ 1.718,60 \/40h<\/td>\r\n<\/tr><td class=\"ccargos\">\r\n<span data-balloon-length=\"medium\" aria-label=\"Ensino Fundamental\" data-balloon-pos=\"up\">ZELADOR<\/span><\/td>\r\n<td class=\"cvagas\">10 + CR<\/td>\r\n<td class=\"cremuneracao\">R$ 1.718,60 \/40h<\/td>\r\n<\/tr>\r\n    <\/tbody>\r\n  <\/table>\r\n<\/div>","_medio":"<div>\r\n<table class=\"quadro\">\r\n<thead>\r\n<tr>\r\n<th class=\"hcargo\">Cargo<\/th>\r\n<th class=\"hvagas\">Vagas<\/th>\r\n<th class=\"hremuneracao\">Remunera\u00e7\u00e3o<\/th>\r\n<\/tr>\r\n<\/thead>\r\n    <tbody>\r\n      <td class=\"ccargos\">\r\n<span data-balloon-length=\"medium\" aria-label=\"Ensino M\u00e9dio Completo\" data-balloon-pos=\"up\">ASSISTENTE ADMINISTRATIVO<\/span><\/td>\r\n<td class=\"cvagas\">07 + CR<\/td>\r\n<td class=\"cremuneracao\">R$ 2.557,68 \/40h<\/td>\r\n<\/tr><td class=\"ccargos\">\r\n<span data-balloon-length=\"medium\" aria-label=\"Ensino M\u00e9dio Completo\" data-balloon-pos=\"up\">EDUCADOR RESIDENTE<\/span><\/td>\r\n<td class=\"cvagas\">02 + CR<\/td>\r\n<td class=\"cremuneracao\">R$ 2.494,02 \/40h<\/td>\r\n<\/tr><td class=\"ccargos\">\r\n<span data-balloon-length=\"medium\" aria-label=\"Ensino m\u00e9dio Completo\" data-balloon-pos=\"up\">MONITOR ESCOLAR<\/span><\/td>\r\n<td class=\"cvagas\">05 + CR<\/td>\r\n<td class=\"cremuneracao\">R$ 1.617,80 \/40h<\/td>\r\n<\/tr><td class=\"ccargos\">\r\n<span data-balloon-length=\"medium\" aria-label=\"Forma\u00e7\u00e3o de N\u00edvel M\u00e9dio Profissionalizante com Curso T\u00e9cnico em Enfermagem\" data-balloon-pos=\"up\">T\u00c9CNICO EM ENFERMAGEM<\/span><\/td>\r\n<td class=\"cvagas\">CR<\/td>\r\n<td class=\"cremuneracao\">R$ 2.841,38 \/40h<\/td>\r\n<\/tr><td class=\"ccargos\">\r\n<span data-balloon-length=\"medium\" aria-label=\"Forma\u00e7\u00e3o de N\u00edvel M\u00e9dio Profissionalizante com Curso T\u00e9cnico na \u00c1rea de Inform\u00e1tica\" data-balloon-pos=\"up\">T\u00c9CNICO EM INFORM\u00c1TICA<\/span><\/td>\r\n<td class=\"cvagas\">CR<\/td>\r\n<td class=\"cremuneracao\">R$ 2.757,77 \/40h<\/td>\r\n<\/tr><td class=\"ccargos\">\r\n<span data-balloon-length=\"medium\" aria-label=\"Forma\u00e7\u00e3o de N\u00edvel M\u00e9dio Profissionalizante com Curso T\u00e9cnico em Seguran\u00e7a do Trabalho\" data-balloon-pos=\"up\">T\u00c9CNICO EM SEGURAN\u00c7A DO TRABALHO<\/span><\/td>\r\n<td class=\"cvagas\">01 + CR<\/td>\r\n<td class=\"cremuneracao\">R$ 2.506,71 \/40h<\/td>\r\n<\/tr><td class=\"ccargos\">\r\n<span data-balloon-length=\"medium\" aria-label=\"Forma\u00e7\u00e3o em N\u00edvel M\u00e9dio Profissionalizante, na modalidade Magist\u00e9rio e\/ou Equivalente\" data-balloon-pos=\"up\">EDUCADOR SOCIAL<\/span><\/td>\r\n<td class=\"cvagas\">01 + CR<\/td>\r\n<td class=\"cremuneracao\">R$ 2.426,50 \/40h<\/td>\r\n<\/tr><td class=\"ccargos\">\r\n<span data-balloon-length=\"medium\" aria-label=\"Forma\u00e7\u00e3o em N\u00edvel M\u00e9dio Profissionalizante, na modalidade Magist\u00e9rio e\/ou Equivalente\" data-balloon-pos=\"up\">PROFESSOR A<\/span><\/td>\r\n<td class=\"cvagas\">CR<\/td>\r\n<td class=\"cremuneracao\">R$ 2.567,74 \/20h<\/td>\r\n<\/tr>\r\n    <\/tbody>\r\n  <\/table>\r\n<\/div>","_superior":"<div>\r\n<table class=\"quadro\">\r\n<thead>\r\n<tr>\r\n<th class=\"hcargo\">Cargo<\/th>\r\n<th class=\"hvagas\">Vagas<\/th>\r\n<th class=\"hremuneracao\">Remunera\u00e7\u00e3o<\/th>\r\n<\/tr>\r\n<\/thead>\r\n    <tbody>\r\n      <tr>\r\n<td class=\"ccargos\">\r\n<span data-balloon-length=\"medium\" aria-label=\"Forma\u00e7\u00e3o em N\u00edvel Superior, nas seguintes condi\u00e7\u00f5es: a) Curso de Licenciatura Plena em Pedagogia; b) Curso de Licenciatura em alguma \u00c1rea da Educa\u00e7\u00e3o desde que tamb\u00e9m possua a forma\u00e7\u00e3o de N\u00edvel M\u00e9dio Profissionalizante, na modalidade Magist\u00e9rio e\/ou Equivalente\" data-balloon-pos=\"up\">PROFESSOR E<\/span><\/td>\r\n<td class=\"cvagas\">CR<\/td>\r\n<td class=\"cremuneracao\">R$ 2.567,74 \/20h<\/td>\r\n<\/tr><tr>\r\n<td class=\"ccargos\">\r\n<span data-balloon-length=\"medium\" aria-label=\"Forma\u00e7\u00e3o em N\u00edvel Superior com P\u00f3s- Gradua\u00e7\u00e3o na \u00c1rea da Educa\u00e7\u00e3o, nas seguintes condi\u00e7\u00f5es: a) Curso de Licenciatura Plena em Pedagogia; b) Curso de Licenciatura em alguma \u00c1rea da Educa\u00e7\u00e3o desde que tamb\u00e9m possua a forma\u00e7\u00e3o de N\u00edvel M\u00e9dio Profissionalizante, na modalidade Magist\u00e9rio e\/ou Equivalente\" data-balloon-pos=\"up\">PROFESSOR F<\/span><\/td>\r\n<td class=\"cvagas\">CR<\/td>\r\n<td class=\"cremuneracao\">R$ 2.567,74 \/20h<\/td>\r\n<\/tr><tr>\r\n<td class=\"ccargos\">\r\n<span data-balloon-length=\"medium\" aria-label=\"Ensino Superior e habilita\u00e7\u00e3o legal para o exerc\u00edcio da profiss\u00e3o\" data-balloon-pos=\"up\">ASSISTENTE SOCIAL<\/span><\/td>\r\n<td class=\"cvagas\">01 + CR<\/td>\r\n<td class=\"cremuneracao\">R$ 3.488,88 \/30h<\/td>\r\n<\/tr><tr>\r\n<td class=\"ccargos\">\r\n<span data-balloon-length=\"medium\" aria-label=\"Ensino superior completo em qualquer das seguintes \u00e1reas: Administra\u00e7\u00e3o, Ci\u00eancias Cont\u00e1beis, Direito, Economia, Engenharia ou Tecnologia da Informa\u00e7\u00e3o, com registro no respectivo conselho de categoria profissional, quando exigido por lei, dentre outras forma\u00e7\u00f5es que guardem afinidade com a tem\u00e1tica da Administra\u00e7\u00e3o Tribut\u00e1ria.\" data-balloon-pos=\"up\">AUDITOR FISCAL DA RECEITA MUNICIPAL<\/span><\/td>\r\n<td class=\"cvagas\">01 + CR<\/td>\r\n<td class=\"cremuneracao\">R$ 4.246,38 \/40h<\/td>\r\n<\/tr><tr>\r\n<td class=\"ccargos\">\r\n<span data-balloon-length=\"medium\" aria-label=\"Ensino Superior Completo com Bacharelado em Educa\u00e7\u00e3o F\u00edsica, com registro no respectivo Conselho de Categoria Profissional\" data-balloon-pos=\"up\">AVALIADOR F\u00cdSICO<\/span><\/td>\r\n<td class=\"cvagas\">CR<\/td>\r\n<td class=\"cremuneracao\">R$ 3.457,28 \/40h<\/td>\r\n<\/tr><tr>\r\n<td class=\"ccargos\">\r\n<span data-balloon-length=\"medium\" aria-label=\"Ensino Superior completo e habilita\u00e7\u00e3o legal para exerc\u00edcio da profiss\u00e3o com registro no respectivo Conselho de Categoria Profissional.\" data-balloon-pos=\"up\">CONTADOR<\/span><\/td>\r\n<td class=\"cvagas\">CR<\/td>\r\n<td class=\"cremuneracao\">R$ 7.151,75 \/40h<\/td>\r\n<\/tr><tr>\r\n<td class=\"ccargos\">\r\n<span data-balloon-length=\"medium\" aria-label=\"Ensino Superior Completo e Habilita\u00e7\u00e3o legal para exerc\u00edcio da profiss\u00e3o com registro no respectivo Conselho de Categoria Profissional.\" data-balloon-pos=\"up\">ENGENHEIRO FLORESTAL<\/span><\/td>\r\n<td class=\"cvagas\">CR<\/td>\r\n<td class=\"cremuneracao\">R$ 3.669,98 \/20h<\/td>\r\n<\/tr><tr>\r\n<td class=\"ccargos\">\r\n<span data-balloon-length=\"medium\" aria-label=\"Ensino Superior completo e habilita\u00e7\u00e3o legal para exerc\u00edcio da profiss\u00e3o\" data-balloon-pos=\"up\">FONOAUDI\u00d3LOGO<\/span><\/td>\r\n<td class=\"cvagas\">CR<\/td>\r\n<td class=\"cremuneracao\">R$ 4.237,94 \/40h<\/td>\r\n<\/tr><tr>\r\n<td class=\"ccargos\">\r\n<span data-balloon-length=\"medium\" aria-label=\"Ensino Superior Completo e Habilita\u00e7\u00e3o Legal para exerc\u00edcio da profiss\u00e3o\" data-balloon-pos=\"up\">NUTRICIONISTA<\/span><\/td>\r\n<td class=\"cvagas\">01 + CR<\/td>\r\n<td class=\"cremuneracao\">R$ 4.323,39 \/40h<\/td>\r\n<\/tr><tr>\r\n<td class=\"ccargos\">\r\n<span data-balloon-length=\"medium\" aria-label=\"Ensino Superior Completo com Bacharelado em Educa\u00e7\u00e3o F\u00edsica, com registro no respectivo Conselho de Categoria Profissional\" data-balloon-pos=\"up\">PROFESSOR MODALIDADE ESPORTIVA E RECREATIVA<\/span><\/td>\r\n<td class=\"cvagas\">CR<\/td>\r\n<td class=\"cremuneracao\">R$ 1.936,06 \/20h<\/td>\r\n<\/tr><tr>\r\n<td class=\"ccargos\">\r\n<span data-balloon-length=\"medium\" aria-label=\"Ensino Superior Completo, com registro no respectivo Conselho de Categoria Profissional\" data-balloon-pos=\"up\">PSIC\u00d3LOGO EDUCACIONAL<\/span><\/td>\r\n<td class=\"cvagas\">CR<\/td>\r\n<td class=\"cremuneracao\">R$ 4.403,57 \/40h<\/td>\r\n<\/tr><tr>\r\n<td class=\"ccargos\">\r\n<span data-balloon-length=\"medium\" aria-label=\"Ensino Superior Completo com registro no respectivo Conselho de Categoria Profissional\" data-balloon-pos=\"up\">TERAPEUTA OCUPACIONAL<\/span><\/td>\r\n<td class=\"cvagas\">02 + CR<\/td>\r\n<td class=\"cremuneracao\">R$ 2.719,79 \/20h<\/td>\r\n<\/tr>\r\n    <\/tbody>\r\n  <\/table>\r\n<\/div>"},"_links":{"self":[{"href":"https:\/\/www.agrobase.com.br\/concursos\/wp-json\/wp\/v2\/posts\/275618","targetHints":{"allow":["GET"]}}],"collection":[{"href":"https:\/\/www.agrobase.com.br\/concursos\/wp-json\/wp\/v2\/posts"}],"about":[{"href":"https:\/\/www.agrobase.com.br\/concursos\/wp-json\/wp\/v2\/types\/post"}],"author":[{"embeddable":true,"href":"https:\/\/www.agrobase.com.br\/concursos\/wp-json\/wp\/v2\/users\/5229"}],"replies":[{"embeddable":true,"href":"https:\/\/www.agrobase.com.br\/concursos\/wp-json\/wp\/v2\/comments?post=275618"}],"version-history":[{"count":3,"href":"https:\/\/www.agrobase.com.br\/concursos\/wp-json\/wp\/v2\/posts\/275618\/revisions"}],"predecessor-version":[{"id":275624,"href":"https:\/\/www.agrobase.com.br\/concursos\/wp-json\/wp\/v2\/posts\/275618\/revisions\/275624"}],"wp:featuredmedia":[{"embeddable":true,"href":"https:\/\/www.agrobase.com.br\/concursos\/wp-json\/wp\/v2\/media\/275617"}],"wp:attachment":[{"href":"https:\/\/www.agrobase.com.br\/concursos\/wp-json\/wp\/v2\/media?parent=275618"}],"wp:term":[{"taxonomy":"category","embeddable":true,"href":"https:\/\/www.agrobase.com.br\/concursos\/wp-json\/wp\/v2\/categories?post=275618"},{"taxonomy":"post_tag","embeddable":true,"href":"https:\/\/www.agrobase.com.br\/concursos\/wp-json\/wp\/v2\/tags?post=275618"},{"taxonomy":"_amplo","embeddable":true,"href":"https:\/\/www.agrobase.com.br\/concursos\/wp-json\/wp\/v2\/_amplo?post=275618"},{"taxonomy":"destaque","embeddable":true,"href":"https:\/\/www.agrobase.com.br\/concursos\/wp-json\/wp\/v2\/destaque?post=275618"},{"taxonomy":"instituicoes","embeddable":true,"href":"https:\/\/www.agrobase.com.br\/concursos\/wp-json\/wp\/v2\/instituicoes?post=275618"}],"curies":[{"name":"wp","href":"https:\/\/api.w.org\/{rel}","templated":true}]}}