{"id":275577,"date":"2025-12-19T07:15:04","date_gmt":"2025-12-19T10:15:04","guid":{"rendered":"https:\/\/www.agrobase.com.br\/concursos\/?p=275577"},"modified":"2025-12-18T18:08:23","modified_gmt":"2025-12-18T21:08:23","slug":"prefeitura-gameleira-de-goias-go-concurso-01-2025","status":"publish","type":"post","link":"https:\/\/www.agrobase.com.br\/concursos\/2025\/prefeitura-gameleira-de-goias-go-concurso-01-2025\/","title":{"rendered":"Prefeitura Gameleira de Goi\u00e1s (GO) &#8211; Concurso 01\/2025"},"content":{"rendered":"<h2>Informa\u00e7\u00f5es Gerais<\/h2>\n<p>Foi publicado o <strong>Edital n\u00ba 01\/2025<\/strong> referente ao Concurso P\u00fablico da <strong>Prefeitura e da C\u00e2mara Municipal de Gameleira de Goi\u00e1s<\/strong>. Sob a organiza\u00e7\u00e3o do <strong>Instituto Verbena\/UFG<\/strong>, o certame visa o provimento de <strong>131 vagas imediatas<\/strong>, al\u00e9m da forma\u00e7\u00e3o de cadastro de reserva, para cargos de n\u00edveis fundamental (incompleto e completo), m\u00e9dio\/t\u00e9cnico e superior.<\/p>\n<p>As oportunidades abrangem diversas \u00e1reas da administra\u00e7\u00e3o p\u00fablica, incluindo educa\u00e7\u00e3o, sa\u00fade, servi\u00e7os operacionais e setor administrativo. O regime de contrata\u00e7\u00e3o seguir\u00e1 o Estatuto dos Servidores Municipais, garantindo estabilidade aos aprovados ap\u00f3s o est\u00e1gio probat\u00f3rio. Entre os destaques de n\u00edvel superior, h\u00e1 vagas voltadas para profissionais das \u00e1reas de <strong>Nutri\u00e7\u00e3o<\/strong> e <strong>Biologia<\/strong> (cargo de Professor de Ci\u00eancias), al\u00e9m de Enfermagem, Farm\u00e1cia e Psicologia.<\/p>\n<p>Confira abaixo os detalhes essenciais sobre prazos, etapas e requisitos para participar desta sele\u00e7\u00e3o.<\/p>\n<h2>Inscri\u00e7\u00f5es<\/h2>\n<p>Os interessados em participar do concurso devem realizar a inscri\u00e7\u00e3o exclusivamente pela internet, atrav\u00e9s do portal do candidato no site do <strong>Instituto Verbena\/UFG<\/strong>. O per\u00edodo de inscri\u00e7\u00f5es estar\u00e1 aberto entre dezembro de 2025 e janeiro de 2026, conforme as datas estipuladas no cronograma oficial.<\/p>\n<p>Para confirmar a participa\u00e7\u00e3o, \u00e9 necess\u00e1rio efetuar o pagamento da taxa de inscri\u00e7\u00e3o, cujos valores variam de acordo com a escolaridade do cargo pretendido:<\/p>\n<ul>\n<li><strong>Ensino Fundamental:<\/strong> R$ 80,00<\/li>\n<li><strong>Ensino M\u00e9dio:<\/strong> R$ 100,00<\/li>\n<li><strong>Ensino Superior:<\/strong> R$ 140,00<\/li>\n<\/ul>\n<p>O pagamento deve ser realizado via boleto banc\u00e1rio at\u00e9 a data de vencimento. Candidatos que se enquadrem nos crit\u00e9rios de isen\u00e7\u00e3o previstos em lei e detalhados no edital poder\u00e3o solicitar o benef\u00edcio dentro do prazo espec\u00edfico. \u00c9 fundamental que o candidato acompanhe a situa\u00e7\u00e3o de sua inscri\u00e7\u00e3o na \u00e1rea restrita do site da organizadora.<\/p>\n<p><em>Recomendamos a leitura atenta do edital completo para conferir todas as regras sobre isen\u00e7\u00e3o e homologa\u00e7\u00e3o das inscri\u00e7\u00f5es.<\/em><\/p>\n<h2>Etapas e Provas<\/h2>\n<p>O processo seletivo ser\u00e1 composto por diferentes etapas, variando conforme o cargo e o n\u00edvel de escolaridade. A <strong>Prova Objetiva<\/strong> ser\u00e1 aplicada a todos os candidatos no dia <strong>01\/02\/2026<\/strong>, possuindo car\u00e1ter eliminat\u00f3rio e classificat\u00f3rio. Ela valer\u00e1 100 pontos e ser\u00e1 composta por quest\u00f5es de m\u00faltipla escolha (A, B, C, D), exigindo aproveitamento m\u00ednimo de 50%.<\/p>\n<p>Al\u00e9m da etapa objetiva, haver\u00e1 fases espec\u00edficas:<\/p>\n<ul>\n<li><strong>Prova Discursiva:<\/strong> Car\u00e1ter eliminat\u00f3rio e classificat\u00f3rio. Aplicada no mesmo dia da objetiva para os cargos de Controlador Interno, Enfermeiro \u2013 PSF, Farmac\u00eautico, Nutricionista e Psic\u00f3logo.<\/li>\n<li><strong>Prova de Reda\u00e7\u00e3o:<\/strong> Car\u00e1ter eliminat\u00f3rio e classificat\u00f3rio. Aplicada no mesmo dia da objetiva para todos os cargos de Professor.<\/li>\n<li><strong>Prova Pr\u00e1tica:<\/strong> Car\u00e1ter eliminat\u00f3rio e classificat\u00f3rio. Exclusiva para os cargos de Motorista (todas as categorias) e Operador de M\u00e1quinas.<\/li>\n<li><strong>Teste de Aptid\u00e3o F\u00edsica (TAF):<\/strong> Car\u00e1ter eliminat\u00f3rio. Exigido para os cargos de Auxiliar de Servi\u00e7os Gerais e Vigia Noturno.<\/li>\n<li><strong>Prova de T\u00edtulos:<\/strong> Car\u00e1ter classificat\u00f3rio. Destinada aos cargos de Professor (todos).<\/li>\n<\/ul>\n<p><em>Para informa\u00e7\u00f5es detalhadas sobre o conte\u00fado program\u00e1tico, crit\u00e9rios de pontua\u00e7\u00e3o e \u00edndices do TAF, consulte o edital oficial.<\/em><\/p>\n<h2>Resultados e Gabarito<\/h2>\n<p>O cronograma prev\u00ea a divulga\u00e7\u00e3o do <strong>gabarito preliminar<\/strong> da prova objetiva para o dia 02\/02\/2026, com o gabarito final previsto para 13\/02\/2026. O resultado preliminar da prova objetiva deve ser publicado em 19\/02\/2026.<\/p>\n<p>Os resultados das demais etapas (Discursiva, Reda\u00e7\u00e3o, Pr\u00e1tica, TAF e T\u00edtulos) seguir\u00e3o datas espec\u00edficas estipuladas no Anexo I do edital. A classifica\u00e7\u00e3o final ser\u00e1 definida pela soma das notas das etapas classificat\u00f3rias ou pela m\u00e9dia ponderada, no caso dos cargos de Professor. A <strong>homologa\u00e7\u00e3o do resultado final<\/strong> est\u00e1 prevista para ser publicada em <strong>29\/05\/2026<\/strong>.<\/p>\n<p>\u00c9 de responsabilidade exclusiva do candidato acompanhar todas as publica\u00e7\u00f5es, convoca\u00e7\u00f5es e avisos oficiais no site do <strong>Instituto Verbena\/UFG<\/strong> e no Di\u00e1rio Oficial\/Site da Prefeitura de Gameleira de Goi\u00e1s.<\/p>\n","protected":false},"excerpt":{"rendered":"<p>Concurso Pref. Gameleira de Goi\u00e1s (GO) com edital publicado! Vagas p\/ Professor e Agente (Fund. a Sup.). Inscri\u00e7\u00f5es a partir de 13\/12. Confira detalhes!<\/p>\n","protected":false},"author":5229,"featured_media":275576,"comment_status":"open","ping_status":"open","sticky":false,"template":"","format":"standard","meta":{"_acf_changed":false,"_breakdance_hide_in_design_set":false,"_breakdance_tags":"","footnotes":""},"categories":[3,6433,9,10,117,6434,12,17,111,100,20,116,23,25,26,108],"tags":[46],"_amplo":[],"destaque":[],"instituicoes":[],"class_list":["post-275577","post","type-post","status-publish","format-standard","has-post-thumbnail","hentry","category-administracao","category-biologia-licenciatura","category-ciencias-contabeis","category-direito","category-economia","category-educacao-fisica-licenciatura","category-enfermagem","category-farmacia","category-geografia","category-historia","category-letras","category-matematica","category-nutricao","category-pedagogia","category-psicologia","category-tecnico-enfermagem","tag-goias"],"acf":{"_tipo_vagas":"vagas","_numero_vagas":"","_quadro_vagas":"","_cargos":"diversos","_cargos_especificos":"","_salario_max":"R$ 4513.3","_abertura":"20251213","_encerramento":"20260113","_inscricoes":"https:\/\/www.institutoverbena.ufg.br","_executora_concurso":"","_instituicao_concurso":[],"_link_adicional":null,"_anexos":null,"_produtos":null,"_vagas":"131 vagas + CR","_salario_min":"R$ 1351.29","_instituicao":"Prefeitura de Gameleira de Goi\u00e1s","_edital":"https:\/\/www.agrobase.com.br\/concursos\/wp-content\/uploads\/sites\/4\/2025\/12\/edital-01-2025-prefeitura-de-gameleira-de-goias-go.pdf","_anexos_edital":"","_fund_incompleto":"<div>\r\n<table class=\"quadro\">\r\n<thead>\r\n<tr>\r\n<th class=\"hcargo\">Cargo<\/th>\r\n<th class=\"hvagas\">Vagas<\/th>\r\n<th class=\"hremuneracao\">Remunera\u00e7\u00e3o<\/th>\r\n<\/tr>\r\n<\/thead>\r\n    <tbody>\r\n      <td class=\"ccargos\">\r\n<span data-balloon-length=\"medium\" aria-label=\"Alfabetizado.\" data-balloon-pos=\"up\">Auxiliar de Servi\u00e7os P\u00f3stumos<\/span><\/td>\r\n<td class=\"cvagas\">01 + CR<\/td>\r\n<td class=\"cremuneracao\">R$ 1.351,29 \/40h<\/td>\r\n<\/tr><td class=\"ccargos\">\r\n<span data-balloon-length=\"medium\" aria-label=\"1\u00aa fase do ensino fundamental.\" data-balloon-pos=\"up\">Agente de Servi\u00e7os de Higiene e Alimenta\u00e7\u00e3o<\/span><\/td>\r\n<td class=\"cvagas\">14 + CR<\/td>\r\n<td class=\"cremuneracao\">R$ 1.351,29 \/40h<\/td>\r\n<\/tr><td class=\"ccargos\">\r\n<span data-balloon-length=\"medium\" aria-label=\"1\u00aa Fase do Ensino Fundamental e Teste de Aptid\u00e3o F\u00edsica (TAF).\" data-balloon-pos=\"up\">Auxiliar de Servi\u00e7os Gerais<\/span><\/td>\r\n<td class=\"cvagas\">15 + CR<\/td>\r\n<td class=\"cremuneracao\">R$ 1.351,29 \/40h<\/td>\r\n<\/tr><td class=\"ccargos\">\r\n<span data-balloon-length=\"medium\" aria-label=\"1\u00aa fase do Ensino Fundamental Completo; Carteira de Habilita\u00e7\u00e3o categoria profissional \u201cD\u201d ou \u201cE\u201d; Curso de Forma\u00e7\u00e3o de Condutor de Transporte Escolar averbado em Carteira de Habilita\u00e7\u00e3o\" data-balloon-pos=\"up\">Motorista de Ve\u00edculos de Transporte Escolar<\/span><\/td>\r\n<td class=\"cvagas\">06 + CR<\/td>\r\n<td class=\"cremuneracao\">R$ 1.915,76 \/40h<\/td>\r\n<\/tr>\r\n    <\/tbody>\r\n  <\/table>\r\n<\/div>","_fund_completo":"<div>\r\n<table class=\"quadro\">\r\n<thead>\r\n<tr>\r\n<th class=\"hcargo\">Cargo<\/th>\r\n<th class=\"hvagas\">Vagas<\/th>\r\n<th class=\"hremuneracao\">Remunera\u00e7\u00e3o<\/th>\r\n<\/tr>\r\n<\/thead>\r\n    <tbody>\r\n      <td class=\"ccargos\">\r\n<span data-balloon-length=\"medium\" aria-label=\"Ensino fundamental; operar computador.\" data-balloon-pos=\"up\">Auxiliar Administrativo<\/span><\/td>\r\n<td class=\"cvagas\">05 + CR<\/td>\r\n<td class=\"cremuneracao\">R$ 1.351,29 \/40h<\/td>\r\n<\/tr><td class=\"ccargos\">\r\n<span data-balloon-length=\"medium\">Motorista de Caminh\u00f5es<\/span><\/td>\r\n<td class=\"cvagas\">05 + CR<\/td>\r\n<td class=\"cremuneracao\">R$ 2.010,46 \/40h<\/td>\r\n<\/tr><td class=\"ccargos\">\r\n<span data-balloon-length=\"medium\">Motorista de Ve\u00edculos Administrativos<\/span><\/td>\r\n<td class=\"cvagas\">09 + CR<\/td>\r\n<td class=\"cremuneracao\">R$ 1.784,11 \/40h<\/td>\r\n<\/tr><td class=\"ccargos\">\r\n<span data-balloon-length=\"medium\" data-balloon-pos=\"up\">Motorista \u2013 C\u00e2mara Municipal<\/span><\/td>\r\n<td class=\"cvagas\">01 + CR<\/td>\r\n<td class=\"cremuneracao\">R$ 2.400,00 \/40h<\/td>\r\n<\/tr><td class=\"ccargos\">\r\n<span data-balloon-length=\"medium\" aria-label=\"Ensino Fundamental e Teste de Aptid\u00e3o F\u00edsica (TAF)\" data-balloon-pos=\"up\">Vigia Noturno<\/span><\/td>\r\n<td class=\"cvagas\">01 + CR<\/td>\r\n<td class=\"cremuneracao\">R$ 1.351,29 \/40h<\/td>\r\n<\/tr>\r\n    <\/tbody>\r\n  <\/table>\r\n<\/div>","_medio":"<div>\r\n<table class=\"quadro\">\r\n<thead>\r\n<tr>\r\n<th class=\"hcargo\">Cargo<\/th>\r\n<th class=\"hvagas\">Vagas<\/th>\r\n<th class=\"hremuneracao\">Remunera\u00e7\u00e3o<\/th>\r\n<\/tr>\r\n<\/thead>\r\n    <tbody>\r\n      <td class=\"ccargos\">\r\n<span data-balloon-length=\"medium\" aria-label=\"Ensino m\u00e9dio; operar computador.\" data-balloon-pos=\"up\">Agente Administrativo<\/span><\/td>\r\n<td class=\"cvagas\">04 + CR<\/td>\r\n<td class=\"cremuneracao\">R$ 1.463,74 \/40h<\/td>\r\n<\/tr><td class=\"ccargos\">\r\n<span data-balloon-length=\"medium\" aria-label=\"Ensino m\u00e9dio; registro profissional \u2013 Goi\u00e1s.\" data-balloon-pos=\"up\">Auxiliar de Consult\u00f3rio Dent\u00e1rio<\/span><\/td>\r\n<td class=\"cvagas\">01 + CR<\/td>\r\n<td class=\"cremuneracao\">R$ 1.351,29 \/40h<\/td>\r\n<\/tr><td class=\"ccargos\">\r\n<span data-balloon-length=\"medium\" aria-label=\"Ensino M\u00e9dio.\" data-balloon-pos=\"up\">Auxiliar de Educa\u00e7\u00e3o Infantil<\/span><\/td>\r\n<td class=\"cvagas\">12 + CR<\/td>\r\n<td class=\"cremuneracao\">R$ 1.351,29 \/40h<\/td>\r\n<\/tr><td class=\"ccargos\">\r\n<span data-balloon-length=\"medium\" aria-label=\"Ensino m\u00e9dio.\" data-balloon-pos=\"up\">Cuidador<\/span><\/td>\r\n<td class=\"cvagas\">14 + CR<\/td>\r\n<td class=\"cremuneracao\">R$ 1.351,29 \/40h<\/td>\r\n<\/tr><td class=\"ccargos\">\r\n<span data-balloon-length=\"medium\" aria-label=\"Ensino M\u00e9dio.\" data-balloon-pos=\"up\">Fiscal de Obras e Posturas<\/span><\/td>\r\n<td class=\"cvagas\">01 + CR<\/td>\r\n<td class=\"cremuneracao\">R$ 1.463,74 \/40h<\/td>\r\n<\/tr><td class=\"ccargos\">\r\n<span data-balloon-length=\"medium\" aria-label=\"Ensino M\u00e9dio.\" data-balloon-pos=\"up\">Fiscal de Tributos Municipais<\/span><\/td>\r\n<td class=\"cvagas\">01 + CR<\/td>\r\n<td class=\"cremuneracao\">R$ 1.463,74 \/40h<\/td>\r\n<\/tr><td class=\"ccargos\">\r\n<span data-balloon-length=\"medium\" aria-label=\"Ensino M\u00e9dio; reda\u00e7\u00e3o pr\u00f3pria; operar computador\" data-balloon-pos=\"up\">Gestor de Programas<\/span><\/td>\r\n<td class=\"cvagas\">03 + CR<\/td>\r\n<td class=\"cremuneracao\">R$ 2.010,46 \/40h<\/td>\r\n<\/tr><td class=\"ccargos\">\r\n<span data-balloon-length=\"medium\" data-balloon-pos=\"up\">Motorista de Ambul\u00e2ncia<\/span><\/td>\r\n<td class=\"cvagas\">03 + CR<\/td>\r\n<td class=\"cremuneracao\">R$ 2.077,82 \/56h<\/td>\r\n<\/tr><td class=\"ccargos\">\r\n<span data-balloon-length=\"medium\" data-balloon-pos=\"up\">Operador de M\u00e1quinas<\/span><\/td>\r\n<td class=\"cvagas\">06 + CR<\/td>\r\n<td class=\"cremuneracao\">R$ 3.221,92 \/40h<\/td>\r\n<\/tr><td class=\"ccargos\">\r\n<span data-balloon-length=\"medium\" aria-label=\"Ensino m\u00e9dio; Curso de T\u00e9cnico de Enfermagem; Registro profissional \u2013 Goi\u00e1s.\" data-balloon-pos=\"up\">T\u00e9cnico de Enfermagem<\/span><\/td>\r\n<td class=\"cvagas\">02 + CR<\/td>\r\n<td class=\"cremuneracao\">R$ 3.022,72 \/40h<\/td>\r\n<\/tr><td class=\"ccargos\">\r\n<span data-balloon-length=\"medium\" aria-label=\"Ensino M\u00e9dio.\" data-balloon-pos=\"up\">Vigilante Sanit\u00e1rio<\/span><\/td>\r\n<td class=\"cvagas\">01 + CR<\/td>\r\n<td class=\"cremuneracao\">R$ 1.727,03 \/40h<\/td>\r\n<\/tr>\r\n    <\/tbody>\r\n  <\/table>\r\n<\/div>","_superior":"<div>\r\n<table class=\"quadro\">\r\n<thead>\r\n<tr>\r\n<th class=\"hcargo\">Cargo<\/th>\r\n<th class=\"hvagas\">Vagas<\/th>\r\n<th class=\"hremuneracao\">Remunera\u00e7\u00e3o<\/th>\r\n<\/tr>\r\n<\/thead>\r\n    <tbody>\r\n      <tr>\r\n<td class=\"ccargos\">\r\n<span data-balloon-length=\"medium\" aria-label=\"Ensino superior em Ci\u00eancias Cont\u00e1beis, Administra\u00e7\u00e3o ou Economia; Registro profissional \u2013 Goi\u00e1s.\" data-balloon-pos=\"up\">Controlador Interno<\/span><\/td>\r\n<td class=\"cvagas\">01 + CR<\/td>\r\n<td class=\"cremuneracao\">R$ 4.513,30 \/40h<\/td>\r\n<\/tr><tr>\r\n<td class=\"ccargos\">\r\n<span data-balloon-length=\"medium\" aria-label=\"Ensino superior em Ci\u00eancias Cont\u00e1beis, Administra\u00e7\u00e3o, Economia, Direito ou Gest\u00e3o P\u00fablica.\" data-balloon-pos=\"up\">Controlador Interno \u2013 C\u00e2mara Municipal<\/span><\/td>\r\n<td class=\"cvagas\">01 + CR<\/td>\r\n<td class=\"cremuneracao\">R$ 2.900,00 \/40h<\/td>\r\n<\/tr><tr>\r\n<td class=\"ccargos\">\r\n<span data-balloon-length=\"medium\" aria-label=\"Ensino superior em Enfermagem, Registro profissional \u2013 Goi\u00e1s.\" data-balloon-pos=\"up\">Enfermeiro - PSF<\/span><\/td>\r\n<td class=\"cvagas\">01 + CR<\/td>\r\n<td class=\"cremuneracao\">R$ 4.318,18 \/40h<\/td>\r\n<\/tr><tr>\r\n<td class=\"ccargos\">\r\n<span data-balloon-length=\"medium\" aria-label=\"Ensino superior completo em Farm\u00e1cia; Registro profissional \u2013 Goi\u00e1s.\" data-balloon-pos=\"up\">Farmac\u00eautico<\/span><\/td>\r\n<td class=\"cvagas\">01 + CR<\/td>\r\n<td class=\"cremuneracao\">R$ 2.896,74 \/40h<\/td>\r\n<\/tr><tr>\r\n<td class=\"ccargos\">\r\n<span data-balloon-length=\"medium\" aria-label=\"Ensino superior em Nutri\u00e7\u00e3o e Registro Profissional \u2013 Goi\u00e1s.\" data-balloon-pos=\"up\">Nutricionista<\/span><\/td>\r\n<td class=\"cvagas\">01 + CR<\/td>\r\n<td class=\"cremuneracao\">R$ 3.186,38 \/40h<\/td>\r\n<\/tr><tr>\r\n<td class=\"ccargos\">\r\n<span data-balloon-length=\"medium\" aria-label=\"Idade m\u00ednima de 18 anos e forma\u00e7\u00e3o superior de Licenciatura Plena em Ci\u00eancias Biol\u00f3gicas.\" data-balloon-pos=\"up\">Professor de Ci\u00eancias<\/span><\/td>\r\n<td class=\"cvagas\">02 + CR<\/td>\r\n<td class=\"cremuneracao\">R$ 2.525,54 \/20h<\/td>\r\n<\/tr><tr>\r\n<td class=\"ccargos\">\r\n<span data-balloon-length=\"medium\" aria-label=\"Idade m\u00ednima de 18 anos e forma\u00e7\u00e3o superior de Licenciatura Plena em Educa\u00e7\u00e3o F\u00edsica.\" data-balloon-pos=\"up\">Professor de Educa\u00e7\u00e3o F\u00edsica<\/span><\/td>\r\n<td class=\"cvagas\">02 + CR<\/td>\r\n<td class=\"cremuneracao\">R$ 3.788,31 \/30h<\/td>\r\n<\/tr><tr>\r\n<td class=\"ccargos\">\r\n<span data-balloon-length=\"medium\" aria-label=\"Idade m\u00ednima de 18 anos e forma\u00e7\u00e3o superior de Licenciatura Plena em Geografia.\" data-balloon-pos=\"up\">Professor de Geografia<\/span><\/td>\r\n<td class=\"cvagas\">02 + CR<\/td>\r\n<td class=\"cremuneracao\">R$ 2.525,54 \/20h<\/td>\r\n<\/tr><tr>\r\n<td class=\"ccargos\">\r\n<span data-balloon-length=\"medium\" aria-label=\"Idade m\u00ednima de 18 anos e forma\u00e7\u00e3o superior de Licenciatura Plena em Hist\u00f3ria.\" data-balloon-pos=\"up\">Professor de Hist\u00f3ria<\/span><\/td>\r\n<td class=\"cvagas\">02 + CR<\/td>\r\n<td class=\"cremuneracao\">R$ 2.525,54 \/20h<\/td>\r\n<\/tr><tr>\r\n<td class=\"ccargos\">\r\n<span data-balloon-length=\"medium\" aria-label=\"Idade m\u00ednima de 18 anos e forma\u00e7\u00e3o superior de Licenciatura Plena em Letras Portugu\u00eas e Ingl\u00eas.\" data-balloon-pos=\"up\">Professor de Letras<\/span><\/td>\r\n<td class=\"cvagas\">02 + CR<\/td>\r\n<td class=\"cremuneracao\">R$ 3.788,31 \/30h<\/td>\r\n<\/tr><tr>\r\n<td class=\"ccargos\">\r\n<span data-balloon-length=\"medium\" aria-label=\"Idade m\u00ednima de 18 anos e forma\u00e7\u00e3o superior de Licenciatura Plena em Matem\u00e1tica.\" data-balloon-pos=\"up\">Professor de Matem\u00e1tica<\/span><\/td>\r\n<td class=\"cvagas\">01 + CR<\/td>\r\n<td class=\"cremuneracao\">R$ 3.788,31 \/30h<\/td>\r\n<\/tr><tr>\r\n<td class=\"ccargos\">\r\n<span data-balloon-length=\"medium\" aria-label=\"Idade m\u00ednima de 18 anos e forma\u00e7\u00e3o superior de Licenciatura Plena em Pedagogia.\" data-balloon-pos=\"up\">Professor Pedagogo<\/span><\/td>\r\n<td class=\"cvagas\">09 + CR<\/td>\r\n<td class=\"cremuneracao\">R$ 3.788,31 \/30h<\/td>\r\n<\/tr><tr>\r\n<td class=\"ccargos\">\r\n<span data-balloon-length=\"medium\" aria-label=\"Ensino superior em Psicologia; registro profissional \u2013 Goi\u00e1s.\" data-balloon-pos=\"up\">Psic\u00f3logo<\/span><\/td>\r\n<td class=\"cvagas\">01 + CR<\/td>\r\n<td class=\"cremuneracao\">R$ 3.186,38 \/40h<\/td>\r\n<\/tr>\r\n    <\/tbody>\r\n  <\/table>\r\n<\/div>"},"_links":{"self":[{"href":"https:\/\/www.agrobase.com.br\/concursos\/wp-json\/wp\/v2\/posts\/275577","targetHints":{"allow":["GET"]}}],"collection":[{"href":"https:\/\/www.agrobase.com.br\/concursos\/wp-json\/wp\/v2\/posts"}],"about":[{"href":"https:\/\/www.agrobase.com.br\/concursos\/wp-json\/wp\/v2\/types\/post"}],"author":[{"embeddable":true,"href":"https:\/\/www.agrobase.com.br\/concursos\/wp-json\/wp\/v2\/users\/5229"}],"replies":[{"embeddable":true,"href":"https:\/\/www.agrobase.com.br\/concursos\/wp-json\/wp\/v2\/comments?post=275577"}],"version-history":[{"count":2,"href":"https:\/\/www.agrobase.com.br\/concursos\/wp-json\/wp\/v2\/posts\/275577\/revisions"}],"predecessor-version":[{"id":275602,"href":"https:\/\/www.agrobase.com.br\/concursos\/wp-json\/wp\/v2\/posts\/275577\/revisions\/275602"}],"wp:featuredmedia":[{"embeddable":true,"href":"https:\/\/www.agrobase.com.br\/concursos\/wp-json\/wp\/v2\/media\/275576"}],"wp:attachment":[{"href":"https:\/\/www.agrobase.com.br\/concursos\/wp-json\/wp\/v2\/media?parent=275577"}],"wp:term":[{"taxonomy":"category","embeddable":true,"href":"https:\/\/www.agrobase.com.br\/concursos\/wp-json\/wp\/v2\/categories?post=275577"},{"taxonomy":"post_tag","embeddable":true,"href":"https:\/\/www.agrobase.com.br\/concursos\/wp-json\/wp\/v2\/tags?post=275577"},{"taxonomy":"_amplo","embeddable":true,"href":"https:\/\/www.agrobase.com.br\/concursos\/wp-json\/wp\/v2\/_amplo?post=275577"},{"taxonomy":"destaque","embeddable":true,"href":"https:\/\/www.agrobase.com.br\/concursos\/wp-json\/wp\/v2\/destaque?post=275577"},{"taxonomy":"instituicoes","embeddable":true,"href":"https:\/\/www.agrobase.com.br\/concursos\/wp-json\/wp\/v2\/instituicoes?post=275577"}],"curies":[{"name":"wp","href":"https:\/\/api.w.org\/{rel}","templated":true}]}}