{"id":275520,"date":"2026-01-15T10:09:50","date_gmt":"2026-01-15T13:09:50","guid":{"rendered":"https:\/\/www.agrobase.com.br\/concursos\/?p=275520"},"modified":"2026-01-15T10:09:50","modified_gmt":"2026-01-15T13:09:50","slug":"prefeitura-sena-madureira-ac-concurso-02-2025","status":"publish","type":"post","link":"https:\/\/www.agrobase.com.br\/concursos\/2026\/prefeitura-sena-madureira-ac-concurso-02-2025\/","title":{"rendered":"Prefeitura Sena Madureira (AC) &#8211; Concurso 02\/2025 [prorrogado]"},"content":{"rendered":"<h2>Informa\u00e7\u00f5es Gerais<\/h2>\n<p>O <strong>Munic\u00edpio de Sena Madureira<\/strong>, no estado do Acre, publicou o edital n\u00ba 02\/2025 referente ao seu novo Concurso P\u00fablico. Sob organiza\u00e7\u00e3o do <strong>Instituto de Desenvolvimento Institucional Brasileiro (IDIB)<\/strong>, o certame visa o provimento de <strong>14 vagas imediatas<\/strong> para cargos de n\u00edveis M\u00e9dio e Superior, com lota\u00e7\u00e3o na Secretaria Municipal de Sa\u00fade.<\/p>\n<p>Os profissionais aprovados ser\u00e3o contratados sob o <strong>regime estatut\u00e1rio<\/strong>, que garante estabilidade empregat\u00edcia ap\u00f3s o est\u00e1gio probat\u00f3rio. As oportunidades abrangem fun\u00e7\u00f5es essenciais na \u00e1rea da sa\u00fade, com destaque especial para a vaga de <strong>M\u00e9dico Veterin\u00e1rio<\/strong>, al\u00e9m de oportunidades para Cirurgi\u00e3o Dentista, Enfermeiro, M\u00e9dico Cl\u00ednico Geral e Agente Comunit\u00e1rio de Sa\u00fade.<\/p>\n<p>Confira abaixo os detalhes essenciais sobre prazos, etapas e requisitos para garantir sua participa\u00e7\u00e3o nesta sele\u00e7\u00e3o.<\/p>\n<h2>Inscri\u00e7\u00f5es<\/h2>\n<p>As inscri\u00e7\u00f5es para o concurso da Prefeitura de Sena Madureira est\u00e3o abertas e devem ser realizadas exclusivamente pela internet, no site da banca organizadora, o <strong>IDIB<\/strong>. O per\u00edodo para cadastro segue at\u00e9 o dia <del datetime=\"2026-01-14T17:21:01+00:00\">12 de janeiro de 2026<\/del><strong>18 de janeiro de 2026<\/strong>.<\/p>\n<p>Para confirmar a participa\u00e7\u00e3o, \u00e9 necess\u00e1rio efetuar o pagamento da taxa de inscri\u00e7\u00e3o, cujos valores foram definidos de acordo com o n\u00edvel de escolaridade do cargo pretendido:<\/p>\n<ul>\n<li><strong>N\u00edvel M\u00e9dio:<\/strong> R$ 70,00<\/li>\n<li><strong>N\u00edvel Superior:<\/strong> R$ 80,00<\/li>\n<\/ul>\n<p>O boleto banc\u00e1rio deve ser pago at\u00e9 o dia <strong>19 de janeiro de 2026<\/strong>. \u00c9 importante ressaltar que o edital veda expressamente o pagamento via dep\u00f3sito, transfer\u00eancia, PIX ou agendamento; o pagamento deve ser feito na rede banc\u00e1ria autorizada (Caixa, Banco do Brasil, Ita\u00fa, Santander ou Bradesco).<\/p>\n<p>Recomendamos a leitura atenta do edital para verificar os crit\u00e9rios de isen\u00e7\u00e3o da taxa e acompanhar a situa\u00e7\u00e3o da inscri\u00e7\u00e3o na \u00e1rea restrita do candidato.<\/p>\n<h2>Etapas e Provas<\/h2>\n<p>A sele\u00e7\u00e3o dos candidatos ser\u00e1 realizada mediante <strong>Prova Objetiva<\/strong> e <strong>Prova Discursiva<\/strong>, ambas de car\u00e1ter eliminat\u00f3rio e classificat\u00f3rio. A aplica\u00e7\u00e3o est\u00e1 prevista para ocorrer no dia <strong>22 de fevereiro de 2026<\/strong>, no munic\u00edpio de Sena Madureira (AC), com dura\u00e7\u00e3o total de 5 horas.<\/p>\n<p><strong>Prova Objetiva:<\/strong> Composta por 50 quest\u00f5es de m\u00faltipla escolha, distribu\u00eddas entre as seguintes disciplinas:<\/p>\n<ul>\n<li>L\u00edngua Portuguesa (15 quest\u00f5es);<\/li>\n<li>Racioc\u00ednio L\u00f3gico Matem\u00e1tico (05 quest\u00f5es);<\/li>\n<li>Conhecimentos sobre o Munic\u00edpio de Sena Madureira (05 quest\u00f5es);<\/li>\n<li>Conhecimentos Espec\u00edficos ao cargo (25 quest\u00f5es).<\/li>\n<\/ul>\n<p>Para ser considerado aprovado, o candidato deve obter, no m\u00ednimo, <strong>50% do total de pontos<\/strong> e n\u00e3o pode zerar nenhuma das disciplinas.<\/p>\n<p><strong>Prova Discursiva:<\/strong> Consistir\u00e1 na elabora\u00e7\u00e3o de um texto dissertativo-argumentativo, com extens\u00e3o m\u00ednima de 20 e m\u00e1xima de 30 linhas. Somente ser\u00e3o corrigidas as provas discursivas dos candidatos classificados na objetiva dentro do limite de at\u00e9 5 vezes o n\u00famero de vagas imediatas.<\/p>\n<p>Para informa\u00e7\u00f5es detalhadas sobre o conte\u00fado program\u00e1tico e regras de aplica\u00e7\u00e3o, consulte o edital completo.<\/p>\n<h2>Resultados e Gabarito<\/h2>\n<p>O acompanhamento das publica\u00e7\u00f5es oficiais \u00e9 fundamental para o sucesso no certame. O cronograma previsto no edital estabelece as seguintes datas para a divulga\u00e7\u00e3o dos resultados:<\/p>\n<ul>\n<li><strong>Gabaritos e Resultados Preliminares (Objetiva):<\/strong> 26 de fevereiro de 2026;<\/li>\n<li><strong>Gabaritos e Resultados Definitivos (Objetiva):<\/strong> 10 de mar\u00e7o de 2026;<\/li>\n<li><strong>Resultado Final (Homologa\u00e7\u00e3o):<\/strong> 17 de abril de 2026.<\/li>\n<\/ul>\n<p>A classifica\u00e7\u00e3o final ser\u00e1 ordenada de forma decrescente conforme o somat\u00f3rio dos pontos. Em caso de empate, ter\u00e3o prefer\u00eancia candidatos com idade igual ou superior a 60 anos, seguidos por aqueles com maior pontua\u00e7\u00e3o em Conhecimentos Espec\u00edficos, maior idade geral e exerc\u00edcio da fun\u00e7\u00e3o de jurado.<\/p>\n<p>Lembramos que \u00e9 de inteira responsabilidade do candidato acompanhar os comunicados e convoca\u00e7\u00f5es divulgados no site do <strong>IDIB<\/strong> e no <strong>Di\u00e1rio Oficial<\/strong> da Prefeitura Municipal de Sena Madureira.<\/p>\n","protected":false},"excerpt":{"rendered":"<p>Concurso Pref. Sena Madureira (AC) com edital publicado! Vagas p\/ M\u00e9dico e Dentista (M\u00e9dio\/Sup.). Inscri\u00e7\u00f5es a partir de 01\/12. Sal\u00e1rios at\u00e9 R$ 9.9k. Confira!<\/p>\n","protected":false},"author":5229,"featured_media":275519,"comment_status":"open","ping_status":"open","sticky":false,"template":"","format":"standard","meta":{"_acf_changed":false,"_breakdance_hide_in_design_set":false,"_breakdance_tags":"","footnotes":""},"categories":[12,21,22,24],"tags":[38],"_amplo":[],"destaque":[],"instituicoes":[],"class_list":["post-275520","post","type-post","status-publish","format-standard","has-post-thumbnail","hentry","category-enfermagem","category-medicina","category-veterinaria","category-odontologia","tag-acre"],"acf":{"_tipo_vagas":"vagas","_numero_vagas":"","_quadro_vagas":"","_cargos":"diversos","_cargos_especificos":"","_salario_max":"R$ 9950","_abertura":"20251201","_encerramento":"20260118","_inscricoes":"http:\/\/www.idib.org.br","_executora_concurso":"","_instituicao_concurso":[],"_link_adicional":null,"_anexos":[{"_arquivo_anexo":276847,"_titulo_anexo":"Edital de Retifica\u00e7\u00e3o"}],"_produtos":null,"_vagas":"14 vagas","_salario_min":"R$ 3036","_instituicao":"Prefeitura de Sena Madureira","_edital":"https:\/\/www.agrobase.com.br\/concursos\/wp-content\/uploads\/sites\/4\/2025\/12\/edital-02-2025-prefeitura-de-sena-madureira-ac.pdf","_anexos_edital":"","_fund_incompleto":"","_fund_completo":"","_medio":"<div>\r\n<table class=\"quadro\">\r\n<thead>\r\n<tr>\r\n<th class=\"hcargo\">Cargo<\/th>\r\n<th class=\"hvagas\">Vagas<\/th>\r\n<th class=\"hremuneracao\">Remunera\u00e7\u00e3o<\/th>\r\n<\/tr>\r\n<\/thead>\r\n    <tbody>\r\n      <td class=\"ccargos\">\r\n<span data-balloon-length=\"medium\" aria-label=\"Ensino m\u00e9dio completo.\" data-balloon-pos=\"up\">AGENTE COMUNIT\u00c1RIO DE. SA\u00daDE<\/span><\/td>\r\n<td class=\"cvagas\">01<\/td>\r\n<td class=\"cremuneracao\">R$ 3.036,00 \/40h<\/td>\r\n<\/tr><td class=\"ccargos\">\r\n<span data-balloon-length=\"medium\" aria-label=\"Ensino m\u00e9dio completo.\" data-balloon-pos=\"up\">AGENTE COMUNIT\u00c1RIO DE. SA\u00daDE<\/span><\/td>\r\n<td class=\"cvagas\">02<\/td>\r\n<td class=\"cremuneracao\">R$ 3.036,00 \/40h<\/td>\r\n<\/tr><td class=\"ccargos\">\r\n<span data-balloon-length=\"medium\" aria-label=\"Ensino m\u00e9dio completo.\" data-balloon-pos=\"up\">AGENTE COMUNIT\u00c1RIO DE. SA\u00daDE<\/span><\/td>\r\n<td class=\"cvagas\">01<\/td>\r\n<td class=\"cremuneracao\">R$ 3.036,00 \/40h<\/td>\r\n<\/tr>\r\n    <\/tbody>\r\n  <\/table>\r\n<\/div>","_superior":"<div>\r\n<table class=\"quadro\">\r\n<thead>\r\n<tr>\r\n<th class=\"hcargo\">Cargo<\/th>\r\n<th class=\"hvagas\">Vagas<\/th>\r\n<th class=\"hremuneracao\">Remunera\u00e7\u00e3o<\/th>\r\n<\/tr>\r\n<\/thead>\r\n    <tbody>\r\n      <tr>\r\n<td class=\"ccargos\">\r\n<span data-balloon-length=\"medium\" aria-label=\"Curso superior de gradua\u00e7\u00e3o em Odontologia, em institui\u00e7\u00e3o de ensino superior reconhecida pelo Minist\u00e9rio da Educa\u00e7\u00e3o; Registro no conselho de classe.\" data-balloon-pos=\"up\">CIRURGI\u00c3O (A) DENTISTA<\/span><\/td>\r\n<td class=\"cvagas\">05<\/td>\r\n<td class=\"cremuneracao\">R$ 4.500,00 \/40h<\/td>\r\n<\/tr><tr>\r\n<td class=\"ccargos\">\r\n<span data-balloon-length=\"medium\" aria-label=\"Curso superior de gradua\u00e7\u00e3o em Enfermagem, em institui\u00e7\u00e3o de ensino superior reconhecida pelo Minist\u00e9rio da Educa\u00e7\u00e3o; Registro no conselho de classe.\" data-balloon-pos=\"up\">ENFERMEIRO (A)<\/span><\/td>\r\n<td class=\"cvagas\">01<\/td>\r\n<td class=\"cremuneracao\">R$ 3.800,00 \/40h<\/td>\r\n<\/tr><tr>\r\n<td class=\"ccargos\">\r\n<span data-balloon-length=\"medium\" aria-label=\"Curso superior de gradua\u00e7\u00e3o em Medicina, em institui\u00e7\u00e3o de ensino superior reconhecida pelo Minist\u00e9rio da Educa\u00e7\u00e3o; Registro no conselho da categoria.\" data-balloon-pos=\"up\">M\u00c9DICO (A) CL\u00cdNICO GERAL<\/span><\/td>\r\n<td class=\"cvagas\">03<\/td>\r\n<td class=\"cremuneracao\">R$ 9.950,00 \/40h<\/td>\r\n<\/tr><tr>\r\n<td class=\"ccargos\">\r\n<span data-balloon-length=\"medium\" aria-label=\"Curso superior de gradua\u00e7\u00e3o em Veterin\u00e1ria, em institui\u00e7\u00e3o de ensino superior reconhecida pelo Minist\u00e9rio da Educa\u00e7\u00e3o; Registro no conselho da categoria.\" data-balloon-pos=\"up\">M\u00c9DICO (A) VETERIN\u00c1RIO (A)<\/span><\/td>\r\n<td class=\"cvagas\">01<\/td>\r\n<td class=\"cremuneracao\">R$ 3.800,00 \/40h<\/td>\r\n<\/tr>\r\n    <\/tbody>\r\n  <\/table>\r\n<\/div>"},"_links":{"self":[{"href":"https:\/\/www.agrobase.com.br\/concursos\/wp-json\/wp\/v2\/posts\/275520","targetHints":{"allow":["GET"]}}],"collection":[{"href":"https:\/\/www.agrobase.com.br\/concursos\/wp-json\/wp\/v2\/posts"}],"about":[{"href":"https:\/\/www.agrobase.com.br\/concursos\/wp-json\/wp\/v2\/types\/post"}],"author":[{"embeddable":true,"href":"https:\/\/www.agrobase.com.br\/concursos\/wp-json\/wp\/v2\/users\/5229"}],"replies":[{"embeddable":true,"href":"https:\/\/www.agrobase.com.br\/concursos\/wp-json\/wp\/v2\/comments?post=275520"}],"version-history":[{"count":5,"href":"https:\/\/www.agrobase.com.br\/concursos\/wp-json\/wp\/v2\/posts\/275520\/revisions"}],"predecessor-version":[{"id":276848,"href":"https:\/\/www.agrobase.com.br\/concursos\/wp-json\/wp\/v2\/posts\/275520\/revisions\/276848"}],"wp:featuredmedia":[{"embeddable":true,"href":"https:\/\/www.agrobase.com.br\/concursos\/wp-json\/wp\/v2\/media\/275519"}],"wp:attachment":[{"href":"https:\/\/www.agrobase.com.br\/concursos\/wp-json\/wp\/v2\/media?parent=275520"}],"wp:term":[{"taxonomy":"category","embeddable":true,"href":"https:\/\/www.agrobase.com.br\/concursos\/wp-json\/wp\/v2\/categories?post=275520"},{"taxonomy":"post_tag","embeddable":true,"href":"https:\/\/www.agrobase.com.br\/concursos\/wp-json\/wp\/v2\/tags?post=275520"},{"taxonomy":"_amplo","embeddable":true,"href":"https:\/\/www.agrobase.com.br\/concursos\/wp-json\/wp\/v2\/_amplo?post=275520"},{"taxonomy":"destaque","embeddable":true,"href":"https:\/\/www.agrobase.com.br\/concursos\/wp-json\/wp\/v2\/destaque?post=275520"},{"taxonomy":"instituicoes","embeddable":true,"href":"https:\/\/www.agrobase.com.br\/concursos\/wp-json\/wp\/v2\/instituicoes?post=275520"}],"curies":[{"name":"wp","href":"https:\/\/api.w.org\/{rel}","templated":true}]}}