{"id":275466,"date":"2025-12-18T07:50:46","date_gmt":"2025-12-18T10:50:46","guid":{"rendered":"https:\/\/www.agrobase.com.br\/concursos\/?p=275466"},"modified":"2025-12-17T18:33:10","modified_gmt":"2025-12-17T21:33:10","slug":"prefeitura-paranaiba-ms-selecao-simplificada-052-2025","status":"publish","type":"post","link":"https:\/\/www.agrobase.com.br\/concursos\/2025\/prefeitura-paranaiba-ms-selecao-simplificada-052-2025\/","title":{"rendered":"Prefeitura Parana\u00edba (MS) &#8211; Sele\u00e7\u00e3o Simplificada 052\/2025"},"content":{"rendered":"<h2>Informa\u00e7\u00f5es Gerais<\/h2>\n<p>A <strong>Prefeitura de Parana\u00edba<\/strong>, no estado de Mato Grosso do Sul, atrav\u00e9s da Secretaria Municipal de Educa\u00e7\u00e3o (SEMED), torna p\u00fablica a realiza\u00e7\u00e3o de um novo <strong>Processo Seletivo Simplificado<\/strong>. O certame visa a forma\u00e7\u00e3o de cadastro reserva para contrata\u00e7\u00e3o tempor\u00e1ria de profissionais, com o objetivo de atender \u00e0s necessidades excepcionais da Rede Municipal de Ensino, abrangendo escolas urbanas, rurais e Centros de Educa\u00e7\u00e3o Infantil.<\/p>\n<p>As oportunidades contemplam candidatos com n\u00edveis de escolaridade <strong>Fundamental (incompleto e completo), M\u00e9dio\/T\u00e9cnico e Superior<\/strong>. As vagas est\u00e3o distribu\u00eddas entre fun\u00e7\u00f5es de apoio operacional, administrativo, transporte escolar e doc\u00eancia. Merece destaque a oferta de vaga para <strong>Nutricionista<\/strong>, \u00e1rea de grande relev\u00e2ncia para a gest\u00e3o da alimenta\u00e7\u00e3o escolar, al\u00e9m de cargos para Psic\u00f3logo e Assistente Social.<\/p>\n<p>Os contratos ter\u00e3o validade de um ano, podendo ser prorrogados por igual per\u00edodo. Se voc\u00ea busca uma oportunidade de atuar no servi\u00e7o p\u00fablico municipal, confira a seguir os detalhes sobre prazos, etapas e requisitos.<\/p>\n<h2>Inscri\u00e7\u00f5es<\/h2>\n<p>As inscri\u00e7\u00f5es para o processo seletivo s\u00e3o <strong>gratuitas<\/strong> e devem ser realizadas exclusivamente pela internet. O candidato deve acessar o portal oficial do munic\u00edpio para preencher o formul\u00e1rio eletr\u00f4nico.<\/p>\n<p><strong>Aten\u00e7\u00e3o ao procedimento de envio de documentos:<\/strong> Antes de concluir a inscri\u00e7\u00e3o, \u00e9 obrigat\u00f3rio enviar, em formato <strong>PDF leg\u00edvel<\/strong> (frente e verso), toda a documenta\u00e7\u00e3o pessoal, titula\u00e7\u00e3o acad\u00eamica e comprovantes de tempo de servi\u00e7o exigidos. A falta desse envio ou arquivos corrompidos podem invalidar a participa\u00e7\u00e3o.<\/p>\n<p>O edital permite que o candidato se inscreva para at\u00e9 dois cargos, respeitando as seguintes combina\u00e7\u00f5es: dois cargos de professor, dois cargos administrativos, ou um de cada categoria. Recomendamos a leitura atenta do edital para conferir a lista completa de documentos necess\u00e1rios.<\/p>\n<h2>Etapas e Provas<\/h2>\n<p>Diferente de concursos tradicionais, este Processo Seletivo Simplificado <strong>n\u00e3o contar\u00e1 com provas objetivas<\/strong>. A sele\u00e7\u00e3o dos candidatos ser\u00e1 feita exclusivamente por meio de an\u00e1lise documental, de car\u00e1ter classificat\u00f3rio.<\/p>\n<p>As etapas de avalia\u00e7\u00e3o compreendem:<\/p>\n<ul>\n<li><strong>Avalia\u00e7\u00e3o Curricular de T\u00edtulos:<\/strong> Pontua\u00e7\u00e3o atribu\u00edda conforme a qualifica\u00e7\u00e3o acad\u00eamica e cursos de aperfei\u00e7oamento apresentados.<\/li>\n<li><strong>Experi\u00eancia Profissional:<\/strong> Contagem de tempo de servi\u00e7o na \u00e1rea de atua\u00e7\u00e3o pleiteada.<\/li>\n<\/ul>\n<p>Somente ser\u00e3o considerados aptos os candidatos que comprovarem a escolaridade m\u00ednima exigida para o cargo. \u00c9 fundamental que os certificados e diplomas sejam emitidos por institui\u00e7\u00f5es reconhecidas por autoridade p\u00fablica competente. Para detalhes sobre a tabela de pontua\u00e7\u00e3o, consulte o edital completo.<\/p>\n<h2>Resultados e Gabarito<\/h2>\n<p>A classifica\u00e7\u00e3o final ser\u00e1 definida pela ordem decrescente da pontua\u00e7\u00e3o obtida no somat\u00f3rio dos t\u00edtulos e da experi\u00eancia profissional. Os resultados preliminares e definitivos ser\u00e3o divulgados no site oficial da Prefeitura de Parana\u00edba e no Di\u00e1rio Oficial do Munic\u00edpio.<\/p>\n<p>Em caso de empate na pontua\u00e7\u00e3o total, ser\u00e3o aplicados os seguintes crit\u00e9rios de desempate, nesta ordem:<\/p>\n<ul>\n<li>Maior idade;<\/li>\n<li>Sorteio considerando hora, minuto e segundo do nascimento (conforme certid\u00e3o);<\/li>\n<li>Maior tempo de servi\u00e7o na \u00e1rea;<\/li>\n<li>Maior pontua\u00e7\u00e3o por t\u00edtulos.<\/li>\n<\/ul>\n<p>Ap\u00f3s a fase de recursos, o resultado final ser\u00e1 homologado pela Secretaria Municipal de Educa\u00e7\u00e3o. \u00c9 de <strong>inteira responsabilidade do candidato<\/strong> acompanhar as publica\u00e7\u00f5es de todos os atos, editais e convoca\u00e7\u00f5es diretamente nos canais oficiais da banca organizadora.<\/p>\n","protected":false},"excerpt":{"rendered":"<p>Sel. Simplificada Pref. Parana\u00edba (MS) com edital publicado! Vagas p\/ Professor e Psic\u00f3logo (Fund. a Sup.). Inscri\u00e7\u00f5es a partir de 10\/12. Confira detalhes!<\/p>\n","protected":false},"author":5229,"featured_media":275465,"comment_status":"open","ping_status":"open","sticky":false,"template":"","format":"standard","meta":{"_acf_changed":false,"_breakdance_hide_in_design_set":false,"_breakdance_tags":"","footnotes":""},"categories":[145,140,6433,141,6434,6436,19,111,100,20,6871,116,23,25,26,6435,101],"tags":[48],"_amplo":[],"destaque":[],"instituicoes":[],"class_list":["post-275466","post","type-post","status-publish","format-standard","has-post-thumbnail","hentry","category-artes-cenicas","category-artes-plasticas","category-biologia-licenciatura","category-educacao-artistica","category-educacao-fisica-licenciatura","category-fisica-licenciatura","category-fonoaudiologia","category-geografia","category-historia","category-letras","category-letras-ingles","category-matematica","category-nutricao","category-pedagogia","category-psicologia","category-quimica-licenciatura","category-servico-social","tag-mato-grosso-do-sul"],"acf":{"_tipo_vagas":"vagas","_numero_vagas":"","_quadro_vagas":"","_cargos":"diversos","_cargos_especificos":"","_salario_max":"R$ 4608.41","_abertura":"20251210","_encerramento":"20260105","_inscricoes":"http:\/\/www.paranaiba.ms.gov.br","_executora_concurso":"","_instituicao_concurso":[],"_link_adicional":null,"_anexos":null,"_produtos":null,"_vagas":"CR","_salario_min":"R$ 1518","_instituicao":"Prefeitura de Parana\u00edba","_edital":"https:\/\/www.agrobase.com.br\/concursos\/wp-content\/uploads\/sites\/4\/2025\/12\/edital-052-2025-prefeitura-de-paranaiba-ms.pdf","_anexos_edital":"","_fund_incompleto":"<div>\r\n<table class=\"quadro\">\r\n<thead>\r\n<tr>\r\n<th class=\"hcargo\">Cargo<\/th>\r\n<th class=\"hvagas\">Vagas<\/th>\r\n<th class=\"hremuneracao\">Remunera\u00e7\u00e3o<\/th>\r\n<\/tr>\r\n<\/thead>\r\n    <tbody>\r\n      <td class=\"ccargos\">\r\n<span data-balloon-length=\"medium\" aria-label=\"Alfabetizado; Requisitos exigidos de acordo com o inciso IV, do art. 143 e art. 138 do CTB: Ter idade superior a 21 anos; Ser habilitado na categoria \u201cD\u201d; N\u00e3o ter cometido nenhuma infra\u00e7\u00e3o grave ou grav\u00edssima, ou ser reincidente em infra\u00e7\u00f5es m\u00e9dias durante os doze \u00faltimos meses; Ser aprovado em curso especializado, nos termos da regulamenta\u00e7\u00e3o do CONTRAN; N\u00e3o estar cumprindo pena de suspens\u00e3o do direito de dirigir, cassa\u00e7\u00e3o da carteira nacional de habilita\u00e7\u00e3o\/CNH, pena decorrente de crime de tr\u00e2nsito, bem como n\u00e3o estar impedido judicialmente de exercer seus direitos.\" data-balloon-pos=\"up\">Motorista - Transporte Escolar<\/span><\/td>\r\n<td class=\"cvagas\">CR<\/td>\r\n<td class=\"cremuneracao\">R$ 1.863,91 \/40h<\/td>\r\n<\/tr><td class=\"ccargos\">\r\n<span data-balloon-length=\"medium\" aria-label=\"Alfabetizado.\" data-balloon-pos=\"up\">Cozinheiro<\/span><\/td>\r\n<td class=\"cvagas\">CR<\/td>\r\n<td class=\"cremuneracao\">R$ 1.518,00 \/40h<\/td>\r\n<\/tr><td class=\"ccargos\">\r\n<span data-balloon-length=\"medium\" aria-label=\"Alfabetizado.\" data-balloon-pos=\"up\">Servi\u00e7os Gerais Feminino<\/span><\/td>\r\n<td class=\"cvagas\">CR<\/td>\r\n<td class=\"cremuneracao\">R$ 1.518,00 \/40h<\/td>\r\n<\/tr><td class=\"ccargos\">\r\n<span data-balloon-length=\"medium\" aria-label=\"Alfabetizado.\" data-balloon-pos=\"up\">Servi\u00e7os Gerais Masculino<\/span><\/td>\r\n<td class=\"cvagas\">CR<\/td>\r\n<td class=\"cremuneracao\">R$ 1.518,00 \/40h<\/td>\r\n<\/tr><td class=\"ccargos\">\r\n<span data-balloon-length=\"medium\" aria-label=\"Alfabetizado.\" data-balloon-pos=\"up\">Auxiliar de Creche<\/span><\/td>\r\n<td class=\"cvagas\">CR<\/td>\r\n<td class=\"cremuneracao\">R$ 1.645,85 \/40h<\/td>\r\n<\/tr>\r\n    <\/tbody>\r\n  <\/table>\r\n<\/div>","_fund_completo":"<div>\r\n<table class=\"quadro\">\r\n<thead>\r\n<tr>\r\n<th class=\"hcargo\">Cargo<\/th>\r\n<th class=\"hvagas\">Vagas<\/th>\r\n<th class=\"hremuneracao\">Remunera\u00e7\u00e3o<\/th>\r\n<\/tr>\r\n<\/thead>\r\n    <tbody>\r\n      <td class=\"ccargos\">\r\n<span data-balloon-length=\"medium\" aria-label=\"Ensino Fundamental Completo.\" data-balloon-pos=\"up\">Vigia<\/span><\/td>\r\n<td class=\"cvagas\">CR<\/td>\r\n<td class=\"cremuneracao\">R$ 1.863,91 \/40h<\/td>\r\n<\/tr>\r\n    <\/tbody>\r\n  <\/table>\r\n<\/div>","_medio":"<div>\r\n<table class=\"quadro\">\r\n<thead>\r\n<tr>\r\n<th class=\"hcargo\">Cargo<\/th>\r\n<th class=\"hvagas\">Vagas<\/th>\r\n<th class=\"hremuneracao\">Remunera\u00e7\u00e3o<\/th>\r\n<\/tr>\r\n<\/thead>\r\n    <tbody>\r\n      <td class=\"ccargos\">\r\n<span data-balloon-length=\"medium\" aria-label=\"Normal M\u00e9dio, Magist\u00e9rio de 1\u00ba Grau e CEFAM.\" data-balloon-pos=\"up\">Monitor da Educa\u00e7\u00e3o Infantil<\/span><\/td>\r\n<td class=\"cvagas\">CR<\/td>\r\n<td class=\"cremuneracao\">R$ 1.975,03 \/40h<\/td>\r\n<\/tr><td class=\"ccargos\">\r\n<span data-balloon-length=\"medium\" aria-label=\"Normal M\u00e9dio, Magist\u00e9rio de 1\u00ba Grau, CEFAM ou Gradua\u00e7\u00e3o em N\u00edvel Superior.\" data-balloon-pos=\"up\">Monitor - Profissional de Servi\u00e7o de Apoio para Estudantes P\u00fablico Alvo de Educa\u00e7\u00e3o Especial<\/span><\/td>\r\n<td class=\"cvagas\">CR<\/td>\r\n<td class=\"cremuneracao\">R$ 1.975,03 \/40h<\/td>\r\n<\/tr><td class=\"ccargos\">\r\n<span data-balloon-length=\"medium\" aria-label=\"Ensino M\u00e9dio Completo.\" data-balloon-pos=\"up\">Agente Administrativo<\/span><\/td>\r\n<td class=\"cvagas\">CR<\/td>\r\n<td class=\"cremuneracao\">R$ 1.975,03 \/40h<\/td>\r\n<\/tr>\r\n    <\/tbody>\r\n  <\/table>\r\n<\/div>","_superior":"<div>\r\n<table class=\"quadro\">\r\n<thead>\r\n<tr>\r\n<th class=\"hcargo\">Cargo<\/th>\r\n<th class=\"hvagas\">Vagas<\/th>\r\n<th class=\"hremuneracao\">Remunera\u00e7\u00e3o<\/th>\r\n<\/tr>\r\n<\/thead>\r\n    <tbody>\r\n      <tr>\r\n<td class=\"ccargos\">\r\n<span data-balloon-length=\"medium\" aria-label=\"Licenciatura Plena em Pedagogia com Habilita\u00e7\u00e3o em Educa\u00e7\u00e3o Infantil.\" data-balloon-pos=\"up\">Professor N\u00edvel II - Educa\u00e7\u00e3o Infantil<\/span><\/td>\r\n<td class=\"cvagas\">CR<\/td>\r\n<td class=\"cremuneracao\">R$ 3.129,00 \/20h<\/td>\r\n<\/tr><tr>\r\n<td class=\"ccargos\">\r\n<span data-balloon-length=\"medium\" aria-label=\"Licenciatura Plena em Pedagogia com habilita\u00e7\u00e3o para os anos iniciais do Ensino Fundamental.\" data-balloon-pos=\"up\">Professor N\u00edvel II - Ensino Fundamental I (1\u00ba ao 5\u00ba)<\/span><\/td>\r\n<td class=\"cvagas\">CR<\/td>\r\n<td class=\"cremuneracao\">R$ 3.129,00 \/20h<\/td>\r\n<\/tr><tr>\r\n<td class=\"ccargos\">\r\n<span data-balloon-length=\"medium\" aria-label=\"Curso Superior de Licenciatura de Gradua\u00e7\u00e3o Plena, com Habilita\u00e7\u00e3o especifica em \u00e1rea pr\u00f3pria.\" data-balloon-pos=\"up\">Professor N\u00edvel II - Ensino Fundamental II (L\u00edngua Estrangeira Moderna\/Ingl\u00eas)<\/span><\/td>\r\n<td class=\"cvagas\">CR<\/td>\r\n<td class=\"cremuneracao\">R$ 3.129,00 \/20h<\/td>\r\n<\/tr><tr>\r\n<td class=\"ccargos\">\r\n<span data-balloon-length=\"medium\" aria-label=\"Curso Superior de Licenciatura de Gradua\u00e7\u00e3o Plena, com Habilita\u00e7\u00e3o especifica em \u00e1rea pr\u00f3pria.\" data-balloon-pos=\"up\">Professor N\u00edvel II - Ensino Fundamental II (L\u00edngua Portuguesa)<\/span><\/td>\r\n<td class=\"cvagas\">CR<\/td>\r\n<td class=\"cremuneracao\">R$ 3.129,00 \/20h<\/td>\r\n<\/tr><tr>\r\n<td class=\"ccargos\">\r\n<span data-balloon-length=\"medium\" aria-label=\"Curso Superior de Licenciatura de Gradua\u00e7\u00e3o Plena, com Habilita\u00e7\u00e3o especifica em \u00e1rea pr\u00f3pria.\" data-balloon-pos=\"up\">Professor N\u00edvel II - Ensino Fundamental II (Matem\u00e1tica)<\/span><\/td>\r\n<td class=\"cvagas\">CR<\/td>\r\n<td class=\"cremuneracao\">R$ 3.129,00 \/20h<\/td>\r\n<\/tr><tr>\r\n<td class=\"ccargos\">\r\n<span data-balloon-length=\"medium\" aria-label=\"Curso Superior de Licenciatura de Gradua\u00e7\u00e3o Plena, com Habilita\u00e7\u00e3o especifica em \u00e1rea pr\u00f3pria.\" data-balloon-pos=\"up\">Professor N\u00edvel II - Ensino Fundamental II (Hist\u00f3ria)<\/span><\/td>\r\n<td class=\"cvagas\">CR<\/td>\r\n<td class=\"cremuneracao\">R$ 3.129,00 \/20h<\/td>\r\n<\/tr><tr>\r\n<td class=\"ccargos\">\r\n<span data-balloon-length=\"medium\" aria-label=\"Curso Superior de Licenciatura de Gradua\u00e7\u00e3o Plena, com Habilita\u00e7\u00e3o especifica em \u00e1rea pr\u00f3pria.\" data-balloon-pos=\"up\">Professor N\u00edvel II - Ensino Fundamental II (Geografia)<\/span><\/td>\r\n<td class=\"cvagas\">CR<\/td>\r\n<td class=\"cremuneracao\">R$ 3.129,00 \/20h<\/td>\r\n<\/tr><tr>\r\n<td class=\"ccargos\">\r\n<span data-balloon-length=\"medium\" aria-label=\"Curso Superior de Licenciatura de Gradua\u00e7\u00e3o Plena, com Habilita\u00e7\u00e3o especifica em \u00e1rea pr\u00f3pria.\" data-balloon-pos=\"up\">Professor N\u00edvel II \u2013 Educa\u00e7\u00e3o F\u00edsica<\/span><\/td>\r\n<td class=\"cvagas\">CR<\/td>\r\n<td class=\"cremuneracao\">R$ 3.129,00 \/20h<\/td>\r\n<\/tr><tr>\r\n<td class=\"ccargos\">\r\n<span data-balloon-length=\"medium\" aria-label=\"Curso Superior de Licenciatura de Gradua\u00e7\u00e3o Plena, com Habilita\u00e7\u00e3o especifica em \u00e1rea pr\u00f3pria. (artes c\u00eanicas, artes visuais e correlatos).\" data-balloon-pos=\"up\">Professor N\u00edvel II - Ensino Fundamental II (Arte)<\/span><\/td>\r\n<td class=\"cvagas\">CR<\/td>\r\n<td class=\"cremuneracao\">R$ 3.129,00 \/20h<\/td>\r\n<\/tr><tr>\r\n<td class=\"ccargos\">\r\n<span data-balloon-length=\"medium\" aria-label=\"Curso Superior de Licenciatura de Gradua\u00e7\u00e3o Plena, com Habilita\u00e7\u00e3o especifica em \u00e1rea pr\u00f3pria.\" data-balloon-pos=\"up\">Professor N\u00edvel II - Ensino Fundamental II (Ci\u00eancias)<\/span><\/td>\r\n<td class=\"cvagas\">CR<\/td>\r\n<td class=\"cremuneracao\">R$ 3.129,00 \/20h<\/td>\r\n<\/tr><tr>\r\n<td class=\"ccargos\">\r\n<span data-balloon-length=\"medium\" aria-label=\"Licenciatura Plena em Pedagogia com especializa\u00e7\u00e3o em Educa\u00e7\u00e3o Especial\/Inclusiva.\" data-balloon-pos=\"up\">Professor N\u00edvel II - Especialista em Educa\u00e7\u00e3o Especial<\/span><\/td>\r\n<td class=\"cvagas\">CR<\/td>\r\n<td class=\"cremuneracao\">R$ 3.129,00 \/20h<\/td>\r\n<\/tr><tr>\r\n<td class=\"ccargos\">\r\n<span data-balloon-length=\"medium\" aria-label=\"Licenciatura Plena em Pedagogia com especializa\u00e7\u00e3o em Educa\u00e7\u00e3o Especial\/Inclusiva.\" data-balloon-pos=\"up\">Professor N\u00edvel II - Especialista em Educa\u00e7\u00e3o Especial\/LIBRAS<\/span><\/td>\r\n<td class=\"cvagas\">CR<\/td>\r\n<td class=\"cremuneracao\">R$ 3.129,00 \/20h<\/td>\r\n<\/tr><tr>\r\n<td class=\"ccargos\">\r\n<span data-balloon-length=\"medium\" aria-label=\"O professor int\u00e9rprete de Libras dever\u00e1 ser ouvinte. Licenciatura Plena em Pedagogia, acrescida de Profici\u00eancia no Ensino da L\u00edngua Brasileira de Sinais PROLIBRAS; ou em outras \u00e1reas de conhecimento relacionadas \u00e0 educa\u00e7\u00e3o, com especializa\u00e7\u00e3o em Libras acrescida de Profici\u00eancia no Ensino da L\u00edngua Brasileira de Sinais \u2013 PROLIBRAS; e\/ou, gradua\u00e7\u00e3o em Letras\/Libras, acrescida de Profici\u00eancia no Ensino da L\u00edngua Brasileira de Sinais \u2013 PROLIBRAS.\" data-balloon-pos=\"up\">Professor Int\u00e9rprete de Libras<\/span><\/td>\r\n<td class=\"cvagas\">CR<\/td>\r\n<td class=\"cremuneracao\">R$ 3.129,00 \/20h<\/td>\r\n<\/tr><tr>\r\n<td class=\"ccargos\">\r\n<span data-balloon-length=\"medium\" aria-label=\"Curso superior completo em Psicologia com Registro no Conselho ou \u00d3rg\u00e3o Fiscalizador do Exerc\u00edcio da Profiss\u00e3o e, que esteja cursando ou possua especializa\u00e7\u00e3o ou forma\u00e7\u00e3o em \u00e1rea educacional (exig\u00eancia da 1\u00aa Promotoria de Justi\u00e7a da Comarca de Parana\u00edba-MS).\" data-balloon-pos=\"up\">Psic\u00f3logo<\/span><\/td>\r\n<td class=\"cvagas\">CR<\/td>\r\n<td class=\"cremuneracao\">R$ 4.608,41 \/40h<\/td>\r\n<\/tr><tr>\r\n<td class=\"ccargos\">\r\n<span data-balloon-length=\"medium\" aria-label=\"Curso superior completo com Registro no Conselho ou \u00d3rg\u00e3o Fiscalizador do Exerc\u00edcio da Profiss\u00e3o e, que esteja cursando ou possua especializa\u00e7\u00e3o ou forma\u00e7\u00e3o em \u00e1rea educacional (exig\u00eancia da 1\u00aa Promotoria de Justi\u00e7a da Comarca de Parana\u00edba-MS).\" data-balloon-pos=\"up\">Assistente Social<\/span><\/td>\r\n<td class=\"cvagas\">CR<\/td>\r\n<td class=\"cremuneracao\">R$ 4.608,41 \/40h<\/td>\r\n<\/tr><tr>\r\n<td class=\"ccargos\">\r\n<span data-balloon-length=\"medium\" aria-label=\"Curso de especializa\u00e7\u00e3o em Psicopedagogia, para os candidatos que tenham conclu\u00eddo Gradua\u00e7\u00e3o em Pedagogia, Psicologia, Fonoaudiologia ou outra Licenciatura.\" data-balloon-pos=\"up\">Psicopedagogo<\/span><\/td>\r\n<td class=\"cvagas\">CR<\/td>\r\n<td class=\"cremuneracao\">R$ 3.730,59 \/20h<\/td>\r\n<\/tr><tr>\r\n<td class=\"ccargos\">\r\n<span data-balloon-length=\"medium\" aria-label=\"Superior em Nutri\u00e7\u00e3o com registro em entidade de classe.\" data-balloon-pos=\"up\">Nutricionista<\/span><\/td>\r\n<td class=\"cvagas\">CR<\/td>\r\n<td class=\"cremuneracao\">R$ 4.608,41 \/40h<\/td>\r\n<\/tr>\r\n    <\/tbody>\r\n  <\/table>\r\n<\/div>"},"_links":{"self":[{"href":"https:\/\/www.agrobase.com.br\/concursos\/wp-json\/wp\/v2\/posts\/275466","targetHints":{"allow":["GET"]}}],"collection":[{"href":"https:\/\/www.agrobase.com.br\/concursos\/wp-json\/wp\/v2\/posts"}],"about":[{"href":"https:\/\/www.agrobase.com.br\/concursos\/wp-json\/wp\/v2\/types\/post"}],"author":[{"embeddable":true,"href":"https:\/\/www.agrobase.com.br\/concursos\/wp-json\/wp\/v2\/users\/5229"}],"replies":[{"embeddable":true,"href":"https:\/\/www.agrobase.com.br\/concursos\/wp-json\/wp\/v2\/comments?post=275466"}],"version-history":[{"count":2,"href":"https:\/\/www.agrobase.com.br\/concursos\/wp-json\/wp\/v2\/posts\/275466\/revisions"}],"predecessor-version":[{"id":275538,"href":"https:\/\/www.agrobase.com.br\/concursos\/wp-json\/wp\/v2\/posts\/275466\/revisions\/275538"}],"wp:featuredmedia":[{"embeddable":true,"href":"https:\/\/www.agrobase.com.br\/concursos\/wp-json\/wp\/v2\/media\/275465"}],"wp:attachment":[{"href":"https:\/\/www.agrobase.com.br\/concursos\/wp-json\/wp\/v2\/media?parent=275466"}],"wp:term":[{"taxonomy":"category","embeddable":true,"href":"https:\/\/www.agrobase.com.br\/concursos\/wp-json\/wp\/v2\/categories?post=275466"},{"taxonomy":"post_tag","embeddable":true,"href":"https:\/\/www.agrobase.com.br\/concursos\/wp-json\/wp\/v2\/tags?post=275466"},{"taxonomy":"_amplo","embeddable":true,"href":"https:\/\/www.agrobase.com.br\/concursos\/wp-json\/wp\/v2\/_amplo?post=275466"},{"taxonomy":"destaque","embeddable":true,"href":"https:\/\/www.agrobase.com.br\/concursos\/wp-json\/wp\/v2\/destaque?post=275466"},{"taxonomy":"instituicoes","embeddable":true,"href":"https:\/\/www.agrobase.com.br\/concursos\/wp-json\/wp\/v2\/instituicoes?post=275466"}],"curies":[{"name":"wp","href":"https:\/\/api.w.org\/{rel}","templated":true}]}}