{"id":275386,"date":"2025-12-17T07:45:41","date_gmt":"2025-12-17T10:45:41","guid":{"rendered":"https:\/\/www.agrobase.com.br\/concursos\/?p=275386"},"modified":"2025-12-16T18:35:54","modified_gmt":"2025-12-16T21:35:54","slug":"prefeitura-cumaru-do-norte-pa-selecao-simplificada-05-2025","status":"publish","type":"post","link":"https:\/\/www.agrobase.com.br\/concursos\/2025\/prefeitura-cumaru-do-norte-pa-selecao-simplificada-05-2025\/","title":{"rendered":"Prefeitura Cumaru do Norte (PA) &#8211; Sele\u00e7\u00e3o Simplificada 05\/2025"},"content":{"rendered":"<h2>Informa\u00e7\u00f5es Gerais<\/h2>\n<p>A <strong>Prefeitura Municipal de Cumaru do Norte<\/strong>, no estado do Par\u00e1, publicou edital para a realiza\u00e7\u00e3o de um novo Processo Seletivo Simplificado (PSS). O certame visa o preenchimento de <strong>23 vagas imediatas<\/strong>, al\u00e9m da forma\u00e7\u00e3o de cadastro reserva, para atender \u00e0s necessidades da Secretaria Municipal de Meio Ambiente. As oportunidades contemplam candidatos com n\u00edveis de escolaridade fundamental (incompleto e completo), m\u00e9dio\/t\u00e9cnico e superior.<\/p>\n<p>As fun\u00e7\u00f5es s\u00e3o tempor\u00e1rias, com regime de trabalho de 40 horas semanais. Dentre as oportunidades ofertadas, h\u00e1 destaque especial para profissionais das \u00e1reas de <strong>Engenharia Agron\u00f4mica<\/strong> e <strong>Engenharia Ambiental<\/strong>, al\u00e9m de vagas para Ge\u00f3logo e T\u00e9cnico em Meio Ambiente. Os sal\u00e1rios variam entre R$ 1.518,00 e R$ 4.000,00. Confira a seguir os detalhes sobre prazos, etapas e crit\u00e9rios de avalia\u00e7\u00e3o.<\/p>\n<h2>Inscri\u00e7\u00f5es<\/h2>\n<p>As inscri\u00e7\u00f5es para o Processo Seletivo Simplificado s\u00e3o <strong>gratuitas<\/strong> (isen\u00e7\u00e3o total da taxa) e devem ser realizadas exclusivamente na modalidade <strong>presencial<\/strong>. Os interessados devem comparecer \u00e0 sede da Prefeitura Municipal de Cumaru do Norte (Avenida das Na\u00e7\u00f5es, s\/n\u00ba), respeitando o hor\u00e1rio de atendimento das 08h \u00e0s 18h.<\/p>\n<p>O per\u00edodo de inscri\u00e7\u00e3o \u00e9 extremamente curto, ocorrendo apenas entre os dias <strong>22 e 23 de dezembro de 2025<\/strong>. No ato, o candidato deve preencher o formul\u00e1rio de inscri\u00e7\u00e3o e entregar c\u00f3pias simples dos documentos obrigat\u00f3rios, incluindo:<\/p>\n<ul>\n<li>Documento de identidade oficial com foto e CPF;<\/li>\n<li>Comprovante de resid\u00eancia (emitido nos \u00faltimos 90 dias);<\/li>\n<li>Comprovante de escolaridade exigido para o cargo;<\/li>\n<li>Certid\u00e3o de quita\u00e7\u00e3o eleitoral e antecedentes criminais.<\/li>\n<\/ul>\n<p>\u00c9 fundamental que o candidato leia atentamente o edital para garantir a entrega correta de toda a documenta\u00e7\u00e3o, pois a falta de qualquer item acarretar\u00e1 na elimina\u00e7\u00e3o autom\u00e1tica.<\/p>\n<h2>Etapas e Provas<\/h2>\n<p>A sele\u00e7\u00e3o dos candidatos ser\u00e1 realizada por meio de etapas distintas, variando conforme o cargo pretendido. O processo visa avaliar tanto a qualifica\u00e7\u00e3o documental quanto o perfil profissional dos inscritos. As fases compreendem:<\/p>\n<ul>\n<li><strong>Primeira Fase (Eliminat\u00f3ria):<\/strong> Inscri\u00e7\u00e3o e confer\u00eancia dos documentos obrigat\u00f3rios apresentados.<\/li>\n<li><strong>Segunda Fase (Classificat\u00f3ria):<\/strong> Avalia\u00e7\u00e3o de T\u00edtulos e Curricular, onde ser\u00e3o pontuados certificados e experi\u00eancias profissionais comprovadas at\u00e9 a data da inscri\u00e7\u00e3o.<\/li>\n<li><strong>Terceira Fase (Eliminat\u00f3ria e Classificat\u00f3ria):<\/strong> Entrevista pessoal para os candidatos classificados na fase anterior. Ser\u00e1 aprovado quem obtiver nota m\u00ednima de 2,0 pontos.<\/li>\n<li><strong>Prova Pr\u00e1tica (Eliminat\u00f3ria):<\/strong> Demonstra\u00e7\u00e3o de conhecimento t\u00e9cnico espec\u00edfico, aplicada apenas para alguns cargos determinados pela administra\u00e7\u00e3o.<\/li>\n<\/ul>\n<p>As entrevistas est\u00e3o previstas para ocorrer entre os dias 19 e 21 de janeiro de 2026. Recomendamos a leitura integral do edital para compreender os crit\u00e9rios espec\u00edficos de pontua\u00e7\u00e3o da an\u00e1lise curricular.<\/p>\n<h2>Resultados e Gabarito<\/h2>\n<p>O cronograma prev\u00ea a divulga\u00e7\u00e3o do resultado preliminar da primeira e segunda fases para o dia 12 de janeiro de 2026. A divulga\u00e7\u00e3o do <strong>Resultado Final Definitivo<\/strong> est\u00e1 agendada para <strong>23 de janeiro de 2026<\/strong>, com homologa\u00e7\u00e3o prevista para o dia 26 de janeiro de 2026.<\/p>\n<p>Em caso de empate na classifica\u00e7\u00e3o final, ser\u00e3o aplicados os seguintes crit\u00e9rios, nesta ordem:<\/p>\n<ul>\n<li>Idade igual ou superior a 60 anos (Estatuto do Idoso);<\/li>\n<li>Maior pontua\u00e7\u00e3o na qualifica\u00e7\u00e3o profissional;<\/li>\n<li>Maior tempo de experi\u00eancia profissional na \u00e1rea;<\/li>\n<li>Maior tempo de v\u00ednculo anterior com a Prefeitura de Cumaru do Norte;<\/li>\n<li>Maior idade.<\/li>\n<\/ul>\n<p>O acompanhamento das publica\u00e7\u00f5es, convoca\u00e7\u00f5es e avisos oficiais no site da Prefeitura e no quadro de avisos do \u00f3rg\u00e3o \u00e9 de responsabilidade exclusiva do candidato.<\/p>\n","protected":false},"excerpt":{"rendered":"<p>Sel. Simplificada Pref. Cumaru do Norte (PA) com edital publicado! Vagas p\/ Agente e Engenheiro (Fund. a Sup.). Inscri\u00e7\u00f5es a partir de 22\/12. Confira!<\/p>\n","protected":false},"author":5229,"featured_media":275385,"comment_status":"open","ping_status":"open","sticky":false,"template":"","format":"standard","meta":{"_acf_changed":false,"_breakdance_hide_in_design_set":false,"_breakdance_tags":"","footnotes":""},"categories":[4,13,115,31],"tags":[51],"_amplo":[],"destaque":[],"instituicoes":[],"class_list":["post-275386","post","type-post","status-publish","format-standard","has-post-thumbnail","hentry","category-agronomia","category-engenharia-ambiental","category-geologia","category-tecnico-ambiental","tag-para"],"acf":{"_tipo_vagas":"vagas","_numero_vagas":"","_quadro_vagas":"","_cargos":"diversos","_cargos_especificos":"","_salario_max":"R$ 4000","_abertura":"20251222","_encerramento":"20251223","_inscricoes":"","_executora_concurso":"","_instituicao_concurso":[],"_link_adicional":null,"_anexos":null,"_produtos":null,"_vagas":"23 vagas","_salario_min":"R$ 1518","_instituicao":"Prefeitura de Cumaru do Norte","_edital":"https:\/\/www.agrobase.com.br\/concursos\/wp-content\/uploads\/sites\/4\/2025\/12\/edital-05-2025-prefeitura-cumaru-do-norte-pa.pdf","_anexos_edital":"","_fund_incompleto":"<div>\r\n<table class=\"quadro\">\r\n<thead>\r\n<tr>\r\n<th class=\"hcargo\">Cargo<\/th>\r\n<th class=\"hvagas\">Vagas<\/th>\r\n<th class=\"hremuneracao\">Remunera\u00e7\u00e3o<\/th>\r\n<\/tr>\r\n<\/thead>\r\n    <tbody>\r\n      <td class=\"ccargos\">\r\n<span data-balloon-length=\"medium\" aria-label=\"Ensino Fundamental Incompleto\" data-balloon-pos=\"up\">Agente de suporte operacional<\/span><\/td>\r\n<td class=\"cvagas\">16<\/td>\r\n<td class=\"cremuneracao\">R$ 1.518,00 \/40h<\/td>\r\n<\/tr>\r\n    <\/tbody>\r\n  <\/table>\r\n<\/div>","_fund_completo":"<div>\r\n<table class=\"quadro\">\r\n<thead>\r\n<tr>\r\n<th class=\"hcargo\">Cargo<\/th>\r\n<th class=\"hvagas\">Vagas<\/th>\r\n<th class=\"hremuneracao\">Remunera\u00e7\u00e3o<\/th>\r\n<\/tr>\r\n<\/thead>\r\n    <tbody>\r\n      <td class=\"ccargos\">\r\n<span data-balloon-length=\"medium\" aria-label=\"Ensino Fundamental Completo\" data-balloon-pos=\"up\">Agente auxiliar de administra\u00e7\u00e3o<\/span><\/td>\r\n<td class=\"cvagas\">01<\/td>\r\n<td class=\"cremuneracao\">R$ 1.518,00 \/40h<\/td>\r\n<\/tr><td class=\"ccargos\">\r\n<span data-balloon-length=\"medium\" aria-label=\"Ensino Fundamental Completo\" data-balloon-pos=\"up\">Agente fiscaliza\u00e7\u00e3o Ambiental<\/span><\/td>\r\n<td class=\"cvagas\">02<\/td>\r\n<td class=\"cremuneracao\">R$ 1.518,00 \/40h<\/td>\r\n<\/tr>\r\n    <\/tbody>\r\n  <\/table>\r\n<\/div>","_medio":"<div>\r\n<table class=\"quadro\">\r\n<thead>\r\n<tr>\r\n<th class=\"hcargo\">Cargo<\/th>\r\n<th class=\"hvagas\">Vagas<\/th>\r\n<th class=\"hremuneracao\">Remunera\u00e7\u00e3o<\/th>\r\n<\/tr>\r\n<\/thead>\r\n    <tbody>\r\n      <td class=\"ccargos\">\r\n<span data-balloon-length=\"medium\" aria-label=\"Ensino M\u00e9dio Completo; certificado de habilita\u00e7\u00e3o t\u00e9cnica\" data-balloon-pos=\"up\">T\u00e9cnico em Meio Ambiente<\/span><\/td>\r\n<td class=\"cvagas\">01<\/td>\r\n<td class=\"cremuneracao\">R$ 1.800,00 \/40h<\/td>\r\n<\/tr>\r\n    <\/tbody>\r\n  <\/table>\r\n<\/div>","_superior":"<div>\r\n<table class=\"quadro\">\r\n<thead>\r\n<tr>\r\n<th class=\"hcargo\">Cargo<\/th>\r\n<th class=\"hvagas\">Vagas<\/th>\r\n<th class=\"hremuneracao\">Remunera\u00e7\u00e3o<\/th>\r\n<\/tr>\r\n<\/thead>\r\n    <tbody>\r\n      <tr>\r\n<td class=\"ccargos\">\r\n<span data-balloon-length=\"medium\" aria-label=\"Gradua\u00e7\u00e3o em n\u00edvel Superior reconhecido pelo MEC - \u00e1rea Engenheira Agr\u00f4noma; Registro no Conselho Regional\" data-balloon-pos=\"up\">Engenheiro agr\u00f4nomo<\/span><\/td>\r\n<td class=\"cvagas\">01<\/td>\r\n<td class=\"cremuneracao\">R$ 4.000,00 \/40h<\/td>\r\n<\/tr><tr>\r\n<td class=\"ccargos\">\r\n<span data-balloon-length=\"medium\" aria-label=\"Gradua\u00e7\u00e3o em n\u00edvel Superior reconhecido pelo MEC - \u00e1rea Engenheira Ambiental; Registro no Conselho Regional\" data-balloon-pos=\"up\">Engenheiro ambiental<\/span><\/td>\r\n<td class=\"cvagas\">01<\/td>\r\n<td class=\"cremuneracao\">R$ 4.000,00 \/40h<\/td>\r\n<\/tr><tr>\r\n<td class=\"ccargos\">\r\n<span data-balloon-length=\"medium\" aria-label=\"Gradua\u00e7\u00e3o em n\u00edvel Superior reconhecido pelo MEC - \u00e1rea Geologia; Registro no Conselho Regional\" data-balloon-pos=\"up\">Ge\u00f3logo<\/span><\/td>\r\n<td class=\"cvagas\">01<\/td>\r\n<td class=\"cremuneracao\">R$ 4.000,00 \/40h<\/td>\r\n<\/tr>\r\n    <\/tbody>\r\n  <\/table>\r\n<\/div>"},"_links":{"self":[{"href":"https:\/\/www.agrobase.com.br\/concursos\/wp-json\/wp\/v2\/posts\/275386","targetHints":{"allow":["GET"]}}],"collection":[{"href":"https:\/\/www.agrobase.com.br\/concursos\/wp-json\/wp\/v2\/posts"}],"about":[{"href":"https:\/\/www.agrobase.com.br\/concursos\/wp-json\/wp\/v2\/types\/post"}],"author":[{"embeddable":true,"href":"https:\/\/www.agrobase.com.br\/concursos\/wp-json\/wp\/v2\/users\/5229"}],"replies":[{"embeddable":true,"href":"https:\/\/www.agrobase.com.br\/concursos\/wp-json\/wp\/v2\/comments?post=275386"}],"version-history":[{"count":3,"href":"https:\/\/www.agrobase.com.br\/concursos\/wp-json\/wp\/v2\/posts\/275386\/revisions"}],"predecessor-version":[{"id":275451,"href":"https:\/\/www.agrobase.com.br\/concursos\/wp-json\/wp\/v2\/posts\/275386\/revisions\/275451"}],"wp:featuredmedia":[{"embeddable":true,"href":"https:\/\/www.agrobase.com.br\/concursos\/wp-json\/wp\/v2\/media\/275385"}],"wp:attachment":[{"href":"https:\/\/www.agrobase.com.br\/concursos\/wp-json\/wp\/v2\/media?parent=275386"}],"wp:term":[{"taxonomy":"category","embeddable":true,"href":"https:\/\/www.agrobase.com.br\/concursos\/wp-json\/wp\/v2\/categories?post=275386"},{"taxonomy":"post_tag","embeddable":true,"href":"https:\/\/www.agrobase.com.br\/concursos\/wp-json\/wp\/v2\/tags?post=275386"},{"taxonomy":"_amplo","embeddable":true,"href":"https:\/\/www.agrobase.com.br\/concursos\/wp-json\/wp\/v2\/_amplo?post=275386"},{"taxonomy":"destaque","embeddable":true,"href":"https:\/\/www.agrobase.com.br\/concursos\/wp-json\/wp\/v2\/destaque?post=275386"},{"taxonomy":"instituicoes","embeddable":true,"href":"https:\/\/www.agrobase.com.br\/concursos\/wp-json\/wp\/v2\/instituicoes?post=275386"}],"curies":[{"name":"wp","href":"https:\/\/api.w.org\/{rel}","templated":true}]}}