{"id":275366,"date":"2026-01-20T08:10:03","date_gmt":"2026-01-20T11:10:03","guid":{"rendered":"https:\/\/www.agrobase.com.br\/concursos\/?p=275366"},"modified":"2026-01-19T14:26:33","modified_gmt":"2026-01-19T17:26:33","slug":"prefeitura-sao-jose-do-calcado-es-selecao-simplificada-01-2025","status":"publish","type":"post","link":"https:\/\/www.agrobase.com.br\/concursos\/2026\/prefeitura-sao-jose-do-calcado-es-selecao-simplificada-01-2025\/","title":{"rendered":"Prefeitura S\u00e3o Jos\u00e9 do Cal\u00e7ado (ES) &#8211; Sele\u00e7\u00e3o Simplificada 01\/2025 [reaberto]"},"content":{"rendered":"<h2>Informa\u00e7\u00f5es Gerais<\/h2>\n<p>A <strong>Prefeitura Municipal de S\u00e3o Jos\u00e9 do Cal\u00e7ado<\/strong>, no estado do Esp\u00edrito Santo, publicou o edital de abertura para seu novo Processo Seletivo Simplificado. Organizado pelo <strong>Instituto A\u00e7\u00e3o<\/strong>, o certame visa o preenchimento imediato de <strong>541 vagas<\/strong> tempor\u00e1rias, al\u00e9m da forma\u00e7\u00e3o de cadastro reserva, para profissionais de n\u00edveis fundamental (incompleto e completo), m\u00e9dio, t\u00e9cnico e superior.<\/p>\n<p>As oportunidades abrangem diversas \u00e1reas da administra\u00e7\u00e3o p\u00fablica, com destaque para os setores de Educa\u00e7\u00e3o, Sa\u00fade, Assist\u00eancia Social e Apoio Operacional. O regime de contrata\u00e7\u00e3o ser\u00e1 o de Direito Administrativo (REDA), garantindo o atendimento \u00e0s necessidades tempor\u00e1rias de excepcional interesse p\u00fablico do munic\u00edpio.<\/p>\n<p>Entre as diversas fun\u00e7\u00f5es ofertadas, destacamos as vagas para <strong>Nutricionista<\/strong> e <strong>Operador de M\u00e1quina Agr\u00edcola<\/strong>, carreiras essenciais que est\u00e3o contempladas neste edital. A seguir, detalhamos os prazos, taxas e etapas para que voc\u00ea possa planejar sua prepara\u00e7\u00e3o com seguran\u00e7a.<\/p>\n<h2>Inscri\u00e7\u00f5es<\/h2>\n<p>As inscri\u00e7\u00f5es para o processo seletivo devem ser realizadas exclusivamente pela internet, no site da banca organizadora, o <strong>Instituto A\u00e7\u00e3o<\/strong>. O per\u00edodo de candidatura permanece aberto at\u00e9 o dia <del datetime=\"2026-01-19T17:23:40+00:00\">22 de dezembro de 2025<\/del><strong>21 de janeiro de 2026<\/strong>. \u00c9 fundamental que o candidato leia atentamente o edital antes de preencher o formul\u00e1rio eletr\u00f4nico.<\/p>\n<p>Para confirmar a participa\u00e7\u00e3o, \u00e9 necess\u00e1rio efetuar o pagamento da taxa de inscri\u00e7\u00e3o por meio de boleto banc\u00e1rio. O documento deve ser impresso e pago na rede banc\u00e1ria at\u00e9 a data de vencimento prevista no cronograma (21\/01\/2026). Os valores foram definidos de acordo com o n\u00edvel de escolaridade do cargo pretendido:<\/p>\n<ul>\n<li><strong>N\u00edvel Fundamental:<\/strong> R$ 65,00<\/li>\n<li><strong>N\u00edvel M\u00e9dio\/T\u00e9cnico:<\/strong> R$ 80,00<\/li>\n<li><strong>N\u00edvel Superior:<\/strong> R$ 100,00<\/li>\n<\/ul>\n<p>Ap\u00f3s o pagamento, recomenda-se que o candidato acompanhe a confirma\u00e7\u00e3o do deferimento de sua inscri\u00e7\u00e3o na \u00e1rea restrita do site da organizadora, garantindo que tudo esteja correto para a realiza\u00e7\u00e3o das provas. Para detalhes sobre isen\u00e7\u00e3o de taxa, consulte as disposi\u00e7\u00f5es espec\u00edficas no edital oficial.<\/p>\n<h2>Etapas e Provas<\/h2>\n<p>A sele\u00e7\u00e3o dos candidatos ser\u00e1 realizada por meio de etapas distintas, variando conforme o cargo pleiteado. Todos os inscritos ser\u00e3o submetidos \u00e0 <strong>Prova Objetiva e Discursiva<\/strong>, de car\u00e1ter eliminat\u00f3rio e classificat\u00f3rio. Al\u00e9m disso, haver\u00e1 etapas espec\u00edficas para determinadas fun\u00e7\u00f5es.<\/p>\n<ul>\n<li><strong>Prova Objetiva e Discursiva (Todos os cargos):<\/strong> Composta por 30 quest\u00f5es de m\u00faltipla escolha (valendo 90 pontos) e uma quest\u00e3o discursiva (valendo 10 pontos). A prova ter\u00e1 dura\u00e7\u00e3o de 3h30min. Para ser habilitado, o candidato deve obter no m\u00ednimo 50% de acerto na objetiva e n\u00e3o zerar a discursiva.<\/li>\n<li><strong>Prova de T\u00edtulos (N\u00edvel Superior):<\/strong> Etapa de car\u00e1ter classificat\u00f3rio, exclusiva para candidatos aprovados na prova objetiva para cargos de n\u00edvel superior.<\/li>\n<li><strong>Prova Pr\u00e1tica (Cargos Espec\u00edficos):<\/strong> Etapa eliminat\u00f3ria destinada aos cargos de Motorista, Operador de M\u00e1quina Pesada e Operador de M\u00e1quina Agr\u00edcola. Ser\u00e3o convocados at\u00e9 duas vezes o n\u00famero de vagas ofertadas.<\/li>\n<\/ul>\n<p>As provas est\u00e3o previstas para serem aplicadas nos dias <strong>18 e 25 de janeiro de 2026<\/strong>, dependendo do cargo. Recomendamos a leitura minuciosa do edital para conferir o conte\u00fado program\u00e1tico e os crit\u00e9rios de avalia\u00e7\u00e3o da reda\u00e7\u00e3o.<\/p>\n<h2>Resultados e Gabarito<\/h2>\n<p>O acompanhamento dos resultados \u00e9 uma fase crucial do certame. Os gabaritos preliminares das provas objetivas est\u00e3o previstos para serem divulgados at\u00e9 48 horas ap\u00f3s a aplica\u00e7\u00e3o das provas, nos dias <strong>20 e 27 de janeiro de 2026<\/strong>, respectivamente. O resultado final do Processo Seletivo Simplificado est\u00e1 agendado para o dia <strong>18 de mar\u00e7o de 2026<\/strong>.<\/p>\n<p>Em caso de empate na classifica\u00e7\u00e3o final, ser\u00e3o aplicados crit\u00e9rios como maior pontua\u00e7\u00e3o em Conhecimentos Espec\u00edficos, L\u00edngua Portuguesa, Inform\u00e1tica e Conhecimentos Gerais, sucessivamente, al\u00e9m da prefer\u00eancia para candidatos com maior idade.<\/p>\n<p>A homologa\u00e7\u00e3o e as convoca\u00e7\u00f5es subsequentes ser\u00e3o publicadas no Di\u00e1rio Oficial e no site da Prefeitura Municipal de S\u00e3o Jos\u00e9 do Cal\u00e7ado. Lembramos que \u00e9 de <strong>inteira responsabilidade do candidato<\/strong> acompanhar todas as publica\u00e7\u00f5es e avisos oficiais no site do Instituto A\u00e7\u00e3o e nos canais oficiais da Prefeitura durante todo o per\u00edodo de validade da sele\u00e7\u00e3o.<\/p>\n","protected":false},"excerpt":{"rendered":"<p>Proc. Seletivo Simplificado Pref. S\u00e3o Jos\u00e9 do Cal\u00e7ado (ES) com edital publicado! Vagas p\/ Professor e Agente Adm. (Fund. a Sup.). Inscri\u00e7\u00f5es a partir de 04\/12. Confira!<\/p>\n","protected":false},"author":5229,"featured_media":275365,"comment_status":"open","ping_status":"open","sticky":false,"template":"","format":"standard","meta":{"_acf_changed":false,"_breakdance_hide_in_design_set":false,"_breakdance_tags":"","footnotes":""},"categories":[141,6434,12,17,18,19,111,100,20,116,21,23,24,25,26,101,108,130],"tags":[45],"_amplo":[],"destaque":[],"instituicoes":[],"class_list":["post-275366","post","type-post","status-publish","format-standard","has-post-thumbnail","hentry","category-educacao-artistica","category-educacao-fisica-licenciatura","category-enfermagem","category-farmacia","category-fisioterapia","category-fonoaudiologia","category-geografia","category-historia","category-letras","category-matematica","category-medicina","category-nutricao","category-odontologia","category-pedagogia","category-psicologia","category-servico-social","category-tecnico-enfermagem","category-tecnico-informatica","tag-espirito-santo"],"acf":{"_tipo_vagas":"vagas","_numero_vagas":"","_quadro_vagas":"","_cargos":"diversos","_cargos_especificos":"","_salario_max":"R$ 7350","_abertura":"20251204","_encerramento":"20260121","_inscricoes":"http:\/\/acaobahiaorganizacao.com.br\/","_executora_concurso":"","_instituicao_concurso":[],"_link_adicional":null,"_anexos":[{"_arquivo_anexo":276991,"_titulo_anexo":"Edital de Reabertura"}],"_produtos":null,"_vagas":"541 vagas","_salario_min":"R$ 1650","_instituicao":"Prefeitura de S\u00e3o Jos\u00e9 do Cal\u00e7ado","_edital":"https:\/\/www.agrobase.com.br\/concursos\/wp-content\/uploads\/sites\/4\/2025\/12\/edital-01-2025-prefeitura-sao-jose-do-calcado-es.pdf","_anexos_edital":"","_fund_incompleto":"<div>\r\n<table class=\"quadro\">\r\n<thead>\r\n<tr>\r\n<th class=\"hcargo\">Cargo<\/th>\r\n<th class=\"hvagas\">Vagas<\/th>\r\n\r\n<\/tr>\r\n<\/thead>\r\n    <tbody>\r\n      <td class=\"ccargos\">\r\n<span data-balloon-length=\"medium\" aria-label=\"Ensino Fundamental (at\u00e9 a 4a s\u00e9rie ou 5\u00ba ano) + Carteira de Habilita\u00e7\u00e3o Nacional - categoria D + 3 anos de Experi\u00eancia pr\u00e9via comprovada\" data-balloon-pos=\"up\">Motorista<\/span><\/td>\r\n<td class=\"cvagas\">41<\/td>\r\n\r\n<\/tr><td class=\"ccargos\">\r\n<span data-balloon-length=\"medium\" aria-label=\"Ensino Fundamental Incompleto e Carteira Nacional de Habilita\u00e7\u00e3o - categoria D + 3 anos de Experi\u00eancia pr\u00e9via comprovada\" data-balloon-pos=\"up\">Operador de M\u00e1quina Agr\u00edcola<\/span><\/td>\r\n<td class=\"cvagas\">10<\/td>\r\n\r\n<\/tr><td class=\"ccargos\">\r\n<span data-balloon-length=\"medium\" aria-label=\"Ensino Fundamental Incompleto e Carteira Nacional de Habilita\u00e7\u00e3o \u2013 categoria D + 3 anos de Experi\u00eancia pr\u00e9via comprovada\" data-balloon-pos=\"up\">Operador de M\u00e1quina Pesada<\/span><\/td>\r\n<td class=\"cvagas\">10<\/td>\r\n\r\n<\/tr>\r\n    <\/tbody>\r\n  <\/table>\r\n<\/div>","_fund_completo":"<div>\r\n<table class=\"quadro\">\r\n<thead>\r\n<tr>\r\n<th class=\"hcargo\">Cargo<\/th>\r\n<th class=\"hvagas\">Vagas<\/th>\r\n\r\n<\/tr>\r\n<\/thead>\r\n    <tbody>\r\n      <td class=\"ccargos\">\r\n<span data-balloon-length=\"medium\" aria-label=\"Ensino Fundamental Completo\" data-balloon-pos=\"up\">Auxiliar de Farm\u00e1cia<\/span><\/td>\r\n<td class=\"cvagas\">04<\/td>\r\n\r\n<\/tr><td class=\"ccargos\">\r\n<span data-balloon-length=\"medium\" aria-label=\"Ensino Fundamental\" data-balloon-pos=\"up\">Oficineiro<\/span><\/td>\r\n<td class=\"cvagas\">04<\/td>\r\n\r\n<\/tr><td class=\"ccargos\">\r\n<span data-balloon-length=\"medium\" aria-label=\"Ensino Fundamental Completo\" data-balloon-pos=\"up\">Monitor de Transporte Escolar<\/span><\/td>\r\n<td class=\"cvagas\">30<\/td>\r\n\r\n<\/tr>\r\n    <\/tbody>\r\n  <\/table>\r\n<\/div>","_medio":"<div>\r\n<table class=\"quadro\">\r\n<thead>\r\n<tr>\r\n<th class=\"hcargo\">Cargo<\/th>\r\n<th class=\"hvagas\">Vagas<\/th>\r\n\r\n<\/tr>\r\n<\/thead>\r\n    <tbody>\r\n      <td class=\"ccargos\">\r\n<span data-balloon-length=\"medium\" aria-label=\"Ensino M\u00e9dio Completo\" data-balloon-pos=\"up\">Agente Administrativo<\/span><\/td>\r\n<td class=\"cvagas\">30<\/td>\r\n\r\n<\/tr><td class=\"ccargos\">\r\n<span data-balloon-length=\"medium\" aria-label=\"Ensino M\u00e9dio Completo + Residir no local\" data-balloon-pos=\"up\">Agente de Endemias<\/span><\/td>\r\n<td class=\"cvagas\">05<\/td>\r\n\r\n<\/tr><td class=\"ccargos\">\r\n<span data-balloon-length=\"medium\" aria-label=\"Ensino M\u00e9dio Completo + Residir no local\" data-balloon-pos=\"up\">Agente Comunit\u00e1rio de Sa\u00fade<\/span><\/td>\r\n<td class=\"cvagas\">27<\/td>\r\n\r\n<\/tr><td class=\"ccargos\">\r\n<span data-balloon-length=\"medium\" aria-label=\"Ensino M\u00e9dio Completo\" data-balloon-pos=\"up\">Assistente Administrativo<\/span><\/td>\r\n<td class=\"cvagas\">02<\/td>\r\n\r\n<\/tr><td class=\"ccargos\">\r\n<span data-balloon-length=\"medium\" aria-label=\"Ensino M\u00e9dio Completo\" data-balloon-pos=\"up\">Atendente Escolar<\/span><\/td>\r\n<td class=\"cvagas\">20<\/td>\r\n\r\n<\/tr><td class=\"ccargos\">\r\n<span data-balloon-length=\"medium\" aria-label=\"Ensino M\u00e9dio Completo\" data-balloon-pos=\"up\">Auxiliar de Consult\u00f3rio Dent\u00e1rio<\/span><\/td>\r\n<td class=\"cvagas\">05<\/td>\r\n\r\n<\/tr><td class=\"ccargos\">\r\n<span data-balloon-length=\"medium\" aria-label=\"Ensino M\u00e9dio Completo\" data-balloon-pos=\"up\">Auxiliar de Sala de Aula<\/span><\/td>\r\n<td class=\"cvagas\">20<\/td>\r\n\r\n<\/tr><td class=\"ccargos\">\r\n<span data-balloon-length=\"medium\" aria-label=\"Ensino M\u00e9dio Completo\" data-balloon-pos=\"up\">Auxiliares de Educador<\/span><\/td>\r\n<td class=\"cvagas\">03<\/td>\r\n\r\n<\/tr><td class=\"ccargos\">\r\n<span data-balloon-length=\"medium\" aria-label=\"Ensino M\u00e9dio Completo\" data-balloon-pos=\"up\">Cuidador<\/span><\/td>\r\n<td class=\"cvagas\">30<\/td>\r\n\r\n<\/tr><td class=\"ccargos\">\r\n<span data-balloon-length=\"medium\" aria-label=\"Ensino M\u00e9dio Completo\" data-balloon-pos=\"up\">Educador<\/span><\/td>\r\n<td class=\"cvagas\">03<\/td>\r\n\r\n<\/tr><td class=\"ccargos\">\r\n<span data-balloon-length=\"medium\" aria-label=\"Ensino M\u00e9dio Completo e Curso de Inform\u00e1tica B\u00e1sica\" data-balloon-pos=\"up\">Monitor de Telecentro<\/span><\/td>\r\n<td class=\"cvagas\">05<\/td>\r\n\r\n<\/tr><td class=\"ccargos\">\r\n<span data-balloon-length=\"medium\" aria-label=\"Ensino M\u00e9dio Completo\" data-balloon-pos=\"up\">Orientador Social<\/span><\/td>\r\n<td class=\"cvagas\">04<\/td>\r\n\r\n<\/tr><td class=\"ccargos\">\r\n<span data-balloon-length=\"medium\" aria-label=\"Ensino M\u00e9dio Completo\" data-balloon-pos=\"up\">Secret\u00e1rio Escolar<\/span><\/td>\r\n<td class=\"cvagas\">10<\/td>\r\n\r\n<\/tr><td class=\"ccargos\">\r\n<span data-balloon-length=\"medium\" aria-label=\"Ensino M\u00e9dio Completo\" data-balloon-pos=\"up\">Visitador do Programa Crian\u00e7a Feliz<\/span><\/td>\r\n<td class=\"cvagas\">03<\/td>\r\n\r\n<\/tr><td class=\"ccargos\">\r\n<span data-balloon-length=\"medium\" aria-label=\"Ensino M\u00e9dio Profissionalizante ou Ensino M\u00e9dio + Curso T\u00e9cnico em Enfermagem e Registro no Conselho\" data-balloon-pos=\"up\">T\u00e9cnico de Enfermagem<\/span><\/td>\r\n<td class=\"cvagas\">20<\/td>\r\n\r\n<\/tr><td class=\"ccargos\">\r\n<span data-balloon-length=\"medium\" aria-label=\"Ensino M\u00e9dio Completo e Curso T\u00e9cnico em Inform\u00e1tica\" data-balloon-pos=\"up\">T\u00e9cnico em Inform\u00e1tica<\/span><\/td>\r\n<td class=\"cvagas\">05<\/td>\r\n\r\n<\/tr>\r\n    <\/tbody>\r\n  <\/table>\r\n<\/div>","_superior":"<div>\r\n<table class=\"quadro\">\r\n<thead>\r\n<tr>\r\n<th class=\"hcargo\">Cargo<\/th>\r\n<th class=\"hvagas\">Vagas<\/th>\r\n\r\n<\/tr>\r\n<\/thead>\r\n    <tbody>\r\n      <tr>\r\n<td class=\"ccargos\">\r\n<span data-balloon-length=\"medium\" aria-label=\"Curso Superior em Assist\u00eancia Social e Registro Profissional no Conselho\" data-balloon-pos=\"up\">Assistente Social<\/span><\/td>\r\n<td class=\"cvagas\">09<\/td>\r\n\r\n<\/tr><tr>\r\n<td class=\"ccargos\">\r\n<span data-balloon-length=\"medium\" aria-label=\"Curso Superior em Enfermagem e Registro Profissional no Conselho\" data-balloon-pos=\"up\">Enfermeiro<\/span><\/td>\r\n<td class=\"cvagas\">09<\/td>\r\n\r\n<\/tr><tr>\r\n<td class=\"ccargos\">\r\n<span data-balloon-length=\"medium\" aria-label=\"Curso Superior em Farm\u00e1cia e Registro Profissional no Conselho\" data-balloon-pos=\"up\">Farmac\u00eautico<\/span><\/td>\r\n<td class=\"cvagas\">03<\/td>\r\n\r\n<\/tr><tr>\r\n<td class=\"ccargos\">\r\n<span data-balloon-length=\"medium\" aria-label=\"Curso Superior em Fisioterapia e Registro Profissional no Conselho\" data-balloon-pos=\"up\">Fisioterapeuta<\/span><\/td>\r\n<td class=\"cvagas\">08<\/td>\r\n\r\n<\/tr><tr>\r\n<td class=\"ccargos\">\r\n<span data-balloon-length=\"medium\" aria-label=\"Curso Superior em Fonoaudiologia e Registro Profissional no Conselho\" data-balloon-pos=\"up\">Fonoaudi\u00f3loga<\/span><\/td>\r\n<td class=\"cvagas\">02<\/td>\r\n\r\n<\/tr><tr>\r\n<td class=\"ccargos\">\r\n<span data-balloon-length=\"medium\" aria-label=\"Curso Superior em Medicina e Registro Profissional no Conselho\" data-balloon-pos=\"up\">M\u00e9dico ESF<\/span><\/td>\r\n<td class=\"cvagas\">01<\/td>\r\n\r\n<\/tr><tr>\r\n<td class=\"ccargos\">\r\n<span data-balloon-length=\"medium\" aria-label=\"Curso Superior em Nutri\u00e7\u00e3o e Registro Profissional no Conselho\" data-balloon-pos=\"up\">Nutricionista<\/span><\/td>\r\n<td class=\"cvagas\">03<\/td>\r\n\r\n<\/tr><tr>\r\n<td class=\"ccargos\">\r\n<span data-balloon-length=\"medium\" aria-label=\"Curso Superior em Odontologia e Registro Profissional no Conselho\" data-balloon-pos=\"up\">Odont\u00f3logo<\/span><\/td>\r\n<td class=\"cvagas\">07<\/td>\r\n\r\n<\/tr><tr>\r\n<td class=\"ccargos\">\r\n<span data-balloon-length=\"medium\" aria-label=\"Licenciatura Plena em Pedagogia e P\u00f3s-gradua\u00e7\u00e3o latu sensu em Supervis\u00e3o Escolar, Orienta\u00e7\u00e3o Educacional, Administra\u00e7\u00e3o Escolar, Inspe\u00e7\u00e3o Escolar.\" data-balloon-pos=\"up\">Pedagogo - Tempo parcial<\/span><\/td>\r\n<td class=\"cvagas\">05<\/td>\r\n\r\n<\/tr><tr>\r\n<td class=\"ccargos\">\r\n<span data-balloon-length=\"medium\" aria-label=\"Licenciatura Plena em Pedagogia e P\u00f3s-gradua\u00e7\u00e3o latu sensu em Supervis\u00e3o Escolar, Orienta\u00e7\u00e3o Educacional, Administra\u00e7\u00e3o Escolar, Inspe\u00e7\u00e3o Escolar.\" data-balloon-pos=\"up\">Pedagogo<\/span><\/td>\r\n<td class=\"cvagas\">13<\/td>\r\n\r\n<\/tr><tr>\r\n<td class=\"ccargos\">\r\n<span data-balloon-length=\"medium\" aria-label=\"Licenciatura Plena em Pedagogia e P\u00f3s-Gradua\u00e7\u00e3o latu sensu em \u00e1rea pr\u00f3pria de atua\u00e7\u00e3o na Educa\u00e7\u00e3o B\u00e1sica\" data-balloon-pos=\"up\">Professor Atendimento Educacional Especializado - AEE<\/span><\/td>\r\n<td class=\"cvagas\">08<\/td>\r\n\r\n<\/tr><tr>\r\n<td class=\"ccargos\">\r\n<span data-balloon-length=\"medium\" aria-label=\"Licenciatura Plena em Pedagogia e P\u00f3s-Gradua\u00e7\u00e3o latu sensu em \u00e1rea pr\u00f3pria de atua\u00e7\u00e3o na Educa\u00e7\u00e3o B\u00e1sica\" data-balloon-pos=\"up\">Professor Atendimento Educacional Especializado - AEE<\/span><\/td>\r\n<td class=\"cvagas\">20<\/td>\r\n\r\n<\/tr><tr>\r\n<td class=\"ccargos\">\r\n<span data-balloon-length=\"medium\" aria-label=\"Licenciatura em Pedagogia\" data-balloon-pos=\"up\">Professor de 1\u00ba ao 5\u00ba Ano - MAPA<\/span><\/td>\r\n<td class=\"cvagas\">30<\/td>\r\n\r\n<\/tr><tr>\r\n<td class=\"ccargos\">\r\n<span data-balloon-length=\"medium\" aria-label=\"Licenciatura em \u00c1rea Pr\u00f3pria de atua\u00e7\u00e3o na Educa\u00e7\u00e3o B\u00e1sica\" data-balloon-pos=\"up\">Professor de Artes -MAPB<\/span><\/td>\r\n<td class=\"cvagas\">06<\/td>\r\n\r\n<\/tr><tr>\r\n<td class=\"ccargos\">\r\n<span data-balloon-length=\"medium\" aria-label=\"Licenciatura em \u00c1rea Pr\u00f3pria de atua\u00e7\u00e3o na Educa\u00e7\u00e3o B\u00e1sica\" data-balloon-pos=\"up\">Professor de Ci\u00eancias - MAPB<\/span><\/td>\r\n<td class=\"cvagas\">08<\/td>\r\n\r\n<\/tr><tr>\r\n<td class=\"ccargos\">\r\n<span data-balloon-length=\"medium\" aria-label=\"Licenciatura em \u00c1rea Pr\u00f3pria de atua\u00e7\u00e3o na Educa\u00e7\u00e3o B\u00e1sica\" data-balloon-pos=\"up\">Professor de Educa\u00e7\u00e3o F\u00edsica -MAPB<\/span><\/td>\r\n<td class=\"cvagas\">12<\/td>\r\n\r\n<\/tr><tr>\r\n<td class=\"ccargos\">\r\n<span data-balloon-length=\"medium\" aria-label=\"Licenciatura em \u00c1rea Pr\u00f3pria de atua\u00e7\u00e3o na Educa\u00e7\u00e3o B\u00e1sica\" data-balloon-pos=\"up\">Professor de Educa\u00e7\u00e3o Infantil -MAPB<\/span><\/td>\r\n<td class=\"cvagas\">30<\/td>\r\n\r\n<\/tr><tr>\r\n<td class=\"ccargos\">\r\n<span data-balloon-length=\"medium\" aria-label=\"Licenciatura plena em Pedagogia e P\u00f3s- Gradua\u00e7\u00e3o latu sensu em \u00c1rea pr\u00f3pria de atua\u00e7\u00e3o na Educa\u00e7\u00e3o B\u00e1sica\" data-balloon-pos=\"up\">Professor de Ensino Religioso<\/span><\/td>\r\n<td class=\"cvagas\">03<\/td>\r\n\r\n<\/tr><tr>\r\n<td class=\"ccargos\">\r\n<span data-balloon-length=\"medium\" aria-label=\"Licenciatura em \u00c1rea Pr\u00f3pria de atua\u00e7\u00e3o na Educa\u00e7\u00e3o B\u00e1sica\" data-balloon-pos=\"up\">Professor de Geografia-MAPB<\/span><\/td>\r\n<td class=\"cvagas\">06<\/td>\r\n\r\n<\/tr><tr>\r\n<td class=\"ccargos\">\r\n<span data-balloon-length=\"medium\" aria-label=\"Licenciatura em \u00c1rea Pr\u00f3pria de atua\u00e7\u00e3o na Educa\u00e7\u00e3o B\u00e1sica\" data-balloon-pos=\"up\">Professor de Hist\u00f3ria -MAPB<\/span><\/td>\r\n<td class=\"cvagas\">06<\/td>\r\n\r\n<\/tr><tr>\r\n<td class=\"ccargos\">\r\n<span data-balloon-length=\"medium\" aria-label=\"Licenciatura em \u00c1rea Pr\u00f3pria de atua\u00e7\u00e3o na Educa\u00e7\u00e3o B\u00e1sica\" data-balloon-pos=\"up\">Professor de L\u00edngua Portuguesa -MAPB<\/span><\/td>\r\n<td class=\"cvagas\">10<\/td>\r\n\r\n<\/tr><tr>\r\n<td class=\"ccargos\">\r\n<span data-balloon-length=\"medium\" aria-label=\"Licenciatura em \u00c1rea Pr\u00f3pria de atua\u00e7\u00e3o na Educa\u00e7\u00e3o B\u00e1sica\" data-balloon-pos=\"up\">Professor de Matem\u00e1tica -MAPB<\/span><\/td>\r\n<td class=\"cvagas\">10<\/td>\r\n\r\n<\/tr><tr>\r\n<td class=\"ccargos\">\r\n<span data-balloon-length=\"medium\" aria-label=\"Licenciatura plena em Pedagogia e P\u00f3s- Gradua\u00e7\u00e3o latu sensu em \u00c1rea pr\u00f3pria de atua\u00e7\u00e3o na Educa\u00e7\u00e3o B\u00e1sica\" data-balloon-pos=\"up\">Professor Educa\u00e7\u00e3o Especial Tradutor e\/ou Int\u00e9rprete de Libras<\/span><\/td>\r\n<td class=\"cvagas\">03<\/td>\r\n\r\n<\/tr><tr>\r\n<td class=\"ccargos\">\r\n<span data-balloon-length=\"medium\" aria-label=\"Licenciatura plena em Pedagogia e P\u00f3s- Gradua\u00e7\u00e3o latu sensu em \u00c1rea pr\u00f3pria de atua\u00e7\u00e3o na Educa\u00e7\u00e3o B\u00e1sica\" data-balloon-pos=\"up\">Professor Educa\u00e7\u00e3o Especial Tradutor e\/ou Int\u00e9rprete de Libras<\/span><\/td>\r\n<td class=\"cvagas\">08<\/td>\r\n\r\n<\/tr><tr>\r\n<td class=\"ccargos\">\r\n<span data-balloon-length=\"medium\" aria-label=\"Curso Superior em Psicologia e Registro Profissional no Conselho\" data-balloon-pos=\"up\">Psic\u00f3logo<\/span><\/td>\r\n<td class=\"cvagas\">08<\/td>\r\n\r\n<\/tr><tr>\r\n<td class=\"ccargos\">\r\n<span data-balloon-length=\"medium\" aria-label=\"Curso Superior em Psicopedagogia e Registro Profissional no Conselho\" data-balloon-pos=\"up\">Psicopedagogo<\/span><\/td>\r\n<td class=\"cvagas\">01<\/td>\r\n\r\n<\/tr><tr>\r\n<td class=\"ccargos\">\r\n<span data-balloon-length=\"medium\" aria-label=\"N\u00edvel Superior em Pedagogia\" data-balloon-pos=\"up\">Orientador Educacional<\/span><\/td>\r\n<td class=\"cvagas\">04<\/td>\r\n\r\n<\/tr>\r\n    <\/tbody>\r\n  <\/table>\r\n<\/div>"},"_links":{"self":[{"href":"https:\/\/www.agrobase.com.br\/concursos\/wp-json\/wp\/v2\/posts\/275366","targetHints":{"allow":["GET"]}}],"collection":[{"href":"https:\/\/www.agrobase.com.br\/concursos\/wp-json\/wp\/v2\/posts"}],"about":[{"href":"https:\/\/www.agrobase.com.br\/concursos\/wp-json\/wp\/v2\/types\/post"}],"author":[{"embeddable":true,"href":"https:\/\/www.agrobase.com.br\/concursos\/wp-json\/wp\/v2\/users\/5229"}],"replies":[{"embeddable":true,"href":"https:\/\/www.agrobase.com.br\/concursos\/wp-json\/wp\/v2\/comments?post=275366"}],"version-history":[{"count":5,"href":"https:\/\/www.agrobase.com.br\/concursos\/wp-json\/wp\/v2\/posts\/275366\/revisions"}],"predecessor-version":[{"id":276992,"href":"https:\/\/www.agrobase.com.br\/concursos\/wp-json\/wp\/v2\/posts\/275366\/revisions\/276992"}],"wp:featuredmedia":[{"embeddable":true,"href":"https:\/\/www.agrobase.com.br\/concursos\/wp-json\/wp\/v2\/media\/275365"}],"wp:attachment":[{"href":"https:\/\/www.agrobase.com.br\/concursos\/wp-json\/wp\/v2\/media?parent=275366"}],"wp:term":[{"taxonomy":"category","embeddable":true,"href":"https:\/\/www.agrobase.com.br\/concursos\/wp-json\/wp\/v2\/categories?post=275366"},{"taxonomy":"post_tag","embeddable":true,"href":"https:\/\/www.agrobase.com.br\/concursos\/wp-json\/wp\/v2\/tags?post=275366"},{"taxonomy":"_amplo","embeddable":true,"href":"https:\/\/www.agrobase.com.br\/concursos\/wp-json\/wp\/v2\/_amplo?post=275366"},{"taxonomy":"destaque","embeddable":true,"href":"https:\/\/www.agrobase.com.br\/concursos\/wp-json\/wp\/v2\/destaque?post=275366"},{"taxonomy":"instituicoes","embeddable":true,"href":"https:\/\/www.agrobase.com.br\/concursos\/wp-json\/wp\/v2\/instituicoes?post=275366"}],"curies":[{"name":"wp","href":"https:\/\/api.w.org\/{rel}","templated":true}]}}