{"id":275311,"date":"2025-12-16T07:25:08","date_gmt":"2025-12-16T10:25:08","guid":{"rendered":"https:\/\/www.agrobase.com.br\/concursos\/?p=275311"},"modified":"2025-12-15T17:50:37","modified_gmt":"2025-12-15T20:50:37","slug":"ufersa-nacional-concurso-33-2025","status":"publish","type":"post","link":"https:\/\/www.agrobase.com.br\/concursos\/2025\/ufersa-nacional-concurso-33-2025\/","title":{"rendered":"UFERSA (Nacional) &#8211; Concurso 33\/2025"},"content":{"rendered":"<h2>Informa\u00e7\u00f5es Gerais<\/h2>\n<p>A <strong>Universidade Federal Rural do Semi-\u00c1rido (UFERSA)<\/strong> tornou p\u00fablico o <strong>Edital n\u00ba 033\/2025<\/strong>, visando \u00e0 contrata\u00e7\u00e3o de servidores para a carreira do Magist\u00e9rio Superior. O Concurso P\u00fablico oferta <strong>24 vagas imediatas<\/strong> para o cargo de Professor Efetivo (Classe A, N\u00edvel 1), sob o regime estatut\u00e1rio, que garante estabilidade empregat\u00edcia conforme a Lei n\u00ba 8.112\/90.<\/p>\n<p>As oportunidades exigem n\u00edvel superior com titula\u00e7\u00f5es espec\u00edficas (Resid\u00eancia, Mestrado ou Doutorado) e contemplam diversas \u00e1reas do conhecimento, distribu\u00eddas entre os campi da institui\u00e7\u00e3o. O certame busca selecionar docentes para atuar no ensino, pesquisa e extens\u00e3o em setores estrat\u00e9gicos.<\/p>\n<p>Merecem destaque as vagas destinadas a profissionais das \u00e1reas de <strong>Medicina Veterin\u00e1ria<\/strong> (Cl\u00ednica M\u00e9dica e Cir\u00fargica de Pequenos Animais), <strong>Engenharia Ambiental e Sanit\u00e1ria<\/strong>, <strong>Agronomia<\/strong> (com \u00eanfase em Melhoramento Vegetal), <strong>Ci\u00eancias Biol\u00f3gicas\/Ecologia<\/strong>, al\u00e9m de diversas especialidades da <strong>Medicina<\/strong>, Engenharias, Letras (Libras e Ingl\u00eas), Matem\u00e1tica, Geografia e Psicologia.<\/p>\n<p>Se voc\u00ea possui a forma\u00e7\u00e3o acad\u00eamica exigida e deseja ingressar na carreira docente federal, confira a seguir os detalhes sobre prazos, etapas e crit\u00e9rios de avalia\u00e7\u00e3o deste processo seletivo.<\/p>\n<h2>Inscri\u00e7\u00f5es<\/h2>\n<p>Os interessados em participar do certame devem realizar a inscri\u00e7\u00e3o exclusivamente pela internet, atrav\u00e9s do sistema oficial da universidade. O procedimento exige o preenchimento integral do formul\u00e1rio eletr\u00f4nico e a emiss\u00e3o da Guia de Recolhimento da Uni\u00e3o (GRU).<\/p>\n<p>Para efetivar a participa\u00e7\u00e3o, \u00e9 necess\u00e1rio efetuar o pagamento da taxa de inscri\u00e7\u00e3o at\u00e9 a data limite de <strong>09 de janeiro de 2026<\/strong>. O valor espec\u00edfico da taxa deve ser consultado diretamente no sistema de inscri\u00e7\u00f5es ou no edital completo, uma vez que varia conforme o regime de trabalho (20h ou 40h\/Dedica\u00e7\u00e3o Exclusiva).<\/p>\n<p><strong>Pontos importantes:<\/strong><\/p>\n<ul>\n<li>A inscri\u00e7\u00e3o s\u00f3 ser\u00e1 confirmada ap\u00f3s a compensa\u00e7\u00e3o banc\u00e1ria da GRU.<\/li>\n<li>O candidato deve concorrer a apenas uma vaga; havendo mais de uma inscri\u00e7\u00e3o, prevalecer\u00e1 a do \u00faltimo pagamento.<\/li>\n<li>\u00c9 poss\u00edvel solicitar retifica\u00e7\u00e3o de dados cadastrais at\u00e9 \u00e0s 16h do dia 08 de janeiro de 2026, via e-mail indicado no edital.<\/li>\n<\/ul>\n<p>Recomenda-se a leitura atenta do edital para verificar os requisitos de isen\u00e7\u00e3o de taxa (se houver) e as condi\u00e7\u00f5es espec\u00edficas para atendimento especial. O acompanhamento do status da inscri\u00e7\u00e3o deve ser feito na \u00e1rea do candidato no site da organizadora.<\/p>\n<h2>Etapas e Provas<\/h2>\n<p>A sele\u00e7\u00e3o dos candidatos ser\u00e1 realizada mediante quatro etapas distintas, aplicadas no campus central da UFERSA, em Mossor\u00f3\/RN. O processo visa avaliar tanto o conhecimento te\u00f3rico quanto a capacidade pedag\u00f3gica e a trajet\u00f3ria acad\u00eamica dos concorrentes.<\/p>\n<ul>\n<li><strong>Prova Escrita (Eliminat\u00f3ria e Classificat\u00f3ria):<\/strong> Consiste em uma disserta\u00e7\u00e3o sobre um ponto sorteado dentre o conte\u00fado program\u00e1tico. Ter\u00e1 dura\u00e7\u00e3o de 04 horas e ocorrer\u00e1 na data prov\u00e1vel de <strong>15 de mar\u00e7o de 2026<\/strong> (para Grupos I e II) e <strong>26 de abril de 2026<\/strong> (para Grupos III e IV). Exige-se m\u00e9dia m\u00ednima de 7,0 para aprova\u00e7\u00e3o.<\/li>\n<li><strong>Prova de Aptid\u00e3o Did\u00e1tica (Eliminat\u00f3ria e Classificat\u00f3ria):<\/strong> Aula expositiva de natureza te\u00f3rico-pr\u00e1tica, com dura\u00e7\u00e3o entre 40 e 60 minutos, sobre tema sorteado com 24 horas de anteced\u00eancia. Avalia o planejamento, execu\u00e7\u00e3o e abordagem metodol\u00f3gica. Tamb\u00e9m exige nota m\u00ednima de 7,0.<\/li>\n<li><strong>Memorial e Plano de Trabalho (Eliminat\u00f3ria e Classificat\u00f3ria):<\/strong> Defesa oral de um documento \u00fanico contendo o memorial descritivo da trajet\u00f3ria acad\u00eamica e um plano de trabalho (ensino, pesquisa e extens\u00e3o). A apresenta\u00e7\u00e3o dura entre 20 e 30 minutos, seguida de argui\u00e7\u00e3o pela banca.<\/li>\n<li><strong>Exame de T\u00edtulos (Classificat\u00f3rio):<\/strong> An\u00e1lise da documenta\u00e7\u00e3o comprobat\u00f3ria da forma\u00e7\u00e3o acad\u00eamica e experi\u00eancia profissional, conforme tabela de pontua\u00e7\u00e3o do edital.<\/li>\n<\/ul>\n<p>As datas espec\u00edficas para os sorteios de pontos e apresenta\u00e7\u00f5es did\u00e1ticas variam conforme o grupo de cargos. \u00c9 fundamental consultar o cronograma detalhado no edital para n\u00e3o perder os hor\u00e1rios de fechamento dos port\u00f5es, especialmente para os sorteios presenciais obrigat\u00f3rios.<\/p>\n<h2>Resultados e Gabarito<\/h2>\n<p>A divulga\u00e7\u00e3o dos resultados ocorrer\u00e1 de forma escalonada, respeitando o cronograma de cada etapa do certame. As publica\u00e7\u00f5es oficiais ser\u00e3o disponibilizadas no quadro de avisos da CPPS e na p\u00e1gina eletr\u00f4nica do concurso.<\/p>\n<ul>\n<li><strong>Prova Escrita:<\/strong> Previs\u00e3o de resultado entre 16 e 18 de mar\u00e7o de 2026.<\/li>\n<li><strong>Prova de Aptid\u00e3o Did\u00e1tica:<\/strong> Resultados divulgados no dia \u00fatil posterior ao t\u00e9rmino do prazo recursal de cada grupo.<\/li>\n<li><strong>Exame de T\u00edtulos:<\/strong> Previs\u00e3o de resultado preliminar at\u00e9 13 de mar\u00e7o de 2026 (conforme cronograma provis\u00f3rio, sujeito a ajustes pelas bancas).<\/li>\n<li><strong>Resultado Final:<\/strong> A previs\u00e3o para a homologa\u00e7\u00e3o do resultado final do concurso \u00e9 <strong>29 de maio de 2026<\/strong>.<\/li>\n<\/ul>\n<p>A classifica\u00e7\u00e3o final ser\u00e1 determinada pelo \u00cdndice de Classifica\u00e7\u00e3o (IC), que pondera as notas das quatro etapas. Em caso de empate, ser\u00e3o aplicados os crit\u00e9rios definidos na Resolu\u00e7\u00e3o CONSUNI\/UFERSA n\u00ba 003\/2012. O concurso ter\u00e1 validade de dois anos, podendo ser prorrogado por igual per\u00edodo.<\/p>\n<p>\u00c9 de inteira responsabilidade do candidato acompanhar as publica\u00e7\u00f5es de todos os atos, convoca\u00e7\u00f5es e comunicados referentes a este concurso p\u00fablico no Di\u00e1rio Oficial da Uni\u00e3o e no site da UFERSA.<\/p>\n","protected":false},"excerpt":{"rendered":"<p>Concurso UFERSA (Nacional) com edital publicado! 24 vagas p\/ Professor de Magist\u00e9rio Superior. Inscri\u00e7\u00f5es a partir de 26\/11. Confira detalhes!<\/p>\n","protected":false},"author":5229,"featured_media":275310,"comment_status":"open","ping_status":"open","sticky":false,"template":"","format":"standard","meta":{"_acf_changed":false,"_breakdance_hide_in_design_set":false,"_breakdance_tags":"","footnotes":""},"categories":[4,6,97,95,13,14,6048,15,16,112,111,155,20,6871,116,21,22,26],"tags":[88],"_amplo":[],"destaque":[],"instituicoes":[],"class_list":["post-275311","post","type-post","status-publish","format-standard","has-post-thumbnail","hentry","category-agronomia","category-biologia","category-ecologia","category-engenharia-agricola","category-engenharia-ambiental","category-engenharia","category-engenharia-de-agrimensura","category-engenharia-florestal","category-engenharia-sanitaria","category-filosofia","category-geografia","category-gestao-ambiental","category-letras","category-letras-ingles","category-matematica","category-medicina","category-veterinaria","category-psicologia","tag-nacional"],"acf":{"_tipo_vagas":"vagas","_numero_vagas":"","_quadro_vagas":"","_cargos":"diversos","_cargos_especificos":"","_salario_max":"R$ 6180,86","_abertura":"20251126","_encerramento":"20260108","_inscricoes":"https:\/\/sistemas.ufersa.edu.br\/concursos\/publico","_executora_concurso":"","_instituicao_concurso":[],"_link_adicional":null,"_anexos":null,"_produtos":null,"_vagas":"24 vagas","_salario_min":"R$ 3090,43","_instituicao":"UFERSA","_edital":"https:\/\/www.agrobase.com.br\/concursos\/wp-content\/uploads\/sites\/4\/2025\/12\/edital-33-2025-ufersa.pdf","_anexos_edital":"","_fund_incompleto":"","_fund_completo":"","_medio":"","_superior":"<div>\r\n<table class=\"quadro\">\r\n<thead>\r\n<tr>\r\n<th class=\"hcargo\">Cargo<\/th>\r\n<th class=\"hvagas\">Vagas<\/th>\r\n<th class=\"hremuneracao\">Remunera\u00e7\u00e3o<\/th>\r\n<\/tr>\r\n<\/thead>\r\n    <tbody>\r\n      <tr>\r\n<td class=\"ccargos\">\r\n<span data-balloon-length=\"medium\" aria-label=\"Gradua\u00e7\u00e3o em Medicina com Resid\u00eancia M\u00e9dica em Ginecologia e Obstetr\u00edcia reconhecida pelo MEC\" data-balloon-pos=\"up\">Professor de Magist\u00e9rio Superior - Ginecologia e Obstetr\u00edcia. Semiologia Geral. Ensino Tutorial. Educa\u00e7\u00e3o na Comunidade. Ensino de Habilidades M\u00e9dicas<\/span><\/td>\r\n<td class=\"cvagas\">01<\/td>\r\n<td class=\"cremuneracao\">R$ 0,00 \/20h<\/td>\r\n<\/tr><tr>\r\n<td class=\"ccargos\">\r\n<span data-balloon-length=\"medium\" aria-label=\"Gradua\u00e7\u00e3o em Tecnologia em Saneamento Ambiental, Gest\u00e3o Ambiental, Engenharia Agr\u00edcola e Ambiental, Engenharia Ambiental e Sanit\u00e1ria, Engenharia Ambiental, Engenharia Sanit\u00e1ria, com Doutorado em Meio Ambiente ou \u00c1rea Afins\" data-balloon-pos=\"up\">Professor de Magist\u00e9rio Superior - Projeto de Extens\u00e3o em Engenharia Ambiental e Sanit\u00e1ria; Projeto de Engenharia Ambiental e Sanit\u00e1ria; Planejamento e Zoneamento Ambiental; Mudan\u00e7as Clim\u00e1ticas; Tratamento de Lodo e Recupera\u00e7\u00e3o de recursos<\/span><\/td>\r\n<td class=\"cvagas\">01<\/td>\r\n<td class=\"cremuneracao\">R$ 0,00 \/40h<\/td>\r\n<\/tr><tr>\r\n<td class=\"ccargos\">\r\n<span data-balloon-length=\"medium\" aria-label=\"Gradua\u00e7\u00e3o em Medicina Veterin\u00e1ria com Doutorado em ci\u00eancias Animais ou Afins Com Tese defendida na \u00e1rea do concurso.\" data-balloon-pos=\"up\">Professor de Magist\u00e9rio Superior - Cl\u00ednica M\u00e9dica de Pequenos Animais; Cl\u00ednica Cir\u00fargica de Pequenos animais.<\/span><\/td>\r\n<td class=\"cvagas\">01<\/td>\r\n<td class=\"cremuneracao\">R$ 0,00 \/40h<\/td>\r\n<\/tr><tr>\r\n<td class=\"ccargos\">\r\n<span data-balloon-length=\"medium\" aria-label=\"Gradua\u00e7\u00e3o em Medicina com Resid\u00eancia M\u00e9dica, reconhecida pelo MEC, em\" data-balloon-pos=\"up\">Professor de Magist\u00e9rio Superior - Hematologia. Semiologia Geral. Ensino Tutorial. Educa\u00e7\u00e3o na Comunidade. Ensino de Habilidades<\/span><\/td>\r\n<td class=\"cvagas\">01<\/td>\r\n<td class=\"cremuneracao\">R$ 0,00 \/20h<\/td>\r\n<\/tr><tr>\r\n<td class=\"ccargos\">\r\n<span data-balloon-length=\"medium\" aria-label=\"Gradua\u00e7\u00e3o em Medicina com Resid\u00eancia M\u00e9dica, reconhecida pelo MEC, em Infectologia.\" data-balloon-pos=\"up\">Professor de Magist\u00e9rio Superior - Infectologia. Semiologia Geral. Ensino Tutorial. Educa\u00e7\u00e3o na Comunidade. Ensino de Habilidades M\u00e9dicas<\/span><\/td>\r\n<td class=\"cvagas\">01<\/td>\r\n<td class=\"cremuneracao\">R$ 0,00 \/20h<\/td>\r\n<\/tr><tr>\r\n<td class=\"ccargos\">\r\n<span data-balloon-length=\"medium\" aria-label=\"Gradua\u00e7\u00e3o em Engenharia Ambiental e Sanit\u00e1ria ou Engenharia Sanit\u00e1ria e Ambiental ou Engenharia Ambiental ou Engenharia Agr\u00edcola e Ambiental, com Doutorado em Engenharia Ambiental ou em Engenharia Ambiental e Sanit\u00e1ria ou em Desenvolvimento e Meio Ambiente ou em Recursos Naturais\" data-balloon-pos=\"up\">Professor de Magist\u00e9rio Superior - Polui\u00e7\u00e3o Ambiental. Gest\u00e3o de Recursos Naturais e Zoneamento Ambiental. Recupera\u00e7\u00e3o de \u00c1reas Degradadas. Estudo e Avalia\u00e7\u00e3o de Impactos Ambientais<\/span><\/td>\r\n<td class=\"cvagas\">01<\/td>\r\n<td class=\"cremuneracao\">R$ 0,00 \/40h<\/td>\r\n<\/tr><tr>\r\n<td class=\"ccargos\">\r\n<span data-balloon-length=\"medium\" aria-label=\"Gradua\u00e7\u00e3o em Letras com habilita\u00e7\u00e3o em l\u00edngua inglesa; Mestrado em Letras ou em Ci\u00eancias da Linguagem ou em Ensino ou em Estudos da Linguagem ou em Ingl\u00eas\" data-balloon-pos=\"up\">Professor de Magist\u00e9rio Superior - L\u00edngua Inglesa; Est\u00e1gio Supervisionado; Pr\u00e1tica Pedag\u00f3gica Programada; Pr\u00e1tica Pedag\u00f3gica da L\u00edngua Inglesa<\/span><\/td>\r\n<td class=\"cvagas\">01<\/td>\r\n<td class=\"cremuneracao\">R$ 0,00 \/40h<\/td>\r\n<\/tr><tr>\r\n<td class=\"ccargos\">\r\n<span data-balloon-length=\"medium\" aria-label=\"Gradua\u00e7\u00e3o em Filosofia e Doutorado em Filosofia ou em qualquer \u00e1rea cient\u00edfica.\" data-balloon-pos=\"up\">Professor de Magist\u00e9rio Superior - Filosofia da Ci\u00eancia; Filosofia da Ci\u00eancia e Metodologia Cient\u00edfica<\/span><\/td>\r\n<td class=\"cvagas\">01<\/td>\r\n<td class=\"cremuneracao\">R$ 0,00 \/40h<\/td>\r\n<\/tr><tr>\r\n<td class=\"ccargos\">\r\n<span data-balloon-length=\"medium\" aria-label=\"Engenheiro Agron\u00f4mo, Mestrado em Gen\u00e9tica e Melhoramento Vegetal e Doutorado em Gen\u00e9tica e Melhoramento Vegetal. Disserta\u00e7\u00e3o e tese defendidas em Melhoramento Vegetal.\" data-balloon-pos=\"up\">Professor de Magist\u00e9rio Superior - Melhoramento Vegetal\/Ci\u00eancias Agr\u00e1rias<\/span><\/td>\r\n<td class=\"cvagas\">01<\/td>\r\n<td class=\"cremuneracao\">R$ 0,00 \/40h<\/td>\r\n<\/tr><tr>\r\n<td class=\"ccargos\">\r\n<span data-balloon-length=\"medium\" aria-label=\"Gradua\u00e7\u00e3o em Letras Libras com Mestrado em Letras ou Lingu\u00edstica ou Ci\u00eancias da Linguagem ou em Ensino ou em Linguagem e Ensino ou em Estudos da Linguagem ou em Educa\u00e7\u00e3o ou em Estudos da Tradu\u00e7\u00e3o\" data-balloon-pos=\"up\">Professor de Magist\u00e9rio Superior - Aquisi\u00e7\u00e3o de Segunda L\u00edngua; Introdu\u00e7\u00e3o \u00e0 L\u00edngua Brasileira de Sinais; Tradu\u00e7\u00e3o e Interpreta\u00e7\u00e3o em Libras; Fundamentos da Educa\u00e7\u00e3o de Surdos; Libras - Estudos Avan\u00e7ados; Libras - Estudos Intermedi\u00e1rios I; Libras V; e Fonologia e Morfologia da L\u00edngua Brasileira de Sinais<\/span><\/td>\r\n<td class=\"cvagas\">01<\/td>\r\n<td class=\"cremuneracao\">R$ 0,00 \/40h<\/td>\r\n<\/tr><tr>\r\n<td class=\"ccargos\">\r\n<span data-balloon-length=\"medium\" aria-label=\"Gradua\u00e7\u00e3o em Medicina com Resid\u00eancia M\u00e9dica em Medicina de Fam\u00edlia e Comunidade reconhecida pelo MEC\" data-balloon-pos=\"up\">Professor de Magist\u00e9rio Superior - Medicina de Fam\u00edlia e Comunidade. Ensino tutorial. Educa\u00e7\u00e3o na comunidade. Ensino de Habilidades Cl\u00ednicas. Preceptoria nos servi\u00e7os hospitalares e ambulatoriais.<\/span><\/td>\r\n<td class=\"cvagas\">01<\/td>\r\n<td class=\"cremuneracao\">R$ 0,00 \/20h<\/td>\r\n<\/tr><tr>\r\n<td class=\"ccargos\">\r\n<span data-balloon-length=\"medium\" aria-label=\"Gradua\u00e7\u00e3o em Medicina com Resid\u00eancia M\u00e9dica em Cardiologia reconhecida pelo MEC\" data-balloon-pos=\"up\">Professor de Magist\u00e9rio Superior - Cardiologia. Semiologia Geral. Ensino tutorial. Educa\u00e7\u00e3o em sa\u00fade. Ensino de Habilidades Cl\u00ednicas. Preceptoria nos servi\u00e7os hospitalares e ambulatoriais<\/span><\/td>\r\n<td class=\"cvagas\">01<\/td>\r\n<td class=\"cremuneracao\">R$ 0,00 \/20h<\/td>\r\n<\/tr><tr>\r\n<td class=\"ccargos\">\r\n<span data-balloon-length=\"medium\" aria-label=\"Gradua\u00e7\u00e3o em Medicina com Resid\u00eancia em Cl\u00ednica M\u00e9dica ou Resid\u00eancia em Urg\u00eancia e Emerg\u00eancia ou Resid\u00eancia em Medicina intensiva\" data-balloon-pos=\"up\">Professor de Magist\u00e9rio Superior - Urg\u00eancia e Emerg\u00eancia. Medicina Intensiva. Semiologia Geral. Ensino tutorial. Educa\u00e7\u00e3o em sa\u00fade. Ensino de Habilidades Cl\u00ednicas. Preceptoria nos servi\u00e7os hospitalares e ambulatoriais<\/span><\/td>\r\n<td class=\"cvagas\">01<\/td>\r\n<td class=\"cremuneracao\">R$ 0,00 \/20h<\/td>\r\n<\/tr><tr>\r\n<td class=\"ccargos\">\r\n<span data-balloon-length=\"medium\" aria-label=\"Gradua\u00e7\u00e3o em Medicina com Resid\u00eancia M\u00e9dica em Psiquiatria reconhecida pelo MEC\" data-balloon-pos=\"up\">Professor de Magist\u00e9rio Superior - Psiquiatria. Semiologia Geral. Ensino tutorial. Educa\u00e7\u00e3o em sa\u00fade. Ensino de Habilidades Cl\u00ednicas. Preceptoria nos servi\u00e7os hospitalares e ambulatoriais<\/span><\/td>\r\n<td class=\"cvagas\">01<\/td>\r\n<td class=\"cremuneracao\">R$ 0,00 \/40h<\/td>\r\n<\/tr><tr>\r\n<td class=\"ccargos\">\r\n<span data-balloon-length=\"medium\" aria-label=\"Gradua\u00e7\u00e3o em Medicina com Resid\u00eancia M\u00e9dica em Medicina de Fam\u00edlia e Comunidade reconhecida pelo MEC\" data-balloon-pos=\"up\">Professor de Magist\u00e9rio Superior - Medicina de Fam\u00edlia e Comunidade. Ensino tutorial. Educa\u00e7\u00e3o na comunidade. Ensino de Habilidades Cl\u00ednicas. Preceptoria nos servi\u00e7os hospitalares e ambulatoriais.<\/span><\/td>\r\n<td class=\"cvagas\">01<\/td>\r\n<td class=\"cremuneracao\">R$ 0,00 \/40h<\/td>\r\n<\/tr><tr>\r\n<td class=\"ccargos\">\r\n<span data-balloon-length=\"medium\" aria-label=\"Gradua\u00e7\u00e3o em Medicina com Resid\u00eancia M\u00e9dica em Cl\u00ednica M\u00e9dica Reconhecida pelo MEC.\" data-balloon-pos=\"up\">Professor de Magist\u00e9rio Superior - Cl\u00ednica M\u00e9dica. Semiologia Geral. Ensino tutorial. Educa\u00e7\u00e3o em sa\u00fade. Ensino de Habilidades Cl\u00ednicas. Preceptoria nos servi\u00e7os hospitalares e ambulatoriais<\/span><\/td>\r\n<td class=\"cvagas\">01<\/td>\r\n<td class=\"cremuneracao\">R$ 0,00 \/40h<\/td>\r\n<\/tr><tr>\r\n<td class=\"ccargos\">\r\n<span data-balloon-length=\"medium\" aria-label=\"Gradua\u00e7\u00e3o em Medicina com Resid\u00eancia M\u00e9dica em Pediatria reconhecida pelo MEC\" data-balloon-pos=\"up\">Professor de Magist\u00e9rio Superior - Pediatria. Semiologia Geral. Ensino tutorial. Educa\u00e7\u00e3o em sa\u00fade. Ensino de Habilidades<\/span><\/td>\r\n<td class=\"cvagas\">01<\/td>\r\n<td class=\"cremuneracao\">R$ 0,00 \/40h<\/td>\r\n<\/tr><tr>\r\n<td class=\"ccargos\">\r\n<span data-balloon-length=\"medium\" aria-label=\"Gradua\u00e7\u00e3o em Psicologia e Doutorado em Psicologia ou Administra\u00e7\u00e3o\" data-balloon-pos=\"up\">Professor de Magist\u00e9rio Superior - Psicologia: Indiv\u00edduo, Trabalho e Organiza\u00e7\u00f5es; Aspectos Psicol\u00f3gicos do trabalho; e Lideran\u00e7a e Comportamento Humano<\/span><\/td>\r\n<td class=\"cvagas\">01<\/td>\r\n<td class=\"cremuneracao\">R$ 0,00 \/40h<\/td>\r\n<\/tr><tr>\r\n<td class=\"ccargos\">\r\n<span data-balloon-length=\"medium\" aria-label=\"Gradua\u00e7\u00e3o em Engenharia Civil com Doutorado em Engenharia Civil com \u00eanfase\/\u00e1rea de concentra\u00e7\u00e3o em Geot\u00e9cnica ou Doutorado em Geotecnia\" data-balloon-pos=\"up\">Professor de Magist\u00e9rio Superior - Geotecnia<\/span><\/td>\r\n<td class=\"cvagas\">01<\/td>\r\n<td class=\"cremuneracao\">R$ 0,00 \/40h<\/td>\r\n<\/tr><tr>\r\n<td class=\"ccargos\">\r\n<span data-balloon-length=\"medium\" aria-label=\"Gradua\u00e7\u00e3o em Letras (com habilita\u00e7\u00e3o em Portugu\u00eas ou Letras Portugu\u00eas e L\u00edngua Estrangeira Moderna ou em Letras-Portugu\u00eas e L\u00ednguas Cl\u00e1ssicas), com doutorado em Letras (Lingu\u00edstica ou Lingu\u00edstica Aplicada), ou em Lingu\u00edstica, ou em Lingu\u00edstica Aplicada, ou em L\u00edngua Portuguesa, ou em Ci\u00eancias da Linguagem (Lingu\u00edstica ou Lingu\u00edstica Aplicada), ou em Estudos da Linguagem (Lingu\u00edstica ou Lingu\u00edstica Aplicada).\" data-balloon-pos=\"up\">Professor de Magist\u00e9rio Superior - Sintaxe da L\u00edngua Portuguesa; Morfologia da L\u00edngua Portuguesa; Introdu\u00e7\u00e3o aos Estudos Lingu\u00edsticos; Introdu\u00e7\u00e3o aos Estudos Lingu\u00edsticos II; Sem\u00e2ntica e Pragm\u00e1tica; e Leitura e Produ\u00e7\u00e3o de Textos Acad\u00eamicos.<\/span><\/td>\r\n<td class=\"cvagas\">01<\/td>\r\n<td class=\"cremuneracao\">R$ 0,00 \/40h<\/td>\r\n<\/tr><tr>\r\n<td class=\"ccargos\">\r\n<span data-balloon-length=\"medium\" aria-label=\"Gradua\u00e7\u00e3o em Ci\u00eancias Biol\u00f3gicas ou Gradua\u00e7\u00e3o em Ecologia, com Doutorado na \u00e1rea de avalia\u00e7\u00e3o da CAPES: Ci\u00eancias Ambientais; Ci\u00eancias Biol\u00f3gicas III; Biodiversidade\" data-balloon-pos=\"up\">Professor de Magist\u00e9rio Superior - Ecologia; Microbiologia<\/span><\/td>\r\n<td class=\"cvagas\">01<\/td>\r\n<td class=\"cremuneracao\">R$ 0,00 \/40h<\/td>\r\n<\/tr><tr>\r\n<td class=\"ccargos\">\r\n<span data-balloon-length=\"medium\" aria-label=\"Gradua\u00e7\u00e3o em Bacharelado em Geografia; Bacharelado em Engenharia Cartogr\u00e1fica; Agronomia; Engenharia Agr\u00edcola; Engenharia de Agrimensura; ou Eng. Civil, Com Doutorado na \u00e1rea de avalia\u00e7\u00e3o da CAPES: Ci\u00eancias Ambientais; Doutorado em Geografia; ou Geografia f\u00edsica.\" data-balloon-pos=\"up\">Professor de Magist\u00e9rio Superior - Geoprocessamento; Pedologia; ou Cartografia<\/span><\/td>\r\n<td class=\"cvagas\">01<\/td>\r\n<td class=\"cremuneracao\">R$ 0,00 \/40h<\/td>\r\n<\/tr><tr>\r\n<td class=\"ccargos\">\r\n<span data-balloon-length=\"medium\" aria-label=\"Gradua\u00e7\u00e3o em Matem\u00e1tica com Doutorado em Matem\u00e1tica\" data-balloon-pos=\"up\">Professor de Magist\u00e9rio Superior - C\u00e1lculo Diferencial e Integral, Geometria Anal\u00edtica e \u00c1lgebra Linear, Equa\u00e7\u00f5es Diferenciais<\/span><\/td>\r\n<td class=\"cvagas\">01<\/td>\r\n<td class=\"cremuneracao\">R$ 0,00 \/40h<\/td>\r\n<\/tr><tr>\r\n<td class=\"ccargos\">\r\n<span data-balloon-length=\"medium\" aria-label=\"Gradua\u00e7\u00e3o em Ci\u00eancias Biol\u00f3gicas; Ecologia; Curso Superior de Tecnologia em Gest\u00e3o Ambiental; Bacharelado em Gest\u00e3o Ambiental; ou Engenharia Florestal, com Mestrado ou Doutorado na \u00e1rea de avalia\u00e7\u00e3o da CAPES: Ci\u00eancias Ambientais\" data-balloon-pos=\"up\">Professor de Magist\u00e9rio Superior - Servi\u00e7os Ecossist\u00eamicos da paisagem rural; Gest\u00e3o de \u00c1reas Protegidas; Educa\u00e7\u00e3o Ambiental; ou Biodiversidade.<\/span><\/td>\r\n<td class=\"cvagas\">01<\/td>\r\n<td class=\"cremuneracao\">R$ 0,00 \/40h<\/td>\r\n<\/tr>\r\n    <\/tbody>\r\n  <\/table>\r\n<\/div>"},"_links":{"self":[{"href":"https:\/\/www.agrobase.com.br\/concursos\/wp-json\/wp\/v2\/posts\/275311","targetHints":{"allow":["GET"]}}],"collection":[{"href":"https:\/\/www.agrobase.com.br\/concursos\/wp-json\/wp\/v2\/posts"}],"about":[{"href":"https:\/\/www.agrobase.com.br\/concursos\/wp-json\/wp\/v2\/types\/post"}],"author":[{"embeddable":true,"href":"https:\/\/www.agrobase.com.br\/concursos\/wp-json\/wp\/v2\/users\/5229"}],"replies":[{"embeddable":true,"href":"https:\/\/www.agrobase.com.br\/concursos\/wp-json\/wp\/v2\/comments?post=275311"}],"version-history":[{"count":3,"href":"https:\/\/www.agrobase.com.br\/concursos\/wp-json\/wp\/v2\/posts\/275311\/revisions"}],"predecessor-version":[{"id":275351,"href":"https:\/\/www.agrobase.com.br\/concursos\/wp-json\/wp\/v2\/posts\/275311\/revisions\/275351"}],"wp:featuredmedia":[{"embeddable":true,"href":"https:\/\/www.agrobase.com.br\/concursos\/wp-json\/wp\/v2\/media\/275310"}],"wp:attachment":[{"href":"https:\/\/www.agrobase.com.br\/concursos\/wp-json\/wp\/v2\/media?parent=275311"}],"wp:term":[{"taxonomy":"category","embeddable":true,"href":"https:\/\/www.agrobase.com.br\/concursos\/wp-json\/wp\/v2\/categories?post=275311"},{"taxonomy":"post_tag","embeddable":true,"href":"https:\/\/www.agrobase.com.br\/concursos\/wp-json\/wp\/v2\/tags?post=275311"},{"taxonomy":"_amplo","embeddable":true,"href":"https:\/\/www.agrobase.com.br\/concursos\/wp-json\/wp\/v2\/_amplo?post=275311"},{"taxonomy":"destaque","embeddable":true,"href":"https:\/\/www.agrobase.com.br\/concursos\/wp-json\/wp\/v2\/destaque?post=275311"},{"taxonomy":"instituicoes","embeddable":true,"href":"https:\/\/www.agrobase.com.br\/concursos\/wp-json\/wp\/v2\/instituicoes?post=275311"}],"curies":[{"name":"wp","href":"https:\/\/api.w.org\/{rel}","templated":true}]}}